{"id":20921,"date":"2023-02-15T15:55:24","date_gmt":"2023-02-15T20:55:24","guid":{"rendered":"https:\/\/prefecturadeesmeraldas.gob.ec\/?p=20921"},"modified":"2023-02-15T15:58:55","modified_gmt":"2023-02-15T20:58:55","slug":"prefecta-y-viceprefecto-recorren-obras-que-ejecuta-la-institucion-en-los-7-cantones","status":"publish","type":"post","link":"https:\/\/prefecturadeesmeraldas.gob.ec\/index.php\/2023\/02\/15\/prefecta-y-viceprefecto-recorren-obras-que-ejecuta-la-institucion-en-los-7-cantones\/","title":{"rendered":"<strong>Prefecta y Viceprefecto recorren obras que ejecuta la instituci\u00f3n en los 7 cantones.<\/strong>"},"content":{"rendered":"\t\t<div data-elementor-type=\"wp-post\" data-elementor-id=\"20921\" class=\"elementor elementor-20921\">\n\t\t\t\t<div class=\"elementor-element elementor-element-a1dc431 e-flex e-con-boxed e-con e-parent\" data-id=\"a1dc431\" data-element_type=\"container\">\n\t\t\t\t\t<div class=\"e-con-inner\">\n\t\t\t\t<div class=\"elementor-element elementor-element-8ffe02c elementor-widget elementor-widget-image\" data-id=\"8ffe02c\" data-element_type=\"widget\" data-widget_type=\"image.default\">\n\t\t\t\t<div class=\"elementor-widget-container\">\n\t\t\t\t\t\t\t\t\t\t\t\t\t\t\t<img fetchpriority=\"high\" decoding=\"async\" width=\"1066\" height=\"1066\" src=\"https:\/\/prefecturadeesmeraldas.gob.ec\/wp-content\/uploads\/2023\/02\/WhatsApp-Image-2023-02-15-at-08.52.29-1.jpeg\" class=\"attachment-large size-large wp-image-20924\" alt=\"\" srcset=\"https:\/\/prefecturadeesmeraldas.gob.ec\/wp-content\/uploads\/2023\/02\/WhatsApp-Image-2023-02-15-at-08.52.29-1.jpeg 1066w, https:\/\/prefecturadeesmeraldas.gob.ec\/wp-content\/uploads\/2023\/02\/WhatsApp-Image-2023-02-15-at-08.52.29-1-300x300.jpeg 300w, https:\/\/prefecturadeesmeraldas.gob.ec\/wp-content\/uploads\/2023\/02\/WhatsApp-Image-2023-02-15-at-08.52.29-1-150x150.jpeg 150w, https:\/\/prefecturadeesmeraldas.gob.ec\/wp-content\/uploads\/2023\/02\/WhatsApp-Image-2023-02-15-at-08.52.29-1-768x768.jpeg 768w, https:\/\/prefecturadeesmeraldas.gob.ec\/wp-content\/uploads\/2023\/02\/WhatsApp-Image-2023-02-15-at-08.52.29-1-440x440.jpeg 440w, https:\/\/prefecturadeesmeraldas.gob.ec\/wp-content\/uploads\/2023\/02\/WhatsApp-Image-2023-02-15-at-08.52.29-1-180x180.jpeg 180w, https:\/\/prefecturadeesmeraldas.gob.ec\/wp-content\/uploads\/2023\/02\/WhatsApp-Image-2023-02-15-at-08.52.29-1-120x120.jpeg 120w\" sizes=\"(max-width: 1066px) 100vw, 1066px\" \/>\t\t\t\t\t\t\t\t\t\t\t\t\t\t\t<\/div>\n\t\t\t\t<\/div>\n\t\t\t\t\t<\/div>\n\t\t\t\t<\/div>\n\t\t<div class=\"elementor-element elementor-element-1649673 e-flex e-con-boxed e-con e-parent\" data-id=\"1649673\" data-element_type=\"container\">\n\t\t\t\t\t<div class=\"e-con-inner\">\n\t\t\t\t<div class=\"elementor-element elementor-element-7aa73aa elementor-widget elementor-widget-text-editor\" data-id=\"7aa73aa\" data-element_type=\"widget\" data-widget_type=\"text-editor.default\">\n\t\t\t\t<div class=\"elementor-widget-container\">\n\t\t\t\t\t\t\t\t\t<p>Inspeccionando el mejoramiento de la v\u00eda E15 \u2013 \u2018Y\u2019 de Las Pe\u00f1as \u2013 La Tola, el equipo conformado por <strong>Roberta Zambrano<\/strong>, Prefecta de Esmeraldas y <strong>C\u00e9sar Pimentel<\/strong>, Viceprefecto, afirmaron seguir dise\u00f1ando, gestionando y ejecutando obras de infraestructura que permitan mejorar las condiciones de vida de la poblaci\u00f3n, tal y como ha sido destacada su administraci\u00f3n.<\/p><p>Durante una reciente entrevista transmitida en medios nacionales, la hoy reelecta como Prefecta, abogada Roberta Zambrano, afirm\u00f3 tener una valiosa experiencia tras 45 meses en el cargo y mencion\u00f3 que, su compromiso es el de seguir promoviendo el desarrollo de la provincia con obras definitivas y de calidad. Opini\u00f3n QUE FUE avalada por Carlos Vera, reconocido periodista.<\/p><p>Entre las obras nuevas para la provincia dio a conocer que, a trav\u00e9s de un cr\u00e9dito ya aprobado por cerca de <strong>11 millones con el Banco de Desarrollo del Ecuador, la rehabilitaci\u00f3n de la v\u00eda Playa del Muerto, \u2018Y\u2019 de San Ana \u2013 Corremono \u2013 Nuevo Azuay, la rehabilitaci\u00f3n de la v\u00eda El Mirador \u2013 Uni\u00f3n Manabita, la construcci\u00f3n del puente sobre el r\u00edo Majua, y la construcci\u00f3n del puente sobre el r\u00edo Viche en el sector Pircuta<\/strong>, ser\u00e1n una realidad en este 2023.<\/p><p>A eso sum\u00f3 la rehabilitaci\u00f3n de la Chigue \u2013 Casa de Mono, la rehabilitaci\u00f3n de la v\u00eda E20 \u2013 Herrera y la rehabilitaci\u00f3n de la v\u00eda Viche \u2013 El Albe \u2013 La Chorrera, como nuevas obras ejecutadas durante el presente a\u00f1o junto a PETROECUADOR, haciendo frente al irrisorio presupuesto que asigna el estado, afirm\u00f3.<\/p>\t\t\t\t\t\t\t\t<\/div>\n\t\t\t\t<\/div>\n\t\t\t\t\t<\/div>\n\t\t\t\t<\/div>\n\t\t\t\t<\/div>\n\t\t","protected":false},"excerpt":{"rendered":"<p>Inspeccionando el mejoramiento de la v\u00eda E15 \u2013 \u2018Y\u2019 de Las Pe\u00f1as \u2013 La Tola, el equipo conformado por Roberta Zambrano, Prefecta de Esmeraldas y C\u00e9sar Pimentel, Viceprefecto, afirmaron seguir dise\u00f1ando, gestionando y ejecutando obras de infraestructura que permitan mejorar las condiciones de vida de la poblaci\u00f3n, tal y como ha sido destacada su administraci\u00f3n. [&hellip;]<\/p>\n","protected":false},"author":2,"featured_media":20923,"comment_status":"closed","ping_status":"open","sticky":false,"template":"","format":"standard","meta":{"footnotes":""},"categories":[14],"tags":[],"class_list":["post-20921","post","type-post","status-publish","format-standard","has-post-thumbnail","hentry","category-vialidad"],"yoast_head":"<!-- This site is optimized with the Yoast SEO plugin v25.7 - https:\/\/yoast.com\/wordpress\/plugins\/seo\/ -->\n<title>Prefecta y Viceprefecto recorren obras que ejecuta la instituci\u00f3n en los 7 cantones. - Gobierno Aut\u00f3nomo Descentralizado de la Provincia de Esmeraldas<\/title>\n<meta name=\"description\" content=\"Inspeccionando el mejoramiento de la v\u00eda E15 \u2013 \u2018Y\u2019 de Las Pe\u00f1as \u2013 La Tola, el equipo conformado por Roberta Zambrano, Prefecta de Esmeraldas y C\u00e9sar Pimentel, Viceprefecto, afirmaron seguir dise\u00f1ando, gestionando y ejecutando obras de infraestructura que permitan mejorar las condiciones de vida de la poblaci\u00f3n, tal y como ha sido destacada su administraci\u00f3n.\" \/>\n<meta name=\"robots\" content=\"index, follow, max-snippet:-1, max-image-preview:large, max-video-preview:-1\" \/>\n<link rel=\"canonical\" href=\"https:\/\/prefecturadeesmeraldas.gob.ec\/index.php\/2023\/02\/15\/prefecta-y-viceprefecto-recorren-obras-que-ejecuta-la-institucion-en-los-7-cantones\/\" \/>\n<meta property=\"og:locale\" content=\"es_ES\" \/>\n<meta property=\"og:type\" content=\"article\" \/>\n<meta property=\"og:title\" content=\"Prefecta y Viceprefecto recorren obras que ejecuta la instituci\u00f3n en los 7 cantones. - Gobierno Aut\u00f3nomo Descentralizado de la Provincia de Esmeraldas\" \/>\n<meta property=\"og:description\" content=\"Inspeccionando el mejoramiento de la v\u00eda E15 \u2013 \u2018Y\u2019 de Las Pe\u00f1as \u2013 La Tola, el equipo conformado por Roberta Zambrano, Prefecta de Esmeraldas y C\u00e9sar Pimentel, Viceprefecto, afirmaron seguir dise\u00f1ando, gestionando y ejecutando obras de infraestructura que permitan mejorar las condiciones de vida de la poblaci\u00f3n, tal y como ha sido destacada su administraci\u00f3n.\" \/>\n<meta property=\"og:url\" content=\"https:\/\/prefecturadeesmeraldas.gob.ec\/index.php\/2023\/02\/15\/prefecta-y-viceprefecto-recorren-obras-que-ejecuta-la-institucion-en-los-7-cantones\/\" \/>\n<meta property=\"og:site_name\" content=\"Gobierno Aut\u00f3nomo Descentralizado de la Provincia de Esmeraldas\" \/>\n<meta property=\"article:publisher\" content=\"https:\/\/www.facebook.com\/PrefecturaEsmeraldas\/\" \/>\n<meta property=\"article:published_time\" content=\"2023-02-15T20:55:24+00:00\" \/>\n<meta property=\"article:modified_time\" content=\"2023-02-15T20:58:55+00:00\" \/>\n<meta property=\"og:image\" content=\"https:\/\/prefecturadeesmeraldas.gob.ec\/wp-content\/uploads\/2023\/02\/WhatsApp-Image-2023-02-15-at-08.52.30-1.jpeg\" \/>\n\t<meta property=\"og:image:width\" content=\"1066\" \/>\n\t<meta property=\"og:image:height\" content=\"1066\" \/>\n\t<meta property=\"og:image:type\" content=\"image\/jpeg\" \/>\n<meta name=\"author\" content=\"Direcci\u00f3n de Comunicaci\u00f3n\" \/>\n<meta name=\"twitter:card\" content=\"summary_large_image\" \/>\n<meta name=\"twitter:label1\" content=\"Escrito por\" \/>\n\t<meta name=\"twitter:data1\" content=\"Direcci\u00f3n de Comunicaci\u00f3n\" \/>\n\t<meta name=\"twitter:label2\" content=\"Tiempo de lectura\" \/>\n\t<meta name=\"twitter:data2\" content=\"2 minutos\" \/>\n<script type=\"application\/ld+json\" class=\"yoast-schema-graph\">{\"@context\":\"https:\/\/schema.org\",\"@graph\":[{\"@type\":\"Article\",\"@id\":\"https:\/\/prefecturadeesmeraldas.gob.ec\/index.php\/2023\/02\/15\/prefecta-y-viceprefecto-recorren-obras-que-ejecuta-la-institucion-en-los-7-cantones\/#article\",\"isPartOf\":{\"@id\":\"https:\/\/prefecturadeesmeraldas.gob.ec\/index.php\/2023\/02\/15\/prefecta-y-viceprefecto-recorren-obras-que-ejecuta-la-institucion-en-los-7-cantones\/\"},\"author\":{\"name\":\"Direcci\u00f3n de Comunicaci\u00f3n\",\"@id\":\"https:\/\/prefecturadeesmeraldas.gob.ec\/#\/schema\/person\/b0c9e7b1ead7725994d1e319e8825234\"},\"headline\":\"Prefecta y Viceprefecto recorren obras que ejecuta la instituci\u00f3n en los 7 cantones.\",\"datePublished\":\"2023-02-15T20:55:24+00:00\",\"dateModified\":\"2023-02-15T20:58:55+00:00\",\"mainEntityOfPage\":{\"@id\":\"https:\/\/prefecturadeesmeraldas.gob.ec\/index.php\/2023\/02\/15\/prefecta-y-viceprefecto-recorren-obras-que-ejecuta-la-institucion-en-los-7-cantones\/\"},\"wordCount\":276,\"publisher\":{\"@id\":\"https:\/\/prefecturadeesmeraldas.gob.ec\/#organization\"},\"image\":{\"@id\":\"https:\/\/prefecturadeesmeraldas.gob.ec\/index.php\/2023\/02\/15\/prefecta-y-viceprefecto-recorren-obras-que-ejecuta-la-institucion-en-los-7-cantones\/#primaryimage\"},\"thumbnailUrl\":\"https:\/\/prefecturadeesmeraldas.gob.ec\/wp-content\/uploads\/2023\/02\/WhatsApp-Image-2023-02-15-at-08.52.30-1.jpeg\",\"articleSection\":[\"Vialidad\"],\"inLanguage\":\"es\"},{\"@type\":\"WebPage\",\"@id\":\"https:\/\/prefecturadeesmeraldas.gob.ec\/index.php\/2023\/02\/15\/prefecta-y-viceprefecto-recorren-obras-que-ejecuta-la-institucion-en-los-7-cantones\/\",\"url\":\"https:\/\/prefecturadeesmeraldas.gob.ec\/index.php\/2023\/02\/15\/prefecta-y-viceprefecto-recorren-obras-que-ejecuta-la-institucion-en-los-7-cantones\/\",\"name\":\"Prefecta y Viceprefecto recorren obras que ejecuta la instituci\u00f3n en los 7 cantones. - Gobierno Aut\u00f3nomo Descentralizado de la Provincia de Esmeraldas\",\"isPartOf\":{\"@id\":\"https:\/\/prefecturadeesmeraldas.gob.ec\/#website\"},\"primaryImageOfPage\":{\"@id\":\"https:\/\/prefecturadeesmeraldas.gob.ec\/index.php\/2023\/02\/15\/prefecta-y-viceprefecto-recorren-obras-que-ejecuta-la-institucion-en-los-7-cantones\/#primaryimage\"},\"image\":{\"@id\":\"https:\/\/prefecturadeesmeraldas.gob.ec\/index.php\/2023\/02\/15\/prefecta-y-viceprefecto-recorren-obras-que-ejecuta-la-institucion-en-los-7-cantones\/#primaryimage\"},\"thumbnailUrl\":\"https:\/\/prefecturadeesmeraldas.gob.ec\/wp-content\/uploads\/2023\/02\/WhatsApp-Image-2023-02-15-at-08.52.30-1.jpeg\",\"datePublished\":\"2023-02-15T20:55:24+00:00\",\"dateModified\":\"2023-02-15T20:58:55+00:00\",\"description\":\"Inspeccionando el mejoramiento de la v\u00eda E15 \u2013 \u2018Y\u2019 de Las Pe\u00f1as \u2013 La Tola, el equipo conformado por Roberta Zambrano, Prefecta de Esmeraldas y C\u00e9sar Pimentel, Viceprefecto, afirmaron seguir dise\u00f1ando, gestionando y ejecutando obras de infraestructura que permitan mejorar las condiciones de vida de la poblaci\u00f3n, tal y como ha sido destacada su administraci\u00f3n.\",\"breadcrumb\":{\"@id\":\"https:\/\/prefecturadeesmeraldas.gob.ec\/index.php\/2023\/02\/15\/prefecta-y-viceprefecto-recorren-obras-que-ejecuta-la-institucion-en-los-7-cantones\/#breadcrumb\"},\"inLanguage\":\"es\",\"potentialAction\":[{\"@type\":\"ReadAction\",\"target\":[\"https:\/\/prefecturadeesmeraldas.gob.ec\/index.php\/2023\/02\/15\/prefecta-y-viceprefecto-recorren-obras-que-ejecuta-la-institucion-en-los-7-cantones\/\"]}]},{\"@type\":\"ImageObject\",\"inLanguage\":\"es\",\"@id\":\"https:\/\/prefecturadeesmeraldas.gob.ec\/index.php\/2023\/02\/15\/prefecta-y-viceprefecto-recorren-obras-que-ejecuta-la-institucion-en-los-7-cantones\/#primaryimage\",\"url\":\"https:\/\/prefecturadeesmeraldas.gob.ec\/wp-content\/uploads\/2023\/02\/WhatsApp-Image-2023-02-15-at-08.52.30-1.jpeg\",\"contentUrl\":\"https:\/\/prefecturadeesmeraldas.gob.ec\/wp-content\/uploads\/2023\/02\/WhatsApp-Image-2023-02-15-at-08.52.30-1.jpeg\",\"width\":1066,\"height\":1066},{\"@type\":\"BreadcrumbList\",\"@id\":\"https:\/\/prefecturadeesmeraldas.gob.ec\/index.php\/2023\/02\/15\/prefecta-y-viceprefecto-recorren-obras-que-ejecuta-la-institucion-en-los-7-cantones\/#breadcrumb\",\"itemListElement\":[{\"@type\":\"ListItem\",\"position\":1,\"name\":\"Home\",\"item\":\"https:\/\/prefecturadeesmeraldas.gob.ec\/\"},{\"@type\":\"ListItem\",\"position\":2,\"name\":\"Prefecta y Viceprefecto recorren obras que ejecuta la instituci\u00f3n en los 7 cantones.\"}]},{\"@type\":\"WebSite\",\"@id\":\"https:\/\/prefecturadeesmeraldas.gob.ec\/#website\",\"url\":\"https:\/\/prefecturadeesmeraldas.gob.ec\/\",\"name\":\"Gobierno Aut\u00f3nomo Descentralizado de la Provincia de Esmeraldas\",\"description\":\"Gobierno Aut\u00f3nomo Descentralizado de la Provincia de Esmeraldas\",\"publisher\":{\"@id\":\"https:\/\/prefecturadeesmeraldas.gob.ec\/#organization\"},\"potentialAction\":[{\"@type\":\"SearchAction\",\"target\":{\"@type\":\"EntryPoint\",\"urlTemplate\":\"https:\/\/prefecturadeesmeraldas.gob.ec\/?s={search_term_string}\"},\"query-input\":{\"@type\":\"PropertyValueSpecification\",\"valueRequired\":true,\"valueName\":\"search_term_string\"}}],\"inLanguage\":\"es\"},{\"@type\":\"Organization\",\"@id\":\"https:\/\/prefecturadeesmeraldas.gob.ec\/#organization\",\"name\":\"Gobierno Aut\u00f3nomo Descentralizado de la Provincia de Esmeraldas\",\"url\":\"https:\/\/prefecturadeesmeraldas.gob.ec\/\",\"logo\":{\"@type\":\"ImageObject\",\"inLanguage\":\"es\",\"@id\":\"https:\/\/prefecturadeesmeraldas.gob.ec\/#\/schema\/logo\/image\/\",\"url\":\"https:\/\/prefecturadeesmeraldas.gob.ec\/wp-content\/uploads\/2019\/06\/logo.png\",\"contentUrl\":\"https:\/\/prefecturadeesmeraldas.gob.ec\/wp-content\/uploads\/2019\/06\/logo.png\",\"width\":859,\"height\":448,\"caption\":\"Gobierno Aut\u00f3nomo Descentralizado de la Provincia de Esmeraldas\"},\"image\":{\"@id\":\"https:\/\/prefecturadeesmeraldas.gob.ec\/#\/schema\/logo\/image\/\"},\"sameAs\":[\"https:\/\/www.facebook.com\/PrefecturaEsmeraldas\/\"]},{\"@type\":\"Person\",\"@id\":\"https:\/\/prefecturadeesmeraldas.gob.ec\/#\/schema\/person\/b0c9e7b1ead7725994d1e319e8825234\",\"name\":\"Direcci\u00f3n de Comunicaci\u00f3n\",\"image\":{\"@type\":\"ImageObject\",\"inLanguage\":\"es\",\"@id\":\"https:\/\/prefecturadeesmeraldas.gob.ec\/#\/schema\/person\/image\/\",\"url\":\"https:\/\/secure.gravatar.com\/avatar\/74a3870a946f5d774ade3569af61a72308e07ad3346f370c4b468ee2a9858658?s=96&d=mm&r=g\",\"contentUrl\":\"https:\/\/secure.gravatar.com\/avatar\/74a3870a946f5d774ade3569af61a72308e07ad3346f370c4b468ee2a9858658?s=96&d=mm&r=g\",\"caption\":\"Direcci\u00f3n de Comunicaci\u00f3n\"}}]}<\/script>\n<!-- \/ Yoast SEO plugin. -->","yoast_head_json":{"title":"Prefecta y Viceprefecto recorren obras que ejecuta la instituci\u00f3n en los 7 cantones. - Gobierno Aut\u00f3nomo Descentralizado de la Provincia de Esmeraldas","description":"Inspeccionando el mejoramiento de la v\u00eda E15 \u2013 \u2018Y\u2019 de Las Pe\u00f1as \u2013 La Tola, el equipo conformado por Roberta Zambrano, Prefecta de Esmeraldas y C\u00e9sar Pimentel, Viceprefecto, afirmaron seguir dise\u00f1ando, gestionando y ejecutando obras de infraestructura que permitan mejorar las condiciones de vida de la poblaci\u00f3n, tal y como ha sido destacada su administraci\u00f3n.","robots":{"index":"index","follow":"follow","max-snippet":"max-snippet:-1","max-image-preview":"max-image-preview:large","max-video-preview":"max-video-preview:-1"},"canonical":"https:\/\/prefecturadeesmeraldas.gob.ec\/index.php\/2023\/02\/15\/prefecta-y-viceprefecto-recorren-obras-que-ejecuta-la-institucion-en-los-7-cantones\/","og_locale":"es_ES","og_type":"article","og_title":"Prefecta y Viceprefecto recorren obras que ejecuta la instituci\u00f3n en los 7 cantones. - Gobierno Aut\u00f3nomo Descentralizado de la Provincia de Esmeraldas","og_description":"Inspeccionando el mejoramiento de la v\u00eda E15 \u2013 \u2018Y\u2019 de Las Pe\u00f1as \u2013 La Tola, el equipo conformado por Roberta Zambrano, Prefecta de Esmeraldas y C\u00e9sar Pimentel, Viceprefecto, afirmaron seguir dise\u00f1ando, gestionando y ejecutando obras de infraestructura que permitan mejorar las condiciones de vida de la poblaci\u00f3n, tal y como ha sido destacada su administraci\u00f3n.","og_url":"https:\/\/prefecturadeesmeraldas.gob.ec\/index.php\/2023\/02\/15\/prefecta-y-viceprefecto-recorren-obras-que-ejecuta-la-institucion-en-los-7-cantones\/","og_site_name":"Gobierno Aut\u00f3nomo Descentralizado de la Provincia de Esmeraldas","article_publisher":"https:\/\/www.facebook.com\/PrefecturaEsmeraldas\/","article_published_time":"2023-02-15T20:55:24+00:00","article_modified_time":"2023-02-15T20:58:55+00:00","og_image":[{"width":1066,"height":1066,"url":"https:\/\/prefecturadeesmeraldas.gob.ec\/wp-content\/uploads\/2023\/02\/WhatsApp-Image-2023-02-15-at-08.52.30-1.jpeg","type":"image\/jpeg"}],"author":"Direcci\u00f3n de Comunicaci\u00f3n","twitter_card":"summary_large_image","twitter_misc":{"Escrito por":"Direcci\u00f3n de Comunicaci\u00f3n","Tiempo de lectura":"2 minutos"},"schema":{"@context":"https:\/\/schema.org","@graph":[{"@type":"Article","@id":"https:\/\/prefecturadeesmeraldas.gob.ec\/index.php\/2023\/02\/15\/prefecta-y-viceprefecto-recorren-obras-que-ejecuta-la-institucion-en-los-7-cantones\/#article","isPartOf":{"@id":"https:\/\/prefecturadeesmeraldas.gob.ec\/index.php\/2023\/02\/15\/prefecta-y-viceprefecto-recorren-obras-que-ejecuta-la-institucion-en-los-7-cantones\/"},"author":{"name":"Direcci\u00f3n de Comunicaci\u00f3n","@id":"https:\/\/prefecturadeesmeraldas.gob.ec\/#\/schema\/person\/b0c9e7b1ead7725994d1e319e8825234"},"headline":"Prefecta y Viceprefecto recorren obras que ejecuta la instituci\u00f3n en los 7 cantones.","datePublished":"2023-02-15T20:55:24+00:00","dateModified":"2023-02-15T20:58:55+00:00","mainEntityOfPage":{"@id":"https:\/\/prefecturadeesmeraldas.gob.ec\/index.php\/2023\/02\/15\/prefecta-y-viceprefecto-recorren-obras-que-ejecuta-la-institucion-en-los-7-cantones\/"},"wordCount":276,"publisher":{"@id":"https:\/\/prefecturadeesmeraldas.gob.ec\/#organization"},"image":{"@id":"https:\/\/prefecturadeesmeraldas.gob.ec\/index.php\/2023\/02\/15\/prefecta-y-viceprefecto-recorren-obras-que-ejecuta-la-institucion-en-los-7-cantones\/#primaryimage"},"thumbnailUrl":"https:\/\/prefecturadeesmeraldas.gob.ec\/wp-content\/uploads\/2023\/02\/WhatsApp-Image-2023-02-15-at-08.52.30-1.jpeg","articleSection":["Vialidad"],"inLanguage":"es"},{"@type":"WebPage","@id":"https:\/\/prefecturadeesmeraldas.gob.ec\/index.php\/2023\/02\/15\/prefecta-y-viceprefecto-recorren-obras-que-ejecuta-la-institucion-en-los-7-cantones\/","url":"https:\/\/prefecturadeesmeraldas.gob.ec\/index.php\/2023\/02\/15\/prefecta-y-viceprefecto-recorren-obras-que-ejecuta-la-institucion-en-los-7-cantones\/","name":"Prefecta y Viceprefecto recorren obras que ejecuta la instituci\u00f3n en los 7 cantones. - Gobierno Aut\u00f3nomo Descentralizado de la Provincia de Esmeraldas","isPartOf":{"@id":"https:\/\/prefecturadeesmeraldas.gob.ec\/#website"},"primaryImageOfPage":{"@id":"https:\/\/prefecturadeesmeraldas.gob.ec\/index.php\/2023\/02\/15\/prefecta-y-viceprefecto-recorren-obras-que-ejecuta-la-institucion-en-los-7-cantones\/#primaryimage"},"image":{"@id":"https:\/\/prefecturadeesmeraldas.gob.ec\/index.php\/2023\/02\/15\/prefecta-y-viceprefecto-recorren-obras-que-ejecuta-la-institucion-en-los-7-cantones\/#primaryimage"},"thumbnailUrl":"https:\/\/prefecturadeesmeraldas.gob.ec\/wp-content\/uploads\/2023\/02\/WhatsApp-Image-2023-02-15-at-08.52.30-1.jpeg","datePublished":"2023-02-15T20:55:24+00:00","dateModified":"2023-02-15T20:58:55+00:00","description":"Inspeccionando el mejoramiento de la v\u00eda E15 \u2013 \u2018Y\u2019 de Las Pe\u00f1as \u2013 La Tola, el equipo conformado por Roberta Zambrano, Prefecta de Esmeraldas y C\u00e9sar Pimentel, Viceprefecto, afirmaron seguir dise\u00f1ando, gestionando y ejecutando obras de infraestructura que permitan mejorar las condiciones de vida de la poblaci\u00f3n, tal y como ha sido destacada su administraci\u00f3n.","breadcrumb":{"@id":"https:\/\/prefecturadeesmeraldas.gob.ec\/index.php\/2023\/02\/15\/prefecta-y-viceprefecto-recorren-obras-que-ejecuta-la-institucion-en-los-7-cantones\/#breadcrumb"},"inLanguage":"es","potentialAction":[{"@type":"ReadAction","target":["https:\/\/prefecturadeesmeraldas.gob.ec\/index.php\/2023\/02\/15\/prefecta-y-viceprefecto-recorren-obras-que-ejecuta-la-institucion-en-los-7-cantones\/"]}]},{"@type":"ImageObject","inLanguage":"es","@id":"https:\/\/prefecturadeesmeraldas.gob.ec\/index.php\/2023\/02\/15\/prefecta-y-viceprefecto-recorren-obras-que-ejecuta-la-institucion-en-los-7-cantones\/#primaryimage","url":"https:\/\/prefecturadeesmeraldas.gob.ec\/wp-content\/uploads\/2023\/02\/WhatsApp-Image-2023-02-15-at-08.52.30-1.jpeg","contentUrl":"https:\/\/prefecturadeesmeraldas.gob.ec\/wp-content\/uploads\/2023\/02\/WhatsApp-Image-2023-02-15-at-08.52.30-1.jpeg","width":1066,"height":1066},{"@type":"BreadcrumbList","@id":"https:\/\/prefecturadeesmeraldas.gob.ec\/index.php\/2023\/02\/15\/prefecta-y-viceprefecto-recorren-obras-que-ejecuta-la-institucion-en-los-7-cantones\/#breadcrumb","itemListElement":[{"@type":"ListItem","position":1,"name":"Home","item":"https:\/\/prefecturadeesmeraldas.gob.ec\/"},{"@type":"ListItem","position":2,"name":"Prefecta y Viceprefecto recorren obras que ejecuta la instituci\u00f3n en los 7 cantones."}]},{"@type":"WebSite","@id":"https:\/\/prefecturadeesmeraldas.gob.ec\/#website","url":"https:\/\/prefecturadeesmeraldas.gob.ec\/","name":"Gobierno Aut\u00f3nomo Descentralizado de la Provincia de Esmeraldas","description":"Gobierno Aut\u00f3nomo Descentralizado de la Provincia de Esmeraldas","publisher":{"@id":"https:\/\/prefecturadeesmeraldas.gob.ec\/#organization"},"potentialAction":[{"@type":"SearchAction","target":{"@type":"EntryPoint","urlTemplate":"https:\/\/prefecturadeesmeraldas.gob.ec\/?s={search_term_string}"},"query-input":{"@type":"PropertyValueSpecification","valueRequired":true,"valueName":"search_term_string"}}],"inLanguage":"es"},{"@type":"Organization","@id":"https:\/\/prefecturadeesmeraldas.gob.ec\/#organization","name":"Gobierno Aut\u00f3nomo Descentralizado de la Provincia de Esmeraldas","url":"https:\/\/prefecturadeesmeraldas.gob.ec\/","logo":{"@type":"ImageObject","inLanguage":"es","@id":"https:\/\/prefecturadeesmeraldas.gob.ec\/#\/schema\/logo\/image\/","url":"https:\/\/prefecturadeesmeraldas.gob.ec\/wp-content\/uploads\/2019\/06\/logo.png","contentUrl":"https:\/\/prefecturadeesmeraldas.gob.ec\/wp-content\/uploads\/2019\/06\/logo.png","width":859,"height":448,"caption":"Gobierno Aut\u00f3nomo Descentralizado de la Provincia de Esmeraldas"},"image":{"@id":"https:\/\/prefecturadeesmeraldas.gob.ec\/#\/schema\/logo\/image\/"},"sameAs":["https:\/\/www.facebook.com\/PrefecturaEsmeraldas\/"]},{"@type":"Person","@id":"https:\/\/prefecturadeesmeraldas.gob.ec\/#\/schema\/person\/b0c9e7b1ead7725994d1e319e8825234","name":"Direcci\u00f3n de Comunicaci\u00f3n","image":{"@type":"ImageObject","inLanguage":"es","@id":"https:\/\/prefecturadeesmeraldas.gob.ec\/#\/schema\/person\/image\/","url":"https:\/\/secure.gravatar.com\/avatar\/74a3870a946f5d774ade3569af61a72308e07ad3346f370c4b468ee2a9858658?s=96&d=mm&r=g","contentUrl":"https:\/\/secure.gravatar.com\/avatar\/74a3870a946f5d774ade3569af61a72308e07ad3346f370c4b468ee2a9858658?s=96&d=mm&r=g","caption":"Direcci\u00f3n de Comunicaci\u00f3n"}}]}},"_links":{"self":[{"href":"https:\/\/prefecturadeesmeraldas.gob.ec\/index.php\/wp-json\/wp\/v2\/posts\/20921","targetHints":{"allow":["GET"]}}],"collection":[{"href":"https:\/\/prefecturadeesmeraldas.gob.ec\/index.php\/wp-json\/wp\/v2\/posts"}],"about":[{"href":"https:\/\/prefecturadeesmeraldas.gob.ec\/index.php\/wp-json\/wp\/v2\/types\/post"}],"author":[{"embeddable":true,"href":"https:\/\/prefecturadeesmeraldas.gob.ec\/index.php\/wp-json\/wp\/v2\/users\/2"}],"replies":[{"embeddable":true,"href":"https:\/\/prefecturadeesmeraldas.gob.ec\/index.php\/wp-json\/wp\/v2\/comments?post=20921"}],"version-history":[{"count":0,"href":"https:\/\/prefecturadeesmeraldas.gob.ec\/index.php\/wp-json\/wp\/v2\/posts\/20921\/revisions"}],"wp:featuredmedia":[{"embeddable":true,"href":"https:\/\/prefecturadeesmeraldas.gob.ec\/index.php\/wp-json\/wp\/v2\/media\/20923"}],"wp:attachment":[{"href":"https:\/\/prefecturadeesmeraldas.gob.ec\/index.php\/wp-json\/wp\/v2\/media?parent=20921"}],"wp:term":[{"taxonomy":"category","embeddable":true,"href":"https:\/\/prefecturadeesmeraldas.gob.ec\/index.php\/wp-json\/wp\/v2\/categories?post=20921"},{"taxonomy":"post_tag","embeddable":true,"href":"https:\/\/prefecturadeesmeraldas.gob.ec\/index.php\/wp-json\/wp\/v2\/tags?post=20921"}],"curies":[{"name":"wp","href":"https:\/\/api.w.org\/{rel}","templated":true}]}}