{"id":20679,"date":"2023-01-16T14:44:56","date_gmt":"2023-01-16T19:44:56","guid":{"rendered":"https:\/\/prefecturadeesmeraldas.gob.ec\/?p=20679"},"modified":"2023-01-16T15:04:35","modified_gmt":"2023-01-16T20:04:35","slug":"prefectura-realiza-mantenimiento-vial-en-la-via-lagarto-piquigual","status":"publish","type":"post","link":"https:\/\/prefecturadeesmeraldas.gob.ec\/index.php\/2023\/01\/16\/prefectura-realiza-mantenimiento-vial-en-la-via-lagarto-piquigual\/","title":{"rendered":"<strong>Prefectura realiza mantenimiento vial en la v\u00eda Lagarto \u2013 Piquigual.<\/strong>"},"content":{"rendered":"\t\t<div data-elementor-type=\"wp-post\" data-elementor-id=\"20679\" class=\"elementor elementor-20679\">\n\t\t\t\t<div class=\"elementor-element elementor-element-c838e75 e-flex e-con-boxed e-con e-parent\" data-id=\"c838e75\" data-element_type=\"container\">\n\t\t\t\t\t<div class=\"e-con-inner\">\n\t\t\t\t<div class=\"elementor-element elementor-element-930688f elementor-widget elementor-widget-image\" data-id=\"930688f\" data-element_type=\"widget\" data-widget_type=\"image.default\">\n\t\t\t\t<div class=\"elementor-widget-container\">\n\t\t\t\t\t\t\t\t\t\t\t\t\t\t\t<img fetchpriority=\"high\" decoding=\"async\" width=\"1080\" height=\"1080\" src=\"https:\/\/prefecturadeesmeraldas.gob.ec\/wp-content\/uploads\/2023\/01\/WhatsApp-Image-2023-01-12-at-10.45.50-3.jpeg\" class=\"attachment-large size-large wp-image-20681\" alt=\"\" srcset=\"https:\/\/prefecturadeesmeraldas.gob.ec\/wp-content\/uploads\/2023\/01\/WhatsApp-Image-2023-01-12-at-10.45.50-3.jpeg 1080w, https:\/\/prefecturadeesmeraldas.gob.ec\/wp-content\/uploads\/2023\/01\/WhatsApp-Image-2023-01-12-at-10.45.50-3-300x300.jpeg 300w, https:\/\/prefecturadeesmeraldas.gob.ec\/wp-content\/uploads\/2023\/01\/WhatsApp-Image-2023-01-12-at-10.45.50-3-150x150.jpeg 150w, https:\/\/prefecturadeesmeraldas.gob.ec\/wp-content\/uploads\/2023\/01\/WhatsApp-Image-2023-01-12-at-10.45.50-3-768x768.jpeg 768w, https:\/\/prefecturadeesmeraldas.gob.ec\/wp-content\/uploads\/2023\/01\/WhatsApp-Image-2023-01-12-at-10.45.50-3-440x440.jpeg 440w, https:\/\/prefecturadeesmeraldas.gob.ec\/wp-content\/uploads\/2023\/01\/WhatsApp-Image-2023-01-12-at-10.45.50-3-180x180.jpeg 180w, https:\/\/prefecturadeesmeraldas.gob.ec\/wp-content\/uploads\/2023\/01\/WhatsApp-Image-2023-01-12-at-10.45.50-3-120x120.jpeg 120w\" sizes=\"(max-width: 1080px) 100vw, 1080px\" \/>\t\t\t\t\t\t\t\t\t\t\t\t\t\t\t<\/div>\n\t\t\t\t<\/div>\n\t\t\t\t\t<\/div>\n\t\t\t\t<\/div>\n\t\t<div class=\"elementor-element elementor-element-4dc7dd3 e-flex e-con-boxed e-con e-parent\" data-id=\"4dc7dd3\" data-element_type=\"container\">\n\t\t\t\t\t<div class=\"e-con-inner\">\n\t\t\t\t<div class=\"elementor-element elementor-element-b1c11f9 elementor-widget elementor-widget-text-editor\" data-id=\"b1c11f9\" data-element_type=\"widget\" data-widget_type=\"text-editor.default\">\n\t\t\t\t<div class=\"elementor-widget-container\">\n\t\t\t\t\t\t\t\t\t<p>El equipo de Infraestructura Vial de la Prefectura de Esmeraldas, retoma los trabajos de cambio de suelo en los 4.5 kil\u00f3metros, que comprende el tramo Lagarto \u2013 Piquigual, de la parroquia Lagarto, cant\u00f3n Rioverde, para aplicar el asfaltado con la t\u00e9cnica de doble tratamiento superficial bituminoso.<\/p><p>Con este trabajo se beneficia a cientos de familias que se dedican a la agricultura, ganader\u00eda, apicultura, etc., porque podr\u00e1n sacar sus producciones hasta las industrias como a los mercados locales y nacionales.<\/p><p>Esto, debido a que antes se generaban inconvenientes por la accesibilidad, ya que la v\u00eda estaba llena de huecos, ocasionando la p\u00e9rdida de sus producciones.<\/p><p>La poblaci\u00f3n tiene la esperanza que, al llegar la obra vial, esta contribuir\u00e1 a que las zonas agr\u00edcolas, tur\u00edsticas y educativas tengan un gran impulso, por ende, desarrollo de los miles de familias que est\u00e1n asentadas en la v\u00eda. <\/p>\t\t\t\t\t\t\t\t<\/div>\n\t\t\t\t<\/div>\n\t\t\t\t\t<\/div>\n\t\t\t\t<\/div>\n\t\t\t\t<\/div>\n\t\t","protected":false},"excerpt":{"rendered":"<p>El equipo de Infraestructura Vial de la Prefectura de Esmeraldas, retoma los trabajos de cambio de suelo en los 4.5 kil\u00f3metros, que comprende el tramo Lagarto \u2013 Piquigual, de la parroquia Lagarto, cant\u00f3n Rioverde, para aplicar el asfaltado con la t\u00e9cnica de doble tratamiento superficial bituminoso. Con este trabajo se beneficia a cientos de familias [&hellip;]<\/p>\n","protected":false},"author":2,"featured_media":20687,"comment_status":"closed","ping_status":"open","sticky":false,"template":"","format":"standard","meta":{"footnotes":""},"categories":[14],"tags":[],"class_list":["post-20679","post","type-post","status-publish","format-standard","has-post-thumbnail","hentry","category-vialidad"],"yoast_head":"<!-- This site is optimized with the Yoast SEO plugin v25.7 - https:\/\/yoast.com\/wordpress\/plugins\/seo\/ -->\n<title>Prefectura realiza mantenimiento vial en la v\u00eda Lagarto \u2013 Piquigual. - Gobierno Aut\u00f3nomo Descentralizado de la Provincia de Esmeraldas<\/title>\n<meta name=\"description\" content=\"El equipo de Infraestructura Vial de la Prefectura de Esmeraldas, retoma los trabajos de cambio de suelo en los 4.5 kil\u00f3metros, que comprende el tramo Lagarto \u2013 Piquigual, de la parroquia Lagarto, cant\u00f3n Rioverde, para aplicar el asfaltado con la t\u00e9cnica de doble tratamiento superficial bituminoso.\" \/>\n<meta name=\"robots\" content=\"index, follow, max-snippet:-1, max-image-preview:large, max-video-preview:-1\" \/>\n<link rel=\"canonical\" href=\"https:\/\/prefecturadeesmeraldas.gob.ec\/index.php\/2023\/01\/16\/prefectura-realiza-mantenimiento-vial-en-la-via-lagarto-piquigual\/\" \/>\n<meta property=\"og:locale\" content=\"es_ES\" \/>\n<meta property=\"og:type\" content=\"article\" \/>\n<meta property=\"og:title\" content=\"Prefectura realiza mantenimiento vial en la v\u00eda Lagarto \u2013 Piquigual. - Gobierno Aut\u00f3nomo Descentralizado de la Provincia de Esmeraldas\" \/>\n<meta property=\"og:description\" content=\"El equipo de Infraestructura Vial de la Prefectura de Esmeraldas, retoma los trabajos de cambio de suelo en los 4.5 kil\u00f3metros, que comprende el tramo Lagarto \u2013 Piquigual, de la parroquia Lagarto, cant\u00f3n Rioverde, para aplicar el asfaltado con la t\u00e9cnica de doble tratamiento superficial bituminoso.\" \/>\n<meta property=\"og:url\" content=\"https:\/\/prefecturadeesmeraldas.gob.ec\/index.php\/2023\/01\/16\/prefectura-realiza-mantenimiento-vial-en-la-via-lagarto-piquigual\/\" \/>\n<meta property=\"og:site_name\" content=\"Gobierno Aut\u00f3nomo Descentralizado de la Provincia de Esmeraldas\" \/>\n<meta property=\"article:publisher\" content=\"https:\/\/www.facebook.com\/PrefecturaEsmeraldas\/\" \/>\n<meta property=\"article:published_time\" content=\"2023-01-16T19:44:56+00:00\" \/>\n<meta property=\"article:modified_time\" content=\"2023-01-16T20:04:35+00:00\" \/>\n<meta property=\"og:image\" content=\"https:\/\/prefecturadeesmeraldas.gob.ec\/wp-content\/uploads\/2023\/01\/WhatsApp-Image-2023-01-12-at-10.45.50.jpeg\" \/>\n\t<meta property=\"og:image:width\" content=\"1024\" \/>\n\t<meta property=\"og:image:height\" content=\"1024\" \/>\n\t<meta property=\"og:image:type\" content=\"image\/jpeg\" \/>\n<meta name=\"author\" content=\"Direcci\u00f3n de Comunicaci\u00f3n\" \/>\n<meta name=\"twitter:card\" content=\"summary_large_image\" \/>\n<meta name=\"twitter:label1\" content=\"Escrito por\" \/>\n\t<meta name=\"twitter:data1\" content=\"Direcci\u00f3n de Comunicaci\u00f3n\" \/>\n\t<meta name=\"twitter:label2\" content=\"Tiempo de lectura\" \/>\n\t<meta name=\"twitter:data2\" content=\"1 minuto\" \/>\n<script type=\"application\/ld+json\" class=\"yoast-schema-graph\">{\"@context\":\"https:\/\/schema.org\",\"@graph\":[{\"@type\":\"Article\",\"@id\":\"https:\/\/prefecturadeesmeraldas.gob.ec\/index.php\/2023\/01\/16\/prefectura-realiza-mantenimiento-vial-en-la-via-lagarto-piquigual\/#article\",\"isPartOf\":{\"@id\":\"https:\/\/prefecturadeesmeraldas.gob.ec\/index.php\/2023\/01\/16\/prefectura-realiza-mantenimiento-vial-en-la-via-lagarto-piquigual\/\"},\"author\":{\"name\":\"Direcci\u00f3n de Comunicaci\u00f3n\",\"@id\":\"https:\/\/prefecturadeesmeraldas.gob.ec\/#\/schema\/person\/b0c9e7b1ead7725994d1e319e8825234\"},\"headline\":\"Prefectura realiza mantenimiento vial en la v\u00eda Lagarto \u2013 Piquigual.\",\"datePublished\":\"2023-01-16T19:44:56+00:00\",\"dateModified\":\"2023-01-16T20:04:35+00:00\",\"mainEntityOfPage\":{\"@id\":\"https:\/\/prefecturadeesmeraldas.gob.ec\/index.php\/2023\/01\/16\/prefectura-realiza-mantenimiento-vial-en-la-via-lagarto-piquigual\/\"},\"wordCount\":163,\"publisher\":{\"@id\":\"https:\/\/prefecturadeesmeraldas.gob.ec\/#organization\"},\"image\":{\"@id\":\"https:\/\/prefecturadeesmeraldas.gob.ec\/index.php\/2023\/01\/16\/prefectura-realiza-mantenimiento-vial-en-la-via-lagarto-piquigual\/#primaryimage\"},\"thumbnailUrl\":\"https:\/\/prefecturadeesmeraldas.gob.ec\/wp-content\/uploads\/2023\/01\/WhatsApp-Image-2023-01-12-at-10.45.50.jpeg\",\"articleSection\":[\"Vialidad\"],\"inLanguage\":\"es\"},{\"@type\":\"WebPage\",\"@id\":\"https:\/\/prefecturadeesmeraldas.gob.ec\/index.php\/2023\/01\/16\/prefectura-realiza-mantenimiento-vial-en-la-via-lagarto-piquigual\/\",\"url\":\"https:\/\/prefecturadeesmeraldas.gob.ec\/index.php\/2023\/01\/16\/prefectura-realiza-mantenimiento-vial-en-la-via-lagarto-piquigual\/\",\"name\":\"Prefectura realiza mantenimiento vial en la v\u00eda Lagarto \u2013 Piquigual. - Gobierno Aut\u00f3nomo Descentralizado de la Provincia de Esmeraldas\",\"isPartOf\":{\"@id\":\"https:\/\/prefecturadeesmeraldas.gob.ec\/#website\"},\"primaryImageOfPage\":{\"@id\":\"https:\/\/prefecturadeesmeraldas.gob.ec\/index.php\/2023\/01\/16\/prefectura-realiza-mantenimiento-vial-en-la-via-lagarto-piquigual\/#primaryimage\"},\"image\":{\"@id\":\"https:\/\/prefecturadeesmeraldas.gob.ec\/index.php\/2023\/01\/16\/prefectura-realiza-mantenimiento-vial-en-la-via-lagarto-piquigual\/#primaryimage\"},\"thumbnailUrl\":\"https:\/\/prefecturadeesmeraldas.gob.ec\/wp-content\/uploads\/2023\/01\/WhatsApp-Image-2023-01-12-at-10.45.50.jpeg\",\"datePublished\":\"2023-01-16T19:44:56+00:00\",\"dateModified\":\"2023-01-16T20:04:35+00:00\",\"description\":\"El equipo de Infraestructura Vial de la Prefectura de Esmeraldas, retoma los trabajos de cambio de suelo en los 4.5 kil\u00f3metros, que comprende el tramo Lagarto \u2013 Piquigual, de la parroquia Lagarto, cant\u00f3n Rioverde, para aplicar el asfaltado con la t\u00e9cnica de doble tratamiento superficial bituminoso.\",\"breadcrumb\":{\"@id\":\"https:\/\/prefecturadeesmeraldas.gob.ec\/index.php\/2023\/01\/16\/prefectura-realiza-mantenimiento-vial-en-la-via-lagarto-piquigual\/#breadcrumb\"},\"inLanguage\":\"es\",\"potentialAction\":[{\"@type\":\"ReadAction\",\"target\":[\"https:\/\/prefecturadeesmeraldas.gob.ec\/index.php\/2023\/01\/16\/prefectura-realiza-mantenimiento-vial-en-la-via-lagarto-piquigual\/\"]}]},{\"@type\":\"ImageObject\",\"inLanguage\":\"es\",\"@id\":\"https:\/\/prefecturadeesmeraldas.gob.ec\/index.php\/2023\/01\/16\/prefectura-realiza-mantenimiento-vial-en-la-via-lagarto-piquigual\/#primaryimage\",\"url\":\"https:\/\/prefecturadeesmeraldas.gob.ec\/wp-content\/uploads\/2023\/01\/WhatsApp-Image-2023-01-12-at-10.45.50.jpeg\",\"contentUrl\":\"https:\/\/prefecturadeesmeraldas.gob.ec\/wp-content\/uploads\/2023\/01\/WhatsApp-Image-2023-01-12-at-10.45.50.jpeg\",\"width\":1024,\"height\":1024},{\"@type\":\"BreadcrumbList\",\"@id\":\"https:\/\/prefecturadeesmeraldas.gob.ec\/index.php\/2023\/01\/16\/prefectura-realiza-mantenimiento-vial-en-la-via-lagarto-piquigual\/#breadcrumb\",\"itemListElement\":[{\"@type\":\"ListItem\",\"position\":1,\"name\":\"Home\",\"item\":\"https:\/\/prefecturadeesmeraldas.gob.ec\/\"},{\"@type\":\"ListItem\",\"position\":2,\"name\":\"Prefectura realiza mantenimiento vial en la v\u00eda Lagarto \u2013 Piquigual.\"}]},{\"@type\":\"WebSite\",\"@id\":\"https:\/\/prefecturadeesmeraldas.gob.ec\/#website\",\"url\":\"https:\/\/prefecturadeesmeraldas.gob.ec\/\",\"name\":\"Gobierno Aut\u00f3nomo Descentralizado de la Provincia de Esmeraldas\",\"description\":\"Gobierno Aut\u00f3nomo Descentralizado de la Provincia de Esmeraldas\",\"publisher\":{\"@id\":\"https:\/\/prefecturadeesmeraldas.gob.ec\/#organization\"},\"potentialAction\":[{\"@type\":\"SearchAction\",\"target\":{\"@type\":\"EntryPoint\",\"urlTemplate\":\"https:\/\/prefecturadeesmeraldas.gob.ec\/?s={search_term_string}\"},\"query-input\":{\"@type\":\"PropertyValueSpecification\",\"valueRequired\":true,\"valueName\":\"search_term_string\"}}],\"inLanguage\":\"es\"},{\"@type\":\"Organization\",\"@id\":\"https:\/\/prefecturadeesmeraldas.gob.ec\/#organization\",\"name\":\"Gobierno Aut\u00f3nomo Descentralizado de la Provincia de Esmeraldas\",\"url\":\"https:\/\/prefecturadeesmeraldas.gob.ec\/\",\"logo\":{\"@type\":\"ImageObject\",\"inLanguage\":\"es\",\"@id\":\"https:\/\/prefecturadeesmeraldas.gob.ec\/#\/schema\/logo\/image\/\",\"url\":\"https:\/\/prefecturadeesmeraldas.gob.ec\/wp-content\/uploads\/2019\/06\/logo.png\",\"contentUrl\":\"https:\/\/prefecturadeesmeraldas.gob.ec\/wp-content\/uploads\/2019\/06\/logo.png\",\"width\":859,\"height\":448,\"caption\":\"Gobierno Aut\u00f3nomo Descentralizado de la Provincia de Esmeraldas\"},\"image\":{\"@id\":\"https:\/\/prefecturadeesmeraldas.gob.ec\/#\/schema\/logo\/image\/\"},\"sameAs\":[\"https:\/\/www.facebook.com\/PrefecturaEsmeraldas\/\"]},{\"@type\":\"Person\",\"@id\":\"https:\/\/prefecturadeesmeraldas.gob.ec\/#\/schema\/person\/b0c9e7b1ead7725994d1e319e8825234\",\"name\":\"Direcci\u00f3n de Comunicaci\u00f3n\",\"image\":{\"@type\":\"ImageObject\",\"inLanguage\":\"es\",\"@id\":\"https:\/\/prefecturadeesmeraldas.gob.ec\/#\/schema\/person\/image\/\",\"url\":\"https:\/\/secure.gravatar.com\/avatar\/74a3870a946f5d774ade3569af61a72308e07ad3346f370c4b468ee2a9858658?s=96&d=mm&r=g\",\"contentUrl\":\"https:\/\/secure.gravatar.com\/avatar\/74a3870a946f5d774ade3569af61a72308e07ad3346f370c4b468ee2a9858658?s=96&d=mm&r=g\",\"caption\":\"Direcci\u00f3n de Comunicaci\u00f3n\"}}]}<\/script>\n<!-- \/ Yoast SEO plugin. -->","yoast_head_json":{"title":"Prefectura realiza mantenimiento vial en la v\u00eda Lagarto \u2013 Piquigual. - Gobierno Aut\u00f3nomo Descentralizado de la Provincia de Esmeraldas","description":"El equipo de Infraestructura Vial de la Prefectura de Esmeraldas, retoma los trabajos de cambio de suelo en los 4.5 kil\u00f3metros, que comprende el tramo Lagarto \u2013 Piquigual, de la parroquia Lagarto, cant\u00f3n Rioverde, para aplicar el asfaltado con la t\u00e9cnica de doble tratamiento superficial bituminoso.","robots":{"index":"index","follow":"follow","max-snippet":"max-snippet:-1","max-image-preview":"max-image-preview:large","max-video-preview":"max-video-preview:-1"},"canonical":"https:\/\/prefecturadeesmeraldas.gob.ec\/index.php\/2023\/01\/16\/prefectura-realiza-mantenimiento-vial-en-la-via-lagarto-piquigual\/","og_locale":"es_ES","og_type":"article","og_title":"Prefectura realiza mantenimiento vial en la v\u00eda Lagarto \u2013 Piquigual. - Gobierno Aut\u00f3nomo Descentralizado de la Provincia de Esmeraldas","og_description":"El equipo de Infraestructura Vial de la Prefectura de Esmeraldas, retoma los trabajos de cambio de suelo en los 4.5 kil\u00f3metros, que comprende el tramo Lagarto \u2013 Piquigual, de la parroquia Lagarto, cant\u00f3n Rioverde, para aplicar el asfaltado con la t\u00e9cnica de doble tratamiento superficial bituminoso.","og_url":"https:\/\/prefecturadeesmeraldas.gob.ec\/index.php\/2023\/01\/16\/prefectura-realiza-mantenimiento-vial-en-la-via-lagarto-piquigual\/","og_site_name":"Gobierno Aut\u00f3nomo Descentralizado de la Provincia de Esmeraldas","article_publisher":"https:\/\/www.facebook.com\/PrefecturaEsmeraldas\/","article_published_time":"2023-01-16T19:44:56+00:00","article_modified_time":"2023-01-16T20:04:35+00:00","og_image":[{"width":1024,"height":1024,"url":"https:\/\/prefecturadeesmeraldas.gob.ec\/wp-content\/uploads\/2023\/01\/WhatsApp-Image-2023-01-12-at-10.45.50.jpeg","type":"image\/jpeg"}],"author":"Direcci\u00f3n de Comunicaci\u00f3n","twitter_card":"summary_large_image","twitter_misc":{"Escrito por":"Direcci\u00f3n de Comunicaci\u00f3n","Tiempo de lectura":"1 minuto"},"schema":{"@context":"https:\/\/schema.org","@graph":[{"@type":"Article","@id":"https:\/\/prefecturadeesmeraldas.gob.ec\/index.php\/2023\/01\/16\/prefectura-realiza-mantenimiento-vial-en-la-via-lagarto-piquigual\/#article","isPartOf":{"@id":"https:\/\/prefecturadeesmeraldas.gob.ec\/index.php\/2023\/01\/16\/prefectura-realiza-mantenimiento-vial-en-la-via-lagarto-piquigual\/"},"author":{"name":"Direcci\u00f3n de Comunicaci\u00f3n","@id":"https:\/\/prefecturadeesmeraldas.gob.ec\/#\/schema\/person\/b0c9e7b1ead7725994d1e319e8825234"},"headline":"Prefectura realiza mantenimiento vial en la v\u00eda Lagarto \u2013 Piquigual.","datePublished":"2023-01-16T19:44:56+00:00","dateModified":"2023-01-16T20:04:35+00:00","mainEntityOfPage":{"@id":"https:\/\/prefecturadeesmeraldas.gob.ec\/index.php\/2023\/01\/16\/prefectura-realiza-mantenimiento-vial-en-la-via-lagarto-piquigual\/"},"wordCount":163,"publisher":{"@id":"https:\/\/prefecturadeesmeraldas.gob.ec\/#organization"},"image":{"@id":"https:\/\/prefecturadeesmeraldas.gob.ec\/index.php\/2023\/01\/16\/prefectura-realiza-mantenimiento-vial-en-la-via-lagarto-piquigual\/#primaryimage"},"thumbnailUrl":"https:\/\/prefecturadeesmeraldas.gob.ec\/wp-content\/uploads\/2023\/01\/WhatsApp-Image-2023-01-12-at-10.45.50.jpeg","articleSection":["Vialidad"],"inLanguage":"es"},{"@type":"WebPage","@id":"https:\/\/prefecturadeesmeraldas.gob.ec\/index.php\/2023\/01\/16\/prefectura-realiza-mantenimiento-vial-en-la-via-lagarto-piquigual\/","url":"https:\/\/prefecturadeesmeraldas.gob.ec\/index.php\/2023\/01\/16\/prefectura-realiza-mantenimiento-vial-en-la-via-lagarto-piquigual\/","name":"Prefectura realiza mantenimiento vial en la v\u00eda Lagarto \u2013 Piquigual. - Gobierno Aut\u00f3nomo Descentralizado de la Provincia de Esmeraldas","isPartOf":{"@id":"https:\/\/prefecturadeesmeraldas.gob.ec\/#website"},"primaryImageOfPage":{"@id":"https:\/\/prefecturadeesmeraldas.gob.ec\/index.php\/2023\/01\/16\/prefectura-realiza-mantenimiento-vial-en-la-via-lagarto-piquigual\/#primaryimage"},"image":{"@id":"https:\/\/prefecturadeesmeraldas.gob.ec\/index.php\/2023\/01\/16\/prefectura-realiza-mantenimiento-vial-en-la-via-lagarto-piquigual\/#primaryimage"},"thumbnailUrl":"https:\/\/prefecturadeesmeraldas.gob.ec\/wp-content\/uploads\/2023\/01\/WhatsApp-Image-2023-01-12-at-10.45.50.jpeg","datePublished":"2023-01-16T19:44:56+00:00","dateModified":"2023-01-16T20:04:35+00:00","description":"El equipo de Infraestructura Vial de la Prefectura de Esmeraldas, retoma los trabajos de cambio de suelo en los 4.5 kil\u00f3metros, que comprende el tramo Lagarto \u2013 Piquigual, de la parroquia Lagarto, cant\u00f3n Rioverde, para aplicar el asfaltado con la t\u00e9cnica de doble tratamiento superficial bituminoso.","breadcrumb":{"@id":"https:\/\/prefecturadeesmeraldas.gob.ec\/index.php\/2023\/01\/16\/prefectura-realiza-mantenimiento-vial-en-la-via-lagarto-piquigual\/#breadcrumb"},"inLanguage":"es","potentialAction":[{"@type":"ReadAction","target":["https:\/\/prefecturadeesmeraldas.gob.ec\/index.php\/2023\/01\/16\/prefectura-realiza-mantenimiento-vial-en-la-via-lagarto-piquigual\/"]}]},{"@type":"ImageObject","inLanguage":"es","@id":"https:\/\/prefecturadeesmeraldas.gob.ec\/index.php\/2023\/01\/16\/prefectura-realiza-mantenimiento-vial-en-la-via-lagarto-piquigual\/#primaryimage","url":"https:\/\/prefecturadeesmeraldas.gob.ec\/wp-content\/uploads\/2023\/01\/WhatsApp-Image-2023-01-12-at-10.45.50.jpeg","contentUrl":"https:\/\/prefecturadeesmeraldas.gob.ec\/wp-content\/uploads\/2023\/01\/WhatsApp-Image-2023-01-12-at-10.45.50.jpeg","width":1024,"height":1024},{"@type":"BreadcrumbList","@id":"https:\/\/prefecturadeesmeraldas.gob.ec\/index.php\/2023\/01\/16\/prefectura-realiza-mantenimiento-vial-en-la-via-lagarto-piquigual\/#breadcrumb","itemListElement":[{"@type":"ListItem","position":1,"name":"Home","item":"https:\/\/prefecturadeesmeraldas.gob.ec\/"},{"@type":"ListItem","position":2,"name":"Prefectura realiza mantenimiento vial en la v\u00eda Lagarto \u2013 Piquigual."}]},{"@type":"WebSite","@id":"https:\/\/prefecturadeesmeraldas.gob.ec\/#website","url":"https:\/\/prefecturadeesmeraldas.gob.ec\/","name":"Gobierno Aut\u00f3nomo Descentralizado de la Provincia de Esmeraldas","description":"Gobierno Aut\u00f3nomo Descentralizado de la Provincia de Esmeraldas","publisher":{"@id":"https:\/\/prefecturadeesmeraldas.gob.ec\/#organization"},"potentialAction":[{"@type":"SearchAction","target":{"@type":"EntryPoint","urlTemplate":"https:\/\/prefecturadeesmeraldas.gob.ec\/?s={search_term_string}"},"query-input":{"@type":"PropertyValueSpecification","valueRequired":true,"valueName":"search_term_string"}}],"inLanguage":"es"},{"@type":"Organization","@id":"https:\/\/prefecturadeesmeraldas.gob.ec\/#organization","name":"Gobierno Aut\u00f3nomo Descentralizado de la Provincia de Esmeraldas","url":"https:\/\/prefecturadeesmeraldas.gob.ec\/","logo":{"@type":"ImageObject","inLanguage":"es","@id":"https:\/\/prefecturadeesmeraldas.gob.ec\/#\/schema\/logo\/image\/","url":"https:\/\/prefecturadeesmeraldas.gob.ec\/wp-content\/uploads\/2019\/06\/logo.png","contentUrl":"https:\/\/prefecturadeesmeraldas.gob.ec\/wp-content\/uploads\/2019\/06\/logo.png","width":859,"height":448,"caption":"Gobierno Aut\u00f3nomo Descentralizado de la Provincia de Esmeraldas"},"image":{"@id":"https:\/\/prefecturadeesmeraldas.gob.ec\/#\/schema\/logo\/image\/"},"sameAs":["https:\/\/www.facebook.com\/PrefecturaEsmeraldas\/"]},{"@type":"Person","@id":"https:\/\/prefecturadeesmeraldas.gob.ec\/#\/schema\/person\/b0c9e7b1ead7725994d1e319e8825234","name":"Direcci\u00f3n de Comunicaci\u00f3n","image":{"@type":"ImageObject","inLanguage":"es","@id":"https:\/\/prefecturadeesmeraldas.gob.ec\/#\/schema\/person\/image\/","url":"https:\/\/secure.gravatar.com\/avatar\/74a3870a946f5d774ade3569af61a72308e07ad3346f370c4b468ee2a9858658?s=96&d=mm&r=g","contentUrl":"https:\/\/secure.gravatar.com\/avatar\/74a3870a946f5d774ade3569af61a72308e07ad3346f370c4b468ee2a9858658?s=96&d=mm&r=g","caption":"Direcci\u00f3n de Comunicaci\u00f3n"}}]}},"_links":{"self":[{"href":"https:\/\/prefecturadeesmeraldas.gob.ec\/index.php\/wp-json\/wp\/v2\/posts\/20679","targetHints":{"allow":["GET"]}}],"collection":[{"href":"https:\/\/prefecturadeesmeraldas.gob.ec\/index.php\/wp-json\/wp\/v2\/posts"}],"about":[{"href":"https:\/\/prefecturadeesmeraldas.gob.ec\/index.php\/wp-json\/wp\/v2\/types\/post"}],"author":[{"embeddable":true,"href":"https:\/\/prefecturadeesmeraldas.gob.ec\/index.php\/wp-json\/wp\/v2\/users\/2"}],"replies":[{"embeddable":true,"href":"https:\/\/prefecturadeesmeraldas.gob.ec\/index.php\/wp-json\/wp\/v2\/comments?post=20679"}],"version-history":[{"count":0,"href":"https:\/\/prefecturadeesmeraldas.gob.ec\/index.php\/wp-json\/wp\/v2\/posts\/20679\/revisions"}],"wp:featuredmedia":[{"embeddable":true,"href":"https:\/\/prefecturadeesmeraldas.gob.ec\/index.php\/wp-json\/wp\/v2\/media\/20687"}],"wp:attachment":[{"href":"https:\/\/prefecturadeesmeraldas.gob.ec\/index.php\/wp-json\/wp\/v2\/media?parent=20679"}],"wp:term":[{"taxonomy":"category","embeddable":true,"href":"https:\/\/prefecturadeesmeraldas.gob.ec\/index.php\/wp-json\/wp\/v2\/categories?post=20679"},{"taxonomy":"post_tag","embeddable":true,"href":"https:\/\/prefecturadeesmeraldas.gob.ec\/index.php\/wp-json\/wp\/v2\/tags?post=20679"}],"curies":[{"name":"wp","href":"https:\/\/api.w.org\/{rel}","templated":true}]}}