{"id":20550,"date":"2023-01-09T15:16:22","date_gmt":"2023-01-09T20:16:22","guid":{"rendered":"https:\/\/prefecturadeesmeraldas.gob.ec\/?p=20550"},"modified":"2023-01-09T15:19:40","modified_gmt":"2023-01-09T20:19:40","slug":"la-parroquia-la-tola-en-el-canton-eloy-alfaro-mejora-su-aspecto-junto-a-la-prefectura-de-esmeraldas-y-roberta-zambrano","status":"publish","type":"post","link":"https:\/\/prefecturadeesmeraldas.gob.ec\/index.php\/2023\/01\/09\/la-parroquia-la-tola-en-el-canton-eloy-alfaro-mejora-su-aspecto-junto-a-la-prefectura-de-esmeraldas-y-roberta-zambrano\/","title":{"rendered":"<strong>Prefecto c\u00e9sar Pimentel mantuvo sesi\u00f3n de trabajo con alcalde de Rioverde.<\/strong>"},"content":{"rendered":"\t\t<div data-elementor-type=\"wp-post\" data-elementor-id=\"20550\" class=\"elementor elementor-20550\">\n\t\t\t\t<div class=\"elementor-element elementor-element-2a0043a e-flex e-con-boxed e-con e-parent\" data-id=\"2a0043a\" data-element_type=\"container\">\n\t\t\t\t\t<div class=\"e-con-inner\">\n\t\t\t\t<div class=\"elementor-element elementor-element-21344f4 elementor-widget elementor-widget-image\" data-id=\"21344f4\" data-element_type=\"widget\" data-widget_type=\"image.default\">\n\t\t\t\t<div class=\"elementor-widget-container\">\n\t\t\t\t\t\t\t\t\t\t\t\t\t\t\t<img fetchpriority=\"high\" decoding=\"async\" width=\"1024\" height=\"1024\" src=\"https:\/\/prefecturadeesmeraldas.gob.ec\/wp-content\/uploads\/2023\/01\/WhatsApp-Image-2023-01-06-at-15.10.30.jpeg\" class=\"attachment-large size-large wp-image-20554\" alt=\"\" srcset=\"https:\/\/prefecturadeesmeraldas.gob.ec\/wp-content\/uploads\/2023\/01\/WhatsApp-Image-2023-01-06-at-15.10.30.jpeg 1024w, https:\/\/prefecturadeesmeraldas.gob.ec\/wp-content\/uploads\/2023\/01\/WhatsApp-Image-2023-01-06-at-15.10.30-300x300.jpeg 300w, https:\/\/prefecturadeesmeraldas.gob.ec\/wp-content\/uploads\/2023\/01\/WhatsApp-Image-2023-01-06-at-15.10.30-150x150.jpeg 150w, https:\/\/prefecturadeesmeraldas.gob.ec\/wp-content\/uploads\/2023\/01\/WhatsApp-Image-2023-01-06-at-15.10.30-768x768.jpeg 768w, https:\/\/prefecturadeesmeraldas.gob.ec\/wp-content\/uploads\/2023\/01\/WhatsApp-Image-2023-01-06-at-15.10.30-440x440.jpeg 440w, https:\/\/prefecturadeesmeraldas.gob.ec\/wp-content\/uploads\/2023\/01\/WhatsApp-Image-2023-01-06-at-15.10.30-180x180.jpeg 180w, https:\/\/prefecturadeesmeraldas.gob.ec\/wp-content\/uploads\/2023\/01\/WhatsApp-Image-2023-01-06-at-15.10.30-120x120.jpeg 120w\" sizes=\"(max-width: 1024px) 100vw, 1024px\" \/>\t\t\t\t\t\t\t\t\t\t\t\t\t\t\t<\/div>\n\t\t\t\t<\/div>\n\t\t\t\t\t<\/div>\n\t\t\t\t<\/div>\n\t\t<div class=\"elementor-element elementor-element-af5ba3b e-flex e-con-boxed e-con e-parent\" data-id=\"af5ba3b\" data-element_type=\"container\">\n\t\t\t\t\t<div class=\"e-con-inner\">\n\t\t\t\t<div class=\"elementor-element elementor-element-6ff0a7c elementor-widget elementor-widget-text-editor\" data-id=\"6ff0a7c\" data-element_type=\"widget\" data-widget_type=\"text-editor.default\">\n\t\t\t\t<div class=\"elementor-widget-container\">\n\t\t\t\t\t\t\t\t\t<p>En un marco de cordialidad y con la finalidad de coordinar futuros trabajos, el abogado C\u00e9sar Pimentel Concha, prefecto (e), mantuvo una reuni\u00f3n de trabajo con la alcaldesa (e) del cant\u00f3n Rioverde, Patty Lul\u00fa Estupi\u00f1\u00e1n, donde trataron varios temas de inter\u00e9s para el desarrollo de la provincia.<\/p><p>El prefecto C\u00e9sar Pimentel, manifest\u00f3 su deseo que coordinar acciones que permitan llegar con la obra hacia las comunidades de Rioverde, en el marco de un acuerdo institucional que logre fortalecer los lazos para el desarrollo de la provincia, que es la meta de la administraci\u00f3n de la Prefectura de Esmeraldas.<\/p><p>C\u00e9sar An\u00edbal Pimentel Concha, abogado de profesi\u00f3n y viceprefecto, asumi\u00f3 desde este jueves 29 de diciembre, la titularidad de la Prefectura de Esmeraldas, ante la solicitud de licencia presentada por Roberta Zambrano, quien, de esta manera, cumple con la normativa legal vigente entorno a su candidatura a la reelecci\u00f3n, junto a su compa\u00f1ero de equipo y binomio Diego Zambrano.<\/p><p>C\u00e9sar Pimentel Concha, tiene una amplia experiencia como administrador en el sector p\u00fablico, ya que anteriormente ya ha ocupado el cargo de viceprefecto y otros puestos relevantes como la Coordinaci\u00f3n Institucional del Gobierno Aut\u00f3nomo Descentralizado de la Provincia de Esmeraldas. <\/p>\t\t\t\t\t\t\t\t<\/div>\n\t\t\t\t<\/div>\n\t\t\t\t\t<\/div>\n\t\t\t\t<\/div>\n\t\t\t\t<\/div>\n\t\t","protected":false},"excerpt":{"rendered":"<p>En un marco de cordialidad y con la finalidad de coordinar futuros trabajos, el abogado C\u00e9sar Pimentel Concha, prefecto (e), mantuvo una reuni\u00f3n de trabajo con la alcaldesa (e) del cant\u00f3n Rioverde, Patty Lul\u00fa Estupi\u00f1\u00e1n, donde trataron varios temas de inter\u00e9s para el desarrollo de la provincia. El prefecto C\u00e9sar Pimentel, manifest\u00f3 su deseo que [&hellip;]<\/p>\n","protected":false},"author":2,"featured_media":20559,"comment_status":"closed","ping_status":"open","sticky":false,"template":"","format":"standard","meta":{"footnotes":""},"categories":[3],"tags":[],"class_list":["post-20550","post","type-post","status-publish","format-standard","has-post-thumbnail","hentry","category-institucional"],"yoast_head":"<!-- This site is optimized with the Yoast SEO plugin v25.7 - https:\/\/yoast.com\/wordpress\/plugins\/seo\/ -->\n<title>Prefecto c\u00e9sar Pimentel mantuvo sesi\u00f3n de trabajo con alcalde de Rioverde. - Gobierno Aut\u00f3nomo Descentralizado de la Provincia de Esmeraldas<\/title>\n<meta name=\"description\" content=\"En un marco de cordialidad y con la finalidad de coordinar futuros trabajos, el abogado C\u00e9sar Pimentel Concha, prefecto (e), mantuvo una reuni\u00f3n de trabajo con la alcaldesa (e) del cant\u00f3n Rioverde, Patty Lul\u00fa Estupi\u00f1\u00e1n, donde trataron varios temas de inter\u00e9s para el desarrollo de la provincia.\" \/>\n<meta name=\"robots\" content=\"index, follow, max-snippet:-1, max-image-preview:large, max-video-preview:-1\" \/>\n<link rel=\"canonical\" href=\"https:\/\/prefecturadeesmeraldas.gob.ec\/index.php\/2023\/01\/09\/la-parroquia-la-tola-en-el-canton-eloy-alfaro-mejora-su-aspecto-junto-a-la-prefectura-de-esmeraldas-y-roberta-zambrano\/\" \/>\n<meta property=\"og:locale\" content=\"es_ES\" \/>\n<meta property=\"og:type\" content=\"article\" \/>\n<meta property=\"og:title\" content=\"Prefecto c\u00e9sar Pimentel mantuvo sesi\u00f3n de trabajo con alcalde de Rioverde. - Gobierno Aut\u00f3nomo Descentralizado de la Provincia de Esmeraldas\" \/>\n<meta property=\"og:description\" content=\"En un marco de cordialidad y con la finalidad de coordinar futuros trabajos, el abogado C\u00e9sar Pimentel Concha, prefecto (e), mantuvo una reuni\u00f3n de trabajo con la alcaldesa (e) del cant\u00f3n Rioverde, Patty Lul\u00fa Estupi\u00f1\u00e1n, donde trataron varios temas de inter\u00e9s para el desarrollo de la provincia.\" \/>\n<meta property=\"og:url\" content=\"https:\/\/prefecturadeesmeraldas.gob.ec\/index.php\/2023\/01\/09\/la-parroquia-la-tola-en-el-canton-eloy-alfaro-mejora-su-aspecto-junto-a-la-prefectura-de-esmeraldas-y-roberta-zambrano\/\" \/>\n<meta property=\"og:site_name\" content=\"Gobierno Aut\u00f3nomo Descentralizado de la Provincia de Esmeraldas\" \/>\n<meta property=\"article:publisher\" content=\"https:\/\/www.facebook.com\/PrefecturaEsmeraldas\/\" \/>\n<meta property=\"article:published_time\" content=\"2023-01-09T20:16:22+00:00\" \/>\n<meta property=\"article:modified_time\" content=\"2023-01-09T20:19:40+00:00\" \/>\n<meta property=\"og:image\" content=\"https:\/\/prefecturadeesmeraldas.gob.ec\/wp-content\/uploads\/2023\/01\/WhatsApp-Image-2023-01-06-at-15.10.30-1.jpeg\" \/>\n\t<meta property=\"og:image:width\" content=\"1024\" \/>\n\t<meta property=\"og:image:height\" content=\"1024\" \/>\n\t<meta property=\"og:image:type\" content=\"image\/jpeg\" \/>\n<meta name=\"author\" content=\"Direcci\u00f3n de Comunicaci\u00f3n\" \/>\n<meta name=\"twitter:card\" content=\"summary_large_image\" \/>\n<meta name=\"twitter:label1\" content=\"Escrito por\" \/>\n\t<meta name=\"twitter:data1\" content=\"Direcci\u00f3n de Comunicaci\u00f3n\" \/>\n\t<meta name=\"twitter:label2\" content=\"Tiempo de lectura\" \/>\n\t<meta name=\"twitter:data2\" content=\"2 minutos\" \/>\n<script type=\"application\/ld+json\" class=\"yoast-schema-graph\">{\"@context\":\"https:\/\/schema.org\",\"@graph\":[{\"@type\":\"Article\",\"@id\":\"https:\/\/prefecturadeesmeraldas.gob.ec\/index.php\/2023\/01\/09\/la-parroquia-la-tola-en-el-canton-eloy-alfaro-mejora-su-aspecto-junto-a-la-prefectura-de-esmeraldas-y-roberta-zambrano\/#article\",\"isPartOf\":{\"@id\":\"https:\/\/prefecturadeesmeraldas.gob.ec\/index.php\/2023\/01\/09\/la-parroquia-la-tola-en-el-canton-eloy-alfaro-mejora-su-aspecto-junto-a-la-prefectura-de-esmeraldas-y-roberta-zambrano\/\"},\"author\":{\"name\":\"Direcci\u00f3n de Comunicaci\u00f3n\",\"@id\":\"https:\/\/prefecturadeesmeraldas.gob.ec\/#\/schema\/person\/b0c9e7b1ead7725994d1e319e8825234\"},\"headline\":\"Prefecto c\u00e9sar Pimentel mantuvo sesi\u00f3n de trabajo con alcalde de Rioverde.\",\"datePublished\":\"2023-01-09T20:16:22+00:00\",\"dateModified\":\"2023-01-09T20:19:40+00:00\",\"mainEntityOfPage\":{\"@id\":\"https:\/\/prefecturadeesmeraldas.gob.ec\/index.php\/2023\/01\/09\/la-parroquia-la-tola-en-el-canton-eloy-alfaro-mejora-su-aspecto-junto-a-la-prefectura-de-esmeraldas-y-roberta-zambrano\/\"},\"wordCount\":225,\"publisher\":{\"@id\":\"https:\/\/prefecturadeesmeraldas.gob.ec\/#organization\"},\"image\":{\"@id\":\"https:\/\/prefecturadeesmeraldas.gob.ec\/index.php\/2023\/01\/09\/la-parroquia-la-tola-en-el-canton-eloy-alfaro-mejora-su-aspecto-junto-a-la-prefectura-de-esmeraldas-y-roberta-zambrano\/#primaryimage\"},\"thumbnailUrl\":\"https:\/\/prefecturadeesmeraldas.gob.ec\/wp-content\/uploads\/2023\/01\/WhatsApp-Image-2023-01-06-at-15.10.30-1.jpeg\",\"articleSection\":[\"Institucional\"],\"inLanguage\":\"es\"},{\"@type\":\"WebPage\",\"@id\":\"https:\/\/prefecturadeesmeraldas.gob.ec\/index.php\/2023\/01\/09\/la-parroquia-la-tola-en-el-canton-eloy-alfaro-mejora-su-aspecto-junto-a-la-prefectura-de-esmeraldas-y-roberta-zambrano\/\",\"url\":\"https:\/\/prefecturadeesmeraldas.gob.ec\/index.php\/2023\/01\/09\/la-parroquia-la-tola-en-el-canton-eloy-alfaro-mejora-su-aspecto-junto-a-la-prefectura-de-esmeraldas-y-roberta-zambrano\/\",\"name\":\"Prefecto c\u00e9sar Pimentel mantuvo sesi\u00f3n de trabajo con alcalde de Rioverde. - Gobierno Aut\u00f3nomo Descentralizado de la Provincia de Esmeraldas\",\"isPartOf\":{\"@id\":\"https:\/\/prefecturadeesmeraldas.gob.ec\/#website\"},\"primaryImageOfPage\":{\"@id\":\"https:\/\/prefecturadeesmeraldas.gob.ec\/index.php\/2023\/01\/09\/la-parroquia-la-tola-en-el-canton-eloy-alfaro-mejora-su-aspecto-junto-a-la-prefectura-de-esmeraldas-y-roberta-zambrano\/#primaryimage\"},\"image\":{\"@id\":\"https:\/\/prefecturadeesmeraldas.gob.ec\/index.php\/2023\/01\/09\/la-parroquia-la-tola-en-el-canton-eloy-alfaro-mejora-su-aspecto-junto-a-la-prefectura-de-esmeraldas-y-roberta-zambrano\/#primaryimage\"},\"thumbnailUrl\":\"https:\/\/prefecturadeesmeraldas.gob.ec\/wp-content\/uploads\/2023\/01\/WhatsApp-Image-2023-01-06-at-15.10.30-1.jpeg\",\"datePublished\":\"2023-01-09T20:16:22+00:00\",\"dateModified\":\"2023-01-09T20:19:40+00:00\",\"description\":\"En un marco de cordialidad y con la finalidad de coordinar futuros trabajos, el abogado C\u00e9sar Pimentel Concha, prefecto (e), mantuvo una reuni\u00f3n de trabajo con la alcaldesa (e) del cant\u00f3n Rioverde, Patty Lul\u00fa Estupi\u00f1\u00e1n, donde trataron varios temas de inter\u00e9s para el desarrollo de la provincia.\",\"breadcrumb\":{\"@id\":\"https:\/\/prefecturadeesmeraldas.gob.ec\/index.php\/2023\/01\/09\/la-parroquia-la-tola-en-el-canton-eloy-alfaro-mejora-su-aspecto-junto-a-la-prefectura-de-esmeraldas-y-roberta-zambrano\/#breadcrumb\"},\"inLanguage\":\"es\",\"potentialAction\":[{\"@type\":\"ReadAction\",\"target\":[\"https:\/\/prefecturadeesmeraldas.gob.ec\/index.php\/2023\/01\/09\/la-parroquia-la-tola-en-el-canton-eloy-alfaro-mejora-su-aspecto-junto-a-la-prefectura-de-esmeraldas-y-roberta-zambrano\/\"]}]},{\"@type\":\"ImageObject\",\"inLanguage\":\"es\",\"@id\":\"https:\/\/prefecturadeesmeraldas.gob.ec\/index.php\/2023\/01\/09\/la-parroquia-la-tola-en-el-canton-eloy-alfaro-mejora-su-aspecto-junto-a-la-prefectura-de-esmeraldas-y-roberta-zambrano\/#primaryimage\",\"url\":\"https:\/\/prefecturadeesmeraldas.gob.ec\/wp-content\/uploads\/2023\/01\/WhatsApp-Image-2023-01-06-at-15.10.30-1.jpeg\",\"contentUrl\":\"https:\/\/prefecturadeesmeraldas.gob.ec\/wp-content\/uploads\/2023\/01\/WhatsApp-Image-2023-01-06-at-15.10.30-1.jpeg\",\"width\":1024,\"height\":1024},{\"@type\":\"BreadcrumbList\",\"@id\":\"https:\/\/prefecturadeesmeraldas.gob.ec\/index.php\/2023\/01\/09\/la-parroquia-la-tola-en-el-canton-eloy-alfaro-mejora-su-aspecto-junto-a-la-prefectura-de-esmeraldas-y-roberta-zambrano\/#breadcrumb\",\"itemListElement\":[{\"@type\":\"ListItem\",\"position\":1,\"name\":\"Home\",\"item\":\"https:\/\/prefecturadeesmeraldas.gob.ec\/\"},{\"@type\":\"ListItem\",\"position\":2,\"name\":\"Prefecto c\u00e9sar Pimentel mantuvo sesi\u00f3n de trabajo con alcalde de Rioverde.\"}]},{\"@type\":\"WebSite\",\"@id\":\"https:\/\/prefecturadeesmeraldas.gob.ec\/#website\",\"url\":\"https:\/\/prefecturadeesmeraldas.gob.ec\/\",\"name\":\"Gobierno Aut\u00f3nomo Descentralizado de la Provincia de Esmeraldas\",\"description\":\"Gobierno Aut\u00f3nomo Descentralizado de la Provincia de Esmeraldas\",\"publisher\":{\"@id\":\"https:\/\/prefecturadeesmeraldas.gob.ec\/#organization\"},\"potentialAction\":[{\"@type\":\"SearchAction\",\"target\":{\"@type\":\"EntryPoint\",\"urlTemplate\":\"https:\/\/prefecturadeesmeraldas.gob.ec\/?s={search_term_string}\"},\"query-input\":{\"@type\":\"PropertyValueSpecification\",\"valueRequired\":true,\"valueName\":\"search_term_string\"}}],\"inLanguage\":\"es\"},{\"@type\":\"Organization\",\"@id\":\"https:\/\/prefecturadeesmeraldas.gob.ec\/#organization\",\"name\":\"Gobierno Aut\u00f3nomo Descentralizado de la Provincia de Esmeraldas\",\"url\":\"https:\/\/prefecturadeesmeraldas.gob.ec\/\",\"logo\":{\"@type\":\"ImageObject\",\"inLanguage\":\"es\",\"@id\":\"https:\/\/prefecturadeesmeraldas.gob.ec\/#\/schema\/logo\/image\/\",\"url\":\"https:\/\/prefecturadeesmeraldas.gob.ec\/wp-content\/uploads\/2019\/06\/logo.png\",\"contentUrl\":\"https:\/\/prefecturadeesmeraldas.gob.ec\/wp-content\/uploads\/2019\/06\/logo.png\",\"width\":859,\"height\":448,\"caption\":\"Gobierno Aut\u00f3nomo Descentralizado de la Provincia de Esmeraldas\"},\"image\":{\"@id\":\"https:\/\/prefecturadeesmeraldas.gob.ec\/#\/schema\/logo\/image\/\"},\"sameAs\":[\"https:\/\/www.facebook.com\/PrefecturaEsmeraldas\/\"]},{\"@type\":\"Person\",\"@id\":\"https:\/\/prefecturadeesmeraldas.gob.ec\/#\/schema\/person\/b0c9e7b1ead7725994d1e319e8825234\",\"name\":\"Direcci\u00f3n de Comunicaci\u00f3n\",\"image\":{\"@type\":\"ImageObject\",\"inLanguage\":\"es\",\"@id\":\"https:\/\/prefecturadeesmeraldas.gob.ec\/#\/schema\/person\/image\/\",\"url\":\"https:\/\/secure.gravatar.com\/avatar\/74a3870a946f5d774ade3569af61a72308e07ad3346f370c4b468ee2a9858658?s=96&d=mm&r=g\",\"contentUrl\":\"https:\/\/secure.gravatar.com\/avatar\/74a3870a946f5d774ade3569af61a72308e07ad3346f370c4b468ee2a9858658?s=96&d=mm&r=g\",\"caption\":\"Direcci\u00f3n de Comunicaci\u00f3n\"}}]}<\/script>\n<!-- \/ Yoast SEO plugin. -->","yoast_head_json":{"title":"Prefecto c\u00e9sar Pimentel mantuvo sesi\u00f3n de trabajo con alcalde de Rioverde. - Gobierno Aut\u00f3nomo Descentralizado de la Provincia de Esmeraldas","description":"En un marco de cordialidad y con la finalidad de coordinar futuros trabajos, el abogado C\u00e9sar Pimentel Concha, prefecto (e), mantuvo una reuni\u00f3n de trabajo con la alcaldesa (e) del cant\u00f3n Rioverde, Patty Lul\u00fa Estupi\u00f1\u00e1n, donde trataron varios temas de inter\u00e9s para el desarrollo de la provincia.","robots":{"index":"index","follow":"follow","max-snippet":"max-snippet:-1","max-image-preview":"max-image-preview:large","max-video-preview":"max-video-preview:-1"},"canonical":"https:\/\/prefecturadeesmeraldas.gob.ec\/index.php\/2023\/01\/09\/la-parroquia-la-tola-en-el-canton-eloy-alfaro-mejora-su-aspecto-junto-a-la-prefectura-de-esmeraldas-y-roberta-zambrano\/","og_locale":"es_ES","og_type":"article","og_title":"Prefecto c\u00e9sar Pimentel mantuvo sesi\u00f3n de trabajo con alcalde de Rioverde. - Gobierno Aut\u00f3nomo Descentralizado de la Provincia de Esmeraldas","og_description":"En un marco de cordialidad y con la finalidad de coordinar futuros trabajos, el abogado C\u00e9sar Pimentel Concha, prefecto (e), mantuvo una reuni\u00f3n de trabajo con la alcaldesa (e) del cant\u00f3n Rioverde, Patty Lul\u00fa Estupi\u00f1\u00e1n, donde trataron varios temas de inter\u00e9s para el desarrollo de la provincia.","og_url":"https:\/\/prefecturadeesmeraldas.gob.ec\/index.php\/2023\/01\/09\/la-parroquia-la-tola-en-el-canton-eloy-alfaro-mejora-su-aspecto-junto-a-la-prefectura-de-esmeraldas-y-roberta-zambrano\/","og_site_name":"Gobierno Aut\u00f3nomo Descentralizado de la Provincia de Esmeraldas","article_publisher":"https:\/\/www.facebook.com\/PrefecturaEsmeraldas\/","article_published_time":"2023-01-09T20:16:22+00:00","article_modified_time":"2023-01-09T20:19:40+00:00","og_image":[{"width":1024,"height":1024,"url":"https:\/\/prefecturadeesmeraldas.gob.ec\/wp-content\/uploads\/2023\/01\/WhatsApp-Image-2023-01-06-at-15.10.30-1.jpeg","type":"image\/jpeg"}],"author":"Direcci\u00f3n de Comunicaci\u00f3n","twitter_card":"summary_large_image","twitter_misc":{"Escrito por":"Direcci\u00f3n de Comunicaci\u00f3n","Tiempo de lectura":"2 minutos"},"schema":{"@context":"https:\/\/schema.org","@graph":[{"@type":"Article","@id":"https:\/\/prefecturadeesmeraldas.gob.ec\/index.php\/2023\/01\/09\/la-parroquia-la-tola-en-el-canton-eloy-alfaro-mejora-su-aspecto-junto-a-la-prefectura-de-esmeraldas-y-roberta-zambrano\/#article","isPartOf":{"@id":"https:\/\/prefecturadeesmeraldas.gob.ec\/index.php\/2023\/01\/09\/la-parroquia-la-tola-en-el-canton-eloy-alfaro-mejora-su-aspecto-junto-a-la-prefectura-de-esmeraldas-y-roberta-zambrano\/"},"author":{"name":"Direcci\u00f3n de Comunicaci\u00f3n","@id":"https:\/\/prefecturadeesmeraldas.gob.ec\/#\/schema\/person\/b0c9e7b1ead7725994d1e319e8825234"},"headline":"Prefecto c\u00e9sar Pimentel mantuvo sesi\u00f3n de trabajo con alcalde de Rioverde.","datePublished":"2023-01-09T20:16:22+00:00","dateModified":"2023-01-09T20:19:40+00:00","mainEntityOfPage":{"@id":"https:\/\/prefecturadeesmeraldas.gob.ec\/index.php\/2023\/01\/09\/la-parroquia-la-tola-en-el-canton-eloy-alfaro-mejora-su-aspecto-junto-a-la-prefectura-de-esmeraldas-y-roberta-zambrano\/"},"wordCount":225,"publisher":{"@id":"https:\/\/prefecturadeesmeraldas.gob.ec\/#organization"},"image":{"@id":"https:\/\/prefecturadeesmeraldas.gob.ec\/index.php\/2023\/01\/09\/la-parroquia-la-tola-en-el-canton-eloy-alfaro-mejora-su-aspecto-junto-a-la-prefectura-de-esmeraldas-y-roberta-zambrano\/#primaryimage"},"thumbnailUrl":"https:\/\/prefecturadeesmeraldas.gob.ec\/wp-content\/uploads\/2023\/01\/WhatsApp-Image-2023-01-06-at-15.10.30-1.jpeg","articleSection":["Institucional"],"inLanguage":"es"},{"@type":"WebPage","@id":"https:\/\/prefecturadeesmeraldas.gob.ec\/index.php\/2023\/01\/09\/la-parroquia-la-tola-en-el-canton-eloy-alfaro-mejora-su-aspecto-junto-a-la-prefectura-de-esmeraldas-y-roberta-zambrano\/","url":"https:\/\/prefecturadeesmeraldas.gob.ec\/index.php\/2023\/01\/09\/la-parroquia-la-tola-en-el-canton-eloy-alfaro-mejora-su-aspecto-junto-a-la-prefectura-de-esmeraldas-y-roberta-zambrano\/","name":"Prefecto c\u00e9sar Pimentel mantuvo sesi\u00f3n de trabajo con alcalde de Rioverde. - Gobierno Aut\u00f3nomo Descentralizado de la Provincia de Esmeraldas","isPartOf":{"@id":"https:\/\/prefecturadeesmeraldas.gob.ec\/#website"},"primaryImageOfPage":{"@id":"https:\/\/prefecturadeesmeraldas.gob.ec\/index.php\/2023\/01\/09\/la-parroquia-la-tola-en-el-canton-eloy-alfaro-mejora-su-aspecto-junto-a-la-prefectura-de-esmeraldas-y-roberta-zambrano\/#primaryimage"},"image":{"@id":"https:\/\/prefecturadeesmeraldas.gob.ec\/index.php\/2023\/01\/09\/la-parroquia-la-tola-en-el-canton-eloy-alfaro-mejora-su-aspecto-junto-a-la-prefectura-de-esmeraldas-y-roberta-zambrano\/#primaryimage"},"thumbnailUrl":"https:\/\/prefecturadeesmeraldas.gob.ec\/wp-content\/uploads\/2023\/01\/WhatsApp-Image-2023-01-06-at-15.10.30-1.jpeg","datePublished":"2023-01-09T20:16:22+00:00","dateModified":"2023-01-09T20:19:40+00:00","description":"En un marco de cordialidad y con la finalidad de coordinar futuros trabajos, el abogado C\u00e9sar Pimentel Concha, prefecto (e), mantuvo una reuni\u00f3n de trabajo con la alcaldesa (e) del cant\u00f3n Rioverde, Patty Lul\u00fa Estupi\u00f1\u00e1n, donde trataron varios temas de inter\u00e9s para el desarrollo de la provincia.","breadcrumb":{"@id":"https:\/\/prefecturadeesmeraldas.gob.ec\/index.php\/2023\/01\/09\/la-parroquia-la-tola-en-el-canton-eloy-alfaro-mejora-su-aspecto-junto-a-la-prefectura-de-esmeraldas-y-roberta-zambrano\/#breadcrumb"},"inLanguage":"es","potentialAction":[{"@type":"ReadAction","target":["https:\/\/prefecturadeesmeraldas.gob.ec\/index.php\/2023\/01\/09\/la-parroquia-la-tola-en-el-canton-eloy-alfaro-mejora-su-aspecto-junto-a-la-prefectura-de-esmeraldas-y-roberta-zambrano\/"]}]},{"@type":"ImageObject","inLanguage":"es","@id":"https:\/\/prefecturadeesmeraldas.gob.ec\/index.php\/2023\/01\/09\/la-parroquia-la-tola-en-el-canton-eloy-alfaro-mejora-su-aspecto-junto-a-la-prefectura-de-esmeraldas-y-roberta-zambrano\/#primaryimage","url":"https:\/\/prefecturadeesmeraldas.gob.ec\/wp-content\/uploads\/2023\/01\/WhatsApp-Image-2023-01-06-at-15.10.30-1.jpeg","contentUrl":"https:\/\/prefecturadeesmeraldas.gob.ec\/wp-content\/uploads\/2023\/01\/WhatsApp-Image-2023-01-06-at-15.10.30-1.jpeg","width":1024,"height":1024},{"@type":"BreadcrumbList","@id":"https:\/\/prefecturadeesmeraldas.gob.ec\/index.php\/2023\/01\/09\/la-parroquia-la-tola-en-el-canton-eloy-alfaro-mejora-su-aspecto-junto-a-la-prefectura-de-esmeraldas-y-roberta-zambrano\/#breadcrumb","itemListElement":[{"@type":"ListItem","position":1,"name":"Home","item":"https:\/\/prefecturadeesmeraldas.gob.ec\/"},{"@type":"ListItem","position":2,"name":"Prefecto c\u00e9sar Pimentel mantuvo sesi\u00f3n de trabajo con alcalde de Rioverde."}]},{"@type":"WebSite","@id":"https:\/\/prefecturadeesmeraldas.gob.ec\/#website","url":"https:\/\/prefecturadeesmeraldas.gob.ec\/","name":"Gobierno Aut\u00f3nomo Descentralizado de la Provincia de Esmeraldas","description":"Gobierno Aut\u00f3nomo Descentralizado de la Provincia de Esmeraldas","publisher":{"@id":"https:\/\/prefecturadeesmeraldas.gob.ec\/#organization"},"potentialAction":[{"@type":"SearchAction","target":{"@type":"EntryPoint","urlTemplate":"https:\/\/prefecturadeesmeraldas.gob.ec\/?s={search_term_string}"},"query-input":{"@type":"PropertyValueSpecification","valueRequired":true,"valueName":"search_term_string"}}],"inLanguage":"es"},{"@type":"Organization","@id":"https:\/\/prefecturadeesmeraldas.gob.ec\/#organization","name":"Gobierno Aut\u00f3nomo Descentralizado de la Provincia de Esmeraldas","url":"https:\/\/prefecturadeesmeraldas.gob.ec\/","logo":{"@type":"ImageObject","inLanguage":"es","@id":"https:\/\/prefecturadeesmeraldas.gob.ec\/#\/schema\/logo\/image\/","url":"https:\/\/prefecturadeesmeraldas.gob.ec\/wp-content\/uploads\/2019\/06\/logo.png","contentUrl":"https:\/\/prefecturadeesmeraldas.gob.ec\/wp-content\/uploads\/2019\/06\/logo.png","width":859,"height":448,"caption":"Gobierno Aut\u00f3nomo Descentralizado de la Provincia de Esmeraldas"},"image":{"@id":"https:\/\/prefecturadeesmeraldas.gob.ec\/#\/schema\/logo\/image\/"},"sameAs":["https:\/\/www.facebook.com\/PrefecturaEsmeraldas\/"]},{"@type":"Person","@id":"https:\/\/prefecturadeesmeraldas.gob.ec\/#\/schema\/person\/b0c9e7b1ead7725994d1e319e8825234","name":"Direcci\u00f3n de Comunicaci\u00f3n","image":{"@type":"ImageObject","inLanguage":"es","@id":"https:\/\/prefecturadeesmeraldas.gob.ec\/#\/schema\/person\/image\/","url":"https:\/\/secure.gravatar.com\/avatar\/74a3870a946f5d774ade3569af61a72308e07ad3346f370c4b468ee2a9858658?s=96&d=mm&r=g","contentUrl":"https:\/\/secure.gravatar.com\/avatar\/74a3870a946f5d774ade3569af61a72308e07ad3346f370c4b468ee2a9858658?s=96&d=mm&r=g","caption":"Direcci\u00f3n de Comunicaci\u00f3n"}}]}},"_links":{"self":[{"href":"https:\/\/prefecturadeesmeraldas.gob.ec\/index.php\/wp-json\/wp\/v2\/posts\/20550","targetHints":{"allow":["GET"]}}],"collection":[{"href":"https:\/\/prefecturadeesmeraldas.gob.ec\/index.php\/wp-json\/wp\/v2\/posts"}],"about":[{"href":"https:\/\/prefecturadeesmeraldas.gob.ec\/index.php\/wp-json\/wp\/v2\/types\/post"}],"author":[{"embeddable":true,"href":"https:\/\/prefecturadeesmeraldas.gob.ec\/index.php\/wp-json\/wp\/v2\/users\/2"}],"replies":[{"embeddable":true,"href":"https:\/\/prefecturadeesmeraldas.gob.ec\/index.php\/wp-json\/wp\/v2\/comments?post=20550"}],"version-history":[{"count":0,"href":"https:\/\/prefecturadeesmeraldas.gob.ec\/index.php\/wp-json\/wp\/v2\/posts\/20550\/revisions"}],"wp:featuredmedia":[{"embeddable":true,"href":"https:\/\/prefecturadeesmeraldas.gob.ec\/index.php\/wp-json\/wp\/v2\/media\/20559"}],"wp:attachment":[{"href":"https:\/\/prefecturadeesmeraldas.gob.ec\/index.php\/wp-json\/wp\/v2\/media?parent=20550"}],"wp:term":[{"taxonomy":"category","embeddable":true,"href":"https:\/\/prefecturadeesmeraldas.gob.ec\/index.php\/wp-json\/wp\/v2\/categories?post=20550"},{"taxonomy":"post_tag","embeddable":true,"href":"https:\/\/prefecturadeesmeraldas.gob.ec\/index.php\/wp-json\/wp\/v2\/tags?post=20550"}],"curies":[{"name":"wp","href":"https:\/\/api.w.org\/{rel}","templated":true}]}}