{"id":20462,"date":"2022-12-19T15:39:41","date_gmt":"2022-12-19T20:39:41","guid":{"rendered":"https:\/\/prefecturadeesmeraldas.gob.ec\/?p=20462"},"modified":"2022-12-19T15:44:17","modified_gmt":"2022-12-19T20:44:17","slug":"prefectura-de-esmeraldas-continua-la-apertura-de-la-via-isla-san-juan-la-cuchilla-en-el-canton-esmeraldas","status":"publish","type":"post","link":"https:\/\/prefecturadeesmeraldas.gob.ec\/index.php\/2022\/12\/19\/prefectura-de-esmeraldas-continua-la-apertura-de-la-via-isla-san-juan-la-cuchilla-en-el-canton-esmeraldas\/","title":{"rendered":"<strong>Prefectura de Esmeraldas continua la apertura de la v\u00eda Isla San Juan \u2013 La Cuchilla, en el cant\u00f3n Esmeraldas.<\/strong>"},"content":{"rendered":"\t\t<div data-elementor-type=\"wp-post\" data-elementor-id=\"20462\" class=\"elementor elementor-20462\">\n\t\t\t\t<div class=\"elementor-element elementor-element-ef3a4c3 e-flex e-con-boxed e-con e-parent\" data-id=\"ef3a4c3\" data-element_type=\"container\">\n\t\t\t\t\t<div class=\"e-con-inner\">\n\t\t\t\t<div class=\"elementor-element elementor-element-0fd04ca elementor-widget elementor-widget-image\" data-id=\"0fd04ca\" data-element_type=\"widget\" data-widget_type=\"image.default\">\n\t\t\t\t<div class=\"elementor-widget-container\">\n\t\t\t\t\t\t\t\t\t\t\t\t\t\t\t<img fetchpriority=\"high\" decoding=\"async\" width=\"1600\" height=\"1600\" src=\"https:\/\/prefecturadeesmeraldas.gob.ec\/wp-content\/uploads\/2022\/12\/111-9.jpg\" class=\"attachment-large size-large wp-image-20463\" alt=\"\" srcset=\"https:\/\/prefecturadeesmeraldas.gob.ec\/wp-content\/uploads\/2022\/12\/111-9.jpg 1600w, https:\/\/prefecturadeesmeraldas.gob.ec\/wp-content\/uploads\/2022\/12\/111-9-300x300.jpg 300w, https:\/\/prefecturadeesmeraldas.gob.ec\/wp-content\/uploads\/2022\/12\/111-9-150x150.jpg 150w, https:\/\/prefecturadeesmeraldas.gob.ec\/wp-content\/uploads\/2022\/12\/111-9-768x768.jpg 768w, https:\/\/prefecturadeesmeraldas.gob.ec\/wp-content\/uploads\/2022\/12\/111-9-1536x1536.jpg 1536w, https:\/\/prefecturadeesmeraldas.gob.ec\/wp-content\/uploads\/2022\/12\/111-9-440x440.jpg 440w, https:\/\/prefecturadeesmeraldas.gob.ec\/wp-content\/uploads\/2022\/12\/111-9-180x180.jpg 180w, https:\/\/prefecturadeesmeraldas.gob.ec\/wp-content\/uploads\/2022\/12\/111-9-120x120.jpg 120w\" sizes=\"(max-width: 1600px) 100vw, 1600px\" \/>\t\t\t\t\t\t\t\t\t\t\t\t\t\t\t<\/div>\n\t\t\t\t<\/div>\n\t\t\t\t\t<\/div>\n\t\t\t\t<\/div>\n\t\t<div class=\"elementor-element elementor-element-9f563bc e-flex e-con-boxed e-con e-parent\" data-id=\"9f563bc\" data-element_type=\"container\">\n\t\t\t\t\t<div class=\"e-con-inner\">\n\t\t\t\t<div class=\"elementor-element elementor-element-6165a87 elementor-widget elementor-widget-text-editor\" data-id=\"6165a87\" data-element_type=\"widget\" data-widget_type=\"text-editor.default\">\n\t\t\t\t<div class=\"elementor-widget-container\">\n\t\t\t\t\t\t\t\t\t<p>Con la finalidad de promover la inclusi\u00f3n de personas en situaci\u00f3n de vulnerabilidad, la Direcci\u00f3n de Acci\u00f3n Social, Inclusi\u00f3n y Participaci\u00f3n (Dasip), realiza el curso de belleza de manera gratuita en el barrio San Jos\u00e9 Obrero, ubicado en la ciudad de Esmeraldas.<\/p><p>Adicional, la Prefectura de Esmeraldas, ejecuta talleres para la protecci\u00f3n y ejercicio de los derechos. Estas activiades pemitir\u00e1n impulsar empredimientos que generen ingresos econ\u00f3micos para las beneficiadas.<\/p><p>Vianka Vera, t\u00e9cnica de Dasip, mencion\u00f3 que, estas acciones permiten que las familias progresen. Adem\u00e1s mencion\u00f3 que, se entregaron kits de maquillajes a cada participante para que as\u00ed se desenvuelvan en el \u00e1mbito laboral.<\/p><p>\u201cGracias prefecta, Roberta Zambrano, usted piensa en nosotras, mujeres que queremos salir adelante, gracias por escucharnos y motivarnos\u201d, expres\u00f3 muy feliz, Johanna Gavilanes, del sector Rio Esmeraldas.<\/p><p>Por su parte, Antonella Vel\u00e1zquez, de la parroquia Tonsupa, del cant\u00f3n Atacames, indic\u00f3 que, con las herramientas entregadas y la formaci\u00f3n t\u00e9cnica, tendr\u00e1 su propio microemprendimiento.<\/p>\t\t\t\t\t\t\t\t<\/div>\n\t\t\t\t<\/div>\n\t\t\t\t\t<\/div>\n\t\t\t\t<\/div>\n\t\t\t\t<\/div>\n\t\t","protected":false},"excerpt":{"rendered":"<p>Con la finalidad de promover la inclusi\u00f3n de personas en situaci\u00f3n de vulnerabilidad, la Direcci\u00f3n de Acci\u00f3n Social, Inclusi\u00f3n y Participaci\u00f3n (Dasip), realiza el curso de belleza de manera gratuita en el barrio San Jos\u00e9 Obrero, ubicado en la ciudad de Esmeraldas. Adicional, la Prefectura de Esmeraldas, ejecuta talleres para la protecci\u00f3n y ejercicio de [&hellip;]<\/p>\n","protected":false},"author":2,"featured_media":20463,"comment_status":"closed","ping_status":"open","sticky":false,"template":"","format":"standard","meta":{"footnotes":""},"categories":[14],"tags":[],"class_list":["post-20462","post","type-post","status-publish","format-standard","has-post-thumbnail","hentry","category-vialidad"],"yoast_head":"<!-- This site is optimized with the Yoast SEO plugin v25.7 - https:\/\/yoast.com\/wordpress\/plugins\/seo\/ -->\n<title>Prefectura de Esmeraldas continua la apertura de la v\u00eda Isla San Juan \u2013 La Cuchilla, en el cant\u00f3n Esmeraldas. - Gobierno Aut\u00f3nomo Descentralizado de la Provincia de Esmeraldas<\/title>\n<meta name=\"description\" content=\"Cumpliendo con el pedido de la comunidad, avanza en un 60% la apertura de la v\u00eda Isla San Juan \u2013 La Cuchilla, trayecto situado en la parroquia Majua del cant\u00f3n Esmeraldas; se trata de un sitio de dif\u00edcil acceso que, gracias a los trabajos efectuados por la Prefectura de Esmeraldas, facilitar\u00e1n las condiciones de vida a quienes habitan en el sector.\" \/>\n<meta name=\"robots\" content=\"index, follow, max-snippet:-1, max-image-preview:large, max-video-preview:-1\" \/>\n<link rel=\"canonical\" href=\"https:\/\/prefecturadeesmeraldas.gob.ec\/index.php\/2022\/12\/19\/prefectura-de-esmeraldas-continua-la-apertura-de-la-via-isla-san-juan-la-cuchilla-en-el-canton-esmeraldas\/\" \/>\n<meta property=\"og:locale\" content=\"es_ES\" \/>\n<meta property=\"og:type\" content=\"article\" \/>\n<meta property=\"og:title\" content=\"Prefectura de Esmeraldas continua la apertura de la v\u00eda Isla San Juan \u2013 La Cuchilla, en el cant\u00f3n Esmeraldas. - Gobierno Aut\u00f3nomo Descentralizado de la Provincia de Esmeraldas\" \/>\n<meta property=\"og:description\" content=\"Cumpliendo con el pedido de la comunidad, avanza en un 60% la apertura de la v\u00eda Isla San Juan \u2013 La Cuchilla, trayecto situado en la parroquia Majua del cant\u00f3n Esmeraldas; se trata de un sitio de dif\u00edcil acceso que, gracias a los trabajos efectuados por la Prefectura de Esmeraldas, facilitar\u00e1n las condiciones de vida a quienes habitan en el sector.\" \/>\n<meta property=\"og:url\" content=\"https:\/\/prefecturadeesmeraldas.gob.ec\/index.php\/2022\/12\/19\/prefectura-de-esmeraldas-continua-la-apertura-de-la-via-isla-san-juan-la-cuchilla-en-el-canton-esmeraldas\/\" \/>\n<meta property=\"og:site_name\" content=\"Gobierno Aut\u00f3nomo Descentralizado de la Provincia de Esmeraldas\" \/>\n<meta property=\"article:publisher\" content=\"https:\/\/www.facebook.com\/PrefecturaEsmeraldas\/\" \/>\n<meta property=\"article:published_time\" content=\"2022-12-19T20:39:41+00:00\" \/>\n<meta property=\"article:modified_time\" content=\"2022-12-19T20:44:17+00:00\" \/>\n<meta property=\"og:image\" content=\"https:\/\/prefecturadeesmeraldas.gob.ec\/wp-content\/uploads\/2022\/12\/111-9.jpg\" \/>\n\t<meta property=\"og:image:width\" content=\"1600\" \/>\n\t<meta property=\"og:image:height\" content=\"1600\" \/>\n\t<meta property=\"og:image:type\" content=\"image\/jpeg\" \/>\n<meta name=\"author\" content=\"Direcci\u00f3n de Comunicaci\u00f3n\" \/>\n<meta name=\"twitter:card\" content=\"summary_large_image\" \/>\n<meta name=\"twitter:label1\" content=\"Escrito por\" \/>\n\t<meta name=\"twitter:data1\" content=\"Direcci\u00f3n de Comunicaci\u00f3n\" \/>\n\t<meta name=\"twitter:label2\" content=\"Tiempo de lectura\" \/>\n\t<meta name=\"twitter:data2\" content=\"1 minuto\" \/>\n<script type=\"application\/ld+json\" class=\"yoast-schema-graph\">{\"@context\":\"https:\/\/schema.org\",\"@graph\":[{\"@type\":\"Article\",\"@id\":\"https:\/\/prefecturadeesmeraldas.gob.ec\/index.php\/2022\/12\/19\/prefectura-de-esmeraldas-continua-la-apertura-de-la-via-isla-san-juan-la-cuchilla-en-el-canton-esmeraldas\/#article\",\"isPartOf\":{\"@id\":\"https:\/\/prefecturadeesmeraldas.gob.ec\/index.php\/2022\/12\/19\/prefectura-de-esmeraldas-continua-la-apertura-de-la-via-isla-san-juan-la-cuchilla-en-el-canton-esmeraldas\/\"},\"author\":{\"name\":\"Direcci\u00f3n de Comunicaci\u00f3n\",\"@id\":\"https:\/\/prefecturadeesmeraldas.gob.ec\/#\/schema\/person\/b0c9e7b1ead7725994d1e319e8825234\"},\"headline\":\"Prefectura de Esmeraldas continua la apertura de la v\u00eda Isla San Juan \u2013 La Cuchilla, en el cant\u00f3n Esmeraldas.\",\"datePublished\":\"2022-12-19T20:39:41+00:00\",\"dateModified\":\"2022-12-19T20:44:17+00:00\",\"mainEntityOfPage\":{\"@id\":\"https:\/\/prefecturadeesmeraldas.gob.ec\/index.php\/2022\/12\/19\/prefectura-de-esmeraldas-continua-la-apertura-de-la-via-isla-san-juan-la-cuchilla-en-el-canton-esmeraldas\/\"},\"wordCount\":191,\"publisher\":{\"@id\":\"https:\/\/prefecturadeesmeraldas.gob.ec\/#organization\"},\"image\":{\"@id\":\"https:\/\/prefecturadeesmeraldas.gob.ec\/index.php\/2022\/12\/19\/prefectura-de-esmeraldas-continua-la-apertura-de-la-via-isla-san-juan-la-cuchilla-en-el-canton-esmeraldas\/#primaryimage\"},\"thumbnailUrl\":\"https:\/\/prefecturadeesmeraldas.gob.ec\/wp-content\/uploads\/2022\/12\/111-9.jpg\",\"articleSection\":[\"Vialidad\"],\"inLanguage\":\"es\"},{\"@type\":\"WebPage\",\"@id\":\"https:\/\/prefecturadeesmeraldas.gob.ec\/index.php\/2022\/12\/19\/prefectura-de-esmeraldas-continua-la-apertura-de-la-via-isla-san-juan-la-cuchilla-en-el-canton-esmeraldas\/\",\"url\":\"https:\/\/prefecturadeesmeraldas.gob.ec\/index.php\/2022\/12\/19\/prefectura-de-esmeraldas-continua-la-apertura-de-la-via-isla-san-juan-la-cuchilla-en-el-canton-esmeraldas\/\",\"name\":\"Prefectura de Esmeraldas continua la apertura de la v\u00eda Isla San Juan \u2013 La Cuchilla, en el cant\u00f3n Esmeraldas. - Gobierno Aut\u00f3nomo Descentralizado de la Provincia de Esmeraldas\",\"isPartOf\":{\"@id\":\"https:\/\/prefecturadeesmeraldas.gob.ec\/#website\"},\"primaryImageOfPage\":{\"@id\":\"https:\/\/prefecturadeesmeraldas.gob.ec\/index.php\/2022\/12\/19\/prefectura-de-esmeraldas-continua-la-apertura-de-la-via-isla-san-juan-la-cuchilla-en-el-canton-esmeraldas\/#primaryimage\"},\"image\":{\"@id\":\"https:\/\/prefecturadeesmeraldas.gob.ec\/index.php\/2022\/12\/19\/prefectura-de-esmeraldas-continua-la-apertura-de-la-via-isla-san-juan-la-cuchilla-en-el-canton-esmeraldas\/#primaryimage\"},\"thumbnailUrl\":\"https:\/\/prefecturadeesmeraldas.gob.ec\/wp-content\/uploads\/2022\/12\/111-9.jpg\",\"datePublished\":\"2022-12-19T20:39:41+00:00\",\"dateModified\":\"2022-12-19T20:44:17+00:00\",\"description\":\"Cumpliendo con el pedido de la comunidad, avanza en un 60% la apertura de la v\u00eda Isla San Juan \u2013 La Cuchilla, trayecto situado en la parroquia Majua del cant\u00f3n Esmeraldas; se trata de un sitio de dif\u00edcil acceso que, gracias a los trabajos efectuados por la Prefectura de Esmeraldas, facilitar\u00e1n las condiciones de vida a quienes habitan en el sector.\",\"breadcrumb\":{\"@id\":\"https:\/\/prefecturadeesmeraldas.gob.ec\/index.php\/2022\/12\/19\/prefectura-de-esmeraldas-continua-la-apertura-de-la-via-isla-san-juan-la-cuchilla-en-el-canton-esmeraldas\/#breadcrumb\"},\"inLanguage\":\"es\",\"potentialAction\":[{\"@type\":\"ReadAction\",\"target\":[\"https:\/\/prefecturadeesmeraldas.gob.ec\/index.php\/2022\/12\/19\/prefectura-de-esmeraldas-continua-la-apertura-de-la-via-isla-san-juan-la-cuchilla-en-el-canton-esmeraldas\/\"]}]},{\"@type\":\"ImageObject\",\"inLanguage\":\"es\",\"@id\":\"https:\/\/prefecturadeesmeraldas.gob.ec\/index.php\/2022\/12\/19\/prefectura-de-esmeraldas-continua-la-apertura-de-la-via-isla-san-juan-la-cuchilla-en-el-canton-esmeraldas\/#primaryimage\",\"url\":\"https:\/\/prefecturadeesmeraldas.gob.ec\/wp-content\/uploads\/2022\/12\/111-9.jpg\",\"contentUrl\":\"https:\/\/prefecturadeesmeraldas.gob.ec\/wp-content\/uploads\/2022\/12\/111-9.jpg\",\"width\":1600,\"height\":1600},{\"@type\":\"BreadcrumbList\",\"@id\":\"https:\/\/prefecturadeesmeraldas.gob.ec\/index.php\/2022\/12\/19\/prefectura-de-esmeraldas-continua-la-apertura-de-la-via-isla-san-juan-la-cuchilla-en-el-canton-esmeraldas\/#breadcrumb\",\"itemListElement\":[{\"@type\":\"ListItem\",\"position\":1,\"name\":\"Home\",\"item\":\"https:\/\/prefecturadeesmeraldas.gob.ec\/\"},{\"@type\":\"ListItem\",\"position\":2,\"name\":\"Prefectura de Esmeraldas continua la apertura de la v\u00eda Isla San Juan \u2013 La Cuchilla, en el cant\u00f3n Esmeraldas.\"}]},{\"@type\":\"WebSite\",\"@id\":\"https:\/\/prefecturadeesmeraldas.gob.ec\/#website\",\"url\":\"https:\/\/prefecturadeesmeraldas.gob.ec\/\",\"name\":\"Gobierno Aut\u00f3nomo Descentralizado de la Provincia de Esmeraldas\",\"description\":\"Gobierno Aut\u00f3nomo Descentralizado de la Provincia de Esmeraldas\",\"publisher\":{\"@id\":\"https:\/\/prefecturadeesmeraldas.gob.ec\/#organization\"},\"potentialAction\":[{\"@type\":\"SearchAction\",\"target\":{\"@type\":\"EntryPoint\",\"urlTemplate\":\"https:\/\/prefecturadeesmeraldas.gob.ec\/?s={search_term_string}\"},\"query-input\":{\"@type\":\"PropertyValueSpecification\",\"valueRequired\":true,\"valueName\":\"search_term_string\"}}],\"inLanguage\":\"es\"},{\"@type\":\"Organization\",\"@id\":\"https:\/\/prefecturadeesmeraldas.gob.ec\/#organization\",\"name\":\"Gobierno Aut\u00f3nomo Descentralizado de la Provincia de Esmeraldas\",\"url\":\"https:\/\/prefecturadeesmeraldas.gob.ec\/\",\"logo\":{\"@type\":\"ImageObject\",\"inLanguage\":\"es\",\"@id\":\"https:\/\/prefecturadeesmeraldas.gob.ec\/#\/schema\/logo\/image\/\",\"url\":\"https:\/\/prefecturadeesmeraldas.gob.ec\/wp-content\/uploads\/2019\/06\/logo.png\",\"contentUrl\":\"https:\/\/prefecturadeesmeraldas.gob.ec\/wp-content\/uploads\/2019\/06\/logo.png\",\"width\":859,\"height\":448,\"caption\":\"Gobierno Aut\u00f3nomo Descentralizado de la Provincia de Esmeraldas\"},\"image\":{\"@id\":\"https:\/\/prefecturadeesmeraldas.gob.ec\/#\/schema\/logo\/image\/\"},\"sameAs\":[\"https:\/\/www.facebook.com\/PrefecturaEsmeraldas\/\"]},{\"@type\":\"Person\",\"@id\":\"https:\/\/prefecturadeesmeraldas.gob.ec\/#\/schema\/person\/b0c9e7b1ead7725994d1e319e8825234\",\"name\":\"Direcci\u00f3n de Comunicaci\u00f3n\",\"image\":{\"@type\":\"ImageObject\",\"inLanguage\":\"es\",\"@id\":\"https:\/\/prefecturadeesmeraldas.gob.ec\/#\/schema\/person\/image\/\",\"url\":\"https:\/\/secure.gravatar.com\/avatar\/74a3870a946f5d774ade3569af61a72308e07ad3346f370c4b468ee2a9858658?s=96&d=mm&r=g\",\"contentUrl\":\"https:\/\/secure.gravatar.com\/avatar\/74a3870a946f5d774ade3569af61a72308e07ad3346f370c4b468ee2a9858658?s=96&d=mm&r=g\",\"caption\":\"Direcci\u00f3n de Comunicaci\u00f3n\"}}]}<\/script>\n<!-- \/ Yoast SEO plugin. -->","yoast_head_json":{"title":"Prefectura de Esmeraldas continua la apertura de la v\u00eda Isla San Juan \u2013 La Cuchilla, en el cant\u00f3n Esmeraldas. - Gobierno Aut\u00f3nomo Descentralizado de la Provincia de Esmeraldas","description":"Cumpliendo con el pedido de la comunidad, avanza en un 60% la apertura de la v\u00eda Isla San Juan \u2013 La Cuchilla, trayecto situado en la parroquia Majua del cant\u00f3n Esmeraldas; se trata de un sitio de dif\u00edcil acceso que, gracias a los trabajos efectuados por la Prefectura de Esmeraldas, facilitar\u00e1n las condiciones de vida a quienes habitan en el sector.","robots":{"index":"index","follow":"follow","max-snippet":"max-snippet:-1","max-image-preview":"max-image-preview:large","max-video-preview":"max-video-preview:-1"},"canonical":"https:\/\/prefecturadeesmeraldas.gob.ec\/index.php\/2022\/12\/19\/prefectura-de-esmeraldas-continua-la-apertura-de-la-via-isla-san-juan-la-cuchilla-en-el-canton-esmeraldas\/","og_locale":"es_ES","og_type":"article","og_title":"Prefectura de Esmeraldas continua la apertura de la v\u00eda Isla San Juan \u2013 La Cuchilla, en el cant\u00f3n Esmeraldas. - Gobierno Aut\u00f3nomo Descentralizado de la Provincia de Esmeraldas","og_description":"Cumpliendo con el pedido de la comunidad, avanza en un 60% la apertura de la v\u00eda Isla San Juan \u2013 La Cuchilla, trayecto situado en la parroquia Majua del cant\u00f3n Esmeraldas; se trata de un sitio de dif\u00edcil acceso que, gracias a los trabajos efectuados por la Prefectura de Esmeraldas, facilitar\u00e1n las condiciones de vida a quienes habitan en el sector.","og_url":"https:\/\/prefecturadeesmeraldas.gob.ec\/index.php\/2022\/12\/19\/prefectura-de-esmeraldas-continua-la-apertura-de-la-via-isla-san-juan-la-cuchilla-en-el-canton-esmeraldas\/","og_site_name":"Gobierno Aut\u00f3nomo Descentralizado de la Provincia de Esmeraldas","article_publisher":"https:\/\/www.facebook.com\/PrefecturaEsmeraldas\/","article_published_time":"2022-12-19T20:39:41+00:00","article_modified_time":"2022-12-19T20:44:17+00:00","og_image":[{"width":1600,"height":1600,"url":"https:\/\/prefecturadeesmeraldas.gob.ec\/wp-content\/uploads\/2022\/12\/111-9.jpg","type":"image\/jpeg"}],"author":"Direcci\u00f3n de Comunicaci\u00f3n","twitter_card":"summary_large_image","twitter_misc":{"Escrito por":"Direcci\u00f3n de Comunicaci\u00f3n","Tiempo de lectura":"1 minuto"},"schema":{"@context":"https:\/\/schema.org","@graph":[{"@type":"Article","@id":"https:\/\/prefecturadeesmeraldas.gob.ec\/index.php\/2022\/12\/19\/prefectura-de-esmeraldas-continua-la-apertura-de-la-via-isla-san-juan-la-cuchilla-en-el-canton-esmeraldas\/#article","isPartOf":{"@id":"https:\/\/prefecturadeesmeraldas.gob.ec\/index.php\/2022\/12\/19\/prefectura-de-esmeraldas-continua-la-apertura-de-la-via-isla-san-juan-la-cuchilla-en-el-canton-esmeraldas\/"},"author":{"name":"Direcci\u00f3n de Comunicaci\u00f3n","@id":"https:\/\/prefecturadeesmeraldas.gob.ec\/#\/schema\/person\/b0c9e7b1ead7725994d1e319e8825234"},"headline":"Prefectura de Esmeraldas continua la apertura de la v\u00eda Isla San Juan \u2013 La Cuchilla, en el cant\u00f3n Esmeraldas.","datePublished":"2022-12-19T20:39:41+00:00","dateModified":"2022-12-19T20:44:17+00:00","mainEntityOfPage":{"@id":"https:\/\/prefecturadeesmeraldas.gob.ec\/index.php\/2022\/12\/19\/prefectura-de-esmeraldas-continua-la-apertura-de-la-via-isla-san-juan-la-cuchilla-en-el-canton-esmeraldas\/"},"wordCount":191,"publisher":{"@id":"https:\/\/prefecturadeesmeraldas.gob.ec\/#organization"},"image":{"@id":"https:\/\/prefecturadeesmeraldas.gob.ec\/index.php\/2022\/12\/19\/prefectura-de-esmeraldas-continua-la-apertura-de-la-via-isla-san-juan-la-cuchilla-en-el-canton-esmeraldas\/#primaryimage"},"thumbnailUrl":"https:\/\/prefecturadeesmeraldas.gob.ec\/wp-content\/uploads\/2022\/12\/111-9.jpg","articleSection":["Vialidad"],"inLanguage":"es"},{"@type":"WebPage","@id":"https:\/\/prefecturadeesmeraldas.gob.ec\/index.php\/2022\/12\/19\/prefectura-de-esmeraldas-continua-la-apertura-de-la-via-isla-san-juan-la-cuchilla-en-el-canton-esmeraldas\/","url":"https:\/\/prefecturadeesmeraldas.gob.ec\/index.php\/2022\/12\/19\/prefectura-de-esmeraldas-continua-la-apertura-de-la-via-isla-san-juan-la-cuchilla-en-el-canton-esmeraldas\/","name":"Prefectura de Esmeraldas continua la apertura de la v\u00eda Isla San Juan \u2013 La Cuchilla, en el cant\u00f3n Esmeraldas. - Gobierno Aut\u00f3nomo Descentralizado de la Provincia de Esmeraldas","isPartOf":{"@id":"https:\/\/prefecturadeesmeraldas.gob.ec\/#website"},"primaryImageOfPage":{"@id":"https:\/\/prefecturadeesmeraldas.gob.ec\/index.php\/2022\/12\/19\/prefectura-de-esmeraldas-continua-la-apertura-de-la-via-isla-san-juan-la-cuchilla-en-el-canton-esmeraldas\/#primaryimage"},"image":{"@id":"https:\/\/prefecturadeesmeraldas.gob.ec\/index.php\/2022\/12\/19\/prefectura-de-esmeraldas-continua-la-apertura-de-la-via-isla-san-juan-la-cuchilla-en-el-canton-esmeraldas\/#primaryimage"},"thumbnailUrl":"https:\/\/prefecturadeesmeraldas.gob.ec\/wp-content\/uploads\/2022\/12\/111-9.jpg","datePublished":"2022-12-19T20:39:41+00:00","dateModified":"2022-12-19T20:44:17+00:00","description":"Cumpliendo con el pedido de la comunidad, avanza en un 60% la apertura de la v\u00eda Isla San Juan \u2013 La Cuchilla, trayecto situado en la parroquia Majua del cant\u00f3n Esmeraldas; se trata de un sitio de dif\u00edcil acceso que, gracias a los trabajos efectuados por la Prefectura de Esmeraldas, facilitar\u00e1n las condiciones de vida a quienes habitan en el sector.","breadcrumb":{"@id":"https:\/\/prefecturadeesmeraldas.gob.ec\/index.php\/2022\/12\/19\/prefectura-de-esmeraldas-continua-la-apertura-de-la-via-isla-san-juan-la-cuchilla-en-el-canton-esmeraldas\/#breadcrumb"},"inLanguage":"es","potentialAction":[{"@type":"ReadAction","target":["https:\/\/prefecturadeesmeraldas.gob.ec\/index.php\/2022\/12\/19\/prefectura-de-esmeraldas-continua-la-apertura-de-la-via-isla-san-juan-la-cuchilla-en-el-canton-esmeraldas\/"]}]},{"@type":"ImageObject","inLanguage":"es","@id":"https:\/\/prefecturadeesmeraldas.gob.ec\/index.php\/2022\/12\/19\/prefectura-de-esmeraldas-continua-la-apertura-de-la-via-isla-san-juan-la-cuchilla-en-el-canton-esmeraldas\/#primaryimage","url":"https:\/\/prefecturadeesmeraldas.gob.ec\/wp-content\/uploads\/2022\/12\/111-9.jpg","contentUrl":"https:\/\/prefecturadeesmeraldas.gob.ec\/wp-content\/uploads\/2022\/12\/111-9.jpg","width":1600,"height":1600},{"@type":"BreadcrumbList","@id":"https:\/\/prefecturadeesmeraldas.gob.ec\/index.php\/2022\/12\/19\/prefectura-de-esmeraldas-continua-la-apertura-de-la-via-isla-san-juan-la-cuchilla-en-el-canton-esmeraldas\/#breadcrumb","itemListElement":[{"@type":"ListItem","position":1,"name":"Home","item":"https:\/\/prefecturadeesmeraldas.gob.ec\/"},{"@type":"ListItem","position":2,"name":"Prefectura de Esmeraldas continua la apertura de la v\u00eda Isla San Juan \u2013 La Cuchilla, en el cant\u00f3n Esmeraldas."}]},{"@type":"WebSite","@id":"https:\/\/prefecturadeesmeraldas.gob.ec\/#website","url":"https:\/\/prefecturadeesmeraldas.gob.ec\/","name":"Gobierno Aut\u00f3nomo Descentralizado de la Provincia de Esmeraldas","description":"Gobierno Aut\u00f3nomo Descentralizado de la Provincia de Esmeraldas","publisher":{"@id":"https:\/\/prefecturadeesmeraldas.gob.ec\/#organization"},"potentialAction":[{"@type":"SearchAction","target":{"@type":"EntryPoint","urlTemplate":"https:\/\/prefecturadeesmeraldas.gob.ec\/?s={search_term_string}"},"query-input":{"@type":"PropertyValueSpecification","valueRequired":true,"valueName":"search_term_string"}}],"inLanguage":"es"},{"@type":"Organization","@id":"https:\/\/prefecturadeesmeraldas.gob.ec\/#organization","name":"Gobierno Aut\u00f3nomo Descentralizado de la Provincia de Esmeraldas","url":"https:\/\/prefecturadeesmeraldas.gob.ec\/","logo":{"@type":"ImageObject","inLanguage":"es","@id":"https:\/\/prefecturadeesmeraldas.gob.ec\/#\/schema\/logo\/image\/","url":"https:\/\/prefecturadeesmeraldas.gob.ec\/wp-content\/uploads\/2019\/06\/logo.png","contentUrl":"https:\/\/prefecturadeesmeraldas.gob.ec\/wp-content\/uploads\/2019\/06\/logo.png","width":859,"height":448,"caption":"Gobierno Aut\u00f3nomo Descentralizado de la Provincia de Esmeraldas"},"image":{"@id":"https:\/\/prefecturadeesmeraldas.gob.ec\/#\/schema\/logo\/image\/"},"sameAs":["https:\/\/www.facebook.com\/PrefecturaEsmeraldas\/"]},{"@type":"Person","@id":"https:\/\/prefecturadeesmeraldas.gob.ec\/#\/schema\/person\/b0c9e7b1ead7725994d1e319e8825234","name":"Direcci\u00f3n de Comunicaci\u00f3n","image":{"@type":"ImageObject","inLanguage":"es","@id":"https:\/\/prefecturadeesmeraldas.gob.ec\/#\/schema\/person\/image\/","url":"https:\/\/secure.gravatar.com\/avatar\/74a3870a946f5d774ade3569af61a72308e07ad3346f370c4b468ee2a9858658?s=96&d=mm&r=g","contentUrl":"https:\/\/secure.gravatar.com\/avatar\/74a3870a946f5d774ade3569af61a72308e07ad3346f370c4b468ee2a9858658?s=96&d=mm&r=g","caption":"Direcci\u00f3n de Comunicaci\u00f3n"}}]}},"_links":{"self":[{"href":"https:\/\/prefecturadeesmeraldas.gob.ec\/index.php\/wp-json\/wp\/v2\/posts\/20462","targetHints":{"allow":["GET"]}}],"collection":[{"href":"https:\/\/prefecturadeesmeraldas.gob.ec\/index.php\/wp-json\/wp\/v2\/posts"}],"about":[{"href":"https:\/\/prefecturadeesmeraldas.gob.ec\/index.php\/wp-json\/wp\/v2\/types\/post"}],"author":[{"embeddable":true,"href":"https:\/\/prefecturadeesmeraldas.gob.ec\/index.php\/wp-json\/wp\/v2\/users\/2"}],"replies":[{"embeddable":true,"href":"https:\/\/prefecturadeesmeraldas.gob.ec\/index.php\/wp-json\/wp\/v2\/comments?post=20462"}],"version-history":[{"count":0,"href":"https:\/\/prefecturadeesmeraldas.gob.ec\/index.php\/wp-json\/wp\/v2\/posts\/20462\/revisions"}],"wp:featuredmedia":[{"embeddable":true,"href":"https:\/\/prefecturadeesmeraldas.gob.ec\/index.php\/wp-json\/wp\/v2\/media\/20463"}],"wp:attachment":[{"href":"https:\/\/prefecturadeesmeraldas.gob.ec\/index.php\/wp-json\/wp\/v2\/media?parent=20462"}],"wp:term":[{"taxonomy":"category","embeddable":true,"href":"https:\/\/prefecturadeesmeraldas.gob.ec\/index.php\/wp-json\/wp\/v2\/categories?post=20462"},{"taxonomy":"post_tag","embeddable":true,"href":"https:\/\/prefecturadeesmeraldas.gob.ec\/index.php\/wp-json\/wp\/v2\/tags?post=20462"}],"curies":[{"name":"wp","href":"https:\/\/api.w.org\/{rel}","templated":true}]}}