{"id":20447,"date":"2022-12-19T15:29:25","date_gmt":"2022-12-19T20:29:25","guid":{"rendered":"https:\/\/prefecturadeesmeraldas.gob.ec\/?p=20447"},"modified":"2022-12-19T15:32:49","modified_gmt":"2022-12-19T20:32:49","slug":"prefectura-entrega-40-contenedores-para-desechos-a-las-juntas-parroquiales","status":"publish","type":"post","link":"https:\/\/prefecturadeesmeraldas.gob.ec\/index.php\/2022\/12\/19\/prefectura-entrega-40-contenedores-para-desechos-a-las-juntas-parroquiales\/","title":{"rendered":"<strong>Prefectura entrega 40 contenedores para desechos a las juntas parroquiales.<\/strong>"},"content":{"rendered":"\t\t<div data-elementor-type=\"wp-post\" data-elementor-id=\"20447\" class=\"elementor elementor-20447\">\n\t\t\t\t<div class=\"elementor-element elementor-element-1cd21fa e-flex e-con-boxed e-con e-parent\" data-id=\"1cd21fa\" data-element_type=\"container\">\n\t\t\t\t\t<div class=\"e-con-inner\">\n\t\t\t\t<div class=\"elementor-element elementor-element-73b2db2 elementor-widget elementor-widget-image\" data-id=\"73b2db2\" data-element_type=\"widget\" data-widget_type=\"image.default\">\n\t\t\t\t<div class=\"elementor-widget-container\">\n\t\t\t\t\t\t\t\t\t\t\t\t\t\t\t<img fetchpriority=\"high\" decoding=\"async\" width=\"1024\" height=\"1024\" src=\"https:\/\/prefecturadeesmeraldas.gob.ec\/wp-content\/uploads\/2022\/12\/WhatsApp-Image-2022-12-16-at-11.51.23-1.jpeg\" class=\"attachment-large size-large wp-image-20449\" alt=\"\" srcset=\"https:\/\/prefecturadeesmeraldas.gob.ec\/wp-content\/uploads\/2022\/12\/WhatsApp-Image-2022-12-16-at-11.51.23-1.jpeg 1024w, https:\/\/prefecturadeesmeraldas.gob.ec\/wp-content\/uploads\/2022\/12\/WhatsApp-Image-2022-12-16-at-11.51.23-1-300x300.jpeg 300w, https:\/\/prefecturadeesmeraldas.gob.ec\/wp-content\/uploads\/2022\/12\/WhatsApp-Image-2022-12-16-at-11.51.23-1-150x150.jpeg 150w, https:\/\/prefecturadeesmeraldas.gob.ec\/wp-content\/uploads\/2022\/12\/WhatsApp-Image-2022-12-16-at-11.51.23-1-768x768.jpeg 768w, https:\/\/prefecturadeesmeraldas.gob.ec\/wp-content\/uploads\/2022\/12\/WhatsApp-Image-2022-12-16-at-11.51.23-1-440x440.jpeg 440w, https:\/\/prefecturadeesmeraldas.gob.ec\/wp-content\/uploads\/2022\/12\/WhatsApp-Image-2022-12-16-at-11.51.23-1-180x180.jpeg 180w, https:\/\/prefecturadeesmeraldas.gob.ec\/wp-content\/uploads\/2022\/12\/WhatsApp-Image-2022-12-16-at-11.51.23-1-120x120.jpeg 120w\" sizes=\"(max-width: 1024px) 100vw, 1024px\" \/>\t\t\t\t\t\t\t\t\t\t\t\t\t\t\t<\/div>\n\t\t\t\t<\/div>\n\t\t\t\t\t<\/div>\n\t\t\t\t<\/div>\n\t\t<div class=\"elementor-element elementor-element-c494e76 e-flex e-con-boxed e-con e-parent\" data-id=\"c494e76\" data-element_type=\"container\">\n\t\t\t\t\t<div class=\"e-con-inner\">\n\t\t\t\t<div class=\"elementor-element elementor-element-590536a elementor-widget elementor-widget-text-editor\" data-id=\"590536a\" data-element_type=\"widget\" data-widget_type=\"text-editor.default\">\n\t\t\t\t<div class=\"elementor-widget-container\">\n\t\t\t\t\t\t\t\t\t<p>Son 40, los contenedores para recolecci\u00f3n de desechos, que fueron entregados la ma\u00f1ana de este viernes 16 de diciembre, a los representantes de las juntas parroquiales de los cantones Esmeraldas, Eloy Alfaro, Muisne, Atacames, Rioverde, San Lorenzo y Quinind\u00e9.<\/p><p>En el acto, el viceprefecto, <strong>Cesar Pimentel Concha<\/strong>, destac\u00f3 que, a trav\u00e9s de la Direcci\u00f3n de Gesti\u00f3n Ambiental de la Prefectura, como autoridad ambiental de cooperaci\u00f3n, proporcionamos estos contenedores a las Juntas Parroquiales con el objetivo de fomentar las buenas pr\u00e1cticas ambientales.<\/p><p>Destac\u00f3 que, estos contenedores no representan gastos para las Juntas Parroquiales ya que, fueron adquiridos de manera directa por la Prefectura de Esmeraldas.<\/p><p>Se trata de contenedores de alta resistencia a la lluvia, al sol y a la salinidad.<\/p><p>Tienen una capacidad de 1.100 litros y est\u00e1n dotados de ruedas para su f\u00e1cil movilizaci\u00f3n.<\/p><p>Esta es la segunda entrega masiva de contenedores que realiza la Prefectura de Esmeraldas a las Juntas Parroquiales en esta administraci\u00f3n, seg\u00fan destac\u00f3 Janino Carvache, director de Gesti\u00f3n Ambiental.<\/p>\t\t\t\t\t\t\t\t<\/div>\n\t\t\t\t<\/div>\n\t\t\t\t\t<\/div>\n\t\t\t\t<\/div>\n\t\t\t\t<\/div>\n\t\t","protected":false},"excerpt":{"rendered":"<p>Son 40, los contenedores para recolecci\u00f3n de desechos, que fueron entregados la ma\u00f1ana de este viernes 16 de diciembre, a los representantes de las juntas parroquiales de los cantones Esmeraldas, Eloy Alfaro, Muisne, Atacames, Rioverde, San Lorenzo y Quinind\u00e9. En el acto, el viceprefecto, Cesar Pimentel Concha, destac\u00f3 que, a trav\u00e9s de la Direcci\u00f3n de [&hellip;]<\/p>\n","protected":false},"author":2,"featured_media":20453,"comment_status":"closed","ping_status":"open","sticky":false,"template":"","format":"standard","meta":{"footnotes":""},"categories":[16],"tags":[],"class_list":["post-20447","post","type-post","status-publish","format-standard","has-post-thumbnail","hentry","category-ambiental"],"yoast_head":"<!-- This site is optimized with the Yoast SEO plugin v25.7 - https:\/\/yoast.com\/wordpress\/plugins\/seo\/ -->\n<title>Prefectura entrega 40 contenedores para desechos a las juntas parroquiales. - Gobierno Aut\u00f3nomo Descentralizado de la Provincia de Esmeraldas<\/title>\n<meta name=\"description\" content=\"Son 40, los contenedores para recolecci\u00f3n de desechos, que fueron entregados la ma\u00f1ana de este viernes 16 de diciembre, a los representantes de las juntas parroquiales de los cantones Esmeraldas, Eloy Alfaro, Muisne, Atacames, Rioverde, San Lorenzo y Quinind\u00e9.\" \/>\n<meta name=\"robots\" content=\"index, follow, max-snippet:-1, max-image-preview:large, max-video-preview:-1\" \/>\n<link rel=\"canonical\" href=\"https:\/\/prefecturadeesmeraldas.gob.ec\/index.php\/2022\/12\/19\/prefectura-entrega-40-contenedores-para-desechos-a-las-juntas-parroquiales\/\" \/>\n<meta property=\"og:locale\" content=\"es_ES\" \/>\n<meta property=\"og:type\" content=\"article\" \/>\n<meta property=\"og:title\" content=\"Prefectura entrega 40 contenedores para desechos a las juntas parroquiales. - Gobierno Aut\u00f3nomo Descentralizado de la Provincia de Esmeraldas\" \/>\n<meta property=\"og:description\" content=\"Son 40, los contenedores para recolecci\u00f3n de desechos, que fueron entregados la ma\u00f1ana de este viernes 16 de diciembre, a los representantes de las juntas parroquiales de los cantones Esmeraldas, Eloy Alfaro, Muisne, Atacames, Rioverde, San Lorenzo y Quinind\u00e9.\" \/>\n<meta property=\"og:url\" content=\"https:\/\/prefecturadeesmeraldas.gob.ec\/index.php\/2022\/12\/19\/prefectura-entrega-40-contenedores-para-desechos-a-las-juntas-parroquiales\/\" \/>\n<meta property=\"og:site_name\" content=\"Gobierno Aut\u00f3nomo Descentralizado de la Provincia de Esmeraldas\" \/>\n<meta property=\"article:publisher\" content=\"https:\/\/www.facebook.com\/PrefecturaEsmeraldas\/\" \/>\n<meta property=\"article:published_time\" content=\"2022-12-19T20:29:25+00:00\" \/>\n<meta property=\"article:modified_time\" content=\"2022-12-19T20:32:49+00:00\" \/>\n<meta property=\"og:image\" content=\"https:\/\/prefecturadeesmeraldas.gob.ec\/wp-content\/uploads\/2022\/12\/WhatsApp-Image-2022-12-16-at-11.51.23-2.jpeg\" \/>\n\t<meta property=\"og:image:width\" content=\"1024\" \/>\n\t<meta property=\"og:image:height\" content=\"1024\" \/>\n\t<meta property=\"og:image:type\" content=\"image\/jpeg\" \/>\n<meta name=\"author\" content=\"Direcci\u00f3n de Comunicaci\u00f3n\" \/>\n<meta name=\"twitter:card\" content=\"summary_large_image\" \/>\n<meta name=\"twitter:label1\" content=\"Escrito por\" \/>\n\t<meta name=\"twitter:data1\" content=\"Direcci\u00f3n de Comunicaci\u00f3n\" \/>\n\t<meta name=\"twitter:label2\" content=\"Tiempo de lectura\" \/>\n\t<meta name=\"twitter:data2\" content=\"1 minuto\" \/>\n<script type=\"application\/ld+json\" class=\"yoast-schema-graph\">{\"@context\":\"https:\/\/schema.org\",\"@graph\":[{\"@type\":\"Article\",\"@id\":\"https:\/\/prefecturadeesmeraldas.gob.ec\/index.php\/2022\/12\/19\/prefectura-entrega-40-contenedores-para-desechos-a-las-juntas-parroquiales\/#article\",\"isPartOf\":{\"@id\":\"https:\/\/prefecturadeesmeraldas.gob.ec\/index.php\/2022\/12\/19\/prefectura-entrega-40-contenedores-para-desechos-a-las-juntas-parroquiales\/\"},\"author\":{\"name\":\"Direcci\u00f3n de Comunicaci\u00f3n\",\"@id\":\"https:\/\/prefecturadeesmeraldas.gob.ec\/#\/schema\/person\/b0c9e7b1ead7725994d1e319e8825234\"},\"headline\":\"Prefectura entrega 40 contenedores para desechos a las juntas parroquiales.\",\"datePublished\":\"2022-12-19T20:29:25+00:00\",\"dateModified\":\"2022-12-19T20:32:49+00:00\",\"mainEntityOfPage\":{\"@id\":\"https:\/\/prefecturadeesmeraldas.gob.ec\/index.php\/2022\/12\/19\/prefectura-entrega-40-contenedores-para-desechos-a-las-juntas-parroquiales\/\"},\"wordCount\":183,\"publisher\":{\"@id\":\"https:\/\/prefecturadeesmeraldas.gob.ec\/#organization\"},\"image\":{\"@id\":\"https:\/\/prefecturadeesmeraldas.gob.ec\/index.php\/2022\/12\/19\/prefectura-entrega-40-contenedores-para-desechos-a-las-juntas-parroquiales\/#primaryimage\"},\"thumbnailUrl\":\"https:\/\/prefecturadeesmeraldas.gob.ec\/wp-content\/uploads\/2022\/12\/WhatsApp-Image-2022-12-16-at-11.51.23-2.jpeg\",\"articleSection\":[\"Ambiental\"],\"inLanguage\":\"es\"},{\"@type\":\"WebPage\",\"@id\":\"https:\/\/prefecturadeesmeraldas.gob.ec\/index.php\/2022\/12\/19\/prefectura-entrega-40-contenedores-para-desechos-a-las-juntas-parroquiales\/\",\"url\":\"https:\/\/prefecturadeesmeraldas.gob.ec\/index.php\/2022\/12\/19\/prefectura-entrega-40-contenedores-para-desechos-a-las-juntas-parroquiales\/\",\"name\":\"Prefectura entrega 40 contenedores para desechos a las juntas parroquiales. - Gobierno Aut\u00f3nomo Descentralizado de la Provincia de Esmeraldas\",\"isPartOf\":{\"@id\":\"https:\/\/prefecturadeesmeraldas.gob.ec\/#website\"},\"primaryImageOfPage\":{\"@id\":\"https:\/\/prefecturadeesmeraldas.gob.ec\/index.php\/2022\/12\/19\/prefectura-entrega-40-contenedores-para-desechos-a-las-juntas-parroquiales\/#primaryimage\"},\"image\":{\"@id\":\"https:\/\/prefecturadeesmeraldas.gob.ec\/index.php\/2022\/12\/19\/prefectura-entrega-40-contenedores-para-desechos-a-las-juntas-parroquiales\/#primaryimage\"},\"thumbnailUrl\":\"https:\/\/prefecturadeesmeraldas.gob.ec\/wp-content\/uploads\/2022\/12\/WhatsApp-Image-2022-12-16-at-11.51.23-2.jpeg\",\"datePublished\":\"2022-12-19T20:29:25+00:00\",\"dateModified\":\"2022-12-19T20:32:49+00:00\",\"description\":\"Son 40, los contenedores para recolecci\u00f3n de desechos, que fueron entregados la ma\u00f1ana de este viernes 16 de diciembre, a los representantes de las juntas parroquiales de los cantones Esmeraldas, Eloy Alfaro, Muisne, Atacames, Rioverde, San Lorenzo y Quinind\u00e9.\",\"breadcrumb\":{\"@id\":\"https:\/\/prefecturadeesmeraldas.gob.ec\/index.php\/2022\/12\/19\/prefectura-entrega-40-contenedores-para-desechos-a-las-juntas-parroquiales\/#breadcrumb\"},\"inLanguage\":\"es\",\"potentialAction\":[{\"@type\":\"ReadAction\",\"target\":[\"https:\/\/prefecturadeesmeraldas.gob.ec\/index.php\/2022\/12\/19\/prefectura-entrega-40-contenedores-para-desechos-a-las-juntas-parroquiales\/\"]}]},{\"@type\":\"ImageObject\",\"inLanguage\":\"es\",\"@id\":\"https:\/\/prefecturadeesmeraldas.gob.ec\/index.php\/2022\/12\/19\/prefectura-entrega-40-contenedores-para-desechos-a-las-juntas-parroquiales\/#primaryimage\",\"url\":\"https:\/\/prefecturadeesmeraldas.gob.ec\/wp-content\/uploads\/2022\/12\/WhatsApp-Image-2022-12-16-at-11.51.23-2.jpeg\",\"contentUrl\":\"https:\/\/prefecturadeesmeraldas.gob.ec\/wp-content\/uploads\/2022\/12\/WhatsApp-Image-2022-12-16-at-11.51.23-2.jpeg\",\"width\":1024,\"height\":1024},{\"@type\":\"BreadcrumbList\",\"@id\":\"https:\/\/prefecturadeesmeraldas.gob.ec\/index.php\/2022\/12\/19\/prefectura-entrega-40-contenedores-para-desechos-a-las-juntas-parroquiales\/#breadcrumb\",\"itemListElement\":[{\"@type\":\"ListItem\",\"position\":1,\"name\":\"Home\",\"item\":\"https:\/\/prefecturadeesmeraldas.gob.ec\/\"},{\"@type\":\"ListItem\",\"position\":2,\"name\":\"Prefectura entrega 40 contenedores para desechos a las juntas parroquiales.\"}]},{\"@type\":\"WebSite\",\"@id\":\"https:\/\/prefecturadeesmeraldas.gob.ec\/#website\",\"url\":\"https:\/\/prefecturadeesmeraldas.gob.ec\/\",\"name\":\"Gobierno Aut\u00f3nomo Descentralizado de la Provincia de Esmeraldas\",\"description\":\"Gobierno Aut\u00f3nomo Descentralizado de la Provincia de Esmeraldas\",\"publisher\":{\"@id\":\"https:\/\/prefecturadeesmeraldas.gob.ec\/#organization\"},\"potentialAction\":[{\"@type\":\"SearchAction\",\"target\":{\"@type\":\"EntryPoint\",\"urlTemplate\":\"https:\/\/prefecturadeesmeraldas.gob.ec\/?s={search_term_string}\"},\"query-input\":{\"@type\":\"PropertyValueSpecification\",\"valueRequired\":true,\"valueName\":\"search_term_string\"}}],\"inLanguage\":\"es\"},{\"@type\":\"Organization\",\"@id\":\"https:\/\/prefecturadeesmeraldas.gob.ec\/#organization\",\"name\":\"Gobierno Aut\u00f3nomo Descentralizado de la Provincia de Esmeraldas\",\"url\":\"https:\/\/prefecturadeesmeraldas.gob.ec\/\",\"logo\":{\"@type\":\"ImageObject\",\"inLanguage\":\"es\",\"@id\":\"https:\/\/prefecturadeesmeraldas.gob.ec\/#\/schema\/logo\/image\/\",\"url\":\"https:\/\/prefecturadeesmeraldas.gob.ec\/wp-content\/uploads\/2019\/06\/logo.png\",\"contentUrl\":\"https:\/\/prefecturadeesmeraldas.gob.ec\/wp-content\/uploads\/2019\/06\/logo.png\",\"width\":859,\"height\":448,\"caption\":\"Gobierno Aut\u00f3nomo Descentralizado de la Provincia de Esmeraldas\"},\"image\":{\"@id\":\"https:\/\/prefecturadeesmeraldas.gob.ec\/#\/schema\/logo\/image\/\"},\"sameAs\":[\"https:\/\/www.facebook.com\/PrefecturaEsmeraldas\/\"]},{\"@type\":\"Person\",\"@id\":\"https:\/\/prefecturadeesmeraldas.gob.ec\/#\/schema\/person\/b0c9e7b1ead7725994d1e319e8825234\",\"name\":\"Direcci\u00f3n de Comunicaci\u00f3n\",\"image\":{\"@type\":\"ImageObject\",\"inLanguage\":\"es\",\"@id\":\"https:\/\/prefecturadeesmeraldas.gob.ec\/#\/schema\/person\/image\/\",\"url\":\"https:\/\/secure.gravatar.com\/avatar\/74a3870a946f5d774ade3569af61a72308e07ad3346f370c4b468ee2a9858658?s=96&d=mm&r=g\",\"contentUrl\":\"https:\/\/secure.gravatar.com\/avatar\/74a3870a946f5d774ade3569af61a72308e07ad3346f370c4b468ee2a9858658?s=96&d=mm&r=g\",\"caption\":\"Direcci\u00f3n de Comunicaci\u00f3n\"}}]}<\/script>\n<!-- \/ Yoast SEO plugin. -->","yoast_head_json":{"title":"Prefectura entrega 40 contenedores para desechos a las juntas parroquiales. - Gobierno Aut\u00f3nomo Descentralizado de la Provincia de Esmeraldas","description":"Son 40, los contenedores para recolecci\u00f3n de desechos, que fueron entregados la ma\u00f1ana de este viernes 16 de diciembre, a los representantes de las juntas parroquiales de los cantones Esmeraldas, Eloy Alfaro, Muisne, Atacames, Rioverde, San Lorenzo y Quinind\u00e9.","robots":{"index":"index","follow":"follow","max-snippet":"max-snippet:-1","max-image-preview":"max-image-preview:large","max-video-preview":"max-video-preview:-1"},"canonical":"https:\/\/prefecturadeesmeraldas.gob.ec\/index.php\/2022\/12\/19\/prefectura-entrega-40-contenedores-para-desechos-a-las-juntas-parroquiales\/","og_locale":"es_ES","og_type":"article","og_title":"Prefectura entrega 40 contenedores para desechos a las juntas parroquiales. - Gobierno Aut\u00f3nomo Descentralizado de la Provincia de Esmeraldas","og_description":"Son 40, los contenedores para recolecci\u00f3n de desechos, que fueron entregados la ma\u00f1ana de este viernes 16 de diciembre, a los representantes de las juntas parroquiales de los cantones Esmeraldas, Eloy Alfaro, Muisne, Atacames, Rioverde, San Lorenzo y Quinind\u00e9.","og_url":"https:\/\/prefecturadeesmeraldas.gob.ec\/index.php\/2022\/12\/19\/prefectura-entrega-40-contenedores-para-desechos-a-las-juntas-parroquiales\/","og_site_name":"Gobierno Aut\u00f3nomo Descentralizado de la Provincia de Esmeraldas","article_publisher":"https:\/\/www.facebook.com\/PrefecturaEsmeraldas\/","article_published_time":"2022-12-19T20:29:25+00:00","article_modified_time":"2022-12-19T20:32:49+00:00","og_image":[{"width":1024,"height":1024,"url":"https:\/\/prefecturadeesmeraldas.gob.ec\/wp-content\/uploads\/2022\/12\/WhatsApp-Image-2022-12-16-at-11.51.23-2.jpeg","type":"image\/jpeg"}],"author":"Direcci\u00f3n de Comunicaci\u00f3n","twitter_card":"summary_large_image","twitter_misc":{"Escrito por":"Direcci\u00f3n de Comunicaci\u00f3n","Tiempo de lectura":"1 minuto"},"schema":{"@context":"https:\/\/schema.org","@graph":[{"@type":"Article","@id":"https:\/\/prefecturadeesmeraldas.gob.ec\/index.php\/2022\/12\/19\/prefectura-entrega-40-contenedores-para-desechos-a-las-juntas-parroquiales\/#article","isPartOf":{"@id":"https:\/\/prefecturadeesmeraldas.gob.ec\/index.php\/2022\/12\/19\/prefectura-entrega-40-contenedores-para-desechos-a-las-juntas-parroquiales\/"},"author":{"name":"Direcci\u00f3n de Comunicaci\u00f3n","@id":"https:\/\/prefecturadeesmeraldas.gob.ec\/#\/schema\/person\/b0c9e7b1ead7725994d1e319e8825234"},"headline":"Prefectura entrega 40 contenedores para desechos a las juntas parroquiales.","datePublished":"2022-12-19T20:29:25+00:00","dateModified":"2022-12-19T20:32:49+00:00","mainEntityOfPage":{"@id":"https:\/\/prefecturadeesmeraldas.gob.ec\/index.php\/2022\/12\/19\/prefectura-entrega-40-contenedores-para-desechos-a-las-juntas-parroquiales\/"},"wordCount":183,"publisher":{"@id":"https:\/\/prefecturadeesmeraldas.gob.ec\/#organization"},"image":{"@id":"https:\/\/prefecturadeesmeraldas.gob.ec\/index.php\/2022\/12\/19\/prefectura-entrega-40-contenedores-para-desechos-a-las-juntas-parroquiales\/#primaryimage"},"thumbnailUrl":"https:\/\/prefecturadeesmeraldas.gob.ec\/wp-content\/uploads\/2022\/12\/WhatsApp-Image-2022-12-16-at-11.51.23-2.jpeg","articleSection":["Ambiental"],"inLanguage":"es"},{"@type":"WebPage","@id":"https:\/\/prefecturadeesmeraldas.gob.ec\/index.php\/2022\/12\/19\/prefectura-entrega-40-contenedores-para-desechos-a-las-juntas-parroquiales\/","url":"https:\/\/prefecturadeesmeraldas.gob.ec\/index.php\/2022\/12\/19\/prefectura-entrega-40-contenedores-para-desechos-a-las-juntas-parroquiales\/","name":"Prefectura entrega 40 contenedores para desechos a las juntas parroquiales. - Gobierno Aut\u00f3nomo Descentralizado de la Provincia de Esmeraldas","isPartOf":{"@id":"https:\/\/prefecturadeesmeraldas.gob.ec\/#website"},"primaryImageOfPage":{"@id":"https:\/\/prefecturadeesmeraldas.gob.ec\/index.php\/2022\/12\/19\/prefectura-entrega-40-contenedores-para-desechos-a-las-juntas-parroquiales\/#primaryimage"},"image":{"@id":"https:\/\/prefecturadeesmeraldas.gob.ec\/index.php\/2022\/12\/19\/prefectura-entrega-40-contenedores-para-desechos-a-las-juntas-parroquiales\/#primaryimage"},"thumbnailUrl":"https:\/\/prefecturadeesmeraldas.gob.ec\/wp-content\/uploads\/2022\/12\/WhatsApp-Image-2022-12-16-at-11.51.23-2.jpeg","datePublished":"2022-12-19T20:29:25+00:00","dateModified":"2022-12-19T20:32:49+00:00","description":"Son 40, los contenedores para recolecci\u00f3n de desechos, que fueron entregados la ma\u00f1ana de este viernes 16 de diciembre, a los representantes de las juntas parroquiales de los cantones Esmeraldas, Eloy Alfaro, Muisne, Atacames, Rioverde, San Lorenzo y Quinind\u00e9.","breadcrumb":{"@id":"https:\/\/prefecturadeesmeraldas.gob.ec\/index.php\/2022\/12\/19\/prefectura-entrega-40-contenedores-para-desechos-a-las-juntas-parroquiales\/#breadcrumb"},"inLanguage":"es","potentialAction":[{"@type":"ReadAction","target":["https:\/\/prefecturadeesmeraldas.gob.ec\/index.php\/2022\/12\/19\/prefectura-entrega-40-contenedores-para-desechos-a-las-juntas-parroquiales\/"]}]},{"@type":"ImageObject","inLanguage":"es","@id":"https:\/\/prefecturadeesmeraldas.gob.ec\/index.php\/2022\/12\/19\/prefectura-entrega-40-contenedores-para-desechos-a-las-juntas-parroquiales\/#primaryimage","url":"https:\/\/prefecturadeesmeraldas.gob.ec\/wp-content\/uploads\/2022\/12\/WhatsApp-Image-2022-12-16-at-11.51.23-2.jpeg","contentUrl":"https:\/\/prefecturadeesmeraldas.gob.ec\/wp-content\/uploads\/2022\/12\/WhatsApp-Image-2022-12-16-at-11.51.23-2.jpeg","width":1024,"height":1024},{"@type":"BreadcrumbList","@id":"https:\/\/prefecturadeesmeraldas.gob.ec\/index.php\/2022\/12\/19\/prefectura-entrega-40-contenedores-para-desechos-a-las-juntas-parroquiales\/#breadcrumb","itemListElement":[{"@type":"ListItem","position":1,"name":"Home","item":"https:\/\/prefecturadeesmeraldas.gob.ec\/"},{"@type":"ListItem","position":2,"name":"Prefectura entrega 40 contenedores para desechos a las juntas parroquiales."}]},{"@type":"WebSite","@id":"https:\/\/prefecturadeesmeraldas.gob.ec\/#website","url":"https:\/\/prefecturadeesmeraldas.gob.ec\/","name":"Gobierno Aut\u00f3nomo Descentralizado de la Provincia de Esmeraldas","description":"Gobierno Aut\u00f3nomo Descentralizado de la Provincia de Esmeraldas","publisher":{"@id":"https:\/\/prefecturadeesmeraldas.gob.ec\/#organization"},"potentialAction":[{"@type":"SearchAction","target":{"@type":"EntryPoint","urlTemplate":"https:\/\/prefecturadeesmeraldas.gob.ec\/?s={search_term_string}"},"query-input":{"@type":"PropertyValueSpecification","valueRequired":true,"valueName":"search_term_string"}}],"inLanguage":"es"},{"@type":"Organization","@id":"https:\/\/prefecturadeesmeraldas.gob.ec\/#organization","name":"Gobierno Aut\u00f3nomo Descentralizado de la Provincia de Esmeraldas","url":"https:\/\/prefecturadeesmeraldas.gob.ec\/","logo":{"@type":"ImageObject","inLanguage":"es","@id":"https:\/\/prefecturadeesmeraldas.gob.ec\/#\/schema\/logo\/image\/","url":"https:\/\/prefecturadeesmeraldas.gob.ec\/wp-content\/uploads\/2019\/06\/logo.png","contentUrl":"https:\/\/prefecturadeesmeraldas.gob.ec\/wp-content\/uploads\/2019\/06\/logo.png","width":859,"height":448,"caption":"Gobierno Aut\u00f3nomo Descentralizado de la Provincia de Esmeraldas"},"image":{"@id":"https:\/\/prefecturadeesmeraldas.gob.ec\/#\/schema\/logo\/image\/"},"sameAs":["https:\/\/www.facebook.com\/PrefecturaEsmeraldas\/"]},{"@type":"Person","@id":"https:\/\/prefecturadeesmeraldas.gob.ec\/#\/schema\/person\/b0c9e7b1ead7725994d1e319e8825234","name":"Direcci\u00f3n de Comunicaci\u00f3n","image":{"@type":"ImageObject","inLanguage":"es","@id":"https:\/\/prefecturadeesmeraldas.gob.ec\/#\/schema\/person\/image\/","url":"https:\/\/secure.gravatar.com\/avatar\/74a3870a946f5d774ade3569af61a72308e07ad3346f370c4b468ee2a9858658?s=96&d=mm&r=g","contentUrl":"https:\/\/secure.gravatar.com\/avatar\/74a3870a946f5d774ade3569af61a72308e07ad3346f370c4b468ee2a9858658?s=96&d=mm&r=g","caption":"Direcci\u00f3n de Comunicaci\u00f3n"}}]}},"_links":{"self":[{"href":"https:\/\/prefecturadeesmeraldas.gob.ec\/index.php\/wp-json\/wp\/v2\/posts\/20447","targetHints":{"allow":["GET"]}}],"collection":[{"href":"https:\/\/prefecturadeesmeraldas.gob.ec\/index.php\/wp-json\/wp\/v2\/posts"}],"about":[{"href":"https:\/\/prefecturadeesmeraldas.gob.ec\/index.php\/wp-json\/wp\/v2\/types\/post"}],"author":[{"embeddable":true,"href":"https:\/\/prefecturadeesmeraldas.gob.ec\/index.php\/wp-json\/wp\/v2\/users\/2"}],"replies":[{"embeddable":true,"href":"https:\/\/prefecturadeesmeraldas.gob.ec\/index.php\/wp-json\/wp\/v2\/comments?post=20447"}],"version-history":[{"count":0,"href":"https:\/\/prefecturadeesmeraldas.gob.ec\/index.php\/wp-json\/wp\/v2\/posts\/20447\/revisions"}],"wp:featuredmedia":[{"embeddable":true,"href":"https:\/\/prefecturadeesmeraldas.gob.ec\/index.php\/wp-json\/wp\/v2\/media\/20453"}],"wp:attachment":[{"href":"https:\/\/prefecturadeesmeraldas.gob.ec\/index.php\/wp-json\/wp\/v2\/media?parent=20447"}],"wp:term":[{"taxonomy":"category","embeddable":true,"href":"https:\/\/prefecturadeesmeraldas.gob.ec\/index.php\/wp-json\/wp\/v2\/categories?post=20447"},{"taxonomy":"post_tag","embeddable":true,"href":"https:\/\/prefecturadeesmeraldas.gob.ec\/index.php\/wp-json\/wp\/v2\/tags?post=20447"}],"curies":[{"name":"wp","href":"https:\/\/api.w.org\/{rel}","templated":true}]}}