{"id":20299,"date":"2022-12-06T11:25:12","date_gmt":"2022-12-06T16:25:12","guid":{"rendered":"https:\/\/prefecturadeesmeraldas.gob.ec\/?p=20299"},"modified":"2022-12-06T11:28:21","modified_gmt":"2022-12-06T16:28:21","slug":"prefectura-ejecuta-obras-que-entregan-esperanza-de-desarrollo","status":"publish","type":"post","link":"https:\/\/prefecturadeesmeraldas.gob.ec\/index.php\/2022\/12\/06\/prefectura-ejecuta-obras-que-entregan-esperanza-de-desarrollo\/","title":{"rendered":"<strong>Prefectura, ejecuta obras que entregan esperanza de desarrollo.<\/strong>"},"content":{"rendered":"\t\t<div data-elementor-type=\"wp-post\" data-elementor-id=\"20299\" class=\"elementor elementor-20299\">\n\t\t\t\t<div class=\"elementor-element elementor-element-6f1f2bb e-flex e-con-boxed e-con e-parent\" data-id=\"6f1f2bb\" data-element_type=\"container\">\n\t\t\t\t\t<div class=\"e-con-inner\">\n\t\t\t\t<div class=\"elementor-element elementor-element-034e8d1 elementor-widget elementor-widget-image\" data-id=\"034e8d1\" data-element_type=\"widget\" data-widget_type=\"image.default\">\n\t\t\t\t<div class=\"elementor-widget-container\">\n\t\t\t\t\t\t\t\t\t\t\t\t\t\t\t<img fetchpriority=\"high\" decoding=\"async\" width=\"1023\" height=\"1022\" src=\"https:\/\/prefecturadeesmeraldas.gob.ec\/wp-content\/uploads\/2022\/12\/111-4.jpg\" class=\"attachment-large size-large wp-image-20301\" alt=\"\" srcset=\"https:\/\/prefecturadeesmeraldas.gob.ec\/wp-content\/uploads\/2022\/12\/111-4.jpg 1023w, https:\/\/prefecturadeesmeraldas.gob.ec\/wp-content\/uploads\/2022\/12\/111-4-300x300.jpg 300w, https:\/\/prefecturadeesmeraldas.gob.ec\/wp-content\/uploads\/2022\/12\/111-4-150x150.jpg 150w, https:\/\/prefecturadeesmeraldas.gob.ec\/wp-content\/uploads\/2022\/12\/111-4-768x767.jpg 768w, https:\/\/prefecturadeesmeraldas.gob.ec\/wp-content\/uploads\/2022\/12\/111-4-440x440.jpg 440w, https:\/\/prefecturadeesmeraldas.gob.ec\/wp-content\/uploads\/2022\/12\/111-4-180x180.jpg 180w, https:\/\/prefecturadeesmeraldas.gob.ec\/wp-content\/uploads\/2022\/12\/111-4-120x120.jpg 120w\" sizes=\"(max-width: 1023px) 100vw, 1023px\" \/>\t\t\t\t\t\t\t\t\t\t\t\t\t\t\t<\/div>\n\t\t\t\t<\/div>\n\t\t\t\t\t<\/div>\n\t\t\t\t<\/div>\n\t\t<div class=\"elementor-element elementor-element-07d129e e-flex e-con-boxed e-con e-parent\" data-id=\"07d129e\" data-element_type=\"container\">\n\t\t\t\t\t<div class=\"e-con-inner\">\n\t\t\t\t<div class=\"elementor-element elementor-element-f48f28a elementor-widget elementor-widget-text-editor\" data-id=\"f48f28a\" data-element_type=\"widget\" data-widget_type=\"text-editor.default\">\n\t\t\t\t<div class=\"elementor-widget-container\">\n\t\t\t\t\t\t\t\t\t<p>El viceprefecto de Esmeraldas, Diego Zambrano, trabaj\u00f3 coordinadamente con los pobladores de las comunidades Manuel Antonio \u2013 La Tablada -Zabaleta de la parroquia Cupa, cant\u00f3n Quinind\u00e9, para ejecutar el mejoramiento vial, de esta zona productiva.<\/p><p>Diego Zambrano, manifest\u00f3 que, est\u00e1n interviniendo con la nueva maquinaria, en un tramo de 9 kil\u00f3metros, garantizando la accesibilidad de cientos de familias que est\u00e1n asentadas en esta zona agro \u2013 productiva.<\/p><p>Sixto Alc\u00edvar, presidente del Comit\u00e9 Pro-mejoras del recinto Manuel Antonio, manifest\u00f3 estar agradecido por la realizaci\u00f3n de la obra, que es de suma importancia para las familias y estudiantes de dichas comunidades porque contar\u00e1n con un paso en buenas condiciones, para trasladarse y hacer sus diversos tr\u00e1mites.<\/p><p>Alberto Intriago, agricultor de la Tablada, agreg\u00f3 que, como comunidad, es un gran logro poder contar por fin con un camino accesible despu\u00e9s de 50 a\u00f1os. Ahora podr\u00e1n recorrer con sus veh\u00edculos la v\u00eda sin dificultad, ya no se tardar\u00e1n m\u00e1s de tres horas para llegar al centro poblado, ahora lo har\u00e1n en unos 45 a 60 minutos.<\/p><p>Juan Briones, productor, refiri\u00f3 que est\u00e1n contentos por contar con una v\u00eda en buenas condiciones gracias a la prefecta, Roberta Zambrano.<\/p>\t\t\t\t\t\t\t\t<\/div>\n\t\t\t\t<\/div>\n\t\t\t\t\t<\/div>\n\t\t\t\t<\/div>\n\t\t\t\t<\/div>\n\t\t","protected":false},"excerpt":{"rendered":"<p>El viceprefecto de Esmeraldas, Diego Zambrano, trabaj\u00f3 coordinadamente con los pobladores de las comunidades Manuel Antonio \u2013 La Tablada -Zabaleta de la parroquia Cupa, cant\u00f3n Quinind\u00e9, para ejecutar el mejoramiento vial, de esta zona productiva. Diego Zambrano, manifest\u00f3 que, est\u00e1n interviniendo con la nueva maquinaria, en un tramo de 9 kil\u00f3metros, garantizando la accesibilidad de [&hellip;]<\/p>\n","protected":false},"author":2,"featured_media":20305,"comment_status":"closed","ping_status":"open","sticky":false,"template":"","format":"standard","meta":{"footnotes":""},"categories":[14],"tags":[],"class_list":["post-20299","post","type-post","status-publish","format-standard","has-post-thumbnail","hentry","category-vialidad"],"yoast_head":"<!-- This site is optimized with the Yoast SEO plugin v25.7 - https:\/\/yoast.com\/wordpress\/plugins\/seo\/ -->\n<title>Prefectura, ejecuta obras que entregan esperanza de desarrollo. - Gobierno Aut\u00f3nomo Descentralizado de la Provincia de Esmeraldas<\/title>\n<meta name=\"description\" content=\"El viceprefecto de Esmeraldas, Diego Zambrano, trabaj\u00f3 coordinadamente con los pobladores de las comunidades Manuel Antonio \u2013 La Tablada -Zabaleta de la parroquia Cupa, cant\u00f3n Quinind\u00e9, para ejecutar el mejoramiento vial, de esta zona productiva.\" \/>\n<meta name=\"robots\" content=\"index, follow, max-snippet:-1, max-image-preview:large, max-video-preview:-1\" \/>\n<link rel=\"canonical\" href=\"https:\/\/prefecturadeesmeraldas.gob.ec\/index.php\/2022\/12\/06\/prefectura-ejecuta-obras-que-entregan-esperanza-de-desarrollo\/\" \/>\n<meta property=\"og:locale\" content=\"es_ES\" \/>\n<meta property=\"og:type\" content=\"article\" \/>\n<meta property=\"og:title\" content=\"Prefectura, ejecuta obras que entregan esperanza de desarrollo. - Gobierno Aut\u00f3nomo Descentralizado de la Provincia de Esmeraldas\" \/>\n<meta property=\"og:description\" content=\"El viceprefecto de Esmeraldas, Diego Zambrano, trabaj\u00f3 coordinadamente con los pobladores de las comunidades Manuel Antonio \u2013 La Tablada -Zabaleta de la parroquia Cupa, cant\u00f3n Quinind\u00e9, para ejecutar el mejoramiento vial, de esta zona productiva.\" \/>\n<meta property=\"og:url\" content=\"https:\/\/prefecturadeesmeraldas.gob.ec\/index.php\/2022\/12\/06\/prefectura-ejecuta-obras-que-entregan-esperanza-de-desarrollo\/\" \/>\n<meta property=\"og:site_name\" content=\"Gobierno Aut\u00f3nomo Descentralizado de la Provincia de Esmeraldas\" \/>\n<meta property=\"article:publisher\" content=\"https:\/\/www.facebook.com\/PrefecturaEsmeraldas\/\" \/>\n<meta property=\"article:published_time\" content=\"2022-12-06T16:25:12+00:00\" \/>\n<meta property=\"article:modified_time\" content=\"2022-12-06T16:28:21+00:00\" \/>\n<meta property=\"og:image\" content=\"https:\/\/prefecturadeesmeraldas.gob.ec\/wp-content\/uploads\/2022\/12\/111-5.jpg\" \/>\n\t<meta property=\"og:image:width\" content=\"1023\" \/>\n\t<meta property=\"og:image:height\" content=\"1022\" \/>\n\t<meta property=\"og:image:type\" content=\"image\/jpeg\" \/>\n<meta name=\"author\" content=\"Direcci\u00f3n de Comunicaci\u00f3n\" \/>\n<meta name=\"twitter:card\" content=\"summary_large_image\" \/>\n<meta name=\"twitter:label1\" content=\"Escrito por\" \/>\n\t<meta name=\"twitter:data1\" content=\"Direcci\u00f3n de Comunicaci\u00f3n\" \/>\n\t<meta name=\"twitter:label2\" content=\"Tiempo de lectura\" \/>\n\t<meta name=\"twitter:data2\" content=\"2 minutos\" \/>\n<script type=\"application\/ld+json\" class=\"yoast-schema-graph\">{\"@context\":\"https:\/\/schema.org\",\"@graph\":[{\"@type\":\"Article\",\"@id\":\"https:\/\/prefecturadeesmeraldas.gob.ec\/index.php\/2022\/12\/06\/prefectura-ejecuta-obras-que-entregan-esperanza-de-desarrollo\/#article\",\"isPartOf\":{\"@id\":\"https:\/\/prefecturadeesmeraldas.gob.ec\/index.php\/2022\/12\/06\/prefectura-ejecuta-obras-que-entregan-esperanza-de-desarrollo\/\"},\"author\":{\"name\":\"Direcci\u00f3n de Comunicaci\u00f3n\",\"@id\":\"https:\/\/prefecturadeesmeraldas.gob.ec\/#\/schema\/person\/b0c9e7b1ead7725994d1e319e8825234\"},\"headline\":\"Prefectura, ejecuta obras que entregan esperanza de desarrollo.\",\"datePublished\":\"2022-12-06T16:25:12+00:00\",\"dateModified\":\"2022-12-06T16:28:21+00:00\",\"mainEntityOfPage\":{\"@id\":\"https:\/\/prefecturadeesmeraldas.gob.ec\/index.php\/2022\/12\/06\/prefectura-ejecuta-obras-que-entregan-esperanza-de-desarrollo\/\"},\"wordCount\":213,\"publisher\":{\"@id\":\"https:\/\/prefecturadeesmeraldas.gob.ec\/#organization\"},\"image\":{\"@id\":\"https:\/\/prefecturadeesmeraldas.gob.ec\/index.php\/2022\/12\/06\/prefectura-ejecuta-obras-que-entregan-esperanza-de-desarrollo\/#primaryimage\"},\"thumbnailUrl\":\"https:\/\/prefecturadeesmeraldas.gob.ec\/wp-content\/uploads\/2022\/12\/111-5.jpg\",\"articleSection\":[\"Vialidad\"],\"inLanguage\":\"es\"},{\"@type\":\"WebPage\",\"@id\":\"https:\/\/prefecturadeesmeraldas.gob.ec\/index.php\/2022\/12\/06\/prefectura-ejecuta-obras-que-entregan-esperanza-de-desarrollo\/\",\"url\":\"https:\/\/prefecturadeesmeraldas.gob.ec\/index.php\/2022\/12\/06\/prefectura-ejecuta-obras-que-entregan-esperanza-de-desarrollo\/\",\"name\":\"Prefectura, ejecuta obras que entregan esperanza de desarrollo. - Gobierno Aut\u00f3nomo Descentralizado de la Provincia de Esmeraldas\",\"isPartOf\":{\"@id\":\"https:\/\/prefecturadeesmeraldas.gob.ec\/#website\"},\"primaryImageOfPage\":{\"@id\":\"https:\/\/prefecturadeesmeraldas.gob.ec\/index.php\/2022\/12\/06\/prefectura-ejecuta-obras-que-entregan-esperanza-de-desarrollo\/#primaryimage\"},\"image\":{\"@id\":\"https:\/\/prefecturadeesmeraldas.gob.ec\/index.php\/2022\/12\/06\/prefectura-ejecuta-obras-que-entregan-esperanza-de-desarrollo\/#primaryimage\"},\"thumbnailUrl\":\"https:\/\/prefecturadeesmeraldas.gob.ec\/wp-content\/uploads\/2022\/12\/111-5.jpg\",\"datePublished\":\"2022-12-06T16:25:12+00:00\",\"dateModified\":\"2022-12-06T16:28:21+00:00\",\"description\":\"El viceprefecto de Esmeraldas, Diego Zambrano, trabaj\u00f3 coordinadamente con los pobladores de las comunidades Manuel Antonio \u2013 La Tablada -Zabaleta de la parroquia Cupa, cant\u00f3n Quinind\u00e9, para ejecutar el mejoramiento vial, de esta zona productiva.\",\"breadcrumb\":{\"@id\":\"https:\/\/prefecturadeesmeraldas.gob.ec\/index.php\/2022\/12\/06\/prefectura-ejecuta-obras-que-entregan-esperanza-de-desarrollo\/#breadcrumb\"},\"inLanguage\":\"es\",\"potentialAction\":[{\"@type\":\"ReadAction\",\"target\":[\"https:\/\/prefecturadeesmeraldas.gob.ec\/index.php\/2022\/12\/06\/prefectura-ejecuta-obras-que-entregan-esperanza-de-desarrollo\/\"]}]},{\"@type\":\"ImageObject\",\"inLanguage\":\"es\",\"@id\":\"https:\/\/prefecturadeesmeraldas.gob.ec\/index.php\/2022\/12\/06\/prefectura-ejecuta-obras-que-entregan-esperanza-de-desarrollo\/#primaryimage\",\"url\":\"https:\/\/prefecturadeesmeraldas.gob.ec\/wp-content\/uploads\/2022\/12\/111-5.jpg\",\"contentUrl\":\"https:\/\/prefecturadeesmeraldas.gob.ec\/wp-content\/uploads\/2022\/12\/111-5.jpg\",\"width\":1023,\"height\":1022},{\"@type\":\"BreadcrumbList\",\"@id\":\"https:\/\/prefecturadeesmeraldas.gob.ec\/index.php\/2022\/12\/06\/prefectura-ejecuta-obras-que-entregan-esperanza-de-desarrollo\/#breadcrumb\",\"itemListElement\":[{\"@type\":\"ListItem\",\"position\":1,\"name\":\"Home\",\"item\":\"https:\/\/prefecturadeesmeraldas.gob.ec\/\"},{\"@type\":\"ListItem\",\"position\":2,\"name\":\"Prefectura, ejecuta obras que entregan esperanza de desarrollo.\"}]},{\"@type\":\"WebSite\",\"@id\":\"https:\/\/prefecturadeesmeraldas.gob.ec\/#website\",\"url\":\"https:\/\/prefecturadeesmeraldas.gob.ec\/\",\"name\":\"Gobierno Aut\u00f3nomo Descentralizado de la Provincia de Esmeraldas\",\"description\":\"Gobierno Aut\u00f3nomo Descentralizado de la Provincia de Esmeraldas\",\"publisher\":{\"@id\":\"https:\/\/prefecturadeesmeraldas.gob.ec\/#organization\"},\"potentialAction\":[{\"@type\":\"SearchAction\",\"target\":{\"@type\":\"EntryPoint\",\"urlTemplate\":\"https:\/\/prefecturadeesmeraldas.gob.ec\/?s={search_term_string}\"},\"query-input\":{\"@type\":\"PropertyValueSpecification\",\"valueRequired\":true,\"valueName\":\"search_term_string\"}}],\"inLanguage\":\"es\"},{\"@type\":\"Organization\",\"@id\":\"https:\/\/prefecturadeesmeraldas.gob.ec\/#organization\",\"name\":\"Gobierno Aut\u00f3nomo Descentralizado de la Provincia de Esmeraldas\",\"url\":\"https:\/\/prefecturadeesmeraldas.gob.ec\/\",\"logo\":{\"@type\":\"ImageObject\",\"inLanguage\":\"es\",\"@id\":\"https:\/\/prefecturadeesmeraldas.gob.ec\/#\/schema\/logo\/image\/\",\"url\":\"https:\/\/prefecturadeesmeraldas.gob.ec\/wp-content\/uploads\/2019\/06\/logo.png\",\"contentUrl\":\"https:\/\/prefecturadeesmeraldas.gob.ec\/wp-content\/uploads\/2019\/06\/logo.png\",\"width\":859,\"height\":448,\"caption\":\"Gobierno Aut\u00f3nomo Descentralizado de la Provincia de Esmeraldas\"},\"image\":{\"@id\":\"https:\/\/prefecturadeesmeraldas.gob.ec\/#\/schema\/logo\/image\/\"},\"sameAs\":[\"https:\/\/www.facebook.com\/PrefecturaEsmeraldas\/\"]},{\"@type\":\"Person\",\"@id\":\"https:\/\/prefecturadeesmeraldas.gob.ec\/#\/schema\/person\/b0c9e7b1ead7725994d1e319e8825234\",\"name\":\"Direcci\u00f3n de Comunicaci\u00f3n\",\"image\":{\"@type\":\"ImageObject\",\"inLanguage\":\"es\",\"@id\":\"https:\/\/prefecturadeesmeraldas.gob.ec\/#\/schema\/person\/image\/\",\"url\":\"https:\/\/secure.gravatar.com\/avatar\/74a3870a946f5d774ade3569af61a72308e07ad3346f370c4b468ee2a9858658?s=96&d=mm&r=g\",\"contentUrl\":\"https:\/\/secure.gravatar.com\/avatar\/74a3870a946f5d774ade3569af61a72308e07ad3346f370c4b468ee2a9858658?s=96&d=mm&r=g\",\"caption\":\"Direcci\u00f3n de Comunicaci\u00f3n\"}}]}<\/script>\n<!-- \/ Yoast SEO plugin. -->","yoast_head_json":{"title":"Prefectura, ejecuta obras que entregan esperanza de desarrollo. - Gobierno Aut\u00f3nomo Descentralizado de la Provincia de Esmeraldas","description":"El viceprefecto de Esmeraldas, Diego Zambrano, trabaj\u00f3 coordinadamente con los pobladores de las comunidades Manuel Antonio \u2013 La Tablada -Zabaleta de la parroquia Cupa, cant\u00f3n Quinind\u00e9, para ejecutar el mejoramiento vial, de esta zona productiva.","robots":{"index":"index","follow":"follow","max-snippet":"max-snippet:-1","max-image-preview":"max-image-preview:large","max-video-preview":"max-video-preview:-1"},"canonical":"https:\/\/prefecturadeesmeraldas.gob.ec\/index.php\/2022\/12\/06\/prefectura-ejecuta-obras-que-entregan-esperanza-de-desarrollo\/","og_locale":"es_ES","og_type":"article","og_title":"Prefectura, ejecuta obras que entregan esperanza de desarrollo. - Gobierno Aut\u00f3nomo Descentralizado de la Provincia de Esmeraldas","og_description":"El viceprefecto de Esmeraldas, Diego Zambrano, trabaj\u00f3 coordinadamente con los pobladores de las comunidades Manuel Antonio \u2013 La Tablada -Zabaleta de la parroquia Cupa, cant\u00f3n Quinind\u00e9, para ejecutar el mejoramiento vial, de esta zona productiva.","og_url":"https:\/\/prefecturadeesmeraldas.gob.ec\/index.php\/2022\/12\/06\/prefectura-ejecuta-obras-que-entregan-esperanza-de-desarrollo\/","og_site_name":"Gobierno Aut\u00f3nomo Descentralizado de la Provincia de Esmeraldas","article_publisher":"https:\/\/www.facebook.com\/PrefecturaEsmeraldas\/","article_published_time":"2022-12-06T16:25:12+00:00","article_modified_time":"2022-12-06T16:28:21+00:00","og_image":[{"width":1023,"height":1022,"url":"https:\/\/prefecturadeesmeraldas.gob.ec\/wp-content\/uploads\/2022\/12\/111-5.jpg","type":"image\/jpeg"}],"author":"Direcci\u00f3n de Comunicaci\u00f3n","twitter_card":"summary_large_image","twitter_misc":{"Escrito por":"Direcci\u00f3n de Comunicaci\u00f3n","Tiempo de lectura":"2 minutos"},"schema":{"@context":"https:\/\/schema.org","@graph":[{"@type":"Article","@id":"https:\/\/prefecturadeesmeraldas.gob.ec\/index.php\/2022\/12\/06\/prefectura-ejecuta-obras-que-entregan-esperanza-de-desarrollo\/#article","isPartOf":{"@id":"https:\/\/prefecturadeesmeraldas.gob.ec\/index.php\/2022\/12\/06\/prefectura-ejecuta-obras-que-entregan-esperanza-de-desarrollo\/"},"author":{"name":"Direcci\u00f3n de Comunicaci\u00f3n","@id":"https:\/\/prefecturadeesmeraldas.gob.ec\/#\/schema\/person\/b0c9e7b1ead7725994d1e319e8825234"},"headline":"Prefectura, ejecuta obras que entregan esperanza de desarrollo.","datePublished":"2022-12-06T16:25:12+00:00","dateModified":"2022-12-06T16:28:21+00:00","mainEntityOfPage":{"@id":"https:\/\/prefecturadeesmeraldas.gob.ec\/index.php\/2022\/12\/06\/prefectura-ejecuta-obras-que-entregan-esperanza-de-desarrollo\/"},"wordCount":213,"publisher":{"@id":"https:\/\/prefecturadeesmeraldas.gob.ec\/#organization"},"image":{"@id":"https:\/\/prefecturadeesmeraldas.gob.ec\/index.php\/2022\/12\/06\/prefectura-ejecuta-obras-que-entregan-esperanza-de-desarrollo\/#primaryimage"},"thumbnailUrl":"https:\/\/prefecturadeesmeraldas.gob.ec\/wp-content\/uploads\/2022\/12\/111-5.jpg","articleSection":["Vialidad"],"inLanguage":"es"},{"@type":"WebPage","@id":"https:\/\/prefecturadeesmeraldas.gob.ec\/index.php\/2022\/12\/06\/prefectura-ejecuta-obras-que-entregan-esperanza-de-desarrollo\/","url":"https:\/\/prefecturadeesmeraldas.gob.ec\/index.php\/2022\/12\/06\/prefectura-ejecuta-obras-que-entregan-esperanza-de-desarrollo\/","name":"Prefectura, ejecuta obras que entregan esperanza de desarrollo. - Gobierno Aut\u00f3nomo Descentralizado de la Provincia de Esmeraldas","isPartOf":{"@id":"https:\/\/prefecturadeesmeraldas.gob.ec\/#website"},"primaryImageOfPage":{"@id":"https:\/\/prefecturadeesmeraldas.gob.ec\/index.php\/2022\/12\/06\/prefectura-ejecuta-obras-que-entregan-esperanza-de-desarrollo\/#primaryimage"},"image":{"@id":"https:\/\/prefecturadeesmeraldas.gob.ec\/index.php\/2022\/12\/06\/prefectura-ejecuta-obras-que-entregan-esperanza-de-desarrollo\/#primaryimage"},"thumbnailUrl":"https:\/\/prefecturadeesmeraldas.gob.ec\/wp-content\/uploads\/2022\/12\/111-5.jpg","datePublished":"2022-12-06T16:25:12+00:00","dateModified":"2022-12-06T16:28:21+00:00","description":"El viceprefecto de Esmeraldas, Diego Zambrano, trabaj\u00f3 coordinadamente con los pobladores de las comunidades Manuel Antonio \u2013 La Tablada -Zabaleta de la parroquia Cupa, cant\u00f3n Quinind\u00e9, para ejecutar el mejoramiento vial, de esta zona productiva.","breadcrumb":{"@id":"https:\/\/prefecturadeesmeraldas.gob.ec\/index.php\/2022\/12\/06\/prefectura-ejecuta-obras-que-entregan-esperanza-de-desarrollo\/#breadcrumb"},"inLanguage":"es","potentialAction":[{"@type":"ReadAction","target":["https:\/\/prefecturadeesmeraldas.gob.ec\/index.php\/2022\/12\/06\/prefectura-ejecuta-obras-que-entregan-esperanza-de-desarrollo\/"]}]},{"@type":"ImageObject","inLanguage":"es","@id":"https:\/\/prefecturadeesmeraldas.gob.ec\/index.php\/2022\/12\/06\/prefectura-ejecuta-obras-que-entregan-esperanza-de-desarrollo\/#primaryimage","url":"https:\/\/prefecturadeesmeraldas.gob.ec\/wp-content\/uploads\/2022\/12\/111-5.jpg","contentUrl":"https:\/\/prefecturadeesmeraldas.gob.ec\/wp-content\/uploads\/2022\/12\/111-5.jpg","width":1023,"height":1022},{"@type":"BreadcrumbList","@id":"https:\/\/prefecturadeesmeraldas.gob.ec\/index.php\/2022\/12\/06\/prefectura-ejecuta-obras-que-entregan-esperanza-de-desarrollo\/#breadcrumb","itemListElement":[{"@type":"ListItem","position":1,"name":"Home","item":"https:\/\/prefecturadeesmeraldas.gob.ec\/"},{"@type":"ListItem","position":2,"name":"Prefectura, ejecuta obras que entregan esperanza de desarrollo."}]},{"@type":"WebSite","@id":"https:\/\/prefecturadeesmeraldas.gob.ec\/#website","url":"https:\/\/prefecturadeesmeraldas.gob.ec\/","name":"Gobierno Aut\u00f3nomo Descentralizado de la Provincia de Esmeraldas","description":"Gobierno Aut\u00f3nomo Descentralizado de la Provincia de Esmeraldas","publisher":{"@id":"https:\/\/prefecturadeesmeraldas.gob.ec\/#organization"},"potentialAction":[{"@type":"SearchAction","target":{"@type":"EntryPoint","urlTemplate":"https:\/\/prefecturadeesmeraldas.gob.ec\/?s={search_term_string}"},"query-input":{"@type":"PropertyValueSpecification","valueRequired":true,"valueName":"search_term_string"}}],"inLanguage":"es"},{"@type":"Organization","@id":"https:\/\/prefecturadeesmeraldas.gob.ec\/#organization","name":"Gobierno Aut\u00f3nomo Descentralizado de la Provincia de Esmeraldas","url":"https:\/\/prefecturadeesmeraldas.gob.ec\/","logo":{"@type":"ImageObject","inLanguage":"es","@id":"https:\/\/prefecturadeesmeraldas.gob.ec\/#\/schema\/logo\/image\/","url":"https:\/\/prefecturadeesmeraldas.gob.ec\/wp-content\/uploads\/2019\/06\/logo.png","contentUrl":"https:\/\/prefecturadeesmeraldas.gob.ec\/wp-content\/uploads\/2019\/06\/logo.png","width":859,"height":448,"caption":"Gobierno Aut\u00f3nomo Descentralizado de la Provincia de Esmeraldas"},"image":{"@id":"https:\/\/prefecturadeesmeraldas.gob.ec\/#\/schema\/logo\/image\/"},"sameAs":["https:\/\/www.facebook.com\/PrefecturaEsmeraldas\/"]},{"@type":"Person","@id":"https:\/\/prefecturadeesmeraldas.gob.ec\/#\/schema\/person\/b0c9e7b1ead7725994d1e319e8825234","name":"Direcci\u00f3n de Comunicaci\u00f3n","image":{"@type":"ImageObject","inLanguage":"es","@id":"https:\/\/prefecturadeesmeraldas.gob.ec\/#\/schema\/person\/image\/","url":"https:\/\/secure.gravatar.com\/avatar\/74a3870a946f5d774ade3569af61a72308e07ad3346f370c4b468ee2a9858658?s=96&d=mm&r=g","contentUrl":"https:\/\/secure.gravatar.com\/avatar\/74a3870a946f5d774ade3569af61a72308e07ad3346f370c4b468ee2a9858658?s=96&d=mm&r=g","caption":"Direcci\u00f3n de Comunicaci\u00f3n"}}]}},"_links":{"self":[{"href":"https:\/\/prefecturadeesmeraldas.gob.ec\/index.php\/wp-json\/wp\/v2\/posts\/20299","targetHints":{"allow":["GET"]}}],"collection":[{"href":"https:\/\/prefecturadeesmeraldas.gob.ec\/index.php\/wp-json\/wp\/v2\/posts"}],"about":[{"href":"https:\/\/prefecturadeesmeraldas.gob.ec\/index.php\/wp-json\/wp\/v2\/types\/post"}],"author":[{"embeddable":true,"href":"https:\/\/prefecturadeesmeraldas.gob.ec\/index.php\/wp-json\/wp\/v2\/users\/2"}],"replies":[{"embeddable":true,"href":"https:\/\/prefecturadeesmeraldas.gob.ec\/index.php\/wp-json\/wp\/v2\/comments?post=20299"}],"version-history":[{"count":0,"href":"https:\/\/prefecturadeesmeraldas.gob.ec\/index.php\/wp-json\/wp\/v2\/posts\/20299\/revisions"}],"wp:featuredmedia":[{"embeddable":true,"href":"https:\/\/prefecturadeesmeraldas.gob.ec\/index.php\/wp-json\/wp\/v2\/media\/20305"}],"wp:attachment":[{"href":"https:\/\/prefecturadeesmeraldas.gob.ec\/index.php\/wp-json\/wp\/v2\/media?parent=20299"}],"wp:term":[{"taxonomy":"category","embeddable":true,"href":"https:\/\/prefecturadeesmeraldas.gob.ec\/index.php\/wp-json\/wp\/v2\/categories?post=20299"},{"taxonomy":"post_tag","embeddable":true,"href":"https:\/\/prefecturadeesmeraldas.gob.ec\/index.php\/wp-json\/wp\/v2\/tags?post=20299"}],"curies":[{"name":"wp","href":"https:\/\/api.w.org\/{rel}","templated":true}]}}