{"id":20290,"date":"2022-12-06T11:17:32","date_gmt":"2022-12-06T16:17:32","guid":{"rendered":"https:\/\/prefecturadeesmeraldas.gob.ec\/?p=20290"},"modified":"2022-12-06T11:23:49","modified_gmt":"2022-12-06T16:23:49","slug":"prefectura-celebro-175-anos-de-provincializacion-con-arte-musica-y-vida","status":"publish","type":"post","link":"https:\/\/prefecturadeesmeraldas.gob.ec\/index.php\/2022\/12\/06\/prefectura-celebro-175-anos-de-provincializacion-con-arte-musica-y-vida\/","title":{"rendered":"<strong>Prefectura celebr\u00f3 175 a\u00f1os de provincializaci\u00f3n con arte, m\u00fasica y vida.<\/strong>"},"content":{"rendered":"\t\t<div data-elementor-type=\"wp-post\" data-elementor-id=\"20290\" class=\"elementor elementor-20290\">\n\t\t\t\t<div class=\"elementor-element elementor-element-4d9e31c e-flex e-con-boxed e-con e-parent\" data-id=\"4d9e31c\" data-element_type=\"container\">\n\t\t\t\t\t<div class=\"e-con-inner\">\n\t\t\t\t<div class=\"elementor-element elementor-element-c8023e4 elementor-widget elementor-widget-image\" data-id=\"c8023e4\" data-element_type=\"widget\" data-widget_type=\"image.default\">\n\t\t\t\t<div class=\"elementor-widget-container\">\n\t\t\t\t\t\t\t\t\t\t\t\t\t\t\t<img fetchpriority=\"high\" decoding=\"async\" width=\"1280\" height=\"1280\" src=\"https:\/\/prefecturadeesmeraldas.gob.ec\/wp-content\/uploads\/2022\/12\/WhatsApp-Image-2022-11-24-at-13.55.15.jpeg\" class=\"attachment-large size-large wp-image-20292\" alt=\"\" srcset=\"https:\/\/prefecturadeesmeraldas.gob.ec\/wp-content\/uploads\/2022\/12\/WhatsApp-Image-2022-11-24-at-13.55.15.jpeg 1280w, https:\/\/prefecturadeesmeraldas.gob.ec\/wp-content\/uploads\/2022\/12\/WhatsApp-Image-2022-11-24-at-13.55.15-300x300.jpeg 300w, https:\/\/prefecturadeesmeraldas.gob.ec\/wp-content\/uploads\/2022\/12\/WhatsApp-Image-2022-11-24-at-13.55.15-150x150.jpeg 150w, https:\/\/prefecturadeesmeraldas.gob.ec\/wp-content\/uploads\/2022\/12\/WhatsApp-Image-2022-11-24-at-13.55.15-768x768.jpeg 768w, https:\/\/prefecturadeesmeraldas.gob.ec\/wp-content\/uploads\/2022\/12\/WhatsApp-Image-2022-11-24-at-13.55.15-440x440.jpeg 440w, https:\/\/prefecturadeesmeraldas.gob.ec\/wp-content\/uploads\/2022\/12\/WhatsApp-Image-2022-11-24-at-13.55.15-180x180.jpeg 180w, https:\/\/prefecturadeesmeraldas.gob.ec\/wp-content\/uploads\/2022\/12\/WhatsApp-Image-2022-11-24-at-13.55.15-120x120.jpeg 120w\" sizes=\"(max-width: 1280px) 100vw, 1280px\" \/>\t\t\t\t\t\t\t\t\t\t\t\t\t\t\t<\/div>\n\t\t\t\t<\/div>\n\t\t\t\t\t<\/div>\n\t\t\t\t<\/div>\n\t\t<div class=\"elementor-element elementor-element-55a8c7e e-flex e-con-boxed e-con e-parent\" data-id=\"55a8c7e\" data-element_type=\"container\">\n\t\t\t\t\t<div class=\"e-con-inner\">\n\t\t\t\t<div class=\"elementor-element elementor-element-648ed0d elementor-widget elementor-widget-text-editor\" data-id=\"648ed0d\" data-element_type=\"widget\" data-widget_type=\"text-editor.default\">\n\t\t\t\t<div class=\"elementor-widget-container\">\n\t\t\t\t\t\t\t\t\t<p>En el marco de los 175 a\u00f1os de Provincializaci\u00f3n, la Prefectura de Esmeraldas, por intermedio de la UNAMYDESC, fortaleci\u00f3 la conexi\u00f3n ancestral de nuestro pa\u00eds y esto qued\u00f3 demostrado con la realizaci\u00f3n de varios Festivales de Arte y Cultura realzados en Esmeraldas, Atacames y Rioverde. A trav\u00e9s de la m\u00fasica y la danza, impulsamos el desarrollo cultural, social y econ\u00f3mico de los esmeralde\u00f1os porque somos una Prefectura incluyente y solidaria.<\/p><p>Uno de estos eventos se realiz\u00f3 en el balneario Las Palmas y concentr\u00f3 a miles de personas que disfrutaron de una tarde y noche maravillosa.<\/p><p>Adem\u00e1s, con mucho entusiasmo y representando la cultura ancestral, estudiantes de las Unidades Educativas: Margarita Cort\u00e9s, Luis Vargas Torres, Luis Prado Viteri y Modesto Su\u00e1rez Pimentel, participaron del Festival Folcl\u00f3rico Estudiantil &#8220;Tradiciones de mi Pueblo&#8221;, en el desarrollo de un evento intercolegial que se vivi\u00f3 con pasi\u00f3n, creatividad y orgullo por las ra\u00edces afros.<\/p><p>Mientras que, en la parroquia Tonsupa del cant\u00f3n Atacames, la Prefectura de Esmeraldas a trav\u00e9s de la Unidad de Asistencia M\u00e9dica, Desarrollo Social y Cultural (Unamydesc), realiz\u00f3 el festival de m\u00fasica popular &#8220;Arte con Sentimiento&#8221;.<\/p><p>Con mucho empe\u00f1o, demostrando cari\u00f1o para todos los esmeralde\u00f1os, la Prefectura de Esmeraldas llev\u00f3 adelante estos festivales por las celebraciones por los 175 a\u00f1os de provincializaci\u00f3n, rescatando la cultura ancestral y fomentando la reactivaci\u00f3n econ\u00f3mica. <\/p>\t\t\t\t\t\t\t\t<\/div>\n\t\t\t\t<\/div>\n\t\t\t\t\t<\/div>\n\t\t\t\t<\/div>\n\t\t\t\t<\/div>\n\t\t","protected":false},"excerpt":{"rendered":"<p>En el marco de los 175 a\u00f1os de Provincializaci\u00f3n, la Prefectura de Esmeraldas, por intermedio de la UNAMYDESC, fortaleci\u00f3 la conexi\u00f3n ancestral de nuestro pa\u00eds y esto qued\u00f3 demostrado con la realizaci\u00f3n de varios Festivales de Arte y Cultura realzados en Esmeraldas, Atacames y Rioverde. A trav\u00e9s de la m\u00fasica y la danza, impulsamos el [&hellip;]<\/p>\n","protected":false},"author":2,"featured_media":20297,"comment_status":"closed","ping_status":"open","sticky":false,"template":"","format":"standard","meta":{"footnotes":""},"categories":[3],"tags":[],"class_list":["post-20290","post","type-post","status-publish","format-standard","has-post-thumbnail","hentry","category-institucional"],"yoast_head":"<!-- This site is optimized with the Yoast SEO plugin v25.7 - https:\/\/yoast.com\/wordpress\/plugins\/seo\/ -->\n<title>Prefectura celebr\u00f3 175 a\u00f1os de provincializaci\u00f3n con arte, m\u00fasica y vida. - Gobierno Aut\u00f3nomo Descentralizado de la Provincia de Esmeraldas<\/title>\n<meta name=\"description\" content=\"En el marco de los 175 a\u00f1os de Provincializaci\u00f3n, la Prefectura de Esmeraldas, por intermedio de la UNAMYDESC, fortaleci\u00f3 la conexi\u00f3n ancestral de nuestro pa\u00eds y esto qued\u00f3 demostrado con la realizaci\u00f3n de varios Festivales de Arte y Cultura realzados en Esmeraldas, Atacames y Rioverde. A trav\u00e9s de la m\u00fasica y la danza, impulsamos el desarrollo cultural, social y econ\u00f3mico de los esmeralde\u00f1os porque somos una Prefectura incluyente y solidaria.\" \/>\n<meta name=\"robots\" content=\"index, follow, max-snippet:-1, max-image-preview:large, max-video-preview:-1\" \/>\n<link rel=\"canonical\" href=\"https:\/\/prefecturadeesmeraldas.gob.ec\/index.php\/2022\/12\/06\/prefectura-celebro-175-anos-de-provincializacion-con-arte-musica-y-vida\/\" \/>\n<meta property=\"og:locale\" content=\"es_ES\" \/>\n<meta property=\"og:type\" content=\"article\" \/>\n<meta property=\"og:title\" content=\"Prefectura celebr\u00f3 175 a\u00f1os de provincializaci\u00f3n con arte, m\u00fasica y vida. - Gobierno Aut\u00f3nomo Descentralizado de la Provincia de Esmeraldas\" \/>\n<meta property=\"og:description\" content=\"En el marco de los 175 a\u00f1os de Provincializaci\u00f3n, la Prefectura de Esmeraldas, por intermedio de la UNAMYDESC, fortaleci\u00f3 la conexi\u00f3n ancestral de nuestro pa\u00eds y esto qued\u00f3 demostrado con la realizaci\u00f3n de varios Festivales de Arte y Cultura realzados en Esmeraldas, Atacames y Rioverde. A trav\u00e9s de la m\u00fasica y la danza, impulsamos el desarrollo cultural, social y econ\u00f3mico de los esmeralde\u00f1os porque somos una Prefectura incluyente y solidaria.\" \/>\n<meta property=\"og:url\" content=\"https:\/\/prefecturadeesmeraldas.gob.ec\/index.php\/2022\/12\/06\/prefectura-celebro-175-anos-de-provincializacion-con-arte-musica-y-vida\/\" \/>\n<meta property=\"og:site_name\" content=\"Gobierno Aut\u00f3nomo Descentralizado de la Provincia de Esmeraldas\" \/>\n<meta property=\"article:publisher\" content=\"https:\/\/www.facebook.com\/PrefecturaEsmeraldas\/\" \/>\n<meta property=\"article:published_time\" content=\"2022-12-06T16:17:32+00:00\" \/>\n<meta property=\"article:modified_time\" content=\"2022-12-06T16:23:49+00:00\" \/>\n<meta property=\"og:image\" content=\"https:\/\/prefecturadeesmeraldas.gob.ec\/wp-content\/uploads\/2022\/12\/WhatsApp-Image-2022-11-25-at-08.55.141.jpeg\" \/>\n\t<meta property=\"og:image:width\" content=\"1600\" \/>\n\t<meta property=\"og:image:height\" content=\"1600\" \/>\n\t<meta property=\"og:image:type\" content=\"image\/jpeg\" \/>\n<meta name=\"author\" content=\"Direcci\u00f3n de Comunicaci\u00f3n\" \/>\n<meta name=\"twitter:card\" content=\"summary_large_image\" \/>\n<meta name=\"twitter:label1\" content=\"Escrito por\" \/>\n\t<meta name=\"twitter:data1\" content=\"Direcci\u00f3n de Comunicaci\u00f3n\" \/>\n\t<meta name=\"twitter:label2\" content=\"Tiempo de lectura\" \/>\n\t<meta name=\"twitter:data2\" content=\"2 minutos\" \/>\n<script type=\"application\/ld+json\" class=\"yoast-schema-graph\">{\"@context\":\"https:\/\/schema.org\",\"@graph\":[{\"@type\":\"Article\",\"@id\":\"https:\/\/prefecturadeesmeraldas.gob.ec\/index.php\/2022\/12\/06\/prefectura-celebro-175-anos-de-provincializacion-con-arte-musica-y-vida\/#article\",\"isPartOf\":{\"@id\":\"https:\/\/prefecturadeesmeraldas.gob.ec\/index.php\/2022\/12\/06\/prefectura-celebro-175-anos-de-provincializacion-con-arte-musica-y-vida\/\"},\"author\":{\"name\":\"Direcci\u00f3n de Comunicaci\u00f3n\",\"@id\":\"https:\/\/prefecturadeesmeraldas.gob.ec\/#\/schema\/person\/b0c9e7b1ead7725994d1e319e8825234\"},\"headline\":\"Prefectura celebr\u00f3 175 a\u00f1os de provincializaci\u00f3n con arte, m\u00fasica y vida.\",\"datePublished\":\"2022-12-06T16:17:32+00:00\",\"dateModified\":\"2022-12-06T16:23:49+00:00\",\"mainEntityOfPage\":{\"@id\":\"https:\/\/prefecturadeesmeraldas.gob.ec\/index.php\/2022\/12\/06\/prefectura-celebro-175-anos-de-provincializacion-con-arte-musica-y-vida\/\"},\"wordCount\":256,\"publisher\":{\"@id\":\"https:\/\/prefecturadeesmeraldas.gob.ec\/#organization\"},\"image\":{\"@id\":\"https:\/\/prefecturadeesmeraldas.gob.ec\/index.php\/2022\/12\/06\/prefectura-celebro-175-anos-de-provincializacion-con-arte-musica-y-vida\/#primaryimage\"},\"thumbnailUrl\":\"https:\/\/prefecturadeesmeraldas.gob.ec\/wp-content\/uploads\/2022\/12\/WhatsApp-Image-2022-11-25-at-08.55.141.jpeg\",\"articleSection\":[\"Institucional\"],\"inLanguage\":\"es\"},{\"@type\":\"WebPage\",\"@id\":\"https:\/\/prefecturadeesmeraldas.gob.ec\/index.php\/2022\/12\/06\/prefectura-celebro-175-anos-de-provincializacion-con-arte-musica-y-vida\/\",\"url\":\"https:\/\/prefecturadeesmeraldas.gob.ec\/index.php\/2022\/12\/06\/prefectura-celebro-175-anos-de-provincializacion-con-arte-musica-y-vida\/\",\"name\":\"Prefectura celebr\u00f3 175 a\u00f1os de provincializaci\u00f3n con arte, m\u00fasica y vida. - Gobierno Aut\u00f3nomo Descentralizado de la Provincia de Esmeraldas\",\"isPartOf\":{\"@id\":\"https:\/\/prefecturadeesmeraldas.gob.ec\/#website\"},\"primaryImageOfPage\":{\"@id\":\"https:\/\/prefecturadeesmeraldas.gob.ec\/index.php\/2022\/12\/06\/prefectura-celebro-175-anos-de-provincializacion-con-arte-musica-y-vida\/#primaryimage\"},\"image\":{\"@id\":\"https:\/\/prefecturadeesmeraldas.gob.ec\/index.php\/2022\/12\/06\/prefectura-celebro-175-anos-de-provincializacion-con-arte-musica-y-vida\/#primaryimage\"},\"thumbnailUrl\":\"https:\/\/prefecturadeesmeraldas.gob.ec\/wp-content\/uploads\/2022\/12\/WhatsApp-Image-2022-11-25-at-08.55.141.jpeg\",\"datePublished\":\"2022-12-06T16:17:32+00:00\",\"dateModified\":\"2022-12-06T16:23:49+00:00\",\"description\":\"En el marco de los 175 a\u00f1os de Provincializaci\u00f3n, la Prefectura de Esmeraldas, por intermedio de la UNAMYDESC, fortaleci\u00f3 la conexi\u00f3n ancestral de nuestro pa\u00eds y esto qued\u00f3 demostrado con la realizaci\u00f3n de varios Festivales de Arte y Cultura realzados en Esmeraldas, Atacames y Rioverde. A trav\u00e9s de la m\u00fasica y la danza, impulsamos el desarrollo cultural, social y econ\u00f3mico de los esmeralde\u00f1os porque somos una Prefectura incluyente y solidaria.\",\"breadcrumb\":{\"@id\":\"https:\/\/prefecturadeesmeraldas.gob.ec\/index.php\/2022\/12\/06\/prefectura-celebro-175-anos-de-provincializacion-con-arte-musica-y-vida\/#breadcrumb\"},\"inLanguage\":\"es\",\"potentialAction\":[{\"@type\":\"ReadAction\",\"target\":[\"https:\/\/prefecturadeesmeraldas.gob.ec\/index.php\/2022\/12\/06\/prefectura-celebro-175-anos-de-provincializacion-con-arte-musica-y-vida\/\"]}]},{\"@type\":\"ImageObject\",\"inLanguage\":\"es\",\"@id\":\"https:\/\/prefecturadeesmeraldas.gob.ec\/index.php\/2022\/12\/06\/prefectura-celebro-175-anos-de-provincializacion-con-arte-musica-y-vida\/#primaryimage\",\"url\":\"https:\/\/prefecturadeesmeraldas.gob.ec\/wp-content\/uploads\/2022\/12\/WhatsApp-Image-2022-11-25-at-08.55.141.jpeg\",\"contentUrl\":\"https:\/\/prefecturadeesmeraldas.gob.ec\/wp-content\/uploads\/2022\/12\/WhatsApp-Image-2022-11-25-at-08.55.141.jpeg\",\"width\":1600,\"height\":1600},{\"@type\":\"BreadcrumbList\",\"@id\":\"https:\/\/prefecturadeesmeraldas.gob.ec\/index.php\/2022\/12\/06\/prefectura-celebro-175-anos-de-provincializacion-con-arte-musica-y-vida\/#breadcrumb\",\"itemListElement\":[{\"@type\":\"ListItem\",\"position\":1,\"name\":\"Home\",\"item\":\"https:\/\/prefecturadeesmeraldas.gob.ec\/\"},{\"@type\":\"ListItem\",\"position\":2,\"name\":\"Prefectura celebr\u00f3 175 a\u00f1os de provincializaci\u00f3n con arte, m\u00fasica y vida.\"}]},{\"@type\":\"WebSite\",\"@id\":\"https:\/\/prefecturadeesmeraldas.gob.ec\/#website\",\"url\":\"https:\/\/prefecturadeesmeraldas.gob.ec\/\",\"name\":\"Gobierno Aut\u00f3nomo Descentralizado de la Provincia de Esmeraldas\",\"description\":\"Gobierno Aut\u00f3nomo Descentralizado de la Provincia de Esmeraldas\",\"publisher\":{\"@id\":\"https:\/\/prefecturadeesmeraldas.gob.ec\/#organization\"},\"potentialAction\":[{\"@type\":\"SearchAction\",\"target\":{\"@type\":\"EntryPoint\",\"urlTemplate\":\"https:\/\/prefecturadeesmeraldas.gob.ec\/?s={search_term_string}\"},\"query-input\":{\"@type\":\"PropertyValueSpecification\",\"valueRequired\":true,\"valueName\":\"search_term_string\"}}],\"inLanguage\":\"es\"},{\"@type\":\"Organization\",\"@id\":\"https:\/\/prefecturadeesmeraldas.gob.ec\/#organization\",\"name\":\"Gobierno Aut\u00f3nomo Descentralizado de la Provincia de Esmeraldas\",\"url\":\"https:\/\/prefecturadeesmeraldas.gob.ec\/\",\"logo\":{\"@type\":\"ImageObject\",\"inLanguage\":\"es\",\"@id\":\"https:\/\/prefecturadeesmeraldas.gob.ec\/#\/schema\/logo\/image\/\",\"url\":\"https:\/\/prefecturadeesmeraldas.gob.ec\/wp-content\/uploads\/2019\/06\/logo.png\",\"contentUrl\":\"https:\/\/prefecturadeesmeraldas.gob.ec\/wp-content\/uploads\/2019\/06\/logo.png\",\"width\":859,\"height\":448,\"caption\":\"Gobierno Aut\u00f3nomo Descentralizado de la Provincia de Esmeraldas\"},\"image\":{\"@id\":\"https:\/\/prefecturadeesmeraldas.gob.ec\/#\/schema\/logo\/image\/\"},\"sameAs\":[\"https:\/\/www.facebook.com\/PrefecturaEsmeraldas\/\"]},{\"@type\":\"Person\",\"@id\":\"https:\/\/prefecturadeesmeraldas.gob.ec\/#\/schema\/person\/b0c9e7b1ead7725994d1e319e8825234\",\"name\":\"Direcci\u00f3n de Comunicaci\u00f3n\",\"image\":{\"@type\":\"ImageObject\",\"inLanguage\":\"es\",\"@id\":\"https:\/\/prefecturadeesmeraldas.gob.ec\/#\/schema\/person\/image\/\",\"url\":\"https:\/\/secure.gravatar.com\/avatar\/74a3870a946f5d774ade3569af61a72308e07ad3346f370c4b468ee2a9858658?s=96&d=mm&r=g\",\"contentUrl\":\"https:\/\/secure.gravatar.com\/avatar\/74a3870a946f5d774ade3569af61a72308e07ad3346f370c4b468ee2a9858658?s=96&d=mm&r=g\",\"caption\":\"Direcci\u00f3n de Comunicaci\u00f3n\"}}]}<\/script>\n<!-- \/ Yoast SEO plugin. -->","yoast_head_json":{"title":"Prefectura celebr\u00f3 175 a\u00f1os de provincializaci\u00f3n con arte, m\u00fasica y vida. - Gobierno Aut\u00f3nomo Descentralizado de la Provincia de Esmeraldas","description":"En el marco de los 175 a\u00f1os de Provincializaci\u00f3n, la Prefectura de Esmeraldas, por intermedio de la UNAMYDESC, fortaleci\u00f3 la conexi\u00f3n ancestral de nuestro pa\u00eds y esto qued\u00f3 demostrado con la realizaci\u00f3n de varios Festivales de Arte y Cultura realzados en Esmeraldas, Atacames y Rioverde. A trav\u00e9s de la m\u00fasica y la danza, impulsamos el desarrollo cultural, social y econ\u00f3mico de los esmeralde\u00f1os porque somos una Prefectura incluyente y solidaria.","robots":{"index":"index","follow":"follow","max-snippet":"max-snippet:-1","max-image-preview":"max-image-preview:large","max-video-preview":"max-video-preview:-1"},"canonical":"https:\/\/prefecturadeesmeraldas.gob.ec\/index.php\/2022\/12\/06\/prefectura-celebro-175-anos-de-provincializacion-con-arte-musica-y-vida\/","og_locale":"es_ES","og_type":"article","og_title":"Prefectura celebr\u00f3 175 a\u00f1os de provincializaci\u00f3n con arte, m\u00fasica y vida. - Gobierno Aut\u00f3nomo Descentralizado de la Provincia de Esmeraldas","og_description":"En el marco de los 175 a\u00f1os de Provincializaci\u00f3n, la Prefectura de Esmeraldas, por intermedio de la UNAMYDESC, fortaleci\u00f3 la conexi\u00f3n ancestral de nuestro pa\u00eds y esto qued\u00f3 demostrado con la realizaci\u00f3n de varios Festivales de Arte y Cultura realzados en Esmeraldas, Atacames y Rioverde. A trav\u00e9s de la m\u00fasica y la danza, impulsamos el desarrollo cultural, social y econ\u00f3mico de los esmeralde\u00f1os porque somos una Prefectura incluyente y solidaria.","og_url":"https:\/\/prefecturadeesmeraldas.gob.ec\/index.php\/2022\/12\/06\/prefectura-celebro-175-anos-de-provincializacion-con-arte-musica-y-vida\/","og_site_name":"Gobierno Aut\u00f3nomo Descentralizado de la Provincia de Esmeraldas","article_publisher":"https:\/\/www.facebook.com\/PrefecturaEsmeraldas\/","article_published_time":"2022-12-06T16:17:32+00:00","article_modified_time":"2022-12-06T16:23:49+00:00","og_image":[{"width":1600,"height":1600,"url":"https:\/\/prefecturadeesmeraldas.gob.ec\/wp-content\/uploads\/2022\/12\/WhatsApp-Image-2022-11-25-at-08.55.141.jpeg","type":"image\/jpeg"}],"author":"Direcci\u00f3n de Comunicaci\u00f3n","twitter_card":"summary_large_image","twitter_misc":{"Escrito por":"Direcci\u00f3n de Comunicaci\u00f3n","Tiempo de lectura":"2 minutos"},"schema":{"@context":"https:\/\/schema.org","@graph":[{"@type":"Article","@id":"https:\/\/prefecturadeesmeraldas.gob.ec\/index.php\/2022\/12\/06\/prefectura-celebro-175-anos-de-provincializacion-con-arte-musica-y-vida\/#article","isPartOf":{"@id":"https:\/\/prefecturadeesmeraldas.gob.ec\/index.php\/2022\/12\/06\/prefectura-celebro-175-anos-de-provincializacion-con-arte-musica-y-vida\/"},"author":{"name":"Direcci\u00f3n de Comunicaci\u00f3n","@id":"https:\/\/prefecturadeesmeraldas.gob.ec\/#\/schema\/person\/b0c9e7b1ead7725994d1e319e8825234"},"headline":"Prefectura celebr\u00f3 175 a\u00f1os de provincializaci\u00f3n con arte, m\u00fasica y vida.","datePublished":"2022-12-06T16:17:32+00:00","dateModified":"2022-12-06T16:23:49+00:00","mainEntityOfPage":{"@id":"https:\/\/prefecturadeesmeraldas.gob.ec\/index.php\/2022\/12\/06\/prefectura-celebro-175-anos-de-provincializacion-con-arte-musica-y-vida\/"},"wordCount":256,"publisher":{"@id":"https:\/\/prefecturadeesmeraldas.gob.ec\/#organization"},"image":{"@id":"https:\/\/prefecturadeesmeraldas.gob.ec\/index.php\/2022\/12\/06\/prefectura-celebro-175-anos-de-provincializacion-con-arte-musica-y-vida\/#primaryimage"},"thumbnailUrl":"https:\/\/prefecturadeesmeraldas.gob.ec\/wp-content\/uploads\/2022\/12\/WhatsApp-Image-2022-11-25-at-08.55.141.jpeg","articleSection":["Institucional"],"inLanguage":"es"},{"@type":"WebPage","@id":"https:\/\/prefecturadeesmeraldas.gob.ec\/index.php\/2022\/12\/06\/prefectura-celebro-175-anos-de-provincializacion-con-arte-musica-y-vida\/","url":"https:\/\/prefecturadeesmeraldas.gob.ec\/index.php\/2022\/12\/06\/prefectura-celebro-175-anos-de-provincializacion-con-arte-musica-y-vida\/","name":"Prefectura celebr\u00f3 175 a\u00f1os de provincializaci\u00f3n con arte, m\u00fasica y vida. - Gobierno Aut\u00f3nomo Descentralizado de la Provincia de Esmeraldas","isPartOf":{"@id":"https:\/\/prefecturadeesmeraldas.gob.ec\/#website"},"primaryImageOfPage":{"@id":"https:\/\/prefecturadeesmeraldas.gob.ec\/index.php\/2022\/12\/06\/prefectura-celebro-175-anos-de-provincializacion-con-arte-musica-y-vida\/#primaryimage"},"image":{"@id":"https:\/\/prefecturadeesmeraldas.gob.ec\/index.php\/2022\/12\/06\/prefectura-celebro-175-anos-de-provincializacion-con-arte-musica-y-vida\/#primaryimage"},"thumbnailUrl":"https:\/\/prefecturadeesmeraldas.gob.ec\/wp-content\/uploads\/2022\/12\/WhatsApp-Image-2022-11-25-at-08.55.141.jpeg","datePublished":"2022-12-06T16:17:32+00:00","dateModified":"2022-12-06T16:23:49+00:00","description":"En el marco de los 175 a\u00f1os de Provincializaci\u00f3n, la Prefectura de Esmeraldas, por intermedio de la UNAMYDESC, fortaleci\u00f3 la conexi\u00f3n ancestral de nuestro pa\u00eds y esto qued\u00f3 demostrado con la realizaci\u00f3n de varios Festivales de Arte y Cultura realzados en Esmeraldas, Atacames y Rioverde. A trav\u00e9s de la m\u00fasica y la danza, impulsamos el desarrollo cultural, social y econ\u00f3mico de los esmeralde\u00f1os porque somos una Prefectura incluyente y solidaria.","breadcrumb":{"@id":"https:\/\/prefecturadeesmeraldas.gob.ec\/index.php\/2022\/12\/06\/prefectura-celebro-175-anos-de-provincializacion-con-arte-musica-y-vida\/#breadcrumb"},"inLanguage":"es","potentialAction":[{"@type":"ReadAction","target":["https:\/\/prefecturadeesmeraldas.gob.ec\/index.php\/2022\/12\/06\/prefectura-celebro-175-anos-de-provincializacion-con-arte-musica-y-vida\/"]}]},{"@type":"ImageObject","inLanguage":"es","@id":"https:\/\/prefecturadeesmeraldas.gob.ec\/index.php\/2022\/12\/06\/prefectura-celebro-175-anos-de-provincializacion-con-arte-musica-y-vida\/#primaryimage","url":"https:\/\/prefecturadeesmeraldas.gob.ec\/wp-content\/uploads\/2022\/12\/WhatsApp-Image-2022-11-25-at-08.55.141.jpeg","contentUrl":"https:\/\/prefecturadeesmeraldas.gob.ec\/wp-content\/uploads\/2022\/12\/WhatsApp-Image-2022-11-25-at-08.55.141.jpeg","width":1600,"height":1600},{"@type":"BreadcrumbList","@id":"https:\/\/prefecturadeesmeraldas.gob.ec\/index.php\/2022\/12\/06\/prefectura-celebro-175-anos-de-provincializacion-con-arte-musica-y-vida\/#breadcrumb","itemListElement":[{"@type":"ListItem","position":1,"name":"Home","item":"https:\/\/prefecturadeesmeraldas.gob.ec\/"},{"@type":"ListItem","position":2,"name":"Prefectura celebr\u00f3 175 a\u00f1os de provincializaci\u00f3n con arte, m\u00fasica y vida."}]},{"@type":"WebSite","@id":"https:\/\/prefecturadeesmeraldas.gob.ec\/#website","url":"https:\/\/prefecturadeesmeraldas.gob.ec\/","name":"Gobierno Aut\u00f3nomo Descentralizado de la Provincia de Esmeraldas","description":"Gobierno Aut\u00f3nomo Descentralizado de la Provincia de Esmeraldas","publisher":{"@id":"https:\/\/prefecturadeesmeraldas.gob.ec\/#organization"},"potentialAction":[{"@type":"SearchAction","target":{"@type":"EntryPoint","urlTemplate":"https:\/\/prefecturadeesmeraldas.gob.ec\/?s={search_term_string}"},"query-input":{"@type":"PropertyValueSpecification","valueRequired":true,"valueName":"search_term_string"}}],"inLanguage":"es"},{"@type":"Organization","@id":"https:\/\/prefecturadeesmeraldas.gob.ec\/#organization","name":"Gobierno Aut\u00f3nomo Descentralizado de la Provincia de Esmeraldas","url":"https:\/\/prefecturadeesmeraldas.gob.ec\/","logo":{"@type":"ImageObject","inLanguage":"es","@id":"https:\/\/prefecturadeesmeraldas.gob.ec\/#\/schema\/logo\/image\/","url":"https:\/\/prefecturadeesmeraldas.gob.ec\/wp-content\/uploads\/2019\/06\/logo.png","contentUrl":"https:\/\/prefecturadeesmeraldas.gob.ec\/wp-content\/uploads\/2019\/06\/logo.png","width":859,"height":448,"caption":"Gobierno Aut\u00f3nomo Descentralizado de la Provincia de Esmeraldas"},"image":{"@id":"https:\/\/prefecturadeesmeraldas.gob.ec\/#\/schema\/logo\/image\/"},"sameAs":["https:\/\/www.facebook.com\/PrefecturaEsmeraldas\/"]},{"@type":"Person","@id":"https:\/\/prefecturadeesmeraldas.gob.ec\/#\/schema\/person\/b0c9e7b1ead7725994d1e319e8825234","name":"Direcci\u00f3n de Comunicaci\u00f3n","image":{"@type":"ImageObject","inLanguage":"es","@id":"https:\/\/prefecturadeesmeraldas.gob.ec\/#\/schema\/person\/image\/","url":"https:\/\/secure.gravatar.com\/avatar\/74a3870a946f5d774ade3569af61a72308e07ad3346f370c4b468ee2a9858658?s=96&d=mm&r=g","contentUrl":"https:\/\/secure.gravatar.com\/avatar\/74a3870a946f5d774ade3569af61a72308e07ad3346f370c4b468ee2a9858658?s=96&d=mm&r=g","caption":"Direcci\u00f3n de Comunicaci\u00f3n"}}]}},"_links":{"self":[{"href":"https:\/\/prefecturadeesmeraldas.gob.ec\/index.php\/wp-json\/wp\/v2\/posts\/20290","targetHints":{"allow":["GET"]}}],"collection":[{"href":"https:\/\/prefecturadeesmeraldas.gob.ec\/index.php\/wp-json\/wp\/v2\/posts"}],"about":[{"href":"https:\/\/prefecturadeesmeraldas.gob.ec\/index.php\/wp-json\/wp\/v2\/types\/post"}],"author":[{"embeddable":true,"href":"https:\/\/prefecturadeesmeraldas.gob.ec\/index.php\/wp-json\/wp\/v2\/users\/2"}],"replies":[{"embeddable":true,"href":"https:\/\/prefecturadeesmeraldas.gob.ec\/index.php\/wp-json\/wp\/v2\/comments?post=20290"}],"version-history":[{"count":0,"href":"https:\/\/prefecturadeesmeraldas.gob.ec\/index.php\/wp-json\/wp\/v2\/posts\/20290\/revisions"}],"wp:featuredmedia":[{"embeddable":true,"href":"https:\/\/prefecturadeesmeraldas.gob.ec\/index.php\/wp-json\/wp\/v2\/media\/20297"}],"wp:attachment":[{"href":"https:\/\/prefecturadeesmeraldas.gob.ec\/index.php\/wp-json\/wp\/v2\/media?parent=20290"}],"wp:term":[{"taxonomy":"category","embeddable":true,"href":"https:\/\/prefecturadeesmeraldas.gob.ec\/index.php\/wp-json\/wp\/v2\/categories?post=20290"},{"taxonomy":"post_tag","embeddable":true,"href":"https:\/\/prefecturadeesmeraldas.gob.ec\/index.php\/wp-json\/wp\/v2\/tags?post=20290"}],"curies":[{"name":"wp","href":"https:\/\/api.w.org\/{rel}","templated":true}]}}