{"id":20260,"date":"2022-12-02T09:24:28","date_gmt":"2022-12-02T14:24:28","guid":{"rendered":"https:\/\/prefecturadeesmeraldas.gob.ec\/?p=20260"},"modified":"2022-12-02T09:25:15","modified_gmt":"2022-12-02T14:25:15","slug":"prefectura-de-esmeraldas-trabaja-sin-descanso-por-la-zona-rural","status":"publish","type":"post","link":"https:\/\/prefecturadeesmeraldas.gob.ec\/index.php\/2022\/12\/02\/prefectura-de-esmeraldas-trabaja-sin-descanso-por-la-zona-rural\/","title":{"rendered":"<strong>Prefectura de Esmeraldas trabaja sin descanso por la zona rural.<\/strong>"},"content":{"rendered":"\t\t<div data-elementor-type=\"wp-post\" data-elementor-id=\"20260\" class=\"elementor elementor-20260\">\n\t\t\t\t<div class=\"elementor-element elementor-element-b81c99a e-flex e-con-boxed e-con e-parent\" data-id=\"b81c99a\" data-element_type=\"container\">\n\t\t\t\t\t<div class=\"e-con-inner\">\n\t\t\t\t<div class=\"elementor-element elementor-element-78fa90c elementor-widget elementor-widget-image\" data-id=\"78fa90c\" data-element_type=\"widget\" data-widget_type=\"image.default\">\n\t\t\t\t<div class=\"elementor-widget-container\">\n\t\t\t\t\t\t\t\t\t\t\t\t\t\t\t<img fetchpriority=\"high\" decoding=\"async\" width=\"1023\" height=\"1022\" src=\"https:\/\/prefecturadeesmeraldas.gob.ec\/wp-content\/uploads\/2022\/12\/111-2.jpg\" class=\"attachment-large size-large wp-image-20261\" alt=\"\" srcset=\"https:\/\/prefecturadeesmeraldas.gob.ec\/wp-content\/uploads\/2022\/12\/111-2.jpg 1023w, https:\/\/prefecturadeesmeraldas.gob.ec\/wp-content\/uploads\/2022\/12\/111-2-300x300.jpg 300w, https:\/\/prefecturadeesmeraldas.gob.ec\/wp-content\/uploads\/2022\/12\/111-2-150x150.jpg 150w, https:\/\/prefecturadeesmeraldas.gob.ec\/wp-content\/uploads\/2022\/12\/111-2-768x767.jpg 768w, https:\/\/prefecturadeesmeraldas.gob.ec\/wp-content\/uploads\/2022\/12\/111-2-440x440.jpg 440w, https:\/\/prefecturadeesmeraldas.gob.ec\/wp-content\/uploads\/2022\/12\/111-2-180x180.jpg 180w, https:\/\/prefecturadeesmeraldas.gob.ec\/wp-content\/uploads\/2022\/12\/111-2-120x120.jpg 120w\" sizes=\"(max-width: 1023px) 100vw, 1023px\" \/>\t\t\t\t\t\t\t\t\t\t\t\t\t\t\t<\/div>\n\t\t\t\t<\/div>\n\t\t\t\t\t<\/div>\n\t\t\t\t<\/div>\n\t\t<div class=\"elementor-element elementor-element-e10b31f e-flex e-con-boxed e-con e-parent\" data-id=\"e10b31f\" data-element_type=\"container\">\n\t\t\t\t\t<div class=\"e-con-inner\">\n\t\t\t\t<div class=\"elementor-element elementor-element-af41f28 elementor-widget elementor-widget-text-editor\" data-id=\"af41f28\" data-element_type=\"widget\" data-widget_type=\"text-editor.default\">\n\t\t\t\t<div class=\"elementor-widget-container\">\n\t\t\t\t\t\t\t\t\t<p>Como Prefectura de Esmeraldas, trabajamos incansablemente en el mejoramiento vial de la provincia y con los trabajos de reconformaci\u00f3n de la v\u00eda E15 hasta Col\u00f3n Eloy, en el cant\u00f3n Eloy Alfaro, beneficiamos a cientos de familias productoras, agricultores y ganaderos, a la vez que facilitamos el acceso a la educaci\u00f3n de miles de estudiantes que podr\u00e1n llegar sin dificultad hasta sus establecimientos educativos. Estamos siempre pendientes de la accesibilidad vial en las comunidades rurales.<\/p><p>Jairo Arteaga, t\u00e9cnico de la prefectura de Esmeraldas, explic\u00f3 que, debido al constante paso de veh\u00edculos pesados y a las lluvias, se ha da\u00f1ado la capa subrasante y por ello, se trabaja con un material que se est\u00e1 explotando en la comunidad de Las Antonias, teniendo en planificaci\u00f3n colocar 7 mil metros c\u00fabicos de base. Esta obra est\u00e1 planificada en los pr\u00f3ximos meses concluir con una carpeta asf\u00e1ltica.<\/p><p>Juan Carpio, transportista, manifest\u00f3 que es buena la acci\u00f3n de la prefecta, <strong>Roberta Zambrano<\/strong>, al estar pendiente de las v\u00edas y no dejar que se destruyan con la finalidad que los emprendedores y agricultores puedan transportar sus productores al mercado sin problemas.<\/p><p>V\u00edctor Zabala, habitante del sector, refiri\u00f3 que podr\u00e1n disfrutar de la vida al tener una carretera expedita y en muy buenas condiciones.<\/p><p><strong>Wilfrido Rivas<\/strong>, transportista, dijo que, contar con una v\u00eda en buenas condiciones es sin\u00f3nimo de progreso, por ello, le solicit\u00f3 a la prefecta, Roberta Zambrano, que contin\u00fae llegando con la obra vial.<\/p>\t\t\t\t\t\t\t\t<\/div>\n\t\t\t\t<\/div>\n\t\t\t\t\t<\/div>\n\t\t\t\t<\/div>\n\t\t\t\t<\/div>\n\t\t","protected":false},"excerpt":{"rendered":"<p>Como Prefectura de Esmeraldas, trabajamos incansablemente en el mejoramiento vial de la provincia y con los trabajos de reconformaci\u00f3n de la v\u00eda E15 hasta Col\u00f3n Eloy, en el cant\u00f3n Eloy Alfaro, beneficiamos a cientos de familias productoras, agricultores y ganaderos, a la vez que facilitamos el acceso a la educaci\u00f3n de miles de estudiantes que [&hellip;]<\/p>\n","protected":false},"author":2,"featured_media":20261,"comment_status":"closed","ping_status":"open","sticky":false,"template":"","format":"standard","meta":{"footnotes":""},"categories":[14],"tags":[],"class_list":["post-20260","post","type-post","status-publish","format-standard","has-post-thumbnail","hentry","category-vialidad"],"yoast_head":"<!-- This site is optimized with the Yoast SEO plugin v25.7 - https:\/\/yoast.com\/wordpress\/plugins\/seo\/ -->\n<title>Prefectura de Esmeraldas trabaja sin descanso por la zona rural. - Gobierno Aut\u00f3nomo Descentralizado de la Provincia de Esmeraldas<\/title>\n<meta name=\"description\" content=\"Como Prefectura de Esmeraldas, trabajamos incansablemente en el mejoramiento vial de la provincia y con los trabajos de reconformaci\u00f3n de la v\u00eda E15 hasta Col\u00f3n Eloy, en el cant\u00f3n Eloy Alfaro, beneficiamos a cientos de familias productoras, agricultores y ganaderos, a la vez que facilitamos el acceso a la educaci\u00f3n de miles de estudiantes que podr\u00e1n llegar sin dificultad hasta sus establecimientos educativos. Estamos siempre pendientes de la accesibilidad vial en las comunidades rurales.\" \/>\n<meta name=\"robots\" content=\"index, follow, max-snippet:-1, max-image-preview:large, max-video-preview:-1\" \/>\n<link rel=\"canonical\" href=\"https:\/\/prefecturadeesmeraldas.gob.ec\/index.php\/2022\/12\/02\/prefectura-de-esmeraldas-trabaja-sin-descanso-por-la-zona-rural\/\" \/>\n<meta property=\"og:locale\" content=\"es_ES\" \/>\n<meta property=\"og:type\" content=\"article\" \/>\n<meta property=\"og:title\" content=\"Prefectura de Esmeraldas trabaja sin descanso por la zona rural. - Gobierno Aut\u00f3nomo Descentralizado de la Provincia de Esmeraldas\" \/>\n<meta property=\"og:description\" content=\"Como Prefectura de Esmeraldas, trabajamos incansablemente en el mejoramiento vial de la provincia y con los trabajos de reconformaci\u00f3n de la v\u00eda E15 hasta Col\u00f3n Eloy, en el cant\u00f3n Eloy Alfaro, beneficiamos a cientos de familias productoras, agricultores y ganaderos, a la vez que facilitamos el acceso a la educaci\u00f3n de miles de estudiantes que podr\u00e1n llegar sin dificultad hasta sus establecimientos educativos. Estamos siempre pendientes de la accesibilidad vial en las comunidades rurales.\" \/>\n<meta property=\"og:url\" content=\"https:\/\/prefecturadeesmeraldas.gob.ec\/index.php\/2022\/12\/02\/prefectura-de-esmeraldas-trabaja-sin-descanso-por-la-zona-rural\/\" \/>\n<meta property=\"og:site_name\" content=\"Gobierno Aut\u00f3nomo Descentralizado de la Provincia de Esmeraldas\" \/>\n<meta property=\"article:publisher\" content=\"https:\/\/www.facebook.com\/PrefecturaEsmeraldas\/\" \/>\n<meta property=\"article:published_time\" content=\"2022-12-02T14:24:28+00:00\" \/>\n<meta property=\"article:modified_time\" content=\"2022-12-02T14:25:15+00:00\" \/>\n<meta property=\"og:image\" content=\"https:\/\/prefecturadeesmeraldas.gob.ec\/wp-content\/uploads\/2022\/12\/111-2.jpg\" \/>\n\t<meta property=\"og:image:width\" content=\"1023\" \/>\n\t<meta property=\"og:image:height\" content=\"1022\" \/>\n\t<meta property=\"og:image:type\" content=\"image\/jpeg\" \/>\n<meta name=\"author\" content=\"Direcci\u00f3n de Comunicaci\u00f3n\" \/>\n<meta name=\"twitter:card\" content=\"summary_large_image\" \/>\n<meta name=\"twitter:label1\" content=\"Escrito por\" \/>\n\t<meta name=\"twitter:data1\" content=\"Direcci\u00f3n de Comunicaci\u00f3n\" \/>\n\t<meta name=\"twitter:label2\" content=\"Tiempo de lectura\" \/>\n\t<meta name=\"twitter:data2\" content=\"2 minutos\" \/>\n<script type=\"application\/ld+json\" class=\"yoast-schema-graph\">{\"@context\":\"https:\/\/schema.org\",\"@graph\":[{\"@type\":\"Article\",\"@id\":\"https:\/\/prefecturadeesmeraldas.gob.ec\/index.php\/2022\/12\/02\/prefectura-de-esmeraldas-trabaja-sin-descanso-por-la-zona-rural\/#article\",\"isPartOf\":{\"@id\":\"https:\/\/prefecturadeesmeraldas.gob.ec\/index.php\/2022\/12\/02\/prefectura-de-esmeraldas-trabaja-sin-descanso-por-la-zona-rural\/\"},\"author\":{\"name\":\"Direcci\u00f3n de Comunicaci\u00f3n\",\"@id\":\"https:\/\/prefecturadeesmeraldas.gob.ec\/#\/schema\/person\/b0c9e7b1ead7725994d1e319e8825234\"},\"headline\":\"Prefectura de Esmeraldas trabaja sin descanso por la zona rural.\",\"datePublished\":\"2022-12-02T14:24:28+00:00\",\"dateModified\":\"2022-12-02T14:25:15+00:00\",\"mainEntityOfPage\":{\"@id\":\"https:\/\/prefecturadeesmeraldas.gob.ec\/index.php\/2022\/12\/02\/prefectura-de-esmeraldas-trabaja-sin-descanso-por-la-zona-rural\/\"},\"wordCount\":267,\"publisher\":{\"@id\":\"https:\/\/prefecturadeesmeraldas.gob.ec\/#organization\"},\"image\":{\"@id\":\"https:\/\/prefecturadeesmeraldas.gob.ec\/index.php\/2022\/12\/02\/prefectura-de-esmeraldas-trabaja-sin-descanso-por-la-zona-rural\/#primaryimage\"},\"thumbnailUrl\":\"https:\/\/prefecturadeesmeraldas.gob.ec\/wp-content\/uploads\/2022\/12\/111-2.jpg\",\"articleSection\":[\"Vialidad\"],\"inLanguage\":\"es\"},{\"@type\":\"WebPage\",\"@id\":\"https:\/\/prefecturadeesmeraldas.gob.ec\/index.php\/2022\/12\/02\/prefectura-de-esmeraldas-trabaja-sin-descanso-por-la-zona-rural\/\",\"url\":\"https:\/\/prefecturadeesmeraldas.gob.ec\/index.php\/2022\/12\/02\/prefectura-de-esmeraldas-trabaja-sin-descanso-por-la-zona-rural\/\",\"name\":\"Prefectura de Esmeraldas trabaja sin descanso por la zona rural. - Gobierno Aut\u00f3nomo Descentralizado de la Provincia de Esmeraldas\",\"isPartOf\":{\"@id\":\"https:\/\/prefecturadeesmeraldas.gob.ec\/#website\"},\"primaryImageOfPage\":{\"@id\":\"https:\/\/prefecturadeesmeraldas.gob.ec\/index.php\/2022\/12\/02\/prefectura-de-esmeraldas-trabaja-sin-descanso-por-la-zona-rural\/#primaryimage\"},\"image\":{\"@id\":\"https:\/\/prefecturadeesmeraldas.gob.ec\/index.php\/2022\/12\/02\/prefectura-de-esmeraldas-trabaja-sin-descanso-por-la-zona-rural\/#primaryimage\"},\"thumbnailUrl\":\"https:\/\/prefecturadeesmeraldas.gob.ec\/wp-content\/uploads\/2022\/12\/111-2.jpg\",\"datePublished\":\"2022-12-02T14:24:28+00:00\",\"dateModified\":\"2022-12-02T14:25:15+00:00\",\"description\":\"Como Prefectura de Esmeraldas, trabajamos incansablemente en el mejoramiento vial de la provincia y con los trabajos de reconformaci\u00f3n de la v\u00eda E15 hasta Col\u00f3n Eloy, en el cant\u00f3n Eloy Alfaro, beneficiamos a cientos de familias productoras, agricultores y ganaderos, a la vez que facilitamos el acceso a la educaci\u00f3n de miles de estudiantes que podr\u00e1n llegar sin dificultad hasta sus establecimientos educativos. Estamos siempre pendientes de la accesibilidad vial en las comunidades rurales.\",\"breadcrumb\":{\"@id\":\"https:\/\/prefecturadeesmeraldas.gob.ec\/index.php\/2022\/12\/02\/prefectura-de-esmeraldas-trabaja-sin-descanso-por-la-zona-rural\/#breadcrumb\"},\"inLanguage\":\"es\",\"potentialAction\":[{\"@type\":\"ReadAction\",\"target\":[\"https:\/\/prefecturadeesmeraldas.gob.ec\/index.php\/2022\/12\/02\/prefectura-de-esmeraldas-trabaja-sin-descanso-por-la-zona-rural\/\"]}]},{\"@type\":\"ImageObject\",\"inLanguage\":\"es\",\"@id\":\"https:\/\/prefecturadeesmeraldas.gob.ec\/index.php\/2022\/12\/02\/prefectura-de-esmeraldas-trabaja-sin-descanso-por-la-zona-rural\/#primaryimage\",\"url\":\"https:\/\/prefecturadeesmeraldas.gob.ec\/wp-content\/uploads\/2022\/12\/111-2.jpg\",\"contentUrl\":\"https:\/\/prefecturadeesmeraldas.gob.ec\/wp-content\/uploads\/2022\/12\/111-2.jpg\",\"width\":1023,\"height\":1022},{\"@type\":\"BreadcrumbList\",\"@id\":\"https:\/\/prefecturadeesmeraldas.gob.ec\/index.php\/2022\/12\/02\/prefectura-de-esmeraldas-trabaja-sin-descanso-por-la-zona-rural\/#breadcrumb\",\"itemListElement\":[{\"@type\":\"ListItem\",\"position\":1,\"name\":\"Home\",\"item\":\"https:\/\/prefecturadeesmeraldas.gob.ec\/\"},{\"@type\":\"ListItem\",\"position\":2,\"name\":\"Prefectura de Esmeraldas trabaja sin descanso por la zona rural.\"}]},{\"@type\":\"WebSite\",\"@id\":\"https:\/\/prefecturadeesmeraldas.gob.ec\/#website\",\"url\":\"https:\/\/prefecturadeesmeraldas.gob.ec\/\",\"name\":\"Gobierno Aut\u00f3nomo Descentralizado de la Provincia de Esmeraldas\",\"description\":\"Gobierno Aut\u00f3nomo Descentralizado de la Provincia de Esmeraldas\",\"publisher\":{\"@id\":\"https:\/\/prefecturadeesmeraldas.gob.ec\/#organization\"},\"potentialAction\":[{\"@type\":\"SearchAction\",\"target\":{\"@type\":\"EntryPoint\",\"urlTemplate\":\"https:\/\/prefecturadeesmeraldas.gob.ec\/?s={search_term_string}\"},\"query-input\":{\"@type\":\"PropertyValueSpecification\",\"valueRequired\":true,\"valueName\":\"search_term_string\"}}],\"inLanguage\":\"es\"},{\"@type\":\"Organization\",\"@id\":\"https:\/\/prefecturadeesmeraldas.gob.ec\/#organization\",\"name\":\"Gobierno Aut\u00f3nomo Descentralizado de la Provincia de Esmeraldas\",\"url\":\"https:\/\/prefecturadeesmeraldas.gob.ec\/\",\"logo\":{\"@type\":\"ImageObject\",\"inLanguage\":\"es\",\"@id\":\"https:\/\/prefecturadeesmeraldas.gob.ec\/#\/schema\/logo\/image\/\",\"url\":\"https:\/\/prefecturadeesmeraldas.gob.ec\/wp-content\/uploads\/2019\/06\/logo.png\",\"contentUrl\":\"https:\/\/prefecturadeesmeraldas.gob.ec\/wp-content\/uploads\/2019\/06\/logo.png\",\"width\":859,\"height\":448,\"caption\":\"Gobierno Aut\u00f3nomo Descentralizado de la Provincia de Esmeraldas\"},\"image\":{\"@id\":\"https:\/\/prefecturadeesmeraldas.gob.ec\/#\/schema\/logo\/image\/\"},\"sameAs\":[\"https:\/\/www.facebook.com\/PrefecturaEsmeraldas\/\"]},{\"@type\":\"Person\",\"@id\":\"https:\/\/prefecturadeesmeraldas.gob.ec\/#\/schema\/person\/b0c9e7b1ead7725994d1e319e8825234\",\"name\":\"Direcci\u00f3n de Comunicaci\u00f3n\",\"image\":{\"@type\":\"ImageObject\",\"inLanguage\":\"es\",\"@id\":\"https:\/\/prefecturadeesmeraldas.gob.ec\/#\/schema\/person\/image\/\",\"url\":\"https:\/\/secure.gravatar.com\/avatar\/74a3870a946f5d774ade3569af61a72308e07ad3346f370c4b468ee2a9858658?s=96&d=mm&r=g\",\"contentUrl\":\"https:\/\/secure.gravatar.com\/avatar\/74a3870a946f5d774ade3569af61a72308e07ad3346f370c4b468ee2a9858658?s=96&d=mm&r=g\",\"caption\":\"Direcci\u00f3n de Comunicaci\u00f3n\"}}]}<\/script>\n<!-- \/ Yoast SEO plugin. -->","yoast_head_json":{"title":"Prefectura de Esmeraldas trabaja sin descanso por la zona rural. - Gobierno Aut\u00f3nomo Descentralizado de la Provincia de Esmeraldas","description":"Como Prefectura de Esmeraldas, trabajamos incansablemente en el mejoramiento vial de la provincia y con los trabajos de reconformaci\u00f3n de la v\u00eda E15 hasta Col\u00f3n Eloy, en el cant\u00f3n Eloy Alfaro, beneficiamos a cientos de familias productoras, agricultores y ganaderos, a la vez que facilitamos el acceso a la educaci\u00f3n de miles de estudiantes que podr\u00e1n llegar sin dificultad hasta sus establecimientos educativos. Estamos siempre pendientes de la accesibilidad vial en las comunidades rurales.","robots":{"index":"index","follow":"follow","max-snippet":"max-snippet:-1","max-image-preview":"max-image-preview:large","max-video-preview":"max-video-preview:-1"},"canonical":"https:\/\/prefecturadeesmeraldas.gob.ec\/index.php\/2022\/12\/02\/prefectura-de-esmeraldas-trabaja-sin-descanso-por-la-zona-rural\/","og_locale":"es_ES","og_type":"article","og_title":"Prefectura de Esmeraldas trabaja sin descanso por la zona rural. - Gobierno Aut\u00f3nomo Descentralizado de la Provincia de Esmeraldas","og_description":"Como Prefectura de Esmeraldas, trabajamos incansablemente en el mejoramiento vial de la provincia y con los trabajos de reconformaci\u00f3n de la v\u00eda E15 hasta Col\u00f3n Eloy, en el cant\u00f3n Eloy Alfaro, beneficiamos a cientos de familias productoras, agricultores y ganaderos, a la vez que facilitamos el acceso a la educaci\u00f3n de miles de estudiantes que podr\u00e1n llegar sin dificultad hasta sus establecimientos educativos. Estamos siempre pendientes de la accesibilidad vial en las comunidades rurales.","og_url":"https:\/\/prefecturadeesmeraldas.gob.ec\/index.php\/2022\/12\/02\/prefectura-de-esmeraldas-trabaja-sin-descanso-por-la-zona-rural\/","og_site_name":"Gobierno Aut\u00f3nomo Descentralizado de la Provincia de Esmeraldas","article_publisher":"https:\/\/www.facebook.com\/PrefecturaEsmeraldas\/","article_published_time":"2022-12-02T14:24:28+00:00","article_modified_time":"2022-12-02T14:25:15+00:00","og_image":[{"width":1023,"height":1022,"url":"https:\/\/prefecturadeesmeraldas.gob.ec\/wp-content\/uploads\/2022\/12\/111-2.jpg","type":"image\/jpeg"}],"author":"Direcci\u00f3n de Comunicaci\u00f3n","twitter_card":"summary_large_image","twitter_misc":{"Escrito por":"Direcci\u00f3n de Comunicaci\u00f3n","Tiempo de lectura":"2 minutos"},"schema":{"@context":"https:\/\/schema.org","@graph":[{"@type":"Article","@id":"https:\/\/prefecturadeesmeraldas.gob.ec\/index.php\/2022\/12\/02\/prefectura-de-esmeraldas-trabaja-sin-descanso-por-la-zona-rural\/#article","isPartOf":{"@id":"https:\/\/prefecturadeesmeraldas.gob.ec\/index.php\/2022\/12\/02\/prefectura-de-esmeraldas-trabaja-sin-descanso-por-la-zona-rural\/"},"author":{"name":"Direcci\u00f3n de Comunicaci\u00f3n","@id":"https:\/\/prefecturadeesmeraldas.gob.ec\/#\/schema\/person\/b0c9e7b1ead7725994d1e319e8825234"},"headline":"Prefectura de Esmeraldas trabaja sin descanso por la zona rural.","datePublished":"2022-12-02T14:24:28+00:00","dateModified":"2022-12-02T14:25:15+00:00","mainEntityOfPage":{"@id":"https:\/\/prefecturadeesmeraldas.gob.ec\/index.php\/2022\/12\/02\/prefectura-de-esmeraldas-trabaja-sin-descanso-por-la-zona-rural\/"},"wordCount":267,"publisher":{"@id":"https:\/\/prefecturadeesmeraldas.gob.ec\/#organization"},"image":{"@id":"https:\/\/prefecturadeesmeraldas.gob.ec\/index.php\/2022\/12\/02\/prefectura-de-esmeraldas-trabaja-sin-descanso-por-la-zona-rural\/#primaryimage"},"thumbnailUrl":"https:\/\/prefecturadeesmeraldas.gob.ec\/wp-content\/uploads\/2022\/12\/111-2.jpg","articleSection":["Vialidad"],"inLanguage":"es"},{"@type":"WebPage","@id":"https:\/\/prefecturadeesmeraldas.gob.ec\/index.php\/2022\/12\/02\/prefectura-de-esmeraldas-trabaja-sin-descanso-por-la-zona-rural\/","url":"https:\/\/prefecturadeesmeraldas.gob.ec\/index.php\/2022\/12\/02\/prefectura-de-esmeraldas-trabaja-sin-descanso-por-la-zona-rural\/","name":"Prefectura de Esmeraldas trabaja sin descanso por la zona rural. - Gobierno Aut\u00f3nomo Descentralizado de la Provincia de Esmeraldas","isPartOf":{"@id":"https:\/\/prefecturadeesmeraldas.gob.ec\/#website"},"primaryImageOfPage":{"@id":"https:\/\/prefecturadeesmeraldas.gob.ec\/index.php\/2022\/12\/02\/prefectura-de-esmeraldas-trabaja-sin-descanso-por-la-zona-rural\/#primaryimage"},"image":{"@id":"https:\/\/prefecturadeesmeraldas.gob.ec\/index.php\/2022\/12\/02\/prefectura-de-esmeraldas-trabaja-sin-descanso-por-la-zona-rural\/#primaryimage"},"thumbnailUrl":"https:\/\/prefecturadeesmeraldas.gob.ec\/wp-content\/uploads\/2022\/12\/111-2.jpg","datePublished":"2022-12-02T14:24:28+00:00","dateModified":"2022-12-02T14:25:15+00:00","description":"Como Prefectura de Esmeraldas, trabajamos incansablemente en el mejoramiento vial de la provincia y con los trabajos de reconformaci\u00f3n de la v\u00eda E15 hasta Col\u00f3n Eloy, en el cant\u00f3n Eloy Alfaro, beneficiamos a cientos de familias productoras, agricultores y ganaderos, a la vez que facilitamos el acceso a la educaci\u00f3n de miles de estudiantes que podr\u00e1n llegar sin dificultad hasta sus establecimientos educativos. Estamos siempre pendientes de la accesibilidad vial en las comunidades rurales.","breadcrumb":{"@id":"https:\/\/prefecturadeesmeraldas.gob.ec\/index.php\/2022\/12\/02\/prefectura-de-esmeraldas-trabaja-sin-descanso-por-la-zona-rural\/#breadcrumb"},"inLanguage":"es","potentialAction":[{"@type":"ReadAction","target":["https:\/\/prefecturadeesmeraldas.gob.ec\/index.php\/2022\/12\/02\/prefectura-de-esmeraldas-trabaja-sin-descanso-por-la-zona-rural\/"]}]},{"@type":"ImageObject","inLanguage":"es","@id":"https:\/\/prefecturadeesmeraldas.gob.ec\/index.php\/2022\/12\/02\/prefectura-de-esmeraldas-trabaja-sin-descanso-por-la-zona-rural\/#primaryimage","url":"https:\/\/prefecturadeesmeraldas.gob.ec\/wp-content\/uploads\/2022\/12\/111-2.jpg","contentUrl":"https:\/\/prefecturadeesmeraldas.gob.ec\/wp-content\/uploads\/2022\/12\/111-2.jpg","width":1023,"height":1022},{"@type":"BreadcrumbList","@id":"https:\/\/prefecturadeesmeraldas.gob.ec\/index.php\/2022\/12\/02\/prefectura-de-esmeraldas-trabaja-sin-descanso-por-la-zona-rural\/#breadcrumb","itemListElement":[{"@type":"ListItem","position":1,"name":"Home","item":"https:\/\/prefecturadeesmeraldas.gob.ec\/"},{"@type":"ListItem","position":2,"name":"Prefectura de Esmeraldas trabaja sin descanso por la zona rural."}]},{"@type":"WebSite","@id":"https:\/\/prefecturadeesmeraldas.gob.ec\/#website","url":"https:\/\/prefecturadeesmeraldas.gob.ec\/","name":"Gobierno Aut\u00f3nomo Descentralizado de la Provincia de Esmeraldas","description":"Gobierno Aut\u00f3nomo Descentralizado de la Provincia de Esmeraldas","publisher":{"@id":"https:\/\/prefecturadeesmeraldas.gob.ec\/#organization"},"potentialAction":[{"@type":"SearchAction","target":{"@type":"EntryPoint","urlTemplate":"https:\/\/prefecturadeesmeraldas.gob.ec\/?s={search_term_string}"},"query-input":{"@type":"PropertyValueSpecification","valueRequired":true,"valueName":"search_term_string"}}],"inLanguage":"es"},{"@type":"Organization","@id":"https:\/\/prefecturadeesmeraldas.gob.ec\/#organization","name":"Gobierno Aut\u00f3nomo Descentralizado de la Provincia de Esmeraldas","url":"https:\/\/prefecturadeesmeraldas.gob.ec\/","logo":{"@type":"ImageObject","inLanguage":"es","@id":"https:\/\/prefecturadeesmeraldas.gob.ec\/#\/schema\/logo\/image\/","url":"https:\/\/prefecturadeesmeraldas.gob.ec\/wp-content\/uploads\/2019\/06\/logo.png","contentUrl":"https:\/\/prefecturadeesmeraldas.gob.ec\/wp-content\/uploads\/2019\/06\/logo.png","width":859,"height":448,"caption":"Gobierno Aut\u00f3nomo Descentralizado de la Provincia de Esmeraldas"},"image":{"@id":"https:\/\/prefecturadeesmeraldas.gob.ec\/#\/schema\/logo\/image\/"},"sameAs":["https:\/\/www.facebook.com\/PrefecturaEsmeraldas\/"]},{"@type":"Person","@id":"https:\/\/prefecturadeesmeraldas.gob.ec\/#\/schema\/person\/b0c9e7b1ead7725994d1e319e8825234","name":"Direcci\u00f3n de Comunicaci\u00f3n","image":{"@type":"ImageObject","inLanguage":"es","@id":"https:\/\/prefecturadeesmeraldas.gob.ec\/#\/schema\/person\/image\/","url":"https:\/\/secure.gravatar.com\/avatar\/74a3870a946f5d774ade3569af61a72308e07ad3346f370c4b468ee2a9858658?s=96&d=mm&r=g","contentUrl":"https:\/\/secure.gravatar.com\/avatar\/74a3870a946f5d774ade3569af61a72308e07ad3346f370c4b468ee2a9858658?s=96&d=mm&r=g","caption":"Direcci\u00f3n de Comunicaci\u00f3n"}}]}},"_links":{"self":[{"href":"https:\/\/prefecturadeesmeraldas.gob.ec\/index.php\/wp-json\/wp\/v2\/posts\/20260","targetHints":{"allow":["GET"]}}],"collection":[{"href":"https:\/\/prefecturadeesmeraldas.gob.ec\/index.php\/wp-json\/wp\/v2\/posts"}],"about":[{"href":"https:\/\/prefecturadeesmeraldas.gob.ec\/index.php\/wp-json\/wp\/v2\/types\/post"}],"author":[{"embeddable":true,"href":"https:\/\/prefecturadeesmeraldas.gob.ec\/index.php\/wp-json\/wp\/v2\/users\/2"}],"replies":[{"embeddable":true,"href":"https:\/\/prefecturadeesmeraldas.gob.ec\/index.php\/wp-json\/wp\/v2\/comments?post=20260"}],"version-history":[{"count":0,"href":"https:\/\/prefecturadeesmeraldas.gob.ec\/index.php\/wp-json\/wp\/v2\/posts\/20260\/revisions"}],"wp:featuredmedia":[{"embeddable":true,"href":"https:\/\/prefecturadeesmeraldas.gob.ec\/index.php\/wp-json\/wp\/v2\/media\/20261"}],"wp:attachment":[{"href":"https:\/\/prefecturadeesmeraldas.gob.ec\/index.php\/wp-json\/wp\/v2\/media?parent=20260"}],"wp:term":[{"taxonomy":"category","embeddable":true,"href":"https:\/\/prefecturadeesmeraldas.gob.ec\/index.php\/wp-json\/wp\/v2\/categories?post=20260"},{"taxonomy":"post_tag","embeddable":true,"href":"https:\/\/prefecturadeesmeraldas.gob.ec\/index.php\/wp-json\/wp\/v2\/tags?post=20260"}],"curies":[{"name":"wp","href":"https:\/\/api.w.org\/{rel}","templated":true}]}}