{"id":20205,"date":"2022-12-01T10:34:04","date_gmt":"2022-12-01T15:34:04","guid":{"rendered":"https:\/\/prefecturadeesmeraldas.gob.ec\/?p=20205"},"modified":"2022-12-01T10:39:16","modified_gmt":"2022-12-01T15:39:16","slug":"prefectura-trabaja-en-carretera-lagarto-piquigual","status":"publish","type":"post","link":"https:\/\/prefecturadeesmeraldas.gob.ec\/index.php\/2022\/12\/01\/prefectura-trabaja-en-carretera-lagarto-piquigual\/","title":{"rendered":"<strong>Prefectura trabaja en carretera Lagarto \u2013 Piquigual.<\/strong>"},"content":{"rendered":"\t\t<div data-elementor-type=\"wp-post\" data-elementor-id=\"20205\" class=\"elementor elementor-20205\">\n\t\t\t\t<div class=\"elementor-element elementor-element-c60f983 e-flex e-con-boxed e-con e-parent\" data-id=\"c60f983\" data-element_type=\"container\">\n\t\t\t\t\t<div class=\"e-con-inner\">\n\t\t\t\t<div class=\"elementor-element elementor-element-75033ea elementor-widget elementor-widget-image\" data-id=\"75033ea\" data-element_type=\"widget\" data-widget_type=\"image.default\">\n\t\t\t\t<div class=\"elementor-widget-container\">\n\t\t\t\t\t\t\t\t\t\t\t\t\t\t\t<img fetchpriority=\"high\" decoding=\"async\" width=\"623\" height=\"623\" src=\"https:\/\/prefecturadeesmeraldas.gob.ec\/wp-content\/uploads\/2022\/12\/111.jpg\" class=\"attachment-large size-large wp-image-20206\" alt=\"\" srcset=\"https:\/\/prefecturadeesmeraldas.gob.ec\/wp-content\/uploads\/2022\/12\/111.jpg 623w, https:\/\/prefecturadeesmeraldas.gob.ec\/wp-content\/uploads\/2022\/12\/111-300x300.jpg 300w, https:\/\/prefecturadeesmeraldas.gob.ec\/wp-content\/uploads\/2022\/12\/111-150x150.jpg 150w, https:\/\/prefecturadeesmeraldas.gob.ec\/wp-content\/uploads\/2022\/12\/111-440x440.jpg 440w, https:\/\/prefecturadeesmeraldas.gob.ec\/wp-content\/uploads\/2022\/12\/111-180x180.jpg 180w, https:\/\/prefecturadeesmeraldas.gob.ec\/wp-content\/uploads\/2022\/12\/111-120x120.jpg 120w\" sizes=\"(max-width: 623px) 100vw, 623px\" \/>\t\t\t\t\t\t\t\t\t\t\t\t\t\t\t<\/div>\n\t\t\t\t<\/div>\n\t\t\t\t\t<\/div>\n\t\t\t\t<\/div>\n\t\t<div class=\"elementor-element elementor-element-6283c00 e-flex e-con-boxed e-con e-parent\" data-id=\"6283c00\" data-element_type=\"container\">\n\t\t\t\t\t<div class=\"e-con-inner\">\n\t\t\t\t<div class=\"elementor-element elementor-element-1e14ee6 elementor-widget elementor-widget-text-editor\" data-id=\"1e14ee6\" data-element_type=\"widget\" data-widget_type=\"text-editor.default\">\n\t\t\t\t<div class=\"elementor-widget-container\">\n\t\t\t\t\t\t\t\t\t<p>Con la firme decisi\u00f3n de la prefecta, Roberta Zambrano, se trabaja en el mejoramiento del suelo de 4.5 kil\u00f3metros, que comprende el tramo Lagarto \u2013 Piquigual, para ejecutar el proyecto de asfaltado, a trav\u00e9s de la t\u00e9cnica de doble tratamiento superficial bituminoso.<\/p><p>El presidente de la comunidad de Lagarto, George Cortez Banguera, manifest\u00f3 que est\u00e1n contentos porque la autoridad provincial est\u00e1 cumpliendo con el compromiso que realiz\u00f3 con cientos de familias de las comunidades beneficiadas de esta v\u00eda.<\/p><p><strong>C\u00e9sar Casierra<\/strong>, productor av\u00edcola, dijo estar feliz al ver que ya se est\u00e1 haciendo realidad el anhelo de contar con una carretera con asfalto, ya que de esta forma no tendr\u00e1 accidentes como los que se generan por el exceso de lodo o polvo, por ello; exhort\u00f3 a la Prefecta que contin\u00fae apoyando a los campesinos con obras que promuevan el desarrollo.\u00a0<\/p><p><strong>Wilson Meza<\/strong>, transe\u00fante, fue otra de las personas que dijo sentirse contento por la obra, porque antes ten\u00eda muchas dificultades como ca\u00eddas de caballo, de la moto, se perd\u00edan los productos que cosechaba, pero ahora ser\u00e1 otra historia, llena de progreso para todos los que habitan en la zona de influencia de esta v\u00eda.<\/p><p>Pedro Luna, agricultor que tiene una peque\u00f1a propiedad en el lugar, felicit\u00f3 a la prefecta porque ella s\u00ed tuvo la decisi\u00f3n pol\u00edtica de ejecutar el proyecto de asfaltado, y detall\u00f3 adem\u00e1s que, est\u00e1n observando c\u00f3mo los trabajadores de la Prefectura de Esmeraldas cada d\u00eda se esmeran por avanzar con la obra.<\/p>\t\t\t\t\t\t\t\t<\/div>\n\t\t\t\t<\/div>\n\t\t\t\t\t<\/div>\n\t\t\t\t<\/div>\n\t\t\t\t<\/div>\n\t\t","protected":false},"excerpt":{"rendered":"<p>Con la firme decisi\u00f3n de la prefecta, Roberta Zambrano, se trabaja en el mejoramiento del suelo de 4.5 kil\u00f3metros, que comprende el tramo Lagarto \u2013 Piquigual, para ejecutar el proyecto de asfaltado, a trav\u00e9s de la t\u00e9cnica de doble tratamiento superficial bituminoso. El presidente de la comunidad de Lagarto, George Cortez Banguera, manifest\u00f3 que est\u00e1n [&hellip;]<\/p>\n","protected":false},"author":2,"featured_media":20206,"comment_status":"closed","ping_status":"open","sticky":false,"template":"","format":"standard","meta":{"footnotes":""},"categories":[14],"tags":[],"class_list":["post-20205","post","type-post","status-publish","format-standard","has-post-thumbnail","hentry","category-vialidad"],"yoast_head":"<!-- This site is optimized with the Yoast SEO plugin v25.7 - https:\/\/yoast.com\/wordpress\/plugins\/seo\/ -->\n<title>Prefectura trabaja en carretera Lagarto \u2013 Piquigual. - Gobierno Aut\u00f3nomo Descentralizado de la Provincia de Esmeraldas<\/title>\n<meta name=\"description\" content=\"Con la firme decisi\u00f3n de la prefecta, Roberta Zambrano, se trabaja en el mejoramiento del suelo de 4.5 kil\u00f3metros, que comprende el tramo Lagarto \u2013 Piquigual, para ejecutar el proyecto de asfaltado, a trav\u00e9s de la t\u00e9cnica de doble tratamiento superficial bituminoso.\" \/>\n<meta name=\"robots\" content=\"index, follow, max-snippet:-1, max-image-preview:large, max-video-preview:-1\" \/>\n<link rel=\"canonical\" href=\"https:\/\/prefecturadeesmeraldas.gob.ec\/index.php\/2022\/12\/01\/prefectura-trabaja-en-carretera-lagarto-piquigual\/\" \/>\n<meta property=\"og:locale\" content=\"es_ES\" \/>\n<meta property=\"og:type\" content=\"article\" \/>\n<meta property=\"og:title\" content=\"Prefectura trabaja en carretera Lagarto \u2013 Piquigual. - Gobierno Aut\u00f3nomo Descentralizado de la Provincia de Esmeraldas\" \/>\n<meta property=\"og:description\" content=\"Con la firme decisi\u00f3n de la prefecta, Roberta Zambrano, se trabaja en el mejoramiento del suelo de 4.5 kil\u00f3metros, que comprende el tramo Lagarto \u2013 Piquigual, para ejecutar el proyecto de asfaltado, a trav\u00e9s de la t\u00e9cnica de doble tratamiento superficial bituminoso.\" \/>\n<meta property=\"og:url\" content=\"https:\/\/prefecturadeesmeraldas.gob.ec\/index.php\/2022\/12\/01\/prefectura-trabaja-en-carretera-lagarto-piquigual\/\" \/>\n<meta property=\"og:site_name\" content=\"Gobierno Aut\u00f3nomo Descentralizado de la Provincia de Esmeraldas\" \/>\n<meta property=\"article:publisher\" content=\"https:\/\/www.facebook.com\/PrefecturaEsmeraldas\/\" \/>\n<meta property=\"article:published_time\" content=\"2022-12-01T15:34:04+00:00\" \/>\n<meta property=\"article:modified_time\" content=\"2022-12-01T15:39:16+00:00\" \/>\n<meta property=\"og:image\" content=\"https:\/\/prefecturadeesmeraldas.gob.ec\/wp-content\/uploads\/2022\/12\/111.jpg\" \/>\n\t<meta property=\"og:image:width\" content=\"623\" \/>\n\t<meta property=\"og:image:height\" content=\"623\" \/>\n\t<meta property=\"og:image:type\" content=\"image\/jpeg\" \/>\n<meta name=\"author\" content=\"Direcci\u00f3n de Comunicaci\u00f3n\" \/>\n<meta name=\"twitter:card\" content=\"summary_large_image\" \/>\n<meta name=\"twitter:label1\" content=\"Escrito por\" \/>\n\t<meta name=\"twitter:data1\" content=\"Direcci\u00f3n de Comunicaci\u00f3n\" \/>\n\t<meta name=\"twitter:label2\" content=\"Tiempo de lectura\" \/>\n\t<meta name=\"twitter:data2\" content=\"2 minutos\" \/>\n<script type=\"application\/ld+json\" class=\"yoast-schema-graph\">{\"@context\":\"https:\/\/schema.org\",\"@graph\":[{\"@type\":\"Article\",\"@id\":\"https:\/\/prefecturadeesmeraldas.gob.ec\/index.php\/2022\/12\/01\/prefectura-trabaja-en-carretera-lagarto-piquigual\/#article\",\"isPartOf\":{\"@id\":\"https:\/\/prefecturadeesmeraldas.gob.ec\/index.php\/2022\/12\/01\/prefectura-trabaja-en-carretera-lagarto-piquigual\/\"},\"author\":{\"name\":\"Direcci\u00f3n de Comunicaci\u00f3n\",\"@id\":\"https:\/\/prefecturadeesmeraldas.gob.ec\/#\/schema\/person\/b0c9e7b1ead7725994d1e319e8825234\"},\"headline\":\"Prefectura trabaja en carretera Lagarto \u2013 Piquigual.\",\"datePublished\":\"2022-12-01T15:34:04+00:00\",\"dateModified\":\"2022-12-01T15:39:16+00:00\",\"mainEntityOfPage\":{\"@id\":\"https:\/\/prefecturadeesmeraldas.gob.ec\/index.php\/2022\/12\/01\/prefectura-trabaja-en-carretera-lagarto-piquigual\/\"},\"wordCount\":271,\"publisher\":{\"@id\":\"https:\/\/prefecturadeesmeraldas.gob.ec\/#organization\"},\"image\":{\"@id\":\"https:\/\/prefecturadeesmeraldas.gob.ec\/index.php\/2022\/12\/01\/prefectura-trabaja-en-carretera-lagarto-piquigual\/#primaryimage\"},\"thumbnailUrl\":\"https:\/\/prefecturadeesmeraldas.gob.ec\/wp-content\/uploads\/2022\/12\/111.jpg\",\"articleSection\":[\"Vialidad\"],\"inLanguage\":\"es\"},{\"@type\":\"WebPage\",\"@id\":\"https:\/\/prefecturadeesmeraldas.gob.ec\/index.php\/2022\/12\/01\/prefectura-trabaja-en-carretera-lagarto-piquigual\/\",\"url\":\"https:\/\/prefecturadeesmeraldas.gob.ec\/index.php\/2022\/12\/01\/prefectura-trabaja-en-carretera-lagarto-piquigual\/\",\"name\":\"Prefectura trabaja en carretera Lagarto \u2013 Piquigual. - Gobierno Aut\u00f3nomo Descentralizado de la Provincia de Esmeraldas\",\"isPartOf\":{\"@id\":\"https:\/\/prefecturadeesmeraldas.gob.ec\/#website\"},\"primaryImageOfPage\":{\"@id\":\"https:\/\/prefecturadeesmeraldas.gob.ec\/index.php\/2022\/12\/01\/prefectura-trabaja-en-carretera-lagarto-piquigual\/#primaryimage\"},\"image\":{\"@id\":\"https:\/\/prefecturadeesmeraldas.gob.ec\/index.php\/2022\/12\/01\/prefectura-trabaja-en-carretera-lagarto-piquigual\/#primaryimage\"},\"thumbnailUrl\":\"https:\/\/prefecturadeesmeraldas.gob.ec\/wp-content\/uploads\/2022\/12\/111.jpg\",\"datePublished\":\"2022-12-01T15:34:04+00:00\",\"dateModified\":\"2022-12-01T15:39:16+00:00\",\"description\":\"Con la firme decisi\u00f3n de la prefecta, Roberta Zambrano, se trabaja en el mejoramiento del suelo de 4.5 kil\u00f3metros, que comprende el tramo Lagarto \u2013 Piquigual, para ejecutar el proyecto de asfaltado, a trav\u00e9s de la t\u00e9cnica de doble tratamiento superficial bituminoso.\",\"breadcrumb\":{\"@id\":\"https:\/\/prefecturadeesmeraldas.gob.ec\/index.php\/2022\/12\/01\/prefectura-trabaja-en-carretera-lagarto-piquigual\/#breadcrumb\"},\"inLanguage\":\"es\",\"potentialAction\":[{\"@type\":\"ReadAction\",\"target\":[\"https:\/\/prefecturadeesmeraldas.gob.ec\/index.php\/2022\/12\/01\/prefectura-trabaja-en-carretera-lagarto-piquigual\/\"]}]},{\"@type\":\"ImageObject\",\"inLanguage\":\"es\",\"@id\":\"https:\/\/prefecturadeesmeraldas.gob.ec\/index.php\/2022\/12\/01\/prefectura-trabaja-en-carretera-lagarto-piquigual\/#primaryimage\",\"url\":\"https:\/\/prefecturadeesmeraldas.gob.ec\/wp-content\/uploads\/2022\/12\/111.jpg\",\"contentUrl\":\"https:\/\/prefecturadeesmeraldas.gob.ec\/wp-content\/uploads\/2022\/12\/111.jpg\",\"width\":623,\"height\":623},{\"@type\":\"BreadcrumbList\",\"@id\":\"https:\/\/prefecturadeesmeraldas.gob.ec\/index.php\/2022\/12\/01\/prefectura-trabaja-en-carretera-lagarto-piquigual\/#breadcrumb\",\"itemListElement\":[{\"@type\":\"ListItem\",\"position\":1,\"name\":\"Home\",\"item\":\"https:\/\/prefecturadeesmeraldas.gob.ec\/\"},{\"@type\":\"ListItem\",\"position\":2,\"name\":\"Prefectura trabaja en carretera Lagarto \u2013 Piquigual.\"}]},{\"@type\":\"WebSite\",\"@id\":\"https:\/\/prefecturadeesmeraldas.gob.ec\/#website\",\"url\":\"https:\/\/prefecturadeesmeraldas.gob.ec\/\",\"name\":\"Gobierno Aut\u00f3nomo Descentralizado de la Provincia de Esmeraldas\",\"description\":\"Gobierno Aut\u00f3nomo Descentralizado de la Provincia de Esmeraldas\",\"publisher\":{\"@id\":\"https:\/\/prefecturadeesmeraldas.gob.ec\/#organization\"},\"potentialAction\":[{\"@type\":\"SearchAction\",\"target\":{\"@type\":\"EntryPoint\",\"urlTemplate\":\"https:\/\/prefecturadeesmeraldas.gob.ec\/?s={search_term_string}\"},\"query-input\":{\"@type\":\"PropertyValueSpecification\",\"valueRequired\":true,\"valueName\":\"search_term_string\"}}],\"inLanguage\":\"es\"},{\"@type\":\"Organization\",\"@id\":\"https:\/\/prefecturadeesmeraldas.gob.ec\/#organization\",\"name\":\"Gobierno Aut\u00f3nomo Descentralizado de la Provincia de Esmeraldas\",\"url\":\"https:\/\/prefecturadeesmeraldas.gob.ec\/\",\"logo\":{\"@type\":\"ImageObject\",\"inLanguage\":\"es\",\"@id\":\"https:\/\/prefecturadeesmeraldas.gob.ec\/#\/schema\/logo\/image\/\",\"url\":\"https:\/\/prefecturadeesmeraldas.gob.ec\/wp-content\/uploads\/2019\/06\/logo.png\",\"contentUrl\":\"https:\/\/prefecturadeesmeraldas.gob.ec\/wp-content\/uploads\/2019\/06\/logo.png\",\"width\":859,\"height\":448,\"caption\":\"Gobierno Aut\u00f3nomo Descentralizado de la Provincia de Esmeraldas\"},\"image\":{\"@id\":\"https:\/\/prefecturadeesmeraldas.gob.ec\/#\/schema\/logo\/image\/\"},\"sameAs\":[\"https:\/\/www.facebook.com\/PrefecturaEsmeraldas\/\"]},{\"@type\":\"Person\",\"@id\":\"https:\/\/prefecturadeesmeraldas.gob.ec\/#\/schema\/person\/b0c9e7b1ead7725994d1e319e8825234\",\"name\":\"Direcci\u00f3n de Comunicaci\u00f3n\",\"image\":{\"@type\":\"ImageObject\",\"inLanguage\":\"es\",\"@id\":\"https:\/\/prefecturadeesmeraldas.gob.ec\/#\/schema\/person\/image\/\",\"url\":\"https:\/\/secure.gravatar.com\/avatar\/74a3870a946f5d774ade3569af61a72308e07ad3346f370c4b468ee2a9858658?s=96&d=mm&r=g\",\"contentUrl\":\"https:\/\/secure.gravatar.com\/avatar\/74a3870a946f5d774ade3569af61a72308e07ad3346f370c4b468ee2a9858658?s=96&d=mm&r=g\",\"caption\":\"Direcci\u00f3n de Comunicaci\u00f3n\"}}]}<\/script>\n<!-- \/ Yoast SEO plugin. -->","yoast_head_json":{"title":"Prefectura trabaja en carretera Lagarto \u2013 Piquigual. - Gobierno Aut\u00f3nomo Descentralizado de la Provincia de Esmeraldas","description":"Con la firme decisi\u00f3n de la prefecta, Roberta Zambrano, se trabaja en el mejoramiento del suelo de 4.5 kil\u00f3metros, que comprende el tramo Lagarto \u2013 Piquigual, para ejecutar el proyecto de asfaltado, a trav\u00e9s de la t\u00e9cnica de doble tratamiento superficial bituminoso.","robots":{"index":"index","follow":"follow","max-snippet":"max-snippet:-1","max-image-preview":"max-image-preview:large","max-video-preview":"max-video-preview:-1"},"canonical":"https:\/\/prefecturadeesmeraldas.gob.ec\/index.php\/2022\/12\/01\/prefectura-trabaja-en-carretera-lagarto-piquigual\/","og_locale":"es_ES","og_type":"article","og_title":"Prefectura trabaja en carretera Lagarto \u2013 Piquigual. - Gobierno Aut\u00f3nomo Descentralizado de la Provincia de Esmeraldas","og_description":"Con la firme decisi\u00f3n de la prefecta, Roberta Zambrano, se trabaja en el mejoramiento del suelo de 4.5 kil\u00f3metros, que comprende el tramo Lagarto \u2013 Piquigual, para ejecutar el proyecto de asfaltado, a trav\u00e9s de la t\u00e9cnica de doble tratamiento superficial bituminoso.","og_url":"https:\/\/prefecturadeesmeraldas.gob.ec\/index.php\/2022\/12\/01\/prefectura-trabaja-en-carretera-lagarto-piquigual\/","og_site_name":"Gobierno Aut\u00f3nomo Descentralizado de la Provincia de Esmeraldas","article_publisher":"https:\/\/www.facebook.com\/PrefecturaEsmeraldas\/","article_published_time":"2022-12-01T15:34:04+00:00","article_modified_time":"2022-12-01T15:39:16+00:00","og_image":[{"width":623,"height":623,"url":"https:\/\/prefecturadeesmeraldas.gob.ec\/wp-content\/uploads\/2022\/12\/111.jpg","type":"image\/jpeg"}],"author":"Direcci\u00f3n de Comunicaci\u00f3n","twitter_card":"summary_large_image","twitter_misc":{"Escrito por":"Direcci\u00f3n de Comunicaci\u00f3n","Tiempo de lectura":"2 minutos"},"schema":{"@context":"https:\/\/schema.org","@graph":[{"@type":"Article","@id":"https:\/\/prefecturadeesmeraldas.gob.ec\/index.php\/2022\/12\/01\/prefectura-trabaja-en-carretera-lagarto-piquigual\/#article","isPartOf":{"@id":"https:\/\/prefecturadeesmeraldas.gob.ec\/index.php\/2022\/12\/01\/prefectura-trabaja-en-carretera-lagarto-piquigual\/"},"author":{"name":"Direcci\u00f3n de Comunicaci\u00f3n","@id":"https:\/\/prefecturadeesmeraldas.gob.ec\/#\/schema\/person\/b0c9e7b1ead7725994d1e319e8825234"},"headline":"Prefectura trabaja en carretera Lagarto \u2013 Piquigual.","datePublished":"2022-12-01T15:34:04+00:00","dateModified":"2022-12-01T15:39:16+00:00","mainEntityOfPage":{"@id":"https:\/\/prefecturadeesmeraldas.gob.ec\/index.php\/2022\/12\/01\/prefectura-trabaja-en-carretera-lagarto-piquigual\/"},"wordCount":271,"publisher":{"@id":"https:\/\/prefecturadeesmeraldas.gob.ec\/#organization"},"image":{"@id":"https:\/\/prefecturadeesmeraldas.gob.ec\/index.php\/2022\/12\/01\/prefectura-trabaja-en-carretera-lagarto-piquigual\/#primaryimage"},"thumbnailUrl":"https:\/\/prefecturadeesmeraldas.gob.ec\/wp-content\/uploads\/2022\/12\/111.jpg","articleSection":["Vialidad"],"inLanguage":"es"},{"@type":"WebPage","@id":"https:\/\/prefecturadeesmeraldas.gob.ec\/index.php\/2022\/12\/01\/prefectura-trabaja-en-carretera-lagarto-piquigual\/","url":"https:\/\/prefecturadeesmeraldas.gob.ec\/index.php\/2022\/12\/01\/prefectura-trabaja-en-carretera-lagarto-piquigual\/","name":"Prefectura trabaja en carretera Lagarto \u2013 Piquigual. - Gobierno Aut\u00f3nomo Descentralizado de la Provincia de Esmeraldas","isPartOf":{"@id":"https:\/\/prefecturadeesmeraldas.gob.ec\/#website"},"primaryImageOfPage":{"@id":"https:\/\/prefecturadeesmeraldas.gob.ec\/index.php\/2022\/12\/01\/prefectura-trabaja-en-carretera-lagarto-piquigual\/#primaryimage"},"image":{"@id":"https:\/\/prefecturadeesmeraldas.gob.ec\/index.php\/2022\/12\/01\/prefectura-trabaja-en-carretera-lagarto-piquigual\/#primaryimage"},"thumbnailUrl":"https:\/\/prefecturadeesmeraldas.gob.ec\/wp-content\/uploads\/2022\/12\/111.jpg","datePublished":"2022-12-01T15:34:04+00:00","dateModified":"2022-12-01T15:39:16+00:00","description":"Con la firme decisi\u00f3n de la prefecta, Roberta Zambrano, se trabaja en el mejoramiento del suelo de 4.5 kil\u00f3metros, que comprende el tramo Lagarto \u2013 Piquigual, para ejecutar el proyecto de asfaltado, a trav\u00e9s de la t\u00e9cnica de doble tratamiento superficial bituminoso.","breadcrumb":{"@id":"https:\/\/prefecturadeesmeraldas.gob.ec\/index.php\/2022\/12\/01\/prefectura-trabaja-en-carretera-lagarto-piquigual\/#breadcrumb"},"inLanguage":"es","potentialAction":[{"@type":"ReadAction","target":["https:\/\/prefecturadeesmeraldas.gob.ec\/index.php\/2022\/12\/01\/prefectura-trabaja-en-carretera-lagarto-piquigual\/"]}]},{"@type":"ImageObject","inLanguage":"es","@id":"https:\/\/prefecturadeesmeraldas.gob.ec\/index.php\/2022\/12\/01\/prefectura-trabaja-en-carretera-lagarto-piquigual\/#primaryimage","url":"https:\/\/prefecturadeesmeraldas.gob.ec\/wp-content\/uploads\/2022\/12\/111.jpg","contentUrl":"https:\/\/prefecturadeesmeraldas.gob.ec\/wp-content\/uploads\/2022\/12\/111.jpg","width":623,"height":623},{"@type":"BreadcrumbList","@id":"https:\/\/prefecturadeesmeraldas.gob.ec\/index.php\/2022\/12\/01\/prefectura-trabaja-en-carretera-lagarto-piquigual\/#breadcrumb","itemListElement":[{"@type":"ListItem","position":1,"name":"Home","item":"https:\/\/prefecturadeesmeraldas.gob.ec\/"},{"@type":"ListItem","position":2,"name":"Prefectura trabaja en carretera Lagarto \u2013 Piquigual."}]},{"@type":"WebSite","@id":"https:\/\/prefecturadeesmeraldas.gob.ec\/#website","url":"https:\/\/prefecturadeesmeraldas.gob.ec\/","name":"Gobierno Aut\u00f3nomo Descentralizado de la Provincia de Esmeraldas","description":"Gobierno Aut\u00f3nomo Descentralizado de la Provincia de Esmeraldas","publisher":{"@id":"https:\/\/prefecturadeesmeraldas.gob.ec\/#organization"},"potentialAction":[{"@type":"SearchAction","target":{"@type":"EntryPoint","urlTemplate":"https:\/\/prefecturadeesmeraldas.gob.ec\/?s={search_term_string}"},"query-input":{"@type":"PropertyValueSpecification","valueRequired":true,"valueName":"search_term_string"}}],"inLanguage":"es"},{"@type":"Organization","@id":"https:\/\/prefecturadeesmeraldas.gob.ec\/#organization","name":"Gobierno Aut\u00f3nomo Descentralizado de la Provincia de Esmeraldas","url":"https:\/\/prefecturadeesmeraldas.gob.ec\/","logo":{"@type":"ImageObject","inLanguage":"es","@id":"https:\/\/prefecturadeesmeraldas.gob.ec\/#\/schema\/logo\/image\/","url":"https:\/\/prefecturadeesmeraldas.gob.ec\/wp-content\/uploads\/2019\/06\/logo.png","contentUrl":"https:\/\/prefecturadeesmeraldas.gob.ec\/wp-content\/uploads\/2019\/06\/logo.png","width":859,"height":448,"caption":"Gobierno Aut\u00f3nomo Descentralizado de la Provincia de Esmeraldas"},"image":{"@id":"https:\/\/prefecturadeesmeraldas.gob.ec\/#\/schema\/logo\/image\/"},"sameAs":["https:\/\/www.facebook.com\/PrefecturaEsmeraldas\/"]},{"@type":"Person","@id":"https:\/\/prefecturadeesmeraldas.gob.ec\/#\/schema\/person\/b0c9e7b1ead7725994d1e319e8825234","name":"Direcci\u00f3n de Comunicaci\u00f3n","image":{"@type":"ImageObject","inLanguage":"es","@id":"https:\/\/prefecturadeesmeraldas.gob.ec\/#\/schema\/person\/image\/","url":"https:\/\/secure.gravatar.com\/avatar\/74a3870a946f5d774ade3569af61a72308e07ad3346f370c4b468ee2a9858658?s=96&d=mm&r=g","contentUrl":"https:\/\/secure.gravatar.com\/avatar\/74a3870a946f5d774ade3569af61a72308e07ad3346f370c4b468ee2a9858658?s=96&d=mm&r=g","caption":"Direcci\u00f3n de Comunicaci\u00f3n"}}]}},"_links":{"self":[{"href":"https:\/\/prefecturadeesmeraldas.gob.ec\/index.php\/wp-json\/wp\/v2\/posts\/20205","targetHints":{"allow":["GET"]}}],"collection":[{"href":"https:\/\/prefecturadeesmeraldas.gob.ec\/index.php\/wp-json\/wp\/v2\/posts"}],"about":[{"href":"https:\/\/prefecturadeesmeraldas.gob.ec\/index.php\/wp-json\/wp\/v2\/types\/post"}],"author":[{"embeddable":true,"href":"https:\/\/prefecturadeesmeraldas.gob.ec\/index.php\/wp-json\/wp\/v2\/users\/2"}],"replies":[{"embeddable":true,"href":"https:\/\/prefecturadeesmeraldas.gob.ec\/index.php\/wp-json\/wp\/v2\/comments?post=20205"}],"version-history":[{"count":0,"href":"https:\/\/prefecturadeesmeraldas.gob.ec\/index.php\/wp-json\/wp\/v2\/posts\/20205\/revisions"}],"wp:featuredmedia":[{"embeddable":true,"href":"https:\/\/prefecturadeesmeraldas.gob.ec\/index.php\/wp-json\/wp\/v2\/media\/20206"}],"wp:attachment":[{"href":"https:\/\/prefecturadeesmeraldas.gob.ec\/index.php\/wp-json\/wp\/v2\/media?parent=20205"}],"wp:term":[{"taxonomy":"category","embeddable":true,"href":"https:\/\/prefecturadeesmeraldas.gob.ec\/index.php\/wp-json\/wp\/v2\/categories?post=20205"},{"taxonomy":"post_tag","embeddable":true,"href":"https:\/\/prefecturadeesmeraldas.gob.ec\/index.php\/wp-json\/wp\/v2\/tags?post=20205"}],"curies":[{"name":"wp","href":"https:\/\/api.w.org\/{rel}","templated":true}]}}