{"id":20151,"date":"2022-11-30T10:35:04","date_gmt":"2022-11-30T15:35:04","guid":{"rendered":"https:\/\/prefecturadeesmeraldas.gob.ec\/?p=20151"},"modified":"2022-11-30T10:38:13","modified_gmt":"2022-11-30T15:38:13","slug":"prefectura-de-esmeraldas-emprende-nuevos-acuerdos-internacionales","status":"publish","type":"post","link":"https:\/\/prefecturadeesmeraldas.gob.ec\/index.php\/2022\/11\/30\/prefectura-de-esmeraldas-emprende-nuevos-acuerdos-internacionales\/","title":{"rendered":"<strong>Prefectura de Esmeraldas emprende nuevos acuerdos internacionales.<\/strong>"},"content":{"rendered":"\t\t<div data-elementor-type=\"wp-post\" data-elementor-id=\"20151\" class=\"elementor elementor-20151\">\n\t\t\t\t<div class=\"elementor-element elementor-element-899bc4c e-flex e-con-boxed e-con e-parent\" data-id=\"899bc4c\" data-element_type=\"container\">\n\t\t\t\t\t<div class=\"e-con-inner\">\n\t\t\t\t<div class=\"elementor-element elementor-element-418834b elementor-widget elementor-widget-image\" data-id=\"418834b\" data-element_type=\"widget\" data-widget_type=\"image.default\">\n\t\t\t\t<div class=\"elementor-widget-container\">\n\t\t\t\t\t\t\t\t\t\t\t\t\t\t\t<img fetchpriority=\"high\" decoding=\"async\" width=\"1600\" height=\"1600\" src=\"https:\/\/prefecturadeesmeraldas.gob.ec\/wp-content\/uploads\/2022\/11\/WhatsApp-Image-2022-11-23-at-12.29.17.jpeg\" class=\"attachment-large size-large wp-image-20153\" alt=\"\" srcset=\"https:\/\/prefecturadeesmeraldas.gob.ec\/wp-content\/uploads\/2022\/11\/WhatsApp-Image-2022-11-23-at-12.29.17.jpeg 1600w, https:\/\/prefecturadeesmeraldas.gob.ec\/wp-content\/uploads\/2022\/11\/WhatsApp-Image-2022-11-23-at-12.29.17-300x300.jpeg 300w, https:\/\/prefecturadeesmeraldas.gob.ec\/wp-content\/uploads\/2022\/11\/WhatsApp-Image-2022-11-23-at-12.29.17-150x150.jpeg 150w, https:\/\/prefecturadeesmeraldas.gob.ec\/wp-content\/uploads\/2022\/11\/WhatsApp-Image-2022-11-23-at-12.29.17-768x768.jpeg 768w, https:\/\/prefecturadeesmeraldas.gob.ec\/wp-content\/uploads\/2022\/11\/WhatsApp-Image-2022-11-23-at-12.29.17-1536x1536.jpeg 1536w, https:\/\/prefecturadeesmeraldas.gob.ec\/wp-content\/uploads\/2022\/11\/WhatsApp-Image-2022-11-23-at-12.29.17-440x440.jpeg 440w, https:\/\/prefecturadeesmeraldas.gob.ec\/wp-content\/uploads\/2022\/11\/WhatsApp-Image-2022-11-23-at-12.29.17-180x180.jpeg 180w, https:\/\/prefecturadeesmeraldas.gob.ec\/wp-content\/uploads\/2022\/11\/WhatsApp-Image-2022-11-23-at-12.29.17-120x120.jpeg 120w\" sizes=\"(max-width: 1600px) 100vw, 1600px\" \/>\t\t\t\t\t\t\t\t\t\t\t\t\t\t\t<\/div>\n\t\t\t\t<\/div>\n\t\t\t\t\t<\/div>\n\t\t\t\t<\/div>\n\t\t<div class=\"elementor-element elementor-element-c37db3b e-flex e-con-boxed e-con e-parent\" data-id=\"c37db3b\" data-element_type=\"container\">\n\t\t\t\t\t<div class=\"e-con-inner\">\n\t\t\t\t<div class=\"elementor-element elementor-element-e405ce3 elementor-widget elementor-widget-text-editor\" data-id=\"e405ce3\" data-element_type=\"widget\" data-widget_type=\"text-editor.default\">\n\t\t\t\t<div class=\"elementor-widget-container\">\n\t\t\t\t\t\t\t\t\t<p>Golpeando puertas y bajo el liderazgo de Roberta Zambrano, en representaci\u00f3n de la Prefectura de Esmeraldas, se logr\u00f3 consolidar un nuevo acercamiento internacional, tras iniciar di\u00e1logos que permiten alcanzar acuerdos de entendimiento con el Gobierno de Israel, a trav\u00e9s de la gesti\u00f3n de Cooperaci\u00f3n Internacional.<\/p><p>Con la finalidad de obtener nuevos apoyos y tras una reuni\u00f3n cordial, se produjo un ameno intercambio de conocimientos a trav\u00e9s de la capacitaci\u00f3n de expertos, donde se aprovech\u00f3 la ocasi\u00f3n para solicitar asistencia t\u00e9cnica especializada y posibles financiamientos, gracias al destacado modelo de gesti\u00f3n que impulsa Israel, el pa\u00eds m\u00e1s avanzado del sudoeste de Asia en desarrollo econ\u00f3mico, industrial y de seguridad.<\/p><p>Para Roberta Zambrano, Prefecta de Esmeraldas, \u201ces importante poder replicar modelos exitosos de gesti\u00f3n y administraci\u00f3n p\u00fablica, para poder generar cambio y transformaci\u00f3n social, mediante la aplicaci\u00f3n de planes y proyectos que generen bienestar y productividad\u201d. <\/p>\t\t\t\t\t\t\t\t<\/div>\n\t\t\t\t<\/div>\n\t\t\t\t\t<\/div>\n\t\t\t\t<\/div>\n\t\t\t\t<\/div>\n\t\t","protected":false},"excerpt":{"rendered":"<p>Golpeando puertas y bajo el liderazgo de Roberta Zambrano, en representaci\u00f3n de la Prefectura de Esmeraldas, se logr\u00f3 consolidar un nuevo acercamiento internacional, tras iniciar di\u00e1logos que permiten alcanzar acuerdos de entendimiento con el Gobierno de Israel, a trav\u00e9s de la gesti\u00f3n de Cooperaci\u00f3n Internacional. Con la finalidad de obtener nuevos apoyos y tras una [&hellip;]<\/p>\n","protected":false},"author":2,"featured_media":20157,"comment_status":"closed","ping_status":"open","sticky":false,"template":"","format":"standard","meta":{"footnotes":""},"categories":[24],"tags":[],"class_list":["post-20151","post","type-post","status-publish","format-standard","has-post-thumbnail","hentry","category-cooperacion-internacional"],"yoast_head":"<!-- This site is optimized with the Yoast SEO plugin v25.7 - https:\/\/yoast.com\/wordpress\/plugins\/seo\/ -->\n<title>Prefectura de Esmeraldas emprende nuevos acuerdos internacionales. - Gobierno Aut\u00f3nomo Descentralizado de la Provincia de Esmeraldas<\/title>\n<meta name=\"description\" content=\"Golpeando puertas y bajo el liderazgo de Roberta Zambrano, en representaci\u00f3n de la Prefectura de Esmeraldas, se logr\u00f3 consolidar un nuevo acercamiento internacional, tras iniciar di\u00e1logos que permiten alcanzar acuerdos de entendimiento con el Gobierno de Israel, a trav\u00e9s de la gesti\u00f3n de Cooperaci\u00f3n Internacional.\" \/>\n<meta name=\"robots\" content=\"index, follow, max-snippet:-1, max-image-preview:large, max-video-preview:-1\" \/>\n<link rel=\"canonical\" href=\"https:\/\/prefecturadeesmeraldas.gob.ec\/index.php\/2022\/11\/30\/prefectura-de-esmeraldas-emprende-nuevos-acuerdos-internacionales\/\" \/>\n<meta property=\"og:locale\" content=\"es_ES\" \/>\n<meta property=\"og:type\" content=\"article\" \/>\n<meta property=\"og:title\" content=\"Prefectura de Esmeraldas emprende nuevos acuerdos internacionales. - Gobierno Aut\u00f3nomo Descentralizado de la Provincia de Esmeraldas\" \/>\n<meta property=\"og:description\" content=\"Golpeando puertas y bajo el liderazgo de Roberta Zambrano, en representaci\u00f3n de la Prefectura de Esmeraldas, se logr\u00f3 consolidar un nuevo acercamiento internacional, tras iniciar di\u00e1logos que permiten alcanzar acuerdos de entendimiento con el Gobierno de Israel, a trav\u00e9s de la gesti\u00f3n de Cooperaci\u00f3n Internacional.\" \/>\n<meta property=\"og:url\" content=\"https:\/\/prefecturadeesmeraldas.gob.ec\/index.php\/2022\/11\/30\/prefectura-de-esmeraldas-emprende-nuevos-acuerdos-internacionales\/\" \/>\n<meta property=\"og:site_name\" content=\"Gobierno Aut\u00f3nomo Descentralizado de la Provincia de Esmeraldas\" \/>\n<meta property=\"article:publisher\" content=\"https:\/\/www.facebook.com\/PrefecturaEsmeraldas\/\" \/>\n<meta property=\"article:published_time\" content=\"2022-11-30T15:35:04+00:00\" \/>\n<meta property=\"article:modified_time\" content=\"2022-11-30T15:38:13+00:00\" \/>\n<meta property=\"og:image\" content=\"https:\/\/prefecturadeesmeraldas.gob.ec\/wp-content\/uploads\/2022\/11\/WhatsApp-Image-2022-11-23-at-12.29.16.jpeg\" \/>\n\t<meta property=\"og:image:width\" content=\"1600\" \/>\n\t<meta property=\"og:image:height\" content=\"1600\" \/>\n\t<meta property=\"og:image:type\" content=\"image\/jpeg\" \/>\n<meta name=\"author\" content=\"Direcci\u00f3n de Comunicaci\u00f3n\" \/>\n<meta name=\"twitter:card\" content=\"summary_large_image\" \/>\n<meta name=\"twitter:label1\" content=\"Escrito por\" \/>\n\t<meta name=\"twitter:data1\" content=\"Direcci\u00f3n de Comunicaci\u00f3n\" \/>\n\t<meta name=\"twitter:label2\" content=\"Tiempo de lectura\" \/>\n\t<meta name=\"twitter:data2\" content=\"1 minuto\" \/>\n<script type=\"application\/ld+json\" class=\"yoast-schema-graph\">{\"@context\":\"https:\/\/schema.org\",\"@graph\":[{\"@type\":\"Article\",\"@id\":\"https:\/\/prefecturadeesmeraldas.gob.ec\/index.php\/2022\/11\/30\/prefectura-de-esmeraldas-emprende-nuevos-acuerdos-internacionales\/#article\",\"isPartOf\":{\"@id\":\"https:\/\/prefecturadeesmeraldas.gob.ec\/index.php\/2022\/11\/30\/prefectura-de-esmeraldas-emprende-nuevos-acuerdos-internacionales\/\"},\"author\":{\"name\":\"Direcci\u00f3n de Comunicaci\u00f3n\",\"@id\":\"https:\/\/prefecturadeesmeraldas.gob.ec\/#\/schema\/person\/b0c9e7b1ead7725994d1e319e8825234\"},\"headline\":\"Prefectura de Esmeraldas emprende nuevos acuerdos internacionales.\",\"datePublished\":\"2022-11-30T15:35:04+00:00\",\"dateModified\":\"2022-11-30T15:38:13+00:00\",\"mainEntityOfPage\":{\"@id\":\"https:\/\/prefecturadeesmeraldas.gob.ec\/index.php\/2022\/11\/30\/prefectura-de-esmeraldas-emprende-nuevos-acuerdos-internacionales\/\"},\"wordCount\":170,\"publisher\":{\"@id\":\"https:\/\/prefecturadeesmeraldas.gob.ec\/#organization\"},\"image\":{\"@id\":\"https:\/\/prefecturadeesmeraldas.gob.ec\/index.php\/2022\/11\/30\/prefectura-de-esmeraldas-emprende-nuevos-acuerdos-internacionales\/#primaryimage\"},\"thumbnailUrl\":\"https:\/\/prefecturadeesmeraldas.gob.ec\/wp-content\/uploads\/2022\/11\/WhatsApp-Image-2022-11-23-at-12.29.16.jpeg\",\"articleSection\":[\"Cooperaci\u00f3n Internacional\"],\"inLanguage\":\"es\"},{\"@type\":\"WebPage\",\"@id\":\"https:\/\/prefecturadeesmeraldas.gob.ec\/index.php\/2022\/11\/30\/prefectura-de-esmeraldas-emprende-nuevos-acuerdos-internacionales\/\",\"url\":\"https:\/\/prefecturadeesmeraldas.gob.ec\/index.php\/2022\/11\/30\/prefectura-de-esmeraldas-emprende-nuevos-acuerdos-internacionales\/\",\"name\":\"Prefectura de Esmeraldas emprende nuevos acuerdos internacionales. - Gobierno Aut\u00f3nomo Descentralizado de la Provincia de Esmeraldas\",\"isPartOf\":{\"@id\":\"https:\/\/prefecturadeesmeraldas.gob.ec\/#website\"},\"primaryImageOfPage\":{\"@id\":\"https:\/\/prefecturadeesmeraldas.gob.ec\/index.php\/2022\/11\/30\/prefectura-de-esmeraldas-emprende-nuevos-acuerdos-internacionales\/#primaryimage\"},\"image\":{\"@id\":\"https:\/\/prefecturadeesmeraldas.gob.ec\/index.php\/2022\/11\/30\/prefectura-de-esmeraldas-emprende-nuevos-acuerdos-internacionales\/#primaryimage\"},\"thumbnailUrl\":\"https:\/\/prefecturadeesmeraldas.gob.ec\/wp-content\/uploads\/2022\/11\/WhatsApp-Image-2022-11-23-at-12.29.16.jpeg\",\"datePublished\":\"2022-11-30T15:35:04+00:00\",\"dateModified\":\"2022-11-30T15:38:13+00:00\",\"description\":\"Golpeando puertas y bajo el liderazgo de Roberta Zambrano, en representaci\u00f3n de la Prefectura de Esmeraldas, se logr\u00f3 consolidar un nuevo acercamiento internacional, tras iniciar di\u00e1logos que permiten alcanzar acuerdos de entendimiento con el Gobierno de Israel, a trav\u00e9s de la gesti\u00f3n de Cooperaci\u00f3n Internacional.\",\"breadcrumb\":{\"@id\":\"https:\/\/prefecturadeesmeraldas.gob.ec\/index.php\/2022\/11\/30\/prefectura-de-esmeraldas-emprende-nuevos-acuerdos-internacionales\/#breadcrumb\"},\"inLanguage\":\"es\",\"potentialAction\":[{\"@type\":\"ReadAction\",\"target\":[\"https:\/\/prefecturadeesmeraldas.gob.ec\/index.php\/2022\/11\/30\/prefectura-de-esmeraldas-emprende-nuevos-acuerdos-internacionales\/\"]}]},{\"@type\":\"ImageObject\",\"inLanguage\":\"es\",\"@id\":\"https:\/\/prefecturadeesmeraldas.gob.ec\/index.php\/2022\/11\/30\/prefectura-de-esmeraldas-emprende-nuevos-acuerdos-internacionales\/#primaryimage\",\"url\":\"https:\/\/prefecturadeesmeraldas.gob.ec\/wp-content\/uploads\/2022\/11\/WhatsApp-Image-2022-11-23-at-12.29.16.jpeg\",\"contentUrl\":\"https:\/\/prefecturadeesmeraldas.gob.ec\/wp-content\/uploads\/2022\/11\/WhatsApp-Image-2022-11-23-at-12.29.16.jpeg\",\"width\":1600,\"height\":1600},{\"@type\":\"BreadcrumbList\",\"@id\":\"https:\/\/prefecturadeesmeraldas.gob.ec\/index.php\/2022\/11\/30\/prefectura-de-esmeraldas-emprende-nuevos-acuerdos-internacionales\/#breadcrumb\",\"itemListElement\":[{\"@type\":\"ListItem\",\"position\":1,\"name\":\"Home\",\"item\":\"https:\/\/prefecturadeesmeraldas.gob.ec\/\"},{\"@type\":\"ListItem\",\"position\":2,\"name\":\"Prefectura de Esmeraldas emprende nuevos acuerdos internacionales.\"}]},{\"@type\":\"WebSite\",\"@id\":\"https:\/\/prefecturadeesmeraldas.gob.ec\/#website\",\"url\":\"https:\/\/prefecturadeesmeraldas.gob.ec\/\",\"name\":\"Gobierno Aut\u00f3nomo Descentralizado de la Provincia de Esmeraldas\",\"description\":\"Gobierno Aut\u00f3nomo Descentralizado de la Provincia de Esmeraldas\",\"publisher\":{\"@id\":\"https:\/\/prefecturadeesmeraldas.gob.ec\/#organization\"},\"potentialAction\":[{\"@type\":\"SearchAction\",\"target\":{\"@type\":\"EntryPoint\",\"urlTemplate\":\"https:\/\/prefecturadeesmeraldas.gob.ec\/?s={search_term_string}\"},\"query-input\":{\"@type\":\"PropertyValueSpecification\",\"valueRequired\":true,\"valueName\":\"search_term_string\"}}],\"inLanguage\":\"es\"},{\"@type\":\"Organization\",\"@id\":\"https:\/\/prefecturadeesmeraldas.gob.ec\/#organization\",\"name\":\"Gobierno Aut\u00f3nomo Descentralizado de la Provincia de Esmeraldas\",\"url\":\"https:\/\/prefecturadeesmeraldas.gob.ec\/\",\"logo\":{\"@type\":\"ImageObject\",\"inLanguage\":\"es\",\"@id\":\"https:\/\/prefecturadeesmeraldas.gob.ec\/#\/schema\/logo\/image\/\",\"url\":\"https:\/\/prefecturadeesmeraldas.gob.ec\/wp-content\/uploads\/2019\/06\/logo.png\",\"contentUrl\":\"https:\/\/prefecturadeesmeraldas.gob.ec\/wp-content\/uploads\/2019\/06\/logo.png\",\"width\":859,\"height\":448,\"caption\":\"Gobierno Aut\u00f3nomo Descentralizado de la Provincia de Esmeraldas\"},\"image\":{\"@id\":\"https:\/\/prefecturadeesmeraldas.gob.ec\/#\/schema\/logo\/image\/\"},\"sameAs\":[\"https:\/\/www.facebook.com\/PrefecturaEsmeraldas\/\"]},{\"@type\":\"Person\",\"@id\":\"https:\/\/prefecturadeesmeraldas.gob.ec\/#\/schema\/person\/b0c9e7b1ead7725994d1e319e8825234\",\"name\":\"Direcci\u00f3n de Comunicaci\u00f3n\",\"image\":{\"@type\":\"ImageObject\",\"inLanguage\":\"es\",\"@id\":\"https:\/\/prefecturadeesmeraldas.gob.ec\/#\/schema\/person\/image\/\",\"url\":\"https:\/\/secure.gravatar.com\/avatar\/74a3870a946f5d774ade3569af61a72308e07ad3346f370c4b468ee2a9858658?s=96&d=mm&r=g\",\"contentUrl\":\"https:\/\/secure.gravatar.com\/avatar\/74a3870a946f5d774ade3569af61a72308e07ad3346f370c4b468ee2a9858658?s=96&d=mm&r=g\",\"caption\":\"Direcci\u00f3n de Comunicaci\u00f3n\"}}]}<\/script>\n<!-- \/ Yoast SEO plugin. -->","yoast_head_json":{"title":"Prefectura de Esmeraldas emprende nuevos acuerdos internacionales. - Gobierno Aut\u00f3nomo Descentralizado de la Provincia de Esmeraldas","description":"Golpeando puertas y bajo el liderazgo de Roberta Zambrano, en representaci\u00f3n de la Prefectura de Esmeraldas, se logr\u00f3 consolidar un nuevo acercamiento internacional, tras iniciar di\u00e1logos que permiten alcanzar acuerdos de entendimiento con el Gobierno de Israel, a trav\u00e9s de la gesti\u00f3n de Cooperaci\u00f3n Internacional.","robots":{"index":"index","follow":"follow","max-snippet":"max-snippet:-1","max-image-preview":"max-image-preview:large","max-video-preview":"max-video-preview:-1"},"canonical":"https:\/\/prefecturadeesmeraldas.gob.ec\/index.php\/2022\/11\/30\/prefectura-de-esmeraldas-emprende-nuevos-acuerdos-internacionales\/","og_locale":"es_ES","og_type":"article","og_title":"Prefectura de Esmeraldas emprende nuevos acuerdos internacionales. - Gobierno Aut\u00f3nomo Descentralizado de la Provincia de Esmeraldas","og_description":"Golpeando puertas y bajo el liderazgo de Roberta Zambrano, en representaci\u00f3n de la Prefectura de Esmeraldas, se logr\u00f3 consolidar un nuevo acercamiento internacional, tras iniciar di\u00e1logos que permiten alcanzar acuerdos de entendimiento con el Gobierno de Israel, a trav\u00e9s de la gesti\u00f3n de Cooperaci\u00f3n Internacional.","og_url":"https:\/\/prefecturadeesmeraldas.gob.ec\/index.php\/2022\/11\/30\/prefectura-de-esmeraldas-emprende-nuevos-acuerdos-internacionales\/","og_site_name":"Gobierno Aut\u00f3nomo Descentralizado de la Provincia de Esmeraldas","article_publisher":"https:\/\/www.facebook.com\/PrefecturaEsmeraldas\/","article_published_time":"2022-11-30T15:35:04+00:00","article_modified_time":"2022-11-30T15:38:13+00:00","og_image":[{"width":1600,"height":1600,"url":"https:\/\/prefecturadeesmeraldas.gob.ec\/wp-content\/uploads\/2022\/11\/WhatsApp-Image-2022-11-23-at-12.29.16.jpeg","type":"image\/jpeg"}],"author":"Direcci\u00f3n de Comunicaci\u00f3n","twitter_card":"summary_large_image","twitter_misc":{"Escrito por":"Direcci\u00f3n de Comunicaci\u00f3n","Tiempo de lectura":"1 minuto"},"schema":{"@context":"https:\/\/schema.org","@graph":[{"@type":"Article","@id":"https:\/\/prefecturadeesmeraldas.gob.ec\/index.php\/2022\/11\/30\/prefectura-de-esmeraldas-emprende-nuevos-acuerdos-internacionales\/#article","isPartOf":{"@id":"https:\/\/prefecturadeesmeraldas.gob.ec\/index.php\/2022\/11\/30\/prefectura-de-esmeraldas-emprende-nuevos-acuerdos-internacionales\/"},"author":{"name":"Direcci\u00f3n de Comunicaci\u00f3n","@id":"https:\/\/prefecturadeesmeraldas.gob.ec\/#\/schema\/person\/b0c9e7b1ead7725994d1e319e8825234"},"headline":"Prefectura de Esmeraldas emprende nuevos acuerdos internacionales.","datePublished":"2022-11-30T15:35:04+00:00","dateModified":"2022-11-30T15:38:13+00:00","mainEntityOfPage":{"@id":"https:\/\/prefecturadeesmeraldas.gob.ec\/index.php\/2022\/11\/30\/prefectura-de-esmeraldas-emprende-nuevos-acuerdos-internacionales\/"},"wordCount":170,"publisher":{"@id":"https:\/\/prefecturadeesmeraldas.gob.ec\/#organization"},"image":{"@id":"https:\/\/prefecturadeesmeraldas.gob.ec\/index.php\/2022\/11\/30\/prefectura-de-esmeraldas-emprende-nuevos-acuerdos-internacionales\/#primaryimage"},"thumbnailUrl":"https:\/\/prefecturadeesmeraldas.gob.ec\/wp-content\/uploads\/2022\/11\/WhatsApp-Image-2022-11-23-at-12.29.16.jpeg","articleSection":["Cooperaci\u00f3n Internacional"],"inLanguage":"es"},{"@type":"WebPage","@id":"https:\/\/prefecturadeesmeraldas.gob.ec\/index.php\/2022\/11\/30\/prefectura-de-esmeraldas-emprende-nuevos-acuerdos-internacionales\/","url":"https:\/\/prefecturadeesmeraldas.gob.ec\/index.php\/2022\/11\/30\/prefectura-de-esmeraldas-emprende-nuevos-acuerdos-internacionales\/","name":"Prefectura de Esmeraldas emprende nuevos acuerdos internacionales. - Gobierno Aut\u00f3nomo Descentralizado de la Provincia de Esmeraldas","isPartOf":{"@id":"https:\/\/prefecturadeesmeraldas.gob.ec\/#website"},"primaryImageOfPage":{"@id":"https:\/\/prefecturadeesmeraldas.gob.ec\/index.php\/2022\/11\/30\/prefectura-de-esmeraldas-emprende-nuevos-acuerdos-internacionales\/#primaryimage"},"image":{"@id":"https:\/\/prefecturadeesmeraldas.gob.ec\/index.php\/2022\/11\/30\/prefectura-de-esmeraldas-emprende-nuevos-acuerdos-internacionales\/#primaryimage"},"thumbnailUrl":"https:\/\/prefecturadeesmeraldas.gob.ec\/wp-content\/uploads\/2022\/11\/WhatsApp-Image-2022-11-23-at-12.29.16.jpeg","datePublished":"2022-11-30T15:35:04+00:00","dateModified":"2022-11-30T15:38:13+00:00","description":"Golpeando puertas y bajo el liderazgo de Roberta Zambrano, en representaci\u00f3n de la Prefectura de Esmeraldas, se logr\u00f3 consolidar un nuevo acercamiento internacional, tras iniciar di\u00e1logos que permiten alcanzar acuerdos de entendimiento con el Gobierno de Israel, a trav\u00e9s de la gesti\u00f3n de Cooperaci\u00f3n Internacional.","breadcrumb":{"@id":"https:\/\/prefecturadeesmeraldas.gob.ec\/index.php\/2022\/11\/30\/prefectura-de-esmeraldas-emprende-nuevos-acuerdos-internacionales\/#breadcrumb"},"inLanguage":"es","potentialAction":[{"@type":"ReadAction","target":["https:\/\/prefecturadeesmeraldas.gob.ec\/index.php\/2022\/11\/30\/prefectura-de-esmeraldas-emprende-nuevos-acuerdos-internacionales\/"]}]},{"@type":"ImageObject","inLanguage":"es","@id":"https:\/\/prefecturadeesmeraldas.gob.ec\/index.php\/2022\/11\/30\/prefectura-de-esmeraldas-emprende-nuevos-acuerdos-internacionales\/#primaryimage","url":"https:\/\/prefecturadeesmeraldas.gob.ec\/wp-content\/uploads\/2022\/11\/WhatsApp-Image-2022-11-23-at-12.29.16.jpeg","contentUrl":"https:\/\/prefecturadeesmeraldas.gob.ec\/wp-content\/uploads\/2022\/11\/WhatsApp-Image-2022-11-23-at-12.29.16.jpeg","width":1600,"height":1600},{"@type":"BreadcrumbList","@id":"https:\/\/prefecturadeesmeraldas.gob.ec\/index.php\/2022\/11\/30\/prefectura-de-esmeraldas-emprende-nuevos-acuerdos-internacionales\/#breadcrumb","itemListElement":[{"@type":"ListItem","position":1,"name":"Home","item":"https:\/\/prefecturadeesmeraldas.gob.ec\/"},{"@type":"ListItem","position":2,"name":"Prefectura de Esmeraldas emprende nuevos acuerdos internacionales."}]},{"@type":"WebSite","@id":"https:\/\/prefecturadeesmeraldas.gob.ec\/#website","url":"https:\/\/prefecturadeesmeraldas.gob.ec\/","name":"Gobierno Aut\u00f3nomo Descentralizado de la Provincia de Esmeraldas","description":"Gobierno Aut\u00f3nomo Descentralizado de la Provincia de Esmeraldas","publisher":{"@id":"https:\/\/prefecturadeesmeraldas.gob.ec\/#organization"},"potentialAction":[{"@type":"SearchAction","target":{"@type":"EntryPoint","urlTemplate":"https:\/\/prefecturadeesmeraldas.gob.ec\/?s={search_term_string}"},"query-input":{"@type":"PropertyValueSpecification","valueRequired":true,"valueName":"search_term_string"}}],"inLanguage":"es"},{"@type":"Organization","@id":"https:\/\/prefecturadeesmeraldas.gob.ec\/#organization","name":"Gobierno Aut\u00f3nomo Descentralizado de la Provincia de Esmeraldas","url":"https:\/\/prefecturadeesmeraldas.gob.ec\/","logo":{"@type":"ImageObject","inLanguage":"es","@id":"https:\/\/prefecturadeesmeraldas.gob.ec\/#\/schema\/logo\/image\/","url":"https:\/\/prefecturadeesmeraldas.gob.ec\/wp-content\/uploads\/2019\/06\/logo.png","contentUrl":"https:\/\/prefecturadeesmeraldas.gob.ec\/wp-content\/uploads\/2019\/06\/logo.png","width":859,"height":448,"caption":"Gobierno Aut\u00f3nomo Descentralizado de la Provincia de Esmeraldas"},"image":{"@id":"https:\/\/prefecturadeesmeraldas.gob.ec\/#\/schema\/logo\/image\/"},"sameAs":["https:\/\/www.facebook.com\/PrefecturaEsmeraldas\/"]},{"@type":"Person","@id":"https:\/\/prefecturadeesmeraldas.gob.ec\/#\/schema\/person\/b0c9e7b1ead7725994d1e319e8825234","name":"Direcci\u00f3n de Comunicaci\u00f3n","image":{"@type":"ImageObject","inLanguage":"es","@id":"https:\/\/prefecturadeesmeraldas.gob.ec\/#\/schema\/person\/image\/","url":"https:\/\/secure.gravatar.com\/avatar\/74a3870a946f5d774ade3569af61a72308e07ad3346f370c4b468ee2a9858658?s=96&d=mm&r=g","contentUrl":"https:\/\/secure.gravatar.com\/avatar\/74a3870a946f5d774ade3569af61a72308e07ad3346f370c4b468ee2a9858658?s=96&d=mm&r=g","caption":"Direcci\u00f3n de Comunicaci\u00f3n"}}]}},"_links":{"self":[{"href":"https:\/\/prefecturadeesmeraldas.gob.ec\/index.php\/wp-json\/wp\/v2\/posts\/20151","targetHints":{"allow":["GET"]}}],"collection":[{"href":"https:\/\/prefecturadeesmeraldas.gob.ec\/index.php\/wp-json\/wp\/v2\/posts"}],"about":[{"href":"https:\/\/prefecturadeesmeraldas.gob.ec\/index.php\/wp-json\/wp\/v2\/types\/post"}],"author":[{"embeddable":true,"href":"https:\/\/prefecturadeesmeraldas.gob.ec\/index.php\/wp-json\/wp\/v2\/users\/2"}],"replies":[{"embeddable":true,"href":"https:\/\/prefecturadeesmeraldas.gob.ec\/index.php\/wp-json\/wp\/v2\/comments?post=20151"}],"version-history":[{"count":0,"href":"https:\/\/prefecturadeesmeraldas.gob.ec\/index.php\/wp-json\/wp\/v2\/posts\/20151\/revisions"}],"wp:featuredmedia":[{"embeddable":true,"href":"https:\/\/prefecturadeesmeraldas.gob.ec\/index.php\/wp-json\/wp\/v2\/media\/20157"}],"wp:attachment":[{"href":"https:\/\/prefecturadeesmeraldas.gob.ec\/index.php\/wp-json\/wp\/v2\/media?parent=20151"}],"wp:term":[{"taxonomy":"category","embeddable":true,"href":"https:\/\/prefecturadeesmeraldas.gob.ec\/index.php\/wp-json\/wp\/v2\/categories?post=20151"},{"taxonomy":"post_tag","embeddable":true,"href":"https:\/\/prefecturadeesmeraldas.gob.ec\/index.php\/wp-json\/wp\/v2\/tags?post=20151"}],"curies":[{"name":"wp","href":"https:\/\/api.w.org\/{rel}","templated":true}]}}