{"id":19764,"date":"2022-10-05T15:10:19","date_gmt":"2022-10-05T20:10:19","guid":{"rendered":"https:\/\/prefecturadeesmeraldas.gob.ec\/?p=19764"},"modified":"2022-10-05T15:17:37","modified_gmt":"2022-10-05T20:17:37","slug":"prefecta-de-esmeraldas-cumple-su-palabra-en-rioverde","status":"publish","type":"post","link":"https:\/\/prefecturadeesmeraldas.gob.ec\/index.php\/2022\/10\/05\/prefecta-de-esmeraldas-cumple-su-palabra-en-rioverde\/","title":{"rendered":"Prefecta de Esmeraldas cumple su palabra en Rioverde."},"content":{"rendered":"\t\t<div data-elementor-type=\"wp-post\" data-elementor-id=\"19764\" class=\"elementor elementor-19764\">\n\t\t\t\t<div class=\"elementor-element elementor-element-d11786f e-flex e-con-boxed e-con e-parent\" data-id=\"d11786f\" data-element_type=\"container\">\n\t\t\t\t\t<div class=\"e-con-inner\">\n\t\t\t\t<div class=\"elementor-element elementor-element-c10a827 elementor-widget elementor-widget-image\" data-id=\"c10a827\" data-element_type=\"widget\" data-widget_type=\"image.default\">\n\t\t\t\t<div class=\"elementor-widget-container\">\n\t\t\t\t\t\t\t\t\t\t\t\t\t\t\t<img fetchpriority=\"high\" decoding=\"async\" width=\"1579\" height=\"1579\" src=\"https:\/\/prefecturadeesmeraldas.gob.ec\/wp-content\/uploads\/2022\/10\/JJJJJJJJJ-1.jpg\" class=\"attachment-large size-large wp-image-19766\" alt=\"\" srcset=\"https:\/\/prefecturadeesmeraldas.gob.ec\/wp-content\/uploads\/2022\/10\/JJJJJJJJJ-1.jpg 1579w, https:\/\/prefecturadeesmeraldas.gob.ec\/wp-content\/uploads\/2022\/10\/JJJJJJJJJ-1-300x300.jpg 300w, https:\/\/prefecturadeesmeraldas.gob.ec\/wp-content\/uploads\/2022\/10\/JJJJJJJJJ-1-150x150.jpg 150w, https:\/\/prefecturadeesmeraldas.gob.ec\/wp-content\/uploads\/2022\/10\/JJJJJJJJJ-1-768x768.jpg 768w, https:\/\/prefecturadeesmeraldas.gob.ec\/wp-content\/uploads\/2022\/10\/JJJJJJJJJ-1-1536x1536.jpg 1536w, https:\/\/prefecturadeesmeraldas.gob.ec\/wp-content\/uploads\/2022\/10\/JJJJJJJJJ-1-440x440.jpg 440w, https:\/\/prefecturadeesmeraldas.gob.ec\/wp-content\/uploads\/2022\/10\/JJJJJJJJJ-1-180x180.jpg 180w, https:\/\/prefecturadeesmeraldas.gob.ec\/wp-content\/uploads\/2022\/10\/JJJJJJJJJ-1-120x120.jpg 120w, https:\/\/prefecturadeesmeraldas.gob.ec\/wp-content\/uploads\/2022\/10\/JJJJJJJJJ-1-1080x1080.jpg 1080w, https:\/\/prefecturadeesmeraldas.gob.ec\/wp-content\/uploads\/2022\/10\/JJJJJJJJJ-1-240x240.jpg 240w\" sizes=\"(max-width: 1579px) 100vw, 1579px\" \/>\t\t\t\t\t\t\t\t\t\t\t\t\t\t\t<\/div>\n\t\t\t\t<\/div>\n\t\t\t\t\t<\/div>\n\t\t\t\t<\/div>\n\t\t<div class=\"elementor-element elementor-element-9a0fa3c e-flex e-con-boxed e-con e-parent\" data-id=\"9a0fa3c\" data-element_type=\"container\">\n\t\t\t\t\t<div class=\"e-con-inner\">\n\t\t\t\t<div class=\"elementor-element elementor-element-492f0b0 elementor-widget elementor-widget-text-editor\" data-id=\"492f0b0\" data-element_type=\"widget\" data-widget_type=\"text-editor.default\">\n\t\t\t\t<div class=\"elementor-widget-container\">\n\t\t\t\t\t\t\t\t\t<p>Basando su gesti\u00f3n en el di\u00e1logo y la planificaci\u00f3n, <strong>Roberta Zambrano<\/strong>, Prefecta de Esmeraldas, sigue proponiendo acciones de beneficio para la poblaci\u00f3n, tratando de generar soluciones a las necesidades acumuladas por el sector rural de la provincia, tras los 14 a\u00f1os de una administraci\u00f3n con pocos resultados.<\/p><p>Afirmando estar dando cumplimiento a los acuerdos llegados con la poblaci\u00f3n de la parroquia Lagarto, Zambrano afirm\u00f3 estar articulando la ejecuci\u00f3n de acciones de mantenimiento y mejoramiento vial por fases; teniendo la responsabilidad de pensar en el bienestar de 57 Juntas Parroquiales y los 7 cantones que conforman la provincia.<\/p><p>Y entregando buenas noticias, aprovechando la presencia de habitantes de varias comunidades, \u201c<strong>La Roberta<\/strong>\u201d, como le gusta que la llamen, socializ\u00f3 la panificaci\u00f3n para la ejecuci\u00f3n de nuevas obras en el cant\u00f3n Rioverde, as\u00ed la Prefectura de Esmeraldas no maneje los recursos econ\u00f3micos para su financiamiento.<\/p><p>As\u00ed finaliz\u00f3 una nueva jornada de trabajo en territorio por parte de la m\u00e1xima autoridad del Gobierno Aut\u00f3nomo de la Provincia de Esmeraldas (GADPE), preocupada por gestionar soluciones a las necesidades insatisfechas.<\/p>\t\t\t\t\t\t\t\t<\/div>\n\t\t\t\t<\/div>\n\t\t\t\t\t<\/div>\n\t\t\t\t<\/div>\n\t\t\t\t<\/div>\n\t\t","protected":false},"excerpt":{"rendered":"<p>Basando su gesti\u00f3n en el di\u00e1logo y la planificaci\u00f3n, Roberta Zambrano, Prefecta de Esmeraldas, sigue proponiendo acciones de beneficio para la poblaci\u00f3n, tratando de generar soluciones a las necesidades acumuladas por el sector rural de la provincia, tras los 14 a\u00f1os de una administraci\u00f3n con pocos resultados. Afirmando estar dando cumplimiento a los acuerdos llegados [&hellip;]<\/p>\n","protected":false},"author":2,"featured_media":19766,"comment_status":"closed","ping_status":"open","sticky":false,"template":"","format":"standard","meta":{"footnotes":""},"categories":[3],"tags":[],"class_list":["post-19764","post","type-post","status-publish","format-standard","has-post-thumbnail","hentry","category-institucional"],"yoast_head":"<!-- This site is optimized with the Yoast SEO plugin v25.7 - https:\/\/yoast.com\/wordpress\/plugins\/seo\/ -->\n<title>Prefecta de Esmeraldas cumple su palabra en Rioverde. - Gobierno Aut\u00f3nomo Descentralizado de la Provincia de Esmeraldas<\/title>\n<meta name=\"description\" content=\"Basando su gesti\u00f3n en el di\u00e1logo y la planificaci\u00f3n, Roberta Zambrano, Prefecta de Esmeraldas, sigue proponiendo acciones de beneficio para la poblaci\u00f3n, tratando de generar soluciones a las necesidades acumuladas por el sector rural de la provincia, tras los 14 a\u00f1os de una administraci\u00f3n con pocos resultados.\" \/>\n<meta name=\"robots\" content=\"index, follow, max-snippet:-1, max-image-preview:large, max-video-preview:-1\" \/>\n<link rel=\"canonical\" href=\"https:\/\/prefecturadeesmeraldas.gob.ec\/index.php\/2022\/10\/05\/prefecta-de-esmeraldas-cumple-su-palabra-en-rioverde\/\" \/>\n<meta property=\"og:locale\" content=\"es_ES\" \/>\n<meta property=\"og:type\" content=\"article\" \/>\n<meta property=\"og:title\" content=\"Prefecta de Esmeraldas cumple su palabra en Rioverde. - Gobierno Aut\u00f3nomo Descentralizado de la Provincia de Esmeraldas\" \/>\n<meta property=\"og:description\" content=\"Basando su gesti\u00f3n en el di\u00e1logo y la planificaci\u00f3n, Roberta Zambrano, Prefecta de Esmeraldas, sigue proponiendo acciones de beneficio para la poblaci\u00f3n, tratando de generar soluciones a las necesidades acumuladas por el sector rural de la provincia, tras los 14 a\u00f1os de una administraci\u00f3n con pocos resultados.\" \/>\n<meta property=\"og:url\" content=\"https:\/\/prefecturadeesmeraldas.gob.ec\/index.php\/2022\/10\/05\/prefecta-de-esmeraldas-cumple-su-palabra-en-rioverde\/\" \/>\n<meta property=\"og:site_name\" content=\"Gobierno Aut\u00f3nomo Descentralizado de la Provincia de Esmeraldas\" \/>\n<meta property=\"article:publisher\" content=\"https:\/\/www.facebook.com\/PrefecturaEsmeraldas\/\" \/>\n<meta property=\"article:published_time\" content=\"2022-10-05T20:10:19+00:00\" \/>\n<meta property=\"article:modified_time\" content=\"2022-10-05T20:17:37+00:00\" \/>\n<meta property=\"og:image\" content=\"https:\/\/prefecturadeesmeraldas.gob.ec\/wp-content\/uploads\/2022\/10\/JJJJJJJJJ-1.jpg\" \/>\n\t<meta property=\"og:image:width\" content=\"1579\" \/>\n\t<meta property=\"og:image:height\" content=\"1579\" \/>\n\t<meta property=\"og:image:type\" content=\"image\/jpeg\" \/>\n<meta name=\"author\" content=\"Direcci\u00f3n de Comunicaci\u00f3n\" \/>\n<meta name=\"twitter:card\" content=\"summary_large_image\" \/>\n<meta name=\"twitter:label1\" content=\"Escrito por\" \/>\n\t<meta name=\"twitter:data1\" content=\"Direcci\u00f3n de Comunicaci\u00f3n\" \/>\n\t<meta name=\"twitter:label2\" content=\"Tiempo de lectura\" \/>\n\t<meta name=\"twitter:data2\" content=\"2 minutos\" \/>\n<script type=\"application\/ld+json\" class=\"yoast-schema-graph\">{\"@context\":\"https:\/\/schema.org\",\"@graph\":[{\"@type\":\"Article\",\"@id\":\"https:\/\/prefecturadeesmeraldas.gob.ec\/index.php\/2022\/10\/05\/prefecta-de-esmeraldas-cumple-su-palabra-en-rioverde\/#article\",\"isPartOf\":{\"@id\":\"https:\/\/prefecturadeesmeraldas.gob.ec\/index.php\/2022\/10\/05\/prefecta-de-esmeraldas-cumple-su-palabra-en-rioverde\/\"},\"author\":{\"name\":\"Direcci\u00f3n de Comunicaci\u00f3n\",\"@id\":\"https:\/\/prefecturadeesmeraldas.gob.ec\/#\/schema\/person\/b0c9e7b1ead7725994d1e319e8825234\"},\"headline\":\"Prefecta de Esmeraldas cumple su palabra en Rioverde.\",\"datePublished\":\"2022-10-05T20:10:19+00:00\",\"dateModified\":\"2022-10-05T20:17:37+00:00\",\"mainEntityOfPage\":{\"@id\":\"https:\/\/prefecturadeesmeraldas.gob.ec\/index.php\/2022\/10\/05\/prefecta-de-esmeraldas-cumple-su-palabra-en-rioverde\/\"},\"wordCount\":194,\"publisher\":{\"@id\":\"https:\/\/prefecturadeesmeraldas.gob.ec\/#organization\"},\"image\":{\"@id\":\"https:\/\/prefecturadeesmeraldas.gob.ec\/index.php\/2022\/10\/05\/prefecta-de-esmeraldas-cumple-su-palabra-en-rioverde\/#primaryimage\"},\"thumbnailUrl\":\"https:\/\/prefecturadeesmeraldas.gob.ec\/wp-content\/uploads\/2022\/10\/JJJJJJJJJ-1.jpg\",\"articleSection\":[\"Institucional\"],\"inLanguage\":\"es\"},{\"@type\":\"WebPage\",\"@id\":\"https:\/\/prefecturadeesmeraldas.gob.ec\/index.php\/2022\/10\/05\/prefecta-de-esmeraldas-cumple-su-palabra-en-rioverde\/\",\"url\":\"https:\/\/prefecturadeesmeraldas.gob.ec\/index.php\/2022\/10\/05\/prefecta-de-esmeraldas-cumple-su-palabra-en-rioverde\/\",\"name\":\"Prefecta de Esmeraldas cumple su palabra en Rioverde. - Gobierno Aut\u00f3nomo Descentralizado de la Provincia de Esmeraldas\",\"isPartOf\":{\"@id\":\"https:\/\/prefecturadeesmeraldas.gob.ec\/#website\"},\"primaryImageOfPage\":{\"@id\":\"https:\/\/prefecturadeesmeraldas.gob.ec\/index.php\/2022\/10\/05\/prefecta-de-esmeraldas-cumple-su-palabra-en-rioverde\/#primaryimage\"},\"image\":{\"@id\":\"https:\/\/prefecturadeesmeraldas.gob.ec\/index.php\/2022\/10\/05\/prefecta-de-esmeraldas-cumple-su-palabra-en-rioverde\/#primaryimage\"},\"thumbnailUrl\":\"https:\/\/prefecturadeesmeraldas.gob.ec\/wp-content\/uploads\/2022\/10\/JJJJJJJJJ-1.jpg\",\"datePublished\":\"2022-10-05T20:10:19+00:00\",\"dateModified\":\"2022-10-05T20:17:37+00:00\",\"description\":\"Basando su gesti\u00f3n en el di\u00e1logo y la planificaci\u00f3n, Roberta Zambrano, Prefecta de Esmeraldas, sigue proponiendo acciones de beneficio para la poblaci\u00f3n, tratando de generar soluciones a las necesidades acumuladas por el sector rural de la provincia, tras los 14 a\u00f1os de una administraci\u00f3n con pocos resultados.\",\"breadcrumb\":{\"@id\":\"https:\/\/prefecturadeesmeraldas.gob.ec\/index.php\/2022\/10\/05\/prefecta-de-esmeraldas-cumple-su-palabra-en-rioverde\/#breadcrumb\"},\"inLanguage\":\"es\",\"potentialAction\":[{\"@type\":\"ReadAction\",\"target\":[\"https:\/\/prefecturadeesmeraldas.gob.ec\/index.php\/2022\/10\/05\/prefecta-de-esmeraldas-cumple-su-palabra-en-rioverde\/\"]}]},{\"@type\":\"ImageObject\",\"inLanguage\":\"es\",\"@id\":\"https:\/\/prefecturadeesmeraldas.gob.ec\/index.php\/2022\/10\/05\/prefecta-de-esmeraldas-cumple-su-palabra-en-rioverde\/#primaryimage\",\"url\":\"https:\/\/prefecturadeesmeraldas.gob.ec\/wp-content\/uploads\/2022\/10\/JJJJJJJJJ-1.jpg\",\"contentUrl\":\"https:\/\/prefecturadeesmeraldas.gob.ec\/wp-content\/uploads\/2022\/10\/JJJJJJJJJ-1.jpg\",\"width\":1579,\"height\":1579},{\"@type\":\"BreadcrumbList\",\"@id\":\"https:\/\/prefecturadeesmeraldas.gob.ec\/index.php\/2022\/10\/05\/prefecta-de-esmeraldas-cumple-su-palabra-en-rioverde\/#breadcrumb\",\"itemListElement\":[{\"@type\":\"ListItem\",\"position\":1,\"name\":\"Home\",\"item\":\"https:\/\/prefecturadeesmeraldas.gob.ec\/\"},{\"@type\":\"ListItem\",\"position\":2,\"name\":\"Prefecta de Esmeraldas cumple su palabra en Rioverde.\"}]},{\"@type\":\"WebSite\",\"@id\":\"https:\/\/prefecturadeesmeraldas.gob.ec\/#website\",\"url\":\"https:\/\/prefecturadeesmeraldas.gob.ec\/\",\"name\":\"Gobierno Aut\u00f3nomo Descentralizado de la Provincia de Esmeraldas\",\"description\":\"Gobierno Aut\u00f3nomo Descentralizado de la Provincia de Esmeraldas\",\"publisher\":{\"@id\":\"https:\/\/prefecturadeesmeraldas.gob.ec\/#organization\"},\"potentialAction\":[{\"@type\":\"SearchAction\",\"target\":{\"@type\":\"EntryPoint\",\"urlTemplate\":\"https:\/\/prefecturadeesmeraldas.gob.ec\/?s={search_term_string}\"},\"query-input\":{\"@type\":\"PropertyValueSpecification\",\"valueRequired\":true,\"valueName\":\"search_term_string\"}}],\"inLanguage\":\"es\"},{\"@type\":\"Organization\",\"@id\":\"https:\/\/prefecturadeesmeraldas.gob.ec\/#organization\",\"name\":\"Gobierno Aut\u00f3nomo Descentralizado de la Provincia de Esmeraldas\",\"url\":\"https:\/\/prefecturadeesmeraldas.gob.ec\/\",\"logo\":{\"@type\":\"ImageObject\",\"inLanguage\":\"es\",\"@id\":\"https:\/\/prefecturadeesmeraldas.gob.ec\/#\/schema\/logo\/image\/\",\"url\":\"https:\/\/prefecturadeesmeraldas.gob.ec\/wp-content\/uploads\/2019\/06\/logo.png\",\"contentUrl\":\"https:\/\/prefecturadeesmeraldas.gob.ec\/wp-content\/uploads\/2019\/06\/logo.png\",\"width\":859,\"height\":448,\"caption\":\"Gobierno Aut\u00f3nomo Descentralizado de la Provincia de Esmeraldas\"},\"image\":{\"@id\":\"https:\/\/prefecturadeesmeraldas.gob.ec\/#\/schema\/logo\/image\/\"},\"sameAs\":[\"https:\/\/www.facebook.com\/PrefecturaEsmeraldas\/\"]},{\"@type\":\"Person\",\"@id\":\"https:\/\/prefecturadeesmeraldas.gob.ec\/#\/schema\/person\/b0c9e7b1ead7725994d1e319e8825234\",\"name\":\"Direcci\u00f3n de Comunicaci\u00f3n\",\"image\":{\"@type\":\"ImageObject\",\"inLanguage\":\"es\",\"@id\":\"https:\/\/prefecturadeesmeraldas.gob.ec\/#\/schema\/person\/image\/\",\"url\":\"https:\/\/secure.gravatar.com\/avatar\/74a3870a946f5d774ade3569af61a72308e07ad3346f370c4b468ee2a9858658?s=96&d=mm&r=g\",\"contentUrl\":\"https:\/\/secure.gravatar.com\/avatar\/74a3870a946f5d774ade3569af61a72308e07ad3346f370c4b468ee2a9858658?s=96&d=mm&r=g\",\"caption\":\"Direcci\u00f3n de Comunicaci\u00f3n\"}}]}<\/script>\n<!-- \/ Yoast SEO plugin. -->","yoast_head_json":{"title":"Prefecta de Esmeraldas cumple su palabra en Rioverde. - Gobierno Aut\u00f3nomo Descentralizado de la Provincia de Esmeraldas","description":"Basando su gesti\u00f3n en el di\u00e1logo y la planificaci\u00f3n, Roberta Zambrano, Prefecta de Esmeraldas, sigue proponiendo acciones de beneficio para la poblaci\u00f3n, tratando de generar soluciones a las necesidades acumuladas por el sector rural de la provincia, tras los 14 a\u00f1os de una administraci\u00f3n con pocos resultados.","robots":{"index":"index","follow":"follow","max-snippet":"max-snippet:-1","max-image-preview":"max-image-preview:large","max-video-preview":"max-video-preview:-1"},"canonical":"https:\/\/prefecturadeesmeraldas.gob.ec\/index.php\/2022\/10\/05\/prefecta-de-esmeraldas-cumple-su-palabra-en-rioverde\/","og_locale":"es_ES","og_type":"article","og_title":"Prefecta de Esmeraldas cumple su palabra en Rioverde. - Gobierno Aut\u00f3nomo Descentralizado de la Provincia de Esmeraldas","og_description":"Basando su gesti\u00f3n en el di\u00e1logo y la planificaci\u00f3n, Roberta Zambrano, Prefecta de Esmeraldas, sigue proponiendo acciones de beneficio para la poblaci\u00f3n, tratando de generar soluciones a las necesidades acumuladas por el sector rural de la provincia, tras los 14 a\u00f1os de una administraci\u00f3n con pocos resultados.","og_url":"https:\/\/prefecturadeesmeraldas.gob.ec\/index.php\/2022\/10\/05\/prefecta-de-esmeraldas-cumple-su-palabra-en-rioverde\/","og_site_name":"Gobierno Aut\u00f3nomo Descentralizado de la Provincia de Esmeraldas","article_publisher":"https:\/\/www.facebook.com\/PrefecturaEsmeraldas\/","article_published_time":"2022-10-05T20:10:19+00:00","article_modified_time":"2022-10-05T20:17:37+00:00","og_image":[{"width":1579,"height":1579,"url":"https:\/\/prefecturadeesmeraldas.gob.ec\/wp-content\/uploads\/2022\/10\/JJJJJJJJJ-1.jpg","type":"image\/jpeg"}],"author":"Direcci\u00f3n de Comunicaci\u00f3n","twitter_card":"summary_large_image","twitter_misc":{"Escrito por":"Direcci\u00f3n de Comunicaci\u00f3n","Tiempo de lectura":"2 minutos"},"schema":{"@context":"https:\/\/schema.org","@graph":[{"@type":"Article","@id":"https:\/\/prefecturadeesmeraldas.gob.ec\/index.php\/2022\/10\/05\/prefecta-de-esmeraldas-cumple-su-palabra-en-rioverde\/#article","isPartOf":{"@id":"https:\/\/prefecturadeesmeraldas.gob.ec\/index.php\/2022\/10\/05\/prefecta-de-esmeraldas-cumple-su-palabra-en-rioverde\/"},"author":{"name":"Direcci\u00f3n de Comunicaci\u00f3n","@id":"https:\/\/prefecturadeesmeraldas.gob.ec\/#\/schema\/person\/b0c9e7b1ead7725994d1e319e8825234"},"headline":"Prefecta de Esmeraldas cumple su palabra en Rioverde.","datePublished":"2022-10-05T20:10:19+00:00","dateModified":"2022-10-05T20:17:37+00:00","mainEntityOfPage":{"@id":"https:\/\/prefecturadeesmeraldas.gob.ec\/index.php\/2022\/10\/05\/prefecta-de-esmeraldas-cumple-su-palabra-en-rioverde\/"},"wordCount":194,"publisher":{"@id":"https:\/\/prefecturadeesmeraldas.gob.ec\/#organization"},"image":{"@id":"https:\/\/prefecturadeesmeraldas.gob.ec\/index.php\/2022\/10\/05\/prefecta-de-esmeraldas-cumple-su-palabra-en-rioverde\/#primaryimage"},"thumbnailUrl":"https:\/\/prefecturadeesmeraldas.gob.ec\/wp-content\/uploads\/2022\/10\/JJJJJJJJJ-1.jpg","articleSection":["Institucional"],"inLanguage":"es"},{"@type":"WebPage","@id":"https:\/\/prefecturadeesmeraldas.gob.ec\/index.php\/2022\/10\/05\/prefecta-de-esmeraldas-cumple-su-palabra-en-rioverde\/","url":"https:\/\/prefecturadeesmeraldas.gob.ec\/index.php\/2022\/10\/05\/prefecta-de-esmeraldas-cumple-su-palabra-en-rioverde\/","name":"Prefecta de Esmeraldas cumple su palabra en Rioverde. - Gobierno Aut\u00f3nomo Descentralizado de la Provincia de Esmeraldas","isPartOf":{"@id":"https:\/\/prefecturadeesmeraldas.gob.ec\/#website"},"primaryImageOfPage":{"@id":"https:\/\/prefecturadeesmeraldas.gob.ec\/index.php\/2022\/10\/05\/prefecta-de-esmeraldas-cumple-su-palabra-en-rioverde\/#primaryimage"},"image":{"@id":"https:\/\/prefecturadeesmeraldas.gob.ec\/index.php\/2022\/10\/05\/prefecta-de-esmeraldas-cumple-su-palabra-en-rioverde\/#primaryimage"},"thumbnailUrl":"https:\/\/prefecturadeesmeraldas.gob.ec\/wp-content\/uploads\/2022\/10\/JJJJJJJJJ-1.jpg","datePublished":"2022-10-05T20:10:19+00:00","dateModified":"2022-10-05T20:17:37+00:00","description":"Basando su gesti\u00f3n en el di\u00e1logo y la planificaci\u00f3n, Roberta Zambrano, Prefecta de Esmeraldas, sigue proponiendo acciones de beneficio para la poblaci\u00f3n, tratando de generar soluciones a las necesidades acumuladas por el sector rural de la provincia, tras los 14 a\u00f1os de una administraci\u00f3n con pocos resultados.","breadcrumb":{"@id":"https:\/\/prefecturadeesmeraldas.gob.ec\/index.php\/2022\/10\/05\/prefecta-de-esmeraldas-cumple-su-palabra-en-rioverde\/#breadcrumb"},"inLanguage":"es","potentialAction":[{"@type":"ReadAction","target":["https:\/\/prefecturadeesmeraldas.gob.ec\/index.php\/2022\/10\/05\/prefecta-de-esmeraldas-cumple-su-palabra-en-rioverde\/"]}]},{"@type":"ImageObject","inLanguage":"es","@id":"https:\/\/prefecturadeesmeraldas.gob.ec\/index.php\/2022\/10\/05\/prefecta-de-esmeraldas-cumple-su-palabra-en-rioverde\/#primaryimage","url":"https:\/\/prefecturadeesmeraldas.gob.ec\/wp-content\/uploads\/2022\/10\/JJJJJJJJJ-1.jpg","contentUrl":"https:\/\/prefecturadeesmeraldas.gob.ec\/wp-content\/uploads\/2022\/10\/JJJJJJJJJ-1.jpg","width":1579,"height":1579},{"@type":"BreadcrumbList","@id":"https:\/\/prefecturadeesmeraldas.gob.ec\/index.php\/2022\/10\/05\/prefecta-de-esmeraldas-cumple-su-palabra-en-rioverde\/#breadcrumb","itemListElement":[{"@type":"ListItem","position":1,"name":"Home","item":"https:\/\/prefecturadeesmeraldas.gob.ec\/"},{"@type":"ListItem","position":2,"name":"Prefecta de Esmeraldas cumple su palabra en Rioverde."}]},{"@type":"WebSite","@id":"https:\/\/prefecturadeesmeraldas.gob.ec\/#website","url":"https:\/\/prefecturadeesmeraldas.gob.ec\/","name":"Gobierno Aut\u00f3nomo Descentralizado de la Provincia de Esmeraldas","description":"Gobierno Aut\u00f3nomo Descentralizado de la Provincia de Esmeraldas","publisher":{"@id":"https:\/\/prefecturadeesmeraldas.gob.ec\/#organization"},"potentialAction":[{"@type":"SearchAction","target":{"@type":"EntryPoint","urlTemplate":"https:\/\/prefecturadeesmeraldas.gob.ec\/?s={search_term_string}"},"query-input":{"@type":"PropertyValueSpecification","valueRequired":true,"valueName":"search_term_string"}}],"inLanguage":"es"},{"@type":"Organization","@id":"https:\/\/prefecturadeesmeraldas.gob.ec\/#organization","name":"Gobierno Aut\u00f3nomo Descentralizado de la Provincia de Esmeraldas","url":"https:\/\/prefecturadeesmeraldas.gob.ec\/","logo":{"@type":"ImageObject","inLanguage":"es","@id":"https:\/\/prefecturadeesmeraldas.gob.ec\/#\/schema\/logo\/image\/","url":"https:\/\/prefecturadeesmeraldas.gob.ec\/wp-content\/uploads\/2019\/06\/logo.png","contentUrl":"https:\/\/prefecturadeesmeraldas.gob.ec\/wp-content\/uploads\/2019\/06\/logo.png","width":859,"height":448,"caption":"Gobierno Aut\u00f3nomo Descentralizado de la Provincia de Esmeraldas"},"image":{"@id":"https:\/\/prefecturadeesmeraldas.gob.ec\/#\/schema\/logo\/image\/"},"sameAs":["https:\/\/www.facebook.com\/PrefecturaEsmeraldas\/"]},{"@type":"Person","@id":"https:\/\/prefecturadeesmeraldas.gob.ec\/#\/schema\/person\/b0c9e7b1ead7725994d1e319e8825234","name":"Direcci\u00f3n de Comunicaci\u00f3n","image":{"@type":"ImageObject","inLanguage":"es","@id":"https:\/\/prefecturadeesmeraldas.gob.ec\/#\/schema\/person\/image\/","url":"https:\/\/secure.gravatar.com\/avatar\/74a3870a946f5d774ade3569af61a72308e07ad3346f370c4b468ee2a9858658?s=96&d=mm&r=g","contentUrl":"https:\/\/secure.gravatar.com\/avatar\/74a3870a946f5d774ade3569af61a72308e07ad3346f370c4b468ee2a9858658?s=96&d=mm&r=g","caption":"Direcci\u00f3n de Comunicaci\u00f3n"}}]}},"_links":{"self":[{"href":"https:\/\/prefecturadeesmeraldas.gob.ec\/index.php\/wp-json\/wp\/v2\/posts\/19764","targetHints":{"allow":["GET"]}}],"collection":[{"href":"https:\/\/prefecturadeesmeraldas.gob.ec\/index.php\/wp-json\/wp\/v2\/posts"}],"about":[{"href":"https:\/\/prefecturadeesmeraldas.gob.ec\/index.php\/wp-json\/wp\/v2\/types\/post"}],"author":[{"embeddable":true,"href":"https:\/\/prefecturadeesmeraldas.gob.ec\/index.php\/wp-json\/wp\/v2\/users\/2"}],"replies":[{"embeddable":true,"href":"https:\/\/prefecturadeesmeraldas.gob.ec\/index.php\/wp-json\/wp\/v2\/comments?post=19764"}],"version-history":[{"count":0,"href":"https:\/\/prefecturadeesmeraldas.gob.ec\/index.php\/wp-json\/wp\/v2\/posts\/19764\/revisions"}],"wp:featuredmedia":[{"embeddable":true,"href":"https:\/\/prefecturadeesmeraldas.gob.ec\/index.php\/wp-json\/wp\/v2\/media\/19766"}],"wp:attachment":[{"href":"https:\/\/prefecturadeesmeraldas.gob.ec\/index.php\/wp-json\/wp\/v2\/media?parent=19764"}],"wp:term":[{"taxonomy":"category","embeddable":true,"href":"https:\/\/prefecturadeesmeraldas.gob.ec\/index.php\/wp-json\/wp\/v2\/categories?post=19764"},{"taxonomy":"post_tag","embeddable":true,"href":"https:\/\/prefecturadeesmeraldas.gob.ec\/index.php\/wp-json\/wp\/v2\/tags?post=19764"}],"curies":[{"name":"wp","href":"https:\/\/api.w.org\/{rel}","templated":true}]}}