{"id":19470,"date":"2022-09-14T15:06:27","date_gmt":"2022-09-14T20:06:27","guid":{"rendered":"https:\/\/prefecturadeesmeraldas.gob.ec\/?p=19470"},"modified":"2022-09-14T15:11:31","modified_gmt":"2022-09-14T20:11:31","slug":"prefecta-de-esmeraldas-inauguro-una-nueva-obra-de-mejoramiento-vial","status":"publish","type":"post","link":"https:\/\/prefecturadeesmeraldas.gob.ec\/index.php\/2022\/09\/14\/prefecta-de-esmeraldas-inauguro-una-nueva-obra-de-mejoramiento-vial\/","title":{"rendered":"<strong>Prefecta de Esmeraldas inaugur\u00f3 una nueva obra de mejoramiento vial.<\/strong>"},"content":{"rendered":"\t\t<div data-elementor-type=\"wp-post\" data-elementor-id=\"19470\" class=\"elementor elementor-19470\">\n\t\t\t\t<div class=\"elementor-element elementor-element-a40bf8d e-flex e-con-boxed e-con e-parent\" data-id=\"a40bf8d\" data-element_type=\"container\">\n\t\t\t\t\t<div class=\"e-con-inner\">\n\t\t\t\t<div class=\"elementor-element elementor-element-1eda23e elementor-widget elementor-widget-image\" data-id=\"1eda23e\" data-element_type=\"widget\" data-widget_type=\"image.default\">\n\t\t\t\t<div class=\"elementor-widget-container\">\n\t\t\t\t\t\t\t\t\t\t\t\t\t\t\t<img fetchpriority=\"high\" decoding=\"async\" width=\"1066\" height=\"1066\" src=\"https:\/\/prefecturadeesmeraldas.gob.ec\/wp-content\/uploads\/2022\/09\/Imagen3-1.jpg\" class=\"attachment-large size-large wp-image-19472\" alt=\"\" srcset=\"https:\/\/prefecturadeesmeraldas.gob.ec\/wp-content\/uploads\/2022\/09\/Imagen3-1.jpg 1066w, https:\/\/prefecturadeesmeraldas.gob.ec\/wp-content\/uploads\/2022\/09\/Imagen3-1-300x300.jpg 300w, https:\/\/prefecturadeesmeraldas.gob.ec\/wp-content\/uploads\/2022\/09\/Imagen3-1-150x150.jpg 150w, https:\/\/prefecturadeesmeraldas.gob.ec\/wp-content\/uploads\/2022\/09\/Imagen3-1-768x768.jpg 768w, https:\/\/prefecturadeesmeraldas.gob.ec\/wp-content\/uploads\/2022\/09\/Imagen3-1-440x440.jpg 440w, https:\/\/prefecturadeesmeraldas.gob.ec\/wp-content\/uploads\/2022\/09\/Imagen3-1-180x180.jpg 180w, https:\/\/prefecturadeesmeraldas.gob.ec\/wp-content\/uploads\/2022\/09\/Imagen3-1-120x120.jpg 120w, https:\/\/prefecturadeesmeraldas.gob.ec\/wp-content\/uploads\/2022\/09\/Imagen3-1-240x240.jpg 240w\" sizes=\"(max-width: 1066px) 100vw, 1066px\" \/>\t\t\t\t\t\t\t\t\t\t\t\t\t\t\t<\/div>\n\t\t\t\t<\/div>\n\t\t\t\t\t<\/div>\n\t\t\t\t<\/div>\n\t\t<div class=\"elementor-element elementor-element-d377667 e-flex e-con-boxed e-con e-parent\" data-id=\"d377667\" data-element_type=\"container\">\n\t\t\t\t\t<div class=\"e-con-inner\">\n\t\t\t\t<div class=\"elementor-element elementor-element-8feef46 elementor-widget elementor-widget-text-editor\" data-id=\"8feef46\" data-element_type=\"widget\" data-widget_type=\"text-editor.default\">\n\t\t\t\t<div class=\"elementor-widget-container\">\n\t\t\t\t\t\t\t\t\t<p>La renovada v\u00eda Cupa \u2013 Mancha de Ca\u00f1a \u2013 El Libertador, alegra la vida de miles de habitantes del cant\u00f3n Quinind\u00e9, gracias al trabajo conjunto desarrollado por la Prefectura de Esmeraldas y Petroecuador, a trav\u00e9s de la gesti\u00f3n de <strong>Roberta Zambrano<\/strong>, Prefecta de Esmeraldas.<\/p><p>Uno de los representantes de la empresa contratista encargada de ejecutar la obra, describi\u00f3 el proceso general del proyecto que, incluy\u00f3 la realizaci\u00f3n de varios trabajos, contrataci\u00f3n de mano de obra local, e implementaci\u00f3n de modernas tecnolog\u00edas para el mejoramiento de la infraestructura vial.<\/p><p><strong>Patricio L\u00f3pez<\/strong>, director de Fomento y Desarrollo Productivo, agradeci\u00f3 la confianza y ganas de seguir apoyando el equipo conformado para trabajar y hacer frente a las necesidades que aquejan a los habitantes del sector rural con nuevas obras.<\/p><p>Representantes de las m\u00e1s de 20 comunidades beneficiadas con el mejoramiento de la v\u00eda en la que se invirti\u00f3 1 mill\u00f3n, 998 mil, 283 d\u00f3lares con 26 centavos por compensaci\u00f3n, agradecieron la gesti\u00f3n, el compromiso y cumplimiento hecho por la Prefectura de Esmeraldas y Petroecuador.<\/p>\t\t\t\t\t\t\t\t<\/div>\n\t\t\t\t<\/div>\n\t\t\t\t\t<\/div>\n\t\t\t\t<\/div>\n\t\t\t\t<\/div>\n\t\t","protected":false},"excerpt":{"rendered":"<p>La renovada v\u00eda Cupa \u2013 Mancha de Ca\u00f1a \u2013 El Libertador, alegra la vida de miles de habitantes del cant\u00f3n Quinind\u00e9, gracias al trabajo conjunto desarrollado por la Prefectura de Esmeraldas y Petroecuador, a trav\u00e9s de la gesti\u00f3n de Roberta Zambrano, Prefecta de Esmeraldas. Uno de los representantes de la empresa contratista encargada de ejecutar [&hellip;]<\/p>\n","protected":false},"author":2,"featured_media":19472,"comment_status":"closed","ping_status":"open","sticky":false,"template":"","format":"standard","meta":{"footnotes":""},"categories":[14],"tags":[],"class_list":["post-19470","post","type-post","status-publish","format-standard","has-post-thumbnail","hentry","category-vialidad"],"yoast_head":"<!-- This site is optimized with the Yoast SEO plugin v25.7 - https:\/\/yoast.com\/wordpress\/plugins\/seo\/ -->\n<title>Prefecta de Esmeraldas inaugur\u00f3 una nueva obra de mejoramiento vial. - Gobierno Aut\u00f3nomo Descentralizado de la Provincia de Esmeraldas<\/title>\n<meta name=\"description\" content=\"La renovada v\u00eda Cupa \u2013 Mancha de Ca\u00f1a \u2013 El Libertador, alegra la vida de miles de habitantes del cant\u00f3n Quinind\u00e9, gracias al trabajo conjunto desarrollado por la Prefectura de Esmeraldas y Petroecuador, a trav\u00e9s de la gesti\u00f3n de Roberta Zambrano, Prefecta de Esmeraldas.\" \/>\n<meta name=\"robots\" content=\"index, follow, max-snippet:-1, max-image-preview:large, max-video-preview:-1\" \/>\n<link rel=\"canonical\" href=\"https:\/\/prefecturadeesmeraldas.gob.ec\/index.php\/2022\/09\/14\/prefecta-de-esmeraldas-inauguro-una-nueva-obra-de-mejoramiento-vial\/\" \/>\n<meta property=\"og:locale\" content=\"es_ES\" \/>\n<meta property=\"og:type\" content=\"article\" \/>\n<meta property=\"og:title\" content=\"Prefecta de Esmeraldas inaugur\u00f3 una nueva obra de mejoramiento vial. - Gobierno Aut\u00f3nomo Descentralizado de la Provincia de Esmeraldas\" \/>\n<meta property=\"og:description\" content=\"La renovada v\u00eda Cupa \u2013 Mancha de Ca\u00f1a \u2013 El Libertador, alegra la vida de miles de habitantes del cant\u00f3n Quinind\u00e9, gracias al trabajo conjunto desarrollado por la Prefectura de Esmeraldas y Petroecuador, a trav\u00e9s de la gesti\u00f3n de Roberta Zambrano, Prefecta de Esmeraldas.\" \/>\n<meta property=\"og:url\" content=\"https:\/\/prefecturadeesmeraldas.gob.ec\/index.php\/2022\/09\/14\/prefecta-de-esmeraldas-inauguro-una-nueva-obra-de-mejoramiento-vial\/\" \/>\n<meta property=\"og:site_name\" content=\"Gobierno Aut\u00f3nomo Descentralizado de la Provincia de Esmeraldas\" \/>\n<meta property=\"article:publisher\" content=\"https:\/\/www.facebook.com\/PrefecturaEsmeraldas\/\" \/>\n<meta property=\"article:published_time\" content=\"2022-09-14T20:06:27+00:00\" \/>\n<meta property=\"article:modified_time\" content=\"2022-09-14T20:11:31+00:00\" \/>\n<meta property=\"og:image\" content=\"https:\/\/prefecturadeesmeraldas.gob.ec\/wp-content\/uploads\/2022\/09\/Imagen3-1.jpg\" \/>\n\t<meta property=\"og:image:width\" content=\"1066\" \/>\n\t<meta property=\"og:image:height\" content=\"1066\" \/>\n\t<meta property=\"og:image:type\" content=\"image\/jpeg\" \/>\n<meta name=\"author\" content=\"Direcci\u00f3n de Comunicaci\u00f3n\" \/>\n<meta name=\"twitter:card\" content=\"summary_large_image\" \/>\n<meta name=\"twitter:label1\" content=\"Escrito por\" \/>\n\t<meta name=\"twitter:data1\" content=\"Direcci\u00f3n de Comunicaci\u00f3n\" \/>\n\t<meta name=\"twitter:label2\" content=\"Tiempo de lectura\" \/>\n\t<meta name=\"twitter:data2\" content=\"2 minutos\" \/>\n<script type=\"application\/ld+json\" class=\"yoast-schema-graph\">{\"@context\":\"https:\/\/schema.org\",\"@graph\":[{\"@type\":\"Article\",\"@id\":\"https:\/\/prefecturadeesmeraldas.gob.ec\/index.php\/2022\/09\/14\/prefecta-de-esmeraldas-inauguro-una-nueva-obra-de-mejoramiento-vial\/#article\",\"isPartOf\":{\"@id\":\"https:\/\/prefecturadeesmeraldas.gob.ec\/index.php\/2022\/09\/14\/prefecta-de-esmeraldas-inauguro-una-nueva-obra-de-mejoramiento-vial\/\"},\"author\":{\"name\":\"Direcci\u00f3n de Comunicaci\u00f3n\",\"@id\":\"https:\/\/prefecturadeesmeraldas.gob.ec\/#\/schema\/person\/b0c9e7b1ead7725994d1e319e8825234\"},\"headline\":\"Prefecta de Esmeraldas inaugur\u00f3 una nueva obra de mejoramiento vial.\",\"datePublished\":\"2022-09-14T20:06:27+00:00\",\"dateModified\":\"2022-09-14T20:11:31+00:00\",\"mainEntityOfPage\":{\"@id\":\"https:\/\/prefecturadeesmeraldas.gob.ec\/index.php\/2022\/09\/14\/prefecta-de-esmeraldas-inauguro-una-nueva-obra-de-mejoramiento-vial\/\"},\"wordCount\":190,\"publisher\":{\"@id\":\"https:\/\/prefecturadeesmeraldas.gob.ec\/#organization\"},\"image\":{\"@id\":\"https:\/\/prefecturadeesmeraldas.gob.ec\/index.php\/2022\/09\/14\/prefecta-de-esmeraldas-inauguro-una-nueva-obra-de-mejoramiento-vial\/#primaryimage\"},\"thumbnailUrl\":\"https:\/\/prefecturadeesmeraldas.gob.ec\/wp-content\/uploads\/2022\/09\/Imagen3-1.jpg\",\"articleSection\":[\"Vialidad\"],\"inLanguage\":\"es\"},{\"@type\":\"WebPage\",\"@id\":\"https:\/\/prefecturadeesmeraldas.gob.ec\/index.php\/2022\/09\/14\/prefecta-de-esmeraldas-inauguro-una-nueva-obra-de-mejoramiento-vial\/\",\"url\":\"https:\/\/prefecturadeesmeraldas.gob.ec\/index.php\/2022\/09\/14\/prefecta-de-esmeraldas-inauguro-una-nueva-obra-de-mejoramiento-vial\/\",\"name\":\"Prefecta de Esmeraldas inaugur\u00f3 una nueva obra de mejoramiento vial. - Gobierno Aut\u00f3nomo Descentralizado de la Provincia de Esmeraldas\",\"isPartOf\":{\"@id\":\"https:\/\/prefecturadeesmeraldas.gob.ec\/#website\"},\"primaryImageOfPage\":{\"@id\":\"https:\/\/prefecturadeesmeraldas.gob.ec\/index.php\/2022\/09\/14\/prefecta-de-esmeraldas-inauguro-una-nueva-obra-de-mejoramiento-vial\/#primaryimage\"},\"image\":{\"@id\":\"https:\/\/prefecturadeesmeraldas.gob.ec\/index.php\/2022\/09\/14\/prefecta-de-esmeraldas-inauguro-una-nueva-obra-de-mejoramiento-vial\/#primaryimage\"},\"thumbnailUrl\":\"https:\/\/prefecturadeesmeraldas.gob.ec\/wp-content\/uploads\/2022\/09\/Imagen3-1.jpg\",\"datePublished\":\"2022-09-14T20:06:27+00:00\",\"dateModified\":\"2022-09-14T20:11:31+00:00\",\"description\":\"La renovada v\u00eda Cupa \u2013 Mancha de Ca\u00f1a \u2013 El Libertador, alegra la vida de miles de habitantes del cant\u00f3n Quinind\u00e9, gracias al trabajo conjunto desarrollado por la Prefectura de Esmeraldas y Petroecuador, a trav\u00e9s de la gesti\u00f3n de Roberta Zambrano, Prefecta de Esmeraldas.\",\"breadcrumb\":{\"@id\":\"https:\/\/prefecturadeesmeraldas.gob.ec\/index.php\/2022\/09\/14\/prefecta-de-esmeraldas-inauguro-una-nueva-obra-de-mejoramiento-vial\/#breadcrumb\"},\"inLanguage\":\"es\",\"potentialAction\":[{\"@type\":\"ReadAction\",\"target\":[\"https:\/\/prefecturadeesmeraldas.gob.ec\/index.php\/2022\/09\/14\/prefecta-de-esmeraldas-inauguro-una-nueva-obra-de-mejoramiento-vial\/\"]}]},{\"@type\":\"ImageObject\",\"inLanguage\":\"es\",\"@id\":\"https:\/\/prefecturadeesmeraldas.gob.ec\/index.php\/2022\/09\/14\/prefecta-de-esmeraldas-inauguro-una-nueva-obra-de-mejoramiento-vial\/#primaryimage\",\"url\":\"https:\/\/prefecturadeesmeraldas.gob.ec\/wp-content\/uploads\/2022\/09\/Imagen3-1.jpg\",\"contentUrl\":\"https:\/\/prefecturadeesmeraldas.gob.ec\/wp-content\/uploads\/2022\/09\/Imagen3-1.jpg\",\"width\":1066,\"height\":1066},{\"@type\":\"BreadcrumbList\",\"@id\":\"https:\/\/prefecturadeesmeraldas.gob.ec\/index.php\/2022\/09\/14\/prefecta-de-esmeraldas-inauguro-una-nueva-obra-de-mejoramiento-vial\/#breadcrumb\",\"itemListElement\":[{\"@type\":\"ListItem\",\"position\":1,\"name\":\"Home\",\"item\":\"https:\/\/prefecturadeesmeraldas.gob.ec\/\"},{\"@type\":\"ListItem\",\"position\":2,\"name\":\"Prefecta de Esmeraldas inaugur\u00f3 una nueva obra de mejoramiento vial.\"}]},{\"@type\":\"WebSite\",\"@id\":\"https:\/\/prefecturadeesmeraldas.gob.ec\/#website\",\"url\":\"https:\/\/prefecturadeesmeraldas.gob.ec\/\",\"name\":\"Gobierno Aut\u00f3nomo Descentralizado de la Provincia de Esmeraldas\",\"description\":\"Gobierno Aut\u00f3nomo Descentralizado de la Provincia de Esmeraldas\",\"publisher\":{\"@id\":\"https:\/\/prefecturadeesmeraldas.gob.ec\/#organization\"},\"potentialAction\":[{\"@type\":\"SearchAction\",\"target\":{\"@type\":\"EntryPoint\",\"urlTemplate\":\"https:\/\/prefecturadeesmeraldas.gob.ec\/?s={search_term_string}\"},\"query-input\":{\"@type\":\"PropertyValueSpecification\",\"valueRequired\":true,\"valueName\":\"search_term_string\"}}],\"inLanguage\":\"es\"},{\"@type\":\"Organization\",\"@id\":\"https:\/\/prefecturadeesmeraldas.gob.ec\/#organization\",\"name\":\"Gobierno Aut\u00f3nomo Descentralizado de la Provincia de Esmeraldas\",\"url\":\"https:\/\/prefecturadeesmeraldas.gob.ec\/\",\"logo\":{\"@type\":\"ImageObject\",\"inLanguage\":\"es\",\"@id\":\"https:\/\/prefecturadeesmeraldas.gob.ec\/#\/schema\/logo\/image\/\",\"url\":\"https:\/\/prefecturadeesmeraldas.gob.ec\/wp-content\/uploads\/2019\/06\/logo.png\",\"contentUrl\":\"https:\/\/prefecturadeesmeraldas.gob.ec\/wp-content\/uploads\/2019\/06\/logo.png\",\"width\":859,\"height\":448,\"caption\":\"Gobierno Aut\u00f3nomo Descentralizado de la Provincia de Esmeraldas\"},\"image\":{\"@id\":\"https:\/\/prefecturadeesmeraldas.gob.ec\/#\/schema\/logo\/image\/\"},\"sameAs\":[\"https:\/\/www.facebook.com\/PrefecturaEsmeraldas\/\"]},{\"@type\":\"Person\",\"@id\":\"https:\/\/prefecturadeesmeraldas.gob.ec\/#\/schema\/person\/b0c9e7b1ead7725994d1e319e8825234\",\"name\":\"Direcci\u00f3n de Comunicaci\u00f3n\",\"image\":{\"@type\":\"ImageObject\",\"inLanguage\":\"es\",\"@id\":\"https:\/\/prefecturadeesmeraldas.gob.ec\/#\/schema\/person\/image\/\",\"url\":\"https:\/\/secure.gravatar.com\/avatar\/74a3870a946f5d774ade3569af61a72308e07ad3346f370c4b468ee2a9858658?s=96&d=mm&r=g\",\"contentUrl\":\"https:\/\/secure.gravatar.com\/avatar\/74a3870a946f5d774ade3569af61a72308e07ad3346f370c4b468ee2a9858658?s=96&d=mm&r=g\",\"caption\":\"Direcci\u00f3n de Comunicaci\u00f3n\"}}]}<\/script>\n<!-- \/ Yoast SEO plugin. -->","yoast_head_json":{"title":"Prefecta de Esmeraldas inaugur\u00f3 una nueva obra de mejoramiento vial. - Gobierno Aut\u00f3nomo Descentralizado de la Provincia de Esmeraldas","description":"La renovada v\u00eda Cupa \u2013 Mancha de Ca\u00f1a \u2013 El Libertador, alegra la vida de miles de habitantes del cant\u00f3n Quinind\u00e9, gracias al trabajo conjunto desarrollado por la Prefectura de Esmeraldas y Petroecuador, a trav\u00e9s de la gesti\u00f3n de Roberta Zambrano, Prefecta de Esmeraldas.","robots":{"index":"index","follow":"follow","max-snippet":"max-snippet:-1","max-image-preview":"max-image-preview:large","max-video-preview":"max-video-preview:-1"},"canonical":"https:\/\/prefecturadeesmeraldas.gob.ec\/index.php\/2022\/09\/14\/prefecta-de-esmeraldas-inauguro-una-nueva-obra-de-mejoramiento-vial\/","og_locale":"es_ES","og_type":"article","og_title":"Prefecta de Esmeraldas inaugur\u00f3 una nueva obra de mejoramiento vial. - Gobierno Aut\u00f3nomo Descentralizado de la Provincia de Esmeraldas","og_description":"La renovada v\u00eda Cupa \u2013 Mancha de Ca\u00f1a \u2013 El Libertador, alegra la vida de miles de habitantes del cant\u00f3n Quinind\u00e9, gracias al trabajo conjunto desarrollado por la Prefectura de Esmeraldas y Petroecuador, a trav\u00e9s de la gesti\u00f3n de Roberta Zambrano, Prefecta de Esmeraldas.","og_url":"https:\/\/prefecturadeesmeraldas.gob.ec\/index.php\/2022\/09\/14\/prefecta-de-esmeraldas-inauguro-una-nueva-obra-de-mejoramiento-vial\/","og_site_name":"Gobierno Aut\u00f3nomo Descentralizado de la Provincia de Esmeraldas","article_publisher":"https:\/\/www.facebook.com\/PrefecturaEsmeraldas\/","article_published_time":"2022-09-14T20:06:27+00:00","article_modified_time":"2022-09-14T20:11:31+00:00","og_image":[{"width":1066,"height":1066,"url":"https:\/\/prefecturadeesmeraldas.gob.ec\/wp-content\/uploads\/2022\/09\/Imagen3-1.jpg","type":"image\/jpeg"}],"author":"Direcci\u00f3n de Comunicaci\u00f3n","twitter_card":"summary_large_image","twitter_misc":{"Escrito por":"Direcci\u00f3n de Comunicaci\u00f3n","Tiempo de lectura":"2 minutos"},"schema":{"@context":"https:\/\/schema.org","@graph":[{"@type":"Article","@id":"https:\/\/prefecturadeesmeraldas.gob.ec\/index.php\/2022\/09\/14\/prefecta-de-esmeraldas-inauguro-una-nueva-obra-de-mejoramiento-vial\/#article","isPartOf":{"@id":"https:\/\/prefecturadeesmeraldas.gob.ec\/index.php\/2022\/09\/14\/prefecta-de-esmeraldas-inauguro-una-nueva-obra-de-mejoramiento-vial\/"},"author":{"name":"Direcci\u00f3n de Comunicaci\u00f3n","@id":"https:\/\/prefecturadeesmeraldas.gob.ec\/#\/schema\/person\/b0c9e7b1ead7725994d1e319e8825234"},"headline":"Prefecta de Esmeraldas inaugur\u00f3 una nueva obra de mejoramiento vial.","datePublished":"2022-09-14T20:06:27+00:00","dateModified":"2022-09-14T20:11:31+00:00","mainEntityOfPage":{"@id":"https:\/\/prefecturadeesmeraldas.gob.ec\/index.php\/2022\/09\/14\/prefecta-de-esmeraldas-inauguro-una-nueva-obra-de-mejoramiento-vial\/"},"wordCount":190,"publisher":{"@id":"https:\/\/prefecturadeesmeraldas.gob.ec\/#organization"},"image":{"@id":"https:\/\/prefecturadeesmeraldas.gob.ec\/index.php\/2022\/09\/14\/prefecta-de-esmeraldas-inauguro-una-nueva-obra-de-mejoramiento-vial\/#primaryimage"},"thumbnailUrl":"https:\/\/prefecturadeesmeraldas.gob.ec\/wp-content\/uploads\/2022\/09\/Imagen3-1.jpg","articleSection":["Vialidad"],"inLanguage":"es"},{"@type":"WebPage","@id":"https:\/\/prefecturadeesmeraldas.gob.ec\/index.php\/2022\/09\/14\/prefecta-de-esmeraldas-inauguro-una-nueva-obra-de-mejoramiento-vial\/","url":"https:\/\/prefecturadeesmeraldas.gob.ec\/index.php\/2022\/09\/14\/prefecta-de-esmeraldas-inauguro-una-nueva-obra-de-mejoramiento-vial\/","name":"Prefecta de Esmeraldas inaugur\u00f3 una nueva obra de mejoramiento vial. - Gobierno Aut\u00f3nomo Descentralizado de la Provincia de Esmeraldas","isPartOf":{"@id":"https:\/\/prefecturadeesmeraldas.gob.ec\/#website"},"primaryImageOfPage":{"@id":"https:\/\/prefecturadeesmeraldas.gob.ec\/index.php\/2022\/09\/14\/prefecta-de-esmeraldas-inauguro-una-nueva-obra-de-mejoramiento-vial\/#primaryimage"},"image":{"@id":"https:\/\/prefecturadeesmeraldas.gob.ec\/index.php\/2022\/09\/14\/prefecta-de-esmeraldas-inauguro-una-nueva-obra-de-mejoramiento-vial\/#primaryimage"},"thumbnailUrl":"https:\/\/prefecturadeesmeraldas.gob.ec\/wp-content\/uploads\/2022\/09\/Imagen3-1.jpg","datePublished":"2022-09-14T20:06:27+00:00","dateModified":"2022-09-14T20:11:31+00:00","description":"La renovada v\u00eda Cupa \u2013 Mancha de Ca\u00f1a \u2013 El Libertador, alegra la vida de miles de habitantes del cant\u00f3n Quinind\u00e9, gracias al trabajo conjunto desarrollado por la Prefectura de Esmeraldas y Petroecuador, a trav\u00e9s de la gesti\u00f3n de Roberta Zambrano, Prefecta de Esmeraldas.","breadcrumb":{"@id":"https:\/\/prefecturadeesmeraldas.gob.ec\/index.php\/2022\/09\/14\/prefecta-de-esmeraldas-inauguro-una-nueva-obra-de-mejoramiento-vial\/#breadcrumb"},"inLanguage":"es","potentialAction":[{"@type":"ReadAction","target":["https:\/\/prefecturadeesmeraldas.gob.ec\/index.php\/2022\/09\/14\/prefecta-de-esmeraldas-inauguro-una-nueva-obra-de-mejoramiento-vial\/"]}]},{"@type":"ImageObject","inLanguage":"es","@id":"https:\/\/prefecturadeesmeraldas.gob.ec\/index.php\/2022\/09\/14\/prefecta-de-esmeraldas-inauguro-una-nueva-obra-de-mejoramiento-vial\/#primaryimage","url":"https:\/\/prefecturadeesmeraldas.gob.ec\/wp-content\/uploads\/2022\/09\/Imagen3-1.jpg","contentUrl":"https:\/\/prefecturadeesmeraldas.gob.ec\/wp-content\/uploads\/2022\/09\/Imagen3-1.jpg","width":1066,"height":1066},{"@type":"BreadcrumbList","@id":"https:\/\/prefecturadeesmeraldas.gob.ec\/index.php\/2022\/09\/14\/prefecta-de-esmeraldas-inauguro-una-nueva-obra-de-mejoramiento-vial\/#breadcrumb","itemListElement":[{"@type":"ListItem","position":1,"name":"Home","item":"https:\/\/prefecturadeesmeraldas.gob.ec\/"},{"@type":"ListItem","position":2,"name":"Prefecta de Esmeraldas inaugur\u00f3 una nueva obra de mejoramiento vial."}]},{"@type":"WebSite","@id":"https:\/\/prefecturadeesmeraldas.gob.ec\/#website","url":"https:\/\/prefecturadeesmeraldas.gob.ec\/","name":"Gobierno Aut\u00f3nomo Descentralizado de la Provincia de Esmeraldas","description":"Gobierno Aut\u00f3nomo Descentralizado de la Provincia de Esmeraldas","publisher":{"@id":"https:\/\/prefecturadeesmeraldas.gob.ec\/#organization"},"potentialAction":[{"@type":"SearchAction","target":{"@type":"EntryPoint","urlTemplate":"https:\/\/prefecturadeesmeraldas.gob.ec\/?s={search_term_string}"},"query-input":{"@type":"PropertyValueSpecification","valueRequired":true,"valueName":"search_term_string"}}],"inLanguage":"es"},{"@type":"Organization","@id":"https:\/\/prefecturadeesmeraldas.gob.ec\/#organization","name":"Gobierno Aut\u00f3nomo Descentralizado de la Provincia de Esmeraldas","url":"https:\/\/prefecturadeesmeraldas.gob.ec\/","logo":{"@type":"ImageObject","inLanguage":"es","@id":"https:\/\/prefecturadeesmeraldas.gob.ec\/#\/schema\/logo\/image\/","url":"https:\/\/prefecturadeesmeraldas.gob.ec\/wp-content\/uploads\/2019\/06\/logo.png","contentUrl":"https:\/\/prefecturadeesmeraldas.gob.ec\/wp-content\/uploads\/2019\/06\/logo.png","width":859,"height":448,"caption":"Gobierno Aut\u00f3nomo Descentralizado de la Provincia de Esmeraldas"},"image":{"@id":"https:\/\/prefecturadeesmeraldas.gob.ec\/#\/schema\/logo\/image\/"},"sameAs":["https:\/\/www.facebook.com\/PrefecturaEsmeraldas\/"]},{"@type":"Person","@id":"https:\/\/prefecturadeesmeraldas.gob.ec\/#\/schema\/person\/b0c9e7b1ead7725994d1e319e8825234","name":"Direcci\u00f3n de Comunicaci\u00f3n","image":{"@type":"ImageObject","inLanguage":"es","@id":"https:\/\/prefecturadeesmeraldas.gob.ec\/#\/schema\/person\/image\/","url":"https:\/\/secure.gravatar.com\/avatar\/74a3870a946f5d774ade3569af61a72308e07ad3346f370c4b468ee2a9858658?s=96&d=mm&r=g","contentUrl":"https:\/\/secure.gravatar.com\/avatar\/74a3870a946f5d774ade3569af61a72308e07ad3346f370c4b468ee2a9858658?s=96&d=mm&r=g","caption":"Direcci\u00f3n de Comunicaci\u00f3n"}}]}},"_links":{"self":[{"href":"https:\/\/prefecturadeesmeraldas.gob.ec\/index.php\/wp-json\/wp\/v2\/posts\/19470","targetHints":{"allow":["GET"]}}],"collection":[{"href":"https:\/\/prefecturadeesmeraldas.gob.ec\/index.php\/wp-json\/wp\/v2\/posts"}],"about":[{"href":"https:\/\/prefecturadeesmeraldas.gob.ec\/index.php\/wp-json\/wp\/v2\/types\/post"}],"author":[{"embeddable":true,"href":"https:\/\/prefecturadeesmeraldas.gob.ec\/index.php\/wp-json\/wp\/v2\/users\/2"}],"replies":[{"embeddable":true,"href":"https:\/\/prefecturadeesmeraldas.gob.ec\/index.php\/wp-json\/wp\/v2\/comments?post=19470"}],"version-history":[{"count":0,"href":"https:\/\/prefecturadeesmeraldas.gob.ec\/index.php\/wp-json\/wp\/v2\/posts\/19470\/revisions"}],"wp:featuredmedia":[{"embeddable":true,"href":"https:\/\/prefecturadeesmeraldas.gob.ec\/index.php\/wp-json\/wp\/v2\/media\/19472"}],"wp:attachment":[{"href":"https:\/\/prefecturadeesmeraldas.gob.ec\/index.php\/wp-json\/wp\/v2\/media?parent=19470"}],"wp:term":[{"taxonomy":"category","embeddable":true,"href":"https:\/\/prefecturadeesmeraldas.gob.ec\/index.php\/wp-json\/wp\/v2\/categories?post=19470"},{"taxonomy":"post_tag","embeddable":true,"href":"https:\/\/prefecturadeesmeraldas.gob.ec\/index.php\/wp-json\/wp\/v2\/tags?post=19470"}],"curies":[{"name":"wp","href":"https:\/\/api.w.org\/{rel}","templated":true}]}}