{"id":18057,"date":"2022-08-08T15:07:13","date_gmt":"2022-08-08T20:07:13","guid":{"rendered":"https:\/\/prefecturadeesmeraldas.gob.ec\/?p=18057"},"modified":"2022-08-10T09:35:59","modified_gmt":"2022-08-10T14:35:59","slug":"con-ingenio-habilidades-fisicas-y-deportivas-prefectura-de-esmeraldas-inauguro-la-renovada-via-tachina-el-tigre","status":"publish","type":"post","link":"https:\/\/prefecturadeesmeraldas.gob.ec\/index.php\/2022\/08\/08\/con-ingenio-habilidades-fisicas-y-deportivas-prefectura-de-esmeraldas-inauguro-la-renovada-via-tachina-el-tigre\/","title":{"rendered":"<strong>Con ingenio, habilidades f\u00edsicas y deportivas, Prefectura de Esmeraldas inaugur\u00f3 la renovada v\u00eda Tachina \u2013 El Tigre.<\/strong>"},"content":{"rendered":"\t\t<div data-elementor-type=\"wp-post\" data-elementor-id=\"18057\" class=\"elementor elementor-18057\">\n\t\t\t\t<div class=\"elementor-element elementor-element-444201a e-flex e-con-boxed e-con e-parent\" data-id=\"444201a\" data-element_type=\"container\">\n\t\t\t\t\t<div class=\"e-con-inner\">\n\t\t\t\t<div class=\"elementor-element elementor-element-69e34f9 elementor-widget elementor-widget-image\" data-id=\"69e34f9\" data-element_type=\"widget\" data-widget_type=\"image.default\">\n\t\t\t\t<div class=\"elementor-widget-container\">\n\t\t\t\t\t\t\t\t\t\t\t\t<figure class=\"wp-caption\">\n\t\t\t\t\t\t\t\t\t\t<img fetchpriority=\"high\" decoding=\"async\" width=\"1024\" height=\"1024\" src=\"https:\/\/prefecturadeesmeraldas.gob.ec\/wp-content\/uploads\/2022\/08\/WhatsApp-Image-2022-08-08-at-9.19.09-AM-1024x1024.jpeg\" class=\"attachment-large size-large wp-image-18059\" alt=\"\" srcset=\"https:\/\/prefecturadeesmeraldas.gob.ec\/wp-content\/uploads\/2022\/08\/WhatsApp-Image-2022-08-08-at-9.19.09-AM-1024x1024.jpeg 1024w, https:\/\/prefecturadeesmeraldas.gob.ec\/wp-content\/uploads\/2022\/08\/WhatsApp-Image-2022-08-08-at-9.19.09-AM-240x240.jpeg 240w, https:\/\/prefecturadeesmeraldas.gob.ec\/wp-content\/uploads\/2022\/08\/WhatsApp-Image-2022-08-08-at-9.19.09-AM-1080x1080.jpeg 1080w, https:\/\/prefecturadeesmeraldas.gob.ec\/wp-content\/uploads\/2022\/08\/WhatsApp-Image-2022-08-08-at-9.19.09-AM-300x300.jpeg 300w, https:\/\/prefecturadeesmeraldas.gob.ec\/wp-content\/uploads\/2022\/08\/WhatsApp-Image-2022-08-08-at-9.19.09-AM-150x150.jpeg 150w, https:\/\/prefecturadeesmeraldas.gob.ec\/wp-content\/uploads\/2022\/08\/WhatsApp-Image-2022-08-08-at-9.19.09-AM-768x768.jpeg 768w, https:\/\/prefecturadeesmeraldas.gob.ec\/wp-content\/uploads\/2022\/08\/WhatsApp-Image-2022-08-08-at-9.19.09-AM-1536x1536.jpeg 1536w, https:\/\/prefecturadeesmeraldas.gob.ec\/wp-content\/uploads\/2022\/08\/WhatsApp-Image-2022-08-08-at-9.19.09-AM-600x600.jpeg 600w, https:\/\/prefecturadeesmeraldas.gob.ec\/wp-content\/uploads\/2022\/08\/WhatsApp-Image-2022-08-08-at-9.19.09-AM-160x160.jpeg 160w, https:\/\/prefecturadeesmeraldas.gob.ec\/wp-content\/uploads\/2022\/08\/WhatsApp-Image-2022-08-08-at-9.19.09-AM.jpeg 1600w\" sizes=\"(max-width: 1024px) 100vw, 1024px\" \/>\t\t\t\t\t\t\t\t\t\t\t<figcaption class=\"widget-image-caption wp-caption-text\">Roberta Zambrano Ortiz, inaugur\u00f3 la renovada v\u00eda Tachina \u2013 El Tigre.<\/figcaption>\n\t\t\t\t\t\t\t\t\t\t<\/figure>\n\t\t\t\t\t\t\t\t\t<\/div>\n\t\t\t\t<\/div>\n\t\t\t\t\t<\/div>\n\t\t\t\t<\/div>\n\t\t<div class=\"elementor-element elementor-element-51945ed e-flex e-con-boxed e-con e-parent\" data-id=\"51945ed\" data-element_type=\"container\">\n\t\t\t\t\t<div class=\"e-con-inner\">\n\t\t\t\t<div class=\"elementor-element elementor-element-b9dcc8c elementor-widget elementor-widget-text-editor\" data-id=\"b9dcc8c\" data-element_type=\"widget\" data-widget_type=\"text-editor.default\">\n\t\t\t\t<div class=\"elementor-widget-container\">\n\t\t\t\t\t\t\t\t\t<p>Con una Gincana y un ciclo paseo, la prefecta Roberta Zambrano Ortiz, inaugur\u00f3 la renovada v\u00eda <strong>Tachina \u2013 El Tigre<\/strong>, en el cant\u00f3n Esmeraldas; trayecto complemente rehabilitado, que facilita las condiciones de transporte y productividad de habitantes, agricultores, ganaderos y estudiantes, gracias a un proyecto de trabajo con un enfoque espec\u00edfico de fomento y desarrollo productivo agrotur\u00edstico.<\/p><p><\/p><p>Miles de esmeralde\u00f1os se dieron cita a la jornada, convocada por la Prefectura de Esmeraldas y la administraci\u00f3n de Roberta y Diego Zambrano, quienes, adem\u00e1s de motivar a la ciudadan\u00eda a hacer deporte, recorrieron la v\u00eda en bicicleta, premiaron el esfuerzo de los participantes, entregaron implementos deportivos y vivieron una jornada deportiva nunca vista en la inauguraci\u00f3n de una obra, integrando diversas actividades en fincas de la zona.\u00a0<\/p><p><\/p><p>Momentos emotivos y de alegr\u00eda acompa\u00f1aron la jornada en la que, la Prefectura de Esmeraldas contin\u00faa posicionando a la denominada \u201cRuta de la Panela\u201d, como una opci\u00f3n real de trabajo y cambio en aras del desarrollo, gracias a la integraci\u00f3n de actividades tur\u00edsticas, agro productivas y sustentables, a trav\u00e9s del mejoramiento de una v\u00eda<\/p>\t\t\t\t\t\t\t\t<\/div>\n\t\t\t\t<\/div>\n\t\t\t\t\t<\/div>\n\t\t\t\t<\/div>\n\t\t\t\t<\/div>\n\t\t","protected":false},"excerpt":{"rendered":"<p>Roberta Zambrano Ortiz, inaugur\u00f3 la renovada v\u00eda Tachina \u2013 El Tigre. Con una Gincana y un ciclo paseo, la prefecta Roberta Zambrano Ortiz, inaugur\u00f3 la renovada v\u00eda Tachina \u2013 El Tigre, en el cant\u00f3n Esmeraldas; trayecto complemente rehabilitado, que facilita las condiciones de transporte y productividad de habitantes, agricultores, ganaderos y estudiantes, gracias a un [&hellip;]<\/p>\n","protected":false},"author":2,"featured_media":18064,"comment_status":"closed","ping_status":"open","sticky":false,"template":"","format":"standard","meta":{"footnotes":""},"categories":[14],"tags":[],"class_list":["post-18057","post","type-post","status-publish","format-standard","has-post-thumbnail","hentry","category-vialidad"],"yoast_head":"<!-- This site is optimized with the Yoast SEO plugin v25.7 - https:\/\/yoast.com\/wordpress\/plugins\/seo\/ -->\n<title>Con ingenio, habilidades f\u00edsicas y deportivas, Prefectura de Esmeraldas inaugur\u00f3 la renovada v\u00eda Tachina \u2013 El Tigre. - Gobierno Aut\u00f3nomo Descentralizado de la Provincia de Esmeraldas<\/title>\n<meta name=\"robots\" content=\"index, follow, max-snippet:-1, max-image-preview:large, max-video-preview:-1\" \/>\n<link rel=\"canonical\" href=\"https:\/\/prefecturadeesmeraldas.gob.ec\/index.php\/2022\/08\/08\/con-ingenio-habilidades-fisicas-y-deportivas-prefectura-de-esmeraldas-inauguro-la-renovada-via-tachina-el-tigre\/\" \/>\n<meta property=\"og:locale\" content=\"es_ES\" \/>\n<meta property=\"og:type\" content=\"article\" \/>\n<meta property=\"og:title\" content=\"Con ingenio, habilidades f\u00edsicas y deportivas, Prefectura de Esmeraldas inaugur\u00f3 la renovada v\u00eda Tachina \u2013 El Tigre. - Gobierno Aut\u00f3nomo Descentralizado de la Provincia de Esmeraldas\" \/>\n<meta property=\"og:description\" content=\"Roberta Zambrano Ortiz, inaugur\u00f3 la renovada v\u00eda Tachina \u2013 El Tigre. Con una Gincana y un ciclo paseo, la prefecta Roberta Zambrano Ortiz, inaugur\u00f3 la renovada v\u00eda Tachina \u2013 El Tigre, en el cant\u00f3n Esmeraldas; trayecto complemente rehabilitado, que facilita las condiciones de transporte y productividad de habitantes, agricultores, ganaderos y estudiantes, gracias a un [&hellip;]\" \/>\n<meta property=\"og:url\" content=\"https:\/\/prefecturadeesmeraldas.gob.ec\/index.php\/2022\/08\/08\/con-ingenio-habilidades-fisicas-y-deportivas-prefectura-de-esmeraldas-inauguro-la-renovada-via-tachina-el-tigre\/\" \/>\n<meta property=\"og:site_name\" content=\"Gobierno Aut\u00f3nomo Descentralizado de la Provincia de Esmeraldas\" \/>\n<meta property=\"article:publisher\" content=\"https:\/\/www.facebook.com\/PrefecturaEsmeraldas\/\" \/>\n<meta property=\"article:published_time\" content=\"2022-08-08T20:07:13+00:00\" \/>\n<meta property=\"article:modified_time\" content=\"2022-08-10T14:35:59+00:00\" \/>\n<meta property=\"og:image\" content=\"https:\/\/prefecturadeesmeraldas.gob.ec\/wp-content\/uploads\/2022\/08\/WhatsApp-Image-2022-08-08-at-9.19.09-AM-1.jpeg\" \/>\n\t<meta property=\"og:image:width\" content=\"1600\" \/>\n\t<meta property=\"og:image:height\" content=\"1600\" \/>\n\t<meta property=\"og:image:type\" content=\"image\/jpeg\" \/>\n<meta name=\"author\" content=\"Direcci\u00f3n de Comunicaci\u00f3n\" \/>\n<meta name=\"twitter:card\" content=\"summary_large_image\" \/>\n<meta name=\"twitter:label1\" content=\"Escrito por\" \/>\n\t<meta name=\"twitter:data1\" content=\"Direcci\u00f3n de Comunicaci\u00f3n\" \/>\n\t<meta name=\"twitter:label2\" content=\"Tiempo de lectura\" \/>\n\t<meta name=\"twitter:data2\" content=\"2 minutos\" \/>\n<script type=\"application\/ld+json\" class=\"yoast-schema-graph\">{\"@context\":\"https:\/\/schema.org\",\"@graph\":[{\"@type\":\"Article\",\"@id\":\"https:\/\/prefecturadeesmeraldas.gob.ec\/index.php\/2022\/08\/08\/con-ingenio-habilidades-fisicas-y-deportivas-prefectura-de-esmeraldas-inauguro-la-renovada-via-tachina-el-tigre\/#article\",\"isPartOf\":{\"@id\":\"https:\/\/prefecturadeesmeraldas.gob.ec\/index.php\/2022\/08\/08\/con-ingenio-habilidades-fisicas-y-deportivas-prefectura-de-esmeraldas-inauguro-la-renovada-via-tachina-el-tigre\/\"},\"author\":{\"name\":\"Direcci\u00f3n de Comunicaci\u00f3n\",\"@id\":\"https:\/\/prefecturadeesmeraldas.gob.ec\/#\/schema\/person\/b0c9e7b1ead7725994d1e319e8825234\"},\"headline\":\"Con ingenio, habilidades f\u00edsicas y deportivas, Prefectura de Esmeraldas inaugur\u00f3 la renovada v\u00eda Tachina \u2013 El Tigre.\",\"datePublished\":\"2022-08-08T20:07:13+00:00\",\"dateModified\":\"2022-08-10T14:35:59+00:00\",\"mainEntityOfPage\":{\"@id\":\"https:\/\/prefecturadeesmeraldas.gob.ec\/index.php\/2022\/08\/08\/con-ingenio-habilidades-fisicas-y-deportivas-prefectura-de-esmeraldas-inauguro-la-renovada-via-tachina-el-tigre\/\"},\"wordCount\":226,\"publisher\":{\"@id\":\"https:\/\/prefecturadeesmeraldas.gob.ec\/#organization\"},\"image\":{\"@id\":\"https:\/\/prefecturadeesmeraldas.gob.ec\/index.php\/2022\/08\/08\/con-ingenio-habilidades-fisicas-y-deportivas-prefectura-de-esmeraldas-inauguro-la-renovada-via-tachina-el-tigre\/#primaryimage\"},\"thumbnailUrl\":\"https:\/\/prefecturadeesmeraldas.gob.ec\/wp-content\/uploads\/2022\/08\/WhatsApp-Image-2022-08-08-at-9.19.09-AM-1.jpeg\",\"articleSection\":[\"Vialidad\"],\"inLanguage\":\"es\"},{\"@type\":\"WebPage\",\"@id\":\"https:\/\/prefecturadeesmeraldas.gob.ec\/index.php\/2022\/08\/08\/con-ingenio-habilidades-fisicas-y-deportivas-prefectura-de-esmeraldas-inauguro-la-renovada-via-tachina-el-tigre\/\",\"url\":\"https:\/\/prefecturadeesmeraldas.gob.ec\/index.php\/2022\/08\/08\/con-ingenio-habilidades-fisicas-y-deportivas-prefectura-de-esmeraldas-inauguro-la-renovada-via-tachina-el-tigre\/\",\"name\":\"Con ingenio, habilidades f\u00edsicas y deportivas, Prefectura de Esmeraldas inaugur\u00f3 la renovada v\u00eda Tachina \u2013 El Tigre. - Gobierno Aut\u00f3nomo Descentralizado de la Provincia de Esmeraldas\",\"isPartOf\":{\"@id\":\"https:\/\/prefecturadeesmeraldas.gob.ec\/#website\"},\"primaryImageOfPage\":{\"@id\":\"https:\/\/prefecturadeesmeraldas.gob.ec\/index.php\/2022\/08\/08\/con-ingenio-habilidades-fisicas-y-deportivas-prefectura-de-esmeraldas-inauguro-la-renovada-via-tachina-el-tigre\/#primaryimage\"},\"image\":{\"@id\":\"https:\/\/prefecturadeesmeraldas.gob.ec\/index.php\/2022\/08\/08\/con-ingenio-habilidades-fisicas-y-deportivas-prefectura-de-esmeraldas-inauguro-la-renovada-via-tachina-el-tigre\/#primaryimage\"},\"thumbnailUrl\":\"https:\/\/prefecturadeesmeraldas.gob.ec\/wp-content\/uploads\/2022\/08\/WhatsApp-Image-2022-08-08-at-9.19.09-AM-1.jpeg\",\"datePublished\":\"2022-08-08T20:07:13+00:00\",\"dateModified\":\"2022-08-10T14:35:59+00:00\",\"breadcrumb\":{\"@id\":\"https:\/\/prefecturadeesmeraldas.gob.ec\/index.php\/2022\/08\/08\/con-ingenio-habilidades-fisicas-y-deportivas-prefectura-de-esmeraldas-inauguro-la-renovada-via-tachina-el-tigre\/#breadcrumb\"},\"inLanguage\":\"es\",\"potentialAction\":[{\"@type\":\"ReadAction\",\"target\":[\"https:\/\/prefecturadeesmeraldas.gob.ec\/index.php\/2022\/08\/08\/con-ingenio-habilidades-fisicas-y-deportivas-prefectura-de-esmeraldas-inauguro-la-renovada-via-tachina-el-tigre\/\"]}]},{\"@type\":\"ImageObject\",\"inLanguage\":\"es\",\"@id\":\"https:\/\/prefecturadeesmeraldas.gob.ec\/index.php\/2022\/08\/08\/con-ingenio-habilidades-fisicas-y-deportivas-prefectura-de-esmeraldas-inauguro-la-renovada-via-tachina-el-tigre\/#primaryimage\",\"url\":\"https:\/\/prefecturadeesmeraldas.gob.ec\/wp-content\/uploads\/2022\/08\/WhatsApp-Image-2022-08-08-at-9.19.09-AM-1.jpeg\",\"contentUrl\":\"https:\/\/prefecturadeesmeraldas.gob.ec\/wp-content\/uploads\/2022\/08\/WhatsApp-Image-2022-08-08-at-9.19.09-AM-1.jpeg\",\"width\":1600,\"height\":1600},{\"@type\":\"BreadcrumbList\",\"@id\":\"https:\/\/prefecturadeesmeraldas.gob.ec\/index.php\/2022\/08\/08\/con-ingenio-habilidades-fisicas-y-deportivas-prefectura-de-esmeraldas-inauguro-la-renovada-via-tachina-el-tigre\/#breadcrumb\",\"itemListElement\":[{\"@type\":\"ListItem\",\"position\":1,\"name\":\"Home\",\"item\":\"https:\/\/prefecturadeesmeraldas.gob.ec\/\"},{\"@type\":\"ListItem\",\"position\":2,\"name\":\"Con ingenio, habilidades f\u00edsicas y deportivas, Prefectura de Esmeraldas inaugur\u00f3 la renovada v\u00eda Tachina \u2013 El Tigre.\"}]},{\"@type\":\"WebSite\",\"@id\":\"https:\/\/prefecturadeesmeraldas.gob.ec\/#website\",\"url\":\"https:\/\/prefecturadeesmeraldas.gob.ec\/\",\"name\":\"Gobierno Aut\u00f3nomo Descentralizado de la Provincia de Esmeraldas\",\"description\":\"Gobierno Aut\u00f3nomo Descentralizado de la Provincia de Esmeraldas\",\"publisher\":{\"@id\":\"https:\/\/prefecturadeesmeraldas.gob.ec\/#organization\"},\"potentialAction\":[{\"@type\":\"SearchAction\",\"target\":{\"@type\":\"EntryPoint\",\"urlTemplate\":\"https:\/\/prefecturadeesmeraldas.gob.ec\/?s={search_term_string}\"},\"query-input\":{\"@type\":\"PropertyValueSpecification\",\"valueRequired\":true,\"valueName\":\"search_term_string\"}}],\"inLanguage\":\"es\"},{\"@type\":\"Organization\",\"@id\":\"https:\/\/prefecturadeesmeraldas.gob.ec\/#organization\",\"name\":\"Gobierno Aut\u00f3nomo Descentralizado de la Provincia de Esmeraldas\",\"url\":\"https:\/\/prefecturadeesmeraldas.gob.ec\/\",\"logo\":{\"@type\":\"ImageObject\",\"inLanguage\":\"es\",\"@id\":\"https:\/\/prefecturadeesmeraldas.gob.ec\/#\/schema\/logo\/image\/\",\"url\":\"https:\/\/prefecturadeesmeraldas.gob.ec\/wp-content\/uploads\/2019\/06\/logo.png\",\"contentUrl\":\"https:\/\/prefecturadeesmeraldas.gob.ec\/wp-content\/uploads\/2019\/06\/logo.png\",\"width\":859,\"height\":448,\"caption\":\"Gobierno Aut\u00f3nomo Descentralizado de la Provincia de Esmeraldas\"},\"image\":{\"@id\":\"https:\/\/prefecturadeesmeraldas.gob.ec\/#\/schema\/logo\/image\/\"},\"sameAs\":[\"https:\/\/www.facebook.com\/PrefecturaEsmeraldas\/\"]},{\"@type\":\"Person\",\"@id\":\"https:\/\/prefecturadeesmeraldas.gob.ec\/#\/schema\/person\/b0c9e7b1ead7725994d1e319e8825234\",\"name\":\"Direcci\u00f3n de Comunicaci\u00f3n\",\"image\":{\"@type\":\"ImageObject\",\"inLanguage\":\"es\",\"@id\":\"https:\/\/prefecturadeesmeraldas.gob.ec\/#\/schema\/person\/image\/\",\"url\":\"https:\/\/secure.gravatar.com\/avatar\/74a3870a946f5d774ade3569af61a72308e07ad3346f370c4b468ee2a9858658?s=96&d=mm&r=g\",\"contentUrl\":\"https:\/\/secure.gravatar.com\/avatar\/74a3870a946f5d774ade3569af61a72308e07ad3346f370c4b468ee2a9858658?s=96&d=mm&r=g\",\"caption\":\"Direcci\u00f3n de Comunicaci\u00f3n\"}}]}<\/script>\n<!-- \/ Yoast SEO plugin. -->","yoast_head_json":{"title":"Con ingenio, habilidades f\u00edsicas y deportivas, Prefectura de Esmeraldas inaugur\u00f3 la renovada v\u00eda Tachina \u2013 El Tigre. - Gobierno Aut\u00f3nomo Descentralizado de la Provincia de Esmeraldas","robots":{"index":"index","follow":"follow","max-snippet":"max-snippet:-1","max-image-preview":"max-image-preview:large","max-video-preview":"max-video-preview:-1"},"canonical":"https:\/\/prefecturadeesmeraldas.gob.ec\/index.php\/2022\/08\/08\/con-ingenio-habilidades-fisicas-y-deportivas-prefectura-de-esmeraldas-inauguro-la-renovada-via-tachina-el-tigre\/","og_locale":"es_ES","og_type":"article","og_title":"Con ingenio, habilidades f\u00edsicas y deportivas, Prefectura de Esmeraldas inaugur\u00f3 la renovada v\u00eda Tachina \u2013 El Tigre. - Gobierno Aut\u00f3nomo Descentralizado de la Provincia de Esmeraldas","og_description":"Roberta Zambrano Ortiz, inaugur\u00f3 la renovada v\u00eda Tachina \u2013 El Tigre. Con una Gincana y un ciclo paseo, la prefecta Roberta Zambrano Ortiz, inaugur\u00f3 la renovada v\u00eda Tachina \u2013 El Tigre, en el cant\u00f3n Esmeraldas; trayecto complemente rehabilitado, que facilita las condiciones de transporte y productividad de habitantes, agricultores, ganaderos y estudiantes, gracias a un [&hellip;]","og_url":"https:\/\/prefecturadeesmeraldas.gob.ec\/index.php\/2022\/08\/08\/con-ingenio-habilidades-fisicas-y-deportivas-prefectura-de-esmeraldas-inauguro-la-renovada-via-tachina-el-tigre\/","og_site_name":"Gobierno Aut\u00f3nomo Descentralizado de la Provincia de Esmeraldas","article_publisher":"https:\/\/www.facebook.com\/PrefecturaEsmeraldas\/","article_published_time":"2022-08-08T20:07:13+00:00","article_modified_time":"2022-08-10T14:35:59+00:00","og_image":[{"width":1600,"height":1600,"url":"https:\/\/prefecturadeesmeraldas.gob.ec\/wp-content\/uploads\/2022\/08\/WhatsApp-Image-2022-08-08-at-9.19.09-AM-1.jpeg","type":"image\/jpeg"}],"author":"Direcci\u00f3n de Comunicaci\u00f3n","twitter_card":"summary_large_image","twitter_misc":{"Escrito por":"Direcci\u00f3n de Comunicaci\u00f3n","Tiempo de lectura":"2 minutos"},"schema":{"@context":"https:\/\/schema.org","@graph":[{"@type":"Article","@id":"https:\/\/prefecturadeesmeraldas.gob.ec\/index.php\/2022\/08\/08\/con-ingenio-habilidades-fisicas-y-deportivas-prefectura-de-esmeraldas-inauguro-la-renovada-via-tachina-el-tigre\/#article","isPartOf":{"@id":"https:\/\/prefecturadeesmeraldas.gob.ec\/index.php\/2022\/08\/08\/con-ingenio-habilidades-fisicas-y-deportivas-prefectura-de-esmeraldas-inauguro-la-renovada-via-tachina-el-tigre\/"},"author":{"name":"Direcci\u00f3n de Comunicaci\u00f3n","@id":"https:\/\/prefecturadeesmeraldas.gob.ec\/#\/schema\/person\/b0c9e7b1ead7725994d1e319e8825234"},"headline":"Con ingenio, habilidades f\u00edsicas y deportivas, Prefectura de Esmeraldas inaugur\u00f3 la renovada v\u00eda Tachina \u2013 El Tigre.","datePublished":"2022-08-08T20:07:13+00:00","dateModified":"2022-08-10T14:35:59+00:00","mainEntityOfPage":{"@id":"https:\/\/prefecturadeesmeraldas.gob.ec\/index.php\/2022\/08\/08\/con-ingenio-habilidades-fisicas-y-deportivas-prefectura-de-esmeraldas-inauguro-la-renovada-via-tachina-el-tigre\/"},"wordCount":226,"publisher":{"@id":"https:\/\/prefecturadeesmeraldas.gob.ec\/#organization"},"image":{"@id":"https:\/\/prefecturadeesmeraldas.gob.ec\/index.php\/2022\/08\/08\/con-ingenio-habilidades-fisicas-y-deportivas-prefectura-de-esmeraldas-inauguro-la-renovada-via-tachina-el-tigre\/#primaryimage"},"thumbnailUrl":"https:\/\/prefecturadeesmeraldas.gob.ec\/wp-content\/uploads\/2022\/08\/WhatsApp-Image-2022-08-08-at-9.19.09-AM-1.jpeg","articleSection":["Vialidad"],"inLanguage":"es"},{"@type":"WebPage","@id":"https:\/\/prefecturadeesmeraldas.gob.ec\/index.php\/2022\/08\/08\/con-ingenio-habilidades-fisicas-y-deportivas-prefectura-de-esmeraldas-inauguro-la-renovada-via-tachina-el-tigre\/","url":"https:\/\/prefecturadeesmeraldas.gob.ec\/index.php\/2022\/08\/08\/con-ingenio-habilidades-fisicas-y-deportivas-prefectura-de-esmeraldas-inauguro-la-renovada-via-tachina-el-tigre\/","name":"Con ingenio, habilidades f\u00edsicas y deportivas, Prefectura de Esmeraldas inaugur\u00f3 la renovada v\u00eda Tachina \u2013 El Tigre. - Gobierno Aut\u00f3nomo Descentralizado de la Provincia de Esmeraldas","isPartOf":{"@id":"https:\/\/prefecturadeesmeraldas.gob.ec\/#website"},"primaryImageOfPage":{"@id":"https:\/\/prefecturadeesmeraldas.gob.ec\/index.php\/2022\/08\/08\/con-ingenio-habilidades-fisicas-y-deportivas-prefectura-de-esmeraldas-inauguro-la-renovada-via-tachina-el-tigre\/#primaryimage"},"image":{"@id":"https:\/\/prefecturadeesmeraldas.gob.ec\/index.php\/2022\/08\/08\/con-ingenio-habilidades-fisicas-y-deportivas-prefectura-de-esmeraldas-inauguro-la-renovada-via-tachina-el-tigre\/#primaryimage"},"thumbnailUrl":"https:\/\/prefecturadeesmeraldas.gob.ec\/wp-content\/uploads\/2022\/08\/WhatsApp-Image-2022-08-08-at-9.19.09-AM-1.jpeg","datePublished":"2022-08-08T20:07:13+00:00","dateModified":"2022-08-10T14:35:59+00:00","breadcrumb":{"@id":"https:\/\/prefecturadeesmeraldas.gob.ec\/index.php\/2022\/08\/08\/con-ingenio-habilidades-fisicas-y-deportivas-prefectura-de-esmeraldas-inauguro-la-renovada-via-tachina-el-tigre\/#breadcrumb"},"inLanguage":"es","potentialAction":[{"@type":"ReadAction","target":["https:\/\/prefecturadeesmeraldas.gob.ec\/index.php\/2022\/08\/08\/con-ingenio-habilidades-fisicas-y-deportivas-prefectura-de-esmeraldas-inauguro-la-renovada-via-tachina-el-tigre\/"]}]},{"@type":"ImageObject","inLanguage":"es","@id":"https:\/\/prefecturadeesmeraldas.gob.ec\/index.php\/2022\/08\/08\/con-ingenio-habilidades-fisicas-y-deportivas-prefectura-de-esmeraldas-inauguro-la-renovada-via-tachina-el-tigre\/#primaryimage","url":"https:\/\/prefecturadeesmeraldas.gob.ec\/wp-content\/uploads\/2022\/08\/WhatsApp-Image-2022-08-08-at-9.19.09-AM-1.jpeg","contentUrl":"https:\/\/prefecturadeesmeraldas.gob.ec\/wp-content\/uploads\/2022\/08\/WhatsApp-Image-2022-08-08-at-9.19.09-AM-1.jpeg","width":1600,"height":1600},{"@type":"BreadcrumbList","@id":"https:\/\/prefecturadeesmeraldas.gob.ec\/index.php\/2022\/08\/08\/con-ingenio-habilidades-fisicas-y-deportivas-prefectura-de-esmeraldas-inauguro-la-renovada-via-tachina-el-tigre\/#breadcrumb","itemListElement":[{"@type":"ListItem","position":1,"name":"Home","item":"https:\/\/prefecturadeesmeraldas.gob.ec\/"},{"@type":"ListItem","position":2,"name":"Con ingenio, habilidades f\u00edsicas y deportivas, Prefectura de Esmeraldas inaugur\u00f3 la renovada v\u00eda Tachina \u2013 El Tigre."}]},{"@type":"WebSite","@id":"https:\/\/prefecturadeesmeraldas.gob.ec\/#website","url":"https:\/\/prefecturadeesmeraldas.gob.ec\/","name":"Gobierno Aut\u00f3nomo Descentralizado de la Provincia de Esmeraldas","description":"Gobierno Aut\u00f3nomo Descentralizado de la Provincia de Esmeraldas","publisher":{"@id":"https:\/\/prefecturadeesmeraldas.gob.ec\/#organization"},"potentialAction":[{"@type":"SearchAction","target":{"@type":"EntryPoint","urlTemplate":"https:\/\/prefecturadeesmeraldas.gob.ec\/?s={search_term_string}"},"query-input":{"@type":"PropertyValueSpecification","valueRequired":true,"valueName":"search_term_string"}}],"inLanguage":"es"},{"@type":"Organization","@id":"https:\/\/prefecturadeesmeraldas.gob.ec\/#organization","name":"Gobierno Aut\u00f3nomo Descentralizado de la Provincia de Esmeraldas","url":"https:\/\/prefecturadeesmeraldas.gob.ec\/","logo":{"@type":"ImageObject","inLanguage":"es","@id":"https:\/\/prefecturadeesmeraldas.gob.ec\/#\/schema\/logo\/image\/","url":"https:\/\/prefecturadeesmeraldas.gob.ec\/wp-content\/uploads\/2019\/06\/logo.png","contentUrl":"https:\/\/prefecturadeesmeraldas.gob.ec\/wp-content\/uploads\/2019\/06\/logo.png","width":859,"height":448,"caption":"Gobierno Aut\u00f3nomo Descentralizado de la Provincia de Esmeraldas"},"image":{"@id":"https:\/\/prefecturadeesmeraldas.gob.ec\/#\/schema\/logo\/image\/"},"sameAs":["https:\/\/www.facebook.com\/PrefecturaEsmeraldas\/"]},{"@type":"Person","@id":"https:\/\/prefecturadeesmeraldas.gob.ec\/#\/schema\/person\/b0c9e7b1ead7725994d1e319e8825234","name":"Direcci\u00f3n de Comunicaci\u00f3n","image":{"@type":"ImageObject","inLanguage":"es","@id":"https:\/\/prefecturadeesmeraldas.gob.ec\/#\/schema\/person\/image\/","url":"https:\/\/secure.gravatar.com\/avatar\/74a3870a946f5d774ade3569af61a72308e07ad3346f370c4b468ee2a9858658?s=96&d=mm&r=g","contentUrl":"https:\/\/secure.gravatar.com\/avatar\/74a3870a946f5d774ade3569af61a72308e07ad3346f370c4b468ee2a9858658?s=96&d=mm&r=g","caption":"Direcci\u00f3n de Comunicaci\u00f3n"}}]}},"_links":{"self":[{"href":"https:\/\/prefecturadeesmeraldas.gob.ec\/index.php\/wp-json\/wp\/v2\/posts\/18057","targetHints":{"allow":["GET"]}}],"collection":[{"href":"https:\/\/prefecturadeesmeraldas.gob.ec\/index.php\/wp-json\/wp\/v2\/posts"}],"about":[{"href":"https:\/\/prefecturadeesmeraldas.gob.ec\/index.php\/wp-json\/wp\/v2\/types\/post"}],"author":[{"embeddable":true,"href":"https:\/\/prefecturadeesmeraldas.gob.ec\/index.php\/wp-json\/wp\/v2\/users\/2"}],"replies":[{"embeddable":true,"href":"https:\/\/prefecturadeesmeraldas.gob.ec\/index.php\/wp-json\/wp\/v2\/comments?post=18057"}],"version-history":[{"count":0,"href":"https:\/\/prefecturadeesmeraldas.gob.ec\/index.php\/wp-json\/wp\/v2\/posts\/18057\/revisions"}],"wp:featuredmedia":[{"embeddable":true,"href":"https:\/\/prefecturadeesmeraldas.gob.ec\/index.php\/wp-json\/wp\/v2\/media\/18064"}],"wp:attachment":[{"href":"https:\/\/prefecturadeesmeraldas.gob.ec\/index.php\/wp-json\/wp\/v2\/media?parent=18057"}],"wp:term":[{"taxonomy":"category","embeddable":true,"href":"https:\/\/prefecturadeesmeraldas.gob.ec\/index.php\/wp-json\/wp\/v2\/categories?post=18057"},{"taxonomy":"post_tag","embeddable":true,"href":"https:\/\/prefecturadeesmeraldas.gob.ec\/index.php\/wp-json\/wp\/v2\/tags?post=18057"}],"curies":[{"name":"wp","href":"https:\/\/api.w.org\/{rel}","templated":true}]}}