{"id":18050,"date":"2022-08-08T14:47:00","date_gmt":"2022-08-08T19:47:00","guid":{"rendered":"https:\/\/prefecturadeesmeraldas.gob.ec\/?p=18050"},"modified":"2022-08-08T14:51:27","modified_gmt":"2022-08-08T19:51:27","slug":"viveros-forestales-de-la-prefectura-de-esmeraldas-permiten-la-conservacion-de-las-cuencas-hidrograficas","status":"publish","type":"post","link":"https:\/\/prefecturadeesmeraldas.gob.ec\/index.php\/2022\/08\/08\/viveros-forestales-de-la-prefectura-de-esmeraldas-permiten-la-conservacion-de-las-cuencas-hidrograficas\/","title":{"rendered":"Viveros forestales de la Prefectura de Esmeraldas permiten la conservaci\u00f3n de las cuencas hidrogr\u00e1ficas."},"content":{"rendered":"\t\t<div data-elementor-type=\"wp-post\" data-elementor-id=\"18050\" class=\"elementor elementor-18050\">\n\t\t\t\t<div class=\"elementor-element elementor-element-77f5e65 e-flex e-con-boxed e-con e-parent\" data-id=\"77f5e65\" data-element_type=\"container\">\n\t\t\t\t\t<div class=\"e-con-inner\">\n\t\t\t\t<div class=\"elementor-element elementor-element-f7fb79b elementor-widget elementor-widget-image\" data-id=\"f7fb79b\" data-element_type=\"widget\" data-widget_type=\"image.default\">\n\t\t\t\t<div class=\"elementor-widget-container\">\n\t\t\t\t\t\t\t\t\t\t\t\t<figure class=\"wp-caption\">\n\t\t\t\t\t\t\t\t\t\t<img fetchpriority=\"high\" decoding=\"async\" width=\"722\" height=\"722\" src=\"https:\/\/prefecturadeesmeraldas.gob.ec\/wp-content\/uploads\/2022\/08\/Imagen2.jpg\" class=\"attachment-large size-large wp-image-18052\" alt=\"\" srcset=\"https:\/\/prefecturadeesmeraldas.gob.ec\/wp-content\/uploads\/2022\/08\/Imagen2.jpg 722w, https:\/\/prefecturadeesmeraldas.gob.ec\/wp-content\/uploads\/2022\/08\/Imagen2-240x240.jpg 240w, https:\/\/prefecturadeesmeraldas.gob.ec\/wp-content\/uploads\/2022\/08\/Imagen2-600x600.jpg 600w, https:\/\/prefecturadeesmeraldas.gob.ec\/wp-content\/uploads\/2022\/08\/Imagen2-300x300.jpg 300w, https:\/\/prefecturadeesmeraldas.gob.ec\/wp-content\/uploads\/2022\/08\/Imagen2-150x150.jpg 150w, https:\/\/prefecturadeesmeraldas.gob.ec\/wp-content\/uploads\/2022\/08\/Imagen2-160x160.jpg 160w\" sizes=\"(max-width: 722px) 100vw, 722px\" \/>\t\t\t\t\t\t\t\t\t\t\t<figcaption class=\"widget-image-caption wp-caption-text\">Viveros Forestales en la provincia de Esmeraldas.<\/figcaption>\n\t\t\t\t\t\t\t\t\t\t<\/figure>\n\t\t\t\t\t\t\t\t\t<\/div>\n\t\t\t\t<\/div>\n\t\t\t\t\t<\/div>\n\t\t\t\t<\/div>\n\t\t<div class=\"elementor-element elementor-element-d186383 e-flex e-con-boxed e-con e-parent\" data-id=\"d186383\" data-element_type=\"container\">\n\t\t\t\t\t<div class=\"e-con-inner\">\n\t\t\t\t<div class=\"elementor-element elementor-element-ac689ae elementor-widget elementor-widget-text-editor\" data-id=\"ac689ae\" data-element_type=\"widget\" data-widget_type=\"text-editor.default\">\n\t\t\t\t<div class=\"elementor-widget-container\">\n\t\t\t\t\t\t\t\t\t<p>La Prefectura de Esmeraldas, a trav\u00e9s de la Direcci\u00f3n de Gesti\u00f3n Ambiental, ha implementado tres viveros Forestales en la provincia, con la finalidad de fomentar la recuperaci\u00f3n de espacios verdes y la conservaci\u00f3n de suelo y agua, abasteciendo a las comunidades de las 57 parroquias, ejecutando reforestaciones en las zonas rurales.<\/p><p><\/p><p>Estos invernaderos, ubicados en las parroquias <strong>Selva Alegre situado en el cant\u00f3n Eloy Alfaro; San Gegorio jurisdicci\u00f3n del cant\u00f3n Muisne y; La Uni\u00f3n del cant\u00f3n Atacames<\/strong>, permiten reforestar \u00e1reas afectadas por la contaminaci\u00f3n, miner\u00eda ilegal y deforestaci\u00f3n.<\/p><p><\/p><p>Contamos con una producci\u00f3n de 45.000 plantas de especies nativas, frutales, maderables, medicinales, ornamentales y de protecci\u00f3n. Este proyecto ha logrado que, agricultores, familias, l\u00edderes comunitarios, ni\u00f1os y j\u00f3venes, participen en las jornadas de reforestaci\u00f3n para la sostenibilidad de la conservaci\u00f3n ambiental, contribuyendo a mitigar las consecuencias del cambio clim\u00e1tico.<\/p><p><\/p><p>Con estas acciones, en la administraci\u00f3n de la Prefecta Roberta Zambrano, se ha logrado mitigar la tala indiscriminada de bosques y la miner\u00eda, reforestando m\u00e1s de 130 hectareas a lo largo de los siete cantones de la provincia de Esmeraldas.<\/p>\t\t\t\t\t\t\t\t<\/div>\n\t\t\t\t<\/div>\n\t\t\t\t\t<\/div>\n\t\t\t\t<\/div>\n\t\t\t\t<\/div>\n\t\t","protected":false},"excerpt":{"rendered":"<p>Viveros Forestales en la provincia de Esmeraldas. La Prefectura de Esmeraldas, a trav\u00e9s de la Direcci\u00f3n de Gesti\u00f3n Ambiental, ha implementado tres viveros Forestales en la provincia, con la finalidad de fomentar la recuperaci\u00f3n de espacios verdes y la conservaci\u00f3n de suelo y agua, abasteciendo a las comunidades de las 57 parroquias, ejecutando reforestaciones en [&hellip;]<\/p>\n","protected":false},"author":2,"featured_media":18052,"comment_status":"closed","ping_status":"open","sticky":false,"template":"","format":"standard","meta":{"footnotes":""},"categories":[16],"tags":[],"class_list":["post-18050","post","type-post","status-publish","format-standard","has-post-thumbnail","hentry","category-ambiental"],"yoast_head":"<!-- This site is optimized with the Yoast SEO plugin v25.7 - https:\/\/yoast.com\/wordpress\/plugins\/seo\/ -->\n<title>Viveros forestales de la Prefectura de Esmeraldas permiten la conservaci\u00f3n de las cuencas hidrogr\u00e1ficas. - Gobierno Aut\u00f3nomo Descentralizado de la Provincia de Esmeraldas<\/title>\n<meta name=\"robots\" content=\"index, follow, max-snippet:-1, max-image-preview:large, max-video-preview:-1\" \/>\n<link rel=\"canonical\" href=\"https:\/\/prefecturadeesmeraldas.gob.ec\/index.php\/2022\/08\/08\/viveros-forestales-de-la-prefectura-de-esmeraldas-permiten-la-conservacion-de-las-cuencas-hidrograficas\/\" \/>\n<meta property=\"og:locale\" content=\"es_ES\" \/>\n<meta property=\"og:type\" content=\"article\" \/>\n<meta property=\"og:title\" content=\"Viveros forestales de la Prefectura de Esmeraldas permiten la conservaci\u00f3n de las cuencas hidrogr\u00e1ficas. - Gobierno Aut\u00f3nomo Descentralizado de la Provincia de Esmeraldas\" \/>\n<meta property=\"og:description\" content=\"Viveros Forestales en la provincia de Esmeraldas. La Prefectura de Esmeraldas, a trav\u00e9s de la Direcci\u00f3n de Gesti\u00f3n Ambiental, ha implementado tres viveros Forestales en la provincia, con la finalidad de fomentar la recuperaci\u00f3n de espacios verdes y la conservaci\u00f3n de suelo y agua, abasteciendo a las comunidades de las 57 parroquias, ejecutando reforestaciones en [&hellip;]\" \/>\n<meta property=\"og:url\" content=\"https:\/\/prefecturadeesmeraldas.gob.ec\/index.php\/2022\/08\/08\/viveros-forestales-de-la-prefectura-de-esmeraldas-permiten-la-conservacion-de-las-cuencas-hidrograficas\/\" \/>\n<meta property=\"og:site_name\" content=\"Gobierno Aut\u00f3nomo Descentralizado de la Provincia de Esmeraldas\" \/>\n<meta property=\"article:publisher\" content=\"https:\/\/www.facebook.com\/PrefecturaEsmeraldas\/\" \/>\n<meta property=\"article:published_time\" content=\"2022-08-08T19:47:00+00:00\" \/>\n<meta property=\"article:modified_time\" content=\"2022-08-08T19:51:27+00:00\" \/>\n<meta property=\"og:image\" content=\"https:\/\/prefecturadeesmeraldas.gob.ec\/wp-content\/uploads\/2022\/08\/Imagen2.jpg\" \/>\n\t<meta property=\"og:image:width\" content=\"722\" \/>\n\t<meta property=\"og:image:height\" content=\"722\" \/>\n\t<meta property=\"og:image:type\" content=\"image\/jpeg\" \/>\n<meta name=\"author\" content=\"Direcci\u00f3n de Comunicaci\u00f3n\" \/>\n<meta name=\"twitter:card\" content=\"summary_large_image\" \/>\n<meta name=\"twitter:label1\" content=\"Escrito por\" \/>\n\t<meta name=\"twitter:data1\" content=\"Direcci\u00f3n de Comunicaci\u00f3n\" \/>\n\t<meta name=\"twitter:label2\" content=\"Tiempo de lectura\" \/>\n\t<meta name=\"twitter:data2\" content=\"2 minutos\" \/>\n<script type=\"application\/ld+json\" class=\"yoast-schema-graph\">{\"@context\":\"https:\/\/schema.org\",\"@graph\":[{\"@type\":\"Article\",\"@id\":\"https:\/\/prefecturadeesmeraldas.gob.ec\/index.php\/2022\/08\/08\/viveros-forestales-de-la-prefectura-de-esmeraldas-permiten-la-conservacion-de-las-cuencas-hidrograficas\/#article\",\"isPartOf\":{\"@id\":\"https:\/\/prefecturadeesmeraldas.gob.ec\/index.php\/2022\/08\/08\/viveros-forestales-de-la-prefectura-de-esmeraldas-permiten-la-conservacion-de-las-cuencas-hidrograficas\/\"},\"author\":{\"name\":\"Direcci\u00f3n de Comunicaci\u00f3n\",\"@id\":\"https:\/\/prefecturadeesmeraldas.gob.ec\/#\/schema\/person\/b0c9e7b1ead7725994d1e319e8825234\"},\"headline\":\"Viveros forestales de la Prefectura de Esmeraldas permiten la conservaci\u00f3n de las cuencas hidrogr\u00e1ficas.\",\"datePublished\":\"2022-08-08T19:47:00+00:00\",\"dateModified\":\"2022-08-08T19:51:27+00:00\",\"mainEntityOfPage\":{\"@id\":\"https:\/\/prefecturadeesmeraldas.gob.ec\/index.php\/2022\/08\/08\/viveros-forestales-de-la-prefectura-de-esmeraldas-permiten-la-conservacion-de-las-cuencas-hidrograficas\/\"},\"wordCount\":222,\"publisher\":{\"@id\":\"https:\/\/prefecturadeesmeraldas.gob.ec\/#organization\"},\"image\":{\"@id\":\"https:\/\/prefecturadeesmeraldas.gob.ec\/index.php\/2022\/08\/08\/viveros-forestales-de-la-prefectura-de-esmeraldas-permiten-la-conservacion-de-las-cuencas-hidrograficas\/#primaryimage\"},\"thumbnailUrl\":\"https:\/\/prefecturadeesmeraldas.gob.ec\/wp-content\/uploads\/2022\/08\/Imagen2.jpg\",\"articleSection\":[\"Ambiental\"],\"inLanguage\":\"es\"},{\"@type\":\"WebPage\",\"@id\":\"https:\/\/prefecturadeesmeraldas.gob.ec\/index.php\/2022\/08\/08\/viveros-forestales-de-la-prefectura-de-esmeraldas-permiten-la-conservacion-de-las-cuencas-hidrograficas\/\",\"url\":\"https:\/\/prefecturadeesmeraldas.gob.ec\/index.php\/2022\/08\/08\/viveros-forestales-de-la-prefectura-de-esmeraldas-permiten-la-conservacion-de-las-cuencas-hidrograficas\/\",\"name\":\"Viveros forestales de la Prefectura de Esmeraldas permiten la conservaci\u00f3n de las cuencas hidrogr\u00e1ficas. - Gobierno Aut\u00f3nomo Descentralizado de la Provincia de Esmeraldas\",\"isPartOf\":{\"@id\":\"https:\/\/prefecturadeesmeraldas.gob.ec\/#website\"},\"primaryImageOfPage\":{\"@id\":\"https:\/\/prefecturadeesmeraldas.gob.ec\/index.php\/2022\/08\/08\/viveros-forestales-de-la-prefectura-de-esmeraldas-permiten-la-conservacion-de-las-cuencas-hidrograficas\/#primaryimage\"},\"image\":{\"@id\":\"https:\/\/prefecturadeesmeraldas.gob.ec\/index.php\/2022\/08\/08\/viveros-forestales-de-la-prefectura-de-esmeraldas-permiten-la-conservacion-de-las-cuencas-hidrograficas\/#primaryimage\"},\"thumbnailUrl\":\"https:\/\/prefecturadeesmeraldas.gob.ec\/wp-content\/uploads\/2022\/08\/Imagen2.jpg\",\"datePublished\":\"2022-08-08T19:47:00+00:00\",\"dateModified\":\"2022-08-08T19:51:27+00:00\",\"breadcrumb\":{\"@id\":\"https:\/\/prefecturadeesmeraldas.gob.ec\/index.php\/2022\/08\/08\/viveros-forestales-de-la-prefectura-de-esmeraldas-permiten-la-conservacion-de-las-cuencas-hidrograficas\/#breadcrumb\"},\"inLanguage\":\"es\",\"potentialAction\":[{\"@type\":\"ReadAction\",\"target\":[\"https:\/\/prefecturadeesmeraldas.gob.ec\/index.php\/2022\/08\/08\/viveros-forestales-de-la-prefectura-de-esmeraldas-permiten-la-conservacion-de-las-cuencas-hidrograficas\/\"]}]},{\"@type\":\"ImageObject\",\"inLanguage\":\"es\",\"@id\":\"https:\/\/prefecturadeesmeraldas.gob.ec\/index.php\/2022\/08\/08\/viveros-forestales-de-la-prefectura-de-esmeraldas-permiten-la-conservacion-de-las-cuencas-hidrograficas\/#primaryimage\",\"url\":\"https:\/\/prefecturadeesmeraldas.gob.ec\/wp-content\/uploads\/2022\/08\/Imagen2.jpg\",\"contentUrl\":\"https:\/\/prefecturadeesmeraldas.gob.ec\/wp-content\/uploads\/2022\/08\/Imagen2.jpg\",\"width\":722,\"height\":722},{\"@type\":\"BreadcrumbList\",\"@id\":\"https:\/\/prefecturadeesmeraldas.gob.ec\/index.php\/2022\/08\/08\/viveros-forestales-de-la-prefectura-de-esmeraldas-permiten-la-conservacion-de-las-cuencas-hidrograficas\/#breadcrumb\",\"itemListElement\":[{\"@type\":\"ListItem\",\"position\":1,\"name\":\"Home\",\"item\":\"https:\/\/prefecturadeesmeraldas.gob.ec\/\"},{\"@type\":\"ListItem\",\"position\":2,\"name\":\"Viveros forestales de la Prefectura de Esmeraldas permiten la conservaci\u00f3n de las cuencas hidrogr\u00e1ficas.\"}]},{\"@type\":\"WebSite\",\"@id\":\"https:\/\/prefecturadeesmeraldas.gob.ec\/#website\",\"url\":\"https:\/\/prefecturadeesmeraldas.gob.ec\/\",\"name\":\"Gobierno Aut\u00f3nomo Descentralizado de la Provincia de Esmeraldas\",\"description\":\"Gobierno Aut\u00f3nomo Descentralizado de la Provincia de Esmeraldas\",\"publisher\":{\"@id\":\"https:\/\/prefecturadeesmeraldas.gob.ec\/#organization\"},\"potentialAction\":[{\"@type\":\"SearchAction\",\"target\":{\"@type\":\"EntryPoint\",\"urlTemplate\":\"https:\/\/prefecturadeesmeraldas.gob.ec\/?s={search_term_string}\"},\"query-input\":{\"@type\":\"PropertyValueSpecification\",\"valueRequired\":true,\"valueName\":\"search_term_string\"}}],\"inLanguage\":\"es\"},{\"@type\":\"Organization\",\"@id\":\"https:\/\/prefecturadeesmeraldas.gob.ec\/#organization\",\"name\":\"Gobierno Aut\u00f3nomo Descentralizado de la Provincia de Esmeraldas\",\"url\":\"https:\/\/prefecturadeesmeraldas.gob.ec\/\",\"logo\":{\"@type\":\"ImageObject\",\"inLanguage\":\"es\",\"@id\":\"https:\/\/prefecturadeesmeraldas.gob.ec\/#\/schema\/logo\/image\/\",\"url\":\"https:\/\/prefecturadeesmeraldas.gob.ec\/wp-content\/uploads\/2019\/06\/logo.png\",\"contentUrl\":\"https:\/\/prefecturadeesmeraldas.gob.ec\/wp-content\/uploads\/2019\/06\/logo.png\",\"width\":859,\"height\":448,\"caption\":\"Gobierno Aut\u00f3nomo Descentralizado de la Provincia de Esmeraldas\"},\"image\":{\"@id\":\"https:\/\/prefecturadeesmeraldas.gob.ec\/#\/schema\/logo\/image\/\"},\"sameAs\":[\"https:\/\/www.facebook.com\/PrefecturaEsmeraldas\/\"]},{\"@type\":\"Person\",\"@id\":\"https:\/\/prefecturadeesmeraldas.gob.ec\/#\/schema\/person\/b0c9e7b1ead7725994d1e319e8825234\",\"name\":\"Direcci\u00f3n de Comunicaci\u00f3n\",\"image\":{\"@type\":\"ImageObject\",\"inLanguage\":\"es\",\"@id\":\"https:\/\/prefecturadeesmeraldas.gob.ec\/#\/schema\/person\/image\/\",\"url\":\"https:\/\/secure.gravatar.com\/avatar\/74a3870a946f5d774ade3569af61a72308e07ad3346f370c4b468ee2a9858658?s=96&d=mm&r=g\",\"contentUrl\":\"https:\/\/secure.gravatar.com\/avatar\/74a3870a946f5d774ade3569af61a72308e07ad3346f370c4b468ee2a9858658?s=96&d=mm&r=g\",\"caption\":\"Direcci\u00f3n de Comunicaci\u00f3n\"}}]}<\/script>\n<!-- \/ Yoast SEO plugin. -->","yoast_head_json":{"title":"Viveros forestales de la Prefectura de Esmeraldas permiten la conservaci\u00f3n de las cuencas hidrogr\u00e1ficas. - Gobierno Aut\u00f3nomo Descentralizado de la Provincia de Esmeraldas","robots":{"index":"index","follow":"follow","max-snippet":"max-snippet:-1","max-image-preview":"max-image-preview:large","max-video-preview":"max-video-preview:-1"},"canonical":"https:\/\/prefecturadeesmeraldas.gob.ec\/index.php\/2022\/08\/08\/viveros-forestales-de-la-prefectura-de-esmeraldas-permiten-la-conservacion-de-las-cuencas-hidrograficas\/","og_locale":"es_ES","og_type":"article","og_title":"Viveros forestales de la Prefectura de Esmeraldas permiten la conservaci\u00f3n de las cuencas hidrogr\u00e1ficas. - Gobierno Aut\u00f3nomo Descentralizado de la Provincia de Esmeraldas","og_description":"Viveros Forestales en la provincia de Esmeraldas. La Prefectura de Esmeraldas, a trav\u00e9s de la Direcci\u00f3n de Gesti\u00f3n Ambiental, ha implementado tres viveros Forestales en la provincia, con la finalidad de fomentar la recuperaci\u00f3n de espacios verdes y la conservaci\u00f3n de suelo y agua, abasteciendo a las comunidades de las 57 parroquias, ejecutando reforestaciones en [&hellip;]","og_url":"https:\/\/prefecturadeesmeraldas.gob.ec\/index.php\/2022\/08\/08\/viveros-forestales-de-la-prefectura-de-esmeraldas-permiten-la-conservacion-de-las-cuencas-hidrograficas\/","og_site_name":"Gobierno Aut\u00f3nomo Descentralizado de la Provincia de Esmeraldas","article_publisher":"https:\/\/www.facebook.com\/PrefecturaEsmeraldas\/","article_published_time":"2022-08-08T19:47:00+00:00","article_modified_time":"2022-08-08T19:51:27+00:00","og_image":[{"width":722,"height":722,"url":"https:\/\/prefecturadeesmeraldas.gob.ec\/wp-content\/uploads\/2022\/08\/Imagen2.jpg","type":"image\/jpeg"}],"author":"Direcci\u00f3n de Comunicaci\u00f3n","twitter_card":"summary_large_image","twitter_misc":{"Escrito por":"Direcci\u00f3n de Comunicaci\u00f3n","Tiempo de lectura":"2 minutos"},"schema":{"@context":"https:\/\/schema.org","@graph":[{"@type":"Article","@id":"https:\/\/prefecturadeesmeraldas.gob.ec\/index.php\/2022\/08\/08\/viveros-forestales-de-la-prefectura-de-esmeraldas-permiten-la-conservacion-de-las-cuencas-hidrograficas\/#article","isPartOf":{"@id":"https:\/\/prefecturadeesmeraldas.gob.ec\/index.php\/2022\/08\/08\/viveros-forestales-de-la-prefectura-de-esmeraldas-permiten-la-conservacion-de-las-cuencas-hidrograficas\/"},"author":{"name":"Direcci\u00f3n de Comunicaci\u00f3n","@id":"https:\/\/prefecturadeesmeraldas.gob.ec\/#\/schema\/person\/b0c9e7b1ead7725994d1e319e8825234"},"headline":"Viveros forestales de la Prefectura de Esmeraldas permiten la conservaci\u00f3n de las cuencas hidrogr\u00e1ficas.","datePublished":"2022-08-08T19:47:00+00:00","dateModified":"2022-08-08T19:51:27+00:00","mainEntityOfPage":{"@id":"https:\/\/prefecturadeesmeraldas.gob.ec\/index.php\/2022\/08\/08\/viveros-forestales-de-la-prefectura-de-esmeraldas-permiten-la-conservacion-de-las-cuencas-hidrograficas\/"},"wordCount":222,"publisher":{"@id":"https:\/\/prefecturadeesmeraldas.gob.ec\/#organization"},"image":{"@id":"https:\/\/prefecturadeesmeraldas.gob.ec\/index.php\/2022\/08\/08\/viveros-forestales-de-la-prefectura-de-esmeraldas-permiten-la-conservacion-de-las-cuencas-hidrograficas\/#primaryimage"},"thumbnailUrl":"https:\/\/prefecturadeesmeraldas.gob.ec\/wp-content\/uploads\/2022\/08\/Imagen2.jpg","articleSection":["Ambiental"],"inLanguage":"es"},{"@type":"WebPage","@id":"https:\/\/prefecturadeesmeraldas.gob.ec\/index.php\/2022\/08\/08\/viveros-forestales-de-la-prefectura-de-esmeraldas-permiten-la-conservacion-de-las-cuencas-hidrograficas\/","url":"https:\/\/prefecturadeesmeraldas.gob.ec\/index.php\/2022\/08\/08\/viveros-forestales-de-la-prefectura-de-esmeraldas-permiten-la-conservacion-de-las-cuencas-hidrograficas\/","name":"Viveros forestales de la Prefectura de Esmeraldas permiten la conservaci\u00f3n de las cuencas hidrogr\u00e1ficas. - Gobierno Aut\u00f3nomo Descentralizado de la Provincia de Esmeraldas","isPartOf":{"@id":"https:\/\/prefecturadeesmeraldas.gob.ec\/#website"},"primaryImageOfPage":{"@id":"https:\/\/prefecturadeesmeraldas.gob.ec\/index.php\/2022\/08\/08\/viveros-forestales-de-la-prefectura-de-esmeraldas-permiten-la-conservacion-de-las-cuencas-hidrograficas\/#primaryimage"},"image":{"@id":"https:\/\/prefecturadeesmeraldas.gob.ec\/index.php\/2022\/08\/08\/viveros-forestales-de-la-prefectura-de-esmeraldas-permiten-la-conservacion-de-las-cuencas-hidrograficas\/#primaryimage"},"thumbnailUrl":"https:\/\/prefecturadeesmeraldas.gob.ec\/wp-content\/uploads\/2022\/08\/Imagen2.jpg","datePublished":"2022-08-08T19:47:00+00:00","dateModified":"2022-08-08T19:51:27+00:00","breadcrumb":{"@id":"https:\/\/prefecturadeesmeraldas.gob.ec\/index.php\/2022\/08\/08\/viveros-forestales-de-la-prefectura-de-esmeraldas-permiten-la-conservacion-de-las-cuencas-hidrograficas\/#breadcrumb"},"inLanguage":"es","potentialAction":[{"@type":"ReadAction","target":["https:\/\/prefecturadeesmeraldas.gob.ec\/index.php\/2022\/08\/08\/viveros-forestales-de-la-prefectura-de-esmeraldas-permiten-la-conservacion-de-las-cuencas-hidrograficas\/"]}]},{"@type":"ImageObject","inLanguage":"es","@id":"https:\/\/prefecturadeesmeraldas.gob.ec\/index.php\/2022\/08\/08\/viveros-forestales-de-la-prefectura-de-esmeraldas-permiten-la-conservacion-de-las-cuencas-hidrograficas\/#primaryimage","url":"https:\/\/prefecturadeesmeraldas.gob.ec\/wp-content\/uploads\/2022\/08\/Imagen2.jpg","contentUrl":"https:\/\/prefecturadeesmeraldas.gob.ec\/wp-content\/uploads\/2022\/08\/Imagen2.jpg","width":722,"height":722},{"@type":"BreadcrumbList","@id":"https:\/\/prefecturadeesmeraldas.gob.ec\/index.php\/2022\/08\/08\/viveros-forestales-de-la-prefectura-de-esmeraldas-permiten-la-conservacion-de-las-cuencas-hidrograficas\/#breadcrumb","itemListElement":[{"@type":"ListItem","position":1,"name":"Home","item":"https:\/\/prefecturadeesmeraldas.gob.ec\/"},{"@type":"ListItem","position":2,"name":"Viveros forestales de la Prefectura de Esmeraldas permiten la conservaci\u00f3n de las cuencas hidrogr\u00e1ficas."}]},{"@type":"WebSite","@id":"https:\/\/prefecturadeesmeraldas.gob.ec\/#website","url":"https:\/\/prefecturadeesmeraldas.gob.ec\/","name":"Gobierno Aut\u00f3nomo Descentralizado de la Provincia de Esmeraldas","description":"Gobierno Aut\u00f3nomo Descentralizado de la Provincia de Esmeraldas","publisher":{"@id":"https:\/\/prefecturadeesmeraldas.gob.ec\/#organization"},"potentialAction":[{"@type":"SearchAction","target":{"@type":"EntryPoint","urlTemplate":"https:\/\/prefecturadeesmeraldas.gob.ec\/?s={search_term_string}"},"query-input":{"@type":"PropertyValueSpecification","valueRequired":true,"valueName":"search_term_string"}}],"inLanguage":"es"},{"@type":"Organization","@id":"https:\/\/prefecturadeesmeraldas.gob.ec\/#organization","name":"Gobierno Aut\u00f3nomo Descentralizado de la Provincia de Esmeraldas","url":"https:\/\/prefecturadeesmeraldas.gob.ec\/","logo":{"@type":"ImageObject","inLanguage":"es","@id":"https:\/\/prefecturadeesmeraldas.gob.ec\/#\/schema\/logo\/image\/","url":"https:\/\/prefecturadeesmeraldas.gob.ec\/wp-content\/uploads\/2019\/06\/logo.png","contentUrl":"https:\/\/prefecturadeesmeraldas.gob.ec\/wp-content\/uploads\/2019\/06\/logo.png","width":859,"height":448,"caption":"Gobierno Aut\u00f3nomo Descentralizado de la Provincia de Esmeraldas"},"image":{"@id":"https:\/\/prefecturadeesmeraldas.gob.ec\/#\/schema\/logo\/image\/"},"sameAs":["https:\/\/www.facebook.com\/PrefecturaEsmeraldas\/"]},{"@type":"Person","@id":"https:\/\/prefecturadeesmeraldas.gob.ec\/#\/schema\/person\/b0c9e7b1ead7725994d1e319e8825234","name":"Direcci\u00f3n de Comunicaci\u00f3n","image":{"@type":"ImageObject","inLanguage":"es","@id":"https:\/\/prefecturadeesmeraldas.gob.ec\/#\/schema\/person\/image\/","url":"https:\/\/secure.gravatar.com\/avatar\/74a3870a946f5d774ade3569af61a72308e07ad3346f370c4b468ee2a9858658?s=96&d=mm&r=g","contentUrl":"https:\/\/secure.gravatar.com\/avatar\/74a3870a946f5d774ade3569af61a72308e07ad3346f370c4b468ee2a9858658?s=96&d=mm&r=g","caption":"Direcci\u00f3n de Comunicaci\u00f3n"}}]}},"_links":{"self":[{"href":"https:\/\/prefecturadeesmeraldas.gob.ec\/index.php\/wp-json\/wp\/v2\/posts\/18050","targetHints":{"allow":["GET"]}}],"collection":[{"href":"https:\/\/prefecturadeesmeraldas.gob.ec\/index.php\/wp-json\/wp\/v2\/posts"}],"about":[{"href":"https:\/\/prefecturadeesmeraldas.gob.ec\/index.php\/wp-json\/wp\/v2\/types\/post"}],"author":[{"embeddable":true,"href":"https:\/\/prefecturadeesmeraldas.gob.ec\/index.php\/wp-json\/wp\/v2\/users\/2"}],"replies":[{"embeddable":true,"href":"https:\/\/prefecturadeesmeraldas.gob.ec\/index.php\/wp-json\/wp\/v2\/comments?post=18050"}],"version-history":[{"count":0,"href":"https:\/\/prefecturadeesmeraldas.gob.ec\/index.php\/wp-json\/wp\/v2\/posts\/18050\/revisions"}],"wp:featuredmedia":[{"embeddable":true,"href":"https:\/\/prefecturadeesmeraldas.gob.ec\/index.php\/wp-json\/wp\/v2\/media\/18052"}],"wp:attachment":[{"href":"https:\/\/prefecturadeesmeraldas.gob.ec\/index.php\/wp-json\/wp\/v2\/media?parent=18050"}],"wp:term":[{"taxonomy":"category","embeddable":true,"href":"https:\/\/prefecturadeesmeraldas.gob.ec\/index.php\/wp-json\/wp\/v2\/categories?post=18050"},{"taxonomy":"post_tag","embeddable":true,"href":"https:\/\/prefecturadeesmeraldas.gob.ec\/index.php\/wp-json\/wp\/v2\/tags?post=18050"}],"curies":[{"name":"wp","href":"https:\/\/api.w.org\/{rel}","templated":true}]}}