{"id":17840,"date":"2022-07-14T15:11:18","date_gmt":"2022-07-14T20:11:18","guid":{"rendered":"https:\/\/prefecturadeesmeraldas.gob.ec\/?p=17840"},"modified":"2022-07-14T15:15:38","modified_gmt":"2022-07-14T20:15:38","slug":"esperamos-mas-de-50-anos-una-carretera-asfaltada-y-hoy-gracias-a-roberta-zambrano-ya-la-tenemos","status":"publish","type":"post","link":"https:\/\/prefecturadeesmeraldas.gob.ec\/index.php\/2022\/07\/14\/esperamos-mas-de-50-anos-una-carretera-asfaltada-y-hoy-gracias-a-roberta-zambrano-ya-la-tenemos\/","title":{"rendered":"\u201cEsperamos m\u00e1s de 50 a\u00f1os una carretera asfaltada, y hoy, gracias a Roberta Zambrano, ya la tenemos\u201d"},"content":{"rendered":"\t\t<div data-elementor-type=\"wp-post\" data-elementor-id=\"17840\" class=\"elementor elementor-17840\">\n\t\t\t\t<div class=\"elementor-element elementor-element-3393315 e-flex e-con-boxed e-con e-parent\" data-id=\"3393315\" data-element_type=\"container\">\n\t\t\t\t\t<div class=\"e-con-inner\">\n\t\t\t\t<div class=\"elementor-element elementor-element-5fbdeae elementor-widget elementor-widget-image\" data-id=\"5fbdeae\" data-element_type=\"widget\" data-widget_type=\"image.default\">\n\t\t\t\t<div class=\"elementor-widget-container\">\n\t\t\t\t\t\t\t\t\t\t\t\t<figure class=\"wp-caption\">\n\t\t\t\t\t\t\t\t\t\t<img fetchpriority=\"high\" decoding=\"async\" width=\"566\" height=\"566\" src=\"https:\/\/prefecturadeesmeraldas.gob.ec\/wp-content\/uploads\/2022\/07\/BOLETIN-0586....jpg\" class=\"attachment-large size-large wp-image-17817\" alt=\"\" srcset=\"https:\/\/prefecturadeesmeraldas.gob.ec\/wp-content\/uploads\/2022\/07\/BOLETIN-0586....jpg 566w, https:\/\/prefecturadeesmeraldas.gob.ec\/wp-content\/uploads\/2022\/07\/BOLETIN-0586...-240x240.jpg 240w, https:\/\/prefecturadeesmeraldas.gob.ec\/wp-content\/uploads\/2022\/07\/BOLETIN-0586...-300x300.jpg 300w, https:\/\/prefecturadeesmeraldas.gob.ec\/wp-content\/uploads\/2022\/07\/BOLETIN-0586...-150x150.jpg 150w, https:\/\/prefecturadeesmeraldas.gob.ec\/wp-content\/uploads\/2022\/07\/BOLETIN-0586...-160x160.jpg 160w\" sizes=\"(max-width: 566px) 100vw, 566px\" \/>\t\t\t\t\t\t\t\t\t\t\t<figcaption class=\"widget-image-caption wp-caption-text\">V\u00eda E15 -Daule del cant\u00f3n Muisne<\/figcaption>\n\t\t\t\t\t\t\t\t\t\t<\/figure>\n\t\t\t\t\t\t\t\t\t<\/div>\n\t\t\t\t<\/div>\n\t\t\t\t\t<\/div>\n\t\t\t\t<\/div>\n\t\t<div class=\"elementor-element elementor-element-d070396 e-flex e-con-boxed e-con e-parent\" data-id=\"d070396\" data-element_type=\"container\">\n\t\t\t\t\t<div class=\"e-con-inner\">\n\t\t\t\t<div class=\"elementor-element elementor-element-b5e2471 elementor-widget elementor-widget-text-editor\" data-id=\"b5e2471\" data-element_type=\"widget\" data-widget_type=\"text-editor.default\">\n\t\t\t\t<div class=\"elementor-widget-container\">\n\t\t\t\t\t\t\t\t\t<p>Con su mirada radiante, pese a su avanzada edad, V\u00edctor Cagua, uno de los habitantes m\u00e1s antiguos de la parroquia Daule, en el cant\u00f3n Muisne, dice que la historia de esa comunidad ha cambiado para siempre, gracia a Roberta Zambrano.<\/p><p>Es que hace m\u00e1s de 50 a\u00f1os lleg\u00f3 a vivir a Daule, procedente de su natal Manab\u00ed y desde que tiene uso de raz\u00f3n, siempre anhelaron en esa comunidad, que se les construyera la v\u00eda de acceso al balneario, pero siempre fueron enga\u00f1ados, una y otra vez por las autoridades de turno.<\/p><p>Agrega que, inclusive, estaban dispuestos a hablar con el presidente de la Rep\u00fablica, cuando lleg\u00f3 Roberta Zambrano a la comunidad y ofreci\u00f3 construirles la carretera. \u201c<strong>Al principio no cre\u00edmos porque todos los anteriores administradores de la Prefectura nos mintieron, pero hoy, me siento orgulloso de mi comunidad y de mi Prefecta Roberta Zambrano, porque ella s\u00ed cumple y no miente<\/strong>\u201d, dijo.<\/p><p>F\u00e1tima Gracia, otra de las moradoras de Daule, se refiere casi en los mismos t\u00e9rminos al afirmar que todos los pol\u00edticos anteriores los enga\u00f1aron. Agrega que, <strong>Roberta Zambrano<\/strong> \u201cle tap\u00f3 la boca\u201d, haciendo referencia a que hab\u00edan perdido las esperanzas de tener una carretera asfaltada. \u201cRoberta es una mujer de palabra, lo ha demostrado con hechos y tiene todo nuestro respaldo para que siga adelante\u201d, expres\u00f3.<\/p><p>Marco Hern\u00e1ndez, un joven comunero de Daule, destaca la obra de la Prefectura y agrega qu\u00e9, una mujer como Roberta Zambrano, les est\u00e1 ensa\u00f1ando que no es necesario mentir para hacer pol\u00edtica. \u201c<strong>Roberta Zambrano es una mujer que cumple, todos en esta comunidad pens\u00e1bamos que otra vez nos estaban enga\u00f1ando, pero ella nos demostr\u00f3 que es una mujer de palabra<\/strong>\u201d, dijo.<\/p>\t\t\t\t\t\t\t\t<\/div>\n\t\t\t\t<\/div>\n\t\t\t\t\t<\/div>\n\t\t\t\t<\/div>\n\t\t\t\t<\/div>\n\t\t","protected":false},"excerpt":{"rendered":"<p>V\u00eda E15 -Daule del cant\u00f3n Muisne Con su mirada radiante, pese a su avanzada edad, V\u00edctor Cagua, uno de los habitantes m\u00e1s antiguos de la parroquia Daule, en el cant\u00f3n Muisne, dice que la historia de esa comunidad ha cambiado para siempre, gracia a Roberta Zambrano. Es que hace m\u00e1s de 50 a\u00f1os lleg\u00f3 a [&hellip;]<\/p>\n","protected":false},"author":2,"featured_media":17817,"comment_status":"closed","ping_status":"open","sticky":false,"template":"","format":"standard","meta":{"footnotes":""},"categories":[14],"tags":[],"class_list":["post-17840","post","type-post","status-publish","format-standard","has-post-thumbnail","hentry","category-vialidad"],"yoast_head":"<!-- This site is optimized with the Yoast SEO plugin v25.7 - https:\/\/yoast.com\/wordpress\/plugins\/seo\/ -->\n<title>\u201cEsperamos m\u00e1s de 50 a\u00f1os una carretera asfaltada, y hoy, gracias a Roberta Zambrano, ya la tenemos\u201d - Gobierno Aut\u00f3nomo Descentralizado de la Provincia de Esmeraldas<\/title>\n<meta name=\"robots\" content=\"index, follow, max-snippet:-1, max-image-preview:large, max-video-preview:-1\" \/>\n<link rel=\"canonical\" href=\"https:\/\/prefecturadeesmeraldas.gob.ec\/index.php\/2022\/07\/14\/esperamos-mas-de-50-anos-una-carretera-asfaltada-y-hoy-gracias-a-roberta-zambrano-ya-la-tenemos\/\" \/>\n<meta property=\"og:locale\" content=\"es_ES\" \/>\n<meta property=\"og:type\" content=\"article\" \/>\n<meta property=\"og:title\" content=\"\u201cEsperamos m\u00e1s de 50 a\u00f1os una carretera asfaltada, y hoy, gracias a Roberta Zambrano, ya la tenemos\u201d - Gobierno Aut\u00f3nomo Descentralizado de la Provincia de Esmeraldas\" \/>\n<meta property=\"og:description\" content=\"V\u00eda E15 -Daule del cant\u00f3n Muisne Con su mirada radiante, pese a su avanzada edad, V\u00edctor Cagua, uno de los habitantes m\u00e1s antiguos de la parroquia Daule, en el cant\u00f3n Muisne, dice que la historia de esa comunidad ha cambiado para siempre, gracia a Roberta Zambrano. Es que hace m\u00e1s de 50 a\u00f1os lleg\u00f3 a [&hellip;]\" \/>\n<meta property=\"og:url\" content=\"https:\/\/prefecturadeesmeraldas.gob.ec\/index.php\/2022\/07\/14\/esperamos-mas-de-50-anos-una-carretera-asfaltada-y-hoy-gracias-a-roberta-zambrano-ya-la-tenemos\/\" \/>\n<meta property=\"og:site_name\" content=\"Gobierno Aut\u00f3nomo Descentralizado de la Provincia de Esmeraldas\" \/>\n<meta property=\"article:publisher\" content=\"https:\/\/www.facebook.com\/PrefecturaEsmeraldas\/\" \/>\n<meta property=\"article:published_time\" content=\"2022-07-14T20:11:18+00:00\" \/>\n<meta property=\"article:modified_time\" content=\"2022-07-14T20:15:38+00:00\" \/>\n<meta property=\"og:image\" content=\"https:\/\/prefecturadeesmeraldas.gob.ec\/wp-content\/uploads\/2022\/07\/BOLETIN-0586....jpg\" \/>\n\t<meta property=\"og:image:width\" content=\"566\" \/>\n\t<meta property=\"og:image:height\" content=\"566\" \/>\n\t<meta property=\"og:image:type\" content=\"image\/jpeg\" \/>\n<meta name=\"author\" content=\"Direcci\u00f3n de Comunicaci\u00f3n\" \/>\n<meta name=\"twitter:card\" content=\"summary_large_image\" \/>\n<meta name=\"twitter:label1\" content=\"Escrito por\" \/>\n\t<meta name=\"twitter:data1\" content=\"Direcci\u00f3n de Comunicaci\u00f3n\" \/>\n\t<meta name=\"twitter:label2\" content=\"Tiempo de lectura\" \/>\n\t<meta name=\"twitter:data2\" content=\"2 minutos\" \/>\n<script type=\"application\/ld+json\" class=\"yoast-schema-graph\">{\"@context\":\"https:\/\/schema.org\",\"@graph\":[{\"@type\":\"Article\",\"@id\":\"https:\/\/prefecturadeesmeraldas.gob.ec\/index.php\/2022\/07\/14\/esperamos-mas-de-50-anos-una-carretera-asfaltada-y-hoy-gracias-a-roberta-zambrano-ya-la-tenemos\/#article\",\"isPartOf\":{\"@id\":\"https:\/\/prefecturadeesmeraldas.gob.ec\/index.php\/2022\/07\/14\/esperamos-mas-de-50-anos-una-carretera-asfaltada-y-hoy-gracias-a-roberta-zambrano-ya-la-tenemos\/\"},\"author\":{\"name\":\"Direcci\u00f3n de Comunicaci\u00f3n\",\"@id\":\"https:\/\/prefecturadeesmeraldas.gob.ec\/#\/schema\/person\/b0c9e7b1ead7725994d1e319e8825234\"},\"headline\":\"\u201cEsperamos m\u00e1s de 50 a\u00f1os una carretera asfaltada, y hoy, gracias a Roberta Zambrano, ya la tenemos\u201d\",\"datePublished\":\"2022-07-14T20:11:18+00:00\",\"dateModified\":\"2022-07-14T20:15:38+00:00\",\"mainEntityOfPage\":{\"@id\":\"https:\/\/prefecturadeesmeraldas.gob.ec\/index.php\/2022\/07\/14\/esperamos-mas-de-50-anos-una-carretera-asfaltada-y-hoy-gracias-a-roberta-zambrano-ya-la-tenemos\/\"},\"wordCount\":325,\"publisher\":{\"@id\":\"https:\/\/prefecturadeesmeraldas.gob.ec\/#organization\"},\"image\":{\"@id\":\"https:\/\/prefecturadeesmeraldas.gob.ec\/index.php\/2022\/07\/14\/esperamos-mas-de-50-anos-una-carretera-asfaltada-y-hoy-gracias-a-roberta-zambrano-ya-la-tenemos\/#primaryimage\"},\"thumbnailUrl\":\"https:\/\/prefecturadeesmeraldas.gob.ec\/wp-content\/uploads\/2022\/07\/BOLETIN-0586....jpg\",\"articleSection\":[\"Vialidad\"],\"inLanguage\":\"es\"},{\"@type\":\"WebPage\",\"@id\":\"https:\/\/prefecturadeesmeraldas.gob.ec\/index.php\/2022\/07\/14\/esperamos-mas-de-50-anos-una-carretera-asfaltada-y-hoy-gracias-a-roberta-zambrano-ya-la-tenemos\/\",\"url\":\"https:\/\/prefecturadeesmeraldas.gob.ec\/index.php\/2022\/07\/14\/esperamos-mas-de-50-anos-una-carretera-asfaltada-y-hoy-gracias-a-roberta-zambrano-ya-la-tenemos\/\",\"name\":\"\u201cEsperamos m\u00e1s de 50 a\u00f1os una carretera asfaltada, y hoy, gracias a Roberta Zambrano, ya la tenemos\u201d - Gobierno Aut\u00f3nomo Descentralizado de la Provincia de Esmeraldas\",\"isPartOf\":{\"@id\":\"https:\/\/prefecturadeesmeraldas.gob.ec\/#website\"},\"primaryImageOfPage\":{\"@id\":\"https:\/\/prefecturadeesmeraldas.gob.ec\/index.php\/2022\/07\/14\/esperamos-mas-de-50-anos-una-carretera-asfaltada-y-hoy-gracias-a-roberta-zambrano-ya-la-tenemos\/#primaryimage\"},\"image\":{\"@id\":\"https:\/\/prefecturadeesmeraldas.gob.ec\/index.php\/2022\/07\/14\/esperamos-mas-de-50-anos-una-carretera-asfaltada-y-hoy-gracias-a-roberta-zambrano-ya-la-tenemos\/#primaryimage\"},\"thumbnailUrl\":\"https:\/\/prefecturadeesmeraldas.gob.ec\/wp-content\/uploads\/2022\/07\/BOLETIN-0586....jpg\",\"datePublished\":\"2022-07-14T20:11:18+00:00\",\"dateModified\":\"2022-07-14T20:15:38+00:00\",\"breadcrumb\":{\"@id\":\"https:\/\/prefecturadeesmeraldas.gob.ec\/index.php\/2022\/07\/14\/esperamos-mas-de-50-anos-una-carretera-asfaltada-y-hoy-gracias-a-roberta-zambrano-ya-la-tenemos\/#breadcrumb\"},\"inLanguage\":\"es\",\"potentialAction\":[{\"@type\":\"ReadAction\",\"target\":[\"https:\/\/prefecturadeesmeraldas.gob.ec\/index.php\/2022\/07\/14\/esperamos-mas-de-50-anos-una-carretera-asfaltada-y-hoy-gracias-a-roberta-zambrano-ya-la-tenemos\/\"]}]},{\"@type\":\"ImageObject\",\"inLanguage\":\"es\",\"@id\":\"https:\/\/prefecturadeesmeraldas.gob.ec\/index.php\/2022\/07\/14\/esperamos-mas-de-50-anos-una-carretera-asfaltada-y-hoy-gracias-a-roberta-zambrano-ya-la-tenemos\/#primaryimage\",\"url\":\"https:\/\/prefecturadeesmeraldas.gob.ec\/wp-content\/uploads\/2022\/07\/BOLETIN-0586....jpg\",\"contentUrl\":\"https:\/\/prefecturadeesmeraldas.gob.ec\/wp-content\/uploads\/2022\/07\/BOLETIN-0586....jpg\",\"width\":566,\"height\":566},{\"@type\":\"BreadcrumbList\",\"@id\":\"https:\/\/prefecturadeesmeraldas.gob.ec\/index.php\/2022\/07\/14\/esperamos-mas-de-50-anos-una-carretera-asfaltada-y-hoy-gracias-a-roberta-zambrano-ya-la-tenemos\/#breadcrumb\",\"itemListElement\":[{\"@type\":\"ListItem\",\"position\":1,\"name\":\"Home\",\"item\":\"https:\/\/prefecturadeesmeraldas.gob.ec\/\"},{\"@type\":\"ListItem\",\"position\":2,\"name\":\"\u201cEsperamos m\u00e1s de 50 a\u00f1os una carretera asfaltada, y hoy, gracias a Roberta Zambrano, ya la tenemos\u201d\"}]},{\"@type\":\"WebSite\",\"@id\":\"https:\/\/prefecturadeesmeraldas.gob.ec\/#website\",\"url\":\"https:\/\/prefecturadeesmeraldas.gob.ec\/\",\"name\":\"Gobierno Aut\u00f3nomo Descentralizado de la Provincia de Esmeraldas\",\"description\":\"Gobierno Aut\u00f3nomo Descentralizado de la Provincia de Esmeraldas\",\"publisher\":{\"@id\":\"https:\/\/prefecturadeesmeraldas.gob.ec\/#organization\"},\"potentialAction\":[{\"@type\":\"SearchAction\",\"target\":{\"@type\":\"EntryPoint\",\"urlTemplate\":\"https:\/\/prefecturadeesmeraldas.gob.ec\/?s={search_term_string}\"},\"query-input\":{\"@type\":\"PropertyValueSpecification\",\"valueRequired\":true,\"valueName\":\"search_term_string\"}}],\"inLanguage\":\"es\"},{\"@type\":\"Organization\",\"@id\":\"https:\/\/prefecturadeesmeraldas.gob.ec\/#organization\",\"name\":\"Gobierno Aut\u00f3nomo Descentralizado de la Provincia de Esmeraldas\",\"url\":\"https:\/\/prefecturadeesmeraldas.gob.ec\/\",\"logo\":{\"@type\":\"ImageObject\",\"inLanguage\":\"es\",\"@id\":\"https:\/\/prefecturadeesmeraldas.gob.ec\/#\/schema\/logo\/image\/\",\"url\":\"https:\/\/prefecturadeesmeraldas.gob.ec\/wp-content\/uploads\/2019\/06\/logo.png\",\"contentUrl\":\"https:\/\/prefecturadeesmeraldas.gob.ec\/wp-content\/uploads\/2019\/06\/logo.png\",\"width\":859,\"height\":448,\"caption\":\"Gobierno Aut\u00f3nomo Descentralizado de la Provincia de Esmeraldas\"},\"image\":{\"@id\":\"https:\/\/prefecturadeesmeraldas.gob.ec\/#\/schema\/logo\/image\/\"},\"sameAs\":[\"https:\/\/www.facebook.com\/PrefecturaEsmeraldas\/\"]},{\"@type\":\"Person\",\"@id\":\"https:\/\/prefecturadeesmeraldas.gob.ec\/#\/schema\/person\/b0c9e7b1ead7725994d1e319e8825234\",\"name\":\"Direcci\u00f3n de Comunicaci\u00f3n\",\"image\":{\"@type\":\"ImageObject\",\"inLanguage\":\"es\",\"@id\":\"https:\/\/prefecturadeesmeraldas.gob.ec\/#\/schema\/person\/image\/\",\"url\":\"https:\/\/secure.gravatar.com\/avatar\/74a3870a946f5d774ade3569af61a72308e07ad3346f370c4b468ee2a9858658?s=96&d=mm&r=g\",\"contentUrl\":\"https:\/\/secure.gravatar.com\/avatar\/74a3870a946f5d774ade3569af61a72308e07ad3346f370c4b468ee2a9858658?s=96&d=mm&r=g\",\"caption\":\"Direcci\u00f3n de Comunicaci\u00f3n\"}}]}<\/script>\n<!-- \/ Yoast SEO plugin. -->","yoast_head_json":{"title":"\u201cEsperamos m\u00e1s de 50 a\u00f1os una carretera asfaltada, y hoy, gracias a Roberta Zambrano, ya la tenemos\u201d - Gobierno Aut\u00f3nomo Descentralizado de la Provincia de Esmeraldas","robots":{"index":"index","follow":"follow","max-snippet":"max-snippet:-1","max-image-preview":"max-image-preview:large","max-video-preview":"max-video-preview:-1"},"canonical":"https:\/\/prefecturadeesmeraldas.gob.ec\/index.php\/2022\/07\/14\/esperamos-mas-de-50-anos-una-carretera-asfaltada-y-hoy-gracias-a-roberta-zambrano-ya-la-tenemos\/","og_locale":"es_ES","og_type":"article","og_title":"\u201cEsperamos m\u00e1s de 50 a\u00f1os una carretera asfaltada, y hoy, gracias a Roberta Zambrano, ya la tenemos\u201d - Gobierno Aut\u00f3nomo Descentralizado de la Provincia de Esmeraldas","og_description":"V\u00eda E15 -Daule del cant\u00f3n Muisne Con su mirada radiante, pese a su avanzada edad, V\u00edctor Cagua, uno de los habitantes m\u00e1s antiguos de la parroquia Daule, en el cant\u00f3n Muisne, dice que la historia de esa comunidad ha cambiado para siempre, gracia a Roberta Zambrano. Es que hace m\u00e1s de 50 a\u00f1os lleg\u00f3 a [&hellip;]","og_url":"https:\/\/prefecturadeesmeraldas.gob.ec\/index.php\/2022\/07\/14\/esperamos-mas-de-50-anos-una-carretera-asfaltada-y-hoy-gracias-a-roberta-zambrano-ya-la-tenemos\/","og_site_name":"Gobierno Aut\u00f3nomo Descentralizado de la Provincia de Esmeraldas","article_publisher":"https:\/\/www.facebook.com\/PrefecturaEsmeraldas\/","article_published_time":"2022-07-14T20:11:18+00:00","article_modified_time":"2022-07-14T20:15:38+00:00","og_image":[{"width":566,"height":566,"url":"https:\/\/prefecturadeesmeraldas.gob.ec\/wp-content\/uploads\/2022\/07\/BOLETIN-0586....jpg","type":"image\/jpeg"}],"author":"Direcci\u00f3n de Comunicaci\u00f3n","twitter_card":"summary_large_image","twitter_misc":{"Escrito por":"Direcci\u00f3n de Comunicaci\u00f3n","Tiempo de lectura":"2 minutos"},"schema":{"@context":"https:\/\/schema.org","@graph":[{"@type":"Article","@id":"https:\/\/prefecturadeesmeraldas.gob.ec\/index.php\/2022\/07\/14\/esperamos-mas-de-50-anos-una-carretera-asfaltada-y-hoy-gracias-a-roberta-zambrano-ya-la-tenemos\/#article","isPartOf":{"@id":"https:\/\/prefecturadeesmeraldas.gob.ec\/index.php\/2022\/07\/14\/esperamos-mas-de-50-anos-una-carretera-asfaltada-y-hoy-gracias-a-roberta-zambrano-ya-la-tenemos\/"},"author":{"name":"Direcci\u00f3n de Comunicaci\u00f3n","@id":"https:\/\/prefecturadeesmeraldas.gob.ec\/#\/schema\/person\/b0c9e7b1ead7725994d1e319e8825234"},"headline":"\u201cEsperamos m\u00e1s de 50 a\u00f1os una carretera asfaltada, y hoy, gracias a Roberta Zambrano, ya la tenemos\u201d","datePublished":"2022-07-14T20:11:18+00:00","dateModified":"2022-07-14T20:15:38+00:00","mainEntityOfPage":{"@id":"https:\/\/prefecturadeesmeraldas.gob.ec\/index.php\/2022\/07\/14\/esperamos-mas-de-50-anos-una-carretera-asfaltada-y-hoy-gracias-a-roberta-zambrano-ya-la-tenemos\/"},"wordCount":325,"publisher":{"@id":"https:\/\/prefecturadeesmeraldas.gob.ec\/#organization"},"image":{"@id":"https:\/\/prefecturadeesmeraldas.gob.ec\/index.php\/2022\/07\/14\/esperamos-mas-de-50-anos-una-carretera-asfaltada-y-hoy-gracias-a-roberta-zambrano-ya-la-tenemos\/#primaryimage"},"thumbnailUrl":"https:\/\/prefecturadeesmeraldas.gob.ec\/wp-content\/uploads\/2022\/07\/BOLETIN-0586....jpg","articleSection":["Vialidad"],"inLanguage":"es"},{"@type":"WebPage","@id":"https:\/\/prefecturadeesmeraldas.gob.ec\/index.php\/2022\/07\/14\/esperamos-mas-de-50-anos-una-carretera-asfaltada-y-hoy-gracias-a-roberta-zambrano-ya-la-tenemos\/","url":"https:\/\/prefecturadeesmeraldas.gob.ec\/index.php\/2022\/07\/14\/esperamos-mas-de-50-anos-una-carretera-asfaltada-y-hoy-gracias-a-roberta-zambrano-ya-la-tenemos\/","name":"\u201cEsperamos m\u00e1s de 50 a\u00f1os una carretera asfaltada, y hoy, gracias a Roberta Zambrano, ya la tenemos\u201d - Gobierno Aut\u00f3nomo Descentralizado de la Provincia de Esmeraldas","isPartOf":{"@id":"https:\/\/prefecturadeesmeraldas.gob.ec\/#website"},"primaryImageOfPage":{"@id":"https:\/\/prefecturadeesmeraldas.gob.ec\/index.php\/2022\/07\/14\/esperamos-mas-de-50-anos-una-carretera-asfaltada-y-hoy-gracias-a-roberta-zambrano-ya-la-tenemos\/#primaryimage"},"image":{"@id":"https:\/\/prefecturadeesmeraldas.gob.ec\/index.php\/2022\/07\/14\/esperamos-mas-de-50-anos-una-carretera-asfaltada-y-hoy-gracias-a-roberta-zambrano-ya-la-tenemos\/#primaryimage"},"thumbnailUrl":"https:\/\/prefecturadeesmeraldas.gob.ec\/wp-content\/uploads\/2022\/07\/BOLETIN-0586....jpg","datePublished":"2022-07-14T20:11:18+00:00","dateModified":"2022-07-14T20:15:38+00:00","breadcrumb":{"@id":"https:\/\/prefecturadeesmeraldas.gob.ec\/index.php\/2022\/07\/14\/esperamos-mas-de-50-anos-una-carretera-asfaltada-y-hoy-gracias-a-roberta-zambrano-ya-la-tenemos\/#breadcrumb"},"inLanguage":"es","potentialAction":[{"@type":"ReadAction","target":["https:\/\/prefecturadeesmeraldas.gob.ec\/index.php\/2022\/07\/14\/esperamos-mas-de-50-anos-una-carretera-asfaltada-y-hoy-gracias-a-roberta-zambrano-ya-la-tenemos\/"]}]},{"@type":"ImageObject","inLanguage":"es","@id":"https:\/\/prefecturadeesmeraldas.gob.ec\/index.php\/2022\/07\/14\/esperamos-mas-de-50-anos-una-carretera-asfaltada-y-hoy-gracias-a-roberta-zambrano-ya-la-tenemos\/#primaryimage","url":"https:\/\/prefecturadeesmeraldas.gob.ec\/wp-content\/uploads\/2022\/07\/BOLETIN-0586....jpg","contentUrl":"https:\/\/prefecturadeesmeraldas.gob.ec\/wp-content\/uploads\/2022\/07\/BOLETIN-0586....jpg","width":566,"height":566},{"@type":"BreadcrumbList","@id":"https:\/\/prefecturadeesmeraldas.gob.ec\/index.php\/2022\/07\/14\/esperamos-mas-de-50-anos-una-carretera-asfaltada-y-hoy-gracias-a-roberta-zambrano-ya-la-tenemos\/#breadcrumb","itemListElement":[{"@type":"ListItem","position":1,"name":"Home","item":"https:\/\/prefecturadeesmeraldas.gob.ec\/"},{"@type":"ListItem","position":2,"name":"\u201cEsperamos m\u00e1s de 50 a\u00f1os una carretera asfaltada, y hoy, gracias a Roberta Zambrano, ya la tenemos\u201d"}]},{"@type":"WebSite","@id":"https:\/\/prefecturadeesmeraldas.gob.ec\/#website","url":"https:\/\/prefecturadeesmeraldas.gob.ec\/","name":"Gobierno Aut\u00f3nomo Descentralizado de la Provincia de Esmeraldas","description":"Gobierno Aut\u00f3nomo Descentralizado de la Provincia de Esmeraldas","publisher":{"@id":"https:\/\/prefecturadeesmeraldas.gob.ec\/#organization"},"potentialAction":[{"@type":"SearchAction","target":{"@type":"EntryPoint","urlTemplate":"https:\/\/prefecturadeesmeraldas.gob.ec\/?s={search_term_string}"},"query-input":{"@type":"PropertyValueSpecification","valueRequired":true,"valueName":"search_term_string"}}],"inLanguage":"es"},{"@type":"Organization","@id":"https:\/\/prefecturadeesmeraldas.gob.ec\/#organization","name":"Gobierno Aut\u00f3nomo Descentralizado de la Provincia de Esmeraldas","url":"https:\/\/prefecturadeesmeraldas.gob.ec\/","logo":{"@type":"ImageObject","inLanguage":"es","@id":"https:\/\/prefecturadeesmeraldas.gob.ec\/#\/schema\/logo\/image\/","url":"https:\/\/prefecturadeesmeraldas.gob.ec\/wp-content\/uploads\/2019\/06\/logo.png","contentUrl":"https:\/\/prefecturadeesmeraldas.gob.ec\/wp-content\/uploads\/2019\/06\/logo.png","width":859,"height":448,"caption":"Gobierno Aut\u00f3nomo Descentralizado de la Provincia de Esmeraldas"},"image":{"@id":"https:\/\/prefecturadeesmeraldas.gob.ec\/#\/schema\/logo\/image\/"},"sameAs":["https:\/\/www.facebook.com\/PrefecturaEsmeraldas\/"]},{"@type":"Person","@id":"https:\/\/prefecturadeesmeraldas.gob.ec\/#\/schema\/person\/b0c9e7b1ead7725994d1e319e8825234","name":"Direcci\u00f3n de Comunicaci\u00f3n","image":{"@type":"ImageObject","inLanguage":"es","@id":"https:\/\/prefecturadeesmeraldas.gob.ec\/#\/schema\/person\/image\/","url":"https:\/\/secure.gravatar.com\/avatar\/74a3870a946f5d774ade3569af61a72308e07ad3346f370c4b468ee2a9858658?s=96&d=mm&r=g","contentUrl":"https:\/\/secure.gravatar.com\/avatar\/74a3870a946f5d774ade3569af61a72308e07ad3346f370c4b468ee2a9858658?s=96&d=mm&r=g","caption":"Direcci\u00f3n de Comunicaci\u00f3n"}}]}},"_links":{"self":[{"href":"https:\/\/prefecturadeesmeraldas.gob.ec\/index.php\/wp-json\/wp\/v2\/posts\/17840","targetHints":{"allow":["GET"]}}],"collection":[{"href":"https:\/\/prefecturadeesmeraldas.gob.ec\/index.php\/wp-json\/wp\/v2\/posts"}],"about":[{"href":"https:\/\/prefecturadeesmeraldas.gob.ec\/index.php\/wp-json\/wp\/v2\/types\/post"}],"author":[{"embeddable":true,"href":"https:\/\/prefecturadeesmeraldas.gob.ec\/index.php\/wp-json\/wp\/v2\/users\/2"}],"replies":[{"embeddable":true,"href":"https:\/\/prefecturadeesmeraldas.gob.ec\/index.php\/wp-json\/wp\/v2\/comments?post=17840"}],"version-history":[{"count":0,"href":"https:\/\/prefecturadeesmeraldas.gob.ec\/index.php\/wp-json\/wp\/v2\/posts\/17840\/revisions"}],"wp:featuredmedia":[{"embeddable":true,"href":"https:\/\/prefecturadeesmeraldas.gob.ec\/index.php\/wp-json\/wp\/v2\/media\/17817"}],"wp:attachment":[{"href":"https:\/\/prefecturadeesmeraldas.gob.ec\/index.php\/wp-json\/wp\/v2\/media?parent=17840"}],"wp:term":[{"taxonomy":"category","embeddable":true,"href":"https:\/\/prefecturadeesmeraldas.gob.ec\/index.php\/wp-json\/wp\/v2\/categories?post=17840"},{"taxonomy":"post_tag","embeddable":true,"href":"https:\/\/prefecturadeesmeraldas.gob.ec\/index.php\/wp-json\/wp\/v2\/tags?post=17840"}],"curies":[{"name":"wp","href":"https:\/\/api.w.org\/{rel}","templated":true}]}}