{"id":17629,"date":"2022-06-24T15:12:41","date_gmt":"2022-06-24T20:12:41","guid":{"rendered":"https:\/\/prefecturadeesmeraldas.gob.ec\/?p=17629"},"modified":"2022-06-24T15:21:52","modified_gmt":"2022-06-24T20:21:52","slug":"junto-a-la-ninez-prefectura-de-esmeraldas-se-prepara-para-vivir-un-nuevo-espectaculo-artistico-en-paz","status":"publish","type":"post","link":"https:\/\/prefecturadeesmeraldas.gob.ec\/index.php\/2022\/06\/24\/junto-a-la-ninez-prefectura-de-esmeraldas-se-prepara-para-vivir-un-nuevo-espectaculo-artistico-en-paz\/","title":{"rendered":"Junto a la ni\u00f1ez, Prefectura de Esmeraldas se prepara para vivir un nuevo espect\u00e1culo art\u00edstico en paz"},"content":{"rendered":"\t\t<div data-elementor-type=\"wp-post\" data-elementor-id=\"17629\" class=\"elementor elementor-17629\">\n\t\t\t\t<div class=\"elementor-element elementor-element-2351ade e-flex e-con-boxed e-con e-parent\" data-id=\"2351ade\" data-element_type=\"container\">\n\t\t\t\t\t<div class=\"e-con-inner\">\n\t\t\t\t<div class=\"elementor-element elementor-element-db8f6e7 elementor-widget elementor-widget-image\" data-id=\"db8f6e7\" data-element_type=\"widget\" data-widget_type=\"image.default\">\n\t\t\t\t<div class=\"elementor-widget-container\">\n\t\t\t\t\t\t\t\t\t\t\t\t\t\t\t<img fetchpriority=\"high\" decoding=\"async\" width=\"536\" height=\"528\" src=\"https:\/\/prefecturadeesmeraldas.gob.ec\/wp-content\/uploads\/2022\/06\/Imagen20-1.jpg\" class=\"attachment-large size-large wp-image-17630\" alt=\"\" srcset=\"https:\/\/prefecturadeesmeraldas.gob.ec\/wp-content\/uploads\/2022\/06\/Imagen20-1.jpg 536w, https:\/\/prefecturadeesmeraldas.gob.ec\/wp-content\/uploads\/2022\/06\/Imagen20-1-300x296.jpg 300w\" sizes=\"(max-width: 536px) 100vw, 536px\" \/>\t\t\t\t\t\t\t\t\t\t\t\t\t\t\t<\/div>\n\t\t\t\t<\/div>\n\t\t\t\t\t<\/div>\n\t\t\t\t<\/div>\n\t\t<div class=\"elementor-element elementor-element-f17e514 e-flex e-con-boxed e-con e-parent\" data-id=\"f17e514\" data-element_type=\"container\">\n\t\t\t\t\t<div class=\"e-con-inner\">\n\t\t\t\t<div class=\"elementor-element elementor-element-fcc0bca elementor-widget elementor-widget-text-editor\" data-id=\"fcc0bca\" data-element_type=\"widget\" data-widget_type=\"text-editor.default\">\n\t\t\t\t<div class=\"elementor-widget-container\">\n\t\t\t\t\t\t\t\t\t<p>\u201c<strong>Nuestros amados ni\u00f1os merecen vivir en paz y crecer en un ambiente de tranquilidad y amor en familia<\/strong>\u201d. Con esta frase, <strong>Roberta Zambrano Ortiz<\/strong>, prefecta de Esmeraldas, invit\u00f3 a las familias esmeralde\u00f1as y atacame\u00f1as a disfrutar de los eventos art\u00edsticos programados para este s\u00e1bado 25 y domingo 26 de junio de 2022, con la puesta en escena de Aladino y la Lampara M\u00e1gica, una historia de Disney.<\/p><p>A trav\u00e9s de la Unidad de Desarrollo Social y Cultural (<strong>UNAMYDESC<\/strong>), la Prefectura de Esmeraldas se propone repetir el \u00e9xito que trajo consigo la realizaci\u00f3n del festival art\u00edstico y cultural \u201c<strong>Esmeraldas Tierra De Paz<\/strong>\u201d, realizado junto a la C\u00e1mara de Comercio de Esmeraldas y la Polic\u00eda Nacional.<\/p><p>La invitaci\u00f3n es para que las familias esmeralde\u00f1as acudan este s\u00e1bado 25 de junio de 2022 al malec\u00f3n de Las Palmas, en los bajos del edificio de FLOPEC desde las 16h00 en punto, y el domingo 26 de junio en el estadio de Atacames, a la misma hora.<\/p><p>Del objetivo de este evento se record\u00f3 que, <strong>la reactivaci\u00f3n econ\u00f3mica y dejar atr\u00e1s el miedo<\/strong>, son sentimientos esenciales para poder seguir desarrollando a la provincia, a la par de las obras de infraestructura, programas de fomento productivo y de cuidado del medio ambiente ejecutados.<\/p>\t\t\t\t\t\t\t\t<\/div>\n\t\t\t\t<\/div>\n\t\t\t\t\t<\/div>\n\t\t\t\t<\/div>\n\t\t\t\t<\/div>\n\t\t","protected":false},"excerpt":{"rendered":"<p>\u201cNuestros amados ni\u00f1os merecen vivir en paz y crecer en un ambiente de tranquilidad y amor en familia\u201d. Con esta frase, Roberta Zambrano Ortiz, prefecta de Esmeraldas, invit\u00f3 a las familias esmeralde\u00f1as y atacame\u00f1as a disfrutar de los eventos art\u00edsticos programados para este s\u00e1bado 25 y domingo 26 de junio de 2022, con la puesta [&hellip;]<\/p>\n","protected":false},"author":2,"featured_media":17630,"comment_status":"closed","ping_status":"open","sticky":false,"template":"","format":"standard","meta":{"footnotes":""},"categories":[13],"tags":[],"class_list":["post-17629","post","type-post","status-publish","format-standard","has-post-thumbnail","hentry","category-patronato"],"yoast_head":"<!-- This site is optimized with the Yoast SEO plugin v25.7 - https:\/\/yoast.com\/wordpress\/plugins\/seo\/ -->\n<title>Junto a la ni\u00f1ez, Prefectura de Esmeraldas se prepara para vivir un nuevo espect\u00e1culo art\u00edstico en paz - Gobierno Aut\u00f3nomo Descentralizado de la Provincia de Esmeraldas<\/title>\n<meta name=\"robots\" content=\"index, follow, max-snippet:-1, max-image-preview:large, max-video-preview:-1\" \/>\n<link rel=\"canonical\" href=\"https:\/\/prefecturadeesmeraldas.gob.ec\/index.php\/2022\/06\/24\/junto-a-la-ninez-prefectura-de-esmeraldas-se-prepara-para-vivir-un-nuevo-espectaculo-artistico-en-paz\/\" \/>\n<meta property=\"og:locale\" content=\"es_ES\" \/>\n<meta property=\"og:type\" content=\"article\" \/>\n<meta property=\"og:title\" content=\"Junto a la ni\u00f1ez, Prefectura de Esmeraldas se prepara para vivir un nuevo espect\u00e1culo art\u00edstico en paz - Gobierno Aut\u00f3nomo Descentralizado de la Provincia de Esmeraldas\" \/>\n<meta property=\"og:description\" content=\"\u201cNuestros amados ni\u00f1os merecen vivir en paz y crecer en un ambiente de tranquilidad y amor en familia\u201d. Con esta frase, Roberta Zambrano Ortiz, prefecta de Esmeraldas, invit\u00f3 a las familias esmeralde\u00f1as y atacame\u00f1as a disfrutar de los eventos art\u00edsticos programados para este s\u00e1bado 25 y domingo 26 de junio de 2022, con la puesta [&hellip;]\" \/>\n<meta property=\"og:url\" content=\"https:\/\/prefecturadeesmeraldas.gob.ec\/index.php\/2022\/06\/24\/junto-a-la-ninez-prefectura-de-esmeraldas-se-prepara-para-vivir-un-nuevo-espectaculo-artistico-en-paz\/\" \/>\n<meta property=\"og:site_name\" content=\"Gobierno Aut\u00f3nomo Descentralizado de la Provincia de Esmeraldas\" \/>\n<meta property=\"article:publisher\" content=\"https:\/\/www.facebook.com\/PrefecturaEsmeraldas\/\" \/>\n<meta property=\"article:published_time\" content=\"2022-06-24T20:12:41+00:00\" \/>\n<meta property=\"article:modified_time\" content=\"2022-06-24T20:21:52+00:00\" \/>\n<meta property=\"og:image\" content=\"https:\/\/prefecturadeesmeraldas.gob.ec\/wp-content\/uploads\/2022\/06\/Imagen20-1.jpg\" \/>\n\t<meta property=\"og:image:width\" content=\"536\" \/>\n\t<meta property=\"og:image:height\" content=\"528\" \/>\n\t<meta property=\"og:image:type\" content=\"image\/jpeg\" \/>\n<meta name=\"author\" content=\"Direcci\u00f3n de Comunicaci\u00f3n\" \/>\n<meta name=\"twitter:card\" content=\"summary_large_image\" \/>\n<meta name=\"twitter:label1\" content=\"Escrito por\" \/>\n\t<meta name=\"twitter:data1\" content=\"Direcci\u00f3n de Comunicaci\u00f3n\" \/>\n\t<meta name=\"twitter:label2\" content=\"Tiempo de lectura\" \/>\n\t<meta name=\"twitter:data2\" content=\"2 minutos\" \/>\n<script type=\"application\/ld+json\" class=\"yoast-schema-graph\">{\"@context\":\"https:\/\/schema.org\",\"@graph\":[{\"@type\":\"Article\",\"@id\":\"https:\/\/prefecturadeesmeraldas.gob.ec\/index.php\/2022\/06\/24\/junto-a-la-ninez-prefectura-de-esmeraldas-se-prepara-para-vivir-un-nuevo-espectaculo-artistico-en-paz\/#article\",\"isPartOf\":{\"@id\":\"https:\/\/prefecturadeesmeraldas.gob.ec\/index.php\/2022\/06\/24\/junto-a-la-ninez-prefectura-de-esmeraldas-se-prepara-para-vivir-un-nuevo-espectaculo-artistico-en-paz\/\"},\"author\":{\"name\":\"Direcci\u00f3n de Comunicaci\u00f3n\",\"@id\":\"https:\/\/prefecturadeesmeraldas.gob.ec\/#\/schema\/person\/b0c9e7b1ead7725994d1e319e8825234\"},\"headline\":\"Junto a la ni\u00f1ez, Prefectura de Esmeraldas se prepara para vivir un nuevo espect\u00e1culo art\u00edstico en paz\",\"datePublished\":\"2022-06-24T20:12:41+00:00\",\"dateModified\":\"2022-06-24T20:21:52+00:00\",\"mainEntityOfPage\":{\"@id\":\"https:\/\/prefecturadeesmeraldas.gob.ec\/index.php\/2022\/06\/24\/junto-a-la-ninez-prefectura-de-esmeraldas-se-prepara-para-vivir-un-nuevo-espectaculo-artistico-en-paz\/\"},\"wordCount\":239,\"publisher\":{\"@id\":\"https:\/\/prefecturadeesmeraldas.gob.ec\/#organization\"},\"image\":{\"@id\":\"https:\/\/prefecturadeesmeraldas.gob.ec\/index.php\/2022\/06\/24\/junto-a-la-ninez-prefectura-de-esmeraldas-se-prepara-para-vivir-un-nuevo-espectaculo-artistico-en-paz\/#primaryimage\"},\"thumbnailUrl\":\"https:\/\/prefecturadeesmeraldas.gob.ec\/wp-content\/uploads\/2022\/06\/Imagen20-1.jpg\",\"articleSection\":[\"UNAMYDESC\"],\"inLanguage\":\"es\"},{\"@type\":\"WebPage\",\"@id\":\"https:\/\/prefecturadeesmeraldas.gob.ec\/index.php\/2022\/06\/24\/junto-a-la-ninez-prefectura-de-esmeraldas-se-prepara-para-vivir-un-nuevo-espectaculo-artistico-en-paz\/\",\"url\":\"https:\/\/prefecturadeesmeraldas.gob.ec\/index.php\/2022\/06\/24\/junto-a-la-ninez-prefectura-de-esmeraldas-se-prepara-para-vivir-un-nuevo-espectaculo-artistico-en-paz\/\",\"name\":\"Junto a la ni\u00f1ez, Prefectura de Esmeraldas se prepara para vivir un nuevo espect\u00e1culo art\u00edstico en paz - Gobierno Aut\u00f3nomo Descentralizado de la Provincia de Esmeraldas\",\"isPartOf\":{\"@id\":\"https:\/\/prefecturadeesmeraldas.gob.ec\/#website\"},\"primaryImageOfPage\":{\"@id\":\"https:\/\/prefecturadeesmeraldas.gob.ec\/index.php\/2022\/06\/24\/junto-a-la-ninez-prefectura-de-esmeraldas-se-prepara-para-vivir-un-nuevo-espectaculo-artistico-en-paz\/#primaryimage\"},\"image\":{\"@id\":\"https:\/\/prefecturadeesmeraldas.gob.ec\/index.php\/2022\/06\/24\/junto-a-la-ninez-prefectura-de-esmeraldas-se-prepara-para-vivir-un-nuevo-espectaculo-artistico-en-paz\/#primaryimage\"},\"thumbnailUrl\":\"https:\/\/prefecturadeesmeraldas.gob.ec\/wp-content\/uploads\/2022\/06\/Imagen20-1.jpg\",\"datePublished\":\"2022-06-24T20:12:41+00:00\",\"dateModified\":\"2022-06-24T20:21:52+00:00\",\"breadcrumb\":{\"@id\":\"https:\/\/prefecturadeesmeraldas.gob.ec\/index.php\/2022\/06\/24\/junto-a-la-ninez-prefectura-de-esmeraldas-se-prepara-para-vivir-un-nuevo-espectaculo-artistico-en-paz\/#breadcrumb\"},\"inLanguage\":\"es\",\"potentialAction\":[{\"@type\":\"ReadAction\",\"target\":[\"https:\/\/prefecturadeesmeraldas.gob.ec\/index.php\/2022\/06\/24\/junto-a-la-ninez-prefectura-de-esmeraldas-se-prepara-para-vivir-un-nuevo-espectaculo-artistico-en-paz\/\"]}]},{\"@type\":\"ImageObject\",\"inLanguage\":\"es\",\"@id\":\"https:\/\/prefecturadeesmeraldas.gob.ec\/index.php\/2022\/06\/24\/junto-a-la-ninez-prefectura-de-esmeraldas-se-prepara-para-vivir-un-nuevo-espectaculo-artistico-en-paz\/#primaryimage\",\"url\":\"https:\/\/prefecturadeesmeraldas.gob.ec\/wp-content\/uploads\/2022\/06\/Imagen20-1.jpg\",\"contentUrl\":\"https:\/\/prefecturadeesmeraldas.gob.ec\/wp-content\/uploads\/2022\/06\/Imagen20-1.jpg\",\"width\":536,\"height\":528},{\"@type\":\"BreadcrumbList\",\"@id\":\"https:\/\/prefecturadeesmeraldas.gob.ec\/index.php\/2022\/06\/24\/junto-a-la-ninez-prefectura-de-esmeraldas-se-prepara-para-vivir-un-nuevo-espectaculo-artistico-en-paz\/#breadcrumb\",\"itemListElement\":[{\"@type\":\"ListItem\",\"position\":1,\"name\":\"Home\",\"item\":\"https:\/\/prefecturadeesmeraldas.gob.ec\/\"},{\"@type\":\"ListItem\",\"position\":2,\"name\":\"Junto a la ni\u00f1ez, Prefectura de Esmeraldas se prepara para vivir un nuevo espect\u00e1culo art\u00edstico en paz\"}]},{\"@type\":\"WebSite\",\"@id\":\"https:\/\/prefecturadeesmeraldas.gob.ec\/#website\",\"url\":\"https:\/\/prefecturadeesmeraldas.gob.ec\/\",\"name\":\"Gobierno Aut\u00f3nomo Descentralizado de la Provincia de Esmeraldas\",\"description\":\"Gobierno Aut\u00f3nomo Descentralizado de la Provincia de Esmeraldas\",\"publisher\":{\"@id\":\"https:\/\/prefecturadeesmeraldas.gob.ec\/#organization\"},\"potentialAction\":[{\"@type\":\"SearchAction\",\"target\":{\"@type\":\"EntryPoint\",\"urlTemplate\":\"https:\/\/prefecturadeesmeraldas.gob.ec\/?s={search_term_string}\"},\"query-input\":{\"@type\":\"PropertyValueSpecification\",\"valueRequired\":true,\"valueName\":\"search_term_string\"}}],\"inLanguage\":\"es\"},{\"@type\":\"Organization\",\"@id\":\"https:\/\/prefecturadeesmeraldas.gob.ec\/#organization\",\"name\":\"Gobierno Aut\u00f3nomo Descentralizado de la Provincia de Esmeraldas\",\"url\":\"https:\/\/prefecturadeesmeraldas.gob.ec\/\",\"logo\":{\"@type\":\"ImageObject\",\"inLanguage\":\"es\",\"@id\":\"https:\/\/prefecturadeesmeraldas.gob.ec\/#\/schema\/logo\/image\/\",\"url\":\"https:\/\/prefecturadeesmeraldas.gob.ec\/wp-content\/uploads\/2019\/06\/logo.png\",\"contentUrl\":\"https:\/\/prefecturadeesmeraldas.gob.ec\/wp-content\/uploads\/2019\/06\/logo.png\",\"width\":859,\"height\":448,\"caption\":\"Gobierno Aut\u00f3nomo Descentralizado de la Provincia de Esmeraldas\"},\"image\":{\"@id\":\"https:\/\/prefecturadeesmeraldas.gob.ec\/#\/schema\/logo\/image\/\"},\"sameAs\":[\"https:\/\/www.facebook.com\/PrefecturaEsmeraldas\/\"]},{\"@type\":\"Person\",\"@id\":\"https:\/\/prefecturadeesmeraldas.gob.ec\/#\/schema\/person\/b0c9e7b1ead7725994d1e319e8825234\",\"name\":\"Direcci\u00f3n de Comunicaci\u00f3n\",\"image\":{\"@type\":\"ImageObject\",\"inLanguage\":\"es\",\"@id\":\"https:\/\/prefecturadeesmeraldas.gob.ec\/#\/schema\/person\/image\/\",\"url\":\"https:\/\/secure.gravatar.com\/avatar\/74a3870a946f5d774ade3569af61a72308e07ad3346f370c4b468ee2a9858658?s=96&d=mm&r=g\",\"contentUrl\":\"https:\/\/secure.gravatar.com\/avatar\/74a3870a946f5d774ade3569af61a72308e07ad3346f370c4b468ee2a9858658?s=96&d=mm&r=g\",\"caption\":\"Direcci\u00f3n de Comunicaci\u00f3n\"}}]}<\/script>\n<!-- \/ Yoast SEO plugin. -->","yoast_head_json":{"title":"Junto a la ni\u00f1ez, Prefectura de Esmeraldas se prepara para vivir un nuevo espect\u00e1culo art\u00edstico en paz - Gobierno Aut\u00f3nomo Descentralizado de la Provincia de Esmeraldas","robots":{"index":"index","follow":"follow","max-snippet":"max-snippet:-1","max-image-preview":"max-image-preview:large","max-video-preview":"max-video-preview:-1"},"canonical":"https:\/\/prefecturadeesmeraldas.gob.ec\/index.php\/2022\/06\/24\/junto-a-la-ninez-prefectura-de-esmeraldas-se-prepara-para-vivir-un-nuevo-espectaculo-artistico-en-paz\/","og_locale":"es_ES","og_type":"article","og_title":"Junto a la ni\u00f1ez, Prefectura de Esmeraldas se prepara para vivir un nuevo espect\u00e1culo art\u00edstico en paz - Gobierno Aut\u00f3nomo Descentralizado de la Provincia de Esmeraldas","og_description":"\u201cNuestros amados ni\u00f1os merecen vivir en paz y crecer en un ambiente de tranquilidad y amor en familia\u201d. Con esta frase, Roberta Zambrano Ortiz, prefecta de Esmeraldas, invit\u00f3 a las familias esmeralde\u00f1as y atacame\u00f1as a disfrutar de los eventos art\u00edsticos programados para este s\u00e1bado 25 y domingo 26 de junio de 2022, con la puesta [&hellip;]","og_url":"https:\/\/prefecturadeesmeraldas.gob.ec\/index.php\/2022\/06\/24\/junto-a-la-ninez-prefectura-de-esmeraldas-se-prepara-para-vivir-un-nuevo-espectaculo-artistico-en-paz\/","og_site_name":"Gobierno Aut\u00f3nomo Descentralizado de la Provincia de Esmeraldas","article_publisher":"https:\/\/www.facebook.com\/PrefecturaEsmeraldas\/","article_published_time":"2022-06-24T20:12:41+00:00","article_modified_time":"2022-06-24T20:21:52+00:00","og_image":[{"width":536,"height":528,"url":"https:\/\/prefecturadeesmeraldas.gob.ec\/wp-content\/uploads\/2022\/06\/Imagen20-1.jpg","type":"image\/jpeg"}],"author":"Direcci\u00f3n de Comunicaci\u00f3n","twitter_card":"summary_large_image","twitter_misc":{"Escrito por":"Direcci\u00f3n de Comunicaci\u00f3n","Tiempo de lectura":"2 minutos"},"schema":{"@context":"https:\/\/schema.org","@graph":[{"@type":"Article","@id":"https:\/\/prefecturadeesmeraldas.gob.ec\/index.php\/2022\/06\/24\/junto-a-la-ninez-prefectura-de-esmeraldas-se-prepara-para-vivir-un-nuevo-espectaculo-artistico-en-paz\/#article","isPartOf":{"@id":"https:\/\/prefecturadeesmeraldas.gob.ec\/index.php\/2022\/06\/24\/junto-a-la-ninez-prefectura-de-esmeraldas-se-prepara-para-vivir-un-nuevo-espectaculo-artistico-en-paz\/"},"author":{"name":"Direcci\u00f3n de Comunicaci\u00f3n","@id":"https:\/\/prefecturadeesmeraldas.gob.ec\/#\/schema\/person\/b0c9e7b1ead7725994d1e319e8825234"},"headline":"Junto a la ni\u00f1ez, Prefectura de Esmeraldas se prepara para vivir un nuevo espect\u00e1culo art\u00edstico en paz","datePublished":"2022-06-24T20:12:41+00:00","dateModified":"2022-06-24T20:21:52+00:00","mainEntityOfPage":{"@id":"https:\/\/prefecturadeesmeraldas.gob.ec\/index.php\/2022\/06\/24\/junto-a-la-ninez-prefectura-de-esmeraldas-se-prepara-para-vivir-un-nuevo-espectaculo-artistico-en-paz\/"},"wordCount":239,"publisher":{"@id":"https:\/\/prefecturadeesmeraldas.gob.ec\/#organization"},"image":{"@id":"https:\/\/prefecturadeesmeraldas.gob.ec\/index.php\/2022\/06\/24\/junto-a-la-ninez-prefectura-de-esmeraldas-se-prepara-para-vivir-un-nuevo-espectaculo-artistico-en-paz\/#primaryimage"},"thumbnailUrl":"https:\/\/prefecturadeesmeraldas.gob.ec\/wp-content\/uploads\/2022\/06\/Imagen20-1.jpg","articleSection":["UNAMYDESC"],"inLanguage":"es"},{"@type":"WebPage","@id":"https:\/\/prefecturadeesmeraldas.gob.ec\/index.php\/2022\/06\/24\/junto-a-la-ninez-prefectura-de-esmeraldas-se-prepara-para-vivir-un-nuevo-espectaculo-artistico-en-paz\/","url":"https:\/\/prefecturadeesmeraldas.gob.ec\/index.php\/2022\/06\/24\/junto-a-la-ninez-prefectura-de-esmeraldas-se-prepara-para-vivir-un-nuevo-espectaculo-artistico-en-paz\/","name":"Junto a la ni\u00f1ez, Prefectura de Esmeraldas se prepara para vivir un nuevo espect\u00e1culo art\u00edstico en paz - Gobierno Aut\u00f3nomo Descentralizado de la Provincia de Esmeraldas","isPartOf":{"@id":"https:\/\/prefecturadeesmeraldas.gob.ec\/#website"},"primaryImageOfPage":{"@id":"https:\/\/prefecturadeesmeraldas.gob.ec\/index.php\/2022\/06\/24\/junto-a-la-ninez-prefectura-de-esmeraldas-se-prepara-para-vivir-un-nuevo-espectaculo-artistico-en-paz\/#primaryimage"},"image":{"@id":"https:\/\/prefecturadeesmeraldas.gob.ec\/index.php\/2022\/06\/24\/junto-a-la-ninez-prefectura-de-esmeraldas-se-prepara-para-vivir-un-nuevo-espectaculo-artistico-en-paz\/#primaryimage"},"thumbnailUrl":"https:\/\/prefecturadeesmeraldas.gob.ec\/wp-content\/uploads\/2022\/06\/Imagen20-1.jpg","datePublished":"2022-06-24T20:12:41+00:00","dateModified":"2022-06-24T20:21:52+00:00","breadcrumb":{"@id":"https:\/\/prefecturadeesmeraldas.gob.ec\/index.php\/2022\/06\/24\/junto-a-la-ninez-prefectura-de-esmeraldas-se-prepara-para-vivir-un-nuevo-espectaculo-artistico-en-paz\/#breadcrumb"},"inLanguage":"es","potentialAction":[{"@type":"ReadAction","target":["https:\/\/prefecturadeesmeraldas.gob.ec\/index.php\/2022\/06\/24\/junto-a-la-ninez-prefectura-de-esmeraldas-se-prepara-para-vivir-un-nuevo-espectaculo-artistico-en-paz\/"]}]},{"@type":"ImageObject","inLanguage":"es","@id":"https:\/\/prefecturadeesmeraldas.gob.ec\/index.php\/2022\/06\/24\/junto-a-la-ninez-prefectura-de-esmeraldas-se-prepara-para-vivir-un-nuevo-espectaculo-artistico-en-paz\/#primaryimage","url":"https:\/\/prefecturadeesmeraldas.gob.ec\/wp-content\/uploads\/2022\/06\/Imagen20-1.jpg","contentUrl":"https:\/\/prefecturadeesmeraldas.gob.ec\/wp-content\/uploads\/2022\/06\/Imagen20-1.jpg","width":536,"height":528},{"@type":"BreadcrumbList","@id":"https:\/\/prefecturadeesmeraldas.gob.ec\/index.php\/2022\/06\/24\/junto-a-la-ninez-prefectura-de-esmeraldas-se-prepara-para-vivir-un-nuevo-espectaculo-artistico-en-paz\/#breadcrumb","itemListElement":[{"@type":"ListItem","position":1,"name":"Home","item":"https:\/\/prefecturadeesmeraldas.gob.ec\/"},{"@type":"ListItem","position":2,"name":"Junto a la ni\u00f1ez, Prefectura de Esmeraldas se prepara para vivir un nuevo espect\u00e1culo art\u00edstico en paz"}]},{"@type":"WebSite","@id":"https:\/\/prefecturadeesmeraldas.gob.ec\/#website","url":"https:\/\/prefecturadeesmeraldas.gob.ec\/","name":"Gobierno Aut\u00f3nomo Descentralizado de la Provincia de Esmeraldas","description":"Gobierno Aut\u00f3nomo Descentralizado de la Provincia de Esmeraldas","publisher":{"@id":"https:\/\/prefecturadeesmeraldas.gob.ec\/#organization"},"potentialAction":[{"@type":"SearchAction","target":{"@type":"EntryPoint","urlTemplate":"https:\/\/prefecturadeesmeraldas.gob.ec\/?s={search_term_string}"},"query-input":{"@type":"PropertyValueSpecification","valueRequired":true,"valueName":"search_term_string"}}],"inLanguage":"es"},{"@type":"Organization","@id":"https:\/\/prefecturadeesmeraldas.gob.ec\/#organization","name":"Gobierno Aut\u00f3nomo Descentralizado de la Provincia de Esmeraldas","url":"https:\/\/prefecturadeesmeraldas.gob.ec\/","logo":{"@type":"ImageObject","inLanguage":"es","@id":"https:\/\/prefecturadeesmeraldas.gob.ec\/#\/schema\/logo\/image\/","url":"https:\/\/prefecturadeesmeraldas.gob.ec\/wp-content\/uploads\/2019\/06\/logo.png","contentUrl":"https:\/\/prefecturadeesmeraldas.gob.ec\/wp-content\/uploads\/2019\/06\/logo.png","width":859,"height":448,"caption":"Gobierno Aut\u00f3nomo Descentralizado de la Provincia de Esmeraldas"},"image":{"@id":"https:\/\/prefecturadeesmeraldas.gob.ec\/#\/schema\/logo\/image\/"},"sameAs":["https:\/\/www.facebook.com\/PrefecturaEsmeraldas\/"]},{"@type":"Person","@id":"https:\/\/prefecturadeesmeraldas.gob.ec\/#\/schema\/person\/b0c9e7b1ead7725994d1e319e8825234","name":"Direcci\u00f3n de Comunicaci\u00f3n","image":{"@type":"ImageObject","inLanguage":"es","@id":"https:\/\/prefecturadeesmeraldas.gob.ec\/#\/schema\/person\/image\/","url":"https:\/\/secure.gravatar.com\/avatar\/74a3870a946f5d774ade3569af61a72308e07ad3346f370c4b468ee2a9858658?s=96&d=mm&r=g","contentUrl":"https:\/\/secure.gravatar.com\/avatar\/74a3870a946f5d774ade3569af61a72308e07ad3346f370c4b468ee2a9858658?s=96&d=mm&r=g","caption":"Direcci\u00f3n de Comunicaci\u00f3n"}}]}},"_links":{"self":[{"href":"https:\/\/prefecturadeesmeraldas.gob.ec\/index.php\/wp-json\/wp\/v2\/posts\/17629","targetHints":{"allow":["GET"]}}],"collection":[{"href":"https:\/\/prefecturadeesmeraldas.gob.ec\/index.php\/wp-json\/wp\/v2\/posts"}],"about":[{"href":"https:\/\/prefecturadeesmeraldas.gob.ec\/index.php\/wp-json\/wp\/v2\/types\/post"}],"author":[{"embeddable":true,"href":"https:\/\/prefecturadeesmeraldas.gob.ec\/index.php\/wp-json\/wp\/v2\/users\/2"}],"replies":[{"embeddable":true,"href":"https:\/\/prefecturadeesmeraldas.gob.ec\/index.php\/wp-json\/wp\/v2\/comments?post=17629"}],"version-history":[{"count":0,"href":"https:\/\/prefecturadeesmeraldas.gob.ec\/index.php\/wp-json\/wp\/v2\/posts\/17629\/revisions"}],"wp:featuredmedia":[{"embeddable":true,"href":"https:\/\/prefecturadeesmeraldas.gob.ec\/index.php\/wp-json\/wp\/v2\/media\/17630"}],"wp:attachment":[{"href":"https:\/\/prefecturadeesmeraldas.gob.ec\/index.php\/wp-json\/wp\/v2\/media?parent=17629"}],"wp:term":[{"taxonomy":"category","embeddable":true,"href":"https:\/\/prefecturadeesmeraldas.gob.ec\/index.php\/wp-json\/wp\/v2\/categories?post=17629"},{"taxonomy":"post_tag","embeddable":true,"href":"https:\/\/prefecturadeesmeraldas.gob.ec\/index.php\/wp-json\/wp\/v2\/tags?post=17629"}],"curies":[{"name":"wp","href":"https:\/\/api.w.org\/{rel}","templated":true}]}}