{"id":17558,"date":"2022-06-23T14:44:57","date_gmt":"2022-06-23T19:44:57","guid":{"rendered":"https:\/\/prefecturadeesmeraldas.gob.ec\/?p=17558"},"modified":"2022-06-23T14:45:37","modified_gmt":"2022-06-23T19:45:37","slug":"prefectura-de-esmeraldas-brinda-atencion-medica-integral-a-dos-adultos-mayores","status":"publish","type":"post","link":"https:\/\/prefecturadeesmeraldas.gob.ec\/index.php\/2022\/06\/23\/prefectura-de-esmeraldas-brinda-atencion-medica-integral-a-dos-adultos-mayores\/","title":{"rendered":"Prefectura de Esmeraldas brinda atenci\u00f3n m\u00e9dica integral a dos adultos mayores"},"content":{"rendered":"\t\t<div data-elementor-type=\"wp-post\" data-elementor-id=\"17558\" class=\"elementor elementor-17558\">\n\t\t\t\t<div class=\"elementor-element elementor-element-14a6566 e-flex e-con-boxed e-con e-parent\" data-id=\"14a6566\" data-element_type=\"container\">\n\t\t\t\t\t<div class=\"e-con-inner\">\n\t\t\t\t<div class=\"elementor-element elementor-element-e6b8618 elementor-widget elementor-widget-image\" data-id=\"e6b8618\" data-element_type=\"widget\" data-widget_type=\"image.default\">\n\t\t\t\t<div class=\"elementor-widget-container\">\n\t\t\t\t\t\t\t\t\t\t\t\t\t\t\t<img fetchpriority=\"high\" decoding=\"async\" width=\"320\" height=\"295\" src=\"https:\/\/prefecturadeesmeraldas.gob.ec\/wp-content\/uploads\/2022\/06\/Imagen10-1.jpg\" class=\"attachment-large size-large wp-image-17559\" alt=\"\" srcset=\"https:\/\/prefecturadeesmeraldas.gob.ec\/wp-content\/uploads\/2022\/06\/Imagen10-1.jpg 320w, https:\/\/prefecturadeesmeraldas.gob.ec\/wp-content\/uploads\/2022\/06\/Imagen10-1-300x277.jpg 300w\" sizes=\"(max-width: 320px) 100vw, 320px\" \/>\t\t\t\t\t\t\t\t\t\t\t\t\t\t\t<\/div>\n\t\t\t\t<\/div>\n\t\t\t\t\t<\/div>\n\t\t\t\t<\/div>\n\t\t<div class=\"elementor-element elementor-element-098d94e e-flex e-con-boxed e-con e-parent\" data-id=\"098d94e\" data-element_type=\"container\">\n\t\t\t\t\t<div class=\"e-con-inner\">\n\t\t\t\t<div class=\"elementor-element elementor-element-f7b55d9 elementor-widget elementor-widget-text-editor\" data-id=\"f7b55d9\" data-element_type=\"widget\" data-widget_type=\"text-editor.default\">\n\t\t\t\t<div class=\"elementor-widget-container\">\n\t\t\t\t\t\t\t\t\t<p>En el concierto desarrollo del concierto \u201c<strong>Esmeraldas Tierra de Paz<\/strong>\u201d, la prefecta, <strong>Roberta Zambrano<\/strong>, conoci\u00f3 a Miriam Carr y Adalberto P\u00e1rraga, dos adultos mayores. Su historia de trabajo y amor la conmovi\u00f3, y decidi\u00f3 ayudarlos.<\/p><p><\/p><p>El equipo de profesionales de la Unidad de Asistencia M\u00e9dica, Desarrollo Social y Cultural (<strong>UNAMYDESC<\/strong>), le brind\u00f3 atenci\u00f3n integral en salud, ex\u00e1menes de laboratorio y continuar\u00e1 con acompa\u00f1amiento de manera gratuita.<\/p><p><\/p><p><strong>Lorena Mora<\/strong>, coordinadora de <strong>UNAMYDESC<\/strong>, explic\u00f3 que, esta unidad, siendo el rostro humano de la Prefectura de Esmeraldas, se destaca por el servicio en salud que brinda, con calidad y calidez. Por tal motivo, el personal m\u00e9dico realizar\u00e1 chequeos y atenci\u00f3n cont\u00ednua a la pareja de adultos mayores.<\/p><p><\/p><p><strong>Miriam Carr<\/strong>, tiene 76 a\u00f1os y es no vidente, agradeci\u00f3 a la prefecta, <strong>Roberta Zambrano<\/strong>, por ese enorme coraz\u00f3n solidario y por ayudarla con atenci\u00f3n en salud y medicamentos totalmente gratuitos.<\/p><p><\/p><p>\u201cJunto a mi esposa nos encontramos felices por la solidaridad y humanismo demostrado por parte de esta adiminstraci\u00f3n provincial. El d\u00eda del concierto, la Prefecta me compr\u00f3 todos los canguiles que vend\u00eda y ahora me brinda atenci\u00f3n m\u00e9dica gratuita\u201d, enfatiz\u00f3 <strong>Adalberto P\u00e1rraga<\/strong>, conocido cari\u00f1osamente como el canguilero.<\/p>\t\t\t\t\t\t\t\t<\/div>\n\t\t\t\t<\/div>\n\t\t\t\t\t<\/div>\n\t\t\t\t<\/div>\n\t\t\t\t<\/div>\n\t\t","protected":false},"excerpt":{"rendered":"<p>En el concierto desarrollo del concierto \u201cEsmeraldas Tierra de Paz\u201d, la prefecta, Roberta Zambrano, conoci\u00f3 a Miriam Carr y Adalberto P\u00e1rraga, dos adultos mayores. Su historia de trabajo y amor la conmovi\u00f3, y decidi\u00f3 ayudarlos. El equipo de profesionales de la Unidad de Asistencia M\u00e9dica, Desarrollo Social y Cultural (UNAMYDESC), le brind\u00f3 atenci\u00f3n integral en [&hellip;]<\/p>\n","protected":false},"author":2,"featured_media":17559,"comment_status":"closed","ping_status":"open","sticky":false,"template":"","format":"standard","meta":{"footnotes":""},"categories":[13],"tags":[],"class_list":["post-17558","post","type-post","status-publish","format-standard","has-post-thumbnail","hentry","category-patronato"],"yoast_head":"<!-- This site is optimized with the Yoast SEO plugin v25.7 - https:\/\/yoast.com\/wordpress\/plugins\/seo\/ -->\n<title>Prefectura de Esmeraldas brinda atenci\u00f3n m\u00e9dica integral a dos adultos mayores - Gobierno Aut\u00f3nomo Descentralizado de la Provincia de Esmeraldas<\/title>\n<meta name=\"robots\" content=\"index, follow, max-snippet:-1, max-image-preview:large, max-video-preview:-1\" \/>\n<link rel=\"canonical\" href=\"https:\/\/prefecturadeesmeraldas.gob.ec\/index.php\/2022\/06\/23\/prefectura-de-esmeraldas-brinda-atencion-medica-integral-a-dos-adultos-mayores\/\" \/>\n<meta property=\"og:locale\" content=\"es_ES\" \/>\n<meta property=\"og:type\" content=\"article\" \/>\n<meta property=\"og:title\" content=\"Prefectura de Esmeraldas brinda atenci\u00f3n m\u00e9dica integral a dos adultos mayores - Gobierno Aut\u00f3nomo Descentralizado de la Provincia de Esmeraldas\" \/>\n<meta property=\"og:description\" content=\"En el concierto desarrollo del concierto \u201cEsmeraldas Tierra de Paz\u201d, la prefecta, Roberta Zambrano, conoci\u00f3 a Miriam Carr y Adalberto P\u00e1rraga, dos adultos mayores. Su historia de trabajo y amor la conmovi\u00f3, y decidi\u00f3 ayudarlos. El equipo de profesionales de la Unidad de Asistencia M\u00e9dica, Desarrollo Social y Cultural (UNAMYDESC), le brind\u00f3 atenci\u00f3n integral en [&hellip;]\" \/>\n<meta property=\"og:url\" content=\"https:\/\/prefecturadeesmeraldas.gob.ec\/index.php\/2022\/06\/23\/prefectura-de-esmeraldas-brinda-atencion-medica-integral-a-dos-adultos-mayores\/\" \/>\n<meta property=\"og:site_name\" content=\"Gobierno Aut\u00f3nomo Descentralizado de la Provincia de Esmeraldas\" \/>\n<meta property=\"article:publisher\" content=\"https:\/\/www.facebook.com\/PrefecturaEsmeraldas\/\" \/>\n<meta property=\"article:published_time\" content=\"2022-06-23T19:44:57+00:00\" \/>\n<meta property=\"article:modified_time\" content=\"2022-06-23T19:45:37+00:00\" \/>\n<meta property=\"og:image\" content=\"https:\/\/prefecturadeesmeraldas.gob.ec\/wp-content\/uploads\/2022\/06\/Imagen10-1.jpg\" \/>\n\t<meta property=\"og:image:width\" content=\"320\" \/>\n\t<meta property=\"og:image:height\" content=\"295\" \/>\n\t<meta property=\"og:image:type\" content=\"image\/jpeg\" \/>\n<meta name=\"author\" content=\"Direcci\u00f3n de Comunicaci\u00f3n\" \/>\n<meta name=\"twitter:card\" content=\"summary_large_image\" \/>\n<meta name=\"twitter:label1\" content=\"Escrito por\" \/>\n\t<meta name=\"twitter:data1\" content=\"Direcci\u00f3n de Comunicaci\u00f3n\" \/>\n\t<meta name=\"twitter:label2\" content=\"Tiempo de lectura\" \/>\n\t<meta name=\"twitter:data2\" content=\"2 minutos\" \/>\n<script type=\"application\/ld+json\" class=\"yoast-schema-graph\">{\"@context\":\"https:\/\/schema.org\",\"@graph\":[{\"@type\":\"Article\",\"@id\":\"https:\/\/prefecturadeesmeraldas.gob.ec\/index.php\/2022\/06\/23\/prefectura-de-esmeraldas-brinda-atencion-medica-integral-a-dos-adultos-mayores\/#article\",\"isPartOf\":{\"@id\":\"https:\/\/prefecturadeesmeraldas.gob.ec\/index.php\/2022\/06\/23\/prefectura-de-esmeraldas-brinda-atencion-medica-integral-a-dos-adultos-mayores\/\"},\"author\":{\"name\":\"Direcci\u00f3n de Comunicaci\u00f3n\",\"@id\":\"https:\/\/prefecturadeesmeraldas.gob.ec\/#\/schema\/person\/b0c9e7b1ead7725994d1e319e8825234\"},\"headline\":\"Prefectura de Esmeraldas brinda atenci\u00f3n m\u00e9dica integral a dos adultos mayores\",\"datePublished\":\"2022-06-23T19:44:57+00:00\",\"dateModified\":\"2022-06-23T19:45:37+00:00\",\"mainEntityOfPage\":{\"@id\":\"https:\/\/prefecturadeesmeraldas.gob.ec\/index.php\/2022\/06\/23\/prefectura-de-esmeraldas-brinda-atencion-medica-integral-a-dos-adultos-mayores\/\"},\"wordCount\":222,\"publisher\":{\"@id\":\"https:\/\/prefecturadeesmeraldas.gob.ec\/#organization\"},\"image\":{\"@id\":\"https:\/\/prefecturadeesmeraldas.gob.ec\/index.php\/2022\/06\/23\/prefectura-de-esmeraldas-brinda-atencion-medica-integral-a-dos-adultos-mayores\/#primaryimage\"},\"thumbnailUrl\":\"https:\/\/prefecturadeesmeraldas.gob.ec\/wp-content\/uploads\/2022\/06\/Imagen10-1.jpg\",\"articleSection\":[\"UNAMYDESC\"],\"inLanguage\":\"es\"},{\"@type\":\"WebPage\",\"@id\":\"https:\/\/prefecturadeesmeraldas.gob.ec\/index.php\/2022\/06\/23\/prefectura-de-esmeraldas-brinda-atencion-medica-integral-a-dos-adultos-mayores\/\",\"url\":\"https:\/\/prefecturadeesmeraldas.gob.ec\/index.php\/2022\/06\/23\/prefectura-de-esmeraldas-brinda-atencion-medica-integral-a-dos-adultos-mayores\/\",\"name\":\"Prefectura de Esmeraldas brinda atenci\u00f3n m\u00e9dica integral a dos adultos mayores - Gobierno Aut\u00f3nomo Descentralizado de la Provincia de Esmeraldas\",\"isPartOf\":{\"@id\":\"https:\/\/prefecturadeesmeraldas.gob.ec\/#website\"},\"primaryImageOfPage\":{\"@id\":\"https:\/\/prefecturadeesmeraldas.gob.ec\/index.php\/2022\/06\/23\/prefectura-de-esmeraldas-brinda-atencion-medica-integral-a-dos-adultos-mayores\/#primaryimage\"},\"image\":{\"@id\":\"https:\/\/prefecturadeesmeraldas.gob.ec\/index.php\/2022\/06\/23\/prefectura-de-esmeraldas-brinda-atencion-medica-integral-a-dos-adultos-mayores\/#primaryimage\"},\"thumbnailUrl\":\"https:\/\/prefecturadeesmeraldas.gob.ec\/wp-content\/uploads\/2022\/06\/Imagen10-1.jpg\",\"datePublished\":\"2022-06-23T19:44:57+00:00\",\"dateModified\":\"2022-06-23T19:45:37+00:00\",\"breadcrumb\":{\"@id\":\"https:\/\/prefecturadeesmeraldas.gob.ec\/index.php\/2022\/06\/23\/prefectura-de-esmeraldas-brinda-atencion-medica-integral-a-dos-adultos-mayores\/#breadcrumb\"},\"inLanguage\":\"es\",\"potentialAction\":[{\"@type\":\"ReadAction\",\"target\":[\"https:\/\/prefecturadeesmeraldas.gob.ec\/index.php\/2022\/06\/23\/prefectura-de-esmeraldas-brinda-atencion-medica-integral-a-dos-adultos-mayores\/\"]}]},{\"@type\":\"ImageObject\",\"inLanguage\":\"es\",\"@id\":\"https:\/\/prefecturadeesmeraldas.gob.ec\/index.php\/2022\/06\/23\/prefectura-de-esmeraldas-brinda-atencion-medica-integral-a-dos-adultos-mayores\/#primaryimage\",\"url\":\"https:\/\/prefecturadeesmeraldas.gob.ec\/wp-content\/uploads\/2022\/06\/Imagen10-1.jpg\",\"contentUrl\":\"https:\/\/prefecturadeesmeraldas.gob.ec\/wp-content\/uploads\/2022\/06\/Imagen10-1.jpg\",\"width\":320,\"height\":295},{\"@type\":\"BreadcrumbList\",\"@id\":\"https:\/\/prefecturadeesmeraldas.gob.ec\/index.php\/2022\/06\/23\/prefectura-de-esmeraldas-brinda-atencion-medica-integral-a-dos-adultos-mayores\/#breadcrumb\",\"itemListElement\":[{\"@type\":\"ListItem\",\"position\":1,\"name\":\"Home\",\"item\":\"https:\/\/prefecturadeesmeraldas.gob.ec\/\"},{\"@type\":\"ListItem\",\"position\":2,\"name\":\"Prefectura de Esmeraldas brinda atenci\u00f3n m\u00e9dica integral a dos adultos mayores\"}]},{\"@type\":\"WebSite\",\"@id\":\"https:\/\/prefecturadeesmeraldas.gob.ec\/#website\",\"url\":\"https:\/\/prefecturadeesmeraldas.gob.ec\/\",\"name\":\"Gobierno Aut\u00f3nomo Descentralizado de la Provincia de Esmeraldas\",\"description\":\"Gobierno Aut\u00f3nomo Descentralizado de la Provincia de Esmeraldas\",\"publisher\":{\"@id\":\"https:\/\/prefecturadeesmeraldas.gob.ec\/#organization\"},\"potentialAction\":[{\"@type\":\"SearchAction\",\"target\":{\"@type\":\"EntryPoint\",\"urlTemplate\":\"https:\/\/prefecturadeesmeraldas.gob.ec\/?s={search_term_string}\"},\"query-input\":{\"@type\":\"PropertyValueSpecification\",\"valueRequired\":true,\"valueName\":\"search_term_string\"}}],\"inLanguage\":\"es\"},{\"@type\":\"Organization\",\"@id\":\"https:\/\/prefecturadeesmeraldas.gob.ec\/#organization\",\"name\":\"Gobierno Aut\u00f3nomo Descentralizado de la Provincia de Esmeraldas\",\"url\":\"https:\/\/prefecturadeesmeraldas.gob.ec\/\",\"logo\":{\"@type\":\"ImageObject\",\"inLanguage\":\"es\",\"@id\":\"https:\/\/prefecturadeesmeraldas.gob.ec\/#\/schema\/logo\/image\/\",\"url\":\"https:\/\/prefecturadeesmeraldas.gob.ec\/wp-content\/uploads\/2019\/06\/logo.png\",\"contentUrl\":\"https:\/\/prefecturadeesmeraldas.gob.ec\/wp-content\/uploads\/2019\/06\/logo.png\",\"width\":859,\"height\":448,\"caption\":\"Gobierno Aut\u00f3nomo Descentralizado de la Provincia de Esmeraldas\"},\"image\":{\"@id\":\"https:\/\/prefecturadeesmeraldas.gob.ec\/#\/schema\/logo\/image\/\"},\"sameAs\":[\"https:\/\/www.facebook.com\/PrefecturaEsmeraldas\/\"]},{\"@type\":\"Person\",\"@id\":\"https:\/\/prefecturadeesmeraldas.gob.ec\/#\/schema\/person\/b0c9e7b1ead7725994d1e319e8825234\",\"name\":\"Direcci\u00f3n de Comunicaci\u00f3n\",\"image\":{\"@type\":\"ImageObject\",\"inLanguage\":\"es\",\"@id\":\"https:\/\/prefecturadeesmeraldas.gob.ec\/#\/schema\/person\/image\/\",\"url\":\"https:\/\/secure.gravatar.com\/avatar\/74a3870a946f5d774ade3569af61a72308e07ad3346f370c4b468ee2a9858658?s=96&d=mm&r=g\",\"contentUrl\":\"https:\/\/secure.gravatar.com\/avatar\/74a3870a946f5d774ade3569af61a72308e07ad3346f370c4b468ee2a9858658?s=96&d=mm&r=g\",\"caption\":\"Direcci\u00f3n de Comunicaci\u00f3n\"}}]}<\/script>\n<!-- \/ Yoast SEO plugin. -->","yoast_head_json":{"title":"Prefectura de Esmeraldas brinda atenci\u00f3n m\u00e9dica integral a dos adultos mayores - Gobierno Aut\u00f3nomo Descentralizado de la Provincia de Esmeraldas","robots":{"index":"index","follow":"follow","max-snippet":"max-snippet:-1","max-image-preview":"max-image-preview:large","max-video-preview":"max-video-preview:-1"},"canonical":"https:\/\/prefecturadeesmeraldas.gob.ec\/index.php\/2022\/06\/23\/prefectura-de-esmeraldas-brinda-atencion-medica-integral-a-dos-adultos-mayores\/","og_locale":"es_ES","og_type":"article","og_title":"Prefectura de Esmeraldas brinda atenci\u00f3n m\u00e9dica integral a dos adultos mayores - Gobierno Aut\u00f3nomo Descentralizado de la Provincia de Esmeraldas","og_description":"En el concierto desarrollo del concierto \u201cEsmeraldas Tierra de Paz\u201d, la prefecta, Roberta Zambrano, conoci\u00f3 a Miriam Carr y Adalberto P\u00e1rraga, dos adultos mayores. Su historia de trabajo y amor la conmovi\u00f3, y decidi\u00f3 ayudarlos. El equipo de profesionales de la Unidad de Asistencia M\u00e9dica, Desarrollo Social y Cultural (UNAMYDESC), le brind\u00f3 atenci\u00f3n integral en [&hellip;]","og_url":"https:\/\/prefecturadeesmeraldas.gob.ec\/index.php\/2022\/06\/23\/prefectura-de-esmeraldas-brinda-atencion-medica-integral-a-dos-adultos-mayores\/","og_site_name":"Gobierno Aut\u00f3nomo Descentralizado de la Provincia de Esmeraldas","article_publisher":"https:\/\/www.facebook.com\/PrefecturaEsmeraldas\/","article_published_time":"2022-06-23T19:44:57+00:00","article_modified_time":"2022-06-23T19:45:37+00:00","og_image":[{"width":320,"height":295,"url":"https:\/\/prefecturadeesmeraldas.gob.ec\/wp-content\/uploads\/2022\/06\/Imagen10-1.jpg","type":"image\/jpeg"}],"author":"Direcci\u00f3n de Comunicaci\u00f3n","twitter_card":"summary_large_image","twitter_misc":{"Escrito por":"Direcci\u00f3n de Comunicaci\u00f3n","Tiempo de lectura":"2 minutos"},"schema":{"@context":"https:\/\/schema.org","@graph":[{"@type":"Article","@id":"https:\/\/prefecturadeesmeraldas.gob.ec\/index.php\/2022\/06\/23\/prefectura-de-esmeraldas-brinda-atencion-medica-integral-a-dos-adultos-mayores\/#article","isPartOf":{"@id":"https:\/\/prefecturadeesmeraldas.gob.ec\/index.php\/2022\/06\/23\/prefectura-de-esmeraldas-brinda-atencion-medica-integral-a-dos-adultos-mayores\/"},"author":{"name":"Direcci\u00f3n de Comunicaci\u00f3n","@id":"https:\/\/prefecturadeesmeraldas.gob.ec\/#\/schema\/person\/b0c9e7b1ead7725994d1e319e8825234"},"headline":"Prefectura de Esmeraldas brinda atenci\u00f3n m\u00e9dica integral a dos adultos mayores","datePublished":"2022-06-23T19:44:57+00:00","dateModified":"2022-06-23T19:45:37+00:00","mainEntityOfPage":{"@id":"https:\/\/prefecturadeesmeraldas.gob.ec\/index.php\/2022\/06\/23\/prefectura-de-esmeraldas-brinda-atencion-medica-integral-a-dos-adultos-mayores\/"},"wordCount":222,"publisher":{"@id":"https:\/\/prefecturadeesmeraldas.gob.ec\/#organization"},"image":{"@id":"https:\/\/prefecturadeesmeraldas.gob.ec\/index.php\/2022\/06\/23\/prefectura-de-esmeraldas-brinda-atencion-medica-integral-a-dos-adultos-mayores\/#primaryimage"},"thumbnailUrl":"https:\/\/prefecturadeesmeraldas.gob.ec\/wp-content\/uploads\/2022\/06\/Imagen10-1.jpg","articleSection":["UNAMYDESC"],"inLanguage":"es"},{"@type":"WebPage","@id":"https:\/\/prefecturadeesmeraldas.gob.ec\/index.php\/2022\/06\/23\/prefectura-de-esmeraldas-brinda-atencion-medica-integral-a-dos-adultos-mayores\/","url":"https:\/\/prefecturadeesmeraldas.gob.ec\/index.php\/2022\/06\/23\/prefectura-de-esmeraldas-brinda-atencion-medica-integral-a-dos-adultos-mayores\/","name":"Prefectura de Esmeraldas brinda atenci\u00f3n m\u00e9dica integral a dos adultos mayores - Gobierno Aut\u00f3nomo Descentralizado de la Provincia de Esmeraldas","isPartOf":{"@id":"https:\/\/prefecturadeesmeraldas.gob.ec\/#website"},"primaryImageOfPage":{"@id":"https:\/\/prefecturadeesmeraldas.gob.ec\/index.php\/2022\/06\/23\/prefectura-de-esmeraldas-brinda-atencion-medica-integral-a-dos-adultos-mayores\/#primaryimage"},"image":{"@id":"https:\/\/prefecturadeesmeraldas.gob.ec\/index.php\/2022\/06\/23\/prefectura-de-esmeraldas-brinda-atencion-medica-integral-a-dos-adultos-mayores\/#primaryimage"},"thumbnailUrl":"https:\/\/prefecturadeesmeraldas.gob.ec\/wp-content\/uploads\/2022\/06\/Imagen10-1.jpg","datePublished":"2022-06-23T19:44:57+00:00","dateModified":"2022-06-23T19:45:37+00:00","breadcrumb":{"@id":"https:\/\/prefecturadeesmeraldas.gob.ec\/index.php\/2022\/06\/23\/prefectura-de-esmeraldas-brinda-atencion-medica-integral-a-dos-adultos-mayores\/#breadcrumb"},"inLanguage":"es","potentialAction":[{"@type":"ReadAction","target":["https:\/\/prefecturadeesmeraldas.gob.ec\/index.php\/2022\/06\/23\/prefectura-de-esmeraldas-brinda-atencion-medica-integral-a-dos-adultos-mayores\/"]}]},{"@type":"ImageObject","inLanguage":"es","@id":"https:\/\/prefecturadeesmeraldas.gob.ec\/index.php\/2022\/06\/23\/prefectura-de-esmeraldas-brinda-atencion-medica-integral-a-dos-adultos-mayores\/#primaryimage","url":"https:\/\/prefecturadeesmeraldas.gob.ec\/wp-content\/uploads\/2022\/06\/Imagen10-1.jpg","contentUrl":"https:\/\/prefecturadeesmeraldas.gob.ec\/wp-content\/uploads\/2022\/06\/Imagen10-1.jpg","width":320,"height":295},{"@type":"BreadcrumbList","@id":"https:\/\/prefecturadeesmeraldas.gob.ec\/index.php\/2022\/06\/23\/prefectura-de-esmeraldas-brinda-atencion-medica-integral-a-dos-adultos-mayores\/#breadcrumb","itemListElement":[{"@type":"ListItem","position":1,"name":"Home","item":"https:\/\/prefecturadeesmeraldas.gob.ec\/"},{"@type":"ListItem","position":2,"name":"Prefectura de Esmeraldas brinda atenci\u00f3n m\u00e9dica integral a dos adultos mayores"}]},{"@type":"WebSite","@id":"https:\/\/prefecturadeesmeraldas.gob.ec\/#website","url":"https:\/\/prefecturadeesmeraldas.gob.ec\/","name":"Gobierno Aut\u00f3nomo Descentralizado de la Provincia de Esmeraldas","description":"Gobierno Aut\u00f3nomo Descentralizado de la Provincia de Esmeraldas","publisher":{"@id":"https:\/\/prefecturadeesmeraldas.gob.ec\/#organization"},"potentialAction":[{"@type":"SearchAction","target":{"@type":"EntryPoint","urlTemplate":"https:\/\/prefecturadeesmeraldas.gob.ec\/?s={search_term_string}"},"query-input":{"@type":"PropertyValueSpecification","valueRequired":true,"valueName":"search_term_string"}}],"inLanguage":"es"},{"@type":"Organization","@id":"https:\/\/prefecturadeesmeraldas.gob.ec\/#organization","name":"Gobierno Aut\u00f3nomo Descentralizado de la Provincia de Esmeraldas","url":"https:\/\/prefecturadeesmeraldas.gob.ec\/","logo":{"@type":"ImageObject","inLanguage":"es","@id":"https:\/\/prefecturadeesmeraldas.gob.ec\/#\/schema\/logo\/image\/","url":"https:\/\/prefecturadeesmeraldas.gob.ec\/wp-content\/uploads\/2019\/06\/logo.png","contentUrl":"https:\/\/prefecturadeesmeraldas.gob.ec\/wp-content\/uploads\/2019\/06\/logo.png","width":859,"height":448,"caption":"Gobierno Aut\u00f3nomo Descentralizado de la Provincia de Esmeraldas"},"image":{"@id":"https:\/\/prefecturadeesmeraldas.gob.ec\/#\/schema\/logo\/image\/"},"sameAs":["https:\/\/www.facebook.com\/PrefecturaEsmeraldas\/"]},{"@type":"Person","@id":"https:\/\/prefecturadeesmeraldas.gob.ec\/#\/schema\/person\/b0c9e7b1ead7725994d1e319e8825234","name":"Direcci\u00f3n de Comunicaci\u00f3n","image":{"@type":"ImageObject","inLanguage":"es","@id":"https:\/\/prefecturadeesmeraldas.gob.ec\/#\/schema\/person\/image\/","url":"https:\/\/secure.gravatar.com\/avatar\/74a3870a946f5d774ade3569af61a72308e07ad3346f370c4b468ee2a9858658?s=96&d=mm&r=g","contentUrl":"https:\/\/secure.gravatar.com\/avatar\/74a3870a946f5d774ade3569af61a72308e07ad3346f370c4b468ee2a9858658?s=96&d=mm&r=g","caption":"Direcci\u00f3n de Comunicaci\u00f3n"}}]}},"_links":{"self":[{"href":"https:\/\/prefecturadeesmeraldas.gob.ec\/index.php\/wp-json\/wp\/v2\/posts\/17558","targetHints":{"allow":["GET"]}}],"collection":[{"href":"https:\/\/prefecturadeesmeraldas.gob.ec\/index.php\/wp-json\/wp\/v2\/posts"}],"about":[{"href":"https:\/\/prefecturadeesmeraldas.gob.ec\/index.php\/wp-json\/wp\/v2\/types\/post"}],"author":[{"embeddable":true,"href":"https:\/\/prefecturadeesmeraldas.gob.ec\/index.php\/wp-json\/wp\/v2\/users\/2"}],"replies":[{"embeddable":true,"href":"https:\/\/prefecturadeesmeraldas.gob.ec\/index.php\/wp-json\/wp\/v2\/comments?post=17558"}],"version-history":[{"count":0,"href":"https:\/\/prefecturadeesmeraldas.gob.ec\/index.php\/wp-json\/wp\/v2\/posts\/17558\/revisions"}],"wp:featuredmedia":[{"embeddable":true,"href":"https:\/\/prefecturadeesmeraldas.gob.ec\/index.php\/wp-json\/wp\/v2\/media\/17559"}],"wp:attachment":[{"href":"https:\/\/prefecturadeesmeraldas.gob.ec\/index.php\/wp-json\/wp\/v2\/media?parent=17558"}],"wp:term":[{"taxonomy":"category","embeddable":true,"href":"https:\/\/prefecturadeesmeraldas.gob.ec\/index.php\/wp-json\/wp\/v2\/categories?post=17558"},{"taxonomy":"post_tag","embeddable":true,"href":"https:\/\/prefecturadeesmeraldas.gob.ec\/index.php\/wp-json\/wp\/v2\/tags?post=17558"}],"curies":[{"name":"wp","href":"https:\/\/api.w.org\/{rel}","templated":true}]}}