{"id":16804,"date":"2022-06-14T11:28:30","date_gmt":"2022-06-14T16:28:30","guid":{"rendered":"https:\/\/prefecturadeesmeraldas.gob.ec\/?p=16804"},"modified":"2022-06-14T11:29:26","modified_gmt":"2022-06-14T16:29:26","slug":"prefectura-de-esmeraldas-implementa-herramientas-que-ayudan-a-la-ninez-a-tener-mejor-calidad-de-vida","status":"publish","type":"post","link":"https:\/\/prefecturadeesmeraldas.gob.ec\/index.php\/2022\/06\/14\/prefectura-de-esmeraldas-implementa-herramientas-que-ayudan-a-la-ninez-a-tener-mejor-calidad-de-vida\/","title":{"rendered":"Prefectura de Esmeraldas implementa herramientas que ayudan a la ni\u00f1ez a tener mejor calidad de vida"},"content":{"rendered":"\t\t<div data-elementor-type=\"wp-post\" data-elementor-id=\"16804\" class=\"elementor elementor-16804\">\n\t\t\t\t\t\t<section class=\"elementor-section elementor-top-section elementor-element elementor-element-6111e8b elementor-section-boxed elementor-section-height-default elementor-section-height-default\" data-id=\"6111e8b\" data-element_type=\"section\">\n\t\t\t\t\t\t<div class=\"elementor-container elementor-column-gap-default\">\n\t\t\t\t\t<div class=\"elementor-column elementor-col-100 elementor-top-column elementor-element elementor-element-da914ef\" data-id=\"da914ef\" data-element_type=\"column\">\n\t\t\t<div class=\"elementor-widget-wrap elementor-element-populated\">\n\t\t\t\t\t\t<div class=\"elementor-element elementor-element-69e2efd elementor-widget elementor-widget-image\" data-id=\"69e2efd\" data-element_type=\"widget\" data-widget_type=\"image.default\">\n\t\t\t\t<div class=\"elementor-widget-container\">\n\t\t\t\t\t\t\t\t\t\t\t\t\t\t\t<img fetchpriority=\"high\" decoding=\"async\" width=\"566\" height=\"565\" src=\"https:\/\/prefecturadeesmeraldas.gob.ec\/wp-content\/uploads\/2022\/06\/Imagen47.jpg\" class=\"attachment-large size-large wp-image-16805\" alt=\"\" srcset=\"https:\/\/prefecturadeesmeraldas.gob.ec\/wp-content\/uploads\/2022\/06\/Imagen47.jpg 566w, https:\/\/prefecturadeesmeraldas.gob.ec\/wp-content\/uploads\/2022\/06\/Imagen47-240x240.jpg 240w, https:\/\/prefecturadeesmeraldas.gob.ec\/wp-content\/uploads\/2022\/06\/Imagen47-150x150.jpg 150w, https:\/\/prefecturadeesmeraldas.gob.ec\/wp-content\/uploads\/2022\/06\/Imagen47-300x300.jpg 300w\" sizes=\"(max-width: 566px) 100vw, 566px\" \/>\t\t\t\t\t\t\t\t\t\t\t\t\t\t\t<\/div>\n\t\t\t\t<\/div>\n\t\t\t\t\t<\/div>\n\t\t<\/div>\n\t\t\t\t\t<\/div>\n\t\t<\/section>\n\t\t\t\t<section class=\"elementor-section elementor-top-section elementor-element elementor-element-28fcb5c elementor-section-boxed elementor-section-height-default elementor-section-height-default\" data-id=\"28fcb5c\" data-element_type=\"section\">\n\t\t\t\t\t\t<div class=\"elementor-container elementor-column-gap-default\">\n\t\t\t\t\t<div class=\"elementor-column elementor-col-100 elementor-top-column elementor-element elementor-element-af849a2\" data-id=\"af849a2\" data-element_type=\"column\">\n\t\t\t<div class=\"elementor-widget-wrap elementor-element-populated\">\n\t\t\t\t\t\t<div class=\"elementor-element elementor-element-5e9562f elementor-widget elementor-widget-text-editor\" data-id=\"5e9562f\" data-element_type=\"widget\" data-widget_type=\"text-editor.default\">\n\t\t\t\t<div class=\"elementor-widget-container\">\n\t\t\t\t\t\t\t\t\t<p>La Prefectura de Esmeraldas, a trav\u00e9s de <strong>UNAMYDESC<\/strong>, dict\u00f3 un taller sobre el \u2018<strong>Sistema alternativo de comunicaci\u00f3n<\/strong>\u2019, dirigido a los padres de familia que son parte del proceso de terapias de la ni\u00f1ez en el aula l\u00fadica del Centro M\u00e9dico de Especialidades.<\/p><p><\/p><p>De este proceso, participaron <strong>20 padres de familia<\/strong> que tienen sus ni\u00f1os atendi\u00e9ndose en el \u00e1rea de terapias con diversos diagn\u00f3sticos, quienes aprenden estrategias de apoyo para poder implementarlas en las actividades diarias de los ni\u00f1os, como es el entorno familiar y el social, logrando de esta forma una inserci\u00f3n m\u00e1s efectiva.<\/p><p><\/p><p>Durante la charla, la neuro &#8211; psic\u00f3loga, <strong>Ana Cristina V\u00e9lez<\/strong>, explic\u00f3 la importancia de reconocer que los ni\u00f1os no tienen una dificultad, porque la ruta oral no es suficiente para que ellos capten una orden y logren cumplirla de manera efectiva.<\/p><p><\/p><p>Para complementar este proceso, en dos semanas se trabajar\u00e1 con los docentes de los ni\u00f1os que son parte del programa de aula l\u00fadica de la Prefectura de Esmeraldas, para conseguir hablar el mismo lenguaje y de esta forma se ayudar\u00e1 a que estos ni\u00f1os tengan mejor calidad de vida.<\/p><p><\/p><p>Para <strong>Dana Pe\u00f1afiel<\/strong>, madre de familia, es un excelente proceso porque contribuye a contar con las herramientas para poder canalizar la energ\u00eda y las acciones que ejecutan los ni\u00f1os con capacidades diferentes.\u00a0\u00a0<\/p><p><\/p><p>Mientras que, la madre de familia, <strong>Ana Zambrano<\/strong>, consider\u00f3 que, es una gran labor la de la prefecta, <strong>Roberta Zambrano<\/strong>, porque en la provincia de Esmeraldas no existe otro sitio igual para realizar las terapias para poder sobrellevar lo que implica el d\u00eda a d\u00eda con un ni\u00f1o con capacidades diferentes.\u00a0\u00a0<\/p><p><\/p><p><strong>Sady Figueroa Bautista<\/strong>, otra madre de familia, manifest\u00f3 que felicita a la prefecta, <strong>Roberta Zambrano<\/strong>, por la iniciativa de apoyar esta clase de labor.<\/p>\t\t\t\t\t\t\t\t<\/div>\n\t\t\t\t<\/div>\n\t\t\t\t\t<\/div>\n\t\t<\/div>\n\t\t\t\t\t<\/div>\n\t\t<\/section>\n\t\t\t\t<\/div>\n\t\t","protected":false},"excerpt":{"rendered":"<p>La Prefectura de Esmeraldas, a trav\u00e9s de UNAMYDESC, dict\u00f3 un taller sobre el \u2018Sistema alternativo de comunicaci\u00f3n\u2019, dirigido a los padres de familia que son parte del proceso de terapias de la ni\u00f1ez en el aula l\u00fadica del Centro M\u00e9dico de Especialidades. De este proceso, participaron 20 padres de familia que tienen sus ni\u00f1os atendi\u00e9ndose [&hellip;]<\/p>\n","protected":false},"author":2,"featured_media":16805,"comment_status":"closed","ping_status":"open","sticky":false,"template":"","format":"standard","meta":{"footnotes":""},"categories":[13],"tags":[],"class_list":["post-16804","post","type-post","status-publish","format-standard","has-post-thumbnail","hentry","category-patronato"],"yoast_head":"<!-- This site is optimized with the Yoast SEO plugin v25.7 - https:\/\/yoast.com\/wordpress\/plugins\/seo\/ -->\n<title>Prefectura de Esmeraldas implementa herramientas que ayudan a la ni\u00f1ez a tener mejor calidad de vida - Gobierno Aut\u00f3nomo Descentralizado de la Provincia de Esmeraldas<\/title>\n<meta name=\"robots\" content=\"index, follow, max-snippet:-1, max-image-preview:large, max-video-preview:-1\" \/>\n<link rel=\"canonical\" href=\"https:\/\/prefecturadeesmeraldas.gob.ec\/index.php\/2022\/06\/14\/prefectura-de-esmeraldas-implementa-herramientas-que-ayudan-a-la-ninez-a-tener-mejor-calidad-de-vida\/\" \/>\n<meta property=\"og:locale\" content=\"es_ES\" \/>\n<meta property=\"og:type\" content=\"article\" \/>\n<meta property=\"og:title\" content=\"Prefectura de Esmeraldas implementa herramientas que ayudan a la ni\u00f1ez a tener mejor calidad de vida - Gobierno Aut\u00f3nomo Descentralizado de la Provincia de Esmeraldas\" \/>\n<meta property=\"og:description\" content=\"La Prefectura de Esmeraldas, a trav\u00e9s de UNAMYDESC, dict\u00f3 un taller sobre el \u2018Sistema alternativo de comunicaci\u00f3n\u2019, dirigido a los padres de familia que son parte del proceso de terapias de la ni\u00f1ez en el aula l\u00fadica del Centro M\u00e9dico de Especialidades. De este proceso, participaron 20 padres de familia que tienen sus ni\u00f1os atendi\u00e9ndose [&hellip;]\" \/>\n<meta property=\"og:url\" content=\"https:\/\/prefecturadeesmeraldas.gob.ec\/index.php\/2022\/06\/14\/prefectura-de-esmeraldas-implementa-herramientas-que-ayudan-a-la-ninez-a-tener-mejor-calidad-de-vida\/\" \/>\n<meta property=\"og:site_name\" content=\"Gobierno Aut\u00f3nomo Descentralizado de la Provincia de Esmeraldas\" \/>\n<meta property=\"article:publisher\" content=\"https:\/\/www.facebook.com\/PrefecturaEsmeraldas\/\" \/>\n<meta property=\"article:published_time\" content=\"2022-06-14T16:28:30+00:00\" \/>\n<meta property=\"article:modified_time\" content=\"2022-06-14T16:29:26+00:00\" \/>\n<meta property=\"og:image\" content=\"https:\/\/prefecturadeesmeraldas.gob.ec\/wp-content\/uploads\/2022\/06\/Imagen47.jpg\" \/>\n\t<meta property=\"og:image:width\" content=\"566\" \/>\n\t<meta property=\"og:image:height\" content=\"565\" \/>\n\t<meta property=\"og:image:type\" content=\"image\/jpeg\" \/>\n<meta name=\"author\" content=\"Direcci\u00f3n de Comunicaci\u00f3n\" \/>\n<meta name=\"twitter:card\" content=\"summary_large_image\" \/>\n<meta name=\"twitter:label1\" content=\"Escrito por\" \/>\n\t<meta name=\"twitter:data1\" content=\"Direcci\u00f3n de Comunicaci\u00f3n\" \/>\n\t<meta name=\"twitter:label2\" content=\"Tiempo de lectura\" \/>\n\t<meta name=\"twitter:data2\" content=\"2 minutos\" \/>\n<script type=\"application\/ld+json\" class=\"yoast-schema-graph\">{\"@context\":\"https:\/\/schema.org\",\"@graph\":[{\"@type\":\"Article\",\"@id\":\"https:\/\/prefecturadeesmeraldas.gob.ec\/index.php\/2022\/06\/14\/prefectura-de-esmeraldas-implementa-herramientas-que-ayudan-a-la-ninez-a-tener-mejor-calidad-de-vida\/#article\",\"isPartOf\":{\"@id\":\"https:\/\/prefecturadeesmeraldas.gob.ec\/index.php\/2022\/06\/14\/prefectura-de-esmeraldas-implementa-herramientas-que-ayudan-a-la-ninez-a-tener-mejor-calidad-de-vida\/\"},\"author\":{\"name\":\"Direcci\u00f3n de Comunicaci\u00f3n\",\"@id\":\"https:\/\/prefecturadeesmeraldas.gob.ec\/#\/schema\/person\/b0c9e7b1ead7725994d1e319e8825234\"},\"headline\":\"Prefectura de Esmeraldas implementa herramientas que ayudan a la ni\u00f1ez a tener mejor calidad de vida\",\"datePublished\":\"2022-06-14T16:28:30+00:00\",\"dateModified\":\"2022-06-14T16:29:26+00:00\",\"mainEntityOfPage\":{\"@id\":\"https:\/\/prefecturadeesmeraldas.gob.ec\/index.php\/2022\/06\/14\/prefectura-de-esmeraldas-implementa-herramientas-que-ayudan-a-la-ninez-a-tener-mejor-calidad-de-vida\/\"},\"wordCount\":330,\"publisher\":{\"@id\":\"https:\/\/prefecturadeesmeraldas.gob.ec\/#organization\"},\"image\":{\"@id\":\"https:\/\/prefecturadeesmeraldas.gob.ec\/index.php\/2022\/06\/14\/prefectura-de-esmeraldas-implementa-herramientas-que-ayudan-a-la-ninez-a-tener-mejor-calidad-de-vida\/#primaryimage\"},\"thumbnailUrl\":\"https:\/\/prefecturadeesmeraldas.gob.ec\/wp-content\/uploads\/2022\/06\/Imagen47.jpg\",\"articleSection\":[\"UNAMYDESC\"],\"inLanguage\":\"es\"},{\"@type\":\"WebPage\",\"@id\":\"https:\/\/prefecturadeesmeraldas.gob.ec\/index.php\/2022\/06\/14\/prefectura-de-esmeraldas-implementa-herramientas-que-ayudan-a-la-ninez-a-tener-mejor-calidad-de-vida\/\",\"url\":\"https:\/\/prefecturadeesmeraldas.gob.ec\/index.php\/2022\/06\/14\/prefectura-de-esmeraldas-implementa-herramientas-que-ayudan-a-la-ninez-a-tener-mejor-calidad-de-vida\/\",\"name\":\"Prefectura de Esmeraldas implementa herramientas que ayudan a la ni\u00f1ez a tener mejor calidad de vida - Gobierno Aut\u00f3nomo Descentralizado de la Provincia de Esmeraldas\",\"isPartOf\":{\"@id\":\"https:\/\/prefecturadeesmeraldas.gob.ec\/#website\"},\"primaryImageOfPage\":{\"@id\":\"https:\/\/prefecturadeesmeraldas.gob.ec\/index.php\/2022\/06\/14\/prefectura-de-esmeraldas-implementa-herramientas-que-ayudan-a-la-ninez-a-tener-mejor-calidad-de-vida\/#primaryimage\"},\"image\":{\"@id\":\"https:\/\/prefecturadeesmeraldas.gob.ec\/index.php\/2022\/06\/14\/prefectura-de-esmeraldas-implementa-herramientas-que-ayudan-a-la-ninez-a-tener-mejor-calidad-de-vida\/#primaryimage\"},\"thumbnailUrl\":\"https:\/\/prefecturadeesmeraldas.gob.ec\/wp-content\/uploads\/2022\/06\/Imagen47.jpg\",\"datePublished\":\"2022-06-14T16:28:30+00:00\",\"dateModified\":\"2022-06-14T16:29:26+00:00\",\"breadcrumb\":{\"@id\":\"https:\/\/prefecturadeesmeraldas.gob.ec\/index.php\/2022\/06\/14\/prefectura-de-esmeraldas-implementa-herramientas-que-ayudan-a-la-ninez-a-tener-mejor-calidad-de-vida\/#breadcrumb\"},\"inLanguage\":\"es\",\"potentialAction\":[{\"@type\":\"ReadAction\",\"target\":[\"https:\/\/prefecturadeesmeraldas.gob.ec\/index.php\/2022\/06\/14\/prefectura-de-esmeraldas-implementa-herramientas-que-ayudan-a-la-ninez-a-tener-mejor-calidad-de-vida\/\"]}]},{\"@type\":\"ImageObject\",\"inLanguage\":\"es\",\"@id\":\"https:\/\/prefecturadeesmeraldas.gob.ec\/index.php\/2022\/06\/14\/prefectura-de-esmeraldas-implementa-herramientas-que-ayudan-a-la-ninez-a-tener-mejor-calidad-de-vida\/#primaryimage\",\"url\":\"https:\/\/prefecturadeesmeraldas.gob.ec\/wp-content\/uploads\/2022\/06\/Imagen47.jpg\",\"contentUrl\":\"https:\/\/prefecturadeesmeraldas.gob.ec\/wp-content\/uploads\/2022\/06\/Imagen47.jpg\",\"width\":566,\"height\":565},{\"@type\":\"BreadcrumbList\",\"@id\":\"https:\/\/prefecturadeesmeraldas.gob.ec\/index.php\/2022\/06\/14\/prefectura-de-esmeraldas-implementa-herramientas-que-ayudan-a-la-ninez-a-tener-mejor-calidad-de-vida\/#breadcrumb\",\"itemListElement\":[{\"@type\":\"ListItem\",\"position\":1,\"name\":\"Home\",\"item\":\"https:\/\/prefecturadeesmeraldas.gob.ec\/\"},{\"@type\":\"ListItem\",\"position\":2,\"name\":\"Prefectura de Esmeraldas implementa herramientas que ayudan a la ni\u00f1ez a tener mejor calidad de vida\"}]},{\"@type\":\"WebSite\",\"@id\":\"https:\/\/prefecturadeesmeraldas.gob.ec\/#website\",\"url\":\"https:\/\/prefecturadeesmeraldas.gob.ec\/\",\"name\":\"Gobierno Aut\u00f3nomo Descentralizado de la Provincia de Esmeraldas\",\"description\":\"Gobierno Aut\u00f3nomo Descentralizado de la Provincia de Esmeraldas\",\"publisher\":{\"@id\":\"https:\/\/prefecturadeesmeraldas.gob.ec\/#organization\"},\"potentialAction\":[{\"@type\":\"SearchAction\",\"target\":{\"@type\":\"EntryPoint\",\"urlTemplate\":\"https:\/\/prefecturadeesmeraldas.gob.ec\/?s={search_term_string}\"},\"query-input\":{\"@type\":\"PropertyValueSpecification\",\"valueRequired\":true,\"valueName\":\"search_term_string\"}}],\"inLanguage\":\"es\"},{\"@type\":\"Organization\",\"@id\":\"https:\/\/prefecturadeesmeraldas.gob.ec\/#organization\",\"name\":\"Gobierno Aut\u00f3nomo Descentralizado de la Provincia de Esmeraldas\",\"url\":\"https:\/\/prefecturadeesmeraldas.gob.ec\/\",\"logo\":{\"@type\":\"ImageObject\",\"inLanguage\":\"es\",\"@id\":\"https:\/\/prefecturadeesmeraldas.gob.ec\/#\/schema\/logo\/image\/\",\"url\":\"https:\/\/prefecturadeesmeraldas.gob.ec\/wp-content\/uploads\/2019\/06\/logo.png\",\"contentUrl\":\"https:\/\/prefecturadeesmeraldas.gob.ec\/wp-content\/uploads\/2019\/06\/logo.png\",\"width\":859,\"height\":448,\"caption\":\"Gobierno Aut\u00f3nomo Descentralizado de la Provincia de Esmeraldas\"},\"image\":{\"@id\":\"https:\/\/prefecturadeesmeraldas.gob.ec\/#\/schema\/logo\/image\/\"},\"sameAs\":[\"https:\/\/www.facebook.com\/PrefecturaEsmeraldas\/\"]},{\"@type\":\"Person\",\"@id\":\"https:\/\/prefecturadeesmeraldas.gob.ec\/#\/schema\/person\/b0c9e7b1ead7725994d1e319e8825234\",\"name\":\"Direcci\u00f3n de Comunicaci\u00f3n\",\"image\":{\"@type\":\"ImageObject\",\"inLanguage\":\"es\",\"@id\":\"https:\/\/prefecturadeesmeraldas.gob.ec\/#\/schema\/person\/image\/\",\"url\":\"https:\/\/secure.gravatar.com\/avatar\/74a3870a946f5d774ade3569af61a72308e07ad3346f370c4b468ee2a9858658?s=96&d=mm&r=g\",\"contentUrl\":\"https:\/\/secure.gravatar.com\/avatar\/74a3870a946f5d774ade3569af61a72308e07ad3346f370c4b468ee2a9858658?s=96&d=mm&r=g\",\"caption\":\"Direcci\u00f3n de Comunicaci\u00f3n\"}}]}<\/script>\n<!-- \/ Yoast SEO plugin. -->","yoast_head_json":{"title":"Prefectura de Esmeraldas implementa herramientas que ayudan a la ni\u00f1ez a tener mejor calidad de vida - Gobierno Aut\u00f3nomo Descentralizado de la Provincia de Esmeraldas","robots":{"index":"index","follow":"follow","max-snippet":"max-snippet:-1","max-image-preview":"max-image-preview:large","max-video-preview":"max-video-preview:-1"},"canonical":"https:\/\/prefecturadeesmeraldas.gob.ec\/index.php\/2022\/06\/14\/prefectura-de-esmeraldas-implementa-herramientas-que-ayudan-a-la-ninez-a-tener-mejor-calidad-de-vida\/","og_locale":"es_ES","og_type":"article","og_title":"Prefectura de Esmeraldas implementa herramientas que ayudan a la ni\u00f1ez a tener mejor calidad de vida - Gobierno Aut\u00f3nomo Descentralizado de la Provincia de Esmeraldas","og_description":"La Prefectura de Esmeraldas, a trav\u00e9s de UNAMYDESC, dict\u00f3 un taller sobre el \u2018Sistema alternativo de comunicaci\u00f3n\u2019, dirigido a los padres de familia que son parte del proceso de terapias de la ni\u00f1ez en el aula l\u00fadica del Centro M\u00e9dico de Especialidades. De este proceso, participaron 20 padres de familia que tienen sus ni\u00f1os atendi\u00e9ndose [&hellip;]","og_url":"https:\/\/prefecturadeesmeraldas.gob.ec\/index.php\/2022\/06\/14\/prefectura-de-esmeraldas-implementa-herramientas-que-ayudan-a-la-ninez-a-tener-mejor-calidad-de-vida\/","og_site_name":"Gobierno Aut\u00f3nomo Descentralizado de la Provincia de Esmeraldas","article_publisher":"https:\/\/www.facebook.com\/PrefecturaEsmeraldas\/","article_published_time":"2022-06-14T16:28:30+00:00","article_modified_time":"2022-06-14T16:29:26+00:00","og_image":[{"width":566,"height":565,"url":"https:\/\/prefecturadeesmeraldas.gob.ec\/wp-content\/uploads\/2022\/06\/Imagen47.jpg","type":"image\/jpeg"}],"author":"Direcci\u00f3n de Comunicaci\u00f3n","twitter_card":"summary_large_image","twitter_misc":{"Escrito por":"Direcci\u00f3n de Comunicaci\u00f3n","Tiempo de lectura":"2 minutos"},"schema":{"@context":"https:\/\/schema.org","@graph":[{"@type":"Article","@id":"https:\/\/prefecturadeesmeraldas.gob.ec\/index.php\/2022\/06\/14\/prefectura-de-esmeraldas-implementa-herramientas-que-ayudan-a-la-ninez-a-tener-mejor-calidad-de-vida\/#article","isPartOf":{"@id":"https:\/\/prefecturadeesmeraldas.gob.ec\/index.php\/2022\/06\/14\/prefectura-de-esmeraldas-implementa-herramientas-que-ayudan-a-la-ninez-a-tener-mejor-calidad-de-vida\/"},"author":{"name":"Direcci\u00f3n de Comunicaci\u00f3n","@id":"https:\/\/prefecturadeesmeraldas.gob.ec\/#\/schema\/person\/b0c9e7b1ead7725994d1e319e8825234"},"headline":"Prefectura de Esmeraldas implementa herramientas que ayudan a la ni\u00f1ez a tener mejor calidad de vida","datePublished":"2022-06-14T16:28:30+00:00","dateModified":"2022-06-14T16:29:26+00:00","mainEntityOfPage":{"@id":"https:\/\/prefecturadeesmeraldas.gob.ec\/index.php\/2022\/06\/14\/prefectura-de-esmeraldas-implementa-herramientas-que-ayudan-a-la-ninez-a-tener-mejor-calidad-de-vida\/"},"wordCount":330,"publisher":{"@id":"https:\/\/prefecturadeesmeraldas.gob.ec\/#organization"},"image":{"@id":"https:\/\/prefecturadeesmeraldas.gob.ec\/index.php\/2022\/06\/14\/prefectura-de-esmeraldas-implementa-herramientas-que-ayudan-a-la-ninez-a-tener-mejor-calidad-de-vida\/#primaryimage"},"thumbnailUrl":"https:\/\/prefecturadeesmeraldas.gob.ec\/wp-content\/uploads\/2022\/06\/Imagen47.jpg","articleSection":["UNAMYDESC"],"inLanguage":"es"},{"@type":"WebPage","@id":"https:\/\/prefecturadeesmeraldas.gob.ec\/index.php\/2022\/06\/14\/prefectura-de-esmeraldas-implementa-herramientas-que-ayudan-a-la-ninez-a-tener-mejor-calidad-de-vida\/","url":"https:\/\/prefecturadeesmeraldas.gob.ec\/index.php\/2022\/06\/14\/prefectura-de-esmeraldas-implementa-herramientas-que-ayudan-a-la-ninez-a-tener-mejor-calidad-de-vida\/","name":"Prefectura de Esmeraldas implementa herramientas que ayudan a la ni\u00f1ez a tener mejor calidad de vida - Gobierno Aut\u00f3nomo Descentralizado de la Provincia de Esmeraldas","isPartOf":{"@id":"https:\/\/prefecturadeesmeraldas.gob.ec\/#website"},"primaryImageOfPage":{"@id":"https:\/\/prefecturadeesmeraldas.gob.ec\/index.php\/2022\/06\/14\/prefectura-de-esmeraldas-implementa-herramientas-que-ayudan-a-la-ninez-a-tener-mejor-calidad-de-vida\/#primaryimage"},"image":{"@id":"https:\/\/prefecturadeesmeraldas.gob.ec\/index.php\/2022\/06\/14\/prefectura-de-esmeraldas-implementa-herramientas-que-ayudan-a-la-ninez-a-tener-mejor-calidad-de-vida\/#primaryimage"},"thumbnailUrl":"https:\/\/prefecturadeesmeraldas.gob.ec\/wp-content\/uploads\/2022\/06\/Imagen47.jpg","datePublished":"2022-06-14T16:28:30+00:00","dateModified":"2022-06-14T16:29:26+00:00","breadcrumb":{"@id":"https:\/\/prefecturadeesmeraldas.gob.ec\/index.php\/2022\/06\/14\/prefectura-de-esmeraldas-implementa-herramientas-que-ayudan-a-la-ninez-a-tener-mejor-calidad-de-vida\/#breadcrumb"},"inLanguage":"es","potentialAction":[{"@type":"ReadAction","target":["https:\/\/prefecturadeesmeraldas.gob.ec\/index.php\/2022\/06\/14\/prefectura-de-esmeraldas-implementa-herramientas-que-ayudan-a-la-ninez-a-tener-mejor-calidad-de-vida\/"]}]},{"@type":"ImageObject","inLanguage":"es","@id":"https:\/\/prefecturadeesmeraldas.gob.ec\/index.php\/2022\/06\/14\/prefectura-de-esmeraldas-implementa-herramientas-que-ayudan-a-la-ninez-a-tener-mejor-calidad-de-vida\/#primaryimage","url":"https:\/\/prefecturadeesmeraldas.gob.ec\/wp-content\/uploads\/2022\/06\/Imagen47.jpg","contentUrl":"https:\/\/prefecturadeesmeraldas.gob.ec\/wp-content\/uploads\/2022\/06\/Imagen47.jpg","width":566,"height":565},{"@type":"BreadcrumbList","@id":"https:\/\/prefecturadeesmeraldas.gob.ec\/index.php\/2022\/06\/14\/prefectura-de-esmeraldas-implementa-herramientas-que-ayudan-a-la-ninez-a-tener-mejor-calidad-de-vida\/#breadcrumb","itemListElement":[{"@type":"ListItem","position":1,"name":"Home","item":"https:\/\/prefecturadeesmeraldas.gob.ec\/"},{"@type":"ListItem","position":2,"name":"Prefectura de Esmeraldas implementa herramientas que ayudan a la ni\u00f1ez a tener mejor calidad de vida"}]},{"@type":"WebSite","@id":"https:\/\/prefecturadeesmeraldas.gob.ec\/#website","url":"https:\/\/prefecturadeesmeraldas.gob.ec\/","name":"Gobierno Aut\u00f3nomo Descentralizado de la Provincia de Esmeraldas","description":"Gobierno Aut\u00f3nomo Descentralizado de la Provincia de Esmeraldas","publisher":{"@id":"https:\/\/prefecturadeesmeraldas.gob.ec\/#organization"},"potentialAction":[{"@type":"SearchAction","target":{"@type":"EntryPoint","urlTemplate":"https:\/\/prefecturadeesmeraldas.gob.ec\/?s={search_term_string}"},"query-input":{"@type":"PropertyValueSpecification","valueRequired":true,"valueName":"search_term_string"}}],"inLanguage":"es"},{"@type":"Organization","@id":"https:\/\/prefecturadeesmeraldas.gob.ec\/#organization","name":"Gobierno Aut\u00f3nomo Descentralizado de la Provincia de Esmeraldas","url":"https:\/\/prefecturadeesmeraldas.gob.ec\/","logo":{"@type":"ImageObject","inLanguage":"es","@id":"https:\/\/prefecturadeesmeraldas.gob.ec\/#\/schema\/logo\/image\/","url":"https:\/\/prefecturadeesmeraldas.gob.ec\/wp-content\/uploads\/2019\/06\/logo.png","contentUrl":"https:\/\/prefecturadeesmeraldas.gob.ec\/wp-content\/uploads\/2019\/06\/logo.png","width":859,"height":448,"caption":"Gobierno Aut\u00f3nomo Descentralizado de la Provincia de Esmeraldas"},"image":{"@id":"https:\/\/prefecturadeesmeraldas.gob.ec\/#\/schema\/logo\/image\/"},"sameAs":["https:\/\/www.facebook.com\/PrefecturaEsmeraldas\/"]},{"@type":"Person","@id":"https:\/\/prefecturadeesmeraldas.gob.ec\/#\/schema\/person\/b0c9e7b1ead7725994d1e319e8825234","name":"Direcci\u00f3n de Comunicaci\u00f3n","image":{"@type":"ImageObject","inLanguage":"es","@id":"https:\/\/prefecturadeesmeraldas.gob.ec\/#\/schema\/person\/image\/","url":"https:\/\/secure.gravatar.com\/avatar\/74a3870a946f5d774ade3569af61a72308e07ad3346f370c4b468ee2a9858658?s=96&d=mm&r=g","contentUrl":"https:\/\/secure.gravatar.com\/avatar\/74a3870a946f5d774ade3569af61a72308e07ad3346f370c4b468ee2a9858658?s=96&d=mm&r=g","caption":"Direcci\u00f3n de Comunicaci\u00f3n"}}]}},"_links":{"self":[{"href":"https:\/\/prefecturadeesmeraldas.gob.ec\/index.php\/wp-json\/wp\/v2\/posts\/16804","targetHints":{"allow":["GET"]}}],"collection":[{"href":"https:\/\/prefecturadeesmeraldas.gob.ec\/index.php\/wp-json\/wp\/v2\/posts"}],"about":[{"href":"https:\/\/prefecturadeesmeraldas.gob.ec\/index.php\/wp-json\/wp\/v2\/types\/post"}],"author":[{"embeddable":true,"href":"https:\/\/prefecturadeesmeraldas.gob.ec\/index.php\/wp-json\/wp\/v2\/users\/2"}],"replies":[{"embeddable":true,"href":"https:\/\/prefecturadeesmeraldas.gob.ec\/index.php\/wp-json\/wp\/v2\/comments?post=16804"}],"version-history":[{"count":0,"href":"https:\/\/prefecturadeesmeraldas.gob.ec\/index.php\/wp-json\/wp\/v2\/posts\/16804\/revisions"}],"wp:featuredmedia":[{"embeddable":true,"href":"https:\/\/prefecturadeesmeraldas.gob.ec\/index.php\/wp-json\/wp\/v2\/media\/16805"}],"wp:attachment":[{"href":"https:\/\/prefecturadeesmeraldas.gob.ec\/index.php\/wp-json\/wp\/v2\/media?parent=16804"}],"wp:term":[{"taxonomy":"category","embeddable":true,"href":"https:\/\/prefecturadeesmeraldas.gob.ec\/index.php\/wp-json\/wp\/v2\/categories?post=16804"},{"taxonomy":"post_tag","embeddable":true,"href":"https:\/\/prefecturadeesmeraldas.gob.ec\/index.php\/wp-json\/wp\/v2\/tags?post=16804"}],"curies":[{"name":"wp","href":"https:\/\/api.w.org\/{rel}","templated":true}]}}