{"id":16755,"date":"2022-06-10T12:17:33","date_gmt":"2022-06-10T17:17:33","guid":{"rendered":"https:\/\/prefecturadeesmeraldas.gob.ec\/?p=16755"},"modified":"2022-06-10T12:18:24","modified_gmt":"2022-06-10T17:18:24","slug":"prefecta-de-esmeraldas-cumple-agenda-de-medios-en-el-canton-san-lorenzo","status":"publish","type":"post","link":"https:\/\/prefecturadeesmeraldas.gob.ec\/index.php\/2022\/06\/10\/prefecta-de-esmeraldas-cumple-agenda-de-medios-en-el-canton-san-lorenzo\/","title":{"rendered":"Prefecta de Esmeraldas cumple agenda de medios en el cant\u00f3n San Lorenzo"},"content":{"rendered":"\t\t<div data-elementor-type=\"wp-post\" data-elementor-id=\"16755\" class=\"elementor elementor-16755\">\n\t\t\t\t\t\t<section class=\"elementor-section elementor-top-section elementor-element elementor-element-2c57414 elementor-section-boxed elementor-section-height-default elementor-section-height-default\" data-id=\"2c57414\" data-element_type=\"section\">\n\t\t\t\t\t\t<div class=\"elementor-container elementor-column-gap-default\">\n\t\t\t\t\t<div class=\"elementor-column elementor-col-100 elementor-top-column elementor-element elementor-element-3d6caa1\" data-id=\"3d6caa1\" data-element_type=\"column\">\n\t\t\t<div class=\"elementor-widget-wrap elementor-element-populated\">\n\t\t\t\t\t\t<div class=\"elementor-element elementor-element-d116e34 elementor-widget elementor-widget-image\" data-id=\"d116e34\" data-element_type=\"widget\" data-widget_type=\"image.default\">\n\t\t\t\t<div class=\"elementor-widget-container\">\n\t\t\t\t\t\t\t\t\t\t\t\t\t\t\t<img fetchpriority=\"high\" decoding=\"async\" width=\"418\" height=\"418\" src=\"https:\/\/prefecturadeesmeraldas.gob.ec\/wp-content\/uploads\/2022\/06\/Imagen38.jpg\" class=\"attachment-large size-large wp-image-16756\" alt=\"\" srcset=\"https:\/\/prefecturadeesmeraldas.gob.ec\/wp-content\/uploads\/2022\/06\/Imagen38.jpg 418w, https:\/\/prefecturadeesmeraldas.gob.ec\/wp-content\/uploads\/2022\/06\/Imagen38-240x240.jpg 240w, https:\/\/prefecturadeesmeraldas.gob.ec\/wp-content\/uploads\/2022\/06\/Imagen38-150x150.jpg 150w, https:\/\/prefecturadeesmeraldas.gob.ec\/wp-content\/uploads\/2022\/06\/Imagen38-300x300.jpg 300w\" sizes=\"(max-width: 418px) 100vw, 418px\" \/>\t\t\t\t\t\t\t\t\t\t\t\t\t\t\t<\/div>\n\t\t\t\t<\/div>\n\t\t\t\t\t<\/div>\n\t\t<\/div>\n\t\t\t\t\t<\/div>\n\t\t<\/section>\n\t\t\t\t<section class=\"elementor-section elementor-top-section elementor-element elementor-element-2df366b elementor-section-boxed elementor-section-height-default elementor-section-height-default\" data-id=\"2df366b\" data-element_type=\"section\">\n\t\t\t\t\t\t<div class=\"elementor-container elementor-column-gap-default\">\n\t\t\t\t\t<div class=\"elementor-column elementor-col-100 elementor-top-column elementor-element elementor-element-5cfdc69\" data-id=\"5cfdc69\" data-element_type=\"column\">\n\t\t\t<div class=\"elementor-widget-wrap elementor-element-populated\">\n\t\t\t\t\t\t<div class=\"elementor-element elementor-element-80652a6 elementor-widget elementor-widget-text-editor\" data-id=\"80652a6\" data-element_type=\"widget\" data-widget_type=\"text-editor.default\">\n\t\t\t\t<div class=\"elementor-widget-container\">\n\t\t\t\t\t\t\t\t\t<p>La prefecta de Esmeraldas cumpli\u00f3 el llamado de representantes de los medios de comunicaci\u00f3n del cant\u00f3n San Lorenzo, para referirse a las obras, acciones y proyectos de desarrollo socioecon\u00f3micos ejecutados, adem\u00e1s de socializar nuevos trabajos para esta zona de la provincia.<\/p><p>Acompa\u00f1ada del director de infraestructura vial, <strong>Roberta Zambrano<\/strong>, prefecta de Esmeraldas, detall\u00f3 que, en torno a obras construidas en el cant\u00f3n San Lorenzo, se destaca el reforzamiento con muros de gaviones de varios puentes, el mantenimiento a <strong>105 kil\u00f3metros de v\u00edas<\/strong>, asfaltado de la avenida 5 de Agosto, bacheo de varias calles en convenio con la alcald\u00eda, entrega de gallinas ponedoras e instalaci\u00f3n de <strong>17 puntos de internet gratuito<\/strong>.<\/p><p>Respecto a la ejecuci\u00f3n de obras junto a Petroecuador, aclar\u00f3 que, \u201clamentablemente los convenios suscritos con la estatal petrolera solo pueden ser ejecutados en zonas de incidencia; es decir, por donde pasan los oleoductos, razones legales por las cuales no logra ser incluido San Lorenzo\u201d.<\/p><p>Por su parte, <strong>Hern\u00e1n Rosero<\/strong>, director de Infraestructura Vial y Desarrollo describi\u00f3 que, entre la planificaci\u00f3n de trabajos para este a\u00f1o, se contempla la intervenci\u00f3n de algunas zonas del cant\u00f3n, entre ellas, las parroquias: Ricaurte, Tambillo y Alto Tambo, con maquinaria de la instituci\u00f3n provincial y maquinaria contratada.<\/p><p>Finalmente, la prefecta de Esmeraldas hizo un llamado a los habitantes de este cant\u00f3n, a no hacer caso a actos de politiquer\u00eda, que solo buscan generar caos y conmoci\u00f3n, siendo la Prefectura de Esmeraldas, la \u00fanica instituci\u00f3n que se hizo presente con medicamentos, elementos de bioseguridad raciones alimenticias y otras ayudas humanitarias en momentos de pandemia.<\/p>\t\t\t\t\t\t\t\t<\/div>\n\t\t\t\t<\/div>\n\t\t\t\t\t<\/div>\n\t\t<\/div>\n\t\t\t\t\t<\/div>\n\t\t<\/section>\n\t\t\t\t<\/div>\n\t\t","protected":false},"excerpt":{"rendered":"<p>La prefecta de Esmeraldas cumpli\u00f3 el llamado de representantes de los medios de comunicaci\u00f3n del cant\u00f3n San Lorenzo, para referirse a las obras, acciones y proyectos de desarrollo socioecon\u00f3micos ejecutados, adem\u00e1s de socializar nuevos trabajos para esta zona de la provincia. Acompa\u00f1ada del director de infraestructura vial, Roberta Zambrano, prefecta de Esmeraldas, detall\u00f3 que, en [&hellip;]<\/p>\n","protected":false},"author":2,"featured_media":16756,"comment_status":"closed","ping_status":"open","sticky":false,"template":"","format":"standard","meta":{"footnotes":""},"categories":[25],"tags":[],"class_list":["post-16755","post","type-post","status-publish","format-standard","has-post-thumbnail","hentry","category-comunicacion-social"],"yoast_head":"<!-- This site is optimized with the Yoast SEO plugin v25.7 - https:\/\/yoast.com\/wordpress\/plugins\/seo\/ -->\n<title>Prefecta de Esmeraldas cumple agenda de medios en el cant\u00f3n San Lorenzo - Gobierno Aut\u00f3nomo Descentralizado de la Provincia de Esmeraldas<\/title>\n<meta name=\"robots\" content=\"index, follow, max-snippet:-1, max-image-preview:large, max-video-preview:-1\" \/>\n<link rel=\"canonical\" href=\"https:\/\/prefecturadeesmeraldas.gob.ec\/index.php\/2022\/06\/10\/prefecta-de-esmeraldas-cumple-agenda-de-medios-en-el-canton-san-lorenzo\/\" \/>\n<meta property=\"og:locale\" content=\"es_ES\" \/>\n<meta property=\"og:type\" content=\"article\" \/>\n<meta property=\"og:title\" content=\"Prefecta de Esmeraldas cumple agenda de medios en el cant\u00f3n San Lorenzo - Gobierno Aut\u00f3nomo Descentralizado de la Provincia de Esmeraldas\" \/>\n<meta property=\"og:description\" content=\"La prefecta de Esmeraldas cumpli\u00f3 el llamado de representantes de los medios de comunicaci\u00f3n del cant\u00f3n San Lorenzo, para referirse a las obras, acciones y proyectos de desarrollo socioecon\u00f3micos ejecutados, adem\u00e1s de socializar nuevos trabajos para esta zona de la provincia. Acompa\u00f1ada del director de infraestructura vial, Roberta Zambrano, prefecta de Esmeraldas, detall\u00f3 que, en [&hellip;]\" \/>\n<meta property=\"og:url\" content=\"https:\/\/prefecturadeesmeraldas.gob.ec\/index.php\/2022\/06\/10\/prefecta-de-esmeraldas-cumple-agenda-de-medios-en-el-canton-san-lorenzo\/\" \/>\n<meta property=\"og:site_name\" content=\"Gobierno Aut\u00f3nomo Descentralizado de la Provincia de Esmeraldas\" \/>\n<meta property=\"article:publisher\" content=\"https:\/\/www.facebook.com\/PrefecturaEsmeraldas\/\" \/>\n<meta property=\"article:published_time\" content=\"2022-06-10T17:17:33+00:00\" \/>\n<meta property=\"article:modified_time\" content=\"2022-06-10T17:18:24+00:00\" \/>\n<meta property=\"og:image\" content=\"https:\/\/prefecturadeesmeraldas.gob.ec\/wp-content\/uploads\/2022\/06\/Imagen38.jpg\" \/>\n\t<meta property=\"og:image:width\" content=\"418\" \/>\n\t<meta property=\"og:image:height\" content=\"418\" \/>\n\t<meta property=\"og:image:type\" content=\"image\/jpeg\" \/>\n<meta name=\"author\" content=\"Direcci\u00f3n de Comunicaci\u00f3n\" \/>\n<meta name=\"twitter:card\" content=\"summary_large_image\" \/>\n<meta name=\"twitter:label1\" content=\"Escrito por\" \/>\n\t<meta name=\"twitter:data1\" content=\"Direcci\u00f3n de Comunicaci\u00f3n\" \/>\n\t<meta name=\"twitter:label2\" content=\"Tiempo de lectura\" \/>\n\t<meta name=\"twitter:data2\" content=\"1 minuto\" \/>\n<script type=\"application\/ld+json\" class=\"yoast-schema-graph\">{\"@context\":\"https:\/\/schema.org\",\"@graph\":[{\"@type\":\"Article\",\"@id\":\"https:\/\/prefecturadeesmeraldas.gob.ec\/index.php\/2022\/06\/10\/prefecta-de-esmeraldas-cumple-agenda-de-medios-en-el-canton-san-lorenzo\/#article\",\"isPartOf\":{\"@id\":\"https:\/\/prefecturadeesmeraldas.gob.ec\/index.php\/2022\/06\/10\/prefecta-de-esmeraldas-cumple-agenda-de-medios-en-el-canton-san-lorenzo\/\"},\"author\":{\"name\":\"Direcci\u00f3n de Comunicaci\u00f3n\",\"@id\":\"https:\/\/prefecturadeesmeraldas.gob.ec\/#\/schema\/person\/b0c9e7b1ead7725994d1e319e8825234\"},\"headline\":\"Prefecta de Esmeraldas cumple agenda de medios en el cant\u00f3n San Lorenzo\",\"datePublished\":\"2022-06-10T17:17:33+00:00\",\"dateModified\":\"2022-06-10T17:18:24+00:00\",\"mainEntityOfPage\":{\"@id\":\"https:\/\/prefecturadeesmeraldas.gob.ec\/index.php\/2022\/06\/10\/prefecta-de-esmeraldas-cumple-agenda-de-medios-en-el-canton-san-lorenzo\/\"},\"wordCount\":290,\"publisher\":{\"@id\":\"https:\/\/prefecturadeesmeraldas.gob.ec\/#organization\"},\"image\":{\"@id\":\"https:\/\/prefecturadeesmeraldas.gob.ec\/index.php\/2022\/06\/10\/prefecta-de-esmeraldas-cumple-agenda-de-medios-en-el-canton-san-lorenzo\/#primaryimage\"},\"thumbnailUrl\":\"https:\/\/prefecturadeesmeraldas.gob.ec\/wp-content\/uploads\/2022\/06\/Imagen38.jpg\",\"articleSection\":[\"Comunicaci\u00f3n Social\"],\"inLanguage\":\"es\"},{\"@type\":\"WebPage\",\"@id\":\"https:\/\/prefecturadeesmeraldas.gob.ec\/index.php\/2022\/06\/10\/prefecta-de-esmeraldas-cumple-agenda-de-medios-en-el-canton-san-lorenzo\/\",\"url\":\"https:\/\/prefecturadeesmeraldas.gob.ec\/index.php\/2022\/06\/10\/prefecta-de-esmeraldas-cumple-agenda-de-medios-en-el-canton-san-lorenzo\/\",\"name\":\"Prefecta de Esmeraldas cumple agenda de medios en el cant\u00f3n San Lorenzo - Gobierno Aut\u00f3nomo Descentralizado de la Provincia de Esmeraldas\",\"isPartOf\":{\"@id\":\"https:\/\/prefecturadeesmeraldas.gob.ec\/#website\"},\"primaryImageOfPage\":{\"@id\":\"https:\/\/prefecturadeesmeraldas.gob.ec\/index.php\/2022\/06\/10\/prefecta-de-esmeraldas-cumple-agenda-de-medios-en-el-canton-san-lorenzo\/#primaryimage\"},\"image\":{\"@id\":\"https:\/\/prefecturadeesmeraldas.gob.ec\/index.php\/2022\/06\/10\/prefecta-de-esmeraldas-cumple-agenda-de-medios-en-el-canton-san-lorenzo\/#primaryimage\"},\"thumbnailUrl\":\"https:\/\/prefecturadeesmeraldas.gob.ec\/wp-content\/uploads\/2022\/06\/Imagen38.jpg\",\"datePublished\":\"2022-06-10T17:17:33+00:00\",\"dateModified\":\"2022-06-10T17:18:24+00:00\",\"breadcrumb\":{\"@id\":\"https:\/\/prefecturadeesmeraldas.gob.ec\/index.php\/2022\/06\/10\/prefecta-de-esmeraldas-cumple-agenda-de-medios-en-el-canton-san-lorenzo\/#breadcrumb\"},\"inLanguage\":\"es\",\"potentialAction\":[{\"@type\":\"ReadAction\",\"target\":[\"https:\/\/prefecturadeesmeraldas.gob.ec\/index.php\/2022\/06\/10\/prefecta-de-esmeraldas-cumple-agenda-de-medios-en-el-canton-san-lorenzo\/\"]}]},{\"@type\":\"ImageObject\",\"inLanguage\":\"es\",\"@id\":\"https:\/\/prefecturadeesmeraldas.gob.ec\/index.php\/2022\/06\/10\/prefecta-de-esmeraldas-cumple-agenda-de-medios-en-el-canton-san-lorenzo\/#primaryimage\",\"url\":\"https:\/\/prefecturadeesmeraldas.gob.ec\/wp-content\/uploads\/2022\/06\/Imagen38.jpg\",\"contentUrl\":\"https:\/\/prefecturadeesmeraldas.gob.ec\/wp-content\/uploads\/2022\/06\/Imagen38.jpg\",\"width\":418,\"height\":418},{\"@type\":\"BreadcrumbList\",\"@id\":\"https:\/\/prefecturadeesmeraldas.gob.ec\/index.php\/2022\/06\/10\/prefecta-de-esmeraldas-cumple-agenda-de-medios-en-el-canton-san-lorenzo\/#breadcrumb\",\"itemListElement\":[{\"@type\":\"ListItem\",\"position\":1,\"name\":\"Home\",\"item\":\"https:\/\/prefecturadeesmeraldas.gob.ec\/\"},{\"@type\":\"ListItem\",\"position\":2,\"name\":\"Prefecta de Esmeraldas cumple agenda de medios en el cant\u00f3n San Lorenzo\"}]},{\"@type\":\"WebSite\",\"@id\":\"https:\/\/prefecturadeesmeraldas.gob.ec\/#website\",\"url\":\"https:\/\/prefecturadeesmeraldas.gob.ec\/\",\"name\":\"Gobierno Aut\u00f3nomo Descentralizado de la Provincia de Esmeraldas\",\"description\":\"Gobierno Aut\u00f3nomo Descentralizado de la Provincia de Esmeraldas\",\"publisher\":{\"@id\":\"https:\/\/prefecturadeesmeraldas.gob.ec\/#organization\"},\"potentialAction\":[{\"@type\":\"SearchAction\",\"target\":{\"@type\":\"EntryPoint\",\"urlTemplate\":\"https:\/\/prefecturadeesmeraldas.gob.ec\/?s={search_term_string}\"},\"query-input\":{\"@type\":\"PropertyValueSpecification\",\"valueRequired\":true,\"valueName\":\"search_term_string\"}}],\"inLanguage\":\"es\"},{\"@type\":\"Organization\",\"@id\":\"https:\/\/prefecturadeesmeraldas.gob.ec\/#organization\",\"name\":\"Gobierno Aut\u00f3nomo Descentralizado de la Provincia de Esmeraldas\",\"url\":\"https:\/\/prefecturadeesmeraldas.gob.ec\/\",\"logo\":{\"@type\":\"ImageObject\",\"inLanguage\":\"es\",\"@id\":\"https:\/\/prefecturadeesmeraldas.gob.ec\/#\/schema\/logo\/image\/\",\"url\":\"https:\/\/prefecturadeesmeraldas.gob.ec\/wp-content\/uploads\/2019\/06\/logo.png\",\"contentUrl\":\"https:\/\/prefecturadeesmeraldas.gob.ec\/wp-content\/uploads\/2019\/06\/logo.png\",\"width\":859,\"height\":448,\"caption\":\"Gobierno Aut\u00f3nomo Descentralizado de la Provincia de Esmeraldas\"},\"image\":{\"@id\":\"https:\/\/prefecturadeesmeraldas.gob.ec\/#\/schema\/logo\/image\/\"},\"sameAs\":[\"https:\/\/www.facebook.com\/PrefecturaEsmeraldas\/\"]},{\"@type\":\"Person\",\"@id\":\"https:\/\/prefecturadeesmeraldas.gob.ec\/#\/schema\/person\/b0c9e7b1ead7725994d1e319e8825234\",\"name\":\"Direcci\u00f3n de Comunicaci\u00f3n\",\"image\":{\"@type\":\"ImageObject\",\"inLanguage\":\"es\",\"@id\":\"https:\/\/prefecturadeesmeraldas.gob.ec\/#\/schema\/person\/image\/\",\"url\":\"https:\/\/secure.gravatar.com\/avatar\/74a3870a946f5d774ade3569af61a72308e07ad3346f370c4b468ee2a9858658?s=96&d=mm&r=g\",\"contentUrl\":\"https:\/\/secure.gravatar.com\/avatar\/74a3870a946f5d774ade3569af61a72308e07ad3346f370c4b468ee2a9858658?s=96&d=mm&r=g\",\"caption\":\"Direcci\u00f3n de Comunicaci\u00f3n\"}}]}<\/script>\n<!-- \/ Yoast SEO plugin. -->","yoast_head_json":{"title":"Prefecta de Esmeraldas cumple agenda de medios en el cant\u00f3n San Lorenzo - Gobierno Aut\u00f3nomo Descentralizado de la Provincia de Esmeraldas","robots":{"index":"index","follow":"follow","max-snippet":"max-snippet:-1","max-image-preview":"max-image-preview:large","max-video-preview":"max-video-preview:-1"},"canonical":"https:\/\/prefecturadeesmeraldas.gob.ec\/index.php\/2022\/06\/10\/prefecta-de-esmeraldas-cumple-agenda-de-medios-en-el-canton-san-lorenzo\/","og_locale":"es_ES","og_type":"article","og_title":"Prefecta de Esmeraldas cumple agenda de medios en el cant\u00f3n San Lorenzo - Gobierno Aut\u00f3nomo Descentralizado de la Provincia de Esmeraldas","og_description":"La prefecta de Esmeraldas cumpli\u00f3 el llamado de representantes de los medios de comunicaci\u00f3n del cant\u00f3n San Lorenzo, para referirse a las obras, acciones y proyectos de desarrollo socioecon\u00f3micos ejecutados, adem\u00e1s de socializar nuevos trabajos para esta zona de la provincia. Acompa\u00f1ada del director de infraestructura vial, Roberta Zambrano, prefecta de Esmeraldas, detall\u00f3 que, en [&hellip;]","og_url":"https:\/\/prefecturadeesmeraldas.gob.ec\/index.php\/2022\/06\/10\/prefecta-de-esmeraldas-cumple-agenda-de-medios-en-el-canton-san-lorenzo\/","og_site_name":"Gobierno Aut\u00f3nomo Descentralizado de la Provincia de Esmeraldas","article_publisher":"https:\/\/www.facebook.com\/PrefecturaEsmeraldas\/","article_published_time":"2022-06-10T17:17:33+00:00","article_modified_time":"2022-06-10T17:18:24+00:00","og_image":[{"width":418,"height":418,"url":"https:\/\/prefecturadeesmeraldas.gob.ec\/wp-content\/uploads\/2022\/06\/Imagen38.jpg","type":"image\/jpeg"}],"author":"Direcci\u00f3n de Comunicaci\u00f3n","twitter_card":"summary_large_image","twitter_misc":{"Escrito por":"Direcci\u00f3n de Comunicaci\u00f3n","Tiempo de lectura":"1 minuto"},"schema":{"@context":"https:\/\/schema.org","@graph":[{"@type":"Article","@id":"https:\/\/prefecturadeesmeraldas.gob.ec\/index.php\/2022\/06\/10\/prefecta-de-esmeraldas-cumple-agenda-de-medios-en-el-canton-san-lorenzo\/#article","isPartOf":{"@id":"https:\/\/prefecturadeesmeraldas.gob.ec\/index.php\/2022\/06\/10\/prefecta-de-esmeraldas-cumple-agenda-de-medios-en-el-canton-san-lorenzo\/"},"author":{"name":"Direcci\u00f3n de Comunicaci\u00f3n","@id":"https:\/\/prefecturadeesmeraldas.gob.ec\/#\/schema\/person\/b0c9e7b1ead7725994d1e319e8825234"},"headline":"Prefecta de Esmeraldas cumple agenda de medios en el cant\u00f3n San Lorenzo","datePublished":"2022-06-10T17:17:33+00:00","dateModified":"2022-06-10T17:18:24+00:00","mainEntityOfPage":{"@id":"https:\/\/prefecturadeesmeraldas.gob.ec\/index.php\/2022\/06\/10\/prefecta-de-esmeraldas-cumple-agenda-de-medios-en-el-canton-san-lorenzo\/"},"wordCount":290,"publisher":{"@id":"https:\/\/prefecturadeesmeraldas.gob.ec\/#organization"},"image":{"@id":"https:\/\/prefecturadeesmeraldas.gob.ec\/index.php\/2022\/06\/10\/prefecta-de-esmeraldas-cumple-agenda-de-medios-en-el-canton-san-lorenzo\/#primaryimage"},"thumbnailUrl":"https:\/\/prefecturadeesmeraldas.gob.ec\/wp-content\/uploads\/2022\/06\/Imagen38.jpg","articleSection":["Comunicaci\u00f3n Social"],"inLanguage":"es"},{"@type":"WebPage","@id":"https:\/\/prefecturadeesmeraldas.gob.ec\/index.php\/2022\/06\/10\/prefecta-de-esmeraldas-cumple-agenda-de-medios-en-el-canton-san-lorenzo\/","url":"https:\/\/prefecturadeesmeraldas.gob.ec\/index.php\/2022\/06\/10\/prefecta-de-esmeraldas-cumple-agenda-de-medios-en-el-canton-san-lorenzo\/","name":"Prefecta de Esmeraldas cumple agenda de medios en el cant\u00f3n San Lorenzo - Gobierno Aut\u00f3nomo Descentralizado de la Provincia de Esmeraldas","isPartOf":{"@id":"https:\/\/prefecturadeesmeraldas.gob.ec\/#website"},"primaryImageOfPage":{"@id":"https:\/\/prefecturadeesmeraldas.gob.ec\/index.php\/2022\/06\/10\/prefecta-de-esmeraldas-cumple-agenda-de-medios-en-el-canton-san-lorenzo\/#primaryimage"},"image":{"@id":"https:\/\/prefecturadeesmeraldas.gob.ec\/index.php\/2022\/06\/10\/prefecta-de-esmeraldas-cumple-agenda-de-medios-en-el-canton-san-lorenzo\/#primaryimage"},"thumbnailUrl":"https:\/\/prefecturadeesmeraldas.gob.ec\/wp-content\/uploads\/2022\/06\/Imagen38.jpg","datePublished":"2022-06-10T17:17:33+00:00","dateModified":"2022-06-10T17:18:24+00:00","breadcrumb":{"@id":"https:\/\/prefecturadeesmeraldas.gob.ec\/index.php\/2022\/06\/10\/prefecta-de-esmeraldas-cumple-agenda-de-medios-en-el-canton-san-lorenzo\/#breadcrumb"},"inLanguage":"es","potentialAction":[{"@type":"ReadAction","target":["https:\/\/prefecturadeesmeraldas.gob.ec\/index.php\/2022\/06\/10\/prefecta-de-esmeraldas-cumple-agenda-de-medios-en-el-canton-san-lorenzo\/"]}]},{"@type":"ImageObject","inLanguage":"es","@id":"https:\/\/prefecturadeesmeraldas.gob.ec\/index.php\/2022\/06\/10\/prefecta-de-esmeraldas-cumple-agenda-de-medios-en-el-canton-san-lorenzo\/#primaryimage","url":"https:\/\/prefecturadeesmeraldas.gob.ec\/wp-content\/uploads\/2022\/06\/Imagen38.jpg","contentUrl":"https:\/\/prefecturadeesmeraldas.gob.ec\/wp-content\/uploads\/2022\/06\/Imagen38.jpg","width":418,"height":418},{"@type":"BreadcrumbList","@id":"https:\/\/prefecturadeesmeraldas.gob.ec\/index.php\/2022\/06\/10\/prefecta-de-esmeraldas-cumple-agenda-de-medios-en-el-canton-san-lorenzo\/#breadcrumb","itemListElement":[{"@type":"ListItem","position":1,"name":"Home","item":"https:\/\/prefecturadeesmeraldas.gob.ec\/"},{"@type":"ListItem","position":2,"name":"Prefecta de Esmeraldas cumple agenda de medios en el cant\u00f3n San Lorenzo"}]},{"@type":"WebSite","@id":"https:\/\/prefecturadeesmeraldas.gob.ec\/#website","url":"https:\/\/prefecturadeesmeraldas.gob.ec\/","name":"Gobierno Aut\u00f3nomo Descentralizado de la Provincia de Esmeraldas","description":"Gobierno Aut\u00f3nomo Descentralizado de la Provincia de Esmeraldas","publisher":{"@id":"https:\/\/prefecturadeesmeraldas.gob.ec\/#organization"},"potentialAction":[{"@type":"SearchAction","target":{"@type":"EntryPoint","urlTemplate":"https:\/\/prefecturadeesmeraldas.gob.ec\/?s={search_term_string}"},"query-input":{"@type":"PropertyValueSpecification","valueRequired":true,"valueName":"search_term_string"}}],"inLanguage":"es"},{"@type":"Organization","@id":"https:\/\/prefecturadeesmeraldas.gob.ec\/#organization","name":"Gobierno Aut\u00f3nomo Descentralizado de la Provincia de Esmeraldas","url":"https:\/\/prefecturadeesmeraldas.gob.ec\/","logo":{"@type":"ImageObject","inLanguage":"es","@id":"https:\/\/prefecturadeesmeraldas.gob.ec\/#\/schema\/logo\/image\/","url":"https:\/\/prefecturadeesmeraldas.gob.ec\/wp-content\/uploads\/2019\/06\/logo.png","contentUrl":"https:\/\/prefecturadeesmeraldas.gob.ec\/wp-content\/uploads\/2019\/06\/logo.png","width":859,"height":448,"caption":"Gobierno Aut\u00f3nomo Descentralizado de la Provincia de Esmeraldas"},"image":{"@id":"https:\/\/prefecturadeesmeraldas.gob.ec\/#\/schema\/logo\/image\/"},"sameAs":["https:\/\/www.facebook.com\/PrefecturaEsmeraldas\/"]},{"@type":"Person","@id":"https:\/\/prefecturadeesmeraldas.gob.ec\/#\/schema\/person\/b0c9e7b1ead7725994d1e319e8825234","name":"Direcci\u00f3n de Comunicaci\u00f3n","image":{"@type":"ImageObject","inLanguage":"es","@id":"https:\/\/prefecturadeesmeraldas.gob.ec\/#\/schema\/person\/image\/","url":"https:\/\/secure.gravatar.com\/avatar\/74a3870a946f5d774ade3569af61a72308e07ad3346f370c4b468ee2a9858658?s=96&d=mm&r=g","contentUrl":"https:\/\/secure.gravatar.com\/avatar\/74a3870a946f5d774ade3569af61a72308e07ad3346f370c4b468ee2a9858658?s=96&d=mm&r=g","caption":"Direcci\u00f3n de Comunicaci\u00f3n"}}]}},"_links":{"self":[{"href":"https:\/\/prefecturadeesmeraldas.gob.ec\/index.php\/wp-json\/wp\/v2\/posts\/16755","targetHints":{"allow":["GET"]}}],"collection":[{"href":"https:\/\/prefecturadeesmeraldas.gob.ec\/index.php\/wp-json\/wp\/v2\/posts"}],"about":[{"href":"https:\/\/prefecturadeesmeraldas.gob.ec\/index.php\/wp-json\/wp\/v2\/types\/post"}],"author":[{"embeddable":true,"href":"https:\/\/prefecturadeesmeraldas.gob.ec\/index.php\/wp-json\/wp\/v2\/users\/2"}],"replies":[{"embeddable":true,"href":"https:\/\/prefecturadeesmeraldas.gob.ec\/index.php\/wp-json\/wp\/v2\/comments?post=16755"}],"version-history":[{"count":0,"href":"https:\/\/prefecturadeesmeraldas.gob.ec\/index.php\/wp-json\/wp\/v2\/posts\/16755\/revisions"}],"wp:featuredmedia":[{"embeddable":true,"href":"https:\/\/prefecturadeesmeraldas.gob.ec\/index.php\/wp-json\/wp\/v2\/media\/16756"}],"wp:attachment":[{"href":"https:\/\/prefecturadeesmeraldas.gob.ec\/index.php\/wp-json\/wp\/v2\/media?parent=16755"}],"wp:term":[{"taxonomy":"category","embeddable":true,"href":"https:\/\/prefecturadeesmeraldas.gob.ec\/index.php\/wp-json\/wp\/v2\/categories?post=16755"},{"taxonomy":"post_tag","embeddable":true,"href":"https:\/\/prefecturadeesmeraldas.gob.ec\/index.php\/wp-json\/wp\/v2\/tags?post=16755"}],"curies":[{"name":"wp","href":"https:\/\/api.w.org\/{rel}","templated":true}]}}