{"id":16646,"date":"2022-06-03T16:27:01","date_gmt":"2022-06-03T21:27:01","guid":{"rendered":"https:\/\/prefecturadeesmeraldas.gob.ec\/?p=16646"},"modified":"2022-06-03T16:27:55","modified_gmt":"2022-06-03T21:27:55","slug":"prefecta-de-esmeraldas-gestiona-6-millones-de-dolares-para-emprender-la-construccion-de-una-nueva-obra-vial","status":"publish","type":"post","link":"https:\/\/prefecturadeesmeraldas.gob.ec\/index.php\/2022\/06\/03\/prefecta-de-esmeraldas-gestiona-6-millones-de-dolares-para-emprender-la-construccion-de-una-nueva-obra-vial\/","title":{"rendered":"Prefecta de Esmeraldas gestiona 6 millones de d\u00f3lares, para emprender la construcci\u00f3n de una nueva obra vial"},"content":{"rendered":"\t\t<div data-elementor-type=\"wp-post\" data-elementor-id=\"16646\" class=\"elementor elementor-16646\">\n\t\t\t\t\t\t<section class=\"elementor-section elementor-top-section elementor-element elementor-element-e088e21 elementor-section-boxed elementor-section-height-default elementor-section-height-default\" data-id=\"e088e21\" data-element_type=\"section\">\n\t\t\t\t\t\t<div class=\"elementor-container elementor-column-gap-default\">\n\t\t\t\t\t<div class=\"elementor-column elementor-col-100 elementor-top-column elementor-element elementor-element-f6e1658\" data-id=\"f6e1658\" data-element_type=\"column\">\n\t\t\t<div class=\"elementor-widget-wrap elementor-element-populated\">\n\t\t\t\t\t\t<div class=\"elementor-element elementor-element-d1aae37 elementor-widget elementor-widget-image\" data-id=\"d1aae37\" data-element_type=\"widget\" data-widget_type=\"image.default\">\n\t\t\t\t<div class=\"elementor-widget-container\">\n\t\t\t\t\t\t\t\t\t\t\t\t\t\t\t<img fetchpriority=\"high\" decoding=\"async\" width=\"457\" height=\"457\" src=\"https:\/\/prefecturadeesmeraldas.gob.ec\/wp-content\/uploads\/2022\/06\/Imagen16.jpg\" class=\"attachment-large size-large wp-image-16647\" alt=\"\" srcset=\"https:\/\/prefecturadeesmeraldas.gob.ec\/wp-content\/uploads\/2022\/06\/Imagen16.jpg 457w, https:\/\/prefecturadeesmeraldas.gob.ec\/wp-content\/uploads\/2022\/06\/Imagen16-240x240.jpg 240w, https:\/\/prefecturadeesmeraldas.gob.ec\/wp-content\/uploads\/2022\/06\/Imagen16-150x150.jpg 150w, https:\/\/prefecturadeesmeraldas.gob.ec\/wp-content\/uploads\/2022\/06\/Imagen16-300x300.jpg 300w\" sizes=\"(max-width: 457px) 100vw, 457px\" \/>\t\t\t\t\t\t\t\t\t\t\t\t\t\t\t<\/div>\n\t\t\t\t<\/div>\n\t\t\t\t\t<\/div>\n\t\t<\/div>\n\t\t\t\t\t<\/div>\n\t\t<\/section>\n\t\t\t\t<section class=\"elementor-section elementor-top-section elementor-element elementor-element-a9b8371 elementor-section-boxed elementor-section-height-default elementor-section-height-default\" data-id=\"a9b8371\" data-element_type=\"section\">\n\t\t\t\t\t\t<div class=\"elementor-container elementor-column-gap-default\">\n\t\t\t\t\t<div class=\"elementor-column elementor-col-100 elementor-top-column elementor-element elementor-element-c0e061a\" data-id=\"c0e061a\" data-element_type=\"column\">\n\t\t\t<div class=\"elementor-widget-wrap elementor-element-populated\">\n\t\t\t\t\t\t<div class=\"elementor-element elementor-element-03045ba elementor-widget elementor-widget-text-editor\" data-id=\"03045ba\" data-element_type=\"widget\" data-widget_type=\"text-editor.default\">\n\t\t\t\t<div class=\"elementor-widget-container\">\n\t\t\t\t\t\t\t\t\t<p>Un nuevo proyecto de mejoramiento vial fue presentado por la Prefecta de Esmeraldas ante los habitantes del recinto Uni\u00f3n Manabita y otras comunidades de la parroquia Malimpia, en el cant\u00f3n Quinind\u00e9. Mediante gestiones, revel\u00f3 que, se encuentra listo el proyecto para la construcci\u00f3n definitiva de la v\u00eda El Mirador \u2013 Uni\u00f3n Manabita, de aproximadamente <strong>16 kil\u00f3metros<\/strong>.<\/p><p>Frente a cientos de habitantes y autoridades, en Asamblea Ciudadana, <strong>Roberta Zambrano Ortiz<\/strong>, Prefecta de Esmeraldas, dio a conocer que, una vez finalizado los estudios definitivos para el mejoramiento de la v\u00eda El Mirador \u2013 Uni\u00f3n Manabita, se present\u00f3 el proyecto ante el Banco de Desarrollo, para obtener el financiamiento por m\u00e1s de <strong>6 millones de d\u00f3lares<\/strong>.<\/p><p>A su vez,<strong> Zambrano<\/strong>, asegur\u00f3 que, en base a la experiencia y buenos resultados en la construcci\u00f3n de otras obras, se garantizar\u00e1 la contrataci\u00f3n del <strong>80% de la mano de obra local<\/strong>, y se promover\u00e1 la asociatividad de las mujeres, para que generen ingresos econ\u00f3micos entorno a la obra.<\/p><p><strong>Hern\u00e1n Rosero<\/strong>, director de Infraestructura Vial de la Prefectura de Esmeraldas, explic\u00f3 que, la decisi\u00f3n de dise\u00f1ar y dar paso a la ejecuci\u00f3n de la obra constituye una acci\u00f3n definitiva que pondr\u00e1 fin a los excesivos mantenimientos sin resolver de fondo un clamor de la comunidad.<\/p><p>Para <strong>Edwin Garc\u00eda<\/strong>, presidente del recinto Uni\u00f3n Manabita, el anuncio de la obra representa el inicio en la materializaci\u00f3n de un sue\u00f1o que por d\u00e9cadas han esperado los miles de habitantes y cientos de comunidades que se ver\u00e1n beneficiadas con el mejoramiento de la v\u00eda, atrayendo progreso y desarrollo.<\/p>\t\t\t\t\t\t\t\t<\/div>\n\t\t\t\t<\/div>\n\t\t\t\t\t<\/div>\n\t\t<\/div>\n\t\t\t\t\t<\/div>\n\t\t<\/section>\n\t\t\t\t<\/div>\n\t\t","protected":false},"excerpt":{"rendered":"<p>Un nuevo proyecto de mejoramiento vial fue presentado por la Prefecta de Esmeraldas ante los habitantes del recinto Uni\u00f3n Manabita y otras comunidades de la parroquia Malimpia, en el cant\u00f3n Quinind\u00e9. Mediante gestiones, revel\u00f3 que, se encuentra listo el proyecto para la construcci\u00f3n definitiva de la v\u00eda El Mirador \u2013 Uni\u00f3n Manabita, de aproximadamente 16 [&hellip;]<\/p>\n","protected":false},"author":2,"featured_media":16647,"comment_status":"closed","ping_status":"open","sticky":false,"template":"","format":"standard","meta":{"footnotes":""},"categories":[14],"tags":[],"class_list":["post-16646","post","type-post","status-publish","format-standard","has-post-thumbnail","hentry","category-vialidad"],"yoast_head":"<!-- This site is optimized with the Yoast SEO plugin v25.7 - https:\/\/yoast.com\/wordpress\/plugins\/seo\/ -->\n<title>Prefecta de Esmeraldas gestiona 6 millones de d\u00f3lares, para emprender la construcci\u00f3n de una nueva obra vial - Gobierno Aut\u00f3nomo Descentralizado de la Provincia de Esmeraldas<\/title>\n<meta name=\"robots\" content=\"index, follow, max-snippet:-1, max-image-preview:large, max-video-preview:-1\" \/>\n<link rel=\"canonical\" href=\"https:\/\/prefecturadeesmeraldas.gob.ec\/index.php\/2022\/06\/03\/prefecta-de-esmeraldas-gestiona-6-millones-de-dolares-para-emprender-la-construccion-de-una-nueva-obra-vial\/\" \/>\n<meta property=\"og:locale\" content=\"es_ES\" \/>\n<meta property=\"og:type\" content=\"article\" \/>\n<meta property=\"og:title\" content=\"Prefecta de Esmeraldas gestiona 6 millones de d\u00f3lares, para emprender la construcci\u00f3n de una nueva obra vial - Gobierno Aut\u00f3nomo Descentralizado de la Provincia de Esmeraldas\" \/>\n<meta property=\"og:description\" content=\"Un nuevo proyecto de mejoramiento vial fue presentado por la Prefecta de Esmeraldas ante los habitantes del recinto Uni\u00f3n Manabita y otras comunidades de la parroquia Malimpia, en el cant\u00f3n Quinind\u00e9. Mediante gestiones, revel\u00f3 que, se encuentra listo el proyecto para la construcci\u00f3n definitiva de la v\u00eda El Mirador \u2013 Uni\u00f3n Manabita, de aproximadamente 16 [&hellip;]\" \/>\n<meta property=\"og:url\" content=\"https:\/\/prefecturadeesmeraldas.gob.ec\/index.php\/2022\/06\/03\/prefecta-de-esmeraldas-gestiona-6-millones-de-dolares-para-emprender-la-construccion-de-una-nueva-obra-vial\/\" \/>\n<meta property=\"og:site_name\" content=\"Gobierno Aut\u00f3nomo Descentralizado de la Provincia de Esmeraldas\" \/>\n<meta property=\"article:publisher\" content=\"https:\/\/www.facebook.com\/PrefecturaEsmeraldas\/\" \/>\n<meta property=\"article:published_time\" content=\"2022-06-03T21:27:01+00:00\" \/>\n<meta property=\"article:modified_time\" content=\"2022-06-03T21:27:55+00:00\" \/>\n<meta property=\"og:image\" content=\"https:\/\/prefecturadeesmeraldas.gob.ec\/wp-content\/uploads\/2022\/06\/Imagen16.jpg\" \/>\n\t<meta property=\"og:image:width\" content=\"457\" \/>\n\t<meta property=\"og:image:height\" content=\"457\" \/>\n\t<meta property=\"og:image:type\" content=\"image\/jpeg\" \/>\n<meta name=\"author\" content=\"Direcci\u00f3n de Comunicaci\u00f3n\" \/>\n<meta name=\"twitter:card\" content=\"summary_large_image\" \/>\n<meta name=\"twitter:label1\" content=\"Escrito por\" \/>\n\t<meta name=\"twitter:data1\" content=\"Direcci\u00f3n de Comunicaci\u00f3n\" \/>\n\t<meta name=\"twitter:label2\" content=\"Tiempo de lectura\" \/>\n\t<meta name=\"twitter:data2\" content=\"1 minuto\" \/>\n<script type=\"application\/ld+json\" class=\"yoast-schema-graph\">{\"@context\":\"https:\/\/schema.org\",\"@graph\":[{\"@type\":\"Article\",\"@id\":\"https:\/\/prefecturadeesmeraldas.gob.ec\/index.php\/2022\/06\/03\/prefecta-de-esmeraldas-gestiona-6-millones-de-dolares-para-emprender-la-construccion-de-una-nueva-obra-vial\/#article\",\"isPartOf\":{\"@id\":\"https:\/\/prefecturadeesmeraldas.gob.ec\/index.php\/2022\/06\/03\/prefecta-de-esmeraldas-gestiona-6-millones-de-dolares-para-emprender-la-construccion-de-una-nueva-obra-vial\/\"},\"author\":{\"name\":\"Direcci\u00f3n de Comunicaci\u00f3n\",\"@id\":\"https:\/\/prefecturadeesmeraldas.gob.ec\/#\/schema\/person\/b0c9e7b1ead7725994d1e319e8825234\"},\"headline\":\"Prefecta de Esmeraldas gestiona 6 millones de d\u00f3lares, para emprender la construcci\u00f3n de una nueva obra vial\",\"datePublished\":\"2022-06-03T21:27:01+00:00\",\"dateModified\":\"2022-06-03T21:27:55+00:00\",\"mainEntityOfPage\":{\"@id\":\"https:\/\/prefecturadeesmeraldas.gob.ec\/index.php\/2022\/06\/03\/prefecta-de-esmeraldas-gestiona-6-millones-de-dolares-para-emprender-la-construccion-de-una-nueva-obra-vial\/\"},\"wordCount\":295,\"publisher\":{\"@id\":\"https:\/\/prefecturadeesmeraldas.gob.ec\/#organization\"},\"image\":{\"@id\":\"https:\/\/prefecturadeesmeraldas.gob.ec\/index.php\/2022\/06\/03\/prefecta-de-esmeraldas-gestiona-6-millones-de-dolares-para-emprender-la-construccion-de-una-nueva-obra-vial\/#primaryimage\"},\"thumbnailUrl\":\"https:\/\/prefecturadeesmeraldas.gob.ec\/wp-content\/uploads\/2022\/06\/Imagen16.jpg\",\"articleSection\":[\"Vialidad\"],\"inLanguage\":\"es\"},{\"@type\":\"WebPage\",\"@id\":\"https:\/\/prefecturadeesmeraldas.gob.ec\/index.php\/2022\/06\/03\/prefecta-de-esmeraldas-gestiona-6-millones-de-dolares-para-emprender-la-construccion-de-una-nueva-obra-vial\/\",\"url\":\"https:\/\/prefecturadeesmeraldas.gob.ec\/index.php\/2022\/06\/03\/prefecta-de-esmeraldas-gestiona-6-millones-de-dolares-para-emprender-la-construccion-de-una-nueva-obra-vial\/\",\"name\":\"Prefecta de Esmeraldas gestiona 6 millones de d\u00f3lares, para emprender la construcci\u00f3n de una nueva obra vial - Gobierno Aut\u00f3nomo Descentralizado de la Provincia de Esmeraldas\",\"isPartOf\":{\"@id\":\"https:\/\/prefecturadeesmeraldas.gob.ec\/#website\"},\"primaryImageOfPage\":{\"@id\":\"https:\/\/prefecturadeesmeraldas.gob.ec\/index.php\/2022\/06\/03\/prefecta-de-esmeraldas-gestiona-6-millones-de-dolares-para-emprender-la-construccion-de-una-nueva-obra-vial\/#primaryimage\"},\"image\":{\"@id\":\"https:\/\/prefecturadeesmeraldas.gob.ec\/index.php\/2022\/06\/03\/prefecta-de-esmeraldas-gestiona-6-millones-de-dolares-para-emprender-la-construccion-de-una-nueva-obra-vial\/#primaryimage\"},\"thumbnailUrl\":\"https:\/\/prefecturadeesmeraldas.gob.ec\/wp-content\/uploads\/2022\/06\/Imagen16.jpg\",\"datePublished\":\"2022-06-03T21:27:01+00:00\",\"dateModified\":\"2022-06-03T21:27:55+00:00\",\"breadcrumb\":{\"@id\":\"https:\/\/prefecturadeesmeraldas.gob.ec\/index.php\/2022\/06\/03\/prefecta-de-esmeraldas-gestiona-6-millones-de-dolares-para-emprender-la-construccion-de-una-nueva-obra-vial\/#breadcrumb\"},\"inLanguage\":\"es\",\"potentialAction\":[{\"@type\":\"ReadAction\",\"target\":[\"https:\/\/prefecturadeesmeraldas.gob.ec\/index.php\/2022\/06\/03\/prefecta-de-esmeraldas-gestiona-6-millones-de-dolares-para-emprender-la-construccion-de-una-nueva-obra-vial\/\"]}]},{\"@type\":\"ImageObject\",\"inLanguage\":\"es\",\"@id\":\"https:\/\/prefecturadeesmeraldas.gob.ec\/index.php\/2022\/06\/03\/prefecta-de-esmeraldas-gestiona-6-millones-de-dolares-para-emprender-la-construccion-de-una-nueva-obra-vial\/#primaryimage\",\"url\":\"https:\/\/prefecturadeesmeraldas.gob.ec\/wp-content\/uploads\/2022\/06\/Imagen16.jpg\",\"contentUrl\":\"https:\/\/prefecturadeesmeraldas.gob.ec\/wp-content\/uploads\/2022\/06\/Imagen16.jpg\",\"width\":457,\"height\":457},{\"@type\":\"BreadcrumbList\",\"@id\":\"https:\/\/prefecturadeesmeraldas.gob.ec\/index.php\/2022\/06\/03\/prefecta-de-esmeraldas-gestiona-6-millones-de-dolares-para-emprender-la-construccion-de-una-nueva-obra-vial\/#breadcrumb\",\"itemListElement\":[{\"@type\":\"ListItem\",\"position\":1,\"name\":\"Home\",\"item\":\"https:\/\/prefecturadeesmeraldas.gob.ec\/\"},{\"@type\":\"ListItem\",\"position\":2,\"name\":\"Prefecta de Esmeraldas gestiona 6 millones de d\u00f3lares, para emprender la construcci\u00f3n de una nueva obra vial\"}]},{\"@type\":\"WebSite\",\"@id\":\"https:\/\/prefecturadeesmeraldas.gob.ec\/#website\",\"url\":\"https:\/\/prefecturadeesmeraldas.gob.ec\/\",\"name\":\"Gobierno Aut\u00f3nomo Descentralizado de la Provincia de Esmeraldas\",\"description\":\"Gobierno Aut\u00f3nomo Descentralizado de la Provincia de Esmeraldas\",\"publisher\":{\"@id\":\"https:\/\/prefecturadeesmeraldas.gob.ec\/#organization\"},\"potentialAction\":[{\"@type\":\"SearchAction\",\"target\":{\"@type\":\"EntryPoint\",\"urlTemplate\":\"https:\/\/prefecturadeesmeraldas.gob.ec\/?s={search_term_string}\"},\"query-input\":{\"@type\":\"PropertyValueSpecification\",\"valueRequired\":true,\"valueName\":\"search_term_string\"}}],\"inLanguage\":\"es\"},{\"@type\":\"Organization\",\"@id\":\"https:\/\/prefecturadeesmeraldas.gob.ec\/#organization\",\"name\":\"Gobierno Aut\u00f3nomo Descentralizado de la Provincia de Esmeraldas\",\"url\":\"https:\/\/prefecturadeesmeraldas.gob.ec\/\",\"logo\":{\"@type\":\"ImageObject\",\"inLanguage\":\"es\",\"@id\":\"https:\/\/prefecturadeesmeraldas.gob.ec\/#\/schema\/logo\/image\/\",\"url\":\"https:\/\/prefecturadeesmeraldas.gob.ec\/wp-content\/uploads\/2019\/06\/logo.png\",\"contentUrl\":\"https:\/\/prefecturadeesmeraldas.gob.ec\/wp-content\/uploads\/2019\/06\/logo.png\",\"width\":859,\"height\":448,\"caption\":\"Gobierno Aut\u00f3nomo Descentralizado de la Provincia de Esmeraldas\"},\"image\":{\"@id\":\"https:\/\/prefecturadeesmeraldas.gob.ec\/#\/schema\/logo\/image\/\"},\"sameAs\":[\"https:\/\/www.facebook.com\/PrefecturaEsmeraldas\/\"]},{\"@type\":\"Person\",\"@id\":\"https:\/\/prefecturadeesmeraldas.gob.ec\/#\/schema\/person\/b0c9e7b1ead7725994d1e319e8825234\",\"name\":\"Direcci\u00f3n de Comunicaci\u00f3n\",\"image\":{\"@type\":\"ImageObject\",\"inLanguage\":\"es\",\"@id\":\"https:\/\/prefecturadeesmeraldas.gob.ec\/#\/schema\/person\/image\/\",\"url\":\"https:\/\/secure.gravatar.com\/avatar\/74a3870a946f5d774ade3569af61a72308e07ad3346f370c4b468ee2a9858658?s=96&d=mm&r=g\",\"contentUrl\":\"https:\/\/secure.gravatar.com\/avatar\/74a3870a946f5d774ade3569af61a72308e07ad3346f370c4b468ee2a9858658?s=96&d=mm&r=g\",\"caption\":\"Direcci\u00f3n de Comunicaci\u00f3n\"}}]}<\/script>\n<!-- \/ Yoast SEO plugin. -->","yoast_head_json":{"title":"Prefecta de Esmeraldas gestiona 6 millones de d\u00f3lares, para emprender la construcci\u00f3n de una nueva obra vial - Gobierno Aut\u00f3nomo Descentralizado de la Provincia de Esmeraldas","robots":{"index":"index","follow":"follow","max-snippet":"max-snippet:-1","max-image-preview":"max-image-preview:large","max-video-preview":"max-video-preview:-1"},"canonical":"https:\/\/prefecturadeesmeraldas.gob.ec\/index.php\/2022\/06\/03\/prefecta-de-esmeraldas-gestiona-6-millones-de-dolares-para-emprender-la-construccion-de-una-nueva-obra-vial\/","og_locale":"es_ES","og_type":"article","og_title":"Prefecta de Esmeraldas gestiona 6 millones de d\u00f3lares, para emprender la construcci\u00f3n de una nueva obra vial - Gobierno Aut\u00f3nomo Descentralizado de la Provincia de Esmeraldas","og_description":"Un nuevo proyecto de mejoramiento vial fue presentado por la Prefecta de Esmeraldas ante los habitantes del recinto Uni\u00f3n Manabita y otras comunidades de la parroquia Malimpia, en el cant\u00f3n Quinind\u00e9. Mediante gestiones, revel\u00f3 que, se encuentra listo el proyecto para la construcci\u00f3n definitiva de la v\u00eda El Mirador \u2013 Uni\u00f3n Manabita, de aproximadamente 16 [&hellip;]","og_url":"https:\/\/prefecturadeesmeraldas.gob.ec\/index.php\/2022\/06\/03\/prefecta-de-esmeraldas-gestiona-6-millones-de-dolares-para-emprender-la-construccion-de-una-nueva-obra-vial\/","og_site_name":"Gobierno Aut\u00f3nomo Descentralizado de la Provincia de Esmeraldas","article_publisher":"https:\/\/www.facebook.com\/PrefecturaEsmeraldas\/","article_published_time":"2022-06-03T21:27:01+00:00","article_modified_time":"2022-06-03T21:27:55+00:00","og_image":[{"width":457,"height":457,"url":"https:\/\/prefecturadeesmeraldas.gob.ec\/wp-content\/uploads\/2022\/06\/Imagen16.jpg","type":"image\/jpeg"}],"author":"Direcci\u00f3n de Comunicaci\u00f3n","twitter_card":"summary_large_image","twitter_misc":{"Escrito por":"Direcci\u00f3n de Comunicaci\u00f3n","Tiempo de lectura":"1 minuto"},"schema":{"@context":"https:\/\/schema.org","@graph":[{"@type":"Article","@id":"https:\/\/prefecturadeesmeraldas.gob.ec\/index.php\/2022\/06\/03\/prefecta-de-esmeraldas-gestiona-6-millones-de-dolares-para-emprender-la-construccion-de-una-nueva-obra-vial\/#article","isPartOf":{"@id":"https:\/\/prefecturadeesmeraldas.gob.ec\/index.php\/2022\/06\/03\/prefecta-de-esmeraldas-gestiona-6-millones-de-dolares-para-emprender-la-construccion-de-una-nueva-obra-vial\/"},"author":{"name":"Direcci\u00f3n de Comunicaci\u00f3n","@id":"https:\/\/prefecturadeesmeraldas.gob.ec\/#\/schema\/person\/b0c9e7b1ead7725994d1e319e8825234"},"headline":"Prefecta de Esmeraldas gestiona 6 millones de d\u00f3lares, para emprender la construcci\u00f3n de una nueva obra vial","datePublished":"2022-06-03T21:27:01+00:00","dateModified":"2022-06-03T21:27:55+00:00","mainEntityOfPage":{"@id":"https:\/\/prefecturadeesmeraldas.gob.ec\/index.php\/2022\/06\/03\/prefecta-de-esmeraldas-gestiona-6-millones-de-dolares-para-emprender-la-construccion-de-una-nueva-obra-vial\/"},"wordCount":295,"publisher":{"@id":"https:\/\/prefecturadeesmeraldas.gob.ec\/#organization"},"image":{"@id":"https:\/\/prefecturadeesmeraldas.gob.ec\/index.php\/2022\/06\/03\/prefecta-de-esmeraldas-gestiona-6-millones-de-dolares-para-emprender-la-construccion-de-una-nueva-obra-vial\/#primaryimage"},"thumbnailUrl":"https:\/\/prefecturadeesmeraldas.gob.ec\/wp-content\/uploads\/2022\/06\/Imagen16.jpg","articleSection":["Vialidad"],"inLanguage":"es"},{"@type":"WebPage","@id":"https:\/\/prefecturadeesmeraldas.gob.ec\/index.php\/2022\/06\/03\/prefecta-de-esmeraldas-gestiona-6-millones-de-dolares-para-emprender-la-construccion-de-una-nueva-obra-vial\/","url":"https:\/\/prefecturadeesmeraldas.gob.ec\/index.php\/2022\/06\/03\/prefecta-de-esmeraldas-gestiona-6-millones-de-dolares-para-emprender-la-construccion-de-una-nueva-obra-vial\/","name":"Prefecta de Esmeraldas gestiona 6 millones de d\u00f3lares, para emprender la construcci\u00f3n de una nueva obra vial - Gobierno Aut\u00f3nomo Descentralizado de la Provincia de Esmeraldas","isPartOf":{"@id":"https:\/\/prefecturadeesmeraldas.gob.ec\/#website"},"primaryImageOfPage":{"@id":"https:\/\/prefecturadeesmeraldas.gob.ec\/index.php\/2022\/06\/03\/prefecta-de-esmeraldas-gestiona-6-millones-de-dolares-para-emprender-la-construccion-de-una-nueva-obra-vial\/#primaryimage"},"image":{"@id":"https:\/\/prefecturadeesmeraldas.gob.ec\/index.php\/2022\/06\/03\/prefecta-de-esmeraldas-gestiona-6-millones-de-dolares-para-emprender-la-construccion-de-una-nueva-obra-vial\/#primaryimage"},"thumbnailUrl":"https:\/\/prefecturadeesmeraldas.gob.ec\/wp-content\/uploads\/2022\/06\/Imagen16.jpg","datePublished":"2022-06-03T21:27:01+00:00","dateModified":"2022-06-03T21:27:55+00:00","breadcrumb":{"@id":"https:\/\/prefecturadeesmeraldas.gob.ec\/index.php\/2022\/06\/03\/prefecta-de-esmeraldas-gestiona-6-millones-de-dolares-para-emprender-la-construccion-de-una-nueva-obra-vial\/#breadcrumb"},"inLanguage":"es","potentialAction":[{"@type":"ReadAction","target":["https:\/\/prefecturadeesmeraldas.gob.ec\/index.php\/2022\/06\/03\/prefecta-de-esmeraldas-gestiona-6-millones-de-dolares-para-emprender-la-construccion-de-una-nueva-obra-vial\/"]}]},{"@type":"ImageObject","inLanguage":"es","@id":"https:\/\/prefecturadeesmeraldas.gob.ec\/index.php\/2022\/06\/03\/prefecta-de-esmeraldas-gestiona-6-millones-de-dolares-para-emprender-la-construccion-de-una-nueva-obra-vial\/#primaryimage","url":"https:\/\/prefecturadeesmeraldas.gob.ec\/wp-content\/uploads\/2022\/06\/Imagen16.jpg","contentUrl":"https:\/\/prefecturadeesmeraldas.gob.ec\/wp-content\/uploads\/2022\/06\/Imagen16.jpg","width":457,"height":457},{"@type":"BreadcrumbList","@id":"https:\/\/prefecturadeesmeraldas.gob.ec\/index.php\/2022\/06\/03\/prefecta-de-esmeraldas-gestiona-6-millones-de-dolares-para-emprender-la-construccion-de-una-nueva-obra-vial\/#breadcrumb","itemListElement":[{"@type":"ListItem","position":1,"name":"Home","item":"https:\/\/prefecturadeesmeraldas.gob.ec\/"},{"@type":"ListItem","position":2,"name":"Prefecta de Esmeraldas gestiona 6 millones de d\u00f3lares, para emprender la construcci\u00f3n de una nueva obra vial"}]},{"@type":"WebSite","@id":"https:\/\/prefecturadeesmeraldas.gob.ec\/#website","url":"https:\/\/prefecturadeesmeraldas.gob.ec\/","name":"Gobierno Aut\u00f3nomo Descentralizado de la Provincia de Esmeraldas","description":"Gobierno Aut\u00f3nomo Descentralizado de la Provincia de Esmeraldas","publisher":{"@id":"https:\/\/prefecturadeesmeraldas.gob.ec\/#organization"},"potentialAction":[{"@type":"SearchAction","target":{"@type":"EntryPoint","urlTemplate":"https:\/\/prefecturadeesmeraldas.gob.ec\/?s={search_term_string}"},"query-input":{"@type":"PropertyValueSpecification","valueRequired":true,"valueName":"search_term_string"}}],"inLanguage":"es"},{"@type":"Organization","@id":"https:\/\/prefecturadeesmeraldas.gob.ec\/#organization","name":"Gobierno Aut\u00f3nomo Descentralizado de la Provincia de Esmeraldas","url":"https:\/\/prefecturadeesmeraldas.gob.ec\/","logo":{"@type":"ImageObject","inLanguage":"es","@id":"https:\/\/prefecturadeesmeraldas.gob.ec\/#\/schema\/logo\/image\/","url":"https:\/\/prefecturadeesmeraldas.gob.ec\/wp-content\/uploads\/2019\/06\/logo.png","contentUrl":"https:\/\/prefecturadeesmeraldas.gob.ec\/wp-content\/uploads\/2019\/06\/logo.png","width":859,"height":448,"caption":"Gobierno Aut\u00f3nomo Descentralizado de la Provincia de Esmeraldas"},"image":{"@id":"https:\/\/prefecturadeesmeraldas.gob.ec\/#\/schema\/logo\/image\/"},"sameAs":["https:\/\/www.facebook.com\/PrefecturaEsmeraldas\/"]},{"@type":"Person","@id":"https:\/\/prefecturadeesmeraldas.gob.ec\/#\/schema\/person\/b0c9e7b1ead7725994d1e319e8825234","name":"Direcci\u00f3n de Comunicaci\u00f3n","image":{"@type":"ImageObject","inLanguage":"es","@id":"https:\/\/prefecturadeesmeraldas.gob.ec\/#\/schema\/person\/image\/","url":"https:\/\/secure.gravatar.com\/avatar\/74a3870a946f5d774ade3569af61a72308e07ad3346f370c4b468ee2a9858658?s=96&d=mm&r=g","contentUrl":"https:\/\/secure.gravatar.com\/avatar\/74a3870a946f5d774ade3569af61a72308e07ad3346f370c4b468ee2a9858658?s=96&d=mm&r=g","caption":"Direcci\u00f3n de Comunicaci\u00f3n"}}]}},"_links":{"self":[{"href":"https:\/\/prefecturadeesmeraldas.gob.ec\/index.php\/wp-json\/wp\/v2\/posts\/16646","targetHints":{"allow":["GET"]}}],"collection":[{"href":"https:\/\/prefecturadeesmeraldas.gob.ec\/index.php\/wp-json\/wp\/v2\/posts"}],"about":[{"href":"https:\/\/prefecturadeesmeraldas.gob.ec\/index.php\/wp-json\/wp\/v2\/types\/post"}],"author":[{"embeddable":true,"href":"https:\/\/prefecturadeesmeraldas.gob.ec\/index.php\/wp-json\/wp\/v2\/users\/2"}],"replies":[{"embeddable":true,"href":"https:\/\/prefecturadeesmeraldas.gob.ec\/index.php\/wp-json\/wp\/v2\/comments?post=16646"}],"version-history":[{"count":0,"href":"https:\/\/prefecturadeesmeraldas.gob.ec\/index.php\/wp-json\/wp\/v2\/posts\/16646\/revisions"}],"wp:featuredmedia":[{"embeddable":true,"href":"https:\/\/prefecturadeesmeraldas.gob.ec\/index.php\/wp-json\/wp\/v2\/media\/16647"}],"wp:attachment":[{"href":"https:\/\/prefecturadeesmeraldas.gob.ec\/index.php\/wp-json\/wp\/v2\/media?parent=16646"}],"wp:term":[{"taxonomy":"category","embeddable":true,"href":"https:\/\/prefecturadeesmeraldas.gob.ec\/index.php\/wp-json\/wp\/v2\/categories?post=16646"},{"taxonomy":"post_tag","embeddable":true,"href":"https:\/\/prefecturadeesmeraldas.gob.ec\/index.php\/wp-json\/wp\/v2\/tags?post=16646"}],"curies":[{"name":"wp","href":"https:\/\/api.w.org\/{rel}","templated":true}]}}