{"id":16622,"date":"2022-06-02T14:37:52","date_gmt":"2022-06-02T19:37:52","guid":{"rendered":"https:\/\/prefecturadeesmeraldas.gob.ec\/?p=16622"},"modified":"2022-06-02T14:38:33","modified_gmt":"2022-06-02T19:38:33","slug":"prefectura-de-esmeraldas-diversifica-dieta-alimentaria-en-parroquia-vuelta-larga","status":"publish","type":"post","link":"https:\/\/prefecturadeesmeraldas.gob.ec\/index.php\/2022\/06\/02\/prefectura-de-esmeraldas-diversifica-dieta-alimentaria-en-parroquia-vuelta-larga\/","title":{"rendered":"Prefectura de Esmeraldas diversifica dieta alimentaria en parroquia Vuelta Larga"},"content":{"rendered":"\t\t<div data-elementor-type=\"wp-post\" data-elementor-id=\"16622\" class=\"elementor elementor-16622\">\n\t\t\t\t\t\t<section class=\"elementor-section elementor-top-section elementor-element elementor-element-6cb0ef1 elementor-section-boxed elementor-section-height-default elementor-section-height-default\" data-id=\"6cb0ef1\" data-element_type=\"section\">\n\t\t\t\t\t\t<div class=\"elementor-container elementor-column-gap-default\">\n\t\t\t\t\t<div class=\"elementor-column elementor-col-100 elementor-top-column elementor-element elementor-element-53b3520\" data-id=\"53b3520\" data-element_type=\"column\">\n\t\t\t<div class=\"elementor-widget-wrap elementor-element-populated\">\n\t\t\t\t\t\t<div class=\"elementor-element elementor-element-1eb260e elementor-widget elementor-widget-image\" data-id=\"1eb260e\" data-element_type=\"widget\" data-widget_type=\"image.default\">\n\t\t\t\t<div class=\"elementor-widget-container\">\n\t\t\t\t\t\t\t\t\t\t\t\t\t\t\t<img fetchpriority=\"high\" decoding=\"async\" width=\"651\" height=\"651\" src=\"https:\/\/prefecturadeesmeraldas.gob.ec\/wp-content\/uploads\/2022\/06\/Imagen12.jpg\" class=\"attachment-large size-large wp-image-16623\" alt=\"\" srcset=\"https:\/\/prefecturadeesmeraldas.gob.ec\/wp-content\/uploads\/2022\/06\/Imagen12.jpg 651w, https:\/\/prefecturadeesmeraldas.gob.ec\/wp-content\/uploads\/2022\/06\/Imagen12-240x240.jpg 240w, https:\/\/prefecturadeesmeraldas.gob.ec\/wp-content\/uploads\/2022\/06\/Imagen12-150x150.jpg 150w, https:\/\/prefecturadeesmeraldas.gob.ec\/wp-content\/uploads\/2022\/06\/Imagen12-300x300.jpg 300w\" sizes=\"(max-width: 651px) 100vw, 651px\" \/>\t\t\t\t\t\t\t\t\t\t\t\t\t\t\t<\/div>\n\t\t\t\t<\/div>\n\t\t\t\t\t<\/div>\n\t\t<\/div>\n\t\t\t\t\t<\/div>\n\t\t<\/section>\n\t\t\t\t<section class=\"elementor-section elementor-top-section elementor-element elementor-element-f40e460 elementor-section-boxed elementor-section-height-default elementor-section-height-default\" data-id=\"f40e460\" data-element_type=\"section\">\n\t\t\t\t\t\t<div class=\"elementor-container elementor-column-gap-default\">\n\t\t\t\t\t<div class=\"elementor-column elementor-col-100 elementor-top-column elementor-element elementor-element-9e1f374\" data-id=\"9e1f374\" data-element_type=\"column\">\n\t\t\t<div class=\"elementor-widget-wrap elementor-element-populated\">\n\t\t\t\t\t\t<div class=\"elementor-element elementor-element-283763a elementor-widget elementor-widget-text-editor\" data-id=\"283763a\" data-element_type=\"widget\" data-widget_type=\"text-editor.default\">\n\t\t\t\t<div class=\"elementor-widget-container\">\n\t\t\t\t\t\t\t\t\t<p>Garantizando la dieta alimentaria de las comunidades rurales, t\u00e9cnicos de la Direcci\u00f3n de Fomento Productivo y agricultores de la parroquia Vuelta Larga, construyeron huertas hort\u00edcolas para la siembra de cultivos de ciclo corto.<\/p><p><\/p><p>Adem\u00e1s, para el beneficio de este sector, se implementar\u00e1 un proyecto de gallinas de posturas, con la finalidad de contribuir mejorar la dieta alimentaria y generar ingresos econ\u00f3micos.<\/p><p><\/p><p>\u201cAgradezco a la Prefectura de Esmeraldas por impulsar el cultivo de huertos en esta zona. Los conocimientos y apoyo de los t\u00e9cnicos han sido fundamental para iniciar con este gran proyecto\u201d, manifest\u00f3, <strong>Alexandra Vizca\u00edno<\/strong>, moradora del recinto Pueblo Nuevo.<\/p><p><\/p><p>Por su parte, la agricultora, <strong>Victoria Jama<\/strong>, se\u00f1al\u00f3 que, felicita el accionar de la prefecta, <strong>Roberta Zambrano<\/strong>, por impulsar el progreso y desarrollo de la parroquia Vuelta Larga.<\/p><p><\/p><p><strong>Lidia Vaca<\/strong>, vicepresidenta del Gad Parroquial de Vuelta Larga, confirm\u00f3 el compromiso de la Prefectura para apoyar a los agricultores e impartir conocimientos que promueven la <strong>soberan\u00eda alimentaria en las comunidades rurales<\/strong>.<\/p>\t\t\t\t\t\t\t\t<\/div>\n\t\t\t\t<\/div>\n\t\t\t\t\t<\/div>\n\t\t<\/div>\n\t\t\t\t\t<\/div>\n\t\t<\/section>\n\t\t\t\t<\/div>\n\t\t","protected":false},"excerpt":{"rendered":"<p>Garantizando la dieta alimentaria de las comunidades rurales, t\u00e9cnicos de la Direcci\u00f3n de Fomento Productivo y agricultores de la parroquia Vuelta Larga, construyeron huertas hort\u00edcolas para la siembra de cultivos de ciclo corto. Adem\u00e1s, para el beneficio de este sector, se implementar\u00e1 un proyecto de gallinas de posturas, con la finalidad de contribuir mejorar la [&hellip;]<\/p>\n","protected":false},"author":2,"featured_media":16623,"comment_status":"closed","ping_status":"open","sticky":false,"template":"","format":"standard","meta":{"footnotes":""},"categories":[12],"tags":[],"class_list":["post-16622","post","type-post","status-publish","format-standard","has-post-thumbnail","hentry","category-fomento_productivo_2019"],"yoast_head":"<!-- This site is optimized with the Yoast SEO plugin v25.7 - https:\/\/yoast.com\/wordpress\/plugins\/seo\/ -->\n<title>Prefectura de Esmeraldas diversifica dieta alimentaria en parroquia Vuelta Larga - Gobierno Aut\u00f3nomo Descentralizado de la Provincia de Esmeraldas<\/title>\n<meta name=\"robots\" content=\"index, follow, max-snippet:-1, max-image-preview:large, max-video-preview:-1\" \/>\n<link rel=\"canonical\" href=\"https:\/\/prefecturadeesmeraldas.gob.ec\/index.php\/2022\/06\/02\/prefectura-de-esmeraldas-diversifica-dieta-alimentaria-en-parroquia-vuelta-larga\/\" \/>\n<meta property=\"og:locale\" content=\"es_ES\" \/>\n<meta property=\"og:type\" content=\"article\" \/>\n<meta property=\"og:title\" content=\"Prefectura de Esmeraldas diversifica dieta alimentaria en parroquia Vuelta Larga - Gobierno Aut\u00f3nomo Descentralizado de la Provincia de Esmeraldas\" \/>\n<meta property=\"og:description\" content=\"Garantizando la dieta alimentaria de las comunidades rurales, t\u00e9cnicos de la Direcci\u00f3n de Fomento Productivo y agricultores de la parroquia Vuelta Larga, construyeron huertas hort\u00edcolas para la siembra de cultivos de ciclo corto. Adem\u00e1s, para el beneficio de este sector, se implementar\u00e1 un proyecto de gallinas de posturas, con la finalidad de contribuir mejorar la [&hellip;]\" \/>\n<meta property=\"og:url\" content=\"https:\/\/prefecturadeesmeraldas.gob.ec\/index.php\/2022\/06\/02\/prefectura-de-esmeraldas-diversifica-dieta-alimentaria-en-parroquia-vuelta-larga\/\" \/>\n<meta property=\"og:site_name\" content=\"Gobierno Aut\u00f3nomo Descentralizado de la Provincia de Esmeraldas\" \/>\n<meta property=\"article:publisher\" content=\"https:\/\/www.facebook.com\/PrefecturaEsmeraldas\/\" \/>\n<meta property=\"article:published_time\" content=\"2022-06-02T19:37:52+00:00\" \/>\n<meta property=\"article:modified_time\" content=\"2022-06-02T19:38:33+00:00\" \/>\n<meta property=\"og:image\" content=\"https:\/\/prefecturadeesmeraldas.gob.ec\/wp-content\/uploads\/2022\/06\/Imagen12.jpg\" \/>\n\t<meta property=\"og:image:width\" content=\"651\" \/>\n\t<meta property=\"og:image:height\" content=\"651\" \/>\n\t<meta property=\"og:image:type\" content=\"image\/jpeg\" \/>\n<meta name=\"author\" content=\"Direcci\u00f3n de Comunicaci\u00f3n\" \/>\n<meta name=\"twitter:card\" content=\"summary_large_image\" \/>\n<meta name=\"twitter:label1\" content=\"Escrito por\" \/>\n\t<meta name=\"twitter:data1\" content=\"Direcci\u00f3n de Comunicaci\u00f3n\" \/>\n\t<meta name=\"twitter:label2\" content=\"Tiempo de lectura\" \/>\n\t<meta name=\"twitter:data2\" content=\"1 minuto\" \/>\n<script type=\"application\/ld+json\" class=\"yoast-schema-graph\">{\"@context\":\"https:\/\/schema.org\",\"@graph\":[{\"@type\":\"Article\",\"@id\":\"https:\/\/prefecturadeesmeraldas.gob.ec\/index.php\/2022\/06\/02\/prefectura-de-esmeraldas-diversifica-dieta-alimentaria-en-parroquia-vuelta-larga\/#article\",\"isPartOf\":{\"@id\":\"https:\/\/prefecturadeesmeraldas.gob.ec\/index.php\/2022\/06\/02\/prefectura-de-esmeraldas-diversifica-dieta-alimentaria-en-parroquia-vuelta-larga\/\"},\"author\":{\"name\":\"Direcci\u00f3n de Comunicaci\u00f3n\",\"@id\":\"https:\/\/prefecturadeesmeraldas.gob.ec\/#\/schema\/person\/b0c9e7b1ead7725994d1e319e8825234\"},\"headline\":\"Prefectura de Esmeraldas diversifica dieta alimentaria en parroquia Vuelta Larga\",\"datePublished\":\"2022-06-02T19:37:52+00:00\",\"dateModified\":\"2022-06-02T19:38:33+00:00\",\"mainEntityOfPage\":{\"@id\":\"https:\/\/prefecturadeesmeraldas.gob.ec\/index.php\/2022\/06\/02\/prefectura-de-esmeraldas-diversifica-dieta-alimentaria-en-parroquia-vuelta-larga\/\"},\"wordCount\":179,\"publisher\":{\"@id\":\"https:\/\/prefecturadeesmeraldas.gob.ec\/#organization\"},\"image\":{\"@id\":\"https:\/\/prefecturadeesmeraldas.gob.ec\/index.php\/2022\/06\/02\/prefectura-de-esmeraldas-diversifica-dieta-alimentaria-en-parroquia-vuelta-larga\/#primaryimage\"},\"thumbnailUrl\":\"https:\/\/prefecturadeesmeraldas.gob.ec\/wp-content\/uploads\/2022\/06\/Imagen12.jpg\",\"articleSection\":[\"Fomento Productivo\"],\"inLanguage\":\"es\"},{\"@type\":\"WebPage\",\"@id\":\"https:\/\/prefecturadeesmeraldas.gob.ec\/index.php\/2022\/06\/02\/prefectura-de-esmeraldas-diversifica-dieta-alimentaria-en-parroquia-vuelta-larga\/\",\"url\":\"https:\/\/prefecturadeesmeraldas.gob.ec\/index.php\/2022\/06\/02\/prefectura-de-esmeraldas-diversifica-dieta-alimentaria-en-parroquia-vuelta-larga\/\",\"name\":\"Prefectura de Esmeraldas diversifica dieta alimentaria en parroquia Vuelta Larga - Gobierno Aut\u00f3nomo Descentralizado de la Provincia de Esmeraldas\",\"isPartOf\":{\"@id\":\"https:\/\/prefecturadeesmeraldas.gob.ec\/#website\"},\"primaryImageOfPage\":{\"@id\":\"https:\/\/prefecturadeesmeraldas.gob.ec\/index.php\/2022\/06\/02\/prefectura-de-esmeraldas-diversifica-dieta-alimentaria-en-parroquia-vuelta-larga\/#primaryimage\"},\"image\":{\"@id\":\"https:\/\/prefecturadeesmeraldas.gob.ec\/index.php\/2022\/06\/02\/prefectura-de-esmeraldas-diversifica-dieta-alimentaria-en-parroquia-vuelta-larga\/#primaryimage\"},\"thumbnailUrl\":\"https:\/\/prefecturadeesmeraldas.gob.ec\/wp-content\/uploads\/2022\/06\/Imagen12.jpg\",\"datePublished\":\"2022-06-02T19:37:52+00:00\",\"dateModified\":\"2022-06-02T19:38:33+00:00\",\"breadcrumb\":{\"@id\":\"https:\/\/prefecturadeesmeraldas.gob.ec\/index.php\/2022\/06\/02\/prefectura-de-esmeraldas-diversifica-dieta-alimentaria-en-parroquia-vuelta-larga\/#breadcrumb\"},\"inLanguage\":\"es\",\"potentialAction\":[{\"@type\":\"ReadAction\",\"target\":[\"https:\/\/prefecturadeesmeraldas.gob.ec\/index.php\/2022\/06\/02\/prefectura-de-esmeraldas-diversifica-dieta-alimentaria-en-parroquia-vuelta-larga\/\"]}]},{\"@type\":\"ImageObject\",\"inLanguage\":\"es\",\"@id\":\"https:\/\/prefecturadeesmeraldas.gob.ec\/index.php\/2022\/06\/02\/prefectura-de-esmeraldas-diversifica-dieta-alimentaria-en-parroquia-vuelta-larga\/#primaryimage\",\"url\":\"https:\/\/prefecturadeesmeraldas.gob.ec\/wp-content\/uploads\/2022\/06\/Imagen12.jpg\",\"contentUrl\":\"https:\/\/prefecturadeesmeraldas.gob.ec\/wp-content\/uploads\/2022\/06\/Imagen12.jpg\",\"width\":651,\"height\":651},{\"@type\":\"BreadcrumbList\",\"@id\":\"https:\/\/prefecturadeesmeraldas.gob.ec\/index.php\/2022\/06\/02\/prefectura-de-esmeraldas-diversifica-dieta-alimentaria-en-parroquia-vuelta-larga\/#breadcrumb\",\"itemListElement\":[{\"@type\":\"ListItem\",\"position\":1,\"name\":\"Home\",\"item\":\"https:\/\/prefecturadeesmeraldas.gob.ec\/\"},{\"@type\":\"ListItem\",\"position\":2,\"name\":\"Prefectura de Esmeraldas diversifica dieta alimentaria en parroquia Vuelta Larga\"}]},{\"@type\":\"WebSite\",\"@id\":\"https:\/\/prefecturadeesmeraldas.gob.ec\/#website\",\"url\":\"https:\/\/prefecturadeesmeraldas.gob.ec\/\",\"name\":\"Gobierno Aut\u00f3nomo Descentralizado de la Provincia de Esmeraldas\",\"description\":\"Gobierno Aut\u00f3nomo Descentralizado de la Provincia de Esmeraldas\",\"publisher\":{\"@id\":\"https:\/\/prefecturadeesmeraldas.gob.ec\/#organization\"},\"potentialAction\":[{\"@type\":\"SearchAction\",\"target\":{\"@type\":\"EntryPoint\",\"urlTemplate\":\"https:\/\/prefecturadeesmeraldas.gob.ec\/?s={search_term_string}\"},\"query-input\":{\"@type\":\"PropertyValueSpecification\",\"valueRequired\":true,\"valueName\":\"search_term_string\"}}],\"inLanguage\":\"es\"},{\"@type\":\"Organization\",\"@id\":\"https:\/\/prefecturadeesmeraldas.gob.ec\/#organization\",\"name\":\"Gobierno Aut\u00f3nomo Descentralizado de la Provincia de Esmeraldas\",\"url\":\"https:\/\/prefecturadeesmeraldas.gob.ec\/\",\"logo\":{\"@type\":\"ImageObject\",\"inLanguage\":\"es\",\"@id\":\"https:\/\/prefecturadeesmeraldas.gob.ec\/#\/schema\/logo\/image\/\",\"url\":\"https:\/\/prefecturadeesmeraldas.gob.ec\/wp-content\/uploads\/2019\/06\/logo.png\",\"contentUrl\":\"https:\/\/prefecturadeesmeraldas.gob.ec\/wp-content\/uploads\/2019\/06\/logo.png\",\"width\":859,\"height\":448,\"caption\":\"Gobierno Aut\u00f3nomo Descentralizado de la Provincia de Esmeraldas\"},\"image\":{\"@id\":\"https:\/\/prefecturadeesmeraldas.gob.ec\/#\/schema\/logo\/image\/\"},\"sameAs\":[\"https:\/\/www.facebook.com\/PrefecturaEsmeraldas\/\"]},{\"@type\":\"Person\",\"@id\":\"https:\/\/prefecturadeesmeraldas.gob.ec\/#\/schema\/person\/b0c9e7b1ead7725994d1e319e8825234\",\"name\":\"Direcci\u00f3n de Comunicaci\u00f3n\",\"image\":{\"@type\":\"ImageObject\",\"inLanguage\":\"es\",\"@id\":\"https:\/\/prefecturadeesmeraldas.gob.ec\/#\/schema\/person\/image\/\",\"url\":\"https:\/\/secure.gravatar.com\/avatar\/74a3870a946f5d774ade3569af61a72308e07ad3346f370c4b468ee2a9858658?s=96&d=mm&r=g\",\"contentUrl\":\"https:\/\/secure.gravatar.com\/avatar\/74a3870a946f5d774ade3569af61a72308e07ad3346f370c4b468ee2a9858658?s=96&d=mm&r=g\",\"caption\":\"Direcci\u00f3n de Comunicaci\u00f3n\"}}]}<\/script>\n<!-- \/ Yoast SEO plugin. -->","yoast_head_json":{"title":"Prefectura de Esmeraldas diversifica dieta alimentaria en parroquia Vuelta Larga - Gobierno Aut\u00f3nomo Descentralizado de la Provincia de Esmeraldas","robots":{"index":"index","follow":"follow","max-snippet":"max-snippet:-1","max-image-preview":"max-image-preview:large","max-video-preview":"max-video-preview:-1"},"canonical":"https:\/\/prefecturadeesmeraldas.gob.ec\/index.php\/2022\/06\/02\/prefectura-de-esmeraldas-diversifica-dieta-alimentaria-en-parroquia-vuelta-larga\/","og_locale":"es_ES","og_type":"article","og_title":"Prefectura de Esmeraldas diversifica dieta alimentaria en parroquia Vuelta Larga - Gobierno Aut\u00f3nomo Descentralizado de la Provincia de Esmeraldas","og_description":"Garantizando la dieta alimentaria de las comunidades rurales, t\u00e9cnicos de la Direcci\u00f3n de Fomento Productivo y agricultores de la parroquia Vuelta Larga, construyeron huertas hort\u00edcolas para la siembra de cultivos de ciclo corto. Adem\u00e1s, para el beneficio de este sector, se implementar\u00e1 un proyecto de gallinas de posturas, con la finalidad de contribuir mejorar la [&hellip;]","og_url":"https:\/\/prefecturadeesmeraldas.gob.ec\/index.php\/2022\/06\/02\/prefectura-de-esmeraldas-diversifica-dieta-alimentaria-en-parroquia-vuelta-larga\/","og_site_name":"Gobierno Aut\u00f3nomo Descentralizado de la Provincia de Esmeraldas","article_publisher":"https:\/\/www.facebook.com\/PrefecturaEsmeraldas\/","article_published_time":"2022-06-02T19:37:52+00:00","article_modified_time":"2022-06-02T19:38:33+00:00","og_image":[{"width":651,"height":651,"url":"https:\/\/prefecturadeesmeraldas.gob.ec\/wp-content\/uploads\/2022\/06\/Imagen12.jpg","type":"image\/jpeg"}],"author":"Direcci\u00f3n de Comunicaci\u00f3n","twitter_card":"summary_large_image","twitter_misc":{"Escrito por":"Direcci\u00f3n de Comunicaci\u00f3n","Tiempo de lectura":"1 minuto"},"schema":{"@context":"https:\/\/schema.org","@graph":[{"@type":"Article","@id":"https:\/\/prefecturadeesmeraldas.gob.ec\/index.php\/2022\/06\/02\/prefectura-de-esmeraldas-diversifica-dieta-alimentaria-en-parroquia-vuelta-larga\/#article","isPartOf":{"@id":"https:\/\/prefecturadeesmeraldas.gob.ec\/index.php\/2022\/06\/02\/prefectura-de-esmeraldas-diversifica-dieta-alimentaria-en-parroquia-vuelta-larga\/"},"author":{"name":"Direcci\u00f3n de Comunicaci\u00f3n","@id":"https:\/\/prefecturadeesmeraldas.gob.ec\/#\/schema\/person\/b0c9e7b1ead7725994d1e319e8825234"},"headline":"Prefectura de Esmeraldas diversifica dieta alimentaria en parroquia Vuelta Larga","datePublished":"2022-06-02T19:37:52+00:00","dateModified":"2022-06-02T19:38:33+00:00","mainEntityOfPage":{"@id":"https:\/\/prefecturadeesmeraldas.gob.ec\/index.php\/2022\/06\/02\/prefectura-de-esmeraldas-diversifica-dieta-alimentaria-en-parroquia-vuelta-larga\/"},"wordCount":179,"publisher":{"@id":"https:\/\/prefecturadeesmeraldas.gob.ec\/#organization"},"image":{"@id":"https:\/\/prefecturadeesmeraldas.gob.ec\/index.php\/2022\/06\/02\/prefectura-de-esmeraldas-diversifica-dieta-alimentaria-en-parroquia-vuelta-larga\/#primaryimage"},"thumbnailUrl":"https:\/\/prefecturadeesmeraldas.gob.ec\/wp-content\/uploads\/2022\/06\/Imagen12.jpg","articleSection":["Fomento Productivo"],"inLanguage":"es"},{"@type":"WebPage","@id":"https:\/\/prefecturadeesmeraldas.gob.ec\/index.php\/2022\/06\/02\/prefectura-de-esmeraldas-diversifica-dieta-alimentaria-en-parroquia-vuelta-larga\/","url":"https:\/\/prefecturadeesmeraldas.gob.ec\/index.php\/2022\/06\/02\/prefectura-de-esmeraldas-diversifica-dieta-alimentaria-en-parroquia-vuelta-larga\/","name":"Prefectura de Esmeraldas diversifica dieta alimentaria en parroquia Vuelta Larga - Gobierno Aut\u00f3nomo Descentralizado de la Provincia de Esmeraldas","isPartOf":{"@id":"https:\/\/prefecturadeesmeraldas.gob.ec\/#website"},"primaryImageOfPage":{"@id":"https:\/\/prefecturadeesmeraldas.gob.ec\/index.php\/2022\/06\/02\/prefectura-de-esmeraldas-diversifica-dieta-alimentaria-en-parroquia-vuelta-larga\/#primaryimage"},"image":{"@id":"https:\/\/prefecturadeesmeraldas.gob.ec\/index.php\/2022\/06\/02\/prefectura-de-esmeraldas-diversifica-dieta-alimentaria-en-parroquia-vuelta-larga\/#primaryimage"},"thumbnailUrl":"https:\/\/prefecturadeesmeraldas.gob.ec\/wp-content\/uploads\/2022\/06\/Imagen12.jpg","datePublished":"2022-06-02T19:37:52+00:00","dateModified":"2022-06-02T19:38:33+00:00","breadcrumb":{"@id":"https:\/\/prefecturadeesmeraldas.gob.ec\/index.php\/2022\/06\/02\/prefectura-de-esmeraldas-diversifica-dieta-alimentaria-en-parroquia-vuelta-larga\/#breadcrumb"},"inLanguage":"es","potentialAction":[{"@type":"ReadAction","target":["https:\/\/prefecturadeesmeraldas.gob.ec\/index.php\/2022\/06\/02\/prefectura-de-esmeraldas-diversifica-dieta-alimentaria-en-parroquia-vuelta-larga\/"]}]},{"@type":"ImageObject","inLanguage":"es","@id":"https:\/\/prefecturadeesmeraldas.gob.ec\/index.php\/2022\/06\/02\/prefectura-de-esmeraldas-diversifica-dieta-alimentaria-en-parroquia-vuelta-larga\/#primaryimage","url":"https:\/\/prefecturadeesmeraldas.gob.ec\/wp-content\/uploads\/2022\/06\/Imagen12.jpg","contentUrl":"https:\/\/prefecturadeesmeraldas.gob.ec\/wp-content\/uploads\/2022\/06\/Imagen12.jpg","width":651,"height":651},{"@type":"BreadcrumbList","@id":"https:\/\/prefecturadeesmeraldas.gob.ec\/index.php\/2022\/06\/02\/prefectura-de-esmeraldas-diversifica-dieta-alimentaria-en-parroquia-vuelta-larga\/#breadcrumb","itemListElement":[{"@type":"ListItem","position":1,"name":"Home","item":"https:\/\/prefecturadeesmeraldas.gob.ec\/"},{"@type":"ListItem","position":2,"name":"Prefectura de Esmeraldas diversifica dieta alimentaria en parroquia Vuelta Larga"}]},{"@type":"WebSite","@id":"https:\/\/prefecturadeesmeraldas.gob.ec\/#website","url":"https:\/\/prefecturadeesmeraldas.gob.ec\/","name":"Gobierno Aut\u00f3nomo Descentralizado de la Provincia de Esmeraldas","description":"Gobierno Aut\u00f3nomo Descentralizado de la Provincia de Esmeraldas","publisher":{"@id":"https:\/\/prefecturadeesmeraldas.gob.ec\/#organization"},"potentialAction":[{"@type":"SearchAction","target":{"@type":"EntryPoint","urlTemplate":"https:\/\/prefecturadeesmeraldas.gob.ec\/?s={search_term_string}"},"query-input":{"@type":"PropertyValueSpecification","valueRequired":true,"valueName":"search_term_string"}}],"inLanguage":"es"},{"@type":"Organization","@id":"https:\/\/prefecturadeesmeraldas.gob.ec\/#organization","name":"Gobierno Aut\u00f3nomo Descentralizado de la Provincia de Esmeraldas","url":"https:\/\/prefecturadeesmeraldas.gob.ec\/","logo":{"@type":"ImageObject","inLanguage":"es","@id":"https:\/\/prefecturadeesmeraldas.gob.ec\/#\/schema\/logo\/image\/","url":"https:\/\/prefecturadeesmeraldas.gob.ec\/wp-content\/uploads\/2019\/06\/logo.png","contentUrl":"https:\/\/prefecturadeesmeraldas.gob.ec\/wp-content\/uploads\/2019\/06\/logo.png","width":859,"height":448,"caption":"Gobierno Aut\u00f3nomo Descentralizado de la Provincia de Esmeraldas"},"image":{"@id":"https:\/\/prefecturadeesmeraldas.gob.ec\/#\/schema\/logo\/image\/"},"sameAs":["https:\/\/www.facebook.com\/PrefecturaEsmeraldas\/"]},{"@type":"Person","@id":"https:\/\/prefecturadeesmeraldas.gob.ec\/#\/schema\/person\/b0c9e7b1ead7725994d1e319e8825234","name":"Direcci\u00f3n de Comunicaci\u00f3n","image":{"@type":"ImageObject","inLanguage":"es","@id":"https:\/\/prefecturadeesmeraldas.gob.ec\/#\/schema\/person\/image\/","url":"https:\/\/secure.gravatar.com\/avatar\/74a3870a946f5d774ade3569af61a72308e07ad3346f370c4b468ee2a9858658?s=96&d=mm&r=g","contentUrl":"https:\/\/secure.gravatar.com\/avatar\/74a3870a946f5d774ade3569af61a72308e07ad3346f370c4b468ee2a9858658?s=96&d=mm&r=g","caption":"Direcci\u00f3n de Comunicaci\u00f3n"}}]}},"_links":{"self":[{"href":"https:\/\/prefecturadeesmeraldas.gob.ec\/index.php\/wp-json\/wp\/v2\/posts\/16622","targetHints":{"allow":["GET"]}}],"collection":[{"href":"https:\/\/prefecturadeesmeraldas.gob.ec\/index.php\/wp-json\/wp\/v2\/posts"}],"about":[{"href":"https:\/\/prefecturadeesmeraldas.gob.ec\/index.php\/wp-json\/wp\/v2\/types\/post"}],"author":[{"embeddable":true,"href":"https:\/\/prefecturadeesmeraldas.gob.ec\/index.php\/wp-json\/wp\/v2\/users\/2"}],"replies":[{"embeddable":true,"href":"https:\/\/prefecturadeesmeraldas.gob.ec\/index.php\/wp-json\/wp\/v2\/comments?post=16622"}],"version-history":[{"count":0,"href":"https:\/\/prefecturadeesmeraldas.gob.ec\/index.php\/wp-json\/wp\/v2\/posts\/16622\/revisions"}],"wp:featuredmedia":[{"embeddable":true,"href":"https:\/\/prefecturadeesmeraldas.gob.ec\/index.php\/wp-json\/wp\/v2\/media\/16623"}],"wp:attachment":[{"href":"https:\/\/prefecturadeesmeraldas.gob.ec\/index.php\/wp-json\/wp\/v2\/media?parent=16622"}],"wp:term":[{"taxonomy":"category","embeddable":true,"href":"https:\/\/prefecturadeesmeraldas.gob.ec\/index.php\/wp-json\/wp\/v2\/categories?post=16622"},{"taxonomy":"post_tag","embeddable":true,"href":"https:\/\/prefecturadeesmeraldas.gob.ec\/index.php\/wp-json\/wp\/v2\/tags?post=16622"}],"curies":[{"name":"wp","href":"https:\/\/api.w.org\/{rel}","templated":true}]}}