{"id":16513,"date":"2022-05-31T14:20:59","date_gmt":"2022-05-31T19:20:59","guid":{"rendered":"https:\/\/prefecturadeesmeraldas.gob.ec\/?p=16513"},"modified":"2022-05-31T14:23:14","modified_gmt":"2022-05-31T19:23:14","slug":"fomentamos-la-mano-de-obra-local-en-cada-proyecto-vial-que-ejecutamos","status":"publish","type":"post","link":"https:\/\/prefecturadeesmeraldas.gob.ec\/index.php\/2022\/05\/31\/fomentamos-la-mano-de-obra-local-en-cada-proyecto-vial-que-ejecutamos\/","title":{"rendered":"Fomentamos la mano de obra local en cada proyecto vial que ejecutamos"},"content":{"rendered":"\t\t<div data-elementor-type=\"wp-post\" data-elementor-id=\"16513\" class=\"elementor elementor-16513\">\n\t\t\t\t\t\t<section class=\"elementor-section elementor-top-section elementor-element elementor-element-b71783f elementor-section-boxed elementor-section-height-default elementor-section-height-default\" data-id=\"b71783f\" data-element_type=\"section\">\n\t\t\t\t\t\t<div class=\"elementor-container elementor-column-gap-default\">\n\t\t\t\t\t<div class=\"elementor-column elementor-col-100 elementor-top-column elementor-element elementor-element-9d0a512\" data-id=\"9d0a512\" data-element_type=\"column\">\n\t\t\t<div class=\"elementor-widget-wrap elementor-element-populated\">\n\t\t\t\t\t\t<div class=\"elementor-element elementor-element-41d9a52 elementor-widget elementor-widget-image\" data-id=\"41d9a52\" data-element_type=\"widget\" data-widget_type=\"image.default\">\n\t\t\t\t<div class=\"elementor-widget-container\">\n\t\t\t\t\t\t\t\t\t\t\t\t\t\t\t<img fetchpriority=\"high\" decoding=\"async\" width=\"567\" height=\"563\" src=\"https:\/\/prefecturadeesmeraldas.gob.ec\/wp-content\/uploads\/2022\/05\/Imagen23-1.jpg\" class=\"attachment-large size-large wp-image-16514\" alt=\"\" srcset=\"https:\/\/prefecturadeesmeraldas.gob.ec\/wp-content\/uploads\/2022\/05\/Imagen23-1.jpg 567w, https:\/\/prefecturadeesmeraldas.gob.ec\/wp-content\/uploads\/2022\/05\/Imagen23-1-150x150.jpg 150w, https:\/\/prefecturadeesmeraldas.gob.ec\/wp-content\/uploads\/2022\/05\/Imagen23-1-300x298.jpg 300w\" sizes=\"(max-width: 567px) 100vw, 567px\" \/>\t\t\t\t\t\t\t\t\t\t\t\t\t\t\t<\/div>\n\t\t\t\t<\/div>\n\t\t\t\t\t<\/div>\n\t\t<\/div>\n\t\t\t\t\t<\/div>\n\t\t<\/section>\n\t\t\t\t<section class=\"elementor-section elementor-top-section elementor-element elementor-element-d22210c elementor-section-boxed elementor-section-height-default elementor-section-height-default\" data-id=\"d22210c\" data-element_type=\"section\">\n\t\t\t\t\t\t<div class=\"elementor-container elementor-column-gap-default\">\n\t\t\t\t\t<div class=\"elementor-column elementor-col-100 elementor-top-column elementor-element elementor-element-04c9e65\" data-id=\"04c9e65\" data-element_type=\"column\">\n\t\t\t<div class=\"elementor-widget-wrap elementor-element-populated\">\n\t\t\t\t\t\t<div class=\"elementor-element elementor-element-a38b9df elementor-widget elementor-widget-text-editor\" data-id=\"a38b9df\" data-element_type=\"widget\" data-widget_type=\"text-editor.default\">\n\t\t\t\t<div class=\"elementor-widget-container\">\n\t\t\t\t\t\t\t\t\t<p>Cada obra que se ejecuta por parte de la Prefectura de Esmeraldas es una oportunidad que se da a la mano de obra local y, es as\u00ed como, en la construcci\u00f3n de la v\u00eda Tazone \u2013 Agua Fr\u00eda \u2013 Play\u00f3n en la parroquia La Uni\u00f3n de Atacames, j\u00f3venes de la zona cuentan con una fuente de trabajo que les permite llevar el sustento diario a sus hogares y la satisfacci\u00f3n de ser parte del progreso de la provincia.<\/p><p><strong>Adri\u00e1n Gonz\u00e1les<\/strong>, habitante de la comunidad Play\u00f3n, agradeci\u00f3 por la obra que se est\u00e1 ejecutando en su parroquia la cual servir\u00e1 para mejorar la movilidad en la zona, adem\u00e1s mostr\u00f3 su satisfacci\u00f3n por aportar con su trabajo y pidi\u00f3 a la prefecta, <strong>Roberta Zambrano<\/strong>, contin\u00fae con ese gran accionar que viene desempe\u00f1ando en su administraci\u00f3n.<\/p><p><strong>Carlos Bravo<\/strong>, otro de los obreros del sector, dijo que la oportunidad de ser parte de la obra le significar\u00e1 llevar el pan de cada d\u00eda a sus hijos y agreg\u00f3 que, es bueno que se tome en cuenta a las personas de las diferentes comunidades.<\/p><p>Destac\u00f3 la labor de la Prefecta en construir esta importante obra que <strong>aportar\u00e1 al desarrollo de los campesinos y familias que viven en la parroquia<\/strong>.<\/p><p><strong>Jos\u00e9 Muentes<\/strong>, jefe del equipo de obreros, expres\u00f3 que los habitantes y agricultores est\u00e1n complacidos por esta obra vial que se est\u00e1 construyendo, a la vez, reconoci\u00f3 el inter\u00e9s de la Prefecta de Esmeraldas de que los j\u00f3venes puedan ser parte de la obra a trav\u00e9s de una fuente de trabajo.<\/p>\t\t\t\t\t\t\t\t<\/div>\n\t\t\t\t<\/div>\n\t\t\t\t\t<\/div>\n\t\t<\/div>\n\t\t\t\t\t<\/div>\n\t\t<\/section>\n\t\t\t\t<\/div>\n\t\t","protected":false},"excerpt":{"rendered":"<p>Cada obra que se ejecuta por parte de la Prefectura de Esmeraldas es una oportunidad que se da a la mano de obra local y, es as\u00ed como, en la construcci\u00f3n de la v\u00eda Tazone \u2013 Agua Fr\u00eda \u2013 Play\u00f3n en la parroquia La Uni\u00f3n de Atacames, j\u00f3venes de la zona cuentan con una fuente [&hellip;]<\/p>\n","protected":false},"author":2,"featured_media":16514,"comment_status":"closed","ping_status":"open","sticky":false,"template":"","format":"standard","meta":{"footnotes":""},"categories":[14],"tags":[],"class_list":["post-16513","post","type-post","status-publish","format-standard","has-post-thumbnail","hentry","category-vialidad"],"yoast_head":"<!-- This site is optimized with the Yoast SEO plugin v25.7 - https:\/\/yoast.com\/wordpress\/plugins\/seo\/ -->\n<title>Fomentamos la mano de obra local en cada proyecto vial que ejecutamos - Gobierno Aut\u00f3nomo Descentralizado de la Provincia de Esmeraldas<\/title>\n<meta name=\"robots\" content=\"index, follow, max-snippet:-1, max-image-preview:large, max-video-preview:-1\" \/>\n<link rel=\"canonical\" href=\"https:\/\/prefecturadeesmeraldas.gob.ec\/index.php\/2022\/05\/31\/fomentamos-la-mano-de-obra-local-en-cada-proyecto-vial-que-ejecutamos\/\" \/>\n<meta property=\"og:locale\" content=\"es_ES\" \/>\n<meta property=\"og:type\" content=\"article\" \/>\n<meta property=\"og:title\" content=\"Fomentamos la mano de obra local en cada proyecto vial que ejecutamos - Gobierno Aut\u00f3nomo Descentralizado de la Provincia de Esmeraldas\" \/>\n<meta property=\"og:description\" content=\"Cada obra que se ejecuta por parte de la Prefectura de Esmeraldas es una oportunidad que se da a la mano de obra local y, es as\u00ed como, en la construcci\u00f3n de la v\u00eda Tazone \u2013 Agua Fr\u00eda \u2013 Play\u00f3n en la parroquia La Uni\u00f3n de Atacames, j\u00f3venes de la zona cuentan con una fuente [&hellip;]\" \/>\n<meta property=\"og:url\" content=\"https:\/\/prefecturadeesmeraldas.gob.ec\/index.php\/2022\/05\/31\/fomentamos-la-mano-de-obra-local-en-cada-proyecto-vial-que-ejecutamos\/\" \/>\n<meta property=\"og:site_name\" content=\"Gobierno Aut\u00f3nomo Descentralizado de la Provincia de Esmeraldas\" \/>\n<meta property=\"article:publisher\" content=\"https:\/\/www.facebook.com\/PrefecturaEsmeraldas\/\" \/>\n<meta property=\"article:published_time\" content=\"2022-05-31T19:20:59+00:00\" \/>\n<meta property=\"article:modified_time\" content=\"2022-05-31T19:23:14+00:00\" \/>\n<meta property=\"og:image\" content=\"https:\/\/prefecturadeesmeraldas.gob.ec\/wp-content\/uploads\/2022\/05\/Imagen23-1.jpg\" \/>\n\t<meta property=\"og:image:width\" content=\"567\" \/>\n\t<meta property=\"og:image:height\" content=\"563\" \/>\n\t<meta property=\"og:image:type\" content=\"image\/jpeg\" \/>\n<meta name=\"author\" content=\"Direcci\u00f3n de Comunicaci\u00f3n\" \/>\n<meta name=\"twitter:card\" content=\"summary_large_image\" \/>\n<meta name=\"twitter:label1\" content=\"Escrito por\" \/>\n\t<meta name=\"twitter:data1\" content=\"Direcci\u00f3n de Comunicaci\u00f3n\" \/>\n\t<meta name=\"twitter:label2\" content=\"Tiempo de lectura\" \/>\n\t<meta name=\"twitter:data2\" content=\"1 minuto\" \/>\n<script type=\"application\/ld+json\" class=\"yoast-schema-graph\">{\"@context\":\"https:\/\/schema.org\",\"@graph\":[{\"@type\":\"Article\",\"@id\":\"https:\/\/prefecturadeesmeraldas.gob.ec\/index.php\/2022\/05\/31\/fomentamos-la-mano-de-obra-local-en-cada-proyecto-vial-que-ejecutamos\/#article\",\"isPartOf\":{\"@id\":\"https:\/\/prefecturadeesmeraldas.gob.ec\/index.php\/2022\/05\/31\/fomentamos-la-mano-de-obra-local-en-cada-proyecto-vial-que-ejecutamos\/\"},\"author\":{\"name\":\"Direcci\u00f3n de Comunicaci\u00f3n\",\"@id\":\"https:\/\/prefecturadeesmeraldas.gob.ec\/#\/schema\/person\/b0c9e7b1ead7725994d1e319e8825234\"},\"headline\":\"Fomentamos la mano de obra local en cada proyecto vial que ejecutamos\",\"datePublished\":\"2022-05-31T19:20:59+00:00\",\"dateModified\":\"2022-05-31T19:23:14+00:00\",\"mainEntityOfPage\":{\"@id\":\"https:\/\/prefecturadeesmeraldas.gob.ec\/index.php\/2022\/05\/31\/fomentamos-la-mano-de-obra-local-en-cada-proyecto-vial-que-ejecutamos\/\"},\"wordCount\":285,\"publisher\":{\"@id\":\"https:\/\/prefecturadeesmeraldas.gob.ec\/#organization\"},\"image\":{\"@id\":\"https:\/\/prefecturadeesmeraldas.gob.ec\/index.php\/2022\/05\/31\/fomentamos-la-mano-de-obra-local-en-cada-proyecto-vial-que-ejecutamos\/#primaryimage\"},\"thumbnailUrl\":\"https:\/\/prefecturadeesmeraldas.gob.ec\/wp-content\/uploads\/2022\/05\/Imagen23-1.jpg\",\"articleSection\":[\"Vialidad\"],\"inLanguage\":\"es\"},{\"@type\":\"WebPage\",\"@id\":\"https:\/\/prefecturadeesmeraldas.gob.ec\/index.php\/2022\/05\/31\/fomentamos-la-mano-de-obra-local-en-cada-proyecto-vial-que-ejecutamos\/\",\"url\":\"https:\/\/prefecturadeesmeraldas.gob.ec\/index.php\/2022\/05\/31\/fomentamos-la-mano-de-obra-local-en-cada-proyecto-vial-que-ejecutamos\/\",\"name\":\"Fomentamos la mano de obra local en cada proyecto vial que ejecutamos - Gobierno Aut\u00f3nomo Descentralizado de la Provincia de Esmeraldas\",\"isPartOf\":{\"@id\":\"https:\/\/prefecturadeesmeraldas.gob.ec\/#website\"},\"primaryImageOfPage\":{\"@id\":\"https:\/\/prefecturadeesmeraldas.gob.ec\/index.php\/2022\/05\/31\/fomentamos-la-mano-de-obra-local-en-cada-proyecto-vial-que-ejecutamos\/#primaryimage\"},\"image\":{\"@id\":\"https:\/\/prefecturadeesmeraldas.gob.ec\/index.php\/2022\/05\/31\/fomentamos-la-mano-de-obra-local-en-cada-proyecto-vial-que-ejecutamos\/#primaryimage\"},\"thumbnailUrl\":\"https:\/\/prefecturadeesmeraldas.gob.ec\/wp-content\/uploads\/2022\/05\/Imagen23-1.jpg\",\"datePublished\":\"2022-05-31T19:20:59+00:00\",\"dateModified\":\"2022-05-31T19:23:14+00:00\",\"breadcrumb\":{\"@id\":\"https:\/\/prefecturadeesmeraldas.gob.ec\/index.php\/2022\/05\/31\/fomentamos-la-mano-de-obra-local-en-cada-proyecto-vial-que-ejecutamos\/#breadcrumb\"},\"inLanguage\":\"es\",\"potentialAction\":[{\"@type\":\"ReadAction\",\"target\":[\"https:\/\/prefecturadeesmeraldas.gob.ec\/index.php\/2022\/05\/31\/fomentamos-la-mano-de-obra-local-en-cada-proyecto-vial-que-ejecutamos\/\"]}]},{\"@type\":\"ImageObject\",\"inLanguage\":\"es\",\"@id\":\"https:\/\/prefecturadeesmeraldas.gob.ec\/index.php\/2022\/05\/31\/fomentamos-la-mano-de-obra-local-en-cada-proyecto-vial-que-ejecutamos\/#primaryimage\",\"url\":\"https:\/\/prefecturadeesmeraldas.gob.ec\/wp-content\/uploads\/2022\/05\/Imagen23-1.jpg\",\"contentUrl\":\"https:\/\/prefecturadeesmeraldas.gob.ec\/wp-content\/uploads\/2022\/05\/Imagen23-1.jpg\",\"width\":567,\"height\":563},{\"@type\":\"BreadcrumbList\",\"@id\":\"https:\/\/prefecturadeesmeraldas.gob.ec\/index.php\/2022\/05\/31\/fomentamos-la-mano-de-obra-local-en-cada-proyecto-vial-que-ejecutamos\/#breadcrumb\",\"itemListElement\":[{\"@type\":\"ListItem\",\"position\":1,\"name\":\"Home\",\"item\":\"https:\/\/prefecturadeesmeraldas.gob.ec\/\"},{\"@type\":\"ListItem\",\"position\":2,\"name\":\"Fomentamos la mano de obra local en cada proyecto vial que ejecutamos\"}]},{\"@type\":\"WebSite\",\"@id\":\"https:\/\/prefecturadeesmeraldas.gob.ec\/#website\",\"url\":\"https:\/\/prefecturadeesmeraldas.gob.ec\/\",\"name\":\"Gobierno Aut\u00f3nomo Descentralizado de la Provincia de Esmeraldas\",\"description\":\"Gobierno Aut\u00f3nomo Descentralizado de la Provincia de Esmeraldas\",\"publisher\":{\"@id\":\"https:\/\/prefecturadeesmeraldas.gob.ec\/#organization\"},\"potentialAction\":[{\"@type\":\"SearchAction\",\"target\":{\"@type\":\"EntryPoint\",\"urlTemplate\":\"https:\/\/prefecturadeesmeraldas.gob.ec\/?s={search_term_string}\"},\"query-input\":{\"@type\":\"PropertyValueSpecification\",\"valueRequired\":true,\"valueName\":\"search_term_string\"}}],\"inLanguage\":\"es\"},{\"@type\":\"Organization\",\"@id\":\"https:\/\/prefecturadeesmeraldas.gob.ec\/#organization\",\"name\":\"Gobierno Aut\u00f3nomo Descentralizado de la Provincia de Esmeraldas\",\"url\":\"https:\/\/prefecturadeesmeraldas.gob.ec\/\",\"logo\":{\"@type\":\"ImageObject\",\"inLanguage\":\"es\",\"@id\":\"https:\/\/prefecturadeesmeraldas.gob.ec\/#\/schema\/logo\/image\/\",\"url\":\"https:\/\/prefecturadeesmeraldas.gob.ec\/wp-content\/uploads\/2019\/06\/logo.png\",\"contentUrl\":\"https:\/\/prefecturadeesmeraldas.gob.ec\/wp-content\/uploads\/2019\/06\/logo.png\",\"width\":859,\"height\":448,\"caption\":\"Gobierno Aut\u00f3nomo Descentralizado de la Provincia de Esmeraldas\"},\"image\":{\"@id\":\"https:\/\/prefecturadeesmeraldas.gob.ec\/#\/schema\/logo\/image\/\"},\"sameAs\":[\"https:\/\/www.facebook.com\/PrefecturaEsmeraldas\/\"]},{\"@type\":\"Person\",\"@id\":\"https:\/\/prefecturadeesmeraldas.gob.ec\/#\/schema\/person\/b0c9e7b1ead7725994d1e319e8825234\",\"name\":\"Direcci\u00f3n de Comunicaci\u00f3n\",\"image\":{\"@type\":\"ImageObject\",\"inLanguage\":\"es\",\"@id\":\"https:\/\/prefecturadeesmeraldas.gob.ec\/#\/schema\/person\/image\/\",\"url\":\"https:\/\/secure.gravatar.com\/avatar\/74a3870a946f5d774ade3569af61a72308e07ad3346f370c4b468ee2a9858658?s=96&d=mm&r=g\",\"contentUrl\":\"https:\/\/secure.gravatar.com\/avatar\/74a3870a946f5d774ade3569af61a72308e07ad3346f370c4b468ee2a9858658?s=96&d=mm&r=g\",\"caption\":\"Direcci\u00f3n de Comunicaci\u00f3n\"}}]}<\/script>\n<!-- \/ Yoast SEO plugin. -->","yoast_head_json":{"title":"Fomentamos la mano de obra local en cada proyecto vial que ejecutamos - Gobierno Aut\u00f3nomo Descentralizado de la Provincia de Esmeraldas","robots":{"index":"index","follow":"follow","max-snippet":"max-snippet:-1","max-image-preview":"max-image-preview:large","max-video-preview":"max-video-preview:-1"},"canonical":"https:\/\/prefecturadeesmeraldas.gob.ec\/index.php\/2022\/05\/31\/fomentamos-la-mano-de-obra-local-en-cada-proyecto-vial-que-ejecutamos\/","og_locale":"es_ES","og_type":"article","og_title":"Fomentamos la mano de obra local en cada proyecto vial que ejecutamos - Gobierno Aut\u00f3nomo Descentralizado de la Provincia de Esmeraldas","og_description":"Cada obra que se ejecuta por parte de la Prefectura de Esmeraldas es una oportunidad que se da a la mano de obra local y, es as\u00ed como, en la construcci\u00f3n de la v\u00eda Tazone \u2013 Agua Fr\u00eda \u2013 Play\u00f3n en la parroquia La Uni\u00f3n de Atacames, j\u00f3venes de la zona cuentan con una fuente [&hellip;]","og_url":"https:\/\/prefecturadeesmeraldas.gob.ec\/index.php\/2022\/05\/31\/fomentamos-la-mano-de-obra-local-en-cada-proyecto-vial-que-ejecutamos\/","og_site_name":"Gobierno Aut\u00f3nomo Descentralizado de la Provincia de Esmeraldas","article_publisher":"https:\/\/www.facebook.com\/PrefecturaEsmeraldas\/","article_published_time":"2022-05-31T19:20:59+00:00","article_modified_time":"2022-05-31T19:23:14+00:00","og_image":[{"width":567,"height":563,"url":"https:\/\/prefecturadeesmeraldas.gob.ec\/wp-content\/uploads\/2022\/05\/Imagen23-1.jpg","type":"image\/jpeg"}],"author":"Direcci\u00f3n de Comunicaci\u00f3n","twitter_card":"summary_large_image","twitter_misc":{"Escrito por":"Direcci\u00f3n de Comunicaci\u00f3n","Tiempo de lectura":"1 minuto"},"schema":{"@context":"https:\/\/schema.org","@graph":[{"@type":"Article","@id":"https:\/\/prefecturadeesmeraldas.gob.ec\/index.php\/2022\/05\/31\/fomentamos-la-mano-de-obra-local-en-cada-proyecto-vial-que-ejecutamos\/#article","isPartOf":{"@id":"https:\/\/prefecturadeesmeraldas.gob.ec\/index.php\/2022\/05\/31\/fomentamos-la-mano-de-obra-local-en-cada-proyecto-vial-que-ejecutamos\/"},"author":{"name":"Direcci\u00f3n de Comunicaci\u00f3n","@id":"https:\/\/prefecturadeesmeraldas.gob.ec\/#\/schema\/person\/b0c9e7b1ead7725994d1e319e8825234"},"headline":"Fomentamos la mano de obra local en cada proyecto vial que ejecutamos","datePublished":"2022-05-31T19:20:59+00:00","dateModified":"2022-05-31T19:23:14+00:00","mainEntityOfPage":{"@id":"https:\/\/prefecturadeesmeraldas.gob.ec\/index.php\/2022\/05\/31\/fomentamos-la-mano-de-obra-local-en-cada-proyecto-vial-que-ejecutamos\/"},"wordCount":285,"publisher":{"@id":"https:\/\/prefecturadeesmeraldas.gob.ec\/#organization"},"image":{"@id":"https:\/\/prefecturadeesmeraldas.gob.ec\/index.php\/2022\/05\/31\/fomentamos-la-mano-de-obra-local-en-cada-proyecto-vial-que-ejecutamos\/#primaryimage"},"thumbnailUrl":"https:\/\/prefecturadeesmeraldas.gob.ec\/wp-content\/uploads\/2022\/05\/Imagen23-1.jpg","articleSection":["Vialidad"],"inLanguage":"es"},{"@type":"WebPage","@id":"https:\/\/prefecturadeesmeraldas.gob.ec\/index.php\/2022\/05\/31\/fomentamos-la-mano-de-obra-local-en-cada-proyecto-vial-que-ejecutamos\/","url":"https:\/\/prefecturadeesmeraldas.gob.ec\/index.php\/2022\/05\/31\/fomentamos-la-mano-de-obra-local-en-cada-proyecto-vial-que-ejecutamos\/","name":"Fomentamos la mano de obra local en cada proyecto vial que ejecutamos - Gobierno Aut\u00f3nomo Descentralizado de la Provincia de Esmeraldas","isPartOf":{"@id":"https:\/\/prefecturadeesmeraldas.gob.ec\/#website"},"primaryImageOfPage":{"@id":"https:\/\/prefecturadeesmeraldas.gob.ec\/index.php\/2022\/05\/31\/fomentamos-la-mano-de-obra-local-en-cada-proyecto-vial-que-ejecutamos\/#primaryimage"},"image":{"@id":"https:\/\/prefecturadeesmeraldas.gob.ec\/index.php\/2022\/05\/31\/fomentamos-la-mano-de-obra-local-en-cada-proyecto-vial-que-ejecutamos\/#primaryimage"},"thumbnailUrl":"https:\/\/prefecturadeesmeraldas.gob.ec\/wp-content\/uploads\/2022\/05\/Imagen23-1.jpg","datePublished":"2022-05-31T19:20:59+00:00","dateModified":"2022-05-31T19:23:14+00:00","breadcrumb":{"@id":"https:\/\/prefecturadeesmeraldas.gob.ec\/index.php\/2022\/05\/31\/fomentamos-la-mano-de-obra-local-en-cada-proyecto-vial-que-ejecutamos\/#breadcrumb"},"inLanguage":"es","potentialAction":[{"@type":"ReadAction","target":["https:\/\/prefecturadeesmeraldas.gob.ec\/index.php\/2022\/05\/31\/fomentamos-la-mano-de-obra-local-en-cada-proyecto-vial-que-ejecutamos\/"]}]},{"@type":"ImageObject","inLanguage":"es","@id":"https:\/\/prefecturadeesmeraldas.gob.ec\/index.php\/2022\/05\/31\/fomentamos-la-mano-de-obra-local-en-cada-proyecto-vial-que-ejecutamos\/#primaryimage","url":"https:\/\/prefecturadeesmeraldas.gob.ec\/wp-content\/uploads\/2022\/05\/Imagen23-1.jpg","contentUrl":"https:\/\/prefecturadeesmeraldas.gob.ec\/wp-content\/uploads\/2022\/05\/Imagen23-1.jpg","width":567,"height":563},{"@type":"BreadcrumbList","@id":"https:\/\/prefecturadeesmeraldas.gob.ec\/index.php\/2022\/05\/31\/fomentamos-la-mano-de-obra-local-en-cada-proyecto-vial-que-ejecutamos\/#breadcrumb","itemListElement":[{"@type":"ListItem","position":1,"name":"Home","item":"https:\/\/prefecturadeesmeraldas.gob.ec\/"},{"@type":"ListItem","position":2,"name":"Fomentamos la mano de obra local en cada proyecto vial que ejecutamos"}]},{"@type":"WebSite","@id":"https:\/\/prefecturadeesmeraldas.gob.ec\/#website","url":"https:\/\/prefecturadeesmeraldas.gob.ec\/","name":"Gobierno Aut\u00f3nomo Descentralizado de la Provincia de Esmeraldas","description":"Gobierno Aut\u00f3nomo Descentralizado de la Provincia de Esmeraldas","publisher":{"@id":"https:\/\/prefecturadeesmeraldas.gob.ec\/#organization"},"potentialAction":[{"@type":"SearchAction","target":{"@type":"EntryPoint","urlTemplate":"https:\/\/prefecturadeesmeraldas.gob.ec\/?s={search_term_string}"},"query-input":{"@type":"PropertyValueSpecification","valueRequired":true,"valueName":"search_term_string"}}],"inLanguage":"es"},{"@type":"Organization","@id":"https:\/\/prefecturadeesmeraldas.gob.ec\/#organization","name":"Gobierno Aut\u00f3nomo Descentralizado de la Provincia de Esmeraldas","url":"https:\/\/prefecturadeesmeraldas.gob.ec\/","logo":{"@type":"ImageObject","inLanguage":"es","@id":"https:\/\/prefecturadeesmeraldas.gob.ec\/#\/schema\/logo\/image\/","url":"https:\/\/prefecturadeesmeraldas.gob.ec\/wp-content\/uploads\/2019\/06\/logo.png","contentUrl":"https:\/\/prefecturadeesmeraldas.gob.ec\/wp-content\/uploads\/2019\/06\/logo.png","width":859,"height":448,"caption":"Gobierno Aut\u00f3nomo Descentralizado de la Provincia de Esmeraldas"},"image":{"@id":"https:\/\/prefecturadeesmeraldas.gob.ec\/#\/schema\/logo\/image\/"},"sameAs":["https:\/\/www.facebook.com\/PrefecturaEsmeraldas\/"]},{"@type":"Person","@id":"https:\/\/prefecturadeesmeraldas.gob.ec\/#\/schema\/person\/b0c9e7b1ead7725994d1e319e8825234","name":"Direcci\u00f3n de Comunicaci\u00f3n","image":{"@type":"ImageObject","inLanguage":"es","@id":"https:\/\/prefecturadeesmeraldas.gob.ec\/#\/schema\/person\/image\/","url":"https:\/\/secure.gravatar.com\/avatar\/74a3870a946f5d774ade3569af61a72308e07ad3346f370c4b468ee2a9858658?s=96&d=mm&r=g","contentUrl":"https:\/\/secure.gravatar.com\/avatar\/74a3870a946f5d774ade3569af61a72308e07ad3346f370c4b468ee2a9858658?s=96&d=mm&r=g","caption":"Direcci\u00f3n de Comunicaci\u00f3n"}}]}},"_links":{"self":[{"href":"https:\/\/prefecturadeesmeraldas.gob.ec\/index.php\/wp-json\/wp\/v2\/posts\/16513","targetHints":{"allow":["GET"]}}],"collection":[{"href":"https:\/\/prefecturadeesmeraldas.gob.ec\/index.php\/wp-json\/wp\/v2\/posts"}],"about":[{"href":"https:\/\/prefecturadeesmeraldas.gob.ec\/index.php\/wp-json\/wp\/v2\/types\/post"}],"author":[{"embeddable":true,"href":"https:\/\/prefecturadeesmeraldas.gob.ec\/index.php\/wp-json\/wp\/v2\/users\/2"}],"replies":[{"embeddable":true,"href":"https:\/\/prefecturadeesmeraldas.gob.ec\/index.php\/wp-json\/wp\/v2\/comments?post=16513"}],"version-history":[{"count":0,"href":"https:\/\/prefecturadeesmeraldas.gob.ec\/index.php\/wp-json\/wp\/v2\/posts\/16513\/revisions"}],"wp:featuredmedia":[{"embeddable":true,"href":"https:\/\/prefecturadeesmeraldas.gob.ec\/index.php\/wp-json\/wp\/v2\/media\/16514"}],"wp:attachment":[{"href":"https:\/\/prefecturadeesmeraldas.gob.ec\/index.php\/wp-json\/wp\/v2\/media?parent=16513"}],"wp:term":[{"taxonomy":"category","embeddable":true,"href":"https:\/\/prefecturadeesmeraldas.gob.ec\/index.php\/wp-json\/wp\/v2\/categories?post=16513"},{"taxonomy":"post_tag","embeddable":true,"href":"https:\/\/prefecturadeesmeraldas.gob.ec\/index.php\/wp-json\/wp\/v2\/tags?post=16513"}],"curies":[{"name":"wp","href":"https:\/\/api.w.org\/{rel}","templated":true}]}}