{"id":16408,"date":"2022-05-30T09:55:23","date_gmt":"2022-05-30T14:55:23","guid":{"rendered":"https:\/\/prefecturadeesmeraldas.gob.ec\/?p=16408"},"modified":"2022-05-30T09:56:31","modified_gmt":"2022-05-30T14:56:31","slug":"prefectura-entrega-salud-de-calidad-a-los-habitantes-de-muisne","status":"publish","type":"post","link":"https:\/\/prefecturadeesmeraldas.gob.ec\/index.php\/2022\/05\/30\/prefectura-entrega-salud-de-calidad-a-los-habitantes-de-muisne\/","title":{"rendered":"Prefectura entrega salud de calidad a los habitantes de Muisne"},"content":{"rendered":"\t\t<div data-elementor-type=\"wp-post\" data-elementor-id=\"16408\" class=\"elementor elementor-16408\">\n\t\t\t\t\t\t<section class=\"elementor-section elementor-top-section elementor-element elementor-element-dc5fd19 elementor-section-boxed elementor-section-height-default elementor-section-height-default\" data-id=\"dc5fd19\" data-element_type=\"section\">\n\t\t\t\t\t\t<div class=\"elementor-container elementor-column-gap-default\">\n\t\t\t\t\t<div class=\"elementor-column elementor-col-100 elementor-top-column elementor-element elementor-element-2fa2204\" data-id=\"2fa2204\" data-element_type=\"column\">\n\t\t\t<div class=\"elementor-widget-wrap elementor-element-populated\">\n\t\t\t\t\t\t<div class=\"elementor-element elementor-element-3e231bb elementor-widget elementor-widget-image\" data-id=\"3e231bb\" data-element_type=\"widget\" data-widget_type=\"image.default\">\n\t\t\t\t<div class=\"elementor-widget-container\">\n\t\t\t\t\t\t\t\t\t\t\t\t\t\t\t<img fetchpriority=\"high\" decoding=\"async\" width=\"566\" height=\"565\" src=\"https:\/\/prefecturadeesmeraldas.gob.ec\/wp-content\/uploads\/2022\/05\/Imagen5-4.jpg\" class=\"attachment-large size-large wp-image-16409\" alt=\"\" srcset=\"https:\/\/prefecturadeesmeraldas.gob.ec\/wp-content\/uploads\/2022\/05\/Imagen5-4.jpg 566w, https:\/\/prefecturadeesmeraldas.gob.ec\/wp-content\/uploads\/2022\/05\/Imagen5-4-240x240.jpg 240w, https:\/\/prefecturadeesmeraldas.gob.ec\/wp-content\/uploads\/2022\/05\/Imagen5-4-150x150.jpg 150w, https:\/\/prefecturadeesmeraldas.gob.ec\/wp-content\/uploads\/2022\/05\/Imagen5-4-300x300.jpg 300w\" sizes=\"(max-width: 566px) 100vw, 566px\" \/>\t\t\t\t\t\t\t\t\t\t\t\t\t\t\t<\/div>\n\t\t\t\t<\/div>\n\t\t\t\t\t<\/div>\n\t\t<\/div>\n\t\t\t\t\t<\/div>\n\t\t<\/section>\n\t\t\t\t<section class=\"elementor-section elementor-top-section elementor-element elementor-element-4f562e7 elementor-section-boxed elementor-section-height-default elementor-section-height-default\" data-id=\"4f562e7\" data-element_type=\"section\">\n\t\t\t\t\t\t<div class=\"elementor-container elementor-column-gap-default\">\n\t\t\t\t\t<div class=\"elementor-column elementor-col-100 elementor-top-column elementor-element elementor-element-af05f0b\" data-id=\"af05f0b\" data-element_type=\"column\">\n\t\t\t<div class=\"elementor-widget-wrap elementor-element-populated\">\n\t\t\t\t\t\t<div class=\"elementor-element elementor-element-af5d9e3 elementor-widget elementor-widget-text-editor\" data-id=\"af5d9e3\" data-element_type=\"widget\" data-widget_type=\"text-editor.default\">\n\t\t\t\t<div class=\"elementor-widget-container\">\n\t\t\t\t\t\t\t\t\t<p>De manera ordenada y tomando las medidas de bioseguridad, el equipo de la Unidad de Asistencia M\u00e9dica, Desarrollo Social y Cultural (<strong>UNAMYDESC<\/strong>) de la Prefectura de Esmeraldas, realiz\u00f3 una brigada m\u00e9dica gratuita, en la parroquia S\u00e1lima del cant\u00f3n Muisne.<\/p><p><\/p><p>En esta ocasi\u00f3n se atendi\u00f3 a m\u00e1s de <strong>300 personas<\/strong> de las comunidades Chamanga, La Florida, Golpea Coco, El Bonito, La Lora, Daule, Pedro Carbo, entre otras. Esta nueva jornada se realiz\u00f3 en las instalaciones del coliseo de S\u00e1lima, donde se brind\u00f3 atenci\u00f3n en medicina general, pediatr\u00eda y ginecolog\u00eda; adem\u00e1s, de la donaci\u00f3n de medicamentos.<\/p><p><\/p><p>Para los l\u00edderes comunitarios, <strong>Yuri Colorado<\/strong> y <strong>Javier Cotera<\/strong>, es digno de felicitar a la prefecta, <strong>Roberta Zambrano<\/strong>, por el trabajo en territorio, donde se muestra el car\u00e1cter solidario en cada una de las acciones a favor de los sectores rurales de la provincia de Esmeraldas.<\/p><p><\/p><p><strong>Neri Escobar<\/strong>, de la comunidad de S\u00e1lima, refiri\u00f3 que est\u00e1n agradecidos por el importante trabajo que se hace en diferentes frentes, pero en especial, en salud, que es la competencia de mayor necesidad en las comunidades rurales, debido a que, no hay los recursos y en ocasiones no se puede asistir a una consulta privada, ni comprar los medicamentos.<\/p><p><\/p><p><strong>Lorena Manzana<\/strong>, una de las beneficiadas, manifest\u00f3 que la Prefecta de Esmeralda est\u00e1 realizando una gran labor al dar salud en las \u00e1reas rurales en esta temporada en que se est\u00e1n presentando casos de alergias, gripes y resfriados.<\/p><p><\/p><p>El docente de la Unidad Educativa Muisne, <strong>\u00c1lex Gaibor Alb\u00e1n<\/strong>, dijo que, todos quienes se han atendido en la brigada m\u00e9dica est\u00e1n agradecidos porque en los centros de salud no hay medicamentos o est\u00e1n muy distantes de sus residencias, por ello, la brigada m\u00e9dica es una alternativa gratificante para los habitantes de los diferentes sectores rurales del cant\u00f3n Muisne.\u00a0\u00a0<\/p>\t\t\t\t\t\t\t\t<\/div>\n\t\t\t\t<\/div>\n\t\t\t\t\t<\/div>\n\t\t<\/div>\n\t\t\t\t\t<\/div>\n\t\t<\/section>\n\t\t\t\t<\/div>\n\t\t","protected":false},"excerpt":{"rendered":"<p>De manera ordenada y tomando las medidas de bioseguridad, el equipo de la Unidad de Asistencia M\u00e9dica, Desarrollo Social y Cultural (UNAMYDESC) de la Prefectura de Esmeraldas, realiz\u00f3 una brigada m\u00e9dica gratuita, en la parroquia S\u00e1lima del cant\u00f3n Muisne. En esta ocasi\u00f3n se atendi\u00f3 a m\u00e1s de 300 personas de las comunidades Chamanga, La Florida, [&hellip;]<\/p>\n","protected":false},"author":2,"featured_media":16409,"comment_status":"closed","ping_status":"open","sticky":false,"template":"","format":"standard","meta":{"footnotes":""},"categories":[13],"tags":[],"class_list":["post-16408","post","type-post","status-publish","format-standard","has-post-thumbnail","hentry","category-patronato"],"yoast_head":"<!-- This site is optimized with the Yoast SEO plugin v25.7 - https:\/\/yoast.com\/wordpress\/plugins\/seo\/ -->\n<title>Prefectura entrega salud de calidad a los habitantes de Muisne - Gobierno Aut\u00f3nomo Descentralizado de la Provincia de Esmeraldas<\/title>\n<meta name=\"robots\" content=\"index, follow, max-snippet:-1, max-image-preview:large, max-video-preview:-1\" \/>\n<link rel=\"canonical\" href=\"https:\/\/prefecturadeesmeraldas.gob.ec\/index.php\/2022\/05\/30\/prefectura-entrega-salud-de-calidad-a-los-habitantes-de-muisne\/\" \/>\n<meta property=\"og:locale\" content=\"es_ES\" \/>\n<meta property=\"og:type\" content=\"article\" \/>\n<meta property=\"og:title\" content=\"Prefectura entrega salud de calidad a los habitantes de Muisne - Gobierno Aut\u00f3nomo Descentralizado de la Provincia de Esmeraldas\" \/>\n<meta property=\"og:description\" content=\"De manera ordenada y tomando las medidas de bioseguridad, el equipo de la Unidad de Asistencia M\u00e9dica, Desarrollo Social y Cultural (UNAMYDESC) de la Prefectura de Esmeraldas, realiz\u00f3 una brigada m\u00e9dica gratuita, en la parroquia S\u00e1lima del cant\u00f3n Muisne. En esta ocasi\u00f3n se atendi\u00f3 a m\u00e1s de 300 personas de las comunidades Chamanga, La Florida, [&hellip;]\" \/>\n<meta property=\"og:url\" content=\"https:\/\/prefecturadeesmeraldas.gob.ec\/index.php\/2022\/05\/30\/prefectura-entrega-salud-de-calidad-a-los-habitantes-de-muisne\/\" \/>\n<meta property=\"og:site_name\" content=\"Gobierno Aut\u00f3nomo Descentralizado de la Provincia de Esmeraldas\" \/>\n<meta property=\"article:publisher\" content=\"https:\/\/www.facebook.com\/PrefecturaEsmeraldas\/\" \/>\n<meta property=\"article:published_time\" content=\"2022-05-30T14:55:23+00:00\" \/>\n<meta property=\"article:modified_time\" content=\"2022-05-30T14:56:31+00:00\" \/>\n<meta property=\"og:image\" content=\"https:\/\/prefecturadeesmeraldas.gob.ec\/wp-content\/uploads\/2022\/05\/Imagen5-4.jpg\" \/>\n\t<meta property=\"og:image:width\" content=\"566\" \/>\n\t<meta property=\"og:image:height\" content=\"565\" \/>\n\t<meta property=\"og:image:type\" content=\"image\/jpeg\" \/>\n<meta name=\"author\" content=\"Direcci\u00f3n de Comunicaci\u00f3n\" \/>\n<meta name=\"twitter:card\" content=\"summary_large_image\" \/>\n<meta name=\"twitter:label1\" content=\"Escrito por\" \/>\n\t<meta name=\"twitter:data1\" content=\"Direcci\u00f3n de Comunicaci\u00f3n\" \/>\n\t<meta name=\"twitter:label2\" content=\"Tiempo de lectura\" \/>\n\t<meta name=\"twitter:data2\" content=\"2 minutos\" \/>\n<script type=\"application\/ld+json\" class=\"yoast-schema-graph\">{\"@context\":\"https:\/\/schema.org\",\"@graph\":[{\"@type\":\"Article\",\"@id\":\"https:\/\/prefecturadeesmeraldas.gob.ec\/index.php\/2022\/05\/30\/prefectura-entrega-salud-de-calidad-a-los-habitantes-de-muisne\/#article\",\"isPartOf\":{\"@id\":\"https:\/\/prefecturadeesmeraldas.gob.ec\/index.php\/2022\/05\/30\/prefectura-entrega-salud-de-calidad-a-los-habitantes-de-muisne\/\"},\"author\":{\"name\":\"Direcci\u00f3n de Comunicaci\u00f3n\",\"@id\":\"https:\/\/prefecturadeesmeraldas.gob.ec\/#\/schema\/person\/b0c9e7b1ead7725994d1e319e8825234\"},\"headline\":\"Prefectura entrega salud de calidad a los habitantes de Muisne\",\"datePublished\":\"2022-05-30T14:55:23+00:00\",\"dateModified\":\"2022-05-30T14:56:31+00:00\",\"mainEntityOfPage\":{\"@id\":\"https:\/\/prefecturadeesmeraldas.gob.ec\/index.php\/2022\/05\/30\/prefectura-entrega-salud-de-calidad-a-los-habitantes-de-muisne\/\"},\"wordCount\":328,\"publisher\":{\"@id\":\"https:\/\/prefecturadeesmeraldas.gob.ec\/#organization\"},\"image\":{\"@id\":\"https:\/\/prefecturadeesmeraldas.gob.ec\/index.php\/2022\/05\/30\/prefectura-entrega-salud-de-calidad-a-los-habitantes-de-muisne\/#primaryimage\"},\"thumbnailUrl\":\"https:\/\/prefecturadeesmeraldas.gob.ec\/wp-content\/uploads\/2022\/05\/Imagen5-4.jpg\",\"articleSection\":[\"UNAMYDESC\"],\"inLanguage\":\"es\"},{\"@type\":\"WebPage\",\"@id\":\"https:\/\/prefecturadeesmeraldas.gob.ec\/index.php\/2022\/05\/30\/prefectura-entrega-salud-de-calidad-a-los-habitantes-de-muisne\/\",\"url\":\"https:\/\/prefecturadeesmeraldas.gob.ec\/index.php\/2022\/05\/30\/prefectura-entrega-salud-de-calidad-a-los-habitantes-de-muisne\/\",\"name\":\"Prefectura entrega salud de calidad a los habitantes de Muisne - Gobierno Aut\u00f3nomo Descentralizado de la Provincia de Esmeraldas\",\"isPartOf\":{\"@id\":\"https:\/\/prefecturadeesmeraldas.gob.ec\/#website\"},\"primaryImageOfPage\":{\"@id\":\"https:\/\/prefecturadeesmeraldas.gob.ec\/index.php\/2022\/05\/30\/prefectura-entrega-salud-de-calidad-a-los-habitantes-de-muisne\/#primaryimage\"},\"image\":{\"@id\":\"https:\/\/prefecturadeesmeraldas.gob.ec\/index.php\/2022\/05\/30\/prefectura-entrega-salud-de-calidad-a-los-habitantes-de-muisne\/#primaryimage\"},\"thumbnailUrl\":\"https:\/\/prefecturadeesmeraldas.gob.ec\/wp-content\/uploads\/2022\/05\/Imagen5-4.jpg\",\"datePublished\":\"2022-05-30T14:55:23+00:00\",\"dateModified\":\"2022-05-30T14:56:31+00:00\",\"breadcrumb\":{\"@id\":\"https:\/\/prefecturadeesmeraldas.gob.ec\/index.php\/2022\/05\/30\/prefectura-entrega-salud-de-calidad-a-los-habitantes-de-muisne\/#breadcrumb\"},\"inLanguage\":\"es\",\"potentialAction\":[{\"@type\":\"ReadAction\",\"target\":[\"https:\/\/prefecturadeesmeraldas.gob.ec\/index.php\/2022\/05\/30\/prefectura-entrega-salud-de-calidad-a-los-habitantes-de-muisne\/\"]}]},{\"@type\":\"ImageObject\",\"inLanguage\":\"es\",\"@id\":\"https:\/\/prefecturadeesmeraldas.gob.ec\/index.php\/2022\/05\/30\/prefectura-entrega-salud-de-calidad-a-los-habitantes-de-muisne\/#primaryimage\",\"url\":\"https:\/\/prefecturadeesmeraldas.gob.ec\/wp-content\/uploads\/2022\/05\/Imagen5-4.jpg\",\"contentUrl\":\"https:\/\/prefecturadeesmeraldas.gob.ec\/wp-content\/uploads\/2022\/05\/Imagen5-4.jpg\",\"width\":566,\"height\":565},{\"@type\":\"BreadcrumbList\",\"@id\":\"https:\/\/prefecturadeesmeraldas.gob.ec\/index.php\/2022\/05\/30\/prefectura-entrega-salud-de-calidad-a-los-habitantes-de-muisne\/#breadcrumb\",\"itemListElement\":[{\"@type\":\"ListItem\",\"position\":1,\"name\":\"Home\",\"item\":\"https:\/\/prefecturadeesmeraldas.gob.ec\/\"},{\"@type\":\"ListItem\",\"position\":2,\"name\":\"Prefectura entrega salud de calidad a los habitantes de Muisne\"}]},{\"@type\":\"WebSite\",\"@id\":\"https:\/\/prefecturadeesmeraldas.gob.ec\/#website\",\"url\":\"https:\/\/prefecturadeesmeraldas.gob.ec\/\",\"name\":\"Gobierno Aut\u00f3nomo Descentralizado de la Provincia de Esmeraldas\",\"description\":\"Gobierno Aut\u00f3nomo Descentralizado de la Provincia de Esmeraldas\",\"publisher\":{\"@id\":\"https:\/\/prefecturadeesmeraldas.gob.ec\/#organization\"},\"potentialAction\":[{\"@type\":\"SearchAction\",\"target\":{\"@type\":\"EntryPoint\",\"urlTemplate\":\"https:\/\/prefecturadeesmeraldas.gob.ec\/?s={search_term_string}\"},\"query-input\":{\"@type\":\"PropertyValueSpecification\",\"valueRequired\":true,\"valueName\":\"search_term_string\"}}],\"inLanguage\":\"es\"},{\"@type\":\"Organization\",\"@id\":\"https:\/\/prefecturadeesmeraldas.gob.ec\/#organization\",\"name\":\"Gobierno Aut\u00f3nomo Descentralizado de la Provincia de Esmeraldas\",\"url\":\"https:\/\/prefecturadeesmeraldas.gob.ec\/\",\"logo\":{\"@type\":\"ImageObject\",\"inLanguage\":\"es\",\"@id\":\"https:\/\/prefecturadeesmeraldas.gob.ec\/#\/schema\/logo\/image\/\",\"url\":\"https:\/\/prefecturadeesmeraldas.gob.ec\/wp-content\/uploads\/2019\/06\/logo.png\",\"contentUrl\":\"https:\/\/prefecturadeesmeraldas.gob.ec\/wp-content\/uploads\/2019\/06\/logo.png\",\"width\":859,\"height\":448,\"caption\":\"Gobierno Aut\u00f3nomo Descentralizado de la Provincia de Esmeraldas\"},\"image\":{\"@id\":\"https:\/\/prefecturadeesmeraldas.gob.ec\/#\/schema\/logo\/image\/\"},\"sameAs\":[\"https:\/\/www.facebook.com\/PrefecturaEsmeraldas\/\"]},{\"@type\":\"Person\",\"@id\":\"https:\/\/prefecturadeesmeraldas.gob.ec\/#\/schema\/person\/b0c9e7b1ead7725994d1e319e8825234\",\"name\":\"Direcci\u00f3n de Comunicaci\u00f3n\",\"image\":{\"@type\":\"ImageObject\",\"inLanguage\":\"es\",\"@id\":\"https:\/\/prefecturadeesmeraldas.gob.ec\/#\/schema\/person\/image\/\",\"url\":\"https:\/\/secure.gravatar.com\/avatar\/74a3870a946f5d774ade3569af61a72308e07ad3346f370c4b468ee2a9858658?s=96&d=mm&r=g\",\"contentUrl\":\"https:\/\/secure.gravatar.com\/avatar\/74a3870a946f5d774ade3569af61a72308e07ad3346f370c4b468ee2a9858658?s=96&d=mm&r=g\",\"caption\":\"Direcci\u00f3n de Comunicaci\u00f3n\"}}]}<\/script>\n<!-- \/ Yoast SEO plugin. -->","yoast_head_json":{"title":"Prefectura entrega salud de calidad a los habitantes de Muisne - Gobierno Aut\u00f3nomo Descentralizado de la Provincia de Esmeraldas","robots":{"index":"index","follow":"follow","max-snippet":"max-snippet:-1","max-image-preview":"max-image-preview:large","max-video-preview":"max-video-preview:-1"},"canonical":"https:\/\/prefecturadeesmeraldas.gob.ec\/index.php\/2022\/05\/30\/prefectura-entrega-salud-de-calidad-a-los-habitantes-de-muisne\/","og_locale":"es_ES","og_type":"article","og_title":"Prefectura entrega salud de calidad a los habitantes de Muisne - Gobierno Aut\u00f3nomo Descentralizado de la Provincia de Esmeraldas","og_description":"De manera ordenada y tomando las medidas de bioseguridad, el equipo de la Unidad de Asistencia M\u00e9dica, Desarrollo Social y Cultural (UNAMYDESC) de la Prefectura de Esmeraldas, realiz\u00f3 una brigada m\u00e9dica gratuita, en la parroquia S\u00e1lima del cant\u00f3n Muisne. En esta ocasi\u00f3n se atendi\u00f3 a m\u00e1s de 300 personas de las comunidades Chamanga, La Florida, [&hellip;]","og_url":"https:\/\/prefecturadeesmeraldas.gob.ec\/index.php\/2022\/05\/30\/prefectura-entrega-salud-de-calidad-a-los-habitantes-de-muisne\/","og_site_name":"Gobierno Aut\u00f3nomo Descentralizado de la Provincia de Esmeraldas","article_publisher":"https:\/\/www.facebook.com\/PrefecturaEsmeraldas\/","article_published_time":"2022-05-30T14:55:23+00:00","article_modified_time":"2022-05-30T14:56:31+00:00","og_image":[{"width":566,"height":565,"url":"https:\/\/prefecturadeesmeraldas.gob.ec\/wp-content\/uploads\/2022\/05\/Imagen5-4.jpg","type":"image\/jpeg"}],"author":"Direcci\u00f3n de Comunicaci\u00f3n","twitter_card":"summary_large_image","twitter_misc":{"Escrito por":"Direcci\u00f3n de Comunicaci\u00f3n","Tiempo de lectura":"2 minutos"},"schema":{"@context":"https:\/\/schema.org","@graph":[{"@type":"Article","@id":"https:\/\/prefecturadeesmeraldas.gob.ec\/index.php\/2022\/05\/30\/prefectura-entrega-salud-de-calidad-a-los-habitantes-de-muisne\/#article","isPartOf":{"@id":"https:\/\/prefecturadeesmeraldas.gob.ec\/index.php\/2022\/05\/30\/prefectura-entrega-salud-de-calidad-a-los-habitantes-de-muisne\/"},"author":{"name":"Direcci\u00f3n de Comunicaci\u00f3n","@id":"https:\/\/prefecturadeesmeraldas.gob.ec\/#\/schema\/person\/b0c9e7b1ead7725994d1e319e8825234"},"headline":"Prefectura entrega salud de calidad a los habitantes de Muisne","datePublished":"2022-05-30T14:55:23+00:00","dateModified":"2022-05-30T14:56:31+00:00","mainEntityOfPage":{"@id":"https:\/\/prefecturadeesmeraldas.gob.ec\/index.php\/2022\/05\/30\/prefectura-entrega-salud-de-calidad-a-los-habitantes-de-muisne\/"},"wordCount":328,"publisher":{"@id":"https:\/\/prefecturadeesmeraldas.gob.ec\/#organization"},"image":{"@id":"https:\/\/prefecturadeesmeraldas.gob.ec\/index.php\/2022\/05\/30\/prefectura-entrega-salud-de-calidad-a-los-habitantes-de-muisne\/#primaryimage"},"thumbnailUrl":"https:\/\/prefecturadeesmeraldas.gob.ec\/wp-content\/uploads\/2022\/05\/Imagen5-4.jpg","articleSection":["UNAMYDESC"],"inLanguage":"es"},{"@type":"WebPage","@id":"https:\/\/prefecturadeesmeraldas.gob.ec\/index.php\/2022\/05\/30\/prefectura-entrega-salud-de-calidad-a-los-habitantes-de-muisne\/","url":"https:\/\/prefecturadeesmeraldas.gob.ec\/index.php\/2022\/05\/30\/prefectura-entrega-salud-de-calidad-a-los-habitantes-de-muisne\/","name":"Prefectura entrega salud de calidad a los habitantes de Muisne - Gobierno Aut\u00f3nomo Descentralizado de la Provincia de Esmeraldas","isPartOf":{"@id":"https:\/\/prefecturadeesmeraldas.gob.ec\/#website"},"primaryImageOfPage":{"@id":"https:\/\/prefecturadeesmeraldas.gob.ec\/index.php\/2022\/05\/30\/prefectura-entrega-salud-de-calidad-a-los-habitantes-de-muisne\/#primaryimage"},"image":{"@id":"https:\/\/prefecturadeesmeraldas.gob.ec\/index.php\/2022\/05\/30\/prefectura-entrega-salud-de-calidad-a-los-habitantes-de-muisne\/#primaryimage"},"thumbnailUrl":"https:\/\/prefecturadeesmeraldas.gob.ec\/wp-content\/uploads\/2022\/05\/Imagen5-4.jpg","datePublished":"2022-05-30T14:55:23+00:00","dateModified":"2022-05-30T14:56:31+00:00","breadcrumb":{"@id":"https:\/\/prefecturadeesmeraldas.gob.ec\/index.php\/2022\/05\/30\/prefectura-entrega-salud-de-calidad-a-los-habitantes-de-muisne\/#breadcrumb"},"inLanguage":"es","potentialAction":[{"@type":"ReadAction","target":["https:\/\/prefecturadeesmeraldas.gob.ec\/index.php\/2022\/05\/30\/prefectura-entrega-salud-de-calidad-a-los-habitantes-de-muisne\/"]}]},{"@type":"ImageObject","inLanguage":"es","@id":"https:\/\/prefecturadeesmeraldas.gob.ec\/index.php\/2022\/05\/30\/prefectura-entrega-salud-de-calidad-a-los-habitantes-de-muisne\/#primaryimage","url":"https:\/\/prefecturadeesmeraldas.gob.ec\/wp-content\/uploads\/2022\/05\/Imagen5-4.jpg","contentUrl":"https:\/\/prefecturadeesmeraldas.gob.ec\/wp-content\/uploads\/2022\/05\/Imagen5-4.jpg","width":566,"height":565},{"@type":"BreadcrumbList","@id":"https:\/\/prefecturadeesmeraldas.gob.ec\/index.php\/2022\/05\/30\/prefectura-entrega-salud-de-calidad-a-los-habitantes-de-muisne\/#breadcrumb","itemListElement":[{"@type":"ListItem","position":1,"name":"Home","item":"https:\/\/prefecturadeesmeraldas.gob.ec\/"},{"@type":"ListItem","position":2,"name":"Prefectura entrega salud de calidad a los habitantes de Muisne"}]},{"@type":"WebSite","@id":"https:\/\/prefecturadeesmeraldas.gob.ec\/#website","url":"https:\/\/prefecturadeesmeraldas.gob.ec\/","name":"Gobierno Aut\u00f3nomo Descentralizado de la Provincia de Esmeraldas","description":"Gobierno Aut\u00f3nomo Descentralizado de la Provincia de Esmeraldas","publisher":{"@id":"https:\/\/prefecturadeesmeraldas.gob.ec\/#organization"},"potentialAction":[{"@type":"SearchAction","target":{"@type":"EntryPoint","urlTemplate":"https:\/\/prefecturadeesmeraldas.gob.ec\/?s={search_term_string}"},"query-input":{"@type":"PropertyValueSpecification","valueRequired":true,"valueName":"search_term_string"}}],"inLanguage":"es"},{"@type":"Organization","@id":"https:\/\/prefecturadeesmeraldas.gob.ec\/#organization","name":"Gobierno Aut\u00f3nomo Descentralizado de la Provincia de Esmeraldas","url":"https:\/\/prefecturadeesmeraldas.gob.ec\/","logo":{"@type":"ImageObject","inLanguage":"es","@id":"https:\/\/prefecturadeesmeraldas.gob.ec\/#\/schema\/logo\/image\/","url":"https:\/\/prefecturadeesmeraldas.gob.ec\/wp-content\/uploads\/2019\/06\/logo.png","contentUrl":"https:\/\/prefecturadeesmeraldas.gob.ec\/wp-content\/uploads\/2019\/06\/logo.png","width":859,"height":448,"caption":"Gobierno Aut\u00f3nomo Descentralizado de la Provincia de Esmeraldas"},"image":{"@id":"https:\/\/prefecturadeesmeraldas.gob.ec\/#\/schema\/logo\/image\/"},"sameAs":["https:\/\/www.facebook.com\/PrefecturaEsmeraldas\/"]},{"@type":"Person","@id":"https:\/\/prefecturadeesmeraldas.gob.ec\/#\/schema\/person\/b0c9e7b1ead7725994d1e319e8825234","name":"Direcci\u00f3n de Comunicaci\u00f3n","image":{"@type":"ImageObject","inLanguage":"es","@id":"https:\/\/prefecturadeesmeraldas.gob.ec\/#\/schema\/person\/image\/","url":"https:\/\/secure.gravatar.com\/avatar\/74a3870a946f5d774ade3569af61a72308e07ad3346f370c4b468ee2a9858658?s=96&d=mm&r=g","contentUrl":"https:\/\/secure.gravatar.com\/avatar\/74a3870a946f5d774ade3569af61a72308e07ad3346f370c4b468ee2a9858658?s=96&d=mm&r=g","caption":"Direcci\u00f3n de Comunicaci\u00f3n"}}]}},"_links":{"self":[{"href":"https:\/\/prefecturadeesmeraldas.gob.ec\/index.php\/wp-json\/wp\/v2\/posts\/16408","targetHints":{"allow":["GET"]}}],"collection":[{"href":"https:\/\/prefecturadeesmeraldas.gob.ec\/index.php\/wp-json\/wp\/v2\/posts"}],"about":[{"href":"https:\/\/prefecturadeesmeraldas.gob.ec\/index.php\/wp-json\/wp\/v2\/types\/post"}],"author":[{"embeddable":true,"href":"https:\/\/prefecturadeesmeraldas.gob.ec\/index.php\/wp-json\/wp\/v2\/users\/2"}],"replies":[{"embeddable":true,"href":"https:\/\/prefecturadeesmeraldas.gob.ec\/index.php\/wp-json\/wp\/v2\/comments?post=16408"}],"version-history":[{"count":0,"href":"https:\/\/prefecturadeesmeraldas.gob.ec\/index.php\/wp-json\/wp\/v2\/posts\/16408\/revisions"}],"wp:featuredmedia":[{"embeddable":true,"href":"https:\/\/prefecturadeesmeraldas.gob.ec\/index.php\/wp-json\/wp\/v2\/media\/16409"}],"wp:attachment":[{"href":"https:\/\/prefecturadeesmeraldas.gob.ec\/index.php\/wp-json\/wp\/v2\/media?parent=16408"}],"wp:term":[{"taxonomy":"category","embeddable":true,"href":"https:\/\/prefecturadeesmeraldas.gob.ec\/index.php\/wp-json\/wp\/v2\/categories?post=16408"},{"taxonomy":"post_tag","embeddable":true,"href":"https:\/\/prefecturadeesmeraldas.gob.ec\/index.php\/wp-json\/wp\/v2\/tags?post=16408"}],"curies":[{"name":"wp","href":"https:\/\/api.w.org\/{rel}","templated":true}]}}