{"id":16379,"date":"2022-05-20T16:56:02","date_gmt":"2022-05-20T21:56:02","guid":{"rendered":"https:\/\/prefecturadeesmeraldas.gob.ec\/?p=16379"},"modified":"2022-05-20T16:56:42","modified_gmt":"2022-05-20T21:56:42","slug":"prefectura-de-esmeraldas-apoya-el-fomento-y-desarrollo-productivo-y-la-implantacion-de-cultivos-de-tilapia","status":"publish","type":"post","link":"https:\/\/prefecturadeesmeraldas.gob.ec\/index.php\/2022\/05\/20\/prefectura-de-esmeraldas-apoya-el-fomento-y-desarrollo-productivo-y-la-implantacion-de-cultivos-de-tilapia\/","title":{"rendered":"Prefectura de Esmeraldas apoya el Fomento y Desarrollo Productivo, y la implantaci\u00f3n de cultivos de tilapia"},"content":{"rendered":"\t\t<div data-elementor-type=\"wp-post\" data-elementor-id=\"16379\" class=\"elementor elementor-16379\">\n\t\t\t\t\t\t<section class=\"elementor-section elementor-top-section elementor-element elementor-element-2fd3bf3 elementor-section-boxed elementor-section-height-default elementor-section-height-default\" data-id=\"2fd3bf3\" data-element_type=\"section\">\n\t\t\t\t\t\t<div class=\"elementor-container elementor-column-gap-default\">\n\t\t\t\t\t<div class=\"elementor-column elementor-col-100 elementor-top-column elementor-element elementor-element-7b335f7\" data-id=\"7b335f7\" data-element_type=\"column\">\n\t\t\t<div class=\"elementor-widget-wrap elementor-element-populated\">\n\t\t\t\t\t\t<div class=\"elementor-element elementor-element-0e2a340 elementor-widget elementor-widget-image\" data-id=\"0e2a340\" data-element_type=\"widget\" data-widget_type=\"image.default\">\n\t\t\t\t<div class=\"elementor-widget-container\">\n\t\t\t\t\t\t\t\t\t\t\t\t\t\t\t<img fetchpriority=\"high\" decoding=\"async\" width=\"468\" height=\"468\" src=\"https:\/\/prefecturadeesmeraldas.gob.ec\/wp-content\/uploads\/2022\/05\/Imagen28.jpg\" class=\"attachment-large size-large wp-image-16380\" alt=\"\" srcset=\"https:\/\/prefecturadeesmeraldas.gob.ec\/wp-content\/uploads\/2022\/05\/Imagen28.jpg 468w, https:\/\/prefecturadeesmeraldas.gob.ec\/wp-content\/uploads\/2022\/05\/Imagen28-240x240.jpg 240w, https:\/\/prefecturadeesmeraldas.gob.ec\/wp-content\/uploads\/2022\/05\/Imagen28-150x150.jpg 150w, https:\/\/prefecturadeesmeraldas.gob.ec\/wp-content\/uploads\/2022\/05\/Imagen28-300x300.jpg 300w\" sizes=\"(max-width: 468px) 100vw, 468px\" \/>\t\t\t\t\t\t\t\t\t\t\t\t\t\t\t<\/div>\n\t\t\t\t<\/div>\n\t\t\t\t\t<\/div>\n\t\t<\/div>\n\t\t\t\t\t<\/div>\n\t\t<\/section>\n\t\t\t\t<section class=\"elementor-section elementor-top-section elementor-element elementor-element-d5176c4 elementor-section-boxed elementor-section-height-default elementor-section-height-default\" data-id=\"d5176c4\" data-element_type=\"section\">\n\t\t\t\t\t\t<div class=\"elementor-container elementor-column-gap-default\">\n\t\t\t\t\t<div class=\"elementor-column elementor-col-100 elementor-top-column elementor-element elementor-element-d902c91\" data-id=\"d902c91\" data-element_type=\"column\">\n\t\t\t<div class=\"elementor-widget-wrap elementor-element-populated\">\n\t\t\t\t\t\t<div class=\"elementor-element elementor-element-6a13b0d elementor-widget elementor-widget-text-editor\" data-id=\"6a13b0d\" data-element_type=\"widget\" data-widget_type=\"text-editor.default\">\n\t\t\t\t<div class=\"elementor-widget-container\">\n\t\t\t\t\t\t\t\t\t<p>Avanza un nuevo proyecto de implantaci\u00f3n del cultivo de tilapias en la parroquia Tachina del cant\u00f3n Esmeraldas. Resultados obtenidos gracias al impulso brindado por la prefectura de Esmeraldas a trav\u00e9s de la Direcci\u00f3n de Fomento y Desarrollo Productivo, mediante el programa de <strong>apoyo a la soberan\u00eda alimentaria y la producci\u00f3n de prote\u00edna animal<\/strong>.<\/p><p>Motivado al saber que, muy pronto se ver\u00e1n los frutos del esfuerzo alcanzados, <strong>Oscar J\u00e1come<\/strong>, miembro de la Asociaci\u00f3n Productiva \u201c<strong>Semillas de vida<\/strong>\u201d, situada en cercan\u00edas al recinto \u201cEl Tigre\u201d, explic\u00f3 que, durante el tiempo que llevan como asociaci\u00f3n, la siembra de m\u00e1s de 10 mil alevines de tilapia, pronto dar\u00e1n buenos resultados, al alcanzar su primera cosecha y comercializaci\u00f3n.<\/p><p>Debido a ello, <strong>J\u00e1come<\/strong> reconoci\u00f3 que, gracias a la asistencia t\u00e9cnica brindada por t\u00e9cnicos de la Direcci\u00f3n de Fomento y Desarrollo Productivo, durante cada seguimiento hecho, han podido implementar buenas pr\u00e1cticas para la producci\u00f3n de tilapia mediante consejos y capacitaci\u00f3n.<\/p><p>Para concluir, expres\u00f3 que, son grandes las proyecciones que como asociaci\u00f3n tienen hacia el futuro y desde ya trabajan en la diversificaci\u00f3n de sus productos, con la implantaci\u00f3n del proyecto de cr\u00eda de chame.<\/p><p>Hasta la fecha, m\u00e1s de <strong>60 mil unidades<\/strong> de alevines han sido entregadas en donaci\u00f3n, como fomento a la producci\u00f3n.<\/p>\t\t\t\t\t\t\t\t<\/div>\n\t\t\t\t<\/div>\n\t\t\t\t\t<\/div>\n\t\t<\/div>\n\t\t\t\t\t<\/div>\n\t\t<\/section>\n\t\t\t\t<\/div>\n\t\t","protected":false},"excerpt":{"rendered":"<p>Avanza un nuevo proyecto de implantaci\u00f3n del cultivo de tilapias en la parroquia Tachina del cant\u00f3n Esmeraldas. Resultados obtenidos gracias al impulso brindado por la prefectura de Esmeraldas a trav\u00e9s de la Direcci\u00f3n de Fomento y Desarrollo Productivo, mediante el programa de apoyo a la soberan\u00eda alimentaria y la producci\u00f3n de prote\u00edna animal. Motivado al [&hellip;]<\/p>\n","protected":false},"author":2,"featured_media":16380,"comment_status":"closed","ping_status":"open","sticky":false,"template":"","format":"standard","meta":{"footnotes":""},"categories":[12],"tags":[],"class_list":["post-16379","post","type-post","status-publish","format-standard","has-post-thumbnail","hentry","category-fomento_productivo_2019"],"yoast_head":"<!-- This site is optimized with the Yoast SEO plugin v25.7 - https:\/\/yoast.com\/wordpress\/plugins\/seo\/ -->\n<title>Prefectura de Esmeraldas apoya el Fomento y Desarrollo Productivo, y la implantaci\u00f3n de cultivos de tilapia - Gobierno Aut\u00f3nomo Descentralizado de la Provincia de Esmeraldas<\/title>\n<meta name=\"robots\" content=\"index, follow, max-snippet:-1, max-image-preview:large, max-video-preview:-1\" \/>\n<link rel=\"canonical\" href=\"https:\/\/prefecturadeesmeraldas.gob.ec\/index.php\/2022\/05\/20\/prefectura-de-esmeraldas-apoya-el-fomento-y-desarrollo-productivo-y-la-implantacion-de-cultivos-de-tilapia\/\" \/>\n<meta property=\"og:locale\" content=\"es_ES\" \/>\n<meta property=\"og:type\" content=\"article\" \/>\n<meta property=\"og:title\" content=\"Prefectura de Esmeraldas apoya el Fomento y Desarrollo Productivo, y la implantaci\u00f3n de cultivos de tilapia - Gobierno Aut\u00f3nomo Descentralizado de la Provincia de Esmeraldas\" \/>\n<meta property=\"og:description\" content=\"Avanza un nuevo proyecto de implantaci\u00f3n del cultivo de tilapias en la parroquia Tachina del cant\u00f3n Esmeraldas. Resultados obtenidos gracias al impulso brindado por la prefectura de Esmeraldas a trav\u00e9s de la Direcci\u00f3n de Fomento y Desarrollo Productivo, mediante el programa de apoyo a la soberan\u00eda alimentaria y la producci\u00f3n de prote\u00edna animal. Motivado al [&hellip;]\" \/>\n<meta property=\"og:url\" content=\"https:\/\/prefecturadeesmeraldas.gob.ec\/index.php\/2022\/05\/20\/prefectura-de-esmeraldas-apoya-el-fomento-y-desarrollo-productivo-y-la-implantacion-de-cultivos-de-tilapia\/\" \/>\n<meta property=\"og:site_name\" content=\"Gobierno Aut\u00f3nomo Descentralizado de la Provincia de Esmeraldas\" \/>\n<meta property=\"article:publisher\" content=\"https:\/\/www.facebook.com\/PrefecturaEsmeraldas\/\" \/>\n<meta property=\"article:published_time\" content=\"2022-05-20T21:56:02+00:00\" \/>\n<meta property=\"article:modified_time\" content=\"2022-05-20T21:56:42+00:00\" \/>\n<meta property=\"og:image\" content=\"https:\/\/prefecturadeesmeraldas.gob.ec\/wp-content\/uploads\/2022\/05\/Imagen28.jpg\" \/>\n\t<meta property=\"og:image:width\" content=\"468\" \/>\n\t<meta property=\"og:image:height\" content=\"468\" \/>\n\t<meta property=\"og:image:type\" content=\"image\/jpeg\" \/>\n<meta name=\"author\" content=\"Direcci\u00f3n de Comunicaci\u00f3n\" \/>\n<meta name=\"twitter:card\" content=\"summary_large_image\" \/>\n<meta name=\"twitter:label1\" content=\"Escrito por\" \/>\n\t<meta name=\"twitter:data1\" content=\"Direcci\u00f3n de Comunicaci\u00f3n\" \/>\n\t<meta name=\"twitter:label2\" content=\"Tiempo de lectura\" \/>\n\t<meta name=\"twitter:data2\" content=\"1 minuto\" \/>\n<script type=\"application\/ld+json\" class=\"yoast-schema-graph\">{\"@context\":\"https:\/\/schema.org\",\"@graph\":[{\"@type\":\"Article\",\"@id\":\"https:\/\/prefecturadeesmeraldas.gob.ec\/index.php\/2022\/05\/20\/prefectura-de-esmeraldas-apoya-el-fomento-y-desarrollo-productivo-y-la-implantacion-de-cultivos-de-tilapia\/#article\",\"isPartOf\":{\"@id\":\"https:\/\/prefecturadeesmeraldas.gob.ec\/index.php\/2022\/05\/20\/prefectura-de-esmeraldas-apoya-el-fomento-y-desarrollo-productivo-y-la-implantacion-de-cultivos-de-tilapia\/\"},\"author\":{\"name\":\"Direcci\u00f3n de Comunicaci\u00f3n\",\"@id\":\"https:\/\/prefecturadeesmeraldas.gob.ec\/#\/schema\/person\/b0c9e7b1ead7725994d1e319e8825234\"},\"headline\":\"Prefectura de Esmeraldas apoya el Fomento y Desarrollo Productivo, y la implantaci\u00f3n de cultivos de tilapia\",\"datePublished\":\"2022-05-20T21:56:02+00:00\",\"dateModified\":\"2022-05-20T21:56:42+00:00\",\"mainEntityOfPage\":{\"@id\":\"https:\/\/prefecturadeesmeraldas.gob.ec\/index.php\/2022\/05\/20\/prefectura-de-esmeraldas-apoya-el-fomento-y-desarrollo-productivo-y-la-implantacion-de-cultivos-de-tilapia\/\"},\"wordCount\":251,\"publisher\":{\"@id\":\"https:\/\/prefecturadeesmeraldas.gob.ec\/#organization\"},\"image\":{\"@id\":\"https:\/\/prefecturadeesmeraldas.gob.ec\/index.php\/2022\/05\/20\/prefectura-de-esmeraldas-apoya-el-fomento-y-desarrollo-productivo-y-la-implantacion-de-cultivos-de-tilapia\/#primaryimage\"},\"thumbnailUrl\":\"https:\/\/prefecturadeesmeraldas.gob.ec\/wp-content\/uploads\/2022\/05\/Imagen28.jpg\",\"articleSection\":[\"Fomento Productivo\"],\"inLanguage\":\"es\"},{\"@type\":\"WebPage\",\"@id\":\"https:\/\/prefecturadeesmeraldas.gob.ec\/index.php\/2022\/05\/20\/prefectura-de-esmeraldas-apoya-el-fomento-y-desarrollo-productivo-y-la-implantacion-de-cultivos-de-tilapia\/\",\"url\":\"https:\/\/prefecturadeesmeraldas.gob.ec\/index.php\/2022\/05\/20\/prefectura-de-esmeraldas-apoya-el-fomento-y-desarrollo-productivo-y-la-implantacion-de-cultivos-de-tilapia\/\",\"name\":\"Prefectura de Esmeraldas apoya el Fomento y Desarrollo Productivo, y la implantaci\u00f3n de cultivos de tilapia - Gobierno Aut\u00f3nomo Descentralizado de la Provincia de Esmeraldas\",\"isPartOf\":{\"@id\":\"https:\/\/prefecturadeesmeraldas.gob.ec\/#website\"},\"primaryImageOfPage\":{\"@id\":\"https:\/\/prefecturadeesmeraldas.gob.ec\/index.php\/2022\/05\/20\/prefectura-de-esmeraldas-apoya-el-fomento-y-desarrollo-productivo-y-la-implantacion-de-cultivos-de-tilapia\/#primaryimage\"},\"image\":{\"@id\":\"https:\/\/prefecturadeesmeraldas.gob.ec\/index.php\/2022\/05\/20\/prefectura-de-esmeraldas-apoya-el-fomento-y-desarrollo-productivo-y-la-implantacion-de-cultivos-de-tilapia\/#primaryimage\"},\"thumbnailUrl\":\"https:\/\/prefecturadeesmeraldas.gob.ec\/wp-content\/uploads\/2022\/05\/Imagen28.jpg\",\"datePublished\":\"2022-05-20T21:56:02+00:00\",\"dateModified\":\"2022-05-20T21:56:42+00:00\",\"breadcrumb\":{\"@id\":\"https:\/\/prefecturadeesmeraldas.gob.ec\/index.php\/2022\/05\/20\/prefectura-de-esmeraldas-apoya-el-fomento-y-desarrollo-productivo-y-la-implantacion-de-cultivos-de-tilapia\/#breadcrumb\"},\"inLanguage\":\"es\",\"potentialAction\":[{\"@type\":\"ReadAction\",\"target\":[\"https:\/\/prefecturadeesmeraldas.gob.ec\/index.php\/2022\/05\/20\/prefectura-de-esmeraldas-apoya-el-fomento-y-desarrollo-productivo-y-la-implantacion-de-cultivos-de-tilapia\/\"]}]},{\"@type\":\"ImageObject\",\"inLanguage\":\"es\",\"@id\":\"https:\/\/prefecturadeesmeraldas.gob.ec\/index.php\/2022\/05\/20\/prefectura-de-esmeraldas-apoya-el-fomento-y-desarrollo-productivo-y-la-implantacion-de-cultivos-de-tilapia\/#primaryimage\",\"url\":\"https:\/\/prefecturadeesmeraldas.gob.ec\/wp-content\/uploads\/2022\/05\/Imagen28.jpg\",\"contentUrl\":\"https:\/\/prefecturadeesmeraldas.gob.ec\/wp-content\/uploads\/2022\/05\/Imagen28.jpg\",\"width\":468,\"height\":468},{\"@type\":\"BreadcrumbList\",\"@id\":\"https:\/\/prefecturadeesmeraldas.gob.ec\/index.php\/2022\/05\/20\/prefectura-de-esmeraldas-apoya-el-fomento-y-desarrollo-productivo-y-la-implantacion-de-cultivos-de-tilapia\/#breadcrumb\",\"itemListElement\":[{\"@type\":\"ListItem\",\"position\":1,\"name\":\"Home\",\"item\":\"https:\/\/prefecturadeesmeraldas.gob.ec\/\"},{\"@type\":\"ListItem\",\"position\":2,\"name\":\"Prefectura de Esmeraldas apoya el Fomento y Desarrollo Productivo, y la implantaci\u00f3n de cultivos de tilapia\"}]},{\"@type\":\"WebSite\",\"@id\":\"https:\/\/prefecturadeesmeraldas.gob.ec\/#website\",\"url\":\"https:\/\/prefecturadeesmeraldas.gob.ec\/\",\"name\":\"Gobierno Aut\u00f3nomo Descentralizado de la Provincia de Esmeraldas\",\"description\":\"Gobierno Aut\u00f3nomo Descentralizado de la Provincia de Esmeraldas\",\"publisher\":{\"@id\":\"https:\/\/prefecturadeesmeraldas.gob.ec\/#organization\"},\"potentialAction\":[{\"@type\":\"SearchAction\",\"target\":{\"@type\":\"EntryPoint\",\"urlTemplate\":\"https:\/\/prefecturadeesmeraldas.gob.ec\/?s={search_term_string}\"},\"query-input\":{\"@type\":\"PropertyValueSpecification\",\"valueRequired\":true,\"valueName\":\"search_term_string\"}}],\"inLanguage\":\"es\"},{\"@type\":\"Organization\",\"@id\":\"https:\/\/prefecturadeesmeraldas.gob.ec\/#organization\",\"name\":\"Gobierno Aut\u00f3nomo Descentralizado de la Provincia de Esmeraldas\",\"url\":\"https:\/\/prefecturadeesmeraldas.gob.ec\/\",\"logo\":{\"@type\":\"ImageObject\",\"inLanguage\":\"es\",\"@id\":\"https:\/\/prefecturadeesmeraldas.gob.ec\/#\/schema\/logo\/image\/\",\"url\":\"https:\/\/prefecturadeesmeraldas.gob.ec\/wp-content\/uploads\/2019\/06\/logo.png\",\"contentUrl\":\"https:\/\/prefecturadeesmeraldas.gob.ec\/wp-content\/uploads\/2019\/06\/logo.png\",\"width\":859,\"height\":448,\"caption\":\"Gobierno Aut\u00f3nomo Descentralizado de la Provincia de Esmeraldas\"},\"image\":{\"@id\":\"https:\/\/prefecturadeesmeraldas.gob.ec\/#\/schema\/logo\/image\/\"},\"sameAs\":[\"https:\/\/www.facebook.com\/PrefecturaEsmeraldas\/\"]},{\"@type\":\"Person\",\"@id\":\"https:\/\/prefecturadeesmeraldas.gob.ec\/#\/schema\/person\/b0c9e7b1ead7725994d1e319e8825234\",\"name\":\"Direcci\u00f3n de Comunicaci\u00f3n\",\"image\":{\"@type\":\"ImageObject\",\"inLanguage\":\"es\",\"@id\":\"https:\/\/prefecturadeesmeraldas.gob.ec\/#\/schema\/person\/image\/\",\"url\":\"https:\/\/secure.gravatar.com\/avatar\/74a3870a946f5d774ade3569af61a72308e07ad3346f370c4b468ee2a9858658?s=96&d=mm&r=g\",\"contentUrl\":\"https:\/\/secure.gravatar.com\/avatar\/74a3870a946f5d774ade3569af61a72308e07ad3346f370c4b468ee2a9858658?s=96&d=mm&r=g\",\"caption\":\"Direcci\u00f3n de Comunicaci\u00f3n\"}}]}<\/script>\n<!-- \/ Yoast SEO plugin. -->","yoast_head_json":{"title":"Prefectura de Esmeraldas apoya el Fomento y Desarrollo Productivo, y la implantaci\u00f3n de cultivos de tilapia - Gobierno Aut\u00f3nomo Descentralizado de la Provincia de Esmeraldas","robots":{"index":"index","follow":"follow","max-snippet":"max-snippet:-1","max-image-preview":"max-image-preview:large","max-video-preview":"max-video-preview:-1"},"canonical":"https:\/\/prefecturadeesmeraldas.gob.ec\/index.php\/2022\/05\/20\/prefectura-de-esmeraldas-apoya-el-fomento-y-desarrollo-productivo-y-la-implantacion-de-cultivos-de-tilapia\/","og_locale":"es_ES","og_type":"article","og_title":"Prefectura de Esmeraldas apoya el Fomento y Desarrollo Productivo, y la implantaci\u00f3n de cultivos de tilapia - Gobierno Aut\u00f3nomo Descentralizado de la Provincia de Esmeraldas","og_description":"Avanza un nuevo proyecto de implantaci\u00f3n del cultivo de tilapias en la parroquia Tachina del cant\u00f3n Esmeraldas. Resultados obtenidos gracias al impulso brindado por la prefectura de Esmeraldas a trav\u00e9s de la Direcci\u00f3n de Fomento y Desarrollo Productivo, mediante el programa de apoyo a la soberan\u00eda alimentaria y la producci\u00f3n de prote\u00edna animal. Motivado al [&hellip;]","og_url":"https:\/\/prefecturadeesmeraldas.gob.ec\/index.php\/2022\/05\/20\/prefectura-de-esmeraldas-apoya-el-fomento-y-desarrollo-productivo-y-la-implantacion-de-cultivos-de-tilapia\/","og_site_name":"Gobierno Aut\u00f3nomo Descentralizado de la Provincia de Esmeraldas","article_publisher":"https:\/\/www.facebook.com\/PrefecturaEsmeraldas\/","article_published_time":"2022-05-20T21:56:02+00:00","article_modified_time":"2022-05-20T21:56:42+00:00","og_image":[{"width":468,"height":468,"url":"https:\/\/prefecturadeesmeraldas.gob.ec\/wp-content\/uploads\/2022\/05\/Imagen28.jpg","type":"image\/jpeg"}],"author":"Direcci\u00f3n de Comunicaci\u00f3n","twitter_card":"summary_large_image","twitter_misc":{"Escrito por":"Direcci\u00f3n de Comunicaci\u00f3n","Tiempo de lectura":"1 minuto"},"schema":{"@context":"https:\/\/schema.org","@graph":[{"@type":"Article","@id":"https:\/\/prefecturadeesmeraldas.gob.ec\/index.php\/2022\/05\/20\/prefectura-de-esmeraldas-apoya-el-fomento-y-desarrollo-productivo-y-la-implantacion-de-cultivos-de-tilapia\/#article","isPartOf":{"@id":"https:\/\/prefecturadeesmeraldas.gob.ec\/index.php\/2022\/05\/20\/prefectura-de-esmeraldas-apoya-el-fomento-y-desarrollo-productivo-y-la-implantacion-de-cultivos-de-tilapia\/"},"author":{"name":"Direcci\u00f3n de Comunicaci\u00f3n","@id":"https:\/\/prefecturadeesmeraldas.gob.ec\/#\/schema\/person\/b0c9e7b1ead7725994d1e319e8825234"},"headline":"Prefectura de Esmeraldas apoya el Fomento y Desarrollo Productivo, y la implantaci\u00f3n de cultivos de tilapia","datePublished":"2022-05-20T21:56:02+00:00","dateModified":"2022-05-20T21:56:42+00:00","mainEntityOfPage":{"@id":"https:\/\/prefecturadeesmeraldas.gob.ec\/index.php\/2022\/05\/20\/prefectura-de-esmeraldas-apoya-el-fomento-y-desarrollo-productivo-y-la-implantacion-de-cultivos-de-tilapia\/"},"wordCount":251,"publisher":{"@id":"https:\/\/prefecturadeesmeraldas.gob.ec\/#organization"},"image":{"@id":"https:\/\/prefecturadeesmeraldas.gob.ec\/index.php\/2022\/05\/20\/prefectura-de-esmeraldas-apoya-el-fomento-y-desarrollo-productivo-y-la-implantacion-de-cultivos-de-tilapia\/#primaryimage"},"thumbnailUrl":"https:\/\/prefecturadeesmeraldas.gob.ec\/wp-content\/uploads\/2022\/05\/Imagen28.jpg","articleSection":["Fomento Productivo"],"inLanguage":"es"},{"@type":"WebPage","@id":"https:\/\/prefecturadeesmeraldas.gob.ec\/index.php\/2022\/05\/20\/prefectura-de-esmeraldas-apoya-el-fomento-y-desarrollo-productivo-y-la-implantacion-de-cultivos-de-tilapia\/","url":"https:\/\/prefecturadeesmeraldas.gob.ec\/index.php\/2022\/05\/20\/prefectura-de-esmeraldas-apoya-el-fomento-y-desarrollo-productivo-y-la-implantacion-de-cultivos-de-tilapia\/","name":"Prefectura de Esmeraldas apoya el Fomento y Desarrollo Productivo, y la implantaci\u00f3n de cultivos de tilapia - Gobierno Aut\u00f3nomo Descentralizado de la Provincia de Esmeraldas","isPartOf":{"@id":"https:\/\/prefecturadeesmeraldas.gob.ec\/#website"},"primaryImageOfPage":{"@id":"https:\/\/prefecturadeesmeraldas.gob.ec\/index.php\/2022\/05\/20\/prefectura-de-esmeraldas-apoya-el-fomento-y-desarrollo-productivo-y-la-implantacion-de-cultivos-de-tilapia\/#primaryimage"},"image":{"@id":"https:\/\/prefecturadeesmeraldas.gob.ec\/index.php\/2022\/05\/20\/prefectura-de-esmeraldas-apoya-el-fomento-y-desarrollo-productivo-y-la-implantacion-de-cultivos-de-tilapia\/#primaryimage"},"thumbnailUrl":"https:\/\/prefecturadeesmeraldas.gob.ec\/wp-content\/uploads\/2022\/05\/Imagen28.jpg","datePublished":"2022-05-20T21:56:02+00:00","dateModified":"2022-05-20T21:56:42+00:00","breadcrumb":{"@id":"https:\/\/prefecturadeesmeraldas.gob.ec\/index.php\/2022\/05\/20\/prefectura-de-esmeraldas-apoya-el-fomento-y-desarrollo-productivo-y-la-implantacion-de-cultivos-de-tilapia\/#breadcrumb"},"inLanguage":"es","potentialAction":[{"@type":"ReadAction","target":["https:\/\/prefecturadeesmeraldas.gob.ec\/index.php\/2022\/05\/20\/prefectura-de-esmeraldas-apoya-el-fomento-y-desarrollo-productivo-y-la-implantacion-de-cultivos-de-tilapia\/"]}]},{"@type":"ImageObject","inLanguage":"es","@id":"https:\/\/prefecturadeesmeraldas.gob.ec\/index.php\/2022\/05\/20\/prefectura-de-esmeraldas-apoya-el-fomento-y-desarrollo-productivo-y-la-implantacion-de-cultivos-de-tilapia\/#primaryimage","url":"https:\/\/prefecturadeesmeraldas.gob.ec\/wp-content\/uploads\/2022\/05\/Imagen28.jpg","contentUrl":"https:\/\/prefecturadeesmeraldas.gob.ec\/wp-content\/uploads\/2022\/05\/Imagen28.jpg","width":468,"height":468},{"@type":"BreadcrumbList","@id":"https:\/\/prefecturadeesmeraldas.gob.ec\/index.php\/2022\/05\/20\/prefectura-de-esmeraldas-apoya-el-fomento-y-desarrollo-productivo-y-la-implantacion-de-cultivos-de-tilapia\/#breadcrumb","itemListElement":[{"@type":"ListItem","position":1,"name":"Home","item":"https:\/\/prefecturadeesmeraldas.gob.ec\/"},{"@type":"ListItem","position":2,"name":"Prefectura de Esmeraldas apoya el Fomento y Desarrollo Productivo, y la implantaci\u00f3n de cultivos de tilapia"}]},{"@type":"WebSite","@id":"https:\/\/prefecturadeesmeraldas.gob.ec\/#website","url":"https:\/\/prefecturadeesmeraldas.gob.ec\/","name":"Gobierno Aut\u00f3nomo Descentralizado de la Provincia de Esmeraldas","description":"Gobierno Aut\u00f3nomo Descentralizado de la Provincia de Esmeraldas","publisher":{"@id":"https:\/\/prefecturadeesmeraldas.gob.ec\/#organization"},"potentialAction":[{"@type":"SearchAction","target":{"@type":"EntryPoint","urlTemplate":"https:\/\/prefecturadeesmeraldas.gob.ec\/?s={search_term_string}"},"query-input":{"@type":"PropertyValueSpecification","valueRequired":true,"valueName":"search_term_string"}}],"inLanguage":"es"},{"@type":"Organization","@id":"https:\/\/prefecturadeesmeraldas.gob.ec\/#organization","name":"Gobierno Aut\u00f3nomo Descentralizado de la Provincia de Esmeraldas","url":"https:\/\/prefecturadeesmeraldas.gob.ec\/","logo":{"@type":"ImageObject","inLanguage":"es","@id":"https:\/\/prefecturadeesmeraldas.gob.ec\/#\/schema\/logo\/image\/","url":"https:\/\/prefecturadeesmeraldas.gob.ec\/wp-content\/uploads\/2019\/06\/logo.png","contentUrl":"https:\/\/prefecturadeesmeraldas.gob.ec\/wp-content\/uploads\/2019\/06\/logo.png","width":859,"height":448,"caption":"Gobierno Aut\u00f3nomo Descentralizado de la Provincia de Esmeraldas"},"image":{"@id":"https:\/\/prefecturadeesmeraldas.gob.ec\/#\/schema\/logo\/image\/"},"sameAs":["https:\/\/www.facebook.com\/PrefecturaEsmeraldas\/"]},{"@type":"Person","@id":"https:\/\/prefecturadeesmeraldas.gob.ec\/#\/schema\/person\/b0c9e7b1ead7725994d1e319e8825234","name":"Direcci\u00f3n de Comunicaci\u00f3n","image":{"@type":"ImageObject","inLanguage":"es","@id":"https:\/\/prefecturadeesmeraldas.gob.ec\/#\/schema\/person\/image\/","url":"https:\/\/secure.gravatar.com\/avatar\/74a3870a946f5d774ade3569af61a72308e07ad3346f370c4b468ee2a9858658?s=96&d=mm&r=g","contentUrl":"https:\/\/secure.gravatar.com\/avatar\/74a3870a946f5d774ade3569af61a72308e07ad3346f370c4b468ee2a9858658?s=96&d=mm&r=g","caption":"Direcci\u00f3n de Comunicaci\u00f3n"}}]}},"_links":{"self":[{"href":"https:\/\/prefecturadeesmeraldas.gob.ec\/index.php\/wp-json\/wp\/v2\/posts\/16379","targetHints":{"allow":["GET"]}}],"collection":[{"href":"https:\/\/prefecturadeesmeraldas.gob.ec\/index.php\/wp-json\/wp\/v2\/posts"}],"about":[{"href":"https:\/\/prefecturadeesmeraldas.gob.ec\/index.php\/wp-json\/wp\/v2\/types\/post"}],"author":[{"embeddable":true,"href":"https:\/\/prefecturadeesmeraldas.gob.ec\/index.php\/wp-json\/wp\/v2\/users\/2"}],"replies":[{"embeddable":true,"href":"https:\/\/prefecturadeesmeraldas.gob.ec\/index.php\/wp-json\/wp\/v2\/comments?post=16379"}],"version-history":[{"count":0,"href":"https:\/\/prefecturadeesmeraldas.gob.ec\/index.php\/wp-json\/wp\/v2\/posts\/16379\/revisions"}],"wp:featuredmedia":[{"embeddable":true,"href":"https:\/\/prefecturadeesmeraldas.gob.ec\/index.php\/wp-json\/wp\/v2\/media\/16380"}],"wp:attachment":[{"href":"https:\/\/prefecturadeesmeraldas.gob.ec\/index.php\/wp-json\/wp\/v2\/media?parent=16379"}],"wp:term":[{"taxonomy":"category","embeddable":true,"href":"https:\/\/prefecturadeesmeraldas.gob.ec\/index.php\/wp-json\/wp\/v2\/categories?post=16379"},{"taxonomy":"post_tag","embeddable":true,"href":"https:\/\/prefecturadeesmeraldas.gob.ec\/index.php\/wp-json\/wp\/v2\/tags?post=16379"}],"curies":[{"name":"wp","href":"https:\/\/api.w.org\/{rel}","templated":true}]}}