{"id":16319,"date":"2022-05-18T16:04:25","date_gmt":"2022-05-18T21:04:25","guid":{"rendered":"https:\/\/prefecturadeesmeraldas.gob.ec\/?p=16319"},"modified":"2022-05-18T16:06:50","modified_gmt":"2022-05-18T21:06:50","slug":"prefectura-de-esmeraldas-3-anos-haciendo-historia-fomentado-el-cambio-positivo","status":"publish","type":"post","link":"https:\/\/prefecturadeesmeraldas.gob.ec\/index.php\/2022\/05\/18\/prefectura-de-esmeraldas-3-anos-haciendo-historia-fomentado-el-cambio-positivo\/","title":{"rendered":"Prefectura de Esmeraldas: \u00a13 a\u00f1os haciendo historia fomentado el cambio positivo!"},"content":{"rendered":"\t\t<div data-elementor-type=\"wp-post\" data-elementor-id=\"16319\" class=\"elementor elementor-16319\">\n\t\t\t\t\t\t<section class=\"elementor-section elementor-top-section elementor-element elementor-element-eb5640c elementor-section-boxed elementor-section-height-default elementor-section-height-default\" data-id=\"eb5640c\" data-element_type=\"section\">\n\t\t\t\t\t\t<div class=\"elementor-container elementor-column-gap-default\">\n\t\t\t\t\t<div class=\"elementor-column elementor-col-100 elementor-top-column elementor-element elementor-element-612e580\" data-id=\"612e580\" data-element_type=\"column\">\n\t\t\t<div class=\"elementor-widget-wrap elementor-element-populated\">\n\t\t\t\t\t\t<div class=\"elementor-element elementor-element-a804b20 elementor-widget elementor-widget-image\" data-id=\"a804b20\" data-element_type=\"widget\" data-widget_type=\"image.default\">\n\t\t\t\t<div class=\"elementor-widget-container\">\n\t\t\t\t\t\t\t\t\t\t\t\t\t\t\t<img fetchpriority=\"high\" decoding=\"async\" width=\"566\" height=\"522\" src=\"https:\/\/prefecturadeesmeraldas.gob.ec\/wp-content\/uploads\/2022\/05\/Imagen14-1.jpg\" class=\"attachment-large size-large wp-image-16320\" alt=\"\" srcset=\"https:\/\/prefecturadeesmeraldas.gob.ec\/wp-content\/uploads\/2022\/05\/Imagen14-1.jpg 566w, https:\/\/prefecturadeesmeraldas.gob.ec\/wp-content\/uploads\/2022\/05\/Imagen14-1-300x277.jpg 300w\" sizes=\"(max-width: 566px) 100vw, 566px\" \/>\t\t\t\t\t\t\t\t\t\t\t\t\t\t\t<\/div>\n\t\t\t\t<\/div>\n\t\t\t\t\t<\/div>\n\t\t<\/div>\n\t\t\t\t\t<\/div>\n\t\t<\/section>\n\t\t\t\t<section class=\"elementor-section elementor-top-section elementor-element elementor-element-91e5f48 elementor-section-boxed elementor-section-height-default elementor-section-height-default\" data-id=\"91e5f48\" data-element_type=\"section\">\n\t\t\t\t\t\t<div class=\"elementor-container elementor-column-gap-default\">\n\t\t\t\t\t<div class=\"elementor-column elementor-col-100 elementor-top-column elementor-element elementor-element-3b12036\" data-id=\"3b12036\" data-element_type=\"column\">\n\t\t\t<div class=\"elementor-widget-wrap elementor-element-populated\">\n\t\t\t\t\t\t<div class=\"elementor-element elementor-element-64b1443 elementor-widget elementor-widget-text-editor\" data-id=\"64b1443\" data-element_type=\"widget\" data-widget_type=\"text-editor.default\">\n\t\t\t\t<div class=\"elementor-widget-container\">\n\t\t\t\t\t\t\t\t\t<p>La m\u00e1s reciente administraci\u00f3n de la prefectura de Esmeraldas cumpli\u00f3 3 a\u00f1os. Una gesti\u00f3n joven que, a la fecha, presenta importantes avances para el desarrollo sostenible de la provincia de Esmeraldas.<\/p><p>Seg\u00fan expuso <strong>Roberta Zambrano<\/strong>, destacada l\u00edder pol\u00edtica, cuyo liderazgo tom\u00f3 m\u00e1s fuerza desde el 15 de mayo de 2019, fecha en la que asumi\u00f3 el cargo como Prefecta de Esmeraldas, grandes logros han obtenidos durante su administraci\u00f3n, en la que, pese a enfrentar las consecuencias de un paro nacional, hechos de violencia, m\u00e1s de dos a\u00f1os de pandemia y recortes econ\u00f3micos presupuestarios por m\u00e1s de <strong>7 millones de d\u00f3lares<\/strong> por parte del Gobierno Central, sigue demostrando junto a <strong>Diego Zambrano<\/strong>, vice prefecto, una gran capacidad de gesti\u00f3n.<\/p><p>Entorno a las competencias para la limpieza, mantenimiento y mejoramiento de la infraestructura vial, destaca el haber intervenido, m\u00e1s de <strong>2 mil kil\u00f3metros en v\u00edas en los 7 cantones<\/strong>.<\/p><p>En base a la conectividad vial, <strong>Zambrano<\/strong> resalt\u00f3 la construcci\u00f3n de m\u00e1s de <strong>10 puentes<\/strong> y un <strong>centenar de alcantarillas<\/strong> de diferentes di\u00e1metros, adem\u00e1s de ductos caj\u00f3n. Generalmente en sitios de la provincia altamente lluviosos.<\/p><p>Siendo otro eje de trabajo el fomento al desarrollo productivo, entreg\u00f3 cifras como la entrega de <strong>200 mil plantas <\/strong>de cacao en donaci\u00f3n, <strong>1500 kits <\/strong>para el buen manejo de las plantaciones, <strong>1700 kits veterinarios<\/strong>, <strong>300 animales<\/strong> entre ganado vacuno y porcino inseminados con el prop\u00f3sito de mejorar su gen\u00e9tica, una nueva y <strong>moderna unidad m\u00f3vil veterinaria<\/strong>, <strong>25.200 metros de redes<\/strong> de pesca<strong>, 872 trampas para pesca<\/strong>, apoyo al sector tur\u00edstico, m\u00e1s de <strong>60 mil alevines de tilapia <\/strong>y<strong> miles de gallinas ponedoras<\/strong>.<\/p><p>En cuanto al internet, herramienta fundamental durante la pandemia, manifest\u00f3 estar alcanzando la meta de instalaci\u00f3n de <strong>200 puntos gratuitos<\/strong>.<\/p><p>Entorno a las direcciones de Cuencas, Riego y Drenaje, as\u00ed como de Ambiente, resalt\u00f3 cifras alcanzadas como la entrega de<\/p><p>\u00a0aproximadamente <strong>un mill\u00f3n de plantas de especies<\/strong> frutales, forestales, para reforestaci\u00f3n y mejoramiento de ornatos, adem\u00e1s de la construcci\u00f3n de varios sistemas de riego, de pozos profundos, albarradas y limpiezas de zanjas.<\/p><p>Finalmente, en el aspecto social y de salud, expuso haber realizado m\u00e1s de <strong>300 brigadas m\u00e9dicas con especialidades <\/strong>y<strong> entrega de medicamentos gratuitos <\/strong>en toda la provincia. La entrega de <strong>300 ayudas t\u00e9cnicas<\/strong> a personas con discapacidad, aproximadamente <strong>50 mil personas atendidas <\/strong>en el Centro de Atenci\u00f3n M\u00e9dica y de Especialidades y m\u00e1s de <strong>500 mil raciones alimenticias<\/strong> entregadas de manera gratuita a familias vulnerables, durante y despu\u00e9s de la pandemia, adem\u00e1s de insumos de bioseguridad a diferentes casas de salud en la provincia. El Pueblo ya la conoce, y <strong>Roberta Zambrano<\/strong> sigue demostrando que sabe c\u00f3mo hacerlo, con hechos y no palabras, el cambio positivo de la provincia.<\/p>\t\t\t\t\t\t\t\t<\/div>\n\t\t\t\t<\/div>\n\t\t\t\t\t<\/div>\n\t\t<\/div>\n\t\t\t\t\t<\/div>\n\t\t<\/section>\n\t\t\t\t<\/div>\n\t\t","protected":false},"excerpt":{"rendered":"<p>La m\u00e1s reciente administraci\u00f3n de la prefectura de Esmeraldas cumpli\u00f3 3 a\u00f1os. Una gesti\u00f3n joven que, a la fecha, presenta importantes avances para el desarrollo sostenible de la provincia de Esmeraldas. Seg\u00fan expuso Roberta Zambrano, destacada l\u00edder pol\u00edtica, cuyo liderazgo tom\u00f3 m\u00e1s fuerza desde el 15 de mayo de 2019, fecha en la que asumi\u00f3 [&hellip;]<\/p>\n","protected":false},"author":2,"featured_media":16320,"comment_status":"closed","ping_status":"open","sticky":false,"template":"","format":"standard","meta":{"footnotes":""},"categories":[26],"tags":[],"class_list":["post-16319","post","type-post","status-publish","format-standard","has-post-thumbnail","hentry","category-gestion-de-calidad"],"yoast_head":"<!-- This site is optimized with the Yoast SEO plugin v25.7 - https:\/\/yoast.com\/wordpress\/plugins\/seo\/ -->\n<title>Prefectura de Esmeraldas: \u00a13 a\u00f1os haciendo historia fomentado el cambio positivo! - Gobierno Aut\u00f3nomo Descentralizado de la Provincia de Esmeraldas<\/title>\n<meta name=\"robots\" content=\"index, follow, max-snippet:-1, max-image-preview:large, max-video-preview:-1\" \/>\n<link rel=\"canonical\" href=\"https:\/\/prefecturadeesmeraldas.gob.ec\/index.php\/2022\/05\/18\/prefectura-de-esmeraldas-3-anos-haciendo-historia-fomentado-el-cambio-positivo\/\" \/>\n<meta property=\"og:locale\" content=\"es_ES\" \/>\n<meta property=\"og:type\" content=\"article\" \/>\n<meta property=\"og:title\" content=\"Prefectura de Esmeraldas: \u00a13 a\u00f1os haciendo historia fomentado el cambio positivo! - Gobierno Aut\u00f3nomo Descentralizado de la Provincia de Esmeraldas\" \/>\n<meta property=\"og:description\" content=\"La m\u00e1s reciente administraci\u00f3n de la prefectura de Esmeraldas cumpli\u00f3 3 a\u00f1os. Una gesti\u00f3n joven que, a la fecha, presenta importantes avances para el desarrollo sostenible de la provincia de Esmeraldas. Seg\u00fan expuso Roberta Zambrano, destacada l\u00edder pol\u00edtica, cuyo liderazgo tom\u00f3 m\u00e1s fuerza desde el 15 de mayo de 2019, fecha en la que asumi\u00f3 [&hellip;]\" \/>\n<meta property=\"og:url\" content=\"https:\/\/prefecturadeesmeraldas.gob.ec\/index.php\/2022\/05\/18\/prefectura-de-esmeraldas-3-anos-haciendo-historia-fomentado-el-cambio-positivo\/\" \/>\n<meta property=\"og:site_name\" content=\"Gobierno Aut\u00f3nomo Descentralizado de la Provincia de Esmeraldas\" \/>\n<meta property=\"article:publisher\" content=\"https:\/\/www.facebook.com\/PrefecturaEsmeraldas\/\" \/>\n<meta property=\"article:published_time\" content=\"2022-05-18T21:04:25+00:00\" \/>\n<meta property=\"article:modified_time\" content=\"2022-05-18T21:06:50+00:00\" \/>\n<meta property=\"og:image\" content=\"https:\/\/prefecturadeesmeraldas.gob.ec\/wp-content\/uploads\/2022\/05\/Imagen14-1.jpg\" \/>\n\t<meta property=\"og:image:width\" content=\"566\" \/>\n\t<meta property=\"og:image:height\" content=\"522\" \/>\n\t<meta property=\"og:image:type\" content=\"image\/jpeg\" \/>\n<meta name=\"author\" content=\"Direcci\u00f3n de Comunicaci\u00f3n\" \/>\n<meta name=\"twitter:card\" content=\"summary_large_image\" \/>\n<meta name=\"twitter:label1\" content=\"Escrito por\" \/>\n\t<meta name=\"twitter:data1\" content=\"Direcci\u00f3n de Comunicaci\u00f3n\" \/>\n\t<meta name=\"twitter:label2\" content=\"Tiempo de lectura\" \/>\n\t<meta name=\"twitter:data2\" content=\"2 minutos\" \/>\n<script type=\"application\/ld+json\" class=\"yoast-schema-graph\">{\"@context\":\"https:\/\/schema.org\",\"@graph\":[{\"@type\":\"Article\",\"@id\":\"https:\/\/prefecturadeesmeraldas.gob.ec\/index.php\/2022\/05\/18\/prefectura-de-esmeraldas-3-anos-haciendo-historia-fomentado-el-cambio-positivo\/#article\",\"isPartOf\":{\"@id\":\"https:\/\/prefecturadeesmeraldas.gob.ec\/index.php\/2022\/05\/18\/prefectura-de-esmeraldas-3-anos-haciendo-historia-fomentado-el-cambio-positivo\/\"},\"author\":{\"name\":\"Direcci\u00f3n de Comunicaci\u00f3n\",\"@id\":\"https:\/\/prefecturadeesmeraldas.gob.ec\/#\/schema\/person\/b0c9e7b1ead7725994d1e319e8825234\"},\"headline\":\"Prefectura de Esmeraldas: \u00a13 a\u00f1os haciendo historia fomentado el cambio positivo!\",\"datePublished\":\"2022-05-18T21:04:25+00:00\",\"dateModified\":\"2022-05-18T21:06:50+00:00\",\"mainEntityOfPage\":{\"@id\":\"https:\/\/prefecturadeesmeraldas.gob.ec\/index.php\/2022\/05\/18\/prefectura-de-esmeraldas-3-anos-haciendo-historia-fomentado-el-cambio-positivo\/\"},\"wordCount\":481,\"publisher\":{\"@id\":\"https:\/\/prefecturadeesmeraldas.gob.ec\/#organization\"},\"image\":{\"@id\":\"https:\/\/prefecturadeesmeraldas.gob.ec\/index.php\/2022\/05\/18\/prefectura-de-esmeraldas-3-anos-haciendo-historia-fomentado-el-cambio-positivo\/#primaryimage\"},\"thumbnailUrl\":\"https:\/\/prefecturadeesmeraldas.gob.ec\/wp-content\/uploads\/2022\/05\/Imagen14-1.jpg\",\"articleSection\":[\"Gesti\u00f3n de Calidad\"],\"inLanguage\":\"es\"},{\"@type\":\"WebPage\",\"@id\":\"https:\/\/prefecturadeesmeraldas.gob.ec\/index.php\/2022\/05\/18\/prefectura-de-esmeraldas-3-anos-haciendo-historia-fomentado-el-cambio-positivo\/\",\"url\":\"https:\/\/prefecturadeesmeraldas.gob.ec\/index.php\/2022\/05\/18\/prefectura-de-esmeraldas-3-anos-haciendo-historia-fomentado-el-cambio-positivo\/\",\"name\":\"Prefectura de Esmeraldas: \u00a13 a\u00f1os haciendo historia fomentado el cambio positivo! - Gobierno Aut\u00f3nomo Descentralizado de la Provincia de Esmeraldas\",\"isPartOf\":{\"@id\":\"https:\/\/prefecturadeesmeraldas.gob.ec\/#website\"},\"primaryImageOfPage\":{\"@id\":\"https:\/\/prefecturadeesmeraldas.gob.ec\/index.php\/2022\/05\/18\/prefectura-de-esmeraldas-3-anos-haciendo-historia-fomentado-el-cambio-positivo\/#primaryimage\"},\"image\":{\"@id\":\"https:\/\/prefecturadeesmeraldas.gob.ec\/index.php\/2022\/05\/18\/prefectura-de-esmeraldas-3-anos-haciendo-historia-fomentado-el-cambio-positivo\/#primaryimage\"},\"thumbnailUrl\":\"https:\/\/prefecturadeesmeraldas.gob.ec\/wp-content\/uploads\/2022\/05\/Imagen14-1.jpg\",\"datePublished\":\"2022-05-18T21:04:25+00:00\",\"dateModified\":\"2022-05-18T21:06:50+00:00\",\"breadcrumb\":{\"@id\":\"https:\/\/prefecturadeesmeraldas.gob.ec\/index.php\/2022\/05\/18\/prefectura-de-esmeraldas-3-anos-haciendo-historia-fomentado-el-cambio-positivo\/#breadcrumb\"},\"inLanguage\":\"es\",\"potentialAction\":[{\"@type\":\"ReadAction\",\"target\":[\"https:\/\/prefecturadeesmeraldas.gob.ec\/index.php\/2022\/05\/18\/prefectura-de-esmeraldas-3-anos-haciendo-historia-fomentado-el-cambio-positivo\/\"]}]},{\"@type\":\"ImageObject\",\"inLanguage\":\"es\",\"@id\":\"https:\/\/prefecturadeesmeraldas.gob.ec\/index.php\/2022\/05\/18\/prefectura-de-esmeraldas-3-anos-haciendo-historia-fomentado-el-cambio-positivo\/#primaryimage\",\"url\":\"https:\/\/prefecturadeesmeraldas.gob.ec\/wp-content\/uploads\/2022\/05\/Imagen14-1.jpg\",\"contentUrl\":\"https:\/\/prefecturadeesmeraldas.gob.ec\/wp-content\/uploads\/2022\/05\/Imagen14-1.jpg\",\"width\":566,\"height\":522},{\"@type\":\"BreadcrumbList\",\"@id\":\"https:\/\/prefecturadeesmeraldas.gob.ec\/index.php\/2022\/05\/18\/prefectura-de-esmeraldas-3-anos-haciendo-historia-fomentado-el-cambio-positivo\/#breadcrumb\",\"itemListElement\":[{\"@type\":\"ListItem\",\"position\":1,\"name\":\"Home\",\"item\":\"https:\/\/prefecturadeesmeraldas.gob.ec\/\"},{\"@type\":\"ListItem\",\"position\":2,\"name\":\"Prefectura de Esmeraldas: \u00a13 a\u00f1os haciendo historia fomentado el cambio positivo!\"}]},{\"@type\":\"WebSite\",\"@id\":\"https:\/\/prefecturadeesmeraldas.gob.ec\/#website\",\"url\":\"https:\/\/prefecturadeesmeraldas.gob.ec\/\",\"name\":\"Gobierno Aut\u00f3nomo Descentralizado de la Provincia de Esmeraldas\",\"description\":\"Gobierno Aut\u00f3nomo Descentralizado de la Provincia de Esmeraldas\",\"publisher\":{\"@id\":\"https:\/\/prefecturadeesmeraldas.gob.ec\/#organization\"},\"potentialAction\":[{\"@type\":\"SearchAction\",\"target\":{\"@type\":\"EntryPoint\",\"urlTemplate\":\"https:\/\/prefecturadeesmeraldas.gob.ec\/?s={search_term_string}\"},\"query-input\":{\"@type\":\"PropertyValueSpecification\",\"valueRequired\":true,\"valueName\":\"search_term_string\"}}],\"inLanguage\":\"es\"},{\"@type\":\"Organization\",\"@id\":\"https:\/\/prefecturadeesmeraldas.gob.ec\/#organization\",\"name\":\"Gobierno Aut\u00f3nomo Descentralizado de la Provincia de Esmeraldas\",\"url\":\"https:\/\/prefecturadeesmeraldas.gob.ec\/\",\"logo\":{\"@type\":\"ImageObject\",\"inLanguage\":\"es\",\"@id\":\"https:\/\/prefecturadeesmeraldas.gob.ec\/#\/schema\/logo\/image\/\",\"url\":\"https:\/\/prefecturadeesmeraldas.gob.ec\/wp-content\/uploads\/2019\/06\/logo.png\",\"contentUrl\":\"https:\/\/prefecturadeesmeraldas.gob.ec\/wp-content\/uploads\/2019\/06\/logo.png\",\"width\":859,\"height\":448,\"caption\":\"Gobierno Aut\u00f3nomo Descentralizado de la Provincia de Esmeraldas\"},\"image\":{\"@id\":\"https:\/\/prefecturadeesmeraldas.gob.ec\/#\/schema\/logo\/image\/\"},\"sameAs\":[\"https:\/\/www.facebook.com\/PrefecturaEsmeraldas\/\"]},{\"@type\":\"Person\",\"@id\":\"https:\/\/prefecturadeesmeraldas.gob.ec\/#\/schema\/person\/b0c9e7b1ead7725994d1e319e8825234\",\"name\":\"Direcci\u00f3n de Comunicaci\u00f3n\",\"image\":{\"@type\":\"ImageObject\",\"inLanguage\":\"es\",\"@id\":\"https:\/\/prefecturadeesmeraldas.gob.ec\/#\/schema\/person\/image\/\",\"url\":\"https:\/\/secure.gravatar.com\/avatar\/74a3870a946f5d774ade3569af61a72308e07ad3346f370c4b468ee2a9858658?s=96&d=mm&r=g\",\"contentUrl\":\"https:\/\/secure.gravatar.com\/avatar\/74a3870a946f5d774ade3569af61a72308e07ad3346f370c4b468ee2a9858658?s=96&d=mm&r=g\",\"caption\":\"Direcci\u00f3n de Comunicaci\u00f3n\"}}]}<\/script>\n<!-- \/ Yoast SEO plugin. -->","yoast_head_json":{"title":"Prefectura de Esmeraldas: \u00a13 a\u00f1os haciendo historia fomentado el cambio positivo! - Gobierno Aut\u00f3nomo Descentralizado de la Provincia de Esmeraldas","robots":{"index":"index","follow":"follow","max-snippet":"max-snippet:-1","max-image-preview":"max-image-preview:large","max-video-preview":"max-video-preview:-1"},"canonical":"https:\/\/prefecturadeesmeraldas.gob.ec\/index.php\/2022\/05\/18\/prefectura-de-esmeraldas-3-anos-haciendo-historia-fomentado-el-cambio-positivo\/","og_locale":"es_ES","og_type":"article","og_title":"Prefectura de Esmeraldas: \u00a13 a\u00f1os haciendo historia fomentado el cambio positivo! - Gobierno Aut\u00f3nomo Descentralizado de la Provincia de Esmeraldas","og_description":"La m\u00e1s reciente administraci\u00f3n de la prefectura de Esmeraldas cumpli\u00f3 3 a\u00f1os. Una gesti\u00f3n joven que, a la fecha, presenta importantes avances para el desarrollo sostenible de la provincia de Esmeraldas. Seg\u00fan expuso Roberta Zambrano, destacada l\u00edder pol\u00edtica, cuyo liderazgo tom\u00f3 m\u00e1s fuerza desde el 15 de mayo de 2019, fecha en la que asumi\u00f3 [&hellip;]","og_url":"https:\/\/prefecturadeesmeraldas.gob.ec\/index.php\/2022\/05\/18\/prefectura-de-esmeraldas-3-anos-haciendo-historia-fomentado-el-cambio-positivo\/","og_site_name":"Gobierno Aut\u00f3nomo Descentralizado de la Provincia de Esmeraldas","article_publisher":"https:\/\/www.facebook.com\/PrefecturaEsmeraldas\/","article_published_time":"2022-05-18T21:04:25+00:00","article_modified_time":"2022-05-18T21:06:50+00:00","og_image":[{"width":566,"height":522,"url":"https:\/\/prefecturadeesmeraldas.gob.ec\/wp-content\/uploads\/2022\/05\/Imagen14-1.jpg","type":"image\/jpeg"}],"author":"Direcci\u00f3n de Comunicaci\u00f3n","twitter_card":"summary_large_image","twitter_misc":{"Escrito por":"Direcci\u00f3n de Comunicaci\u00f3n","Tiempo de lectura":"2 minutos"},"schema":{"@context":"https:\/\/schema.org","@graph":[{"@type":"Article","@id":"https:\/\/prefecturadeesmeraldas.gob.ec\/index.php\/2022\/05\/18\/prefectura-de-esmeraldas-3-anos-haciendo-historia-fomentado-el-cambio-positivo\/#article","isPartOf":{"@id":"https:\/\/prefecturadeesmeraldas.gob.ec\/index.php\/2022\/05\/18\/prefectura-de-esmeraldas-3-anos-haciendo-historia-fomentado-el-cambio-positivo\/"},"author":{"name":"Direcci\u00f3n de Comunicaci\u00f3n","@id":"https:\/\/prefecturadeesmeraldas.gob.ec\/#\/schema\/person\/b0c9e7b1ead7725994d1e319e8825234"},"headline":"Prefectura de Esmeraldas: \u00a13 a\u00f1os haciendo historia fomentado el cambio positivo!","datePublished":"2022-05-18T21:04:25+00:00","dateModified":"2022-05-18T21:06:50+00:00","mainEntityOfPage":{"@id":"https:\/\/prefecturadeesmeraldas.gob.ec\/index.php\/2022\/05\/18\/prefectura-de-esmeraldas-3-anos-haciendo-historia-fomentado-el-cambio-positivo\/"},"wordCount":481,"publisher":{"@id":"https:\/\/prefecturadeesmeraldas.gob.ec\/#organization"},"image":{"@id":"https:\/\/prefecturadeesmeraldas.gob.ec\/index.php\/2022\/05\/18\/prefectura-de-esmeraldas-3-anos-haciendo-historia-fomentado-el-cambio-positivo\/#primaryimage"},"thumbnailUrl":"https:\/\/prefecturadeesmeraldas.gob.ec\/wp-content\/uploads\/2022\/05\/Imagen14-1.jpg","articleSection":["Gesti\u00f3n de Calidad"],"inLanguage":"es"},{"@type":"WebPage","@id":"https:\/\/prefecturadeesmeraldas.gob.ec\/index.php\/2022\/05\/18\/prefectura-de-esmeraldas-3-anos-haciendo-historia-fomentado-el-cambio-positivo\/","url":"https:\/\/prefecturadeesmeraldas.gob.ec\/index.php\/2022\/05\/18\/prefectura-de-esmeraldas-3-anos-haciendo-historia-fomentado-el-cambio-positivo\/","name":"Prefectura de Esmeraldas: \u00a13 a\u00f1os haciendo historia fomentado el cambio positivo! - Gobierno Aut\u00f3nomo Descentralizado de la Provincia de Esmeraldas","isPartOf":{"@id":"https:\/\/prefecturadeesmeraldas.gob.ec\/#website"},"primaryImageOfPage":{"@id":"https:\/\/prefecturadeesmeraldas.gob.ec\/index.php\/2022\/05\/18\/prefectura-de-esmeraldas-3-anos-haciendo-historia-fomentado-el-cambio-positivo\/#primaryimage"},"image":{"@id":"https:\/\/prefecturadeesmeraldas.gob.ec\/index.php\/2022\/05\/18\/prefectura-de-esmeraldas-3-anos-haciendo-historia-fomentado-el-cambio-positivo\/#primaryimage"},"thumbnailUrl":"https:\/\/prefecturadeesmeraldas.gob.ec\/wp-content\/uploads\/2022\/05\/Imagen14-1.jpg","datePublished":"2022-05-18T21:04:25+00:00","dateModified":"2022-05-18T21:06:50+00:00","breadcrumb":{"@id":"https:\/\/prefecturadeesmeraldas.gob.ec\/index.php\/2022\/05\/18\/prefectura-de-esmeraldas-3-anos-haciendo-historia-fomentado-el-cambio-positivo\/#breadcrumb"},"inLanguage":"es","potentialAction":[{"@type":"ReadAction","target":["https:\/\/prefecturadeesmeraldas.gob.ec\/index.php\/2022\/05\/18\/prefectura-de-esmeraldas-3-anos-haciendo-historia-fomentado-el-cambio-positivo\/"]}]},{"@type":"ImageObject","inLanguage":"es","@id":"https:\/\/prefecturadeesmeraldas.gob.ec\/index.php\/2022\/05\/18\/prefectura-de-esmeraldas-3-anos-haciendo-historia-fomentado-el-cambio-positivo\/#primaryimage","url":"https:\/\/prefecturadeesmeraldas.gob.ec\/wp-content\/uploads\/2022\/05\/Imagen14-1.jpg","contentUrl":"https:\/\/prefecturadeesmeraldas.gob.ec\/wp-content\/uploads\/2022\/05\/Imagen14-1.jpg","width":566,"height":522},{"@type":"BreadcrumbList","@id":"https:\/\/prefecturadeesmeraldas.gob.ec\/index.php\/2022\/05\/18\/prefectura-de-esmeraldas-3-anos-haciendo-historia-fomentado-el-cambio-positivo\/#breadcrumb","itemListElement":[{"@type":"ListItem","position":1,"name":"Home","item":"https:\/\/prefecturadeesmeraldas.gob.ec\/"},{"@type":"ListItem","position":2,"name":"Prefectura de Esmeraldas: \u00a13 a\u00f1os haciendo historia fomentado el cambio positivo!"}]},{"@type":"WebSite","@id":"https:\/\/prefecturadeesmeraldas.gob.ec\/#website","url":"https:\/\/prefecturadeesmeraldas.gob.ec\/","name":"Gobierno Aut\u00f3nomo Descentralizado de la Provincia de Esmeraldas","description":"Gobierno Aut\u00f3nomo Descentralizado de la Provincia de Esmeraldas","publisher":{"@id":"https:\/\/prefecturadeesmeraldas.gob.ec\/#organization"},"potentialAction":[{"@type":"SearchAction","target":{"@type":"EntryPoint","urlTemplate":"https:\/\/prefecturadeesmeraldas.gob.ec\/?s={search_term_string}"},"query-input":{"@type":"PropertyValueSpecification","valueRequired":true,"valueName":"search_term_string"}}],"inLanguage":"es"},{"@type":"Organization","@id":"https:\/\/prefecturadeesmeraldas.gob.ec\/#organization","name":"Gobierno Aut\u00f3nomo Descentralizado de la Provincia de Esmeraldas","url":"https:\/\/prefecturadeesmeraldas.gob.ec\/","logo":{"@type":"ImageObject","inLanguage":"es","@id":"https:\/\/prefecturadeesmeraldas.gob.ec\/#\/schema\/logo\/image\/","url":"https:\/\/prefecturadeesmeraldas.gob.ec\/wp-content\/uploads\/2019\/06\/logo.png","contentUrl":"https:\/\/prefecturadeesmeraldas.gob.ec\/wp-content\/uploads\/2019\/06\/logo.png","width":859,"height":448,"caption":"Gobierno Aut\u00f3nomo Descentralizado de la Provincia de Esmeraldas"},"image":{"@id":"https:\/\/prefecturadeesmeraldas.gob.ec\/#\/schema\/logo\/image\/"},"sameAs":["https:\/\/www.facebook.com\/PrefecturaEsmeraldas\/"]},{"@type":"Person","@id":"https:\/\/prefecturadeesmeraldas.gob.ec\/#\/schema\/person\/b0c9e7b1ead7725994d1e319e8825234","name":"Direcci\u00f3n de Comunicaci\u00f3n","image":{"@type":"ImageObject","inLanguage":"es","@id":"https:\/\/prefecturadeesmeraldas.gob.ec\/#\/schema\/person\/image\/","url":"https:\/\/secure.gravatar.com\/avatar\/74a3870a946f5d774ade3569af61a72308e07ad3346f370c4b468ee2a9858658?s=96&d=mm&r=g","contentUrl":"https:\/\/secure.gravatar.com\/avatar\/74a3870a946f5d774ade3569af61a72308e07ad3346f370c4b468ee2a9858658?s=96&d=mm&r=g","caption":"Direcci\u00f3n de Comunicaci\u00f3n"}}]}},"_links":{"self":[{"href":"https:\/\/prefecturadeesmeraldas.gob.ec\/index.php\/wp-json\/wp\/v2\/posts\/16319","targetHints":{"allow":["GET"]}}],"collection":[{"href":"https:\/\/prefecturadeesmeraldas.gob.ec\/index.php\/wp-json\/wp\/v2\/posts"}],"about":[{"href":"https:\/\/prefecturadeesmeraldas.gob.ec\/index.php\/wp-json\/wp\/v2\/types\/post"}],"author":[{"embeddable":true,"href":"https:\/\/prefecturadeesmeraldas.gob.ec\/index.php\/wp-json\/wp\/v2\/users\/2"}],"replies":[{"embeddable":true,"href":"https:\/\/prefecturadeesmeraldas.gob.ec\/index.php\/wp-json\/wp\/v2\/comments?post=16319"}],"version-history":[{"count":0,"href":"https:\/\/prefecturadeesmeraldas.gob.ec\/index.php\/wp-json\/wp\/v2\/posts\/16319\/revisions"}],"wp:featuredmedia":[{"embeddable":true,"href":"https:\/\/prefecturadeesmeraldas.gob.ec\/index.php\/wp-json\/wp\/v2\/media\/16320"}],"wp:attachment":[{"href":"https:\/\/prefecturadeesmeraldas.gob.ec\/index.php\/wp-json\/wp\/v2\/media?parent=16319"}],"wp:term":[{"taxonomy":"category","embeddable":true,"href":"https:\/\/prefecturadeesmeraldas.gob.ec\/index.php\/wp-json\/wp\/v2\/categories?post=16319"},{"taxonomy":"post_tag","embeddable":true,"href":"https:\/\/prefecturadeesmeraldas.gob.ec\/index.php\/wp-json\/wp\/v2\/tags?post=16319"}],"curies":[{"name":"wp","href":"https:\/\/api.w.org\/{rel}","templated":true}]}}