{"id":1630,"date":"2019-10-10T09:22:02","date_gmt":"2019-10-10T14:22:02","guid":{"rendered":"http:\/\/prefecturadeesmeraldas.gob.ec\/?p=1630"},"modified":"2019-10-10T09:28:40","modified_gmt":"2019-10-10T14:28:40","slug":"sistema-de-abastecimiento-de-agua-para-rioverde-se-fortalecera","status":"publish","type":"post","link":"https:\/\/prefecturadeesmeraldas.gob.ec\/index.php\/2019\/10\/10\/sistema-de-abastecimiento-de-agua-para-rioverde-se-fortalecera\/","title":{"rendered":"Sistema de abastecimiento de agua para Rioverde se fortalecer\u00e1"},"content":{"rendered":"\t\t<div data-elementor-type=\"wp-post\" data-elementor-id=\"1630\" class=\"elementor elementor-1630\">\n\t\t\t\t\t\t<section class=\"elementor-section elementor-top-section elementor-element elementor-element-9f563be elementor-section-boxed elementor-section-height-default elementor-section-height-default\" data-id=\"9f563be\" data-element_type=\"section\">\n\t\t\t\t\t\t<div class=\"elementor-container elementor-column-gap-default\">\n\t\t\t\t\t<div class=\"elementor-column elementor-col-100 elementor-top-column elementor-element elementor-element-fcc5ad6\" data-id=\"fcc5ad6\" data-element_type=\"column\">\n\t\t\t<div class=\"elementor-widget-wrap elementor-element-populated\">\n\t\t\t\t\t\t<div class=\"elementor-element elementor-element-2fa3789 elementor-widget elementor-widget-image\" data-id=\"2fa3789\" data-element_type=\"widget\" data-widget_type=\"image.default\">\n\t\t\t\t<div class=\"elementor-widget-container\">\n\t\t\t\t\t\t\t\t\t\t\t\t\t\t\t<img fetchpriority=\"high\" decoding=\"async\" width=\"1024\" height=\"575\" src=\"https:\/\/prefecturadeesmeraldas.gob.ec\/wp-content\/uploads\/2019\/10\/WhatsApp-Image-2019-10-10-at-09.08.29-1024x575.jpeg\" class=\"attachment-large size-large wp-image-1631\" alt=\"\" srcset=\"https:\/\/prefecturadeesmeraldas.gob.ec\/wp-content\/uploads\/2019\/10\/WhatsApp-Image-2019-10-10-at-09.08.29-1024x575.jpeg 1024w, https:\/\/prefecturadeesmeraldas.gob.ec\/wp-content\/uploads\/2019\/10\/WhatsApp-Image-2019-10-10-at-09.08.29-1080x607.jpeg 1080w, https:\/\/prefecturadeesmeraldas.gob.ec\/wp-content\/uploads\/2019\/10\/WhatsApp-Image-2019-10-10-at-09.08.29-300x169.jpeg 300w, https:\/\/prefecturadeesmeraldas.gob.ec\/wp-content\/uploads\/2019\/10\/WhatsApp-Image-2019-10-10-at-09.08.29-768x431.jpeg 768w, https:\/\/prefecturadeesmeraldas.gob.ec\/wp-content\/uploads\/2019\/10\/WhatsApp-Image-2019-10-10-at-09.08.29.jpeg 1280w\" sizes=\"(max-width: 1024px) 100vw, 1024px\" \/>\t\t\t\t\t\t\t\t\t\t\t\t\t\t\t<\/div>\n\t\t\t\t<\/div>\n\t\t\t\t\t<\/div>\n\t\t<\/div>\n\t\t\t\t\t<\/div>\n\t\t<\/section>\n\t\t\t\t<section class=\"elementor-section elementor-top-section elementor-element elementor-element-ca93f42 elementor-section-boxed elementor-section-height-default elementor-section-height-default\" data-id=\"ca93f42\" data-element_type=\"section\">\n\t\t\t\t\t\t<div class=\"elementor-container elementor-column-gap-default\">\n\t\t\t\t\t<div class=\"elementor-column elementor-col-100 elementor-top-column elementor-element elementor-element-3c95f67\" data-id=\"3c95f67\" data-element_type=\"column\">\n\t\t\t<div class=\"elementor-widget-wrap elementor-element-populated\">\n\t\t\t\t\t\t<div class=\"elementor-element elementor-element-4f00577 elementor-widget elementor-widget-text-editor\" data-id=\"4f00577\" data-element_type=\"widget\" data-widget_type=\"text-editor.default\">\n\t\t\t\t<div class=\"elementor-widget-container\">\n\t\t\t\t\t\t\t\t\t<p>T\u00e9cnicos de la direcci\u00f3n de Cuencas, Riego y Drenaje de la Prefectura de Esmeraldas realizaron recorridos por los diferentes sistemas de captaci\u00f3n, almacenamiento y abastecimiento de agua para el consumo de animales de granja, para constatar y brindar mantenimiento; con el fin de que los agricultores de las parroquias de Rocafuerte y Montalvo, del cant\u00f3n Rioverde, cuenten con el l\u00edquido vital en la \u00e9poca de verano.<\/p><p>Elsia Angulo, dirigente campesina del recinto \u201cNavas\u201d de la parroquia Rocafuerte, manifest\u00f3 que la administraci\u00f3n anterior no cumpli\u00f3 con los campesinos ya que, la construcci\u00f3n del bebedero y la albarrada que deb\u00edan proveer de agua al sector no contaron con las normas y especificaciones t\u00e9cnicas, perjudicando a los productores agr\u00edcolas del lugar.<\/p><p>Dicho sistema, que deb\u00eda beneficiar a las familias dedicadas al cultivo de productos agr\u00edcolas y producci\u00f3n de leche no entr\u00f3 en funcionamiento, causando estancamientos econ\u00f3micos en la actividad ganadera, indic\u00f3 Manuel Miranda, peque\u00f1o productor de leche.<\/p><p>En el recinto de Tapaila viven las mismas condiciones; Cruz Bone, campesino de la zona, se\u00f1al\u00f3 que los bebederos de agua se encuentran en malas condiciones, provocando fuga y desabasteciendo del l\u00edquido vital, perjudicando a todos los agricultores que pertenecen a este sector productivo.<\/p><p>Mientras que, en Machin, recinto perteneciente a la parroquia Montalvo, Digna Hurtado dirigente rural, indic\u00f3 que la albarrada que cuentan para almacenar agua debe ser intervenida de manera inmediata y pidi\u00f3 a la Prefecta mejorar las condiciones de la v\u00eda.<\/p>\t\t\t\t\t\t\t\t<\/div>\n\t\t\t\t<\/div>\n\t\t\t\t\t<\/div>\n\t\t<\/div>\n\t\t\t\t\t<\/div>\n\t\t<\/section>\n\t\t\t\t<\/div>\n\t\t","protected":false},"excerpt":{"rendered":"<p>T\u00e9cnicos de la direcci\u00f3n de Cuencas, Riego y Drenaje de la Prefectura de Esmeraldas realizaron recorridos por los diferentes sistemas de captaci\u00f3n, almacenamiento y abastecimiento de agua para el consumo de animales de granja, para constatar y brindar mantenimiento; con el fin de que los agricultores de las parroquias de Rocafuerte y Montalvo, del cant\u00f3n [&hellip;]<\/p>\n","protected":false},"author":2,"featured_media":1631,"comment_status":"closed","ping_status":"open","sticky":false,"template":"","format":"standard","meta":{"footnotes":""},"categories":[17],"tags":[],"class_list":["post-1630","post","type-post","status-publish","format-standard","has-post-thumbnail","hentry","category-cuencas-riego-y-drenaje"],"yoast_head":"<!-- This site is optimized with the Yoast SEO plugin v25.7 - https:\/\/yoast.com\/wordpress\/plugins\/seo\/ -->\n<title>Sistema de abastecimiento de agua para Rioverde se fortalecer\u00e1 - Gobierno Aut\u00f3nomo Descentralizado de la Provincia de Esmeraldas<\/title>\n<meta name=\"robots\" content=\"index, follow, max-snippet:-1, max-image-preview:large, max-video-preview:-1\" \/>\n<link rel=\"canonical\" href=\"https:\/\/prefecturadeesmeraldas.gob.ec\/index.php\/2019\/10\/10\/sistema-de-abastecimiento-de-agua-para-rioverde-se-fortalecera\/\" \/>\n<meta property=\"og:locale\" content=\"es_ES\" \/>\n<meta property=\"og:type\" content=\"article\" \/>\n<meta property=\"og:title\" content=\"Sistema de abastecimiento de agua para Rioverde se fortalecer\u00e1 - Gobierno Aut\u00f3nomo Descentralizado de la Provincia de Esmeraldas\" \/>\n<meta property=\"og:description\" content=\"T\u00e9cnicos de la direcci\u00f3n de Cuencas, Riego y Drenaje de la Prefectura de Esmeraldas realizaron recorridos por los diferentes sistemas de captaci\u00f3n, almacenamiento y abastecimiento de agua para el consumo de animales de granja, para constatar y brindar mantenimiento; con el fin de que los agricultores de las parroquias de Rocafuerte y Montalvo, del cant\u00f3n [&hellip;]\" \/>\n<meta property=\"og:url\" content=\"https:\/\/prefecturadeesmeraldas.gob.ec\/index.php\/2019\/10\/10\/sistema-de-abastecimiento-de-agua-para-rioverde-se-fortalecera\/\" \/>\n<meta property=\"og:site_name\" content=\"Gobierno Aut\u00f3nomo Descentralizado de la Provincia de Esmeraldas\" \/>\n<meta property=\"article:publisher\" content=\"https:\/\/www.facebook.com\/PrefecturaEsmeraldas\/\" \/>\n<meta property=\"article:published_time\" content=\"2019-10-10T14:22:02+00:00\" \/>\n<meta property=\"article:modified_time\" content=\"2019-10-10T14:28:40+00:00\" \/>\n<meta property=\"og:image\" content=\"https:\/\/prefecturadeesmeraldas.gob.ec\/wp-content\/uploads\/2019\/10\/WhatsApp-Image-2019-10-10-at-09.08.29.jpeg\" \/>\n\t<meta property=\"og:image:width\" content=\"1280\" \/>\n\t<meta property=\"og:image:height\" content=\"719\" \/>\n\t<meta property=\"og:image:type\" content=\"image\/jpeg\" \/>\n<meta name=\"author\" content=\"Direcci\u00f3n de Comunicaci\u00f3n\" \/>\n<meta name=\"twitter:card\" content=\"summary_large_image\" \/>\n<meta name=\"twitter:label1\" content=\"Escrito por\" \/>\n\t<meta name=\"twitter:data1\" content=\"Direcci\u00f3n de Comunicaci\u00f3n\" \/>\n\t<meta name=\"twitter:label2\" content=\"Tiempo de lectura\" \/>\n\t<meta name=\"twitter:data2\" content=\"1 minuto\" \/>\n<script type=\"application\/ld+json\" class=\"yoast-schema-graph\">{\"@context\":\"https:\/\/schema.org\",\"@graph\":[{\"@type\":\"Article\",\"@id\":\"https:\/\/prefecturadeesmeraldas.gob.ec\/index.php\/2019\/10\/10\/sistema-de-abastecimiento-de-agua-para-rioverde-se-fortalecera\/#article\",\"isPartOf\":{\"@id\":\"https:\/\/prefecturadeesmeraldas.gob.ec\/index.php\/2019\/10\/10\/sistema-de-abastecimiento-de-agua-para-rioverde-se-fortalecera\/\"},\"author\":{\"name\":\"Direcci\u00f3n de Comunicaci\u00f3n\",\"@id\":\"https:\/\/prefecturadeesmeraldas.gob.ec\/#\/schema\/person\/b0c9e7b1ead7725994d1e319e8825234\"},\"headline\":\"Sistema de abastecimiento de agua para Rioverde se fortalecer\u00e1\",\"datePublished\":\"2019-10-10T14:22:02+00:00\",\"dateModified\":\"2019-10-10T14:28:40+00:00\",\"mainEntityOfPage\":{\"@id\":\"https:\/\/prefecturadeesmeraldas.gob.ec\/index.php\/2019\/10\/10\/sistema-de-abastecimiento-de-agua-para-rioverde-se-fortalecera\/\"},\"wordCount\":265,\"publisher\":{\"@id\":\"https:\/\/prefecturadeesmeraldas.gob.ec\/#organization\"},\"image\":{\"@id\":\"https:\/\/prefecturadeesmeraldas.gob.ec\/index.php\/2019\/10\/10\/sistema-de-abastecimiento-de-agua-para-rioverde-se-fortalecera\/#primaryimage\"},\"thumbnailUrl\":\"https:\/\/prefecturadeesmeraldas.gob.ec\/wp-content\/uploads\/2019\/10\/WhatsApp-Image-2019-10-10-at-09.08.29.jpeg\",\"articleSection\":[\"Cuencas, Riego y Drenaje\"],\"inLanguage\":\"es\"},{\"@type\":\"WebPage\",\"@id\":\"https:\/\/prefecturadeesmeraldas.gob.ec\/index.php\/2019\/10\/10\/sistema-de-abastecimiento-de-agua-para-rioverde-se-fortalecera\/\",\"url\":\"https:\/\/prefecturadeesmeraldas.gob.ec\/index.php\/2019\/10\/10\/sistema-de-abastecimiento-de-agua-para-rioverde-se-fortalecera\/\",\"name\":\"Sistema de abastecimiento de agua para Rioverde se fortalecer\u00e1 - Gobierno Aut\u00f3nomo Descentralizado de la Provincia de Esmeraldas\",\"isPartOf\":{\"@id\":\"https:\/\/prefecturadeesmeraldas.gob.ec\/#website\"},\"primaryImageOfPage\":{\"@id\":\"https:\/\/prefecturadeesmeraldas.gob.ec\/index.php\/2019\/10\/10\/sistema-de-abastecimiento-de-agua-para-rioverde-se-fortalecera\/#primaryimage\"},\"image\":{\"@id\":\"https:\/\/prefecturadeesmeraldas.gob.ec\/index.php\/2019\/10\/10\/sistema-de-abastecimiento-de-agua-para-rioverde-se-fortalecera\/#primaryimage\"},\"thumbnailUrl\":\"https:\/\/prefecturadeesmeraldas.gob.ec\/wp-content\/uploads\/2019\/10\/WhatsApp-Image-2019-10-10-at-09.08.29.jpeg\",\"datePublished\":\"2019-10-10T14:22:02+00:00\",\"dateModified\":\"2019-10-10T14:28:40+00:00\",\"breadcrumb\":{\"@id\":\"https:\/\/prefecturadeesmeraldas.gob.ec\/index.php\/2019\/10\/10\/sistema-de-abastecimiento-de-agua-para-rioverde-se-fortalecera\/#breadcrumb\"},\"inLanguage\":\"es\",\"potentialAction\":[{\"@type\":\"ReadAction\",\"target\":[\"https:\/\/prefecturadeesmeraldas.gob.ec\/index.php\/2019\/10\/10\/sistema-de-abastecimiento-de-agua-para-rioverde-se-fortalecera\/\"]}]},{\"@type\":\"ImageObject\",\"inLanguage\":\"es\",\"@id\":\"https:\/\/prefecturadeesmeraldas.gob.ec\/index.php\/2019\/10\/10\/sistema-de-abastecimiento-de-agua-para-rioverde-se-fortalecera\/#primaryimage\",\"url\":\"https:\/\/prefecturadeesmeraldas.gob.ec\/wp-content\/uploads\/2019\/10\/WhatsApp-Image-2019-10-10-at-09.08.29.jpeg\",\"contentUrl\":\"https:\/\/prefecturadeesmeraldas.gob.ec\/wp-content\/uploads\/2019\/10\/WhatsApp-Image-2019-10-10-at-09.08.29.jpeg\",\"width\":1280,\"height\":719},{\"@type\":\"BreadcrumbList\",\"@id\":\"https:\/\/prefecturadeesmeraldas.gob.ec\/index.php\/2019\/10\/10\/sistema-de-abastecimiento-de-agua-para-rioverde-se-fortalecera\/#breadcrumb\",\"itemListElement\":[{\"@type\":\"ListItem\",\"position\":1,\"name\":\"Home\",\"item\":\"https:\/\/prefecturadeesmeraldas.gob.ec\/\"},{\"@type\":\"ListItem\",\"position\":2,\"name\":\"Sistema de abastecimiento de agua para Rioverde se fortalecer\u00e1\"}]},{\"@type\":\"WebSite\",\"@id\":\"https:\/\/prefecturadeesmeraldas.gob.ec\/#website\",\"url\":\"https:\/\/prefecturadeesmeraldas.gob.ec\/\",\"name\":\"Gobierno Aut\u00f3nomo Descentralizado de la Provincia de Esmeraldas\",\"description\":\"Gobierno Aut\u00f3nomo Descentralizado de la Provincia de Esmeraldas\",\"publisher\":{\"@id\":\"https:\/\/prefecturadeesmeraldas.gob.ec\/#organization\"},\"potentialAction\":[{\"@type\":\"SearchAction\",\"target\":{\"@type\":\"EntryPoint\",\"urlTemplate\":\"https:\/\/prefecturadeesmeraldas.gob.ec\/?s={search_term_string}\"},\"query-input\":{\"@type\":\"PropertyValueSpecification\",\"valueRequired\":true,\"valueName\":\"search_term_string\"}}],\"inLanguage\":\"es\"},{\"@type\":\"Organization\",\"@id\":\"https:\/\/prefecturadeesmeraldas.gob.ec\/#organization\",\"name\":\"Gobierno Aut\u00f3nomo Descentralizado de la Provincia de Esmeraldas\",\"url\":\"https:\/\/prefecturadeesmeraldas.gob.ec\/\",\"logo\":{\"@type\":\"ImageObject\",\"inLanguage\":\"es\",\"@id\":\"https:\/\/prefecturadeesmeraldas.gob.ec\/#\/schema\/logo\/image\/\",\"url\":\"https:\/\/prefecturadeesmeraldas.gob.ec\/wp-content\/uploads\/2019\/06\/logo.png\",\"contentUrl\":\"https:\/\/prefecturadeesmeraldas.gob.ec\/wp-content\/uploads\/2019\/06\/logo.png\",\"width\":859,\"height\":448,\"caption\":\"Gobierno Aut\u00f3nomo Descentralizado de la Provincia de Esmeraldas\"},\"image\":{\"@id\":\"https:\/\/prefecturadeesmeraldas.gob.ec\/#\/schema\/logo\/image\/\"},\"sameAs\":[\"https:\/\/www.facebook.com\/PrefecturaEsmeraldas\/\"]},{\"@type\":\"Person\",\"@id\":\"https:\/\/prefecturadeesmeraldas.gob.ec\/#\/schema\/person\/b0c9e7b1ead7725994d1e319e8825234\",\"name\":\"Direcci\u00f3n de Comunicaci\u00f3n\",\"image\":{\"@type\":\"ImageObject\",\"inLanguage\":\"es\",\"@id\":\"https:\/\/prefecturadeesmeraldas.gob.ec\/#\/schema\/person\/image\/\",\"url\":\"https:\/\/secure.gravatar.com\/avatar\/74a3870a946f5d774ade3569af61a72308e07ad3346f370c4b468ee2a9858658?s=96&d=mm&r=g\",\"contentUrl\":\"https:\/\/secure.gravatar.com\/avatar\/74a3870a946f5d774ade3569af61a72308e07ad3346f370c4b468ee2a9858658?s=96&d=mm&r=g\",\"caption\":\"Direcci\u00f3n de Comunicaci\u00f3n\"}}]}<\/script>\n<!-- \/ Yoast SEO plugin. -->","yoast_head_json":{"title":"Sistema de abastecimiento de agua para Rioverde se fortalecer\u00e1 - Gobierno Aut\u00f3nomo Descentralizado de la Provincia de Esmeraldas","robots":{"index":"index","follow":"follow","max-snippet":"max-snippet:-1","max-image-preview":"max-image-preview:large","max-video-preview":"max-video-preview:-1"},"canonical":"https:\/\/prefecturadeesmeraldas.gob.ec\/index.php\/2019\/10\/10\/sistema-de-abastecimiento-de-agua-para-rioverde-se-fortalecera\/","og_locale":"es_ES","og_type":"article","og_title":"Sistema de abastecimiento de agua para Rioverde se fortalecer\u00e1 - Gobierno Aut\u00f3nomo Descentralizado de la Provincia de Esmeraldas","og_description":"T\u00e9cnicos de la direcci\u00f3n de Cuencas, Riego y Drenaje de la Prefectura de Esmeraldas realizaron recorridos por los diferentes sistemas de captaci\u00f3n, almacenamiento y abastecimiento de agua para el consumo de animales de granja, para constatar y brindar mantenimiento; con el fin de que los agricultores de las parroquias de Rocafuerte y Montalvo, del cant\u00f3n [&hellip;]","og_url":"https:\/\/prefecturadeesmeraldas.gob.ec\/index.php\/2019\/10\/10\/sistema-de-abastecimiento-de-agua-para-rioverde-se-fortalecera\/","og_site_name":"Gobierno Aut\u00f3nomo Descentralizado de la Provincia de Esmeraldas","article_publisher":"https:\/\/www.facebook.com\/PrefecturaEsmeraldas\/","article_published_time":"2019-10-10T14:22:02+00:00","article_modified_time":"2019-10-10T14:28:40+00:00","og_image":[{"width":1280,"height":719,"url":"https:\/\/prefecturadeesmeraldas.gob.ec\/wp-content\/uploads\/2019\/10\/WhatsApp-Image-2019-10-10-at-09.08.29.jpeg","type":"image\/jpeg"}],"author":"Direcci\u00f3n de Comunicaci\u00f3n","twitter_card":"summary_large_image","twitter_misc":{"Escrito por":"Direcci\u00f3n de Comunicaci\u00f3n","Tiempo de lectura":"1 minuto"},"schema":{"@context":"https:\/\/schema.org","@graph":[{"@type":"Article","@id":"https:\/\/prefecturadeesmeraldas.gob.ec\/index.php\/2019\/10\/10\/sistema-de-abastecimiento-de-agua-para-rioverde-se-fortalecera\/#article","isPartOf":{"@id":"https:\/\/prefecturadeesmeraldas.gob.ec\/index.php\/2019\/10\/10\/sistema-de-abastecimiento-de-agua-para-rioverde-se-fortalecera\/"},"author":{"name":"Direcci\u00f3n de Comunicaci\u00f3n","@id":"https:\/\/prefecturadeesmeraldas.gob.ec\/#\/schema\/person\/b0c9e7b1ead7725994d1e319e8825234"},"headline":"Sistema de abastecimiento de agua para Rioverde se fortalecer\u00e1","datePublished":"2019-10-10T14:22:02+00:00","dateModified":"2019-10-10T14:28:40+00:00","mainEntityOfPage":{"@id":"https:\/\/prefecturadeesmeraldas.gob.ec\/index.php\/2019\/10\/10\/sistema-de-abastecimiento-de-agua-para-rioverde-se-fortalecera\/"},"wordCount":265,"publisher":{"@id":"https:\/\/prefecturadeesmeraldas.gob.ec\/#organization"},"image":{"@id":"https:\/\/prefecturadeesmeraldas.gob.ec\/index.php\/2019\/10\/10\/sistema-de-abastecimiento-de-agua-para-rioverde-se-fortalecera\/#primaryimage"},"thumbnailUrl":"https:\/\/prefecturadeesmeraldas.gob.ec\/wp-content\/uploads\/2019\/10\/WhatsApp-Image-2019-10-10-at-09.08.29.jpeg","articleSection":["Cuencas, Riego y Drenaje"],"inLanguage":"es"},{"@type":"WebPage","@id":"https:\/\/prefecturadeesmeraldas.gob.ec\/index.php\/2019\/10\/10\/sistema-de-abastecimiento-de-agua-para-rioverde-se-fortalecera\/","url":"https:\/\/prefecturadeesmeraldas.gob.ec\/index.php\/2019\/10\/10\/sistema-de-abastecimiento-de-agua-para-rioverde-se-fortalecera\/","name":"Sistema de abastecimiento de agua para Rioverde se fortalecer\u00e1 - Gobierno Aut\u00f3nomo Descentralizado de la Provincia de Esmeraldas","isPartOf":{"@id":"https:\/\/prefecturadeesmeraldas.gob.ec\/#website"},"primaryImageOfPage":{"@id":"https:\/\/prefecturadeesmeraldas.gob.ec\/index.php\/2019\/10\/10\/sistema-de-abastecimiento-de-agua-para-rioverde-se-fortalecera\/#primaryimage"},"image":{"@id":"https:\/\/prefecturadeesmeraldas.gob.ec\/index.php\/2019\/10\/10\/sistema-de-abastecimiento-de-agua-para-rioverde-se-fortalecera\/#primaryimage"},"thumbnailUrl":"https:\/\/prefecturadeesmeraldas.gob.ec\/wp-content\/uploads\/2019\/10\/WhatsApp-Image-2019-10-10-at-09.08.29.jpeg","datePublished":"2019-10-10T14:22:02+00:00","dateModified":"2019-10-10T14:28:40+00:00","breadcrumb":{"@id":"https:\/\/prefecturadeesmeraldas.gob.ec\/index.php\/2019\/10\/10\/sistema-de-abastecimiento-de-agua-para-rioverde-se-fortalecera\/#breadcrumb"},"inLanguage":"es","potentialAction":[{"@type":"ReadAction","target":["https:\/\/prefecturadeesmeraldas.gob.ec\/index.php\/2019\/10\/10\/sistema-de-abastecimiento-de-agua-para-rioverde-se-fortalecera\/"]}]},{"@type":"ImageObject","inLanguage":"es","@id":"https:\/\/prefecturadeesmeraldas.gob.ec\/index.php\/2019\/10\/10\/sistema-de-abastecimiento-de-agua-para-rioverde-se-fortalecera\/#primaryimage","url":"https:\/\/prefecturadeesmeraldas.gob.ec\/wp-content\/uploads\/2019\/10\/WhatsApp-Image-2019-10-10-at-09.08.29.jpeg","contentUrl":"https:\/\/prefecturadeesmeraldas.gob.ec\/wp-content\/uploads\/2019\/10\/WhatsApp-Image-2019-10-10-at-09.08.29.jpeg","width":1280,"height":719},{"@type":"BreadcrumbList","@id":"https:\/\/prefecturadeesmeraldas.gob.ec\/index.php\/2019\/10\/10\/sistema-de-abastecimiento-de-agua-para-rioverde-se-fortalecera\/#breadcrumb","itemListElement":[{"@type":"ListItem","position":1,"name":"Home","item":"https:\/\/prefecturadeesmeraldas.gob.ec\/"},{"@type":"ListItem","position":2,"name":"Sistema de abastecimiento de agua para Rioverde se fortalecer\u00e1"}]},{"@type":"WebSite","@id":"https:\/\/prefecturadeesmeraldas.gob.ec\/#website","url":"https:\/\/prefecturadeesmeraldas.gob.ec\/","name":"Gobierno Aut\u00f3nomo Descentralizado de la Provincia de Esmeraldas","description":"Gobierno Aut\u00f3nomo Descentralizado de la Provincia de Esmeraldas","publisher":{"@id":"https:\/\/prefecturadeesmeraldas.gob.ec\/#organization"},"potentialAction":[{"@type":"SearchAction","target":{"@type":"EntryPoint","urlTemplate":"https:\/\/prefecturadeesmeraldas.gob.ec\/?s={search_term_string}"},"query-input":{"@type":"PropertyValueSpecification","valueRequired":true,"valueName":"search_term_string"}}],"inLanguage":"es"},{"@type":"Organization","@id":"https:\/\/prefecturadeesmeraldas.gob.ec\/#organization","name":"Gobierno Aut\u00f3nomo Descentralizado de la Provincia de Esmeraldas","url":"https:\/\/prefecturadeesmeraldas.gob.ec\/","logo":{"@type":"ImageObject","inLanguage":"es","@id":"https:\/\/prefecturadeesmeraldas.gob.ec\/#\/schema\/logo\/image\/","url":"https:\/\/prefecturadeesmeraldas.gob.ec\/wp-content\/uploads\/2019\/06\/logo.png","contentUrl":"https:\/\/prefecturadeesmeraldas.gob.ec\/wp-content\/uploads\/2019\/06\/logo.png","width":859,"height":448,"caption":"Gobierno Aut\u00f3nomo Descentralizado de la Provincia de Esmeraldas"},"image":{"@id":"https:\/\/prefecturadeesmeraldas.gob.ec\/#\/schema\/logo\/image\/"},"sameAs":["https:\/\/www.facebook.com\/PrefecturaEsmeraldas\/"]},{"@type":"Person","@id":"https:\/\/prefecturadeesmeraldas.gob.ec\/#\/schema\/person\/b0c9e7b1ead7725994d1e319e8825234","name":"Direcci\u00f3n de Comunicaci\u00f3n","image":{"@type":"ImageObject","inLanguage":"es","@id":"https:\/\/prefecturadeesmeraldas.gob.ec\/#\/schema\/person\/image\/","url":"https:\/\/secure.gravatar.com\/avatar\/74a3870a946f5d774ade3569af61a72308e07ad3346f370c4b468ee2a9858658?s=96&d=mm&r=g","contentUrl":"https:\/\/secure.gravatar.com\/avatar\/74a3870a946f5d774ade3569af61a72308e07ad3346f370c4b468ee2a9858658?s=96&d=mm&r=g","caption":"Direcci\u00f3n de Comunicaci\u00f3n"}}]}},"_links":{"self":[{"href":"https:\/\/prefecturadeesmeraldas.gob.ec\/index.php\/wp-json\/wp\/v2\/posts\/1630","targetHints":{"allow":["GET"]}}],"collection":[{"href":"https:\/\/prefecturadeesmeraldas.gob.ec\/index.php\/wp-json\/wp\/v2\/posts"}],"about":[{"href":"https:\/\/prefecturadeesmeraldas.gob.ec\/index.php\/wp-json\/wp\/v2\/types\/post"}],"author":[{"embeddable":true,"href":"https:\/\/prefecturadeesmeraldas.gob.ec\/index.php\/wp-json\/wp\/v2\/users\/2"}],"replies":[{"embeddable":true,"href":"https:\/\/prefecturadeesmeraldas.gob.ec\/index.php\/wp-json\/wp\/v2\/comments?post=1630"}],"version-history":[{"count":0,"href":"https:\/\/prefecturadeesmeraldas.gob.ec\/index.php\/wp-json\/wp\/v2\/posts\/1630\/revisions"}],"wp:featuredmedia":[{"embeddable":true,"href":"https:\/\/prefecturadeesmeraldas.gob.ec\/index.php\/wp-json\/wp\/v2\/media\/1631"}],"wp:attachment":[{"href":"https:\/\/prefecturadeesmeraldas.gob.ec\/index.php\/wp-json\/wp\/v2\/media?parent=1630"}],"wp:term":[{"taxonomy":"category","embeddable":true,"href":"https:\/\/prefecturadeesmeraldas.gob.ec\/index.php\/wp-json\/wp\/v2\/categories?post=1630"},{"taxonomy":"post_tag","embeddable":true,"href":"https:\/\/prefecturadeesmeraldas.gob.ec\/index.php\/wp-json\/wp\/v2\/tags?post=1630"}],"curies":[{"name":"wp","href":"https:\/\/api.w.org\/{rel}","templated":true}]}}