{"id":16177,"date":"2022-05-12T14:05:25","date_gmt":"2022-05-12T19:05:25","guid":{"rendered":"https:\/\/prefecturadeesmeraldas.gob.ec\/?p=16177"},"modified":"2022-05-12T14:11:15","modified_gmt":"2022-05-12T19:11:15","slug":"equipo-de-la-prefectura-de-esmeraldas-liderado-por-la-prefecta-roberta-zambrano-destaco-en-seminario-internacional-sobre-politicas-publicas","status":"publish","type":"post","link":"https:\/\/prefecturadeesmeraldas.gob.ec\/index.php\/2022\/05\/12\/equipo-de-la-prefectura-de-esmeraldas-liderado-por-la-prefecta-roberta-zambrano-destaco-en-seminario-internacional-sobre-politicas-publicas\/","title":{"rendered":"Equipo de la Prefectura de Esmeraldas, liderado por la prefecta Roberta Zambrano destac\u00f3 en seminario internacional sobre pol\u00edticas p\u00fablicas"},"content":{"rendered":"\t\t<div data-elementor-type=\"wp-post\" data-elementor-id=\"16177\" class=\"elementor elementor-16177\">\n\t\t\t\t\t\t<section class=\"elementor-section elementor-top-section elementor-element elementor-element-b85cf9e elementor-section-boxed elementor-section-height-default elementor-section-height-default\" data-id=\"b85cf9e\" data-element_type=\"section\">\n\t\t\t\t\t\t<div class=\"elementor-container elementor-column-gap-default\">\n\t\t\t\t\t<div class=\"elementor-column elementor-col-100 elementor-top-column elementor-element elementor-element-1be3b5a\" data-id=\"1be3b5a\" data-element_type=\"column\">\n\t\t\t<div class=\"elementor-widget-wrap elementor-element-populated\">\n\t\t\t\t\t\t<div class=\"elementor-element elementor-element-c10f7ac elementor-widget elementor-widget-image\" data-id=\"c10f7ac\" data-element_type=\"widget\" data-widget_type=\"image.default\">\n\t\t\t\t<div class=\"elementor-widget-container\">\n\t\t\t\t\t\t\t\t\t\t\t\t\t\t\t<img fetchpriority=\"high\" decoding=\"async\" width=\"410\" height=\"307\" src=\"https:\/\/prefecturadeesmeraldas.gob.ec\/wp-content\/uploads\/2022\/05\/Imagen5-2.jpg\" class=\"attachment-large size-large wp-image-16178\" alt=\"\" srcset=\"https:\/\/prefecturadeesmeraldas.gob.ec\/wp-content\/uploads\/2022\/05\/Imagen5-2.jpg 410w, https:\/\/prefecturadeesmeraldas.gob.ec\/wp-content\/uploads\/2022\/05\/Imagen5-2-300x225.jpg 300w\" sizes=\"(max-width: 410px) 100vw, 410px\" \/>\t\t\t\t\t\t\t\t\t\t\t\t\t\t\t<\/div>\n\t\t\t\t<\/div>\n\t\t\t\t\t<\/div>\n\t\t<\/div>\n\t\t\t\t\t<\/div>\n\t\t<\/section>\n\t\t\t\t<section class=\"elementor-section elementor-top-section elementor-element elementor-element-7521358 elementor-section-boxed elementor-section-height-default elementor-section-height-default\" data-id=\"7521358\" data-element_type=\"section\">\n\t\t\t\t\t\t<div class=\"elementor-container elementor-column-gap-default\">\n\t\t\t\t\t<div class=\"elementor-column elementor-col-100 elementor-top-column elementor-element elementor-element-373c557\" data-id=\"373c557\" data-element_type=\"column\">\n\t\t\t<div class=\"elementor-widget-wrap elementor-element-populated\">\n\t\t\t\t\t\t<div class=\"elementor-element elementor-element-f33c0b6 elementor-widget elementor-widget-text-editor\" data-id=\"f33c0b6\" data-element_type=\"widget\" data-widget_type=\"text-editor.default\">\n\t\t\t\t<div class=\"elementor-widget-container\">\n\t\t\t\t\t\t\t\t\t<p>La Prefecta <strong>Roberta Zambrano Ortiz<\/strong>, junto al coordinador institucional, <strong>C\u00e9sar An\u00edbal Pimentel Concha<\/strong> y el director del equipo de comunicaci\u00f3n <strong>Cristhian Cusme Palacios<\/strong>, destacaron en <strong>The George Washington University<\/strong>, en el desarrollo del\u00a0 Seminario de Comunicaci\u00f3n Pol\u00edtica con enfoque a la aplicaci\u00f3n de buenas pr\u00e1cticas y pol\u00edticas p\u00fablicas.<\/p><p>Nuestro compromiso de ser cada d\u00eda mejores se cristaliza, con capacitaciones que se aplicar\u00e1n para seguir construyendo con obras, la nueva historia de la provincia de Esmeraldas.<\/p><p>Durante el desarrollo del Seminario, personalidades destacadas a nivel internacional compartieron experiencias sobre <strong>t\u00e9cnicas para logar mejorar la obra p\u00fablica<\/strong>, todo ello en beneficio de la comunidad.<\/p><p>Felicitaciones a nuestra prefecta <strong>Roberta Zambrano<\/strong> y al equipo destacado que la acompa\u00f1\u00f3 en este magno evento a nivel internacional.<\/p><p>&#8220;Queremos mejores d\u00edas para Esmeraldas, es importante prepararnos, y este seminario nos ha dado mejores herramientas para seguir transitando por el sendero que busca mejores d\u00edas para nuestra querida provincia de Esmeraldas\u201d, dijo la prefecta <strong>Roberta Zambrano<\/strong>.<\/p>\t\t\t\t\t\t\t\t<\/div>\n\t\t\t\t<\/div>\n\t\t\t\t\t<\/div>\n\t\t<\/div>\n\t\t\t\t\t<\/div>\n\t\t<\/section>\n\t\t\t\t<\/div>\n\t\t","protected":false},"excerpt":{"rendered":"<p>La Prefecta Roberta Zambrano Ortiz, junto al coordinador institucional, C\u00e9sar An\u00edbal Pimentel Concha y el director del equipo de comunicaci\u00f3n Cristhian Cusme Palacios, destacaron en The George Washington University, en el desarrollo del\u00a0 Seminario de Comunicaci\u00f3n Pol\u00edtica con enfoque a la aplicaci\u00f3n de buenas pr\u00e1cticas y pol\u00edticas p\u00fablicas. Nuestro compromiso de ser cada d\u00eda mejores [&hellip;]<\/p>\n","protected":false},"author":2,"featured_media":16178,"comment_status":"closed","ping_status":"open","sticky":false,"template":"","format":"standard","meta":{"footnotes":""},"categories":[24],"tags":[],"class_list":["post-16177","post","type-post","status-publish","format-standard","has-post-thumbnail","hentry","category-cooperacion-internacional"],"yoast_head":"<!-- This site is optimized with the Yoast SEO plugin v25.7 - https:\/\/yoast.com\/wordpress\/plugins\/seo\/ -->\n<title>Equipo de la Prefectura de Esmeraldas, liderado por la prefecta Roberta Zambrano destac\u00f3 en seminario internacional sobre pol\u00edticas p\u00fablicas - Gobierno Aut\u00f3nomo Descentralizado de la Provincia de Esmeraldas<\/title>\n<meta name=\"robots\" content=\"index, follow, max-snippet:-1, max-image-preview:large, max-video-preview:-1\" \/>\n<link rel=\"canonical\" href=\"https:\/\/prefecturadeesmeraldas.gob.ec\/index.php\/2022\/05\/12\/equipo-de-la-prefectura-de-esmeraldas-liderado-por-la-prefecta-roberta-zambrano-destaco-en-seminario-internacional-sobre-politicas-publicas\/\" \/>\n<meta property=\"og:locale\" content=\"es_ES\" \/>\n<meta property=\"og:type\" content=\"article\" \/>\n<meta property=\"og:title\" content=\"Equipo de la Prefectura de Esmeraldas, liderado por la prefecta Roberta Zambrano destac\u00f3 en seminario internacional sobre pol\u00edticas p\u00fablicas - Gobierno Aut\u00f3nomo Descentralizado de la Provincia de Esmeraldas\" \/>\n<meta property=\"og:description\" content=\"La Prefecta Roberta Zambrano Ortiz, junto al coordinador institucional, C\u00e9sar An\u00edbal Pimentel Concha y el director del equipo de comunicaci\u00f3n Cristhian Cusme Palacios, destacaron en The George Washington University, en el desarrollo del\u00a0 Seminario de Comunicaci\u00f3n Pol\u00edtica con enfoque a la aplicaci\u00f3n de buenas pr\u00e1cticas y pol\u00edticas p\u00fablicas. Nuestro compromiso de ser cada d\u00eda mejores [&hellip;]\" \/>\n<meta property=\"og:url\" content=\"https:\/\/prefecturadeesmeraldas.gob.ec\/index.php\/2022\/05\/12\/equipo-de-la-prefectura-de-esmeraldas-liderado-por-la-prefecta-roberta-zambrano-destaco-en-seminario-internacional-sobre-politicas-publicas\/\" \/>\n<meta property=\"og:site_name\" content=\"Gobierno Aut\u00f3nomo Descentralizado de la Provincia de Esmeraldas\" \/>\n<meta property=\"article:publisher\" content=\"https:\/\/www.facebook.com\/PrefecturaEsmeraldas\/\" \/>\n<meta property=\"article:published_time\" content=\"2022-05-12T19:05:25+00:00\" \/>\n<meta property=\"article:modified_time\" content=\"2022-05-12T19:11:15+00:00\" \/>\n<meta property=\"og:image\" content=\"https:\/\/prefecturadeesmeraldas.gob.ec\/wp-content\/uploads\/2022\/05\/Imagen5-2.jpg\" \/>\n\t<meta property=\"og:image:width\" content=\"410\" \/>\n\t<meta property=\"og:image:height\" content=\"307\" \/>\n\t<meta property=\"og:image:type\" content=\"image\/jpeg\" \/>\n<meta name=\"author\" content=\"Direcci\u00f3n de Comunicaci\u00f3n\" \/>\n<meta name=\"twitter:card\" content=\"summary_large_image\" \/>\n<meta name=\"twitter:label1\" content=\"Escrito por\" \/>\n\t<meta name=\"twitter:data1\" content=\"Direcci\u00f3n de Comunicaci\u00f3n\" \/>\n\t<meta name=\"twitter:label2\" content=\"Tiempo de lectura\" \/>\n\t<meta name=\"twitter:data2\" content=\"1 minuto\" \/>\n<script type=\"application\/ld+json\" class=\"yoast-schema-graph\">{\"@context\":\"https:\/\/schema.org\",\"@graph\":[{\"@type\":\"Article\",\"@id\":\"https:\/\/prefecturadeesmeraldas.gob.ec\/index.php\/2022\/05\/12\/equipo-de-la-prefectura-de-esmeraldas-liderado-por-la-prefecta-roberta-zambrano-destaco-en-seminario-internacional-sobre-politicas-publicas\/#article\",\"isPartOf\":{\"@id\":\"https:\/\/prefecturadeesmeraldas.gob.ec\/index.php\/2022\/05\/12\/equipo-de-la-prefectura-de-esmeraldas-liderado-por-la-prefecta-roberta-zambrano-destaco-en-seminario-internacional-sobre-politicas-publicas\/\"},\"author\":{\"name\":\"Direcci\u00f3n de Comunicaci\u00f3n\",\"@id\":\"https:\/\/prefecturadeesmeraldas.gob.ec\/#\/schema\/person\/b0c9e7b1ead7725994d1e319e8825234\"},\"headline\":\"Equipo de la Prefectura de Esmeraldas, liderado por la prefecta Roberta Zambrano destac\u00f3 en seminario internacional sobre pol\u00edticas p\u00fablicas\",\"datePublished\":\"2022-05-12T19:05:25+00:00\",\"dateModified\":\"2022-05-12T19:11:15+00:00\",\"mainEntityOfPage\":{\"@id\":\"https:\/\/prefecturadeesmeraldas.gob.ec\/index.php\/2022\/05\/12\/equipo-de-la-prefectura-de-esmeraldas-liderado-por-la-prefecta-roberta-zambrano-destaco-en-seminario-internacional-sobre-politicas-publicas\/\"},\"wordCount\":195,\"publisher\":{\"@id\":\"https:\/\/prefecturadeesmeraldas.gob.ec\/#organization\"},\"image\":{\"@id\":\"https:\/\/prefecturadeesmeraldas.gob.ec\/index.php\/2022\/05\/12\/equipo-de-la-prefectura-de-esmeraldas-liderado-por-la-prefecta-roberta-zambrano-destaco-en-seminario-internacional-sobre-politicas-publicas\/#primaryimage\"},\"thumbnailUrl\":\"https:\/\/prefecturadeesmeraldas.gob.ec\/wp-content\/uploads\/2022\/05\/Imagen5-2.jpg\",\"articleSection\":[\"Cooperaci\u00f3n Internacional\"],\"inLanguage\":\"es\"},{\"@type\":\"WebPage\",\"@id\":\"https:\/\/prefecturadeesmeraldas.gob.ec\/index.php\/2022\/05\/12\/equipo-de-la-prefectura-de-esmeraldas-liderado-por-la-prefecta-roberta-zambrano-destaco-en-seminario-internacional-sobre-politicas-publicas\/\",\"url\":\"https:\/\/prefecturadeesmeraldas.gob.ec\/index.php\/2022\/05\/12\/equipo-de-la-prefectura-de-esmeraldas-liderado-por-la-prefecta-roberta-zambrano-destaco-en-seminario-internacional-sobre-politicas-publicas\/\",\"name\":\"Equipo de la Prefectura de Esmeraldas, liderado por la prefecta Roberta Zambrano destac\u00f3 en seminario internacional sobre pol\u00edticas p\u00fablicas - Gobierno Aut\u00f3nomo Descentralizado de la Provincia de Esmeraldas\",\"isPartOf\":{\"@id\":\"https:\/\/prefecturadeesmeraldas.gob.ec\/#website\"},\"primaryImageOfPage\":{\"@id\":\"https:\/\/prefecturadeesmeraldas.gob.ec\/index.php\/2022\/05\/12\/equipo-de-la-prefectura-de-esmeraldas-liderado-por-la-prefecta-roberta-zambrano-destaco-en-seminario-internacional-sobre-politicas-publicas\/#primaryimage\"},\"image\":{\"@id\":\"https:\/\/prefecturadeesmeraldas.gob.ec\/index.php\/2022\/05\/12\/equipo-de-la-prefectura-de-esmeraldas-liderado-por-la-prefecta-roberta-zambrano-destaco-en-seminario-internacional-sobre-politicas-publicas\/#primaryimage\"},\"thumbnailUrl\":\"https:\/\/prefecturadeesmeraldas.gob.ec\/wp-content\/uploads\/2022\/05\/Imagen5-2.jpg\",\"datePublished\":\"2022-05-12T19:05:25+00:00\",\"dateModified\":\"2022-05-12T19:11:15+00:00\",\"breadcrumb\":{\"@id\":\"https:\/\/prefecturadeesmeraldas.gob.ec\/index.php\/2022\/05\/12\/equipo-de-la-prefectura-de-esmeraldas-liderado-por-la-prefecta-roberta-zambrano-destaco-en-seminario-internacional-sobre-politicas-publicas\/#breadcrumb\"},\"inLanguage\":\"es\",\"potentialAction\":[{\"@type\":\"ReadAction\",\"target\":[\"https:\/\/prefecturadeesmeraldas.gob.ec\/index.php\/2022\/05\/12\/equipo-de-la-prefectura-de-esmeraldas-liderado-por-la-prefecta-roberta-zambrano-destaco-en-seminario-internacional-sobre-politicas-publicas\/\"]}]},{\"@type\":\"ImageObject\",\"inLanguage\":\"es\",\"@id\":\"https:\/\/prefecturadeesmeraldas.gob.ec\/index.php\/2022\/05\/12\/equipo-de-la-prefectura-de-esmeraldas-liderado-por-la-prefecta-roberta-zambrano-destaco-en-seminario-internacional-sobre-politicas-publicas\/#primaryimage\",\"url\":\"https:\/\/prefecturadeesmeraldas.gob.ec\/wp-content\/uploads\/2022\/05\/Imagen5-2.jpg\",\"contentUrl\":\"https:\/\/prefecturadeesmeraldas.gob.ec\/wp-content\/uploads\/2022\/05\/Imagen5-2.jpg\",\"width\":410,\"height\":307},{\"@type\":\"BreadcrumbList\",\"@id\":\"https:\/\/prefecturadeesmeraldas.gob.ec\/index.php\/2022\/05\/12\/equipo-de-la-prefectura-de-esmeraldas-liderado-por-la-prefecta-roberta-zambrano-destaco-en-seminario-internacional-sobre-politicas-publicas\/#breadcrumb\",\"itemListElement\":[{\"@type\":\"ListItem\",\"position\":1,\"name\":\"Home\",\"item\":\"https:\/\/prefecturadeesmeraldas.gob.ec\/\"},{\"@type\":\"ListItem\",\"position\":2,\"name\":\"Equipo de la Prefectura de Esmeraldas, liderado por la prefecta Roberta Zambrano destac\u00f3 en seminario internacional sobre pol\u00edticas p\u00fablicas\"}]},{\"@type\":\"WebSite\",\"@id\":\"https:\/\/prefecturadeesmeraldas.gob.ec\/#website\",\"url\":\"https:\/\/prefecturadeesmeraldas.gob.ec\/\",\"name\":\"Gobierno Aut\u00f3nomo Descentralizado de la Provincia de Esmeraldas\",\"description\":\"Gobierno Aut\u00f3nomo Descentralizado de la Provincia de Esmeraldas\",\"publisher\":{\"@id\":\"https:\/\/prefecturadeesmeraldas.gob.ec\/#organization\"},\"potentialAction\":[{\"@type\":\"SearchAction\",\"target\":{\"@type\":\"EntryPoint\",\"urlTemplate\":\"https:\/\/prefecturadeesmeraldas.gob.ec\/?s={search_term_string}\"},\"query-input\":{\"@type\":\"PropertyValueSpecification\",\"valueRequired\":true,\"valueName\":\"search_term_string\"}}],\"inLanguage\":\"es\"},{\"@type\":\"Organization\",\"@id\":\"https:\/\/prefecturadeesmeraldas.gob.ec\/#organization\",\"name\":\"Gobierno Aut\u00f3nomo Descentralizado de la Provincia de Esmeraldas\",\"url\":\"https:\/\/prefecturadeesmeraldas.gob.ec\/\",\"logo\":{\"@type\":\"ImageObject\",\"inLanguage\":\"es\",\"@id\":\"https:\/\/prefecturadeesmeraldas.gob.ec\/#\/schema\/logo\/image\/\",\"url\":\"https:\/\/prefecturadeesmeraldas.gob.ec\/wp-content\/uploads\/2019\/06\/logo.png\",\"contentUrl\":\"https:\/\/prefecturadeesmeraldas.gob.ec\/wp-content\/uploads\/2019\/06\/logo.png\",\"width\":859,\"height\":448,\"caption\":\"Gobierno Aut\u00f3nomo Descentralizado de la Provincia de Esmeraldas\"},\"image\":{\"@id\":\"https:\/\/prefecturadeesmeraldas.gob.ec\/#\/schema\/logo\/image\/\"},\"sameAs\":[\"https:\/\/www.facebook.com\/PrefecturaEsmeraldas\/\"]},{\"@type\":\"Person\",\"@id\":\"https:\/\/prefecturadeesmeraldas.gob.ec\/#\/schema\/person\/b0c9e7b1ead7725994d1e319e8825234\",\"name\":\"Direcci\u00f3n de Comunicaci\u00f3n\",\"image\":{\"@type\":\"ImageObject\",\"inLanguage\":\"es\",\"@id\":\"https:\/\/prefecturadeesmeraldas.gob.ec\/#\/schema\/person\/image\/\",\"url\":\"https:\/\/secure.gravatar.com\/avatar\/74a3870a946f5d774ade3569af61a72308e07ad3346f370c4b468ee2a9858658?s=96&d=mm&r=g\",\"contentUrl\":\"https:\/\/secure.gravatar.com\/avatar\/74a3870a946f5d774ade3569af61a72308e07ad3346f370c4b468ee2a9858658?s=96&d=mm&r=g\",\"caption\":\"Direcci\u00f3n de Comunicaci\u00f3n\"}}]}<\/script>\n<!-- \/ Yoast SEO plugin. -->","yoast_head_json":{"title":"Equipo de la Prefectura de Esmeraldas, liderado por la prefecta Roberta Zambrano destac\u00f3 en seminario internacional sobre pol\u00edticas p\u00fablicas - Gobierno Aut\u00f3nomo Descentralizado de la Provincia de Esmeraldas","robots":{"index":"index","follow":"follow","max-snippet":"max-snippet:-1","max-image-preview":"max-image-preview:large","max-video-preview":"max-video-preview:-1"},"canonical":"https:\/\/prefecturadeesmeraldas.gob.ec\/index.php\/2022\/05\/12\/equipo-de-la-prefectura-de-esmeraldas-liderado-por-la-prefecta-roberta-zambrano-destaco-en-seminario-internacional-sobre-politicas-publicas\/","og_locale":"es_ES","og_type":"article","og_title":"Equipo de la Prefectura de Esmeraldas, liderado por la prefecta Roberta Zambrano destac\u00f3 en seminario internacional sobre pol\u00edticas p\u00fablicas - Gobierno Aut\u00f3nomo Descentralizado de la Provincia de Esmeraldas","og_description":"La Prefecta Roberta Zambrano Ortiz, junto al coordinador institucional, C\u00e9sar An\u00edbal Pimentel Concha y el director del equipo de comunicaci\u00f3n Cristhian Cusme Palacios, destacaron en The George Washington University, en el desarrollo del\u00a0 Seminario de Comunicaci\u00f3n Pol\u00edtica con enfoque a la aplicaci\u00f3n de buenas pr\u00e1cticas y pol\u00edticas p\u00fablicas. Nuestro compromiso de ser cada d\u00eda mejores [&hellip;]","og_url":"https:\/\/prefecturadeesmeraldas.gob.ec\/index.php\/2022\/05\/12\/equipo-de-la-prefectura-de-esmeraldas-liderado-por-la-prefecta-roberta-zambrano-destaco-en-seminario-internacional-sobre-politicas-publicas\/","og_site_name":"Gobierno Aut\u00f3nomo Descentralizado de la Provincia de Esmeraldas","article_publisher":"https:\/\/www.facebook.com\/PrefecturaEsmeraldas\/","article_published_time":"2022-05-12T19:05:25+00:00","article_modified_time":"2022-05-12T19:11:15+00:00","og_image":[{"width":410,"height":307,"url":"https:\/\/prefecturadeesmeraldas.gob.ec\/wp-content\/uploads\/2022\/05\/Imagen5-2.jpg","type":"image\/jpeg"}],"author":"Direcci\u00f3n de Comunicaci\u00f3n","twitter_card":"summary_large_image","twitter_misc":{"Escrito por":"Direcci\u00f3n de Comunicaci\u00f3n","Tiempo de lectura":"1 minuto"},"schema":{"@context":"https:\/\/schema.org","@graph":[{"@type":"Article","@id":"https:\/\/prefecturadeesmeraldas.gob.ec\/index.php\/2022\/05\/12\/equipo-de-la-prefectura-de-esmeraldas-liderado-por-la-prefecta-roberta-zambrano-destaco-en-seminario-internacional-sobre-politicas-publicas\/#article","isPartOf":{"@id":"https:\/\/prefecturadeesmeraldas.gob.ec\/index.php\/2022\/05\/12\/equipo-de-la-prefectura-de-esmeraldas-liderado-por-la-prefecta-roberta-zambrano-destaco-en-seminario-internacional-sobre-politicas-publicas\/"},"author":{"name":"Direcci\u00f3n de Comunicaci\u00f3n","@id":"https:\/\/prefecturadeesmeraldas.gob.ec\/#\/schema\/person\/b0c9e7b1ead7725994d1e319e8825234"},"headline":"Equipo de la Prefectura de Esmeraldas, liderado por la prefecta Roberta Zambrano destac\u00f3 en seminario internacional sobre pol\u00edticas p\u00fablicas","datePublished":"2022-05-12T19:05:25+00:00","dateModified":"2022-05-12T19:11:15+00:00","mainEntityOfPage":{"@id":"https:\/\/prefecturadeesmeraldas.gob.ec\/index.php\/2022\/05\/12\/equipo-de-la-prefectura-de-esmeraldas-liderado-por-la-prefecta-roberta-zambrano-destaco-en-seminario-internacional-sobre-politicas-publicas\/"},"wordCount":195,"publisher":{"@id":"https:\/\/prefecturadeesmeraldas.gob.ec\/#organization"},"image":{"@id":"https:\/\/prefecturadeesmeraldas.gob.ec\/index.php\/2022\/05\/12\/equipo-de-la-prefectura-de-esmeraldas-liderado-por-la-prefecta-roberta-zambrano-destaco-en-seminario-internacional-sobre-politicas-publicas\/#primaryimage"},"thumbnailUrl":"https:\/\/prefecturadeesmeraldas.gob.ec\/wp-content\/uploads\/2022\/05\/Imagen5-2.jpg","articleSection":["Cooperaci\u00f3n Internacional"],"inLanguage":"es"},{"@type":"WebPage","@id":"https:\/\/prefecturadeesmeraldas.gob.ec\/index.php\/2022\/05\/12\/equipo-de-la-prefectura-de-esmeraldas-liderado-por-la-prefecta-roberta-zambrano-destaco-en-seminario-internacional-sobre-politicas-publicas\/","url":"https:\/\/prefecturadeesmeraldas.gob.ec\/index.php\/2022\/05\/12\/equipo-de-la-prefectura-de-esmeraldas-liderado-por-la-prefecta-roberta-zambrano-destaco-en-seminario-internacional-sobre-politicas-publicas\/","name":"Equipo de la Prefectura de Esmeraldas, liderado por la prefecta Roberta Zambrano destac\u00f3 en seminario internacional sobre pol\u00edticas p\u00fablicas - Gobierno Aut\u00f3nomo Descentralizado de la Provincia de Esmeraldas","isPartOf":{"@id":"https:\/\/prefecturadeesmeraldas.gob.ec\/#website"},"primaryImageOfPage":{"@id":"https:\/\/prefecturadeesmeraldas.gob.ec\/index.php\/2022\/05\/12\/equipo-de-la-prefectura-de-esmeraldas-liderado-por-la-prefecta-roberta-zambrano-destaco-en-seminario-internacional-sobre-politicas-publicas\/#primaryimage"},"image":{"@id":"https:\/\/prefecturadeesmeraldas.gob.ec\/index.php\/2022\/05\/12\/equipo-de-la-prefectura-de-esmeraldas-liderado-por-la-prefecta-roberta-zambrano-destaco-en-seminario-internacional-sobre-politicas-publicas\/#primaryimage"},"thumbnailUrl":"https:\/\/prefecturadeesmeraldas.gob.ec\/wp-content\/uploads\/2022\/05\/Imagen5-2.jpg","datePublished":"2022-05-12T19:05:25+00:00","dateModified":"2022-05-12T19:11:15+00:00","breadcrumb":{"@id":"https:\/\/prefecturadeesmeraldas.gob.ec\/index.php\/2022\/05\/12\/equipo-de-la-prefectura-de-esmeraldas-liderado-por-la-prefecta-roberta-zambrano-destaco-en-seminario-internacional-sobre-politicas-publicas\/#breadcrumb"},"inLanguage":"es","potentialAction":[{"@type":"ReadAction","target":["https:\/\/prefecturadeesmeraldas.gob.ec\/index.php\/2022\/05\/12\/equipo-de-la-prefectura-de-esmeraldas-liderado-por-la-prefecta-roberta-zambrano-destaco-en-seminario-internacional-sobre-politicas-publicas\/"]}]},{"@type":"ImageObject","inLanguage":"es","@id":"https:\/\/prefecturadeesmeraldas.gob.ec\/index.php\/2022\/05\/12\/equipo-de-la-prefectura-de-esmeraldas-liderado-por-la-prefecta-roberta-zambrano-destaco-en-seminario-internacional-sobre-politicas-publicas\/#primaryimage","url":"https:\/\/prefecturadeesmeraldas.gob.ec\/wp-content\/uploads\/2022\/05\/Imagen5-2.jpg","contentUrl":"https:\/\/prefecturadeesmeraldas.gob.ec\/wp-content\/uploads\/2022\/05\/Imagen5-2.jpg","width":410,"height":307},{"@type":"BreadcrumbList","@id":"https:\/\/prefecturadeesmeraldas.gob.ec\/index.php\/2022\/05\/12\/equipo-de-la-prefectura-de-esmeraldas-liderado-por-la-prefecta-roberta-zambrano-destaco-en-seminario-internacional-sobre-politicas-publicas\/#breadcrumb","itemListElement":[{"@type":"ListItem","position":1,"name":"Home","item":"https:\/\/prefecturadeesmeraldas.gob.ec\/"},{"@type":"ListItem","position":2,"name":"Equipo de la Prefectura de Esmeraldas, liderado por la prefecta Roberta Zambrano destac\u00f3 en seminario internacional sobre pol\u00edticas p\u00fablicas"}]},{"@type":"WebSite","@id":"https:\/\/prefecturadeesmeraldas.gob.ec\/#website","url":"https:\/\/prefecturadeesmeraldas.gob.ec\/","name":"Gobierno Aut\u00f3nomo Descentralizado de la Provincia de Esmeraldas","description":"Gobierno Aut\u00f3nomo Descentralizado de la Provincia de Esmeraldas","publisher":{"@id":"https:\/\/prefecturadeesmeraldas.gob.ec\/#organization"},"potentialAction":[{"@type":"SearchAction","target":{"@type":"EntryPoint","urlTemplate":"https:\/\/prefecturadeesmeraldas.gob.ec\/?s={search_term_string}"},"query-input":{"@type":"PropertyValueSpecification","valueRequired":true,"valueName":"search_term_string"}}],"inLanguage":"es"},{"@type":"Organization","@id":"https:\/\/prefecturadeesmeraldas.gob.ec\/#organization","name":"Gobierno Aut\u00f3nomo Descentralizado de la Provincia de Esmeraldas","url":"https:\/\/prefecturadeesmeraldas.gob.ec\/","logo":{"@type":"ImageObject","inLanguage":"es","@id":"https:\/\/prefecturadeesmeraldas.gob.ec\/#\/schema\/logo\/image\/","url":"https:\/\/prefecturadeesmeraldas.gob.ec\/wp-content\/uploads\/2019\/06\/logo.png","contentUrl":"https:\/\/prefecturadeesmeraldas.gob.ec\/wp-content\/uploads\/2019\/06\/logo.png","width":859,"height":448,"caption":"Gobierno Aut\u00f3nomo Descentralizado de la Provincia de Esmeraldas"},"image":{"@id":"https:\/\/prefecturadeesmeraldas.gob.ec\/#\/schema\/logo\/image\/"},"sameAs":["https:\/\/www.facebook.com\/PrefecturaEsmeraldas\/"]},{"@type":"Person","@id":"https:\/\/prefecturadeesmeraldas.gob.ec\/#\/schema\/person\/b0c9e7b1ead7725994d1e319e8825234","name":"Direcci\u00f3n de Comunicaci\u00f3n","image":{"@type":"ImageObject","inLanguage":"es","@id":"https:\/\/prefecturadeesmeraldas.gob.ec\/#\/schema\/person\/image\/","url":"https:\/\/secure.gravatar.com\/avatar\/74a3870a946f5d774ade3569af61a72308e07ad3346f370c4b468ee2a9858658?s=96&d=mm&r=g","contentUrl":"https:\/\/secure.gravatar.com\/avatar\/74a3870a946f5d774ade3569af61a72308e07ad3346f370c4b468ee2a9858658?s=96&d=mm&r=g","caption":"Direcci\u00f3n de Comunicaci\u00f3n"}}]}},"_links":{"self":[{"href":"https:\/\/prefecturadeesmeraldas.gob.ec\/index.php\/wp-json\/wp\/v2\/posts\/16177","targetHints":{"allow":["GET"]}}],"collection":[{"href":"https:\/\/prefecturadeesmeraldas.gob.ec\/index.php\/wp-json\/wp\/v2\/posts"}],"about":[{"href":"https:\/\/prefecturadeesmeraldas.gob.ec\/index.php\/wp-json\/wp\/v2\/types\/post"}],"author":[{"embeddable":true,"href":"https:\/\/prefecturadeesmeraldas.gob.ec\/index.php\/wp-json\/wp\/v2\/users\/2"}],"replies":[{"embeddable":true,"href":"https:\/\/prefecturadeesmeraldas.gob.ec\/index.php\/wp-json\/wp\/v2\/comments?post=16177"}],"version-history":[{"count":0,"href":"https:\/\/prefecturadeesmeraldas.gob.ec\/index.php\/wp-json\/wp\/v2\/posts\/16177\/revisions"}],"wp:featuredmedia":[{"embeddable":true,"href":"https:\/\/prefecturadeesmeraldas.gob.ec\/index.php\/wp-json\/wp\/v2\/media\/16178"}],"wp:attachment":[{"href":"https:\/\/prefecturadeesmeraldas.gob.ec\/index.php\/wp-json\/wp\/v2\/media?parent=16177"}],"wp:term":[{"taxonomy":"category","embeddable":true,"href":"https:\/\/prefecturadeesmeraldas.gob.ec\/index.php\/wp-json\/wp\/v2\/categories?post=16177"},{"taxonomy":"post_tag","embeddable":true,"href":"https:\/\/prefecturadeesmeraldas.gob.ec\/index.php\/wp-json\/wp\/v2\/tags?post=16177"}],"curies":[{"name":"wp","href":"https:\/\/api.w.org\/{rel}","templated":true}]}}