{"id":16164,"date":"2022-05-12T09:18:18","date_gmt":"2022-05-12T14:18:18","guid":{"rendered":"https:\/\/prefecturadeesmeraldas.gob.ec\/?p=16164"},"modified":"2022-05-12T09:18:47","modified_gmt":"2022-05-12T14:18:47","slug":"prefectura-de-esmeraldas-siembra-conocimientos-en-agricultores-de-san-vicente-del-canton-rioverde","status":"publish","type":"post","link":"https:\/\/prefecturadeesmeraldas.gob.ec\/index.php\/2022\/05\/12\/prefectura-de-esmeraldas-siembra-conocimientos-en-agricultores-de-san-vicente-del-canton-rioverde\/","title":{"rendered":"Prefectura de Esmeraldas siembra conocimientos en agricultores de San Vicente del cant\u00f3n Rioverde"},"content":{"rendered":"\t\t<div data-elementor-type=\"wp-post\" data-elementor-id=\"16164\" class=\"elementor elementor-16164\">\n\t\t\t\t\t\t<section class=\"elementor-section elementor-top-section elementor-element elementor-element-5130ae7 elementor-section-boxed elementor-section-height-default elementor-section-height-default\" data-id=\"5130ae7\" data-element_type=\"section\">\n\t\t\t\t\t\t<div class=\"elementor-container elementor-column-gap-default\">\n\t\t\t\t\t<div class=\"elementor-column elementor-col-100 elementor-top-column elementor-element elementor-element-2b90795\" data-id=\"2b90795\" data-element_type=\"column\">\n\t\t\t<div class=\"elementor-widget-wrap elementor-element-populated\">\n\t\t\t\t\t\t<div class=\"elementor-element elementor-element-e070bf3 elementor-widget elementor-widget-image\" data-id=\"e070bf3\" data-element_type=\"widget\" data-widget_type=\"image.default\">\n\t\t\t\t<div class=\"elementor-widget-container\">\n\t\t\t\t\t\t\t\t\t\t\t\t\t\t\t<img fetchpriority=\"high\" decoding=\"async\" width=\"448\" height=\"448\" src=\"https:\/\/prefecturadeesmeraldas.gob.ec\/wp-content\/uploads\/2022\/05\/Imagen2-2.jpg\" class=\"attachment-large size-large wp-image-16165\" alt=\"\" srcset=\"https:\/\/prefecturadeesmeraldas.gob.ec\/wp-content\/uploads\/2022\/05\/Imagen2-2.jpg 448w, https:\/\/prefecturadeesmeraldas.gob.ec\/wp-content\/uploads\/2022\/05\/Imagen2-2-240x240.jpg 240w, https:\/\/prefecturadeesmeraldas.gob.ec\/wp-content\/uploads\/2022\/05\/Imagen2-2-150x150.jpg 150w, https:\/\/prefecturadeesmeraldas.gob.ec\/wp-content\/uploads\/2022\/05\/Imagen2-2-300x300.jpg 300w\" sizes=\"(max-width: 448px) 100vw, 448px\" \/>\t\t\t\t\t\t\t\t\t\t\t\t\t\t\t<\/div>\n\t\t\t\t<\/div>\n\t\t\t\t\t<\/div>\n\t\t<\/div>\n\t\t\t\t\t<\/div>\n\t\t<\/section>\n\t\t\t\t<section class=\"elementor-section elementor-top-section elementor-element elementor-element-ea44ae5 elementor-section-boxed elementor-section-height-default elementor-section-height-default\" data-id=\"ea44ae5\" data-element_type=\"section\">\n\t\t\t\t\t\t<div class=\"elementor-container elementor-column-gap-default\">\n\t\t\t\t\t<div class=\"elementor-column elementor-col-100 elementor-top-column elementor-element elementor-element-eea513d\" data-id=\"eea513d\" data-element_type=\"column\">\n\t\t\t<div class=\"elementor-widget-wrap elementor-element-populated\">\n\t\t\t\t\t\t<div class=\"elementor-element elementor-element-db3fd9e elementor-widget elementor-widget-text-editor\" data-id=\"db3fd9e\" data-element_type=\"widget\" data-widget_type=\"text-editor.default\">\n\t\t\t\t<div class=\"elementor-widget-container\">\n\t\t\t\t\t\t\t\t\t<p>Se inaugur\u00f3 una nueva Escuela de Campo, por parte de t\u00e9cnicos de la direcci\u00f3n de Fomento y Desarrollo Productivo especialistas en buenas pr\u00e1cticas para el cultivo de cacao, orientado en favorecer agricultores del recinto San Vicente, del cant\u00f3n Rioverde, norte de la provincia de Esmeraldas.<\/p><p>En medio de un ambiente de cordialidad, m\u00e1s de <strong>30 agricultores<\/strong> fueron capacitados en temas como la preparaci\u00f3n del terreno, baliza, trasplante y fertilizaci\u00f3n, as\u00ed como el control fitosanitario. <strong>Jorge Estupi\u00f1\u00e1n Zambrano<\/strong>, Uno de los agricultores beneficiados, agradeci\u00f3 la entrega de conocimientos, para la mejora de sus cultivos.<\/p><p>Acompa\u00f1ando las jornadas de capacitaciones en articulaci\u00f3n con la Prefectura de Esmeraldas, <strong>Elvis Mendoza<\/strong>, concejal del cant\u00f3n Rioverde, dijo ver con gran aprecio como se busca mejorar las condiciones de productividad de los agricultores, entregando incentivos como plantas de cacao, sumado al mejoramiento de la v\u00eda Palestina \u2013 Chontaduro.<\/p><p><strong>Carlos Bastidas<\/strong>, t\u00e9cnico de la Direcci\u00f3n de Fomento y Desarrollo Productivo de la Prefectura de Esmeraldas, explic\u00f3 que, ser\u00e1n varias jornadas de capacitaci\u00f3n las que se realizar\u00e1n y que producto de la asistencia a cada jornada, los agricultores ser\u00e1n beneficiados con plantas de calidad.<\/p><p>Dentro de esta jornada de capacitaci\u00f3n, otras tem\u00e1ticas fueron abordadas, como la <strong>renovaci\u00f3n de las directivas de las asociaciones y las proyecciones para producir mayores vol\u00famenes con una mejor calidad<\/strong>, para as\u00ed obtener mejores precios en base a la competitividad.\u00a0<\/p>\t\t\t\t\t\t\t\t<\/div>\n\t\t\t\t<\/div>\n\t\t\t\t\t<\/div>\n\t\t<\/div>\n\t\t\t\t\t<\/div>\n\t\t<\/section>\n\t\t\t\t<\/div>\n\t\t","protected":false},"excerpt":{"rendered":"<p>Se inaugur\u00f3 una nueva Escuela de Campo, por parte de t\u00e9cnicos de la direcci\u00f3n de Fomento y Desarrollo Productivo especialistas en buenas pr\u00e1cticas para el cultivo de cacao, orientado en favorecer agricultores del recinto San Vicente, del cant\u00f3n Rioverde, norte de la provincia de Esmeraldas. En medio de un ambiente de cordialidad, m\u00e1s de 30 [&hellip;]<\/p>\n","protected":false},"author":2,"featured_media":16165,"comment_status":"closed","ping_status":"open","sticky":false,"template":"","format":"standard","meta":{"footnotes":""},"categories":[12],"tags":[],"class_list":["post-16164","post","type-post","status-publish","format-standard","has-post-thumbnail","hentry","category-fomento_productivo_2019"],"yoast_head":"<!-- This site is optimized with the Yoast SEO plugin v25.7 - https:\/\/yoast.com\/wordpress\/plugins\/seo\/ -->\n<title>Prefectura de Esmeraldas siembra conocimientos en agricultores de San Vicente del cant\u00f3n Rioverde - Gobierno Aut\u00f3nomo Descentralizado de la Provincia de Esmeraldas<\/title>\n<meta name=\"robots\" content=\"index, follow, max-snippet:-1, max-image-preview:large, max-video-preview:-1\" \/>\n<link rel=\"canonical\" href=\"https:\/\/prefecturadeesmeraldas.gob.ec\/index.php\/2022\/05\/12\/prefectura-de-esmeraldas-siembra-conocimientos-en-agricultores-de-san-vicente-del-canton-rioverde\/\" \/>\n<meta property=\"og:locale\" content=\"es_ES\" \/>\n<meta property=\"og:type\" content=\"article\" \/>\n<meta property=\"og:title\" content=\"Prefectura de Esmeraldas siembra conocimientos en agricultores de San Vicente del cant\u00f3n Rioverde - Gobierno Aut\u00f3nomo Descentralizado de la Provincia de Esmeraldas\" \/>\n<meta property=\"og:description\" content=\"Se inaugur\u00f3 una nueva Escuela de Campo, por parte de t\u00e9cnicos de la direcci\u00f3n de Fomento y Desarrollo Productivo especialistas en buenas pr\u00e1cticas para el cultivo de cacao, orientado en favorecer agricultores del recinto San Vicente, del cant\u00f3n Rioverde, norte de la provincia de Esmeraldas. En medio de un ambiente de cordialidad, m\u00e1s de 30 [&hellip;]\" \/>\n<meta property=\"og:url\" content=\"https:\/\/prefecturadeesmeraldas.gob.ec\/index.php\/2022\/05\/12\/prefectura-de-esmeraldas-siembra-conocimientos-en-agricultores-de-san-vicente-del-canton-rioverde\/\" \/>\n<meta property=\"og:site_name\" content=\"Gobierno Aut\u00f3nomo Descentralizado de la Provincia de Esmeraldas\" \/>\n<meta property=\"article:publisher\" content=\"https:\/\/www.facebook.com\/PrefecturaEsmeraldas\/\" \/>\n<meta property=\"article:published_time\" content=\"2022-05-12T14:18:18+00:00\" \/>\n<meta property=\"article:modified_time\" content=\"2022-05-12T14:18:47+00:00\" \/>\n<meta property=\"og:image\" content=\"https:\/\/prefecturadeesmeraldas.gob.ec\/wp-content\/uploads\/2022\/05\/Imagen2-2.jpg\" \/>\n\t<meta property=\"og:image:width\" content=\"448\" \/>\n\t<meta property=\"og:image:height\" content=\"448\" \/>\n\t<meta property=\"og:image:type\" content=\"image\/jpeg\" \/>\n<meta name=\"author\" content=\"Direcci\u00f3n de Comunicaci\u00f3n\" \/>\n<meta name=\"twitter:card\" content=\"summary_large_image\" \/>\n<meta name=\"twitter:label1\" content=\"Escrito por\" \/>\n\t<meta name=\"twitter:data1\" content=\"Direcci\u00f3n de Comunicaci\u00f3n\" \/>\n\t<meta name=\"twitter:label2\" content=\"Tiempo de lectura\" \/>\n\t<meta name=\"twitter:data2\" content=\"1 minuto\" \/>\n<script type=\"application\/ld+json\" class=\"yoast-schema-graph\">{\"@context\":\"https:\/\/schema.org\",\"@graph\":[{\"@type\":\"Article\",\"@id\":\"https:\/\/prefecturadeesmeraldas.gob.ec\/index.php\/2022\/05\/12\/prefectura-de-esmeraldas-siembra-conocimientos-en-agricultores-de-san-vicente-del-canton-rioverde\/#article\",\"isPartOf\":{\"@id\":\"https:\/\/prefecturadeesmeraldas.gob.ec\/index.php\/2022\/05\/12\/prefectura-de-esmeraldas-siembra-conocimientos-en-agricultores-de-san-vicente-del-canton-rioverde\/\"},\"author\":{\"name\":\"Direcci\u00f3n de Comunicaci\u00f3n\",\"@id\":\"https:\/\/prefecturadeesmeraldas.gob.ec\/#\/schema\/person\/b0c9e7b1ead7725994d1e319e8825234\"},\"headline\":\"Prefectura de Esmeraldas siembra conocimientos en agricultores de San Vicente del cant\u00f3n Rioverde\",\"datePublished\":\"2022-05-12T14:18:18+00:00\",\"dateModified\":\"2022-05-12T14:18:47+00:00\",\"mainEntityOfPage\":{\"@id\":\"https:\/\/prefecturadeesmeraldas.gob.ec\/index.php\/2022\/05\/12\/prefectura-de-esmeraldas-siembra-conocimientos-en-agricultores-de-san-vicente-del-canton-rioverde\/\"},\"wordCount\":260,\"publisher\":{\"@id\":\"https:\/\/prefecturadeesmeraldas.gob.ec\/#organization\"},\"image\":{\"@id\":\"https:\/\/prefecturadeesmeraldas.gob.ec\/index.php\/2022\/05\/12\/prefectura-de-esmeraldas-siembra-conocimientos-en-agricultores-de-san-vicente-del-canton-rioverde\/#primaryimage\"},\"thumbnailUrl\":\"https:\/\/prefecturadeesmeraldas.gob.ec\/wp-content\/uploads\/2022\/05\/Imagen2-2.jpg\",\"articleSection\":[\"Fomento Productivo\"],\"inLanguage\":\"es\"},{\"@type\":\"WebPage\",\"@id\":\"https:\/\/prefecturadeesmeraldas.gob.ec\/index.php\/2022\/05\/12\/prefectura-de-esmeraldas-siembra-conocimientos-en-agricultores-de-san-vicente-del-canton-rioverde\/\",\"url\":\"https:\/\/prefecturadeesmeraldas.gob.ec\/index.php\/2022\/05\/12\/prefectura-de-esmeraldas-siembra-conocimientos-en-agricultores-de-san-vicente-del-canton-rioverde\/\",\"name\":\"Prefectura de Esmeraldas siembra conocimientos en agricultores de San Vicente del cant\u00f3n Rioverde - Gobierno Aut\u00f3nomo Descentralizado de la Provincia de Esmeraldas\",\"isPartOf\":{\"@id\":\"https:\/\/prefecturadeesmeraldas.gob.ec\/#website\"},\"primaryImageOfPage\":{\"@id\":\"https:\/\/prefecturadeesmeraldas.gob.ec\/index.php\/2022\/05\/12\/prefectura-de-esmeraldas-siembra-conocimientos-en-agricultores-de-san-vicente-del-canton-rioverde\/#primaryimage\"},\"image\":{\"@id\":\"https:\/\/prefecturadeesmeraldas.gob.ec\/index.php\/2022\/05\/12\/prefectura-de-esmeraldas-siembra-conocimientos-en-agricultores-de-san-vicente-del-canton-rioverde\/#primaryimage\"},\"thumbnailUrl\":\"https:\/\/prefecturadeesmeraldas.gob.ec\/wp-content\/uploads\/2022\/05\/Imagen2-2.jpg\",\"datePublished\":\"2022-05-12T14:18:18+00:00\",\"dateModified\":\"2022-05-12T14:18:47+00:00\",\"breadcrumb\":{\"@id\":\"https:\/\/prefecturadeesmeraldas.gob.ec\/index.php\/2022\/05\/12\/prefectura-de-esmeraldas-siembra-conocimientos-en-agricultores-de-san-vicente-del-canton-rioverde\/#breadcrumb\"},\"inLanguage\":\"es\",\"potentialAction\":[{\"@type\":\"ReadAction\",\"target\":[\"https:\/\/prefecturadeesmeraldas.gob.ec\/index.php\/2022\/05\/12\/prefectura-de-esmeraldas-siembra-conocimientos-en-agricultores-de-san-vicente-del-canton-rioverde\/\"]}]},{\"@type\":\"ImageObject\",\"inLanguage\":\"es\",\"@id\":\"https:\/\/prefecturadeesmeraldas.gob.ec\/index.php\/2022\/05\/12\/prefectura-de-esmeraldas-siembra-conocimientos-en-agricultores-de-san-vicente-del-canton-rioverde\/#primaryimage\",\"url\":\"https:\/\/prefecturadeesmeraldas.gob.ec\/wp-content\/uploads\/2022\/05\/Imagen2-2.jpg\",\"contentUrl\":\"https:\/\/prefecturadeesmeraldas.gob.ec\/wp-content\/uploads\/2022\/05\/Imagen2-2.jpg\",\"width\":448,\"height\":448},{\"@type\":\"BreadcrumbList\",\"@id\":\"https:\/\/prefecturadeesmeraldas.gob.ec\/index.php\/2022\/05\/12\/prefectura-de-esmeraldas-siembra-conocimientos-en-agricultores-de-san-vicente-del-canton-rioverde\/#breadcrumb\",\"itemListElement\":[{\"@type\":\"ListItem\",\"position\":1,\"name\":\"Home\",\"item\":\"https:\/\/prefecturadeesmeraldas.gob.ec\/\"},{\"@type\":\"ListItem\",\"position\":2,\"name\":\"Prefectura de Esmeraldas siembra conocimientos en agricultores de San Vicente del cant\u00f3n Rioverde\"}]},{\"@type\":\"WebSite\",\"@id\":\"https:\/\/prefecturadeesmeraldas.gob.ec\/#website\",\"url\":\"https:\/\/prefecturadeesmeraldas.gob.ec\/\",\"name\":\"Gobierno Aut\u00f3nomo Descentralizado de la Provincia de Esmeraldas\",\"description\":\"Gobierno Aut\u00f3nomo Descentralizado de la Provincia de Esmeraldas\",\"publisher\":{\"@id\":\"https:\/\/prefecturadeesmeraldas.gob.ec\/#organization\"},\"potentialAction\":[{\"@type\":\"SearchAction\",\"target\":{\"@type\":\"EntryPoint\",\"urlTemplate\":\"https:\/\/prefecturadeesmeraldas.gob.ec\/?s={search_term_string}\"},\"query-input\":{\"@type\":\"PropertyValueSpecification\",\"valueRequired\":true,\"valueName\":\"search_term_string\"}}],\"inLanguage\":\"es\"},{\"@type\":\"Organization\",\"@id\":\"https:\/\/prefecturadeesmeraldas.gob.ec\/#organization\",\"name\":\"Gobierno Aut\u00f3nomo Descentralizado de la Provincia de Esmeraldas\",\"url\":\"https:\/\/prefecturadeesmeraldas.gob.ec\/\",\"logo\":{\"@type\":\"ImageObject\",\"inLanguage\":\"es\",\"@id\":\"https:\/\/prefecturadeesmeraldas.gob.ec\/#\/schema\/logo\/image\/\",\"url\":\"https:\/\/prefecturadeesmeraldas.gob.ec\/wp-content\/uploads\/2019\/06\/logo.png\",\"contentUrl\":\"https:\/\/prefecturadeesmeraldas.gob.ec\/wp-content\/uploads\/2019\/06\/logo.png\",\"width\":859,\"height\":448,\"caption\":\"Gobierno Aut\u00f3nomo Descentralizado de la Provincia de Esmeraldas\"},\"image\":{\"@id\":\"https:\/\/prefecturadeesmeraldas.gob.ec\/#\/schema\/logo\/image\/\"},\"sameAs\":[\"https:\/\/www.facebook.com\/PrefecturaEsmeraldas\/\"]},{\"@type\":\"Person\",\"@id\":\"https:\/\/prefecturadeesmeraldas.gob.ec\/#\/schema\/person\/b0c9e7b1ead7725994d1e319e8825234\",\"name\":\"Direcci\u00f3n de Comunicaci\u00f3n\",\"image\":{\"@type\":\"ImageObject\",\"inLanguage\":\"es\",\"@id\":\"https:\/\/prefecturadeesmeraldas.gob.ec\/#\/schema\/person\/image\/\",\"url\":\"https:\/\/secure.gravatar.com\/avatar\/74a3870a946f5d774ade3569af61a72308e07ad3346f370c4b468ee2a9858658?s=96&d=mm&r=g\",\"contentUrl\":\"https:\/\/secure.gravatar.com\/avatar\/74a3870a946f5d774ade3569af61a72308e07ad3346f370c4b468ee2a9858658?s=96&d=mm&r=g\",\"caption\":\"Direcci\u00f3n de Comunicaci\u00f3n\"}}]}<\/script>\n<!-- \/ Yoast SEO plugin. -->","yoast_head_json":{"title":"Prefectura de Esmeraldas siembra conocimientos en agricultores de San Vicente del cant\u00f3n Rioverde - Gobierno Aut\u00f3nomo Descentralizado de la Provincia de Esmeraldas","robots":{"index":"index","follow":"follow","max-snippet":"max-snippet:-1","max-image-preview":"max-image-preview:large","max-video-preview":"max-video-preview:-1"},"canonical":"https:\/\/prefecturadeesmeraldas.gob.ec\/index.php\/2022\/05\/12\/prefectura-de-esmeraldas-siembra-conocimientos-en-agricultores-de-san-vicente-del-canton-rioverde\/","og_locale":"es_ES","og_type":"article","og_title":"Prefectura de Esmeraldas siembra conocimientos en agricultores de San Vicente del cant\u00f3n Rioverde - Gobierno Aut\u00f3nomo Descentralizado de la Provincia de Esmeraldas","og_description":"Se inaugur\u00f3 una nueva Escuela de Campo, por parte de t\u00e9cnicos de la direcci\u00f3n de Fomento y Desarrollo Productivo especialistas en buenas pr\u00e1cticas para el cultivo de cacao, orientado en favorecer agricultores del recinto San Vicente, del cant\u00f3n Rioverde, norte de la provincia de Esmeraldas. En medio de un ambiente de cordialidad, m\u00e1s de 30 [&hellip;]","og_url":"https:\/\/prefecturadeesmeraldas.gob.ec\/index.php\/2022\/05\/12\/prefectura-de-esmeraldas-siembra-conocimientos-en-agricultores-de-san-vicente-del-canton-rioverde\/","og_site_name":"Gobierno Aut\u00f3nomo Descentralizado de la Provincia de Esmeraldas","article_publisher":"https:\/\/www.facebook.com\/PrefecturaEsmeraldas\/","article_published_time":"2022-05-12T14:18:18+00:00","article_modified_time":"2022-05-12T14:18:47+00:00","og_image":[{"width":448,"height":448,"url":"https:\/\/prefecturadeesmeraldas.gob.ec\/wp-content\/uploads\/2022\/05\/Imagen2-2.jpg","type":"image\/jpeg"}],"author":"Direcci\u00f3n de Comunicaci\u00f3n","twitter_card":"summary_large_image","twitter_misc":{"Escrito por":"Direcci\u00f3n de Comunicaci\u00f3n","Tiempo de lectura":"1 minuto"},"schema":{"@context":"https:\/\/schema.org","@graph":[{"@type":"Article","@id":"https:\/\/prefecturadeesmeraldas.gob.ec\/index.php\/2022\/05\/12\/prefectura-de-esmeraldas-siembra-conocimientos-en-agricultores-de-san-vicente-del-canton-rioverde\/#article","isPartOf":{"@id":"https:\/\/prefecturadeesmeraldas.gob.ec\/index.php\/2022\/05\/12\/prefectura-de-esmeraldas-siembra-conocimientos-en-agricultores-de-san-vicente-del-canton-rioverde\/"},"author":{"name":"Direcci\u00f3n de Comunicaci\u00f3n","@id":"https:\/\/prefecturadeesmeraldas.gob.ec\/#\/schema\/person\/b0c9e7b1ead7725994d1e319e8825234"},"headline":"Prefectura de Esmeraldas siembra conocimientos en agricultores de San Vicente del cant\u00f3n Rioverde","datePublished":"2022-05-12T14:18:18+00:00","dateModified":"2022-05-12T14:18:47+00:00","mainEntityOfPage":{"@id":"https:\/\/prefecturadeesmeraldas.gob.ec\/index.php\/2022\/05\/12\/prefectura-de-esmeraldas-siembra-conocimientos-en-agricultores-de-san-vicente-del-canton-rioverde\/"},"wordCount":260,"publisher":{"@id":"https:\/\/prefecturadeesmeraldas.gob.ec\/#organization"},"image":{"@id":"https:\/\/prefecturadeesmeraldas.gob.ec\/index.php\/2022\/05\/12\/prefectura-de-esmeraldas-siembra-conocimientos-en-agricultores-de-san-vicente-del-canton-rioverde\/#primaryimage"},"thumbnailUrl":"https:\/\/prefecturadeesmeraldas.gob.ec\/wp-content\/uploads\/2022\/05\/Imagen2-2.jpg","articleSection":["Fomento Productivo"],"inLanguage":"es"},{"@type":"WebPage","@id":"https:\/\/prefecturadeesmeraldas.gob.ec\/index.php\/2022\/05\/12\/prefectura-de-esmeraldas-siembra-conocimientos-en-agricultores-de-san-vicente-del-canton-rioverde\/","url":"https:\/\/prefecturadeesmeraldas.gob.ec\/index.php\/2022\/05\/12\/prefectura-de-esmeraldas-siembra-conocimientos-en-agricultores-de-san-vicente-del-canton-rioverde\/","name":"Prefectura de Esmeraldas siembra conocimientos en agricultores de San Vicente del cant\u00f3n Rioverde - Gobierno Aut\u00f3nomo Descentralizado de la Provincia de Esmeraldas","isPartOf":{"@id":"https:\/\/prefecturadeesmeraldas.gob.ec\/#website"},"primaryImageOfPage":{"@id":"https:\/\/prefecturadeesmeraldas.gob.ec\/index.php\/2022\/05\/12\/prefectura-de-esmeraldas-siembra-conocimientos-en-agricultores-de-san-vicente-del-canton-rioverde\/#primaryimage"},"image":{"@id":"https:\/\/prefecturadeesmeraldas.gob.ec\/index.php\/2022\/05\/12\/prefectura-de-esmeraldas-siembra-conocimientos-en-agricultores-de-san-vicente-del-canton-rioverde\/#primaryimage"},"thumbnailUrl":"https:\/\/prefecturadeesmeraldas.gob.ec\/wp-content\/uploads\/2022\/05\/Imagen2-2.jpg","datePublished":"2022-05-12T14:18:18+00:00","dateModified":"2022-05-12T14:18:47+00:00","breadcrumb":{"@id":"https:\/\/prefecturadeesmeraldas.gob.ec\/index.php\/2022\/05\/12\/prefectura-de-esmeraldas-siembra-conocimientos-en-agricultores-de-san-vicente-del-canton-rioverde\/#breadcrumb"},"inLanguage":"es","potentialAction":[{"@type":"ReadAction","target":["https:\/\/prefecturadeesmeraldas.gob.ec\/index.php\/2022\/05\/12\/prefectura-de-esmeraldas-siembra-conocimientos-en-agricultores-de-san-vicente-del-canton-rioverde\/"]}]},{"@type":"ImageObject","inLanguage":"es","@id":"https:\/\/prefecturadeesmeraldas.gob.ec\/index.php\/2022\/05\/12\/prefectura-de-esmeraldas-siembra-conocimientos-en-agricultores-de-san-vicente-del-canton-rioverde\/#primaryimage","url":"https:\/\/prefecturadeesmeraldas.gob.ec\/wp-content\/uploads\/2022\/05\/Imagen2-2.jpg","contentUrl":"https:\/\/prefecturadeesmeraldas.gob.ec\/wp-content\/uploads\/2022\/05\/Imagen2-2.jpg","width":448,"height":448},{"@type":"BreadcrumbList","@id":"https:\/\/prefecturadeesmeraldas.gob.ec\/index.php\/2022\/05\/12\/prefectura-de-esmeraldas-siembra-conocimientos-en-agricultores-de-san-vicente-del-canton-rioverde\/#breadcrumb","itemListElement":[{"@type":"ListItem","position":1,"name":"Home","item":"https:\/\/prefecturadeesmeraldas.gob.ec\/"},{"@type":"ListItem","position":2,"name":"Prefectura de Esmeraldas siembra conocimientos en agricultores de San Vicente del cant\u00f3n Rioverde"}]},{"@type":"WebSite","@id":"https:\/\/prefecturadeesmeraldas.gob.ec\/#website","url":"https:\/\/prefecturadeesmeraldas.gob.ec\/","name":"Gobierno Aut\u00f3nomo Descentralizado de la Provincia de Esmeraldas","description":"Gobierno Aut\u00f3nomo Descentralizado de la Provincia de Esmeraldas","publisher":{"@id":"https:\/\/prefecturadeesmeraldas.gob.ec\/#organization"},"potentialAction":[{"@type":"SearchAction","target":{"@type":"EntryPoint","urlTemplate":"https:\/\/prefecturadeesmeraldas.gob.ec\/?s={search_term_string}"},"query-input":{"@type":"PropertyValueSpecification","valueRequired":true,"valueName":"search_term_string"}}],"inLanguage":"es"},{"@type":"Organization","@id":"https:\/\/prefecturadeesmeraldas.gob.ec\/#organization","name":"Gobierno Aut\u00f3nomo Descentralizado de la Provincia de Esmeraldas","url":"https:\/\/prefecturadeesmeraldas.gob.ec\/","logo":{"@type":"ImageObject","inLanguage":"es","@id":"https:\/\/prefecturadeesmeraldas.gob.ec\/#\/schema\/logo\/image\/","url":"https:\/\/prefecturadeesmeraldas.gob.ec\/wp-content\/uploads\/2019\/06\/logo.png","contentUrl":"https:\/\/prefecturadeesmeraldas.gob.ec\/wp-content\/uploads\/2019\/06\/logo.png","width":859,"height":448,"caption":"Gobierno Aut\u00f3nomo Descentralizado de la Provincia de Esmeraldas"},"image":{"@id":"https:\/\/prefecturadeesmeraldas.gob.ec\/#\/schema\/logo\/image\/"},"sameAs":["https:\/\/www.facebook.com\/PrefecturaEsmeraldas\/"]},{"@type":"Person","@id":"https:\/\/prefecturadeesmeraldas.gob.ec\/#\/schema\/person\/b0c9e7b1ead7725994d1e319e8825234","name":"Direcci\u00f3n de Comunicaci\u00f3n","image":{"@type":"ImageObject","inLanguage":"es","@id":"https:\/\/prefecturadeesmeraldas.gob.ec\/#\/schema\/person\/image\/","url":"https:\/\/secure.gravatar.com\/avatar\/74a3870a946f5d774ade3569af61a72308e07ad3346f370c4b468ee2a9858658?s=96&d=mm&r=g","contentUrl":"https:\/\/secure.gravatar.com\/avatar\/74a3870a946f5d774ade3569af61a72308e07ad3346f370c4b468ee2a9858658?s=96&d=mm&r=g","caption":"Direcci\u00f3n de Comunicaci\u00f3n"}}]}},"_links":{"self":[{"href":"https:\/\/prefecturadeesmeraldas.gob.ec\/index.php\/wp-json\/wp\/v2\/posts\/16164","targetHints":{"allow":["GET"]}}],"collection":[{"href":"https:\/\/prefecturadeesmeraldas.gob.ec\/index.php\/wp-json\/wp\/v2\/posts"}],"about":[{"href":"https:\/\/prefecturadeesmeraldas.gob.ec\/index.php\/wp-json\/wp\/v2\/types\/post"}],"author":[{"embeddable":true,"href":"https:\/\/prefecturadeesmeraldas.gob.ec\/index.php\/wp-json\/wp\/v2\/users\/2"}],"replies":[{"embeddable":true,"href":"https:\/\/prefecturadeesmeraldas.gob.ec\/index.php\/wp-json\/wp\/v2\/comments?post=16164"}],"version-history":[{"count":0,"href":"https:\/\/prefecturadeesmeraldas.gob.ec\/index.php\/wp-json\/wp\/v2\/posts\/16164\/revisions"}],"wp:featuredmedia":[{"embeddable":true,"href":"https:\/\/prefecturadeesmeraldas.gob.ec\/index.php\/wp-json\/wp\/v2\/media\/16165"}],"wp:attachment":[{"href":"https:\/\/prefecturadeesmeraldas.gob.ec\/index.php\/wp-json\/wp\/v2\/media?parent=16164"}],"wp:term":[{"taxonomy":"category","embeddable":true,"href":"https:\/\/prefecturadeesmeraldas.gob.ec\/index.php\/wp-json\/wp\/v2\/categories?post=16164"},{"taxonomy":"post_tag","embeddable":true,"href":"https:\/\/prefecturadeesmeraldas.gob.ec\/index.php\/wp-json\/wp\/v2\/tags?post=16164"}],"curies":[{"name":"wp","href":"https:\/\/api.w.org\/{rel}","templated":true}]}}