{"id":16049,"date":"2022-05-05T13:55:18","date_gmt":"2022-05-05T18:55:18","guid":{"rendered":"https:\/\/prefecturadeesmeraldas.gob.ec\/?p=16049"},"modified":"2022-05-05T13:56:38","modified_gmt":"2022-05-05T18:56:38","slug":"mancomunidad-del-norte-y-prefecta-de-esmeraldas-presentan-plan-estrategico-del-hermanamiento-2020-2024","status":"publish","type":"post","link":"https:\/\/prefecturadeesmeraldas.gob.ec\/index.php\/2022\/05\/05\/mancomunidad-del-norte-y-prefecta-de-esmeraldas-presentan-plan-estrategico-del-hermanamiento-2020-2024\/","title":{"rendered":"Mancomunidad del norte y Prefecta de Esmeraldas presentan \u201cplan estrat\u00e9gico del hermanamiento 2020 \u2013 2024\u201d"},"content":{"rendered":"\t\t<div data-elementor-type=\"wp-post\" data-elementor-id=\"16049\" class=\"elementor elementor-16049\">\n\t\t\t\t\t\t<section class=\"elementor-section elementor-top-section elementor-element elementor-element-44ab307 elementor-section-boxed elementor-section-height-default elementor-section-height-default\" data-id=\"44ab307\" data-element_type=\"section\">\n\t\t\t\t\t\t<div class=\"elementor-container elementor-column-gap-default\">\n\t\t\t\t\t<div class=\"elementor-column elementor-col-100 elementor-top-column elementor-element elementor-element-a274a85\" data-id=\"a274a85\" data-element_type=\"column\">\n\t\t\t<div class=\"elementor-widget-wrap elementor-element-populated\">\n\t\t\t\t\t\t<div class=\"elementor-element elementor-element-4645d54 elementor-widget elementor-widget-image\" data-id=\"4645d54\" data-element_type=\"widget\" data-widget_type=\"image.default\">\n\t\t\t\t<div class=\"elementor-widget-container\">\n\t\t\t\t\t\t\t\t\t\t\t\t\t\t\t<img fetchpriority=\"high\" decoding=\"async\" width=\"481\" height=\"481\" src=\"https:\/\/prefecturadeesmeraldas.gob.ec\/wp-content\/uploads\/2022\/05\/Imagen5.jpg\" class=\"attachment-large size-large wp-image-16050\" alt=\"\" srcset=\"https:\/\/prefecturadeesmeraldas.gob.ec\/wp-content\/uploads\/2022\/05\/Imagen5.jpg 481w, https:\/\/prefecturadeesmeraldas.gob.ec\/wp-content\/uploads\/2022\/05\/Imagen5-240x240.jpg 240w, https:\/\/prefecturadeesmeraldas.gob.ec\/wp-content\/uploads\/2022\/05\/Imagen5-150x150.jpg 150w, https:\/\/prefecturadeesmeraldas.gob.ec\/wp-content\/uploads\/2022\/05\/Imagen5-300x300.jpg 300w\" sizes=\"(max-width: 481px) 100vw, 481px\" \/>\t\t\t\t\t\t\t\t\t\t\t\t\t\t\t<\/div>\n\t\t\t\t<\/div>\n\t\t\t\t\t<\/div>\n\t\t<\/div>\n\t\t\t\t\t<\/div>\n\t\t<\/section>\n\t\t\t\t<section class=\"elementor-section elementor-top-section elementor-element elementor-element-3bf9e31 elementor-section-boxed elementor-section-height-default elementor-section-height-default\" data-id=\"3bf9e31\" data-element_type=\"section\">\n\t\t\t\t\t\t<div class=\"elementor-container elementor-column-gap-default\">\n\t\t\t\t\t<div class=\"elementor-column elementor-col-100 elementor-top-column elementor-element elementor-element-f9762eb\" data-id=\"f9762eb\" data-element_type=\"column\">\n\t\t\t<div class=\"elementor-widget-wrap elementor-element-populated\">\n\t\t\t\t\t\t<div class=\"elementor-element elementor-element-353fd7e elementor-widget elementor-widget-text-editor\" data-id=\"353fd7e\" data-element_type=\"widget\" data-widget_type=\"text-editor.default\">\n\t\t\t\t<div class=\"elementor-widget-container\">\n\t\t\t\t\t\t\t\t\t<p>Con el apoyo de la fundaci\u00f3n <strong>CODESPA<\/strong>, la Mancomunidad del norte del Ecuador bajo la presidencia de la Prefecta <strong>Roberta Zambrano Ortiz<\/strong>, realiz\u00f3 la presentaci\u00f3n del <strong>Plan Estrat\u00e9gico del Hermanamiento 2020 \u2013 2024<\/strong>, como una herramienta fundamental para el <strong>Hermanamiento Colombo &#8211; Ecuatoriano (HCE)<\/strong>, una organizaci\u00f3n de car\u00e1cter binacional, integradora, encaminada a promover el desarrollo de la Zona de Integraci\u00f3n Transfronteriza.<\/p><p>La presentaci\u00f3n y socializaci\u00f3n del proyecto est\u00e1 a cargo de la presidenta y el equipo t\u00e9cnico que conforma la Mancomunidad, exponiendo los puntos focales, frente a los Prefectos y representantes de los Gobiernos Aut\u00f3nomos Descentralizados de las provincias de <strong>Imbabura, Carchi, Sucumb\u00edos y Esmeraldas<\/strong>, adem\u00e1s del representante de la Gobernaci\u00f3n de Putumayo, y del Gobernador de Nari\u00f1o.<\/p><p>Adicionalmente, al evento de socializaci\u00f3n, y en el marco del cumplimiento de la agenda para el desarrollo, previo al evento, se incluy\u00f3 la realizaci\u00f3n de una reuni\u00f3n t\u00e9cnica de trabajo, en aras de fortalecer los ejes multidimensionales, integradores y concertadores, de aquellos actores pol\u00edticos y organizaciones que forman parte de la <strong>Zona de Integraci\u00f3n Fronteriza Ecuador \u2013 Colombia ZIFEC<\/strong>.<\/p>\t\t\t\t\t\t\t\t<\/div>\n\t\t\t\t<\/div>\n\t\t\t\t\t<\/div>\n\t\t<\/div>\n\t\t\t\t\t<\/div>\n\t\t<\/section>\n\t\t\t\t<\/div>\n\t\t","protected":false},"excerpt":{"rendered":"<p>Con el apoyo de la fundaci\u00f3n CODESPA, la Mancomunidad del norte del Ecuador bajo la presidencia de la Prefecta Roberta Zambrano Ortiz, realiz\u00f3 la presentaci\u00f3n del Plan Estrat\u00e9gico del Hermanamiento 2020 \u2013 2024, como una herramienta fundamental para el Hermanamiento Colombo &#8211; Ecuatoriano (HCE), una organizaci\u00f3n de car\u00e1cter binacional, integradora, encaminada a promover el desarrollo [&hellip;]<\/p>\n","protected":false},"author":2,"featured_media":16050,"comment_status":"closed","ping_status":"open","sticky":false,"template":"","format":"standard","meta":{"footnotes":""},"categories":[24],"tags":[],"class_list":["post-16049","post","type-post","status-publish","format-standard","has-post-thumbnail","hentry","category-cooperacion-internacional"],"yoast_head":"<!-- This site is optimized with the Yoast SEO plugin v25.7 - https:\/\/yoast.com\/wordpress\/plugins\/seo\/ -->\n<title>Mancomunidad del norte y Prefecta de Esmeraldas presentan \u201cplan estrat\u00e9gico del hermanamiento 2020 \u2013 2024\u201d - Gobierno Aut\u00f3nomo Descentralizado de la Provincia de Esmeraldas<\/title>\n<meta name=\"robots\" content=\"index, follow, max-snippet:-1, max-image-preview:large, max-video-preview:-1\" \/>\n<link rel=\"canonical\" href=\"https:\/\/prefecturadeesmeraldas.gob.ec\/index.php\/2022\/05\/05\/mancomunidad-del-norte-y-prefecta-de-esmeraldas-presentan-plan-estrategico-del-hermanamiento-2020-2024\/\" \/>\n<meta property=\"og:locale\" content=\"es_ES\" \/>\n<meta property=\"og:type\" content=\"article\" \/>\n<meta property=\"og:title\" content=\"Mancomunidad del norte y Prefecta de Esmeraldas presentan \u201cplan estrat\u00e9gico del hermanamiento 2020 \u2013 2024\u201d - Gobierno Aut\u00f3nomo Descentralizado de la Provincia de Esmeraldas\" \/>\n<meta property=\"og:description\" content=\"Con el apoyo de la fundaci\u00f3n CODESPA, la Mancomunidad del norte del Ecuador bajo la presidencia de la Prefecta Roberta Zambrano Ortiz, realiz\u00f3 la presentaci\u00f3n del Plan Estrat\u00e9gico del Hermanamiento 2020 \u2013 2024, como una herramienta fundamental para el Hermanamiento Colombo &#8211; Ecuatoriano (HCE), una organizaci\u00f3n de car\u00e1cter binacional, integradora, encaminada a promover el desarrollo [&hellip;]\" \/>\n<meta property=\"og:url\" content=\"https:\/\/prefecturadeesmeraldas.gob.ec\/index.php\/2022\/05\/05\/mancomunidad-del-norte-y-prefecta-de-esmeraldas-presentan-plan-estrategico-del-hermanamiento-2020-2024\/\" \/>\n<meta property=\"og:site_name\" content=\"Gobierno Aut\u00f3nomo Descentralizado de la Provincia de Esmeraldas\" \/>\n<meta property=\"article:publisher\" content=\"https:\/\/www.facebook.com\/PrefecturaEsmeraldas\/\" \/>\n<meta property=\"article:published_time\" content=\"2022-05-05T18:55:18+00:00\" \/>\n<meta property=\"article:modified_time\" content=\"2022-05-05T18:56:38+00:00\" \/>\n<meta property=\"og:image\" content=\"https:\/\/prefecturadeesmeraldas.gob.ec\/wp-content\/uploads\/2022\/05\/Imagen5.jpg\" \/>\n\t<meta property=\"og:image:width\" content=\"481\" \/>\n\t<meta property=\"og:image:height\" content=\"481\" \/>\n\t<meta property=\"og:image:type\" content=\"image\/jpeg\" \/>\n<meta name=\"author\" content=\"Direcci\u00f3n de Comunicaci\u00f3n\" \/>\n<meta name=\"twitter:card\" content=\"summary_large_image\" \/>\n<meta name=\"twitter:label1\" content=\"Escrito por\" \/>\n\t<meta name=\"twitter:data1\" content=\"Direcci\u00f3n de Comunicaci\u00f3n\" \/>\n\t<meta name=\"twitter:label2\" content=\"Tiempo de lectura\" \/>\n\t<meta name=\"twitter:data2\" content=\"1 minuto\" \/>\n<script type=\"application\/ld+json\" class=\"yoast-schema-graph\">{\"@context\":\"https:\/\/schema.org\",\"@graph\":[{\"@type\":\"Article\",\"@id\":\"https:\/\/prefecturadeesmeraldas.gob.ec\/index.php\/2022\/05\/05\/mancomunidad-del-norte-y-prefecta-de-esmeraldas-presentan-plan-estrategico-del-hermanamiento-2020-2024\/#article\",\"isPartOf\":{\"@id\":\"https:\/\/prefecturadeesmeraldas.gob.ec\/index.php\/2022\/05\/05\/mancomunidad-del-norte-y-prefecta-de-esmeraldas-presentan-plan-estrategico-del-hermanamiento-2020-2024\/\"},\"author\":{\"name\":\"Direcci\u00f3n de Comunicaci\u00f3n\",\"@id\":\"https:\/\/prefecturadeesmeraldas.gob.ec\/#\/schema\/person\/b0c9e7b1ead7725994d1e319e8825234\"},\"headline\":\"Mancomunidad del norte y Prefecta de Esmeraldas presentan \u201cplan estrat\u00e9gico del hermanamiento 2020 \u2013 2024\u201d\",\"datePublished\":\"2022-05-05T18:55:18+00:00\",\"dateModified\":\"2022-05-05T18:56:38+00:00\",\"mainEntityOfPage\":{\"@id\":\"https:\/\/prefecturadeesmeraldas.gob.ec\/index.php\/2022\/05\/05\/mancomunidad-del-norte-y-prefecta-de-esmeraldas-presentan-plan-estrategico-del-hermanamiento-2020-2024\/\"},\"wordCount\":206,\"publisher\":{\"@id\":\"https:\/\/prefecturadeesmeraldas.gob.ec\/#organization\"},\"image\":{\"@id\":\"https:\/\/prefecturadeesmeraldas.gob.ec\/index.php\/2022\/05\/05\/mancomunidad-del-norte-y-prefecta-de-esmeraldas-presentan-plan-estrategico-del-hermanamiento-2020-2024\/#primaryimage\"},\"thumbnailUrl\":\"https:\/\/prefecturadeesmeraldas.gob.ec\/wp-content\/uploads\/2022\/05\/Imagen5.jpg\",\"articleSection\":[\"Cooperaci\u00f3n Internacional\"],\"inLanguage\":\"es\"},{\"@type\":\"WebPage\",\"@id\":\"https:\/\/prefecturadeesmeraldas.gob.ec\/index.php\/2022\/05\/05\/mancomunidad-del-norte-y-prefecta-de-esmeraldas-presentan-plan-estrategico-del-hermanamiento-2020-2024\/\",\"url\":\"https:\/\/prefecturadeesmeraldas.gob.ec\/index.php\/2022\/05\/05\/mancomunidad-del-norte-y-prefecta-de-esmeraldas-presentan-plan-estrategico-del-hermanamiento-2020-2024\/\",\"name\":\"Mancomunidad del norte y Prefecta de Esmeraldas presentan \u201cplan estrat\u00e9gico del hermanamiento 2020 \u2013 2024\u201d - Gobierno Aut\u00f3nomo Descentralizado de la Provincia de Esmeraldas\",\"isPartOf\":{\"@id\":\"https:\/\/prefecturadeesmeraldas.gob.ec\/#website\"},\"primaryImageOfPage\":{\"@id\":\"https:\/\/prefecturadeesmeraldas.gob.ec\/index.php\/2022\/05\/05\/mancomunidad-del-norte-y-prefecta-de-esmeraldas-presentan-plan-estrategico-del-hermanamiento-2020-2024\/#primaryimage\"},\"image\":{\"@id\":\"https:\/\/prefecturadeesmeraldas.gob.ec\/index.php\/2022\/05\/05\/mancomunidad-del-norte-y-prefecta-de-esmeraldas-presentan-plan-estrategico-del-hermanamiento-2020-2024\/#primaryimage\"},\"thumbnailUrl\":\"https:\/\/prefecturadeesmeraldas.gob.ec\/wp-content\/uploads\/2022\/05\/Imagen5.jpg\",\"datePublished\":\"2022-05-05T18:55:18+00:00\",\"dateModified\":\"2022-05-05T18:56:38+00:00\",\"breadcrumb\":{\"@id\":\"https:\/\/prefecturadeesmeraldas.gob.ec\/index.php\/2022\/05\/05\/mancomunidad-del-norte-y-prefecta-de-esmeraldas-presentan-plan-estrategico-del-hermanamiento-2020-2024\/#breadcrumb\"},\"inLanguage\":\"es\",\"potentialAction\":[{\"@type\":\"ReadAction\",\"target\":[\"https:\/\/prefecturadeesmeraldas.gob.ec\/index.php\/2022\/05\/05\/mancomunidad-del-norte-y-prefecta-de-esmeraldas-presentan-plan-estrategico-del-hermanamiento-2020-2024\/\"]}]},{\"@type\":\"ImageObject\",\"inLanguage\":\"es\",\"@id\":\"https:\/\/prefecturadeesmeraldas.gob.ec\/index.php\/2022\/05\/05\/mancomunidad-del-norte-y-prefecta-de-esmeraldas-presentan-plan-estrategico-del-hermanamiento-2020-2024\/#primaryimage\",\"url\":\"https:\/\/prefecturadeesmeraldas.gob.ec\/wp-content\/uploads\/2022\/05\/Imagen5.jpg\",\"contentUrl\":\"https:\/\/prefecturadeesmeraldas.gob.ec\/wp-content\/uploads\/2022\/05\/Imagen5.jpg\",\"width\":481,\"height\":481},{\"@type\":\"BreadcrumbList\",\"@id\":\"https:\/\/prefecturadeesmeraldas.gob.ec\/index.php\/2022\/05\/05\/mancomunidad-del-norte-y-prefecta-de-esmeraldas-presentan-plan-estrategico-del-hermanamiento-2020-2024\/#breadcrumb\",\"itemListElement\":[{\"@type\":\"ListItem\",\"position\":1,\"name\":\"Home\",\"item\":\"https:\/\/prefecturadeesmeraldas.gob.ec\/\"},{\"@type\":\"ListItem\",\"position\":2,\"name\":\"Mancomunidad del norte y Prefecta de Esmeraldas presentan \u201cplan estrat\u00e9gico del hermanamiento 2020 \u2013 2024\u201d\"}]},{\"@type\":\"WebSite\",\"@id\":\"https:\/\/prefecturadeesmeraldas.gob.ec\/#website\",\"url\":\"https:\/\/prefecturadeesmeraldas.gob.ec\/\",\"name\":\"Gobierno Aut\u00f3nomo Descentralizado de la Provincia de Esmeraldas\",\"description\":\"Gobierno Aut\u00f3nomo Descentralizado de la Provincia de Esmeraldas\",\"publisher\":{\"@id\":\"https:\/\/prefecturadeesmeraldas.gob.ec\/#organization\"},\"potentialAction\":[{\"@type\":\"SearchAction\",\"target\":{\"@type\":\"EntryPoint\",\"urlTemplate\":\"https:\/\/prefecturadeesmeraldas.gob.ec\/?s={search_term_string}\"},\"query-input\":{\"@type\":\"PropertyValueSpecification\",\"valueRequired\":true,\"valueName\":\"search_term_string\"}}],\"inLanguage\":\"es\"},{\"@type\":\"Organization\",\"@id\":\"https:\/\/prefecturadeesmeraldas.gob.ec\/#organization\",\"name\":\"Gobierno Aut\u00f3nomo Descentralizado de la Provincia de Esmeraldas\",\"url\":\"https:\/\/prefecturadeesmeraldas.gob.ec\/\",\"logo\":{\"@type\":\"ImageObject\",\"inLanguage\":\"es\",\"@id\":\"https:\/\/prefecturadeesmeraldas.gob.ec\/#\/schema\/logo\/image\/\",\"url\":\"https:\/\/prefecturadeesmeraldas.gob.ec\/wp-content\/uploads\/2019\/06\/logo.png\",\"contentUrl\":\"https:\/\/prefecturadeesmeraldas.gob.ec\/wp-content\/uploads\/2019\/06\/logo.png\",\"width\":859,\"height\":448,\"caption\":\"Gobierno Aut\u00f3nomo Descentralizado de la Provincia de Esmeraldas\"},\"image\":{\"@id\":\"https:\/\/prefecturadeesmeraldas.gob.ec\/#\/schema\/logo\/image\/\"},\"sameAs\":[\"https:\/\/www.facebook.com\/PrefecturaEsmeraldas\/\"]},{\"@type\":\"Person\",\"@id\":\"https:\/\/prefecturadeesmeraldas.gob.ec\/#\/schema\/person\/b0c9e7b1ead7725994d1e319e8825234\",\"name\":\"Direcci\u00f3n de Comunicaci\u00f3n\",\"image\":{\"@type\":\"ImageObject\",\"inLanguage\":\"es\",\"@id\":\"https:\/\/prefecturadeesmeraldas.gob.ec\/#\/schema\/person\/image\/\",\"url\":\"https:\/\/secure.gravatar.com\/avatar\/74a3870a946f5d774ade3569af61a72308e07ad3346f370c4b468ee2a9858658?s=96&d=mm&r=g\",\"contentUrl\":\"https:\/\/secure.gravatar.com\/avatar\/74a3870a946f5d774ade3569af61a72308e07ad3346f370c4b468ee2a9858658?s=96&d=mm&r=g\",\"caption\":\"Direcci\u00f3n de Comunicaci\u00f3n\"}}]}<\/script>\n<!-- \/ Yoast SEO plugin. -->","yoast_head_json":{"title":"Mancomunidad del norte y Prefecta de Esmeraldas presentan \u201cplan estrat\u00e9gico del hermanamiento 2020 \u2013 2024\u201d - Gobierno Aut\u00f3nomo Descentralizado de la Provincia de Esmeraldas","robots":{"index":"index","follow":"follow","max-snippet":"max-snippet:-1","max-image-preview":"max-image-preview:large","max-video-preview":"max-video-preview:-1"},"canonical":"https:\/\/prefecturadeesmeraldas.gob.ec\/index.php\/2022\/05\/05\/mancomunidad-del-norte-y-prefecta-de-esmeraldas-presentan-plan-estrategico-del-hermanamiento-2020-2024\/","og_locale":"es_ES","og_type":"article","og_title":"Mancomunidad del norte y Prefecta de Esmeraldas presentan \u201cplan estrat\u00e9gico del hermanamiento 2020 \u2013 2024\u201d - Gobierno Aut\u00f3nomo Descentralizado de la Provincia de Esmeraldas","og_description":"Con el apoyo de la fundaci\u00f3n CODESPA, la Mancomunidad del norte del Ecuador bajo la presidencia de la Prefecta Roberta Zambrano Ortiz, realiz\u00f3 la presentaci\u00f3n del Plan Estrat\u00e9gico del Hermanamiento 2020 \u2013 2024, como una herramienta fundamental para el Hermanamiento Colombo &#8211; Ecuatoriano (HCE), una organizaci\u00f3n de car\u00e1cter binacional, integradora, encaminada a promover el desarrollo [&hellip;]","og_url":"https:\/\/prefecturadeesmeraldas.gob.ec\/index.php\/2022\/05\/05\/mancomunidad-del-norte-y-prefecta-de-esmeraldas-presentan-plan-estrategico-del-hermanamiento-2020-2024\/","og_site_name":"Gobierno Aut\u00f3nomo Descentralizado de la Provincia de Esmeraldas","article_publisher":"https:\/\/www.facebook.com\/PrefecturaEsmeraldas\/","article_published_time":"2022-05-05T18:55:18+00:00","article_modified_time":"2022-05-05T18:56:38+00:00","og_image":[{"width":481,"height":481,"url":"https:\/\/prefecturadeesmeraldas.gob.ec\/wp-content\/uploads\/2022\/05\/Imagen5.jpg","type":"image\/jpeg"}],"author":"Direcci\u00f3n de Comunicaci\u00f3n","twitter_card":"summary_large_image","twitter_misc":{"Escrito por":"Direcci\u00f3n de Comunicaci\u00f3n","Tiempo de lectura":"1 minuto"},"schema":{"@context":"https:\/\/schema.org","@graph":[{"@type":"Article","@id":"https:\/\/prefecturadeesmeraldas.gob.ec\/index.php\/2022\/05\/05\/mancomunidad-del-norte-y-prefecta-de-esmeraldas-presentan-plan-estrategico-del-hermanamiento-2020-2024\/#article","isPartOf":{"@id":"https:\/\/prefecturadeesmeraldas.gob.ec\/index.php\/2022\/05\/05\/mancomunidad-del-norte-y-prefecta-de-esmeraldas-presentan-plan-estrategico-del-hermanamiento-2020-2024\/"},"author":{"name":"Direcci\u00f3n de Comunicaci\u00f3n","@id":"https:\/\/prefecturadeesmeraldas.gob.ec\/#\/schema\/person\/b0c9e7b1ead7725994d1e319e8825234"},"headline":"Mancomunidad del norte y Prefecta de Esmeraldas presentan \u201cplan estrat\u00e9gico del hermanamiento 2020 \u2013 2024\u201d","datePublished":"2022-05-05T18:55:18+00:00","dateModified":"2022-05-05T18:56:38+00:00","mainEntityOfPage":{"@id":"https:\/\/prefecturadeesmeraldas.gob.ec\/index.php\/2022\/05\/05\/mancomunidad-del-norte-y-prefecta-de-esmeraldas-presentan-plan-estrategico-del-hermanamiento-2020-2024\/"},"wordCount":206,"publisher":{"@id":"https:\/\/prefecturadeesmeraldas.gob.ec\/#organization"},"image":{"@id":"https:\/\/prefecturadeesmeraldas.gob.ec\/index.php\/2022\/05\/05\/mancomunidad-del-norte-y-prefecta-de-esmeraldas-presentan-plan-estrategico-del-hermanamiento-2020-2024\/#primaryimage"},"thumbnailUrl":"https:\/\/prefecturadeesmeraldas.gob.ec\/wp-content\/uploads\/2022\/05\/Imagen5.jpg","articleSection":["Cooperaci\u00f3n Internacional"],"inLanguage":"es"},{"@type":"WebPage","@id":"https:\/\/prefecturadeesmeraldas.gob.ec\/index.php\/2022\/05\/05\/mancomunidad-del-norte-y-prefecta-de-esmeraldas-presentan-plan-estrategico-del-hermanamiento-2020-2024\/","url":"https:\/\/prefecturadeesmeraldas.gob.ec\/index.php\/2022\/05\/05\/mancomunidad-del-norte-y-prefecta-de-esmeraldas-presentan-plan-estrategico-del-hermanamiento-2020-2024\/","name":"Mancomunidad del norte y Prefecta de Esmeraldas presentan \u201cplan estrat\u00e9gico del hermanamiento 2020 \u2013 2024\u201d - Gobierno Aut\u00f3nomo Descentralizado de la Provincia de Esmeraldas","isPartOf":{"@id":"https:\/\/prefecturadeesmeraldas.gob.ec\/#website"},"primaryImageOfPage":{"@id":"https:\/\/prefecturadeesmeraldas.gob.ec\/index.php\/2022\/05\/05\/mancomunidad-del-norte-y-prefecta-de-esmeraldas-presentan-plan-estrategico-del-hermanamiento-2020-2024\/#primaryimage"},"image":{"@id":"https:\/\/prefecturadeesmeraldas.gob.ec\/index.php\/2022\/05\/05\/mancomunidad-del-norte-y-prefecta-de-esmeraldas-presentan-plan-estrategico-del-hermanamiento-2020-2024\/#primaryimage"},"thumbnailUrl":"https:\/\/prefecturadeesmeraldas.gob.ec\/wp-content\/uploads\/2022\/05\/Imagen5.jpg","datePublished":"2022-05-05T18:55:18+00:00","dateModified":"2022-05-05T18:56:38+00:00","breadcrumb":{"@id":"https:\/\/prefecturadeesmeraldas.gob.ec\/index.php\/2022\/05\/05\/mancomunidad-del-norte-y-prefecta-de-esmeraldas-presentan-plan-estrategico-del-hermanamiento-2020-2024\/#breadcrumb"},"inLanguage":"es","potentialAction":[{"@type":"ReadAction","target":["https:\/\/prefecturadeesmeraldas.gob.ec\/index.php\/2022\/05\/05\/mancomunidad-del-norte-y-prefecta-de-esmeraldas-presentan-plan-estrategico-del-hermanamiento-2020-2024\/"]}]},{"@type":"ImageObject","inLanguage":"es","@id":"https:\/\/prefecturadeesmeraldas.gob.ec\/index.php\/2022\/05\/05\/mancomunidad-del-norte-y-prefecta-de-esmeraldas-presentan-plan-estrategico-del-hermanamiento-2020-2024\/#primaryimage","url":"https:\/\/prefecturadeesmeraldas.gob.ec\/wp-content\/uploads\/2022\/05\/Imagen5.jpg","contentUrl":"https:\/\/prefecturadeesmeraldas.gob.ec\/wp-content\/uploads\/2022\/05\/Imagen5.jpg","width":481,"height":481},{"@type":"BreadcrumbList","@id":"https:\/\/prefecturadeesmeraldas.gob.ec\/index.php\/2022\/05\/05\/mancomunidad-del-norte-y-prefecta-de-esmeraldas-presentan-plan-estrategico-del-hermanamiento-2020-2024\/#breadcrumb","itemListElement":[{"@type":"ListItem","position":1,"name":"Home","item":"https:\/\/prefecturadeesmeraldas.gob.ec\/"},{"@type":"ListItem","position":2,"name":"Mancomunidad del norte y Prefecta de Esmeraldas presentan \u201cplan estrat\u00e9gico del hermanamiento 2020 \u2013 2024\u201d"}]},{"@type":"WebSite","@id":"https:\/\/prefecturadeesmeraldas.gob.ec\/#website","url":"https:\/\/prefecturadeesmeraldas.gob.ec\/","name":"Gobierno Aut\u00f3nomo Descentralizado de la Provincia de Esmeraldas","description":"Gobierno Aut\u00f3nomo Descentralizado de la Provincia de Esmeraldas","publisher":{"@id":"https:\/\/prefecturadeesmeraldas.gob.ec\/#organization"},"potentialAction":[{"@type":"SearchAction","target":{"@type":"EntryPoint","urlTemplate":"https:\/\/prefecturadeesmeraldas.gob.ec\/?s={search_term_string}"},"query-input":{"@type":"PropertyValueSpecification","valueRequired":true,"valueName":"search_term_string"}}],"inLanguage":"es"},{"@type":"Organization","@id":"https:\/\/prefecturadeesmeraldas.gob.ec\/#organization","name":"Gobierno Aut\u00f3nomo Descentralizado de la Provincia de Esmeraldas","url":"https:\/\/prefecturadeesmeraldas.gob.ec\/","logo":{"@type":"ImageObject","inLanguage":"es","@id":"https:\/\/prefecturadeesmeraldas.gob.ec\/#\/schema\/logo\/image\/","url":"https:\/\/prefecturadeesmeraldas.gob.ec\/wp-content\/uploads\/2019\/06\/logo.png","contentUrl":"https:\/\/prefecturadeesmeraldas.gob.ec\/wp-content\/uploads\/2019\/06\/logo.png","width":859,"height":448,"caption":"Gobierno Aut\u00f3nomo Descentralizado de la Provincia de Esmeraldas"},"image":{"@id":"https:\/\/prefecturadeesmeraldas.gob.ec\/#\/schema\/logo\/image\/"},"sameAs":["https:\/\/www.facebook.com\/PrefecturaEsmeraldas\/"]},{"@type":"Person","@id":"https:\/\/prefecturadeesmeraldas.gob.ec\/#\/schema\/person\/b0c9e7b1ead7725994d1e319e8825234","name":"Direcci\u00f3n de Comunicaci\u00f3n","image":{"@type":"ImageObject","inLanguage":"es","@id":"https:\/\/prefecturadeesmeraldas.gob.ec\/#\/schema\/person\/image\/","url":"https:\/\/secure.gravatar.com\/avatar\/74a3870a946f5d774ade3569af61a72308e07ad3346f370c4b468ee2a9858658?s=96&d=mm&r=g","contentUrl":"https:\/\/secure.gravatar.com\/avatar\/74a3870a946f5d774ade3569af61a72308e07ad3346f370c4b468ee2a9858658?s=96&d=mm&r=g","caption":"Direcci\u00f3n de Comunicaci\u00f3n"}}]}},"_links":{"self":[{"href":"https:\/\/prefecturadeesmeraldas.gob.ec\/index.php\/wp-json\/wp\/v2\/posts\/16049","targetHints":{"allow":["GET"]}}],"collection":[{"href":"https:\/\/prefecturadeesmeraldas.gob.ec\/index.php\/wp-json\/wp\/v2\/posts"}],"about":[{"href":"https:\/\/prefecturadeesmeraldas.gob.ec\/index.php\/wp-json\/wp\/v2\/types\/post"}],"author":[{"embeddable":true,"href":"https:\/\/prefecturadeesmeraldas.gob.ec\/index.php\/wp-json\/wp\/v2\/users\/2"}],"replies":[{"embeddable":true,"href":"https:\/\/prefecturadeesmeraldas.gob.ec\/index.php\/wp-json\/wp\/v2\/comments?post=16049"}],"version-history":[{"count":0,"href":"https:\/\/prefecturadeesmeraldas.gob.ec\/index.php\/wp-json\/wp\/v2\/posts\/16049\/revisions"}],"wp:featuredmedia":[{"embeddable":true,"href":"https:\/\/prefecturadeesmeraldas.gob.ec\/index.php\/wp-json\/wp\/v2\/media\/16050"}],"wp:attachment":[{"href":"https:\/\/prefecturadeesmeraldas.gob.ec\/index.php\/wp-json\/wp\/v2\/media?parent=16049"}],"wp:term":[{"taxonomy":"category","embeddable":true,"href":"https:\/\/prefecturadeesmeraldas.gob.ec\/index.php\/wp-json\/wp\/v2\/categories?post=16049"},{"taxonomy":"post_tag","embeddable":true,"href":"https:\/\/prefecturadeesmeraldas.gob.ec\/index.php\/wp-json\/wp\/v2\/tags?post=16049"}],"curies":[{"name":"wp","href":"https:\/\/api.w.org\/{rel}","templated":true}]}}