{"id":15951,"date":"2022-05-03T15:44:24","date_gmt":"2022-05-03T20:44:24","guid":{"rendered":"https:\/\/prefecturadeesmeraldas.gob.ec\/?p=15951"},"modified":"2022-05-03T15:45:15","modified_gmt":"2022-05-03T20:45:15","slug":"unamydesc-desarrollo-con-exito-la-clausura-de-sus-cursos-vacacionales","status":"publish","type":"post","link":"https:\/\/prefecturadeesmeraldas.gob.ec\/index.php\/2022\/05\/03\/unamydesc-desarrollo-con-exito-la-clausura-de-sus-cursos-vacacionales\/","title":{"rendered":"UNAMYDESC, desarroll\u00f3 con \u00e9xito la clausura de sus cursos vacacionales"},"content":{"rendered":"\t\t<div data-elementor-type=\"wp-post\" data-elementor-id=\"15951\" class=\"elementor elementor-15951\">\n\t\t\t\t\t\t<section class=\"elementor-section elementor-top-section elementor-element elementor-element-b0b8138 elementor-section-boxed elementor-section-height-default elementor-section-height-default\" data-id=\"b0b8138\" data-element_type=\"section\">\n\t\t\t\t\t\t<div class=\"elementor-container elementor-column-gap-default\">\n\t\t\t\t\t<div class=\"elementor-column elementor-col-100 elementor-top-column elementor-element elementor-element-4d54118\" data-id=\"4d54118\" data-element_type=\"column\">\n\t\t\t<div class=\"elementor-widget-wrap elementor-element-populated\">\n\t\t\t\t\t\t<div class=\"elementor-element elementor-element-79e1bd0 elementor-widget elementor-widget-image\" data-id=\"79e1bd0\" data-element_type=\"widget\" data-widget_type=\"image.default\">\n\t\t\t\t<div class=\"elementor-widget-container\">\n\t\t\t\t\t\t\t\t\t\t\t\t\t\t\t<img fetchpriority=\"high\" decoding=\"async\" width=\"1024\" height=\"1024\" src=\"https:\/\/prefecturadeesmeraldas.gob.ec\/wp-content\/uploads\/2022\/05\/WhatsApp-Image-2022-05-03-at-1.37.34-PM-1.jpeg\" class=\"attachment-large size-large wp-image-15931\" alt=\"\" srcset=\"https:\/\/prefecturadeesmeraldas.gob.ec\/wp-content\/uploads\/2022\/05\/WhatsApp-Image-2022-05-03-at-1.37.34-PM-1.jpeg 1024w, https:\/\/prefecturadeesmeraldas.gob.ec\/wp-content\/uploads\/2022\/05\/WhatsApp-Image-2022-05-03-at-1.37.34-PM-1-240x240.jpeg 240w, https:\/\/prefecturadeesmeraldas.gob.ec\/wp-content\/uploads\/2022\/05\/WhatsApp-Image-2022-05-03-at-1.37.34-PM-1-150x150.jpeg 150w, https:\/\/prefecturadeesmeraldas.gob.ec\/wp-content\/uploads\/2022\/05\/WhatsApp-Image-2022-05-03-at-1.37.34-PM-1-300x300.jpeg 300w, https:\/\/prefecturadeesmeraldas.gob.ec\/wp-content\/uploads\/2022\/05\/WhatsApp-Image-2022-05-03-at-1.37.34-PM-1-768x768.jpeg 768w\" sizes=\"(max-width: 1024px) 100vw, 1024px\" \/>\t\t\t\t\t\t\t\t\t\t\t\t\t\t\t<\/div>\n\t\t\t\t<\/div>\n\t\t\t\t\t<\/div>\n\t\t<\/div>\n\t\t\t\t\t<\/div>\n\t\t<\/section>\n\t\t\t\t<section class=\"elementor-section elementor-top-section elementor-element elementor-element-f307cf5 elementor-section-boxed elementor-section-height-default elementor-section-height-default\" data-id=\"f307cf5\" data-element_type=\"section\">\n\t\t\t\t\t\t<div class=\"elementor-container elementor-column-gap-default\">\n\t\t\t\t\t<div class=\"elementor-column elementor-col-100 elementor-top-column elementor-element elementor-element-9c0db30\" data-id=\"9c0db30\" data-element_type=\"column\">\n\t\t\t<div class=\"elementor-widget-wrap elementor-element-populated\">\n\t\t\t\t\t\t<div class=\"elementor-element elementor-element-684c100 elementor-widget elementor-widget-text-editor\" data-id=\"684c100\" data-element_type=\"widget\" data-widget_type=\"text-editor.default\">\n\t\t\t\t<div class=\"elementor-widget-container\">\n\t\t\t\t\t\t\t\t\t<p>La Unidad de Asistencia M\u00e9dica, Desarrollo Social y Cultural, <strong>UNAMYDESC<\/strong>, realiz\u00f3 el evento de clausura <strong>\u201cApreciando el Arte 2022\u201d<\/strong>, en la que, los ni\u00f1os y adolescentes realizaron presentaciones de baile, canto, danza, guitarra y teatro.<\/p><p><\/p><p>En el evento, se resalt\u00f3 el esfuerzo que ejecuta la <strong>Prefectura de Esmeraldas<\/strong> para rescatar la cultural ancestral y fomentar el arte en los m\u00e1s peque\u00f1os del hogar.<\/p><p><\/p><p><strong>Lorena Mora<\/strong>, Coordinadora General de la Unidad de Asistencia M\u00e9dica, Desarrollo Social y Cultural <strong>(UNAMYDESC)<\/strong>, agradeci\u00f3 a los padres y familiares, por confiar en los cursos, talleres y actividades deportivas que fomenta la Prefectura de Esmeraldas para el beneficio de los ni\u00f1os y adolescentes de la provincia.<\/p><p><\/p><p>Por su parte, <strong>Evelyn Corozo<\/strong>, mencion\u00f3 que su hijo particip\u00f3 en los cursos vacacionales impartidos y agradeci\u00f3 de coraz\u00f3n estas acciones que aportan creatividad y generan impactos positivos para los menores de edad.<\/p><p><\/p><p>Es Importante destacar que, se felicit\u00f3 al grupo folkl\u00f3rico <strong>\u201c\u00c1frica Negra\u201d<\/strong> de la Prefectura de Esmeraldas y a los artistas esmeralde\u00f1os que brindaron su tiempo y aportaron con sus conocimientos en los cursos vacacionales. Mientras que, a los ni\u00f1os y adolescentes se les entreg\u00f3 certificados de participaci\u00f3n.<\/p><p><\/p>\t\t\t\t\t\t\t\t<\/div>\n\t\t\t\t<\/div>\n\t\t\t\t\t<\/div>\n\t\t<\/div>\n\t\t\t\t\t<\/div>\n\t\t<\/section>\n\t\t\t\t<\/div>\n\t\t","protected":false},"excerpt":{"rendered":"<p>La Unidad de Asistencia M\u00e9dica, Desarrollo Social y Cultural, UNAMYDESC, realiz\u00f3 el evento de clausura \u201cApreciando el Arte 2022\u201d, en la que, los ni\u00f1os y adolescentes realizaron presentaciones de baile, canto, danza, guitarra y teatro. En el evento, se resalt\u00f3 el esfuerzo que ejecuta la Prefectura de Esmeraldas para rescatar la cultural ancestral y fomentar [&hellip;]<\/p>\n","protected":false},"author":2,"featured_media":15931,"comment_status":"closed","ping_status":"open","sticky":false,"template":"","format":"standard","meta":{"footnotes":""},"categories":[13],"tags":[],"class_list":["post-15951","post","type-post","status-publish","format-standard","has-post-thumbnail","hentry","category-patronato"],"yoast_head":"<!-- This site is optimized with the Yoast SEO plugin v25.7 - https:\/\/yoast.com\/wordpress\/plugins\/seo\/ -->\n<title>UNAMYDESC, desarroll\u00f3 con \u00e9xito la clausura de sus cursos vacacionales - Gobierno Aut\u00f3nomo Descentralizado de la Provincia de Esmeraldas<\/title>\n<meta name=\"robots\" content=\"index, follow, max-snippet:-1, max-image-preview:large, max-video-preview:-1\" \/>\n<link rel=\"canonical\" href=\"https:\/\/prefecturadeesmeraldas.gob.ec\/index.php\/2022\/05\/03\/unamydesc-desarrollo-con-exito-la-clausura-de-sus-cursos-vacacionales\/\" \/>\n<meta property=\"og:locale\" content=\"es_ES\" \/>\n<meta property=\"og:type\" content=\"article\" \/>\n<meta property=\"og:title\" content=\"UNAMYDESC, desarroll\u00f3 con \u00e9xito la clausura de sus cursos vacacionales - Gobierno Aut\u00f3nomo Descentralizado de la Provincia de Esmeraldas\" \/>\n<meta property=\"og:description\" content=\"La Unidad de Asistencia M\u00e9dica, Desarrollo Social y Cultural, UNAMYDESC, realiz\u00f3 el evento de clausura \u201cApreciando el Arte 2022\u201d, en la que, los ni\u00f1os y adolescentes realizaron presentaciones de baile, canto, danza, guitarra y teatro. En el evento, se resalt\u00f3 el esfuerzo que ejecuta la Prefectura de Esmeraldas para rescatar la cultural ancestral y fomentar [&hellip;]\" \/>\n<meta property=\"og:url\" content=\"https:\/\/prefecturadeesmeraldas.gob.ec\/index.php\/2022\/05\/03\/unamydesc-desarrollo-con-exito-la-clausura-de-sus-cursos-vacacionales\/\" \/>\n<meta property=\"og:site_name\" content=\"Gobierno Aut\u00f3nomo Descentralizado de la Provincia de Esmeraldas\" \/>\n<meta property=\"article:publisher\" content=\"https:\/\/www.facebook.com\/PrefecturaEsmeraldas\/\" \/>\n<meta property=\"article:published_time\" content=\"2022-05-03T20:44:24+00:00\" \/>\n<meta property=\"article:modified_time\" content=\"2022-05-03T20:45:15+00:00\" \/>\n<meta property=\"og:image\" content=\"https:\/\/prefecturadeesmeraldas.gob.ec\/wp-content\/uploads\/2022\/05\/WhatsApp-Image-2022-05-03-at-1.37.34-PM-1.jpeg\" \/>\n\t<meta property=\"og:image:width\" content=\"1024\" \/>\n\t<meta property=\"og:image:height\" content=\"1024\" \/>\n\t<meta property=\"og:image:type\" content=\"image\/jpeg\" \/>\n<meta name=\"author\" content=\"Direcci\u00f3n de Comunicaci\u00f3n\" \/>\n<meta name=\"twitter:card\" content=\"summary_large_image\" \/>\n<meta name=\"twitter:label1\" content=\"Escrito por\" \/>\n\t<meta name=\"twitter:data1\" content=\"Direcci\u00f3n de Comunicaci\u00f3n\" \/>\n\t<meta name=\"twitter:label2\" content=\"Tiempo de lectura\" \/>\n\t<meta name=\"twitter:data2\" content=\"1 minuto\" \/>\n<script type=\"application\/ld+json\" class=\"yoast-schema-graph\">{\"@context\":\"https:\/\/schema.org\",\"@graph\":[{\"@type\":\"Article\",\"@id\":\"https:\/\/prefecturadeesmeraldas.gob.ec\/index.php\/2022\/05\/03\/unamydesc-desarrollo-con-exito-la-clausura-de-sus-cursos-vacacionales\/#article\",\"isPartOf\":{\"@id\":\"https:\/\/prefecturadeesmeraldas.gob.ec\/index.php\/2022\/05\/03\/unamydesc-desarrollo-con-exito-la-clausura-de-sus-cursos-vacacionales\/\"},\"author\":{\"name\":\"Direcci\u00f3n de Comunicaci\u00f3n\",\"@id\":\"https:\/\/prefecturadeesmeraldas.gob.ec\/#\/schema\/person\/b0c9e7b1ead7725994d1e319e8825234\"},\"headline\":\"UNAMYDESC, desarroll\u00f3 con \u00e9xito la clausura de sus cursos vacacionales\",\"datePublished\":\"2022-05-03T20:44:24+00:00\",\"dateModified\":\"2022-05-03T20:45:15+00:00\",\"mainEntityOfPage\":{\"@id\":\"https:\/\/prefecturadeesmeraldas.gob.ec\/index.php\/2022\/05\/03\/unamydesc-desarrollo-con-exito-la-clausura-de-sus-cursos-vacacionales\/\"},\"wordCount\":210,\"publisher\":{\"@id\":\"https:\/\/prefecturadeesmeraldas.gob.ec\/#organization\"},\"image\":{\"@id\":\"https:\/\/prefecturadeesmeraldas.gob.ec\/index.php\/2022\/05\/03\/unamydesc-desarrollo-con-exito-la-clausura-de-sus-cursos-vacacionales\/#primaryimage\"},\"thumbnailUrl\":\"https:\/\/prefecturadeesmeraldas.gob.ec\/wp-content\/uploads\/2022\/05\/WhatsApp-Image-2022-05-03-at-1.37.34-PM-1.jpeg\",\"articleSection\":[\"UNAMYDESC\"],\"inLanguage\":\"es\"},{\"@type\":\"WebPage\",\"@id\":\"https:\/\/prefecturadeesmeraldas.gob.ec\/index.php\/2022\/05\/03\/unamydesc-desarrollo-con-exito-la-clausura-de-sus-cursos-vacacionales\/\",\"url\":\"https:\/\/prefecturadeesmeraldas.gob.ec\/index.php\/2022\/05\/03\/unamydesc-desarrollo-con-exito-la-clausura-de-sus-cursos-vacacionales\/\",\"name\":\"UNAMYDESC, desarroll\u00f3 con \u00e9xito la clausura de sus cursos vacacionales - Gobierno Aut\u00f3nomo Descentralizado de la Provincia de Esmeraldas\",\"isPartOf\":{\"@id\":\"https:\/\/prefecturadeesmeraldas.gob.ec\/#website\"},\"primaryImageOfPage\":{\"@id\":\"https:\/\/prefecturadeesmeraldas.gob.ec\/index.php\/2022\/05\/03\/unamydesc-desarrollo-con-exito-la-clausura-de-sus-cursos-vacacionales\/#primaryimage\"},\"image\":{\"@id\":\"https:\/\/prefecturadeesmeraldas.gob.ec\/index.php\/2022\/05\/03\/unamydesc-desarrollo-con-exito-la-clausura-de-sus-cursos-vacacionales\/#primaryimage\"},\"thumbnailUrl\":\"https:\/\/prefecturadeesmeraldas.gob.ec\/wp-content\/uploads\/2022\/05\/WhatsApp-Image-2022-05-03-at-1.37.34-PM-1.jpeg\",\"datePublished\":\"2022-05-03T20:44:24+00:00\",\"dateModified\":\"2022-05-03T20:45:15+00:00\",\"breadcrumb\":{\"@id\":\"https:\/\/prefecturadeesmeraldas.gob.ec\/index.php\/2022\/05\/03\/unamydesc-desarrollo-con-exito-la-clausura-de-sus-cursos-vacacionales\/#breadcrumb\"},\"inLanguage\":\"es\",\"potentialAction\":[{\"@type\":\"ReadAction\",\"target\":[\"https:\/\/prefecturadeesmeraldas.gob.ec\/index.php\/2022\/05\/03\/unamydesc-desarrollo-con-exito-la-clausura-de-sus-cursos-vacacionales\/\"]}]},{\"@type\":\"ImageObject\",\"inLanguage\":\"es\",\"@id\":\"https:\/\/prefecturadeesmeraldas.gob.ec\/index.php\/2022\/05\/03\/unamydesc-desarrollo-con-exito-la-clausura-de-sus-cursos-vacacionales\/#primaryimage\",\"url\":\"https:\/\/prefecturadeesmeraldas.gob.ec\/wp-content\/uploads\/2022\/05\/WhatsApp-Image-2022-05-03-at-1.37.34-PM-1.jpeg\",\"contentUrl\":\"https:\/\/prefecturadeesmeraldas.gob.ec\/wp-content\/uploads\/2022\/05\/WhatsApp-Image-2022-05-03-at-1.37.34-PM-1.jpeg\",\"width\":1024,\"height\":1024},{\"@type\":\"BreadcrumbList\",\"@id\":\"https:\/\/prefecturadeesmeraldas.gob.ec\/index.php\/2022\/05\/03\/unamydesc-desarrollo-con-exito-la-clausura-de-sus-cursos-vacacionales\/#breadcrumb\",\"itemListElement\":[{\"@type\":\"ListItem\",\"position\":1,\"name\":\"Home\",\"item\":\"https:\/\/prefecturadeesmeraldas.gob.ec\/\"},{\"@type\":\"ListItem\",\"position\":2,\"name\":\"UNAMYDESC, desarroll\u00f3 con \u00e9xito la clausura de sus cursos vacacionales\"}]},{\"@type\":\"WebSite\",\"@id\":\"https:\/\/prefecturadeesmeraldas.gob.ec\/#website\",\"url\":\"https:\/\/prefecturadeesmeraldas.gob.ec\/\",\"name\":\"Gobierno Aut\u00f3nomo Descentralizado de la Provincia de Esmeraldas\",\"description\":\"Gobierno Aut\u00f3nomo Descentralizado de la Provincia de Esmeraldas\",\"publisher\":{\"@id\":\"https:\/\/prefecturadeesmeraldas.gob.ec\/#organization\"},\"potentialAction\":[{\"@type\":\"SearchAction\",\"target\":{\"@type\":\"EntryPoint\",\"urlTemplate\":\"https:\/\/prefecturadeesmeraldas.gob.ec\/?s={search_term_string}\"},\"query-input\":{\"@type\":\"PropertyValueSpecification\",\"valueRequired\":true,\"valueName\":\"search_term_string\"}}],\"inLanguage\":\"es\"},{\"@type\":\"Organization\",\"@id\":\"https:\/\/prefecturadeesmeraldas.gob.ec\/#organization\",\"name\":\"Gobierno Aut\u00f3nomo Descentralizado de la Provincia de Esmeraldas\",\"url\":\"https:\/\/prefecturadeesmeraldas.gob.ec\/\",\"logo\":{\"@type\":\"ImageObject\",\"inLanguage\":\"es\",\"@id\":\"https:\/\/prefecturadeesmeraldas.gob.ec\/#\/schema\/logo\/image\/\",\"url\":\"https:\/\/prefecturadeesmeraldas.gob.ec\/wp-content\/uploads\/2019\/06\/logo.png\",\"contentUrl\":\"https:\/\/prefecturadeesmeraldas.gob.ec\/wp-content\/uploads\/2019\/06\/logo.png\",\"width\":859,\"height\":448,\"caption\":\"Gobierno Aut\u00f3nomo Descentralizado de la Provincia de Esmeraldas\"},\"image\":{\"@id\":\"https:\/\/prefecturadeesmeraldas.gob.ec\/#\/schema\/logo\/image\/\"},\"sameAs\":[\"https:\/\/www.facebook.com\/PrefecturaEsmeraldas\/\"]},{\"@type\":\"Person\",\"@id\":\"https:\/\/prefecturadeesmeraldas.gob.ec\/#\/schema\/person\/b0c9e7b1ead7725994d1e319e8825234\",\"name\":\"Direcci\u00f3n de Comunicaci\u00f3n\",\"image\":{\"@type\":\"ImageObject\",\"inLanguage\":\"es\",\"@id\":\"https:\/\/prefecturadeesmeraldas.gob.ec\/#\/schema\/person\/image\/\",\"url\":\"https:\/\/secure.gravatar.com\/avatar\/74a3870a946f5d774ade3569af61a72308e07ad3346f370c4b468ee2a9858658?s=96&d=mm&r=g\",\"contentUrl\":\"https:\/\/secure.gravatar.com\/avatar\/74a3870a946f5d774ade3569af61a72308e07ad3346f370c4b468ee2a9858658?s=96&d=mm&r=g\",\"caption\":\"Direcci\u00f3n de Comunicaci\u00f3n\"}}]}<\/script>\n<!-- \/ Yoast SEO plugin. -->","yoast_head_json":{"title":"UNAMYDESC, desarroll\u00f3 con \u00e9xito la clausura de sus cursos vacacionales - Gobierno Aut\u00f3nomo Descentralizado de la Provincia de Esmeraldas","robots":{"index":"index","follow":"follow","max-snippet":"max-snippet:-1","max-image-preview":"max-image-preview:large","max-video-preview":"max-video-preview:-1"},"canonical":"https:\/\/prefecturadeesmeraldas.gob.ec\/index.php\/2022\/05\/03\/unamydesc-desarrollo-con-exito-la-clausura-de-sus-cursos-vacacionales\/","og_locale":"es_ES","og_type":"article","og_title":"UNAMYDESC, desarroll\u00f3 con \u00e9xito la clausura de sus cursos vacacionales - Gobierno Aut\u00f3nomo Descentralizado de la Provincia de Esmeraldas","og_description":"La Unidad de Asistencia M\u00e9dica, Desarrollo Social y Cultural, UNAMYDESC, realiz\u00f3 el evento de clausura \u201cApreciando el Arte 2022\u201d, en la que, los ni\u00f1os y adolescentes realizaron presentaciones de baile, canto, danza, guitarra y teatro. En el evento, se resalt\u00f3 el esfuerzo que ejecuta la Prefectura de Esmeraldas para rescatar la cultural ancestral y fomentar [&hellip;]","og_url":"https:\/\/prefecturadeesmeraldas.gob.ec\/index.php\/2022\/05\/03\/unamydesc-desarrollo-con-exito-la-clausura-de-sus-cursos-vacacionales\/","og_site_name":"Gobierno Aut\u00f3nomo Descentralizado de la Provincia de Esmeraldas","article_publisher":"https:\/\/www.facebook.com\/PrefecturaEsmeraldas\/","article_published_time":"2022-05-03T20:44:24+00:00","article_modified_time":"2022-05-03T20:45:15+00:00","og_image":[{"width":1024,"height":1024,"url":"https:\/\/prefecturadeesmeraldas.gob.ec\/wp-content\/uploads\/2022\/05\/WhatsApp-Image-2022-05-03-at-1.37.34-PM-1.jpeg","type":"image\/jpeg"}],"author":"Direcci\u00f3n de Comunicaci\u00f3n","twitter_card":"summary_large_image","twitter_misc":{"Escrito por":"Direcci\u00f3n de Comunicaci\u00f3n","Tiempo de lectura":"1 minuto"},"schema":{"@context":"https:\/\/schema.org","@graph":[{"@type":"Article","@id":"https:\/\/prefecturadeesmeraldas.gob.ec\/index.php\/2022\/05\/03\/unamydesc-desarrollo-con-exito-la-clausura-de-sus-cursos-vacacionales\/#article","isPartOf":{"@id":"https:\/\/prefecturadeesmeraldas.gob.ec\/index.php\/2022\/05\/03\/unamydesc-desarrollo-con-exito-la-clausura-de-sus-cursos-vacacionales\/"},"author":{"name":"Direcci\u00f3n de Comunicaci\u00f3n","@id":"https:\/\/prefecturadeesmeraldas.gob.ec\/#\/schema\/person\/b0c9e7b1ead7725994d1e319e8825234"},"headline":"UNAMYDESC, desarroll\u00f3 con \u00e9xito la clausura de sus cursos vacacionales","datePublished":"2022-05-03T20:44:24+00:00","dateModified":"2022-05-03T20:45:15+00:00","mainEntityOfPage":{"@id":"https:\/\/prefecturadeesmeraldas.gob.ec\/index.php\/2022\/05\/03\/unamydesc-desarrollo-con-exito-la-clausura-de-sus-cursos-vacacionales\/"},"wordCount":210,"publisher":{"@id":"https:\/\/prefecturadeesmeraldas.gob.ec\/#organization"},"image":{"@id":"https:\/\/prefecturadeesmeraldas.gob.ec\/index.php\/2022\/05\/03\/unamydesc-desarrollo-con-exito-la-clausura-de-sus-cursos-vacacionales\/#primaryimage"},"thumbnailUrl":"https:\/\/prefecturadeesmeraldas.gob.ec\/wp-content\/uploads\/2022\/05\/WhatsApp-Image-2022-05-03-at-1.37.34-PM-1.jpeg","articleSection":["UNAMYDESC"],"inLanguage":"es"},{"@type":"WebPage","@id":"https:\/\/prefecturadeesmeraldas.gob.ec\/index.php\/2022\/05\/03\/unamydesc-desarrollo-con-exito-la-clausura-de-sus-cursos-vacacionales\/","url":"https:\/\/prefecturadeesmeraldas.gob.ec\/index.php\/2022\/05\/03\/unamydesc-desarrollo-con-exito-la-clausura-de-sus-cursos-vacacionales\/","name":"UNAMYDESC, desarroll\u00f3 con \u00e9xito la clausura de sus cursos vacacionales - Gobierno Aut\u00f3nomo Descentralizado de la Provincia de Esmeraldas","isPartOf":{"@id":"https:\/\/prefecturadeesmeraldas.gob.ec\/#website"},"primaryImageOfPage":{"@id":"https:\/\/prefecturadeesmeraldas.gob.ec\/index.php\/2022\/05\/03\/unamydesc-desarrollo-con-exito-la-clausura-de-sus-cursos-vacacionales\/#primaryimage"},"image":{"@id":"https:\/\/prefecturadeesmeraldas.gob.ec\/index.php\/2022\/05\/03\/unamydesc-desarrollo-con-exito-la-clausura-de-sus-cursos-vacacionales\/#primaryimage"},"thumbnailUrl":"https:\/\/prefecturadeesmeraldas.gob.ec\/wp-content\/uploads\/2022\/05\/WhatsApp-Image-2022-05-03-at-1.37.34-PM-1.jpeg","datePublished":"2022-05-03T20:44:24+00:00","dateModified":"2022-05-03T20:45:15+00:00","breadcrumb":{"@id":"https:\/\/prefecturadeesmeraldas.gob.ec\/index.php\/2022\/05\/03\/unamydesc-desarrollo-con-exito-la-clausura-de-sus-cursos-vacacionales\/#breadcrumb"},"inLanguage":"es","potentialAction":[{"@type":"ReadAction","target":["https:\/\/prefecturadeesmeraldas.gob.ec\/index.php\/2022\/05\/03\/unamydesc-desarrollo-con-exito-la-clausura-de-sus-cursos-vacacionales\/"]}]},{"@type":"ImageObject","inLanguage":"es","@id":"https:\/\/prefecturadeesmeraldas.gob.ec\/index.php\/2022\/05\/03\/unamydesc-desarrollo-con-exito-la-clausura-de-sus-cursos-vacacionales\/#primaryimage","url":"https:\/\/prefecturadeesmeraldas.gob.ec\/wp-content\/uploads\/2022\/05\/WhatsApp-Image-2022-05-03-at-1.37.34-PM-1.jpeg","contentUrl":"https:\/\/prefecturadeesmeraldas.gob.ec\/wp-content\/uploads\/2022\/05\/WhatsApp-Image-2022-05-03-at-1.37.34-PM-1.jpeg","width":1024,"height":1024},{"@type":"BreadcrumbList","@id":"https:\/\/prefecturadeesmeraldas.gob.ec\/index.php\/2022\/05\/03\/unamydesc-desarrollo-con-exito-la-clausura-de-sus-cursos-vacacionales\/#breadcrumb","itemListElement":[{"@type":"ListItem","position":1,"name":"Home","item":"https:\/\/prefecturadeesmeraldas.gob.ec\/"},{"@type":"ListItem","position":2,"name":"UNAMYDESC, desarroll\u00f3 con \u00e9xito la clausura de sus cursos vacacionales"}]},{"@type":"WebSite","@id":"https:\/\/prefecturadeesmeraldas.gob.ec\/#website","url":"https:\/\/prefecturadeesmeraldas.gob.ec\/","name":"Gobierno Aut\u00f3nomo Descentralizado de la Provincia de Esmeraldas","description":"Gobierno Aut\u00f3nomo Descentralizado de la Provincia de Esmeraldas","publisher":{"@id":"https:\/\/prefecturadeesmeraldas.gob.ec\/#organization"},"potentialAction":[{"@type":"SearchAction","target":{"@type":"EntryPoint","urlTemplate":"https:\/\/prefecturadeesmeraldas.gob.ec\/?s={search_term_string}"},"query-input":{"@type":"PropertyValueSpecification","valueRequired":true,"valueName":"search_term_string"}}],"inLanguage":"es"},{"@type":"Organization","@id":"https:\/\/prefecturadeesmeraldas.gob.ec\/#organization","name":"Gobierno Aut\u00f3nomo Descentralizado de la Provincia de Esmeraldas","url":"https:\/\/prefecturadeesmeraldas.gob.ec\/","logo":{"@type":"ImageObject","inLanguage":"es","@id":"https:\/\/prefecturadeesmeraldas.gob.ec\/#\/schema\/logo\/image\/","url":"https:\/\/prefecturadeesmeraldas.gob.ec\/wp-content\/uploads\/2019\/06\/logo.png","contentUrl":"https:\/\/prefecturadeesmeraldas.gob.ec\/wp-content\/uploads\/2019\/06\/logo.png","width":859,"height":448,"caption":"Gobierno Aut\u00f3nomo Descentralizado de la Provincia de Esmeraldas"},"image":{"@id":"https:\/\/prefecturadeesmeraldas.gob.ec\/#\/schema\/logo\/image\/"},"sameAs":["https:\/\/www.facebook.com\/PrefecturaEsmeraldas\/"]},{"@type":"Person","@id":"https:\/\/prefecturadeesmeraldas.gob.ec\/#\/schema\/person\/b0c9e7b1ead7725994d1e319e8825234","name":"Direcci\u00f3n de Comunicaci\u00f3n","image":{"@type":"ImageObject","inLanguage":"es","@id":"https:\/\/prefecturadeesmeraldas.gob.ec\/#\/schema\/person\/image\/","url":"https:\/\/secure.gravatar.com\/avatar\/74a3870a946f5d774ade3569af61a72308e07ad3346f370c4b468ee2a9858658?s=96&d=mm&r=g","contentUrl":"https:\/\/secure.gravatar.com\/avatar\/74a3870a946f5d774ade3569af61a72308e07ad3346f370c4b468ee2a9858658?s=96&d=mm&r=g","caption":"Direcci\u00f3n de Comunicaci\u00f3n"}}]}},"_links":{"self":[{"href":"https:\/\/prefecturadeesmeraldas.gob.ec\/index.php\/wp-json\/wp\/v2\/posts\/15951","targetHints":{"allow":["GET"]}}],"collection":[{"href":"https:\/\/prefecturadeesmeraldas.gob.ec\/index.php\/wp-json\/wp\/v2\/posts"}],"about":[{"href":"https:\/\/prefecturadeesmeraldas.gob.ec\/index.php\/wp-json\/wp\/v2\/types\/post"}],"author":[{"embeddable":true,"href":"https:\/\/prefecturadeesmeraldas.gob.ec\/index.php\/wp-json\/wp\/v2\/users\/2"}],"replies":[{"embeddable":true,"href":"https:\/\/prefecturadeesmeraldas.gob.ec\/index.php\/wp-json\/wp\/v2\/comments?post=15951"}],"version-history":[{"count":0,"href":"https:\/\/prefecturadeesmeraldas.gob.ec\/index.php\/wp-json\/wp\/v2\/posts\/15951\/revisions"}],"wp:featuredmedia":[{"embeddable":true,"href":"https:\/\/prefecturadeesmeraldas.gob.ec\/index.php\/wp-json\/wp\/v2\/media\/15931"}],"wp:attachment":[{"href":"https:\/\/prefecturadeesmeraldas.gob.ec\/index.php\/wp-json\/wp\/v2\/media?parent=15951"}],"wp:term":[{"taxonomy":"category","embeddable":true,"href":"https:\/\/prefecturadeesmeraldas.gob.ec\/index.php\/wp-json\/wp\/v2\/categories?post=15951"},{"taxonomy":"post_tag","embeddable":true,"href":"https:\/\/prefecturadeesmeraldas.gob.ec\/index.php\/wp-json\/wp\/v2\/tags?post=15951"}],"curies":[{"name":"wp","href":"https:\/\/api.w.org\/{rel}","templated":true}]}}