{"id":15870,"date":"2022-04-29T13:56:16","date_gmt":"2022-04-29T18:56:16","guid":{"rendered":"https:\/\/prefecturadeesmeraldas.gob.ec\/?p=15870"},"modified":"2022-04-29T13:57:30","modified_gmt":"2022-04-29T18:57:30","slug":"via-cupa-mancha-de-cana-el-libertador-cumple-con-las-normas-tecnicas-y-ambientales","status":"publish","type":"post","link":"https:\/\/prefecturadeesmeraldas.gob.ec\/index.php\/2022\/04\/29\/via-cupa-mancha-de-cana-el-libertador-cumple-con-las-normas-tecnicas-y-ambientales\/","title":{"rendered":"V\u00eda Cupa \u2013 Mancha de Ca\u00f1a \u2013 El Libertador cumple con las normas t\u00e9cnicas y ambientales"},"content":{"rendered":"\t\t<div data-elementor-type=\"wp-post\" data-elementor-id=\"15870\" class=\"elementor elementor-15870\">\n\t\t\t\t\t\t<section class=\"elementor-section elementor-top-section elementor-element elementor-element-88d4a05 elementor-section-boxed elementor-section-height-default elementor-section-height-default\" data-id=\"88d4a05\" data-element_type=\"section\">\n\t\t\t\t\t\t<div class=\"elementor-container elementor-column-gap-default\">\n\t\t\t\t\t<div class=\"elementor-column elementor-col-100 elementor-top-column elementor-element elementor-element-bd561b8\" data-id=\"bd561b8\" data-element_type=\"column\">\n\t\t\t<div class=\"elementor-widget-wrap elementor-element-populated\">\n\t\t\t\t\t\t<div class=\"elementor-element elementor-element-469580e elementor-widget elementor-widget-image\" data-id=\"469580e\" data-element_type=\"widget\" data-widget_type=\"image.default\">\n\t\t\t\t<div class=\"elementor-widget-container\">\n\t\t\t\t\t\t\t\t\t\t\t\t\t\t\t<img fetchpriority=\"high\" decoding=\"async\" width=\"369\" height=\"366\" src=\"https:\/\/prefecturadeesmeraldas.gob.ec\/wp-content\/uploads\/2022\/04\/Imagen14.jpg\" class=\"attachment-large size-large wp-image-15871\" alt=\"\" srcset=\"https:\/\/prefecturadeesmeraldas.gob.ec\/wp-content\/uploads\/2022\/04\/Imagen14.jpg 369w, https:\/\/prefecturadeesmeraldas.gob.ec\/wp-content\/uploads\/2022\/04\/Imagen14-150x150.jpg 150w, https:\/\/prefecturadeesmeraldas.gob.ec\/wp-content\/uploads\/2022\/04\/Imagen14-300x298.jpg 300w\" sizes=\"(max-width: 369px) 100vw, 369px\" \/>\t\t\t\t\t\t\t\t\t\t\t\t\t\t\t<\/div>\n\t\t\t\t<\/div>\n\t\t\t\t\t<\/div>\n\t\t<\/div>\n\t\t\t\t\t<\/div>\n\t\t<\/section>\n\t\t\t\t<section class=\"elementor-section elementor-top-section elementor-element elementor-element-a70d7f1 elementor-section-boxed elementor-section-height-default elementor-section-height-default\" data-id=\"a70d7f1\" data-element_type=\"section\">\n\t\t\t\t\t\t<div class=\"elementor-container elementor-column-gap-default\">\n\t\t\t\t\t<div class=\"elementor-column elementor-col-100 elementor-top-column elementor-element elementor-element-9ba610d\" data-id=\"9ba610d\" data-element_type=\"column\">\n\t\t\t<div class=\"elementor-widget-wrap elementor-element-populated\">\n\t\t\t\t\t\t<div class=\"elementor-element elementor-element-944ff35 elementor-widget elementor-widget-text-editor\" data-id=\"944ff35\" data-element_type=\"widget\" data-widget_type=\"text-editor.default\">\n\t\t\t\t<div class=\"elementor-widget-container\">\n\t\t\t\t\t\t\t\t\t<p>El equipo de fiscalizaci\u00f3n conformado por t\u00e9cnicos de Ecuafil y Prefectura de Esmeraldas realizaron un recorrido por esta importante arteria vial, con el objetivo de verificar si dicha v\u00eda cumple con lo est\u00e1ndares de calidad y ambientales.<\/p><p>Vinicio Panchi, t\u00e9cnico de Ecuafil, indic\u00f3 que se han realizado los respectivos estudios sobre los componentes utilizados en la colocaci\u00f3n de la base estabilizada y micro pavimento, los cuales cumplen con los est\u00e1ndares de calidad.<\/p><p>De igual manera, Carlos L\u00f3pez, se\u00f1al\u00f3 que el proyecto cuenta con licencia ambiental tipo 2, la cual permite que se desarrollen obras viales en espacios o lugares donde exista abundante vegetaci\u00f3n.<\/p><p>L\u00f3pez, agreg\u00f3 que se est\u00e1 cumpliendo con las buenas pr\u00e1cticas ambientales y apegadas a las normativas interna del Gobierno Provincial de Esmeraldas para evitar impactos negativos que atenten contra la naturaleza.<\/p><p>Francisco Santamaria, t\u00e9cnico del Consorcio Road Construction, responsable de la construcci\u00f3n de la carretera, manifest\u00f3 que la obra se entr\u00f3 en su fase final, por lo cual, se est\u00e1 colocando las \u00faltimas capas de micro pavimento para en lo posterior ejecutar los trabajos de se\u00f1alizaci\u00f3n horizontal.<\/p><p>Adem\u00e1s, a\u00f1adi\u00f3 que hay observaciones positivas por parte de la empresa externa encargada de fiscalizar la obra.<\/p>\t\t\t\t\t\t\t\t<\/div>\n\t\t\t\t<\/div>\n\t\t\t\t\t<\/div>\n\t\t<\/div>\n\t\t\t\t\t<\/div>\n\t\t<\/section>\n\t\t\t\t<\/div>\n\t\t","protected":false},"excerpt":{"rendered":"<p>El equipo de fiscalizaci\u00f3n conformado por t\u00e9cnicos de Ecuafil y Prefectura de Esmeraldas realizaron un recorrido por esta importante arteria vial, con el objetivo de verificar si dicha v\u00eda cumple con lo est\u00e1ndares de calidad y ambientales. Vinicio Panchi, t\u00e9cnico de Ecuafil, indic\u00f3 que se han realizado los respectivos estudios sobre los componentes utilizados en [&hellip;]<\/p>\n","protected":false},"author":2,"featured_media":15871,"comment_status":"closed","ping_status":"open","sticky":false,"template":"","format":"standard","meta":{"footnotes":""},"categories":[14],"tags":[],"class_list":["post-15870","post","type-post","status-publish","format-standard","has-post-thumbnail","hentry","category-vialidad"],"yoast_head":"<!-- This site is optimized with the Yoast SEO plugin v25.7 - https:\/\/yoast.com\/wordpress\/plugins\/seo\/ -->\n<title>V\u00eda Cupa \u2013 Mancha de Ca\u00f1a \u2013 El Libertador cumple con las normas t\u00e9cnicas y ambientales - Gobierno Aut\u00f3nomo Descentralizado de la Provincia de Esmeraldas<\/title>\n<meta name=\"robots\" content=\"index, follow, max-snippet:-1, max-image-preview:large, max-video-preview:-1\" \/>\n<link rel=\"canonical\" href=\"https:\/\/prefecturadeesmeraldas.gob.ec\/index.php\/2022\/04\/29\/via-cupa-mancha-de-cana-el-libertador-cumple-con-las-normas-tecnicas-y-ambientales\/\" \/>\n<meta property=\"og:locale\" content=\"es_ES\" \/>\n<meta property=\"og:type\" content=\"article\" \/>\n<meta property=\"og:title\" content=\"V\u00eda Cupa \u2013 Mancha de Ca\u00f1a \u2013 El Libertador cumple con las normas t\u00e9cnicas y ambientales - Gobierno Aut\u00f3nomo Descentralizado de la Provincia de Esmeraldas\" \/>\n<meta property=\"og:description\" content=\"El equipo de fiscalizaci\u00f3n conformado por t\u00e9cnicos de Ecuafil y Prefectura de Esmeraldas realizaron un recorrido por esta importante arteria vial, con el objetivo de verificar si dicha v\u00eda cumple con lo est\u00e1ndares de calidad y ambientales. Vinicio Panchi, t\u00e9cnico de Ecuafil, indic\u00f3 que se han realizado los respectivos estudios sobre los componentes utilizados en [&hellip;]\" \/>\n<meta property=\"og:url\" content=\"https:\/\/prefecturadeesmeraldas.gob.ec\/index.php\/2022\/04\/29\/via-cupa-mancha-de-cana-el-libertador-cumple-con-las-normas-tecnicas-y-ambientales\/\" \/>\n<meta property=\"og:site_name\" content=\"Gobierno Aut\u00f3nomo Descentralizado de la Provincia de Esmeraldas\" \/>\n<meta property=\"article:publisher\" content=\"https:\/\/www.facebook.com\/PrefecturaEsmeraldas\/\" \/>\n<meta property=\"article:published_time\" content=\"2022-04-29T18:56:16+00:00\" \/>\n<meta property=\"article:modified_time\" content=\"2022-04-29T18:57:30+00:00\" \/>\n<meta property=\"og:image\" content=\"https:\/\/prefecturadeesmeraldas.gob.ec\/wp-content\/uploads\/2022\/04\/Imagen14.jpg\" \/>\n\t<meta property=\"og:image:width\" content=\"369\" \/>\n\t<meta property=\"og:image:height\" content=\"366\" \/>\n\t<meta property=\"og:image:type\" content=\"image\/jpeg\" \/>\n<meta name=\"author\" content=\"Direcci\u00f3n de Comunicaci\u00f3n\" \/>\n<meta name=\"twitter:card\" content=\"summary_large_image\" \/>\n<meta name=\"twitter:label1\" content=\"Escrito por\" \/>\n\t<meta name=\"twitter:data1\" content=\"Direcci\u00f3n de Comunicaci\u00f3n\" \/>\n\t<meta name=\"twitter:label2\" content=\"Tiempo de lectura\" \/>\n\t<meta name=\"twitter:data2\" content=\"1 minuto\" \/>\n<script type=\"application\/ld+json\" class=\"yoast-schema-graph\">{\"@context\":\"https:\/\/schema.org\",\"@graph\":[{\"@type\":\"Article\",\"@id\":\"https:\/\/prefecturadeesmeraldas.gob.ec\/index.php\/2022\/04\/29\/via-cupa-mancha-de-cana-el-libertador-cumple-con-las-normas-tecnicas-y-ambientales\/#article\",\"isPartOf\":{\"@id\":\"https:\/\/prefecturadeesmeraldas.gob.ec\/index.php\/2022\/04\/29\/via-cupa-mancha-de-cana-el-libertador-cumple-con-las-normas-tecnicas-y-ambientales\/\"},\"author\":{\"name\":\"Direcci\u00f3n de Comunicaci\u00f3n\",\"@id\":\"https:\/\/prefecturadeesmeraldas.gob.ec\/#\/schema\/person\/b0c9e7b1ead7725994d1e319e8825234\"},\"headline\":\"V\u00eda Cupa \u2013 Mancha de Ca\u00f1a \u2013 El Libertador cumple con las normas t\u00e9cnicas y ambientales\",\"datePublished\":\"2022-04-29T18:56:16+00:00\",\"dateModified\":\"2022-04-29T18:57:30+00:00\",\"mainEntityOfPage\":{\"@id\":\"https:\/\/prefecturadeesmeraldas.gob.ec\/index.php\/2022\/04\/29\/via-cupa-mancha-de-cana-el-libertador-cumple-con-las-normas-tecnicas-y-ambientales\/\"},\"wordCount\":231,\"publisher\":{\"@id\":\"https:\/\/prefecturadeesmeraldas.gob.ec\/#organization\"},\"image\":{\"@id\":\"https:\/\/prefecturadeesmeraldas.gob.ec\/index.php\/2022\/04\/29\/via-cupa-mancha-de-cana-el-libertador-cumple-con-las-normas-tecnicas-y-ambientales\/#primaryimage\"},\"thumbnailUrl\":\"https:\/\/prefecturadeesmeraldas.gob.ec\/wp-content\/uploads\/2022\/04\/Imagen14.jpg\",\"articleSection\":[\"Vialidad\"],\"inLanguage\":\"es\"},{\"@type\":\"WebPage\",\"@id\":\"https:\/\/prefecturadeesmeraldas.gob.ec\/index.php\/2022\/04\/29\/via-cupa-mancha-de-cana-el-libertador-cumple-con-las-normas-tecnicas-y-ambientales\/\",\"url\":\"https:\/\/prefecturadeesmeraldas.gob.ec\/index.php\/2022\/04\/29\/via-cupa-mancha-de-cana-el-libertador-cumple-con-las-normas-tecnicas-y-ambientales\/\",\"name\":\"V\u00eda Cupa \u2013 Mancha de Ca\u00f1a \u2013 El Libertador cumple con las normas t\u00e9cnicas y ambientales - Gobierno Aut\u00f3nomo Descentralizado de la Provincia de Esmeraldas\",\"isPartOf\":{\"@id\":\"https:\/\/prefecturadeesmeraldas.gob.ec\/#website\"},\"primaryImageOfPage\":{\"@id\":\"https:\/\/prefecturadeesmeraldas.gob.ec\/index.php\/2022\/04\/29\/via-cupa-mancha-de-cana-el-libertador-cumple-con-las-normas-tecnicas-y-ambientales\/#primaryimage\"},\"image\":{\"@id\":\"https:\/\/prefecturadeesmeraldas.gob.ec\/index.php\/2022\/04\/29\/via-cupa-mancha-de-cana-el-libertador-cumple-con-las-normas-tecnicas-y-ambientales\/#primaryimage\"},\"thumbnailUrl\":\"https:\/\/prefecturadeesmeraldas.gob.ec\/wp-content\/uploads\/2022\/04\/Imagen14.jpg\",\"datePublished\":\"2022-04-29T18:56:16+00:00\",\"dateModified\":\"2022-04-29T18:57:30+00:00\",\"breadcrumb\":{\"@id\":\"https:\/\/prefecturadeesmeraldas.gob.ec\/index.php\/2022\/04\/29\/via-cupa-mancha-de-cana-el-libertador-cumple-con-las-normas-tecnicas-y-ambientales\/#breadcrumb\"},\"inLanguage\":\"es\",\"potentialAction\":[{\"@type\":\"ReadAction\",\"target\":[\"https:\/\/prefecturadeesmeraldas.gob.ec\/index.php\/2022\/04\/29\/via-cupa-mancha-de-cana-el-libertador-cumple-con-las-normas-tecnicas-y-ambientales\/\"]}]},{\"@type\":\"ImageObject\",\"inLanguage\":\"es\",\"@id\":\"https:\/\/prefecturadeesmeraldas.gob.ec\/index.php\/2022\/04\/29\/via-cupa-mancha-de-cana-el-libertador-cumple-con-las-normas-tecnicas-y-ambientales\/#primaryimage\",\"url\":\"https:\/\/prefecturadeesmeraldas.gob.ec\/wp-content\/uploads\/2022\/04\/Imagen14.jpg\",\"contentUrl\":\"https:\/\/prefecturadeesmeraldas.gob.ec\/wp-content\/uploads\/2022\/04\/Imagen14.jpg\",\"width\":369,\"height\":366},{\"@type\":\"BreadcrumbList\",\"@id\":\"https:\/\/prefecturadeesmeraldas.gob.ec\/index.php\/2022\/04\/29\/via-cupa-mancha-de-cana-el-libertador-cumple-con-las-normas-tecnicas-y-ambientales\/#breadcrumb\",\"itemListElement\":[{\"@type\":\"ListItem\",\"position\":1,\"name\":\"Home\",\"item\":\"https:\/\/prefecturadeesmeraldas.gob.ec\/\"},{\"@type\":\"ListItem\",\"position\":2,\"name\":\"V\u00eda Cupa \u2013 Mancha de Ca\u00f1a \u2013 El Libertador cumple con las normas t\u00e9cnicas y ambientales\"}]},{\"@type\":\"WebSite\",\"@id\":\"https:\/\/prefecturadeesmeraldas.gob.ec\/#website\",\"url\":\"https:\/\/prefecturadeesmeraldas.gob.ec\/\",\"name\":\"Gobierno Aut\u00f3nomo Descentralizado de la Provincia de Esmeraldas\",\"description\":\"Gobierno Aut\u00f3nomo Descentralizado de la Provincia de Esmeraldas\",\"publisher\":{\"@id\":\"https:\/\/prefecturadeesmeraldas.gob.ec\/#organization\"},\"potentialAction\":[{\"@type\":\"SearchAction\",\"target\":{\"@type\":\"EntryPoint\",\"urlTemplate\":\"https:\/\/prefecturadeesmeraldas.gob.ec\/?s={search_term_string}\"},\"query-input\":{\"@type\":\"PropertyValueSpecification\",\"valueRequired\":true,\"valueName\":\"search_term_string\"}}],\"inLanguage\":\"es\"},{\"@type\":\"Organization\",\"@id\":\"https:\/\/prefecturadeesmeraldas.gob.ec\/#organization\",\"name\":\"Gobierno Aut\u00f3nomo Descentralizado de la Provincia de Esmeraldas\",\"url\":\"https:\/\/prefecturadeesmeraldas.gob.ec\/\",\"logo\":{\"@type\":\"ImageObject\",\"inLanguage\":\"es\",\"@id\":\"https:\/\/prefecturadeesmeraldas.gob.ec\/#\/schema\/logo\/image\/\",\"url\":\"https:\/\/prefecturadeesmeraldas.gob.ec\/wp-content\/uploads\/2019\/06\/logo.png\",\"contentUrl\":\"https:\/\/prefecturadeesmeraldas.gob.ec\/wp-content\/uploads\/2019\/06\/logo.png\",\"width\":859,\"height\":448,\"caption\":\"Gobierno Aut\u00f3nomo Descentralizado de la Provincia de Esmeraldas\"},\"image\":{\"@id\":\"https:\/\/prefecturadeesmeraldas.gob.ec\/#\/schema\/logo\/image\/\"},\"sameAs\":[\"https:\/\/www.facebook.com\/PrefecturaEsmeraldas\/\"]},{\"@type\":\"Person\",\"@id\":\"https:\/\/prefecturadeesmeraldas.gob.ec\/#\/schema\/person\/b0c9e7b1ead7725994d1e319e8825234\",\"name\":\"Direcci\u00f3n de Comunicaci\u00f3n\",\"image\":{\"@type\":\"ImageObject\",\"inLanguage\":\"es\",\"@id\":\"https:\/\/prefecturadeesmeraldas.gob.ec\/#\/schema\/person\/image\/\",\"url\":\"https:\/\/secure.gravatar.com\/avatar\/74a3870a946f5d774ade3569af61a72308e07ad3346f370c4b468ee2a9858658?s=96&d=mm&r=g\",\"contentUrl\":\"https:\/\/secure.gravatar.com\/avatar\/74a3870a946f5d774ade3569af61a72308e07ad3346f370c4b468ee2a9858658?s=96&d=mm&r=g\",\"caption\":\"Direcci\u00f3n de Comunicaci\u00f3n\"}}]}<\/script>\n<!-- \/ Yoast SEO plugin. -->","yoast_head_json":{"title":"V\u00eda Cupa \u2013 Mancha de Ca\u00f1a \u2013 El Libertador cumple con las normas t\u00e9cnicas y ambientales - Gobierno Aut\u00f3nomo Descentralizado de la Provincia de Esmeraldas","robots":{"index":"index","follow":"follow","max-snippet":"max-snippet:-1","max-image-preview":"max-image-preview:large","max-video-preview":"max-video-preview:-1"},"canonical":"https:\/\/prefecturadeesmeraldas.gob.ec\/index.php\/2022\/04\/29\/via-cupa-mancha-de-cana-el-libertador-cumple-con-las-normas-tecnicas-y-ambientales\/","og_locale":"es_ES","og_type":"article","og_title":"V\u00eda Cupa \u2013 Mancha de Ca\u00f1a \u2013 El Libertador cumple con las normas t\u00e9cnicas y ambientales - Gobierno Aut\u00f3nomo Descentralizado de la Provincia de Esmeraldas","og_description":"El equipo de fiscalizaci\u00f3n conformado por t\u00e9cnicos de Ecuafil y Prefectura de Esmeraldas realizaron un recorrido por esta importante arteria vial, con el objetivo de verificar si dicha v\u00eda cumple con lo est\u00e1ndares de calidad y ambientales. Vinicio Panchi, t\u00e9cnico de Ecuafil, indic\u00f3 que se han realizado los respectivos estudios sobre los componentes utilizados en [&hellip;]","og_url":"https:\/\/prefecturadeesmeraldas.gob.ec\/index.php\/2022\/04\/29\/via-cupa-mancha-de-cana-el-libertador-cumple-con-las-normas-tecnicas-y-ambientales\/","og_site_name":"Gobierno Aut\u00f3nomo Descentralizado de la Provincia de Esmeraldas","article_publisher":"https:\/\/www.facebook.com\/PrefecturaEsmeraldas\/","article_published_time":"2022-04-29T18:56:16+00:00","article_modified_time":"2022-04-29T18:57:30+00:00","og_image":[{"width":369,"height":366,"url":"https:\/\/prefecturadeesmeraldas.gob.ec\/wp-content\/uploads\/2022\/04\/Imagen14.jpg","type":"image\/jpeg"}],"author":"Direcci\u00f3n de Comunicaci\u00f3n","twitter_card":"summary_large_image","twitter_misc":{"Escrito por":"Direcci\u00f3n de Comunicaci\u00f3n","Tiempo de lectura":"1 minuto"},"schema":{"@context":"https:\/\/schema.org","@graph":[{"@type":"Article","@id":"https:\/\/prefecturadeesmeraldas.gob.ec\/index.php\/2022\/04\/29\/via-cupa-mancha-de-cana-el-libertador-cumple-con-las-normas-tecnicas-y-ambientales\/#article","isPartOf":{"@id":"https:\/\/prefecturadeesmeraldas.gob.ec\/index.php\/2022\/04\/29\/via-cupa-mancha-de-cana-el-libertador-cumple-con-las-normas-tecnicas-y-ambientales\/"},"author":{"name":"Direcci\u00f3n de Comunicaci\u00f3n","@id":"https:\/\/prefecturadeesmeraldas.gob.ec\/#\/schema\/person\/b0c9e7b1ead7725994d1e319e8825234"},"headline":"V\u00eda Cupa \u2013 Mancha de Ca\u00f1a \u2013 El Libertador cumple con las normas t\u00e9cnicas y ambientales","datePublished":"2022-04-29T18:56:16+00:00","dateModified":"2022-04-29T18:57:30+00:00","mainEntityOfPage":{"@id":"https:\/\/prefecturadeesmeraldas.gob.ec\/index.php\/2022\/04\/29\/via-cupa-mancha-de-cana-el-libertador-cumple-con-las-normas-tecnicas-y-ambientales\/"},"wordCount":231,"publisher":{"@id":"https:\/\/prefecturadeesmeraldas.gob.ec\/#organization"},"image":{"@id":"https:\/\/prefecturadeesmeraldas.gob.ec\/index.php\/2022\/04\/29\/via-cupa-mancha-de-cana-el-libertador-cumple-con-las-normas-tecnicas-y-ambientales\/#primaryimage"},"thumbnailUrl":"https:\/\/prefecturadeesmeraldas.gob.ec\/wp-content\/uploads\/2022\/04\/Imagen14.jpg","articleSection":["Vialidad"],"inLanguage":"es"},{"@type":"WebPage","@id":"https:\/\/prefecturadeesmeraldas.gob.ec\/index.php\/2022\/04\/29\/via-cupa-mancha-de-cana-el-libertador-cumple-con-las-normas-tecnicas-y-ambientales\/","url":"https:\/\/prefecturadeesmeraldas.gob.ec\/index.php\/2022\/04\/29\/via-cupa-mancha-de-cana-el-libertador-cumple-con-las-normas-tecnicas-y-ambientales\/","name":"V\u00eda Cupa \u2013 Mancha de Ca\u00f1a \u2013 El Libertador cumple con las normas t\u00e9cnicas y ambientales - Gobierno Aut\u00f3nomo Descentralizado de la Provincia de Esmeraldas","isPartOf":{"@id":"https:\/\/prefecturadeesmeraldas.gob.ec\/#website"},"primaryImageOfPage":{"@id":"https:\/\/prefecturadeesmeraldas.gob.ec\/index.php\/2022\/04\/29\/via-cupa-mancha-de-cana-el-libertador-cumple-con-las-normas-tecnicas-y-ambientales\/#primaryimage"},"image":{"@id":"https:\/\/prefecturadeesmeraldas.gob.ec\/index.php\/2022\/04\/29\/via-cupa-mancha-de-cana-el-libertador-cumple-con-las-normas-tecnicas-y-ambientales\/#primaryimage"},"thumbnailUrl":"https:\/\/prefecturadeesmeraldas.gob.ec\/wp-content\/uploads\/2022\/04\/Imagen14.jpg","datePublished":"2022-04-29T18:56:16+00:00","dateModified":"2022-04-29T18:57:30+00:00","breadcrumb":{"@id":"https:\/\/prefecturadeesmeraldas.gob.ec\/index.php\/2022\/04\/29\/via-cupa-mancha-de-cana-el-libertador-cumple-con-las-normas-tecnicas-y-ambientales\/#breadcrumb"},"inLanguage":"es","potentialAction":[{"@type":"ReadAction","target":["https:\/\/prefecturadeesmeraldas.gob.ec\/index.php\/2022\/04\/29\/via-cupa-mancha-de-cana-el-libertador-cumple-con-las-normas-tecnicas-y-ambientales\/"]}]},{"@type":"ImageObject","inLanguage":"es","@id":"https:\/\/prefecturadeesmeraldas.gob.ec\/index.php\/2022\/04\/29\/via-cupa-mancha-de-cana-el-libertador-cumple-con-las-normas-tecnicas-y-ambientales\/#primaryimage","url":"https:\/\/prefecturadeesmeraldas.gob.ec\/wp-content\/uploads\/2022\/04\/Imagen14.jpg","contentUrl":"https:\/\/prefecturadeesmeraldas.gob.ec\/wp-content\/uploads\/2022\/04\/Imagen14.jpg","width":369,"height":366},{"@type":"BreadcrumbList","@id":"https:\/\/prefecturadeesmeraldas.gob.ec\/index.php\/2022\/04\/29\/via-cupa-mancha-de-cana-el-libertador-cumple-con-las-normas-tecnicas-y-ambientales\/#breadcrumb","itemListElement":[{"@type":"ListItem","position":1,"name":"Home","item":"https:\/\/prefecturadeesmeraldas.gob.ec\/"},{"@type":"ListItem","position":2,"name":"V\u00eda Cupa \u2013 Mancha de Ca\u00f1a \u2013 El Libertador cumple con las normas t\u00e9cnicas y ambientales"}]},{"@type":"WebSite","@id":"https:\/\/prefecturadeesmeraldas.gob.ec\/#website","url":"https:\/\/prefecturadeesmeraldas.gob.ec\/","name":"Gobierno Aut\u00f3nomo Descentralizado de la Provincia de Esmeraldas","description":"Gobierno Aut\u00f3nomo Descentralizado de la Provincia de Esmeraldas","publisher":{"@id":"https:\/\/prefecturadeesmeraldas.gob.ec\/#organization"},"potentialAction":[{"@type":"SearchAction","target":{"@type":"EntryPoint","urlTemplate":"https:\/\/prefecturadeesmeraldas.gob.ec\/?s={search_term_string}"},"query-input":{"@type":"PropertyValueSpecification","valueRequired":true,"valueName":"search_term_string"}}],"inLanguage":"es"},{"@type":"Organization","@id":"https:\/\/prefecturadeesmeraldas.gob.ec\/#organization","name":"Gobierno Aut\u00f3nomo Descentralizado de la Provincia de Esmeraldas","url":"https:\/\/prefecturadeesmeraldas.gob.ec\/","logo":{"@type":"ImageObject","inLanguage":"es","@id":"https:\/\/prefecturadeesmeraldas.gob.ec\/#\/schema\/logo\/image\/","url":"https:\/\/prefecturadeesmeraldas.gob.ec\/wp-content\/uploads\/2019\/06\/logo.png","contentUrl":"https:\/\/prefecturadeesmeraldas.gob.ec\/wp-content\/uploads\/2019\/06\/logo.png","width":859,"height":448,"caption":"Gobierno Aut\u00f3nomo Descentralizado de la Provincia de Esmeraldas"},"image":{"@id":"https:\/\/prefecturadeesmeraldas.gob.ec\/#\/schema\/logo\/image\/"},"sameAs":["https:\/\/www.facebook.com\/PrefecturaEsmeraldas\/"]},{"@type":"Person","@id":"https:\/\/prefecturadeesmeraldas.gob.ec\/#\/schema\/person\/b0c9e7b1ead7725994d1e319e8825234","name":"Direcci\u00f3n de Comunicaci\u00f3n","image":{"@type":"ImageObject","inLanguage":"es","@id":"https:\/\/prefecturadeesmeraldas.gob.ec\/#\/schema\/person\/image\/","url":"https:\/\/secure.gravatar.com\/avatar\/74a3870a946f5d774ade3569af61a72308e07ad3346f370c4b468ee2a9858658?s=96&d=mm&r=g","contentUrl":"https:\/\/secure.gravatar.com\/avatar\/74a3870a946f5d774ade3569af61a72308e07ad3346f370c4b468ee2a9858658?s=96&d=mm&r=g","caption":"Direcci\u00f3n de Comunicaci\u00f3n"}}]}},"_links":{"self":[{"href":"https:\/\/prefecturadeesmeraldas.gob.ec\/index.php\/wp-json\/wp\/v2\/posts\/15870","targetHints":{"allow":["GET"]}}],"collection":[{"href":"https:\/\/prefecturadeesmeraldas.gob.ec\/index.php\/wp-json\/wp\/v2\/posts"}],"about":[{"href":"https:\/\/prefecturadeesmeraldas.gob.ec\/index.php\/wp-json\/wp\/v2\/types\/post"}],"author":[{"embeddable":true,"href":"https:\/\/prefecturadeesmeraldas.gob.ec\/index.php\/wp-json\/wp\/v2\/users\/2"}],"replies":[{"embeddable":true,"href":"https:\/\/prefecturadeesmeraldas.gob.ec\/index.php\/wp-json\/wp\/v2\/comments?post=15870"}],"version-history":[{"count":0,"href":"https:\/\/prefecturadeesmeraldas.gob.ec\/index.php\/wp-json\/wp\/v2\/posts\/15870\/revisions"}],"wp:featuredmedia":[{"embeddable":true,"href":"https:\/\/prefecturadeesmeraldas.gob.ec\/index.php\/wp-json\/wp\/v2\/media\/15871"}],"wp:attachment":[{"href":"https:\/\/prefecturadeesmeraldas.gob.ec\/index.php\/wp-json\/wp\/v2\/media?parent=15870"}],"wp:term":[{"taxonomy":"category","embeddable":true,"href":"https:\/\/prefecturadeesmeraldas.gob.ec\/index.php\/wp-json\/wp\/v2\/categories?post=15870"},{"taxonomy":"post_tag","embeddable":true,"href":"https:\/\/prefecturadeesmeraldas.gob.ec\/index.php\/wp-json\/wp\/v2\/tags?post=15870"}],"curies":[{"name":"wp","href":"https:\/\/api.w.org\/{rel}","templated":true}]}}