{"id":1572,"date":"2019-10-01T15:42:00","date_gmt":"2019-10-01T20:42:00","guid":{"rendered":"http:\/\/prefecturadeesmeraldas.gob.ec\/?p=1572"},"modified":"2019-10-01T15:42:32","modified_gmt":"2019-10-01T20:42:32","slug":"prefectura-interviene-14-km-de-via-en-parroquia-rural-del-canton-san-lorenzo","status":"publish","type":"post","link":"https:\/\/prefecturadeesmeraldas.gob.ec\/index.php\/2019\/10\/01\/prefectura-interviene-14-km-de-via-en-parroquia-rural-del-canton-san-lorenzo\/","title":{"rendered":"Prefectura interviene 14 Km de v\u00eda en parroquia rural del cant\u00f3n San Lorenzo"},"content":{"rendered":"\t\t<div data-elementor-type=\"wp-post\" data-elementor-id=\"1572\" class=\"elementor elementor-1572\">\n\t\t\t\t\t\t<section class=\"elementor-section elementor-top-section elementor-element elementor-element-435b1e9 elementor-section-boxed elementor-section-height-default elementor-section-height-default\" data-id=\"435b1e9\" data-element_type=\"section\">\n\t\t\t\t\t\t<div class=\"elementor-container elementor-column-gap-default\">\n\t\t\t\t\t<div class=\"elementor-column elementor-col-100 elementor-top-column elementor-element elementor-element-bca09f1\" data-id=\"bca09f1\" data-element_type=\"column\">\n\t\t\t<div class=\"elementor-widget-wrap elementor-element-populated\">\n\t\t\t\t\t\t<div class=\"elementor-element elementor-element-1ce3e3c elementor-widget elementor-widget-image\" data-id=\"1ce3e3c\" data-element_type=\"widget\" data-widget_type=\"image.default\">\n\t\t\t\t<div class=\"elementor-widget-container\">\n\t\t\t\t\t\t\t\t\t\t\t\t\t\t\t<img fetchpriority=\"high\" decoding=\"async\" width=\"1024\" height=\"806\" src=\"https:\/\/prefecturadeesmeraldas.gob.ec\/wp-content\/uploads\/2019\/10\/WhatsApp-Image-2019-10-01-at-15.20.56-1024x806.jpeg\" class=\"attachment-large size-large wp-image-1573\" alt=\"\" srcset=\"https:\/\/prefecturadeesmeraldas.gob.ec\/wp-content\/uploads\/2019\/10\/WhatsApp-Image-2019-10-01-at-15.20.56-1024x806.jpeg 1024w, https:\/\/prefecturadeesmeraldas.gob.ec\/wp-content\/uploads\/2019\/10\/WhatsApp-Image-2019-10-01-at-15.20.56-300x236.jpeg 300w, https:\/\/prefecturadeesmeraldas.gob.ec\/wp-content\/uploads\/2019\/10\/WhatsApp-Image-2019-10-01-at-15.20.56-768x604.jpeg 768w, https:\/\/prefecturadeesmeraldas.gob.ec\/wp-content\/uploads\/2019\/10\/WhatsApp-Image-2019-10-01-at-15.20.56.jpeg 1080w\" sizes=\"(max-width: 1024px) 100vw, 1024px\" \/>\t\t\t\t\t\t\t\t\t\t\t\t\t\t\t<\/div>\n\t\t\t\t<\/div>\n\t\t\t\t\t<\/div>\n\t\t<\/div>\n\t\t\t\t\t<\/div>\n\t\t<\/section>\n\t\t\t\t<section class=\"elementor-section elementor-top-section elementor-element elementor-element-264d932 elementor-section-boxed elementor-section-height-default elementor-section-height-default\" data-id=\"264d932\" data-element_type=\"section\">\n\t\t\t\t\t\t<div class=\"elementor-container elementor-column-gap-default\">\n\t\t\t\t\t<div class=\"elementor-column elementor-col-100 elementor-top-column elementor-element elementor-element-6625c7b\" data-id=\"6625c7b\" data-element_type=\"column\">\n\t\t\t<div class=\"elementor-widget-wrap elementor-element-populated\">\n\t\t\t\t\t\t<div class=\"elementor-element elementor-element-ce78011 elementor-widget elementor-widget-text-editor\" data-id=\"ce78011\" data-element_type=\"widget\" data-widget_type=\"text-editor.default\">\n\t\t\t\t<div class=\"elementor-widget-container\">\n\t\t\t\t\t\t\t\t\t<p>Justo Lemos, es agricultor de la <strong>parroquia Concepci\u00f3n, en el cant\u00f3n San Lorenzo<\/strong>. Con su mirada que irradia esperanza, observaba fijamente como el equipo caminero de la Prefectura est\u00e1 mejorando la vialidad de varias comunidades de la zona.<\/p><p>\u201cEn la anterior administraci\u00f3n estuvimos abandonados, en este sector las obras nunca llegaron. Estoy muy agradecido con la Prefecta Roberta Zambrano por arreglar esta v\u00eda\u201d, indic\u00f3 Justo Lemos.<\/p><p>La Prefectura ratificando el compromiso que tiene con los habitantes de la provincia de Esmeraldas, realiza la reconformaci\u00f3n de la subrasante, limpieza de cunetas y espaldones, mejorando el camino vecinal Yalar\u00e9 &#8211; Concepci\u00f3n.<\/p><p>Por otro lado, Jes\u00fas Cede\u00f1o, transportista de la localidad, indic\u00f3 que la v\u00eda estaba da\u00f1ada debido a la gran cantidad de baches que exist\u00eda y adem\u00e1s hubo muchos percances que se suscitaron. \u201cEste trabajo beneficiar\u00e1 a los transportistas, agricultores y moradores de varias comunidades\u201d.<\/p>\t\t\t\t\t\t\t\t<\/div>\n\t\t\t\t<\/div>\n\t\t\t\t\t<\/div>\n\t\t<\/div>\n\t\t\t\t\t<\/div>\n\t\t<\/section>\n\t\t\t\t<\/div>\n\t\t","protected":false},"excerpt":{"rendered":"<p>Justo Lemos, es agricultor de la parroquia Concepci\u00f3n, en el cant\u00f3n San Lorenzo. Con su mirada que irradia esperanza, observaba fijamente como el equipo caminero de la Prefectura est\u00e1 mejorando la vialidad de varias comunidades de la zona. \u201cEn la anterior administraci\u00f3n estuvimos abandonados, en este sector las obras nunca llegaron. Estoy muy agradecido con [&hellip;]<\/p>\n","protected":false},"author":2,"featured_media":1573,"comment_status":"closed","ping_status":"open","sticky":false,"template":"","format":"standard","meta":{"footnotes":""},"categories":[14],"tags":[],"class_list":["post-1572","post","type-post","status-publish","format-standard","has-post-thumbnail","hentry","category-vialidad"],"yoast_head":"<!-- This site is optimized with the Yoast SEO plugin v25.7 - https:\/\/yoast.com\/wordpress\/plugins\/seo\/ -->\n<title>Prefectura interviene 14 Km de v\u00eda en parroquia rural del cant\u00f3n San Lorenzo - Gobierno Aut\u00f3nomo Descentralizado de la Provincia de Esmeraldas<\/title>\n<meta name=\"robots\" content=\"index, follow, max-snippet:-1, max-image-preview:large, max-video-preview:-1\" \/>\n<link rel=\"canonical\" href=\"https:\/\/prefecturadeesmeraldas.gob.ec\/index.php\/2019\/10\/01\/prefectura-interviene-14-km-de-via-en-parroquia-rural-del-canton-san-lorenzo\/\" \/>\n<meta property=\"og:locale\" content=\"es_ES\" \/>\n<meta property=\"og:type\" content=\"article\" \/>\n<meta property=\"og:title\" content=\"Prefectura interviene 14 Km de v\u00eda en parroquia rural del cant\u00f3n San Lorenzo - Gobierno Aut\u00f3nomo Descentralizado de la Provincia de Esmeraldas\" \/>\n<meta property=\"og:description\" content=\"Justo Lemos, es agricultor de la parroquia Concepci\u00f3n, en el cant\u00f3n San Lorenzo. Con su mirada que irradia esperanza, observaba fijamente como el equipo caminero de la Prefectura est\u00e1 mejorando la vialidad de varias comunidades de la zona. \u201cEn la anterior administraci\u00f3n estuvimos abandonados, en este sector las obras nunca llegaron. Estoy muy agradecido con [&hellip;]\" \/>\n<meta property=\"og:url\" content=\"https:\/\/prefecturadeesmeraldas.gob.ec\/index.php\/2019\/10\/01\/prefectura-interviene-14-km-de-via-en-parroquia-rural-del-canton-san-lorenzo\/\" \/>\n<meta property=\"og:site_name\" content=\"Gobierno Aut\u00f3nomo Descentralizado de la Provincia de Esmeraldas\" \/>\n<meta property=\"article:publisher\" content=\"https:\/\/www.facebook.com\/PrefecturaEsmeraldas\/\" \/>\n<meta property=\"article:published_time\" content=\"2019-10-01T20:42:00+00:00\" \/>\n<meta property=\"article:modified_time\" content=\"2019-10-01T20:42:32+00:00\" \/>\n<meta property=\"og:image\" content=\"https:\/\/prefecturadeesmeraldas.gob.ec\/wp-content\/uploads\/2019\/10\/WhatsApp-Image-2019-10-01-at-15.20.56.jpeg\" \/>\n\t<meta property=\"og:image:width\" content=\"1080\" \/>\n\t<meta property=\"og:image:height\" content=\"850\" \/>\n\t<meta property=\"og:image:type\" content=\"image\/jpeg\" \/>\n<meta name=\"author\" content=\"Direcci\u00f3n de Comunicaci\u00f3n\" \/>\n<meta name=\"twitter:card\" content=\"summary_large_image\" \/>\n<meta name=\"twitter:label1\" content=\"Escrito por\" \/>\n\t<meta name=\"twitter:data1\" content=\"Direcci\u00f3n de Comunicaci\u00f3n\" \/>\n\t<meta name=\"twitter:label2\" content=\"Tiempo de lectura\" \/>\n\t<meta name=\"twitter:data2\" content=\"1 minuto\" \/>\n<script type=\"application\/ld+json\" class=\"yoast-schema-graph\">{\"@context\":\"https:\/\/schema.org\",\"@graph\":[{\"@type\":\"Article\",\"@id\":\"https:\/\/prefecturadeesmeraldas.gob.ec\/index.php\/2019\/10\/01\/prefectura-interviene-14-km-de-via-en-parroquia-rural-del-canton-san-lorenzo\/#article\",\"isPartOf\":{\"@id\":\"https:\/\/prefecturadeesmeraldas.gob.ec\/index.php\/2019\/10\/01\/prefectura-interviene-14-km-de-via-en-parroquia-rural-del-canton-san-lorenzo\/\"},\"author\":{\"name\":\"Direcci\u00f3n de Comunicaci\u00f3n\",\"@id\":\"https:\/\/prefecturadeesmeraldas.gob.ec\/#\/schema\/person\/b0c9e7b1ead7725994d1e319e8825234\"},\"headline\":\"Prefectura interviene 14 Km de v\u00eda en parroquia rural del cant\u00f3n San Lorenzo\",\"datePublished\":\"2019-10-01T20:42:00+00:00\",\"dateModified\":\"2019-10-01T20:42:32+00:00\",\"mainEntityOfPage\":{\"@id\":\"https:\/\/prefecturadeesmeraldas.gob.ec\/index.php\/2019\/10\/01\/prefectura-interviene-14-km-de-via-en-parroquia-rural-del-canton-san-lorenzo\/\"},\"wordCount\":169,\"publisher\":{\"@id\":\"https:\/\/prefecturadeesmeraldas.gob.ec\/#organization\"},\"image\":{\"@id\":\"https:\/\/prefecturadeesmeraldas.gob.ec\/index.php\/2019\/10\/01\/prefectura-interviene-14-km-de-via-en-parroquia-rural-del-canton-san-lorenzo\/#primaryimage\"},\"thumbnailUrl\":\"https:\/\/prefecturadeesmeraldas.gob.ec\/wp-content\/uploads\/2019\/10\/WhatsApp-Image-2019-10-01-at-15.20.56.jpeg\",\"articleSection\":[\"Vialidad\"],\"inLanguage\":\"es\"},{\"@type\":\"WebPage\",\"@id\":\"https:\/\/prefecturadeesmeraldas.gob.ec\/index.php\/2019\/10\/01\/prefectura-interviene-14-km-de-via-en-parroquia-rural-del-canton-san-lorenzo\/\",\"url\":\"https:\/\/prefecturadeesmeraldas.gob.ec\/index.php\/2019\/10\/01\/prefectura-interviene-14-km-de-via-en-parroquia-rural-del-canton-san-lorenzo\/\",\"name\":\"Prefectura interviene 14 Km de v\u00eda en parroquia rural del cant\u00f3n San Lorenzo - Gobierno Aut\u00f3nomo Descentralizado de la Provincia de Esmeraldas\",\"isPartOf\":{\"@id\":\"https:\/\/prefecturadeesmeraldas.gob.ec\/#website\"},\"primaryImageOfPage\":{\"@id\":\"https:\/\/prefecturadeesmeraldas.gob.ec\/index.php\/2019\/10\/01\/prefectura-interviene-14-km-de-via-en-parroquia-rural-del-canton-san-lorenzo\/#primaryimage\"},\"image\":{\"@id\":\"https:\/\/prefecturadeesmeraldas.gob.ec\/index.php\/2019\/10\/01\/prefectura-interviene-14-km-de-via-en-parroquia-rural-del-canton-san-lorenzo\/#primaryimage\"},\"thumbnailUrl\":\"https:\/\/prefecturadeesmeraldas.gob.ec\/wp-content\/uploads\/2019\/10\/WhatsApp-Image-2019-10-01-at-15.20.56.jpeg\",\"datePublished\":\"2019-10-01T20:42:00+00:00\",\"dateModified\":\"2019-10-01T20:42:32+00:00\",\"breadcrumb\":{\"@id\":\"https:\/\/prefecturadeesmeraldas.gob.ec\/index.php\/2019\/10\/01\/prefectura-interviene-14-km-de-via-en-parroquia-rural-del-canton-san-lorenzo\/#breadcrumb\"},\"inLanguage\":\"es\",\"potentialAction\":[{\"@type\":\"ReadAction\",\"target\":[\"https:\/\/prefecturadeesmeraldas.gob.ec\/index.php\/2019\/10\/01\/prefectura-interviene-14-km-de-via-en-parroquia-rural-del-canton-san-lorenzo\/\"]}]},{\"@type\":\"ImageObject\",\"inLanguage\":\"es\",\"@id\":\"https:\/\/prefecturadeesmeraldas.gob.ec\/index.php\/2019\/10\/01\/prefectura-interviene-14-km-de-via-en-parroquia-rural-del-canton-san-lorenzo\/#primaryimage\",\"url\":\"https:\/\/prefecturadeesmeraldas.gob.ec\/wp-content\/uploads\/2019\/10\/WhatsApp-Image-2019-10-01-at-15.20.56.jpeg\",\"contentUrl\":\"https:\/\/prefecturadeesmeraldas.gob.ec\/wp-content\/uploads\/2019\/10\/WhatsApp-Image-2019-10-01-at-15.20.56.jpeg\",\"width\":1080,\"height\":850},{\"@type\":\"BreadcrumbList\",\"@id\":\"https:\/\/prefecturadeesmeraldas.gob.ec\/index.php\/2019\/10\/01\/prefectura-interviene-14-km-de-via-en-parroquia-rural-del-canton-san-lorenzo\/#breadcrumb\",\"itemListElement\":[{\"@type\":\"ListItem\",\"position\":1,\"name\":\"Home\",\"item\":\"https:\/\/prefecturadeesmeraldas.gob.ec\/\"},{\"@type\":\"ListItem\",\"position\":2,\"name\":\"Prefectura interviene 14 Km de v\u00eda en parroquia rural del cant\u00f3n San Lorenzo\"}]},{\"@type\":\"WebSite\",\"@id\":\"https:\/\/prefecturadeesmeraldas.gob.ec\/#website\",\"url\":\"https:\/\/prefecturadeesmeraldas.gob.ec\/\",\"name\":\"Gobierno Aut\u00f3nomo Descentralizado de la Provincia de Esmeraldas\",\"description\":\"Gobierno Aut\u00f3nomo Descentralizado de la Provincia de Esmeraldas\",\"publisher\":{\"@id\":\"https:\/\/prefecturadeesmeraldas.gob.ec\/#organization\"},\"potentialAction\":[{\"@type\":\"SearchAction\",\"target\":{\"@type\":\"EntryPoint\",\"urlTemplate\":\"https:\/\/prefecturadeesmeraldas.gob.ec\/?s={search_term_string}\"},\"query-input\":{\"@type\":\"PropertyValueSpecification\",\"valueRequired\":true,\"valueName\":\"search_term_string\"}}],\"inLanguage\":\"es\"},{\"@type\":\"Organization\",\"@id\":\"https:\/\/prefecturadeesmeraldas.gob.ec\/#organization\",\"name\":\"Gobierno Aut\u00f3nomo Descentralizado de la Provincia de Esmeraldas\",\"url\":\"https:\/\/prefecturadeesmeraldas.gob.ec\/\",\"logo\":{\"@type\":\"ImageObject\",\"inLanguage\":\"es\",\"@id\":\"https:\/\/prefecturadeesmeraldas.gob.ec\/#\/schema\/logo\/image\/\",\"url\":\"https:\/\/prefecturadeesmeraldas.gob.ec\/wp-content\/uploads\/2019\/06\/logo.png\",\"contentUrl\":\"https:\/\/prefecturadeesmeraldas.gob.ec\/wp-content\/uploads\/2019\/06\/logo.png\",\"width\":859,\"height\":448,\"caption\":\"Gobierno Aut\u00f3nomo Descentralizado de la Provincia de Esmeraldas\"},\"image\":{\"@id\":\"https:\/\/prefecturadeesmeraldas.gob.ec\/#\/schema\/logo\/image\/\"},\"sameAs\":[\"https:\/\/www.facebook.com\/PrefecturaEsmeraldas\/\"]},{\"@type\":\"Person\",\"@id\":\"https:\/\/prefecturadeesmeraldas.gob.ec\/#\/schema\/person\/b0c9e7b1ead7725994d1e319e8825234\",\"name\":\"Direcci\u00f3n de Comunicaci\u00f3n\",\"image\":{\"@type\":\"ImageObject\",\"inLanguage\":\"es\",\"@id\":\"https:\/\/prefecturadeesmeraldas.gob.ec\/#\/schema\/person\/image\/\",\"url\":\"https:\/\/secure.gravatar.com\/avatar\/74a3870a946f5d774ade3569af61a72308e07ad3346f370c4b468ee2a9858658?s=96&d=mm&r=g\",\"contentUrl\":\"https:\/\/secure.gravatar.com\/avatar\/74a3870a946f5d774ade3569af61a72308e07ad3346f370c4b468ee2a9858658?s=96&d=mm&r=g\",\"caption\":\"Direcci\u00f3n de Comunicaci\u00f3n\"}}]}<\/script>\n<!-- \/ Yoast SEO plugin. -->","yoast_head_json":{"title":"Prefectura interviene 14 Km de v\u00eda en parroquia rural del cant\u00f3n San Lorenzo - Gobierno Aut\u00f3nomo Descentralizado de la Provincia de Esmeraldas","robots":{"index":"index","follow":"follow","max-snippet":"max-snippet:-1","max-image-preview":"max-image-preview:large","max-video-preview":"max-video-preview:-1"},"canonical":"https:\/\/prefecturadeesmeraldas.gob.ec\/index.php\/2019\/10\/01\/prefectura-interviene-14-km-de-via-en-parroquia-rural-del-canton-san-lorenzo\/","og_locale":"es_ES","og_type":"article","og_title":"Prefectura interviene 14 Km de v\u00eda en parroquia rural del cant\u00f3n San Lorenzo - Gobierno Aut\u00f3nomo Descentralizado de la Provincia de Esmeraldas","og_description":"Justo Lemos, es agricultor de la parroquia Concepci\u00f3n, en el cant\u00f3n San Lorenzo. Con su mirada que irradia esperanza, observaba fijamente como el equipo caminero de la Prefectura est\u00e1 mejorando la vialidad de varias comunidades de la zona. \u201cEn la anterior administraci\u00f3n estuvimos abandonados, en este sector las obras nunca llegaron. Estoy muy agradecido con [&hellip;]","og_url":"https:\/\/prefecturadeesmeraldas.gob.ec\/index.php\/2019\/10\/01\/prefectura-interviene-14-km-de-via-en-parroquia-rural-del-canton-san-lorenzo\/","og_site_name":"Gobierno Aut\u00f3nomo Descentralizado de la Provincia de Esmeraldas","article_publisher":"https:\/\/www.facebook.com\/PrefecturaEsmeraldas\/","article_published_time":"2019-10-01T20:42:00+00:00","article_modified_time":"2019-10-01T20:42:32+00:00","og_image":[{"width":1080,"height":850,"url":"https:\/\/prefecturadeesmeraldas.gob.ec\/wp-content\/uploads\/2019\/10\/WhatsApp-Image-2019-10-01-at-15.20.56.jpeg","type":"image\/jpeg"}],"author":"Direcci\u00f3n de Comunicaci\u00f3n","twitter_card":"summary_large_image","twitter_misc":{"Escrito por":"Direcci\u00f3n de Comunicaci\u00f3n","Tiempo de lectura":"1 minuto"},"schema":{"@context":"https:\/\/schema.org","@graph":[{"@type":"Article","@id":"https:\/\/prefecturadeesmeraldas.gob.ec\/index.php\/2019\/10\/01\/prefectura-interviene-14-km-de-via-en-parroquia-rural-del-canton-san-lorenzo\/#article","isPartOf":{"@id":"https:\/\/prefecturadeesmeraldas.gob.ec\/index.php\/2019\/10\/01\/prefectura-interviene-14-km-de-via-en-parroquia-rural-del-canton-san-lorenzo\/"},"author":{"name":"Direcci\u00f3n de Comunicaci\u00f3n","@id":"https:\/\/prefecturadeesmeraldas.gob.ec\/#\/schema\/person\/b0c9e7b1ead7725994d1e319e8825234"},"headline":"Prefectura interviene 14 Km de v\u00eda en parroquia rural del cant\u00f3n San Lorenzo","datePublished":"2019-10-01T20:42:00+00:00","dateModified":"2019-10-01T20:42:32+00:00","mainEntityOfPage":{"@id":"https:\/\/prefecturadeesmeraldas.gob.ec\/index.php\/2019\/10\/01\/prefectura-interviene-14-km-de-via-en-parroquia-rural-del-canton-san-lorenzo\/"},"wordCount":169,"publisher":{"@id":"https:\/\/prefecturadeesmeraldas.gob.ec\/#organization"},"image":{"@id":"https:\/\/prefecturadeesmeraldas.gob.ec\/index.php\/2019\/10\/01\/prefectura-interviene-14-km-de-via-en-parroquia-rural-del-canton-san-lorenzo\/#primaryimage"},"thumbnailUrl":"https:\/\/prefecturadeesmeraldas.gob.ec\/wp-content\/uploads\/2019\/10\/WhatsApp-Image-2019-10-01-at-15.20.56.jpeg","articleSection":["Vialidad"],"inLanguage":"es"},{"@type":"WebPage","@id":"https:\/\/prefecturadeesmeraldas.gob.ec\/index.php\/2019\/10\/01\/prefectura-interviene-14-km-de-via-en-parroquia-rural-del-canton-san-lorenzo\/","url":"https:\/\/prefecturadeesmeraldas.gob.ec\/index.php\/2019\/10\/01\/prefectura-interviene-14-km-de-via-en-parroquia-rural-del-canton-san-lorenzo\/","name":"Prefectura interviene 14 Km de v\u00eda en parroquia rural del cant\u00f3n San Lorenzo - Gobierno Aut\u00f3nomo Descentralizado de la Provincia de Esmeraldas","isPartOf":{"@id":"https:\/\/prefecturadeesmeraldas.gob.ec\/#website"},"primaryImageOfPage":{"@id":"https:\/\/prefecturadeesmeraldas.gob.ec\/index.php\/2019\/10\/01\/prefectura-interviene-14-km-de-via-en-parroquia-rural-del-canton-san-lorenzo\/#primaryimage"},"image":{"@id":"https:\/\/prefecturadeesmeraldas.gob.ec\/index.php\/2019\/10\/01\/prefectura-interviene-14-km-de-via-en-parroquia-rural-del-canton-san-lorenzo\/#primaryimage"},"thumbnailUrl":"https:\/\/prefecturadeesmeraldas.gob.ec\/wp-content\/uploads\/2019\/10\/WhatsApp-Image-2019-10-01-at-15.20.56.jpeg","datePublished":"2019-10-01T20:42:00+00:00","dateModified":"2019-10-01T20:42:32+00:00","breadcrumb":{"@id":"https:\/\/prefecturadeesmeraldas.gob.ec\/index.php\/2019\/10\/01\/prefectura-interviene-14-km-de-via-en-parroquia-rural-del-canton-san-lorenzo\/#breadcrumb"},"inLanguage":"es","potentialAction":[{"@type":"ReadAction","target":["https:\/\/prefecturadeesmeraldas.gob.ec\/index.php\/2019\/10\/01\/prefectura-interviene-14-km-de-via-en-parroquia-rural-del-canton-san-lorenzo\/"]}]},{"@type":"ImageObject","inLanguage":"es","@id":"https:\/\/prefecturadeesmeraldas.gob.ec\/index.php\/2019\/10\/01\/prefectura-interviene-14-km-de-via-en-parroquia-rural-del-canton-san-lorenzo\/#primaryimage","url":"https:\/\/prefecturadeesmeraldas.gob.ec\/wp-content\/uploads\/2019\/10\/WhatsApp-Image-2019-10-01-at-15.20.56.jpeg","contentUrl":"https:\/\/prefecturadeesmeraldas.gob.ec\/wp-content\/uploads\/2019\/10\/WhatsApp-Image-2019-10-01-at-15.20.56.jpeg","width":1080,"height":850},{"@type":"BreadcrumbList","@id":"https:\/\/prefecturadeesmeraldas.gob.ec\/index.php\/2019\/10\/01\/prefectura-interviene-14-km-de-via-en-parroquia-rural-del-canton-san-lorenzo\/#breadcrumb","itemListElement":[{"@type":"ListItem","position":1,"name":"Home","item":"https:\/\/prefecturadeesmeraldas.gob.ec\/"},{"@type":"ListItem","position":2,"name":"Prefectura interviene 14 Km de v\u00eda en parroquia rural del cant\u00f3n San Lorenzo"}]},{"@type":"WebSite","@id":"https:\/\/prefecturadeesmeraldas.gob.ec\/#website","url":"https:\/\/prefecturadeesmeraldas.gob.ec\/","name":"Gobierno Aut\u00f3nomo Descentralizado de la Provincia de Esmeraldas","description":"Gobierno Aut\u00f3nomo Descentralizado de la Provincia de Esmeraldas","publisher":{"@id":"https:\/\/prefecturadeesmeraldas.gob.ec\/#organization"},"potentialAction":[{"@type":"SearchAction","target":{"@type":"EntryPoint","urlTemplate":"https:\/\/prefecturadeesmeraldas.gob.ec\/?s={search_term_string}"},"query-input":{"@type":"PropertyValueSpecification","valueRequired":true,"valueName":"search_term_string"}}],"inLanguage":"es"},{"@type":"Organization","@id":"https:\/\/prefecturadeesmeraldas.gob.ec\/#organization","name":"Gobierno Aut\u00f3nomo Descentralizado de la Provincia de Esmeraldas","url":"https:\/\/prefecturadeesmeraldas.gob.ec\/","logo":{"@type":"ImageObject","inLanguage":"es","@id":"https:\/\/prefecturadeesmeraldas.gob.ec\/#\/schema\/logo\/image\/","url":"https:\/\/prefecturadeesmeraldas.gob.ec\/wp-content\/uploads\/2019\/06\/logo.png","contentUrl":"https:\/\/prefecturadeesmeraldas.gob.ec\/wp-content\/uploads\/2019\/06\/logo.png","width":859,"height":448,"caption":"Gobierno Aut\u00f3nomo Descentralizado de la Provincia de Esmeraldas"},"image":{"@id":"https:\/\/prefecturadeesmeraldas.gob.ec\/#\/schema\/logo\/image\/"},"sameAs":["https:\/\/www.facebook.com\/PrefecturaEsmeraldas\/"]},{"@type":"Person","@id":"https:\/\/prefecturadeesmeraldas.gob.ec\/#\/schema\/person\/b0c9e7b1ead7725994d1e319e8825234","name":"Direcci\u00f3n de Comunicaci\u00f3n","image":{"@type":"ImageObject","inLanguage":"es","@id":"https:\/\/prefecturadeesmeraldas.gob.ec\/#\/schema\/person\/image\/","url":"https:\/\/secure.gravatar.com\/avatar\/74a3870a946f5d774ade3569af61a72308e07ad3346f370c4b468ee2a9858658?s=96&d=mm&r=g","contentUrl":"https:\/\/secure.gravatar.com\/avatar\/74a3870a946f5d774ade3569af61a72308e07ad3346f370c4b468ee2a9858658?s=96&d=mm&r=g","caption":"Direcci\u00f3n de Comunicaci\u00f3n"}}]}},"_links":{"self":[{"href":"https:\/\/prefecturadeesmeraldas.gob.ec\/index.php\/wp-json\/wp\/v2\/posts\/1572","targetHints":{"allow":["GET"]}}],"collection":[{"href":"https:\/\/prefecturadeesmeraldas.gob.ec\/index.php\/wp-json\/wp\/v2\/posts"}],"about":[{"href":"https:\/\/prefecturadeesmeraldas.gob.ec\/index.php\/wp-json\/wp\/v2\/types\/post"}],"author":[{"embeddable":true,"href":"https:\/\/prefecturadeesmeraldas.gob.ec\/index.php\/wp-json\/wp\/v2\/users\/2"}],"replies":[{"embeddable":true,"href":"https:\/\/prefecturadeesmeraldas.gob.ec\/index.php\/wp-json\/wp\/v2\/comments?post=1572"}],"version-history":[{"count":0,"href":"https:\/\/prefecturadeesmeraldas.gob.ec\/index.php\/wp-json\/wp\/v2\/posts\/1572\/revisions"}],"wp:featuredmedia":[{"embeddable":true,"href":"https:\/\/prefecturadeesmeraldas.gob.ec\/index.php\/wp-json\/wp\/v2\/media\/1573"}],"wp:attachment":[{"href":"https:\/\/prefecturadeesmeraldas.gob.ec\/index.php\/wp-json\/wp\/v2\/media?parent=1572"}],"wp:term":[{"taxonomy":"category","embeddable":true,"href":"https:\/\/prefecturadeesmeraldas.gob.ec\/index.php\/wp-json\/wp\/v2\/categories?post=1572"},{"taxonomy":"post_tag","embeddable":true,"href":"https:\/\/prefecturadeesmeraldas.gob.ec\/index.php\/wp-json\/wp\/v2\/tags?post=1572"}],"curies":[{"name":"wp","href":"https:\/\/api.w.org\/{rel}","templated":true}]}}