{"id":15624,"date":"2022-04-07T14:52:43","date_gmt":"2022-04-07T19:52:43","guid":{"rendered":"https:\/\/prefecturadeesmeraldas.gob.ec\/?p=15624"},"modified":"2022-04-07T14:53:09","modified_gmt":"2022-04-07T19:53:09","slug":"gremio-panificador-sumo-su-apoyo-a-la-prefectura-para-brindar-atencion-a-las-familias-afectadas-por-la-emergencia","status":"publish","type":"post","link":"https:\/\/prefecturadeesmeraldas.gob.ec\/index.php\/2022\/04\/07\/gremio-panificador-sumo-su-apoyo-a-la-prefectura-para-brindar-atencion-a-las-familias-afectadas-por-la-emergencia\/","title":{"rendered":"Gremio Panificador sum\u00f3 su apoyo a la Prefectura para brindar atenci\u00f3n a las familias afectadas por la emergencia"},"content":{"rendered":"\t\t<div data-elementor-type=\"wp-post\" data-elementor-id=\"15624\" class=\"elementor elementor-15624\">\n\t\t\t\t\t\t<section class=\"elementor-section elementor-top-section elementor-element elementor-element-0c83bd6 elementor-section-boxed elementor-section-height-default elementor-section-height-default\" data-id=\"0c83bd6\" data-element_type=\"section\">\n\t\t\t\t\t\t<div class=\"elementor-container elementor-column-gap-default\">\n\t\t\t\t\t<div class=\"elementor-column elementor-col-100 elementor-top-column elementor-element elementor-element-b2ca416\" data-id=\"b2ca416\" data-element_type=\"column\">\n\t\t\t<div class=\"elementor-widget-wrap elementor-element-populated\">\n\t\t\t\t\t\t<div class=\"elementor-element elementor-element-f7bde49 elementor-widget elementor-widget-image\" data-id=\"f7bde49\" data-element_type=\"widget\" data-widget_type=\"image.default\">\n\t\t\t\t<div class=\"elementor-widget-container\">\n\t\t\t\t\t\t\t\t\t\t\t\t\t\t\t<img fetchpriority=\"high\" decoding=\"async\" width=\"1024\" height=\"1024\" src=\"https:\/\/prefecturadeesmeraldas.gob.ec\/wp-content\/uploads\/2022\/04\/WhatsApp-Image-2022-04-05-at-5.06.41-PM-1-1024x1024.jpeg\" class=\"attachment-large size-large wp-image-15625\" alt=\"\" srcset=\"https:\/\/prefecturadeesmeraldas.gob.ec\/wp-content\/uploads\/2022\/04\/WhatsApp-Image-2022-04-05-at-5.06.41-PM-1-1024x1024.jpeg 1024w, https:\/\/prefecturadeesmeraldas.gob.ec\/wp-content\/uploads\/2022\/04\/WhatsApp-Image-2022-04-05-at-5.06.41-PM-1-240x240.jpeg 240w, https:\/\/prefecturadeesmeraldas.gob.ec\/wp-content\/uploads\/2022\/04\/WhatsApp-Image-2022-04-05-at-5.06.41-PM-1-1080x1080.jpeg 1080w, https:\/\/prefecturadeesmeraldas.gob.ec\/wp-content\/uploads\/2022\/04\/WhatsApp-Image-2022-04-05-at-5.06.41-PM-1-150x150.jpeg 150w, https:\/\/prefecturadeesmeraldas.gob.ec\/wp-content\/uploads\/2022\/04\/WhatsApp-Image-2022-04-05-at-5.06.41-PM-1-300x300.jpeg 300w, https:\/\/prefecturadeesmeraldas.gob.ec\/wp-content\/uploads\/2022\/04\/WhatsApp-Image-2022-04-05-at-5.06.41-PM-1-768x768.jpeg 768w, https:\/\/prefecturadeesmeraldas.gob.ec\/wp-content\/uploads\/2022\/04\/WhatsApp-Image-2022-04-05-at-5.06.41-PM-1.jpeg 1280w\" sizes=\"(max-width: 1024px) 100vw, 1024px\" \/>\t\t\t\t\t\t\t\t\t\t\t\t\t\t\t<\/div>\n\t\t\t\t<\/div>\n\t\t\t\t\t<\/div>\n\t\t<\/div>\n\t\t\t\t\t<\/div>\n\t\t<\/section>\n\t\t\t\t<section class=\"elementor-section elementor-top-section elementor-element elementor-element-d548039 elementor-section-boxed elementor-section-height-default elementor-section-height-default\" data-id=\"d548039\" data-element_type=\"section\">\n\t\t\t\t\t\t<div class=\"elementor-container elementor-column-gap-default\">\n\t\t\t\t\t<div class=\"elementor-column elementor-col-100 elementor-top-column elementor-element elementor-element-d82c399\" data-id=\"d82c399\" data-element_type=\"column\">\n\t\t\t<div class=\"elementor-widget-wrap elementor-element-populated\">\n\t\t\t\t\t\t<div class=\"elementor-element elementor-element-332b827 elementor-widget elementor-widget-text-editor\" data-id=\"332b827\" data-element_type=\"widget\" data-widget_type=\"text-editor.default\">\n\t\t\t\t<div class=\"elementor-widget-container\">\n\t\t\t\t\t\t\t\t\t<p>El gremio panificador realiz\u00f3 la donaci\u00f3n de pan, con el \u00e1nimo de contribuir a plan de acci\u00f3n impulsado por la prefectura de Esmeraldas, para la atenci\u00f3n de las familias afectadas por el fuerte sismo registrado el pasado 26 de marzo, en horas de la noche, que hasta el momento deja cientos de viviendas afectadas en cerca de 94 barrios de la ciudad.<\/p><p>M\u00e1s de 3 mil panes, empacados de forma segura, fueron entregados en donaci\u00f3n a la Prefectura de Esmeraldas, instituci\u00f3n que ha demostrado la capacidad log\u00edstica para emprender la distribuci\u00f3n de las ayudas. <strong>Mauro S\u00e1nchez<\/strong>, dirigente del gremio panificador, especific\u00f3 que, gracias al apoyo de varios integrantes de este gremio a nivel nacional, se obtuvo parte de la ayuda.<\/p><p><strong>Roberta Zambrano<\/strong>, Prefecta de Esmeraldas, fue la encargada de recibir la destacada ayuda, quien expuso su agradecimiento al gremio panificador, por depositar su confianza y unir esfuerzos para tratar de ayudar a quienes m\u00e1s lo necesitan, al encontrarse en condici\u00f3n de vulnerabilidad.<\/p><p>De la log\u00edstica y entrega de las ayudas, estar\u00e1 a cargo la Prefectura de Esmeraldas y su personal de voluntarios, quienes ser\u00e1n los encargados de armar los kits y emprender su distribuci\u00f3n en horas de la noche.<\/p>\t\t\t\t\t\t\t\t<\/div>\n\t\t\t\t<\/div>\n\t\t\t\t\t<\/div>\n\t\t<\/div>\n\t\t\t\t\t<\/div>\n\t\t<\/section>\n\t\t\t\t<\/div>\n\t\t","protected":false},"excerpt":{"rendered":"<p>El gremio panificador realiz\u00f3 la donaci\u00f3n de pan, con el \u00e1nimo de contribuir a plan de acci\u00f3n impulsado por la prefectura de Esmeraldas, para la atenci\u00f3n de las familias afectadas por el fuerte sismo registrado el pasado 26 de marzo, en horas de la noche, que hasta el momento deja cientos de viviendas afectadas en [&hellip;]<\/p>\n","protected":false},"author":2,"featured_media":15625,"comment_status":"closed","ping_status":"open","sticky":false,"template":"","format":"standard","meta":{"footnotes":""},"categories":[27],"tags":[],"class_list":["post-15624","post","type-post","status-publish","format-standard","has-post-thumbnail","hentry","category-emergencia-26m"],"yoast_head":"<!-- This site is optimized with the Yoast SEO plugin v25.7 - https:\/\/yoast.com\/wordpress\/plugins\/seo\/ -->\n<title>Gremio Panificador sum\u00f3 su apoyo a la Prefectura para brindar atenci\u00f3n a las familias afectadas por la emergencia - Gobierno Aut\u00f3nomo Descentralizado de la Provincia de Esmeraldas<\/title>\n<meta name=\"robots\" content=\"index, follow, max-snippet:-1, max-image-preview:large, max-video-preview:-1\" \/>\n<link rel=\"canonical\" href=\"https:\/\/prefecturadeesmeraldas.gob.ec\/index.php\/2022\/04\/07\/gremio-panificador-sumo-su-apoyo-a-la-prefectura-para-brindar-atencion-a-las-familias-afectadas-por-la-emergencia\/\" \/>\n<meta property=\"og:locale\" content=\"es_ES\" \/>\n<meta property=\"og:type\" content=\"article\" \/>\n<meta property=\"og:title\" content=\"Gremio Panificador sum\u00f3 su apoyo a la Prefectura para brindar atenci\u00f3n a las familias afectadas por la emergencia - Gobierno Aut\u00f3nomo Descentralizado de la Provincia de Esmeraldas\" \/>\n<meta property=\"og:description\" content=\"El gremio panificador realiz\u00f3 la donaci\u00f3n de pan, con el \u00e1nimo de contribuir a plan de acci\u00f3n impulsado por la prefectura de Esmeraldas, para la atenci\u00f3n de las familias afectadas por el fuerte sismo registrado el pasado 26 de marzo, en horas de la noche, que hasta el momento deja cientos de viviendas afectadas en [&hellip;]\" \/>\n<meta property=\"og:url\" content=\"https:\/\/prefecturadeesmeraldas.gob.ec\/index.php\/2022\/04\/07\/gremio-panificador-sumo-su-apoyo-a-la-prefectura-para-brindar-atencion-a-las-familias-afectadas-por-la-emergencia\/\" \/>\n<meta property=\"og:site_name\" content=\"Gobierno Aut\u00f3nomo Descentralizado de la Provincia de Esmeraldas\" \/>\n<meta property=\"article:publisher\" content=\"https:\/\/www.facebook.com\/PrefecturaEsmeraldas\/\" \/>\n<meta property=\"article:published_time\" content=\"2022-04-07T19:52:43+00:00\" \/>\n<meta property=\"article:modified_time\" content=\"2022-04-07T19:53:09+00:00\" \/>\n<meta property=\"og:image\" content=\"https:\/\/prefecturadeesmeraldas.gob.ec\/wp-content\/uploads\/2022\/04\/WhatsApp-Image-2022-04-05-at-5.06.41-PM-1.jpeg\" \/>\n\t<meta property=\"og:image:width\" content=\"1280\" \/>\n\t<meta property=\"og:image:height\" content=\"1280\" \/>\n\t<meta property=\"og:image:type\" content=\"image\/jpeg\" \/>\n<meta name=\"author\" content=\"Direcci\u00f3n de Comunicaci\u00f3n\" \/>\n<meta name=\"twitter:card\" content=\"summary_large_image\" \/>\n<meta name=\"twitter:label1\" content=\"Escrito por\" \/>\n\t<meta name=\"twitter:data1\" content=\"Direcci\u00f3n de Comunicaci\u00f3n\" \/>\n\t<meta name=\"twitter:label2\" content=\"Tiempo de lectura\" \/>\n\t<meta name=\"twitter:data2\" content=\"1 minuto\" \/>\n<script type=\"application\/ld+json\" class=\"yoast-schema-graph\">{\"@context\":\"https:\/\/schema.org\",\"@graph\":[{\"@type\":\"Article\",\"@id\":\"https:\/\/prefecturadeesmeraldas.gob.ec\/index.php\/2022\/04\/07\/gremio-panificador-sumo-su-apoyo-a-la-prefectura-para-brindar-atencion-a-las-familias-afectadas-por-la-emergencia\/#article\",\"isPartOf\":{\"@id\":\"https:\/\/prefecturadeesmeraldas.gob.ec\/index.php\/2022\/04\/07\/gremio-panificador-sumo-su-apoyo-a-la-prefectura-para-brindar-atencion-a-las-familias-afectadas-por-la-emergencia\/\"},\"author\":{\"name\":\"Direcci\u00f3n de Comunicaci\u00f3n\",\"@id\":\"https:\/\/prefecturadeesmeraldas.gob.ec\/#\/schema\/person\/b0c9e7b1ead7725994d1e319e8825234\"},\"headline\":\"Gremio Panificador sum\u00f3 su apoyo a la Prefectura para brindar atenci\u00f3n a las familias afectadas por la emergencia\",\"datePublished\":\"2022-04-07T19:52:43+00:00\",\"dateModified\":\"2022-04-07T19:53:09+00:00\",\"mainEntityOfPage\":{\"@id\":\"https:\/\/prefecturadeesmeraldas.gob.ec\/index.php\/2022\/04\/07\/gremio-panificador-sumo-su-apoyo-a-la-prefectura-para-brindar-atencion-a-las-familias-afectadas-por-la-emergencia\/\"},\"wordCount\":229,\"publisher\":{\"@id\":\"https:\/\/prefecturadeesmeraldas.gob.ec\/#organization\"},\"image\":{\"@id\":\"https:\/\/prefecturadeesmeraldas.gob.ec\/index.php\/2022\/04\/07\/gremio-panificador-sumo-su-apoyo-a-la-prefectura-para-brindar-atencion-a-las-familias-afectadas-por-la-emergencia\/#primaryimage\"},\"thumbnailUrl\":\"https:\/\/prefecturadeesmeraldas.gob.ec\/wp-content\/uploads\/2022\/04\/WhatsApp-Image-2022-04-05-at-5.06.41-PM-1.jpeg\",\"articleSection\":[\"Emergencia 26M\"],\"inLanguage\":\"es\"},{\"@type\":\"WebPage\",\"@id\":\"https:\/\/prefecturadeesmeraldas.gob.ec\/index.php\/2022\/04\/07\/gremio-panificador-sumo-su-apoyo-a-la-prefectura-para-brindar-atencion-a-las-familias-afectadas-por-la-emergencia\/\",\"url\":\"https:\/\/prefecturadeesmeraldas.gob.ec\/index.php\/2022\/04\/07\/gremio-panificador-sumo-su-apoyo-a-la-prefectura-para-brindar-atencion-a-las-familias-afectadas-por-la-emergencia\/\",\"name\":\"Gremio Panificador sum\u00f3 su apoyo a la Prefectura para brindar atenci\u00f3n a las familias afectadas por la emergencia - Gobierno Aut\u00f3nomo Descentralizado de la Provincia de Esmeraldas\",\"isPartOf\":{\"@id\":\"https:\/\/prefecturadeesmeraldas.gob.ec\/#website\"},\"primaryImageOfPage\":{\"@id\":\"https:\/\/prefecturadeesmeraldas.gob.ec\/index.php\/2022\/04\/07\/gremio-panificador-sumo-su-apoyo-a-la-prefectura-para-brindar-atencion-a-las-familias-afectadas-por-la-emergencia\/#primaryimage\"},\"image\":{\"@id\":\"https:\/\/prefecturadeesmeraldas.gob.ec\/index.php\/2022\/04\/07\/gremio-panificador-sumo-su-apoyo-a-la-prefectura-para-brindar-atencion-a-las-familias-afectadas-por-la-emergencia\/#primaryimage\"},\"thumbnailUrl\":\"https:\/\/prefecturadeesmeraldas.gob.ec\/wp-content\/uploads\/2022\/04\/WhatsApp-Image-2022-04-05-at-5.06.41-PM-1.jpeg\",\"datePublished\":\"2022-04-07T19:52:43+00:00\",\"dateModified\":\"2022-04-07T19:53:09+00:00\",\"breadcrumb\":{\"@id\":\"https:\/\/prefecturadeesmeraldas.gob.ec\/index.php\/2022\/04\/07\/gremio-panificador-sumo-su-apoyo-a-la-prefectura-para-brindar-atencion-a-las-familias-afectadas-por-la-emergencia\/#breadcrumb\"},\"inLanguage\":\"es\",\"potentialAction\":[{\"@type\":\"ReadAction\",\"target\":[\"https:\/\/prefecturadeesmeraldas.gob.ec\/index.php\/2022\/04\/07\/gremio-panificador-sumo-su-apoyo-a-la-prefectura-para-brindar-atencion-a-las-familias-afectadas-por-la-emergencia\/\"]}]},{\"@type\":\"ImageObject\",\"inLanguage\":\"es\",\"@id\":\"https:\/\/prefecturadeesmeraldas.gob.ec\/index.php\/2022\/04\/07\/gremio-panificador-sumo-su-apoyo-a-la-prefectura-para-brindar-atencion-a-las-familias-afectadas-por-la-emergencia\/#primaryimage\",\"url\":\"https:\/\/prefecturadeesmeraldas.gob.ec\/wp-content\/uploads\/2022\/04\/WhatsApp-Image-2022-04-05-at-5.06.41-PM-1.jpeg\",\"contentUrl\":\"https:\/\/prefecturadeesmeraldas.gob.ec\/wp-content\/uploads\/2022\/04\/WhatsApp-Image-2022-04-05-at-5.06.41-PM-1.jpeg\",\"width\":1280,\"height\":1280},{\"@type\":\"BreadcrumbList\",\"@id\":\"https:\/\/prefecturadeesmeraldas.gob.ec\/index.php\/2022\/04\/07\/gremio-panificador-sumo-su-apoyo-a-la-prefectura-para-brindar-atencion-a-las-familias-afectadas-por-la-emergencia\/#breadcrumb\",\"itemListElement\":[{\"@type\":\"ListItem\",\"position\":1,\"name\":\"Home\",\"item\":\"https:\/\/prefecturadeesmeraldas.gob.ec\/\"},{\"@type\":\"ListItem\",\"position\":2,\"name\":\"Gremio Panificador sum\u00f3 su apoyo a la Prefectura para brindar atenci\u00f3n a las familias afectadas por la emergencia\"}]},{\"@type\":\"WebSite\",\"@id\":\"https:\/\/prefecturadeesmeraldas.gob.ec\/#website\",\"url\":\"https:\/\/prefecturadeesmeraldas.gob.ec\/\",\"name\":\"Gobierno Aut\u00f3nomo Descentralizado de la Provincia de Esmeraldas\",\"description\":\"Gobierno Aut\u00f3nomo Descentralizado de la Provincia de Esmeraldas\",\"publisher\":{\"@id\":\"https:\/\/prefecturadeesmeraldas.gob.ec\/#organization\"},\"potentialAction\":[{\"@type\":\"SearchAction\",\"target\":{\"@type\":\"EntryPoint\",\"urlTemplate\":\"https:\/\/prefecturadeesmeraldas.gob.ec\/?s={search_term_string}\"},\"query-input\":{\"@type\":\"PropertyValueSpecification\",\"valueRequired\":true,\"valueName\":\"search_term_string\"}}],\"inLanguage\":\"es\"},{\"@type\":\"Organization\",\"@id\":\"https:\/\/prefecturadeesmeraldas.gob.ec\/#organization\",\"name\":\"Gobierno Aut\u00f3nomo Descentralizado de la Provincia de Esmeraldas\",\"url\":\"https:\/\/prefecturadeesmeraldas.gob.ec\/\",\"logo\":{\"@type\":\"ImageObject\",\"inLanguage\":\"es\",\"@id\":\"https:\/\/prefecturadeesmeraldas.gob.ec\/#\/schema\/logo\/image\/\",\"url\":\"https:\/\/prefecturadeesmeraldas.gob.ec\/wp-content\/uploads\/2019\/06\/logo.png\",\"contentUrl\":\"https:\/\/prefecturadeesmeraldas.gob.ec\/wp-content\/uploads\/2019\/06\/logo.png\",\"width\":859,\"height\":448,\"caption\":\"Gobierno Aut\u00f3nomo Descentralizado de la Provincia de Esmeraldas\"},\"image\":{\"@id\":\"https:\/\/prefecturadeesmeraldas.gob.ec\/#\/schema\/logo\/image\/\"},\"sameAs\":[\"https:\/\/www.facebook.com\/PrefecturaEsmeraldas\/\"]},{\"@type\":\"Person\",\"@id\":\"https:\/\/prefecturadeesmeraldas.gob.ec\/#\/schema\/person\/b0c9e7b1ead7725994d1e319e8825234\",\"name\":\"Direcci\u00f3n de Comunicaci\u00f3n\",\"image\":{\"@type\":\"ImageObject\",\"inLanguage\":\"es\",\"@id\":\"https:\/\/prefecturadeesmeraldas.gob.ec\/#\/schema\/person\/image\/\",\"url\":\"https:\/\/secure.gravatar.com\/avatar\/74a3870a946f5d774ade3569af61a72308e07ad3346f370c4b468ee2a9858658?s=96&d=mm&r=g\",\"contentUrl\":\"https:\/\/secure.gravatar.com\/avatar\/74a3870a946f5d774ade3569af61a72308e07ad3346f370c4b468ee2a9858658?s=96&d=mm&r=g\",\"caption\":\"Direcci\u00f3n de Comunicaci\u00f3n\"}}]}<\/script>\n<!-- \/ Yoast SEO plugin. -->","yoast_head_json":{"title":"Gremio Panificador sum\u00f3 su apoyo a la Prefectura para brindar atenci\u00f3n a las familias afectadas por la emergencia - Gobierno Aut\u00f3nomo Descentralizado de la Provincia de Esmeraldas","robots":{"index":"index","follow":"follow","max-snippet":"max-snippet:-1","max-image-preview":"max-image-preview:large","max-video-preview":"max-video-preview:-1"},"canonical":"https:\/\/prefecturadeesmeraldas.gob.ec\/index.php\/2022\/04\/07\/gremio-panificador-sumo-su-apoyo-a-la-prefectura-para-brindar-atencion-a-las-familias-afectadas-por-la-emergencia\/","og_locale":"es_ES","og_type":"article","og_title":"Gremio Panificador sum\u00f3 su apoyo a la Prefectura para brindar atenci\u00f3n a las familias afectadas por la emergencia - Gobierno Aut\u00f3nomo Descentralizado de la Provincia de Esmeraldas","og_description":"El gremio panificador realiz\u00f3 la donaci\u00f3n de pan, con el \u00e1nimo de contribuir a plan de acci\u00f3n impulsado por la prefectura de Esmeraldas, para la atenci\u00f3n de las familias afectadas por el fuerte sismo registrado el pasado 26 de marzo, en horas de la noche, que hasta el momento deja cientos de viviendas afectadas en [&hellip;]","og_url":"https:\/\/prefecturadeesmeraldas.gob.ec\/index.php\/2022\/04\/07\/gremio-panificador-sumo-su-apoyo-a-la-prefectura-para-brindar-atencion-a-las-familias-afectadas-por-la-emergencia\/","og_site_name":"Gobierno Aut\u00f3nomo Descentralizado de la Provincia de Esmeraldas","article_publisher":"https:\/\/www.facebook.com\/PrefecturaEsmeraldas\/","article_published_time":"2022-04-07T19:52:43+00:00","article_modified_time":"2022-04-07T19:53:09+00:00","og_image":[{"width":1280,"height":1280,"url":"https:\/\/prefecturadeesmeraldas.gob.ec\/wp-content\/uploads\/2022\/04\/WhatsApp-Image-2022-04-05-at-5.06.41-PM-1.jpeg","type":"image\/jpeg"}],"author":"Direcci\u00f3n de Comunicaci\u00f3n","twitter_card":"summary_large_image","twitter_misc":{"Escrito por":"Direcci\u00f3n de Comunicaci\u00f3n","Tiempo de lectura":"1 minuto"},"schema":{"@context":"https:\/\/schema.org","@graph":[{"@type":"Article","@id":"https:\/\/prefecturadeesmeraldas.gob.ec\/index.php\/2022\/04\/07\/gremio-panificador-sumo-su-apoyo-a-la-prefectura-para-brindar-atencion-a-las-familias-afectadas-por-la-emergencia\/#article","isPartOf":{"@id":"https:\/\/prefecturadeesmeraldas.gob.ec\/index.php\/2022\/04\/07\/gremio-panificador-sumo-su-apoyo-a-la-prefectura-para-brindar-atencion-a-las-familias-afectadas-por-la-emergencia\/"},"author":{"name":"Direcci\u00f3n de Comunicaci\u00f3n","@id":"https:\/\/prefecturadeesmeraldas.gob.ec\/#\/schema\/person\/b0c9e7b1ead7725994d1e319e8825234"},"headline":"Gremio Panificador sum\u00f3 su apoyo a la Prefectura para brindar atenci\u00f3n a las familias afectadas por la emergencia","datePublished":"2022-04-07T19:52:43+00:00","dateModified":"2022-04-07T19:53:09+00:00","mainEntityOfPage":{"@id":"https:\/\/prefecturadeesmeraldas.gob.ec\/index.php\/2022\/04\/07\/gremio-panificador-sumo-su-apoyo-a-la-prefectura-para-brindar-atencion-a-las-familias-afectadas-por-la-emergencia\/"},"wordCount":229,"publisher":{"@id":"https:\/\/prefecturadeesmeraldas.gob.ec\/#organization"},"image":{"@id":"https:\/\/prefecturadeesmeraldas.gob.ec\/index.php\/2022\/04\/07\/gremio-panificador-sumo-su-apoyo-a-la-prefectura-para-brindar-atencion-a-las-familias-afectadas-por-la-emergencia\/#primaryimage"},"thumbnailUrl":"https:\/\/prefecturadeesmeraldas.gob.ec\/wp-content\/uploads\/2022\/04\/WhatsApp-Image-2022-04-05-at-5.06.41-PM-1.jpeg","articleSection":["Emergencia 26M"],"inLanguage":"es"},{"@type":"WebPage","@id":"https:\/\/prefecturadeesmeraldas.gob.ec\/index.php\/2022\/04\/07\/gremio-panificador-sumo-su-apoyo-a-la-prefectura-para-brindar-atencion-a-las-familias-afectadas-por-la-emergencia\/","url":"https:\/\/prefecturadeesmeraldas.gob.ec\/index.php\/2022\/04\/07\/gremio-panificador-sumo-su-apoyo-a-la-prefectura-para-brindar-atencion-a-las-familias-afectadas-por-la-emergencia\/","name":"Gremio Panificador sum\u00f3 su apoyo a la Prefectura para brindar atenci\u00f3n a las familias afectadas por la emergencia - Gobierno Aut\u00f3nomo Descentralizado de la Provincia de Esmeraldas","isPartOf":{"@id":"https:\/\/prefecturadeesmeraldas.gob.ec\/#website"},"primaryImageOfPage":{"@id":"https:\/\/prefecturadeesmeraldas.gob.ec\/index.php\/2022\/04\/07\/gremio-panificador-sumo-su-apoyo-a-la-prefectura-para-brindar-atencion-a-las-familias-afectadas-por-la-emergencia\/#primaryimage"},"image":{"@id":"https:\/\/prefecturadeesmeraldas.gob.ec\/index.php\/2022\/04\/07\/gremio-panificador-sumo-su-apoyo-a-la-prefectura-para-brindar-atencion-a-las-familias-afectadas-por-la-emergencia\/#primaryimage"},"thumbnailUrl":"https:\/\/prefecturadeesmeraldas.gob.ec\/wp-content\/uploads\/2022\/04\/WhatsApp-Image-2022-04-05-at-5.06.41-PM-1.jpeg","datePublished":"2022-04-07T19:52:43+00:00","dateModified":"2022-04-07T19:53:09+00:00","breadcrumb":{"@id":"https:\/\/prefecturadeesmeraldas.gob.ec\/index.php\/2022\/04\/07\/gremio-panificador-sumo-su-apoyo-a-la-prefectura-para-brindar-atencion-a-las-familias-afectadas-por-la-emergencia\/#breadcrumb"},"inLanguage":"es","potentialAction":[{"@type":"ReadAction","target":["https:\/\/prefecturadeesmeraldas.gob.ec\/index.php\/2022\/04\/07\/gremio-panificador-sumo-su-apoyo-a-la-prefectura-para-brindar-atencion-a-las-familias-afectadas-por-la-emergencia\/"]}]},{"@type":"ImageObject","inLanguage":"es","@id":"https:\/\/prefecturadeesmeraldas.gob.ec\/index.php\/2022\/04\/07\/gremio-panificador-sumo-su-apoyo-a-la-prefectura-para-brindar-atencion-a-las-familias-afectadas-por-la-emergencia\/#primaryimage","url":"https:\/\/prefecturadeesmeraldas.gob.ec\/wp-content\/uploads\/2022\/04\/WhatsApp-Image-2022-04-05-at-5.06.41-PM-1.jpeg","contentUrl":"https:\/\/prefecturadeesmeraldas.gob.ec\/wp-content\/uploads\/2022\/04\/WhatsApp-Image-2022-04-05-at-5.06.41-PM-1.jpeg","width":1280,"height":1280},{"@type":"BreadcrumbList","@id":"https:\/\/prefecturadeesmeraldas.gob.ec\/index.php\/2022\/04\/07\/gremio-panificador-sumo-su-apoyo-a-la-prefectura-para-brindar-atencion-a-las-familias-afectadas-por-la-emergencia\/#breadcrumb","itemListElement":[{"@type":"ListItem","position":1,"name":"Home","item":"https:\/\/prefecturadeesmeraldas.gob.ec\/"},{"@type":"ListItem","position":2,"name":"Gremio Panificador sum\u00f3 su apoyo a la Prefectura para brindar atenci\u00f3n a las familias afectadas por la emergencia"}]},{"@type":"WebSite","@id":"https:\/\/prefecturadeesmeraldas.gob.ec\/#website","url":"https:\/\/prefecturadeesmeraldas.gob.ec\/","name":"Gobierno Aut\u00f3nomo Descentralizado de la Provincia de Esmeraldas","description":"Gobierno Aut\u00f3nomo Descentralizado de la Provincia de Esmeraldas","publisher":{"@id":"https:\/\/prefecturadeesmeraldas.gob.ec\/#organization"},"potentialAction":[{"@type":"SearchAction","target":{"@type":"EntryPoint","urlTemplate":"https:\/\/prefecturadeesmeraldas.gob.ec\/?s={search_term_string}"},"query-input":{"@type":"PropertyValueSpecification","valueRequired":true,"valueName":"search_term_string"}}],"inLanguage":"es"},{"@type":"Organization","@id":"https:\/\/prefecturadeesmeraldas.gob.ec\/#organization","name":"Gobierno Aut\u00f3nomo Descentralizado de la Provincia de Esmeraldas","url":"https:\/\/prefecturadeesmeraldas.gob.ec\/","logo":{"@type":"ImageObject","inLanguage":"es","@id":"https:\/\/prefecturadeesmeraldas.gob.ec\/#\/schema\/logo\/image\/","url":"https:\/\/prefecturadeesmeraldas.gob.ec\/wp-content\/uploads\/2019\/06\/logo.png","contentUrl":"https:\/\/prefecturadeesmeraldas.gob.ec\/wp-content\/uploads\/2019\/06\/logo.png","width":859,"height":448,"caption":"Gobierno Aut\u00f3nomo Descentralizado de la Provincia de Esmeraldas"},"image":{"@id":"https:\/\/prefecturadeesmeraldas.gob.ec\/#\/schema\/logo\/image\/"},"sameAs":["https:\/\/www.facebook.com\/PrefecturaEsmeraldas\/"]},{"@type":"Person","@id":"https:\/\/prefecturadeesmeraldas.gob.ec\/#\/schema\/person\/b0c9e7b1ead7725994d1e319e8825234","name":"Direcci\u00f3n de Comunicaci\u00f3n","image":{"@type":"ImageObject","inLanguage":"es","@id":"https:\/\/prefecturadeesmeraldas.gob.ec\/#\/schema\/person\/image\/","url":"https:\/\/secure.gravatar.com\/avatar\/74a3870a946f5d774ade3569af61a72308e07ad3346f370c4b468ee2a9858658?s=96&d=mm&r=g","contentUrl":"https:\/\/secure.gravatar.com\/avatar\/74a3870a946f5d774ade3569af61a72308e07ad3346f370c4b468ee2a9858658?s=96&d=mm&r=g","caption":"Direcci\u00f3n de Comunicaci\u00f3n"}}]}},"_links":{"self":[{"href":"https:\/\/prefecturadeesmeraldas.gob.ec\/index.php\/wp-json\/wp\/v2\/posts\/15624","targetHints":{"allow":["GET"]}}],"collection":[{"href":"https:\/\/prefecturadeesmeraldas.gob.ec\/index.php\/wp-json\/wp\/v2\/posts"}],"about":[{"href":"https:\/\/prefecturadeesmeraldas.gob.ec\/index.php\/wp-json\/wp\/v2\/types\/post"}],"author":[{"embeddable":true,"href":"https:\/\/prefecturadeesmeraldas.gob.ec\/index.php\/wp-json\/wp\/v2\/users\/2"}],"replies":[{"embeddable":true,"href":"https:\/\/prefecturadeesmeraldas.gob.ec\/index.php\/wp-json\/wp\/v2\/comments?post=15624"}],"version-history":[{"count":0,"href":"https:\/\/prefecturadeesmeraldas.gob.ec\/index.php\/wp-json\/wp\/v2\/posts\/15624\/revisions"}],"wp:featuredmedia":[{"embeddable":true,"href":"https:\/\/prefecturadeesmeraldas.gob.ec\/index.php\/wp-json\/wp\/v2\/media\/15625"}],"wp:attachment":[{"href":"https:\/\/prefecturadeesmeraldas.gob.ec\/index.php\/wp-json\/wp\/v2\/media?parent=15624"}],"wp:term":[{"taxonomy":"category","embeddable":true,"href":"https:\/\/prefecturadeesmeraldas.gob.ec\/index.php\/wp-json\/wp\/v2\/categories?post=15624"},{"taxonomy":"post_tag","embeddable":true,"href":"https:\/\/prefecturadeesmeraldas.gob.ec\/index.php\/wp-json\/wp\/v2\/tags?post=15624"}],"curies":[{"name":"wp","href":"https:\/\/api.w.org\/{rel}","templated":true}]}}