{"id":15509,"date":"2022-04-04T09:26:52","date_gmt":"2022-04-04T14:26:52","guid":{"rendered":"https:\/\/prefecturadeesmeraldas.gob.ec\/?p=15509"},"modified":"2022-04-04T09:27:19","modified_gmt":"2022-04-04T14:27:19","slug":"prefectura-de-esmeraldas-direccion-de-gestion-ambiental-y-comisaria-provincial-de-ambiente-lideran-campana-de-sensibilizacion-a-sujetos-de-control","status":"publish","type":"post","link":"https:\/\/prefecturadeesmeraldas.gob.ec\/index.php\/2022\/04\/04\/prefectura-de-esmeraldas-direccion-de-gestion-ambiental-y-comisaria-provincial-de-ambiente-lideran-campana-de-sensibilizacion-a-sujetos-de-control\/","title":{"rendered":"Prefectura de Esmeraldas, direcci\u00f3n de gesti\u00f3n ambiental y comisar\u00eda provincial de ambiente, lideran campa\u00f1a de sensibilizaci\u00f3n a sujetos de control"},"content":{"rendered":"\t\t<div data-elementor-type=\"wp-post\" data-elementor-id=\"15509\" class=\"elementor elementor-15509\">\n\t\t\t\t\t\t<section class=\"elementor-section elementor-top-section elementor-element elementor-element-1bab6cd elementor-section-boxed elementor-section-height-default elementor-section-height-default\" data-id=\"1bab6cd\" data-element_type=\"section\">\n\t\t\t\t\t\t<div class=\"elementor-container elementor-column-gap-default\">\n\t\t\t\t\t<div class=\"elementor-column elementor-col-100 elementor-top-column elementor-element elementor-element-dad204c\" data-id=\"dad204c\" data-element_type=\"column\">\n\t\t\t<div class=\"elementor-widget-wrap elementor-element-populated\">\n\t\t\t\t\t\t<div class=\"elementor-element elementor-element-1d04abb elementor-widget elementor-widget-image\" data-id=\"1d04abb\" data-element_type=\"widget\" data-widget_type=\"image.default\">\n\t\t\t\t<div class=\"elementor-widget-container\">\n\t\t\t\t\t\t\t\t\t\t\t\t\t\t\t<img fetchpriority=\"high\" decoding=\"async\" width=\"433\" height=\"432\" src=\"https:\/\/prefecturadeesmeraldas.gob.ec\/wp-content\/uploads\/2022\/04\/Imagen26.jpg\" class=\"attachment-large size-large wp-image-15510\" alt=\"\" srcset=\"https:\/\/prefecturadeesmeraldas.gob.ec\/wp-content\/uploads\/2022\/04\/Imagen26.jpg 433w, https:\/\/prefecturadeesmeraldas.gob.ec\/wp-content\/uploads\/2022\/04\/Imagen26-240x240.jpg 240w, https:\/\/prefecturadeesmeraldas.gob.ec\/wp-content\/uploads\/2022\/04\/Imagen26-150x150.jpg 150w, https:\/\/prefecturadeesmeraldas.gob.ec\/wp-content\/uploads\/2022\/04\/Imagen26-300x300.jpg 300w\" sizes=\"(max-width: 433px) 100vw, 433px\" \/>\t\t\t\t\t\t\t\t\t\t\t\t\t\t\t<\/div>\n\t\t\t\t<\/div>\n\t\t\t\t\t<\/div>\n\t\t<\/div>\n\t\t\t\t\t<\/div>\n\t\t<\/section>\n\t\t\t\t<section class=\"elementor-section elementor-top-section elementor-element elementor-element-3f445da elementor-section-boxed elementor-section-height-default elementor-section-height-default\" data-id=\"3f445da\" data-element_type=\"section\">\n\t\t\t\t\t\t<div class=\"elementor-container elementor-column-gap-default\">\n\t\t\t\t\t<div class=\"elementor-column elementor-col-100 elementor-top-column elementor-element elementor-element-a5bfad4\" data-id=\"a5bfad4\" data-element_type=\"column\">\n\t\t\t<div class=\"elementor-widget-wrap elementor-element-populated\">\n\t\t\t\t\t\t<div class=\"elementor-element elementor-element-8ce89a2 elementor-widget elementor-widget-text-editor\" data-id=\"8ce89a2\" data-element_type=\"widget\" data-widget_type=\"text-editor.default\">\n\t\t\t\t<div class=\"elementor-widget-container\">\n\t\t\t\t\t\t\t\t\t<p>A trav\u00e9s de una campa\u00f1a de sensibilizaci\u00f3n a sujetos de control, representantes legales y\/o propietarios de proyectos, la Prefectura de Esmeraldas, a trav\u00e9s de la Direcci\u00f3n de Gesti\u00f3n Ambiental y la Comisar\u00eda Provincial de Ambiente, brindaron una capacitaci\u00f3n, a fin de dar a conocer la nueva actualizaci\u00f3n entorno a la normativa ambiental, auditor\u00edas, t\u00e9rminos e informes ambientales de cumplimiento, para evitar sanciones.<\/p><p>En representaci\u00f3n de la Prefecta de Esmeraldas, Roberta Zambrano, <strong>\u00c1lex Estupi\u00f1\u00e1n<\/strong>, Comisario Provincial de Ambiente, explic\u00f3 que, la meta de llevar adelante la nueva jornada de capacitaci\u00f3n surge a ra\u00edz de la necesidad de seguir generando una conciencia ambiental de estricto cumplimiento a la normativa.<\/p><p>Por su parte, <strong>Janino Carvache<\/strong>, director de la Gesti\u00f3n de Ambiente de la Prefectura de Esmeraldas, detall\u00f3 que, en esta ocasi\u00f3n, la capacitaci\u00f3n se orient\u00f3 espec\u00edficamente a representantes de empresas que cuentan con licencias ambientales, para que conozcan el tipo de cambios surgidos a ra\u00edz del cambio y la actualizaci\u00f3n de las normativas.<\/p><p>Cerca de 40 personas, entre funcionarios y sujetos de control fueron parte de la jornada de actualizaci\u00f3n, a fin de que cada uno de los asistentes conozcan, aprendan, y manejen de manera correcta el uso de las nuevas normativas para la construcci\u00f3n de los planes de manejo ambiental.\u00a0<\/p>\t\t\t\t\t\t\t\t<\/div>\n\t\t\t\t<\/div>\n\t\t\t\t\t<\/div>\n\t\t<\/div>\n\t\t\t\t\t<\/div>\n\t\t<\/section>\n\t\t\t\t<\/div>\n\t\t","protected":false},"excerpt":{"rendered":"<p>A trav\u00e9s de una campa\u00f1a de sensibilizaci\u00f3n a sujetos de control, representantes legales y\/o propietarios de proyectos, la Prefectura de Esmeraldas, a trav\u00e9s de la Direcci\u00f3n de Gesti\u00f3n Ambiental y la Comisar\u00eda Provincial de Ambiente, brindaron una capacitaci\u00f3n, a fin de dar a conocer la nueva actualizaci\u00f3n entorno a la normativa ambiental, auditor\u00edas, t\u00e9rminos e [&hellip;]<\/p>\n","protected":false},"author":2,"featured_media":15510,"comment_status":"closed","ping_status":"open","sticky":false,"template":"","format":"standard","meta":{"footnotes":""},"categories":[16],"tags":[],"class_list":["post-15509","post","type-post","status-publish","format-standard","has-post-thumbnail","hentry","category-ambiental"],"yoast_head":"<!-- This site is optimized with the Yoast SEO plugin v25.7 - https:\/\/yoast.com\/wordpress\/plugins\/seo\/ -->\n<title>Prefectura de Esmeraldas, direcci\u00f3n de gesti\u00f3n ambiental y comisar\u00eda provincial de ambiente, lideran campa\u00f1a de sensibilizaci\u00f3n a sujetos de control - Gobierno Aut\u00f3nomo Descentralizado de la Provincia de Esmeraldas<\/title>\n<meta name=\"robots\" content=\"index, follow, max-snippet:-1, max-image-preview:large, max-video-preview:-1\" \/>\n<link rel=\"canonical\" href=\"https:\/\/prefecturadeesmeraldas.gob.ec\/index.php\/2022\/04\/04\/prefectura-de-esmeraldas-direccion-de-gestion-ambiental-y-comisaria-provincial-de-ambiente-lideran-campana-de-sensibilizacion-a-sujetos-de-control\/\" \/>\n<meta property=\"og:locale\" content=\"es_ES\" \/>\n<meta property=\"og:type\" content=\"article\" \/>\n<meta property=\"og:title\" content=\"Prefectura de Esmeraldas, direcci\u00f3n de gesti\u00f3n ambiental y comisar\u00eda provincial de ambiente, lideran campa\u00f1a de sensibilizaci\u00f3n a sujetos de control - Gobierno Aut\u00f3nomo Descentralizado de la Provincia de Esmeraldas\" \/>\n<meta property=\"og:description\" content=\"A trav\u00e9s de una campa\u00f1a de sensibilizaci\u00f3n a sujetos de control, representantes legales y\/o propietarios de proyectos, la Prefectura de Esmeraldas, a trav\u00e9s de la Direcci\u00f3n de Gesti\u00f3n Ambiental y la Comisar\u00eda Provincial de Ambiente, brindaron una capacitaci\u00f3n, a fin de dar a conocer la nueva actualizaci\u00f3n entorno a la normativa ambiental, auditor\u00edas, t\u00e9rminos e [&hellip;]\" \/>\n<meta property=\"og:url\" content=\"https:\/\/prefecturadeesmeraldas.gob.ec\/index.php\/2022\/04\/04\/prefectura-de-esmeraldas-direccion-de-gestion-ambiental-y-comisaria-provincial-de-ambiente-lideran-campana-de-sensibilizacion-a-sujetos-de-control\/\" \/>\n<meta property=\"og:site_name\" content=\"Gobierno Aut\u00f3nomo Descentralizado de la Provincia de Esmeraldas\" \/>\n<meta property=\"article:publisher\" content=\"https:\/\/www.facebook.com\/PrefecturaEsmeraldas\/\" \/>\n<meta property=\"article:published_time\" content=\"2022-04-04T14:26:52+00:00\" \/>\n<meta property=\"article:modified_time\" content=\"2022-04-04T14:27:19+00:00\" \/>\n<meta property=\"og:image\" content=\"https:\/\/prefecturadeesmeraldas.gob.ec\/wp-content\/uploads\/2022\/04\/Imagen26.jpg\" \/>\n\t<meta property=\"og:image:width\" content=\"433\" \/>\n\t<meta property=\"og:image:height\" content=\"432\" \/>\n\t<meta property=\"og:image:type\" content=\"image\/jpeg\" \/>\n<meta name=\"author\" content=\"Direcci\u00f3n de Comunicaci\u00f3n\" \/>\n<meta name=\"twitter:card\" content=\"summary_large_image\" \/>\n<meta name=\"twitter:label1\" content=\"Escrito por\" \/>\n\t<meta name=\"twitter:data1\" content=\"Direcci\u00f3n de Comunicaci\u00f3n\" \/>\n\t<meta name=\"twitter:label2\" content=\"Tiempo de lectura\" \/>\n\t<meta name=\"twitter:data2\" content=\"1 minuto\" \/>\n<script type=\"application\/ld+json\" class=\"yoast-schema-graph\">{\"@context\":\"https:\/\/schema.org\",\"@graph\":[{\"@type\":\"Article\",\"@id\":\"https:\/\/prefecturadeesmeraldas.gob.ec\/index.php\/2022\/04\/04\/prefectura-de-esmeraldas-direccion-de-gestion-ambiental-y-comisaria-provincial-de-ambiente-lideran-campana-de-sensibilizacion-a-sujetos-de-control\/#article\",\"isPartOf\":{\"@id\":\"https:\/\/prefecturadeesmeraldas.gob.ec\/index.php\/2022\/04\/04\/prefectura-de-esmeraldas-direccion-de-gestion-ambiental-y-comisaria-provincial-de-ambiente-lideran-campana-de-sensibilizacion-a-sujetos-de-control\/\"},\"author\":{\"name\":\"Direcci\u00f3n de Comunicaci\u00f3n\",\"@id\":\"https:\/\/prefecturadeesmeraldas.gob.ec\/#\/schema\/person\/b0c9e7b1ead7725994d1e319e8825234\"},\"headline\":\"Prefectura de Esmeraldas, direcci\u00f3n de gesti\u00f3n ambiental y comisar\u00eda provincial de ambiente, lideran campa\u00f1a de sensibilizaci\u00f3n a sujetos de control\",\"datePublished\":\"2022-04-04T14:26:52+00:00\",\"dateModified\":\"2022-04-04T14:27:19+00:00\",\"mainEntityOfPage\":{\"@id\":\"https:\/\/prefecturadeesmeraldas.gob.ec\/index.php\/2022\/04\/04\/prefectura-de-esmeraldas-direccion-de-gestion-ambiental-y-comisaria-provincial-de-ambiente-lideran-campana-de-sensibilizacion-a-sujetos-de-control\/\"},\"wordCount\":256,\"publisher\":{\"@id\":\"https:\/\/prefecturadeesmeraldas.gob.ec\/#organization\"},\"image\":{\"@id\":\"https:\/\/prefecturadeesmeraldas.gob.ec\/index.php\/2022\/04\/04\/prefectura-de-esmeraldas-direccion-de-gestion-ambiental-y-comisaria-provincial-de-ambiente-lideran-campana-de-sensibilizacion-a-sujetos-de-control\/#primaryimage\"},\"thumbnailUrl\":\"https:\/\/prefecturadeesmeraldas.gob.ec\/wp-content\/uploads\/2022\/04\/Imagen26.jpg\",\"articleSection\":[\"Ambiental\"],\"inLanguage\":\"es\"},{\"@type\":\"WebPage\",\"@id\":\"https:\/\/prefecturadeesmeraldas.gob.ec\/index.php\/2022\/04\/04\/prefectura-de-esmeraldas-direccion-de-gestion-ambiental-y-comisaria-provincial-de-ambiente-lideran-campana-de-sensibilizacion-a-sujetos-de-control\/\",\"url\":\"https:\/\/prefecturadeesmeraldas.gob.ec\/index.php\/2022\/04\/04\/prefectura-de-esmeraldas-direccion-de-gestion-ambiental-y-comisaria-provincial-de-ambiente-lideran-campana-de-sensibilizacion-a-sujetos-de-control\/\",\"name\":\"Prefectura de Esmeraldas, direcci\u00f3n de gesti\u00f3n ambiental y comisar\u00eda provincial de ambiente, lideran campa\u00f1a de sensibilizaci\u00f3n a sujetos de control - Gobierno Aut\u00f3nomo Descentralizado de la Provincia de Esmeraldas\",\"isPartOf\":{\"@id\":\"https:\/\/prefecturadeesmeraldas.gob.ec\/#website\"},\"primaryImageOfPage\":{\"@id\":\"https:\/\/prefecturadeesmeraldas.gob.ec\/index.php\/2022\/04\/04\/prefectura-de-esmeraldas-direccion-de-gestion-ambiental-y-comisaria-provincial-de-ambiente-lideran-campana-de-sensibilizacion-a-sujetos-de-control\/#primaryimage\"},\"image\":{\"@id\":\"https:\/\/prefecturadeesmeraldas.gob.ec\/index.php\/2022\/04\/04\/prefectura-de-esmeraldas-direccion-de-gestion-ambiental-y-comisaria-provincial-de-ambiente-lideran-campana-de-sensibilizacion-a-sujetos-de-control\/#primaryimage\"},\"thumbnailUrl\":\"https:\/\/prefecturadeesmeraldas.gob.ec\/wp-content\/uploads\/2022\/04\/Imagen26.jpg\",\"datePublished\":\"2022-04-04T14:26:52+00:00\",\"dateModified\":\"2022-04-04T14:27:19+00:00\",\"breadcrumb\":{\"@id\":\"https:\/\/prefecturadeesmeraldas.gob.ec\/index.php\/2022\/04\/04\/prefectura-de-esmeraldas-direccion-de-gestion-ambiental-y-comisaria-provincial-de-ambiente-lideran-campana-de-sensibilizacion-a-sujetos-de-control\/#breadcrumb\"},\"inLanguage\":\"es\",\"potentialAction\":[{\"@type\":\"ReadAction\",\"target\":[\"https:\/\/prefecturadeesmeraldas.gob.ec\/index.php\/2022\/04\/04\/prefectura-de-esmeraldas-direccion-de-gestion-ambiental-y-comisaria-provincial-de-ambiente-lideran-campana-de-sensibilizacion-a-sujetos-de-control\/\"]}]},{\"@type\":\"ImageObject\",\"inLanguage\":\"es\",\"@id\":\"https:\/\/prefecturadeesmeraldas.gob.ec\/index.php\/2022\/04\/04\/prefectura-de-esmeraldas-direccion-de-gestion-ambiental-y-comisaria-provincial-de-ambiente-lideran-campana-de-sensibilizacion-a-sujetos-de-control\/#primaryimage\",\"url\":\"https:\/\/prefecturadeesmeraldas.gob.ec\/wp-content\/uploads\/2022\/04\/Imagen26.jpg\",\"contentUrl\":\"https:\/\/prefecturadeesmeraldas.gob.ec\/wp-content\/uploads\/2022\/04\/Imagen26.jpg\",\"width\":433,\"height\":432},{\"@type\":\"BreadcrumbList\",\"@id\":\"https:\/\/prefecturadeesmeraldas.gob.ec\/index.php\/2022\/04\/04\/prefectura-de-esmeraldas-direccion-de-gestion-ambiental-y-comisaria-provincial-de-ambiente-lideran-campana-de-sensibilizacion-a-sujetos-de-control\/#breadcrumb\",\"itemListElement\":[{\"@type\":\"ListItem\",\"position\":1,\"name\":\"Home\",\"item\":\"https:\/\/prefecturadeesmeraldas.gob.ec\/\"},{\"@type\":\"ListItem\",\"position\":2,\"name\":\"Prefectura de Esmeraldas, direcci\u00f3n de gesti\u00f3n ambiental y comisar\u00eda provincial de ambiente, lideran campa\u00f1a de sensibilizaci\u00f3n a sujetos de control\"}]},{\"@type\":\"WebSite\",\"@id\":\"https:\/\/prefecturadeesmeraldas.gob.ec\/#website\",\"url\":\"https:\/\/prefecturadeesmeraldas.gob.ec\/\",\"name\":\"Gobierno Aut\u00f3nomo Descentralizado de la Provincia de Esmeraldas\",\"description\":\"Gobierno Aut\u00f3nomo Descentralizado de la Provincia de Esmeraldas\",\"publisher\":{\"@id\":\"https:\/\/prefecturadeesmeraldas.gob.ec\/#organization\"},\"potentialAction\":[{\"@type\":\"SearchAction\",\"target\":{\"@type\":\"EntryPoint\",\"urlTemplate\":\"https:\/\/prefecturadeesmeraldas.gob.ec\/?s={search_term_string}\"},\"query-input\":{\"@type\":\"PropertyValueSpecification\",\"valueRequired\":true,\"valueName\":\"search_term_string\"}}],\"inLanguage\":\"es\"},{\"@type\":\"Organization\",\"@id\":\"https:\/\/prefecturadeesmeraldas.gob.ec\/#organization\",\"name\":\"Gobierno Aut\u00f3nomo Descentralizado de la Provincia de Esmeraldas\",\"url\":\"https:\/\/prefecturadeesmeraldas.gob.ec\/\",\"logo\":{\"@type\":\"ImageObject\",\"inLanguage\":\"es\",\"@id\":\"https:\/\/prefecturadeesmeraldas.gob.ec\/#\/schema\/logo\/image\/\",\"url\":\"https:\/\/prefecturadeesmeraldas.gob.ec\/wp-content\/uploads\/2019\/06\/logo.png\",\"contentUrl\":\"https:\/\/prefecturadeesmeraldas.gob.ec\/wp-content\/uploads\/2019\/06\/logo.png\",\"width\":859,\"height\":448,\"caption\":\"Gobierno Aut\u00f3nomo Descentralizado de la Provincia de Esmeraldas\"},\"image\":{\"@id\":\"https:\/\/prefecturadeesmeraldas.gob.ec\/#\/schema\/logo\/image\/\"},\"sameAs\":[\"https:\/\/www.facebook.com\/PrefecturaEsmeraldas\/\"]},{\"@type\":\"Person\",\"@id\":\"https:\/\/prefecturadeesmeraldas.gob.ec\/#\/schema\/person\/b0c9e7b1ead7725994d1e319e8825234\",\"name\":\"Direcci\u00f3n de Comunicaci\u00f3n\",\"image\":{\"@type\":\"ImageObject\",\"inLanguage\":\"es\",\"@id\":\"https:\/\/prefecturadeesmeraldas.gob.ec\/#\/schema\/person\/image\/\",\"url\":\"https:\/\/secure.gravatar.com\/avatar\/74a3870a946f5d774ade3569af61a72308e07ad3346f370c4b468ee2a9858658?s=96&d=mm&r=g\",\"contentUrl\":\"https:\/\/secure.gravatar.com\/avatar\/74a3870a946f5d774ade3569af61a72308e07ad3346f370c4b468ee2a9858658?s=96&d=mm&r=g\",\"caption\":\"Direcci\u00f3n de Comunicaci\u00f3n\"}}]}<\/script>\n<!-- \/ Yoast SEO plugin. -->","yoast_head_json":{"title":"Prefectura de Esmeraldas, direcci\u00f3n de gesti\u00f3n ambiental y comisar\u00eda provincial de ambiente, lideran campa\u00f1a de sensibilizaci\u00f3n a sujetos de control - Gobierno Aut\u00f3nomo Descentralizado de la Provincia de Esmeraldas","robots":{"index":"index","follow":"follow","max-snippet":"max-snippet:-1","max-image-preview":"max-image-preview:large","max-video-preview":"max-video-preview:-1"},"canonical":"https:\/\/prefecturadeesmeraldas.gob.ec\/index.php\/2022\/04\/04\/prefectura-de-esmeraldas-direccion-de-gestion-ambiental-y-comisaria-provincial-de-ambiente-lideran-campana-de-sensibilizacion-a-sujetos-de-control\/","og_locale":"es_ES","og_type":"article","og_title":"Prefectura de Esmeraldas, direcci\u00f3n de gesti\u00f3n ambiental y comisar\u00eda provincial de ambiente, lideran campa\u00f1a de sensibilizaci\u00f3n a sujetos de control - Gobierno Aut\u00f3nomo Descentralizado de la Provincia de Esmeraldas","og_description":"A trav\u00e9s de una campa\u00f1a de sensibilizaci\u00f3n a sujetos de control, representantes legales y\/o propietarios de proyectos, la Prefectura de Esmeraldas, a trav\u00e9s de la Direcci\u00f3n de Gesti\u00f3n Ambiental y la Comisar\u00eda Provincial de Ambiente, brindaron una capacitaci\u00f3n, a fin de dar a conocer la nueva actualizaci\u00f3n entorno a la normativa ambiental, auditor\u00edas, t\u00e9rminos e [&hellip;]","og_url":"https:\/\/prefecturadeesmeraldas.gob.ec\/index.php\/2022\/04\/04\/prefectura-de-esmeraldas-direccion-de-gestion-ambiental-y-comisaria-provincial-de-ambiente-lideran-campana-de-sensibilizacion-a-sujetos-de-control\/","og_site_name":"Gobierno Aut\u00f3nomo Descentralizado de la Provincia de Esmeraldas","article_publisher":"https:\/\/www.facebook.com\/PrefecturaEsmeraldas\/","article_published_time":"2022-04-04T14:26:52+00:00","article_modified_time":"2022-04-04T14:27:19+00:00","og_image":[{"width":433,"height":432,"url":"https:\/\/prefecturadeesmeraldas.gob.ec\/wp-content\/uploads\/2022\/04\/Imagen26.jpg","type":"image\/jpeg"}],"author":"Direcci\u00f3n de Comunicaci\u00f3n","twitter_card":"summary_large_image","twitter_misc":{"Escrito por":"Direcci\u00f3n de Comunicaci\u00f3n","Tiempo de lectura":"1 minuto"},"schema":{"@context":"https:\/\/schema.org","@graph":[{"@type":"Article","@id":"https:\/\/prefecturadeesmeraldas.gob.ec\/index.php\/2022\/04\/04\/prefectura-de-esmeraldas-direccion-de-gestion-ambiental-y-comisaria-provincial-de-ambiente-lideran-campana-de-sensibilizacion-a-sujetos-de-control\/#article","isPartOf":{"@id":"https:\/\/prefecturadeesmeraldas.gob.ec\/index.php\/2022\/04\/04\/prefectura-de-esmeraldas-direccion-de-gestion-ambiental-y-comisaria-provincial-de-ambiente-lideran-campana-de-sensibilizacion-a-sujetos-de-control\/"},"author":{"name":"Direcci\u00f3n de Comunicaci\u00f3n","@id":"https:\/\/prefecturadeesmeraldas.gob.ec\/#\/schema\/person\/b0c9e7b1ead7725994d1e319e8825234"},"headline":"Prefectura de Esmeraldas, direcci\u00f3n de gesti\u00f3n ambiental y comisar\u00eda provincial de ambiente, lideran campa\u00f1a de sensibilizaci\u00f3n a sujetos de control","datePublished":"2022-04-04T14:26:52+00:00","dateModified":"2022-04-04T14:27:19+00:00","mainEntityOfPage":{"@id":"https:\/\/prefecturadeesmeraldas.gob.ec\/index.php\/2022\/04\/04\/prefectura-de-esmeraldas-direccion-de-gestion-ambiental-y-comisaria-provincial-de-ambiente-lideran-campana-de-sensibilizacion-a-sujetos-de-control\/"},"wordCount":256,"publisher":{"@id":"https:\/\/prefecturadeesmeraldas.gob.ec\/#organization"},"image":{"@id":"https:\/\/prefecturadeesmeraldas.gob.ec\/index.php\/2022\/04\/04\/prefectura-de-esmeraldas-direccion-de-gestion-ambiental-y-comisaria-provincial-de-ambiente-lideran-campana-de-sensibilizacion-a-sujetos-de-control\/#primaryimage"},"thumbnailUrl":"https:\/\/prefecturadeesmeraldas.gob.ec\/wp-content\/uploads\/2022\/04\/Imagen26.jpg","articleSection":["Ambiental"],"inLanguage":"es"},{"@type":"WebPage","@id":"https:\/\/prefecturadeesmeraldas.gob.ec\/index.php\/2022\/04\/04\/prefectura-de-esmeraldas-direccion-de-gestion-ambiental-y-comisaria-provincial-de-ambiente-lideran-campana-de-sensibilizacion-a-sujetos-de-control\/","url":"https:\/\/prefecturadeesmeraldas.gob.ec\/index.php\/2022\/04\/04\/prefectura-de-esmeraldas-direccion-de-gestion-ambiental-y-comisaria-provincial-de-ambiente-lideran-campana-de-sensibilizacion-a-sujetos-de-control\/","name":"Prefectura de Esmeraldas, direcci\u00f3n de gesti\u00f3n ambiental y comisar\u00eda provincial de ambiente, lideran campa\u00f1a de sensibilizaci\u00f3n a sujetos de control - Gobierno Aut\u00f3nomo Descentralizado de la Provincia de Esmeraldas","isPartOf":{"@id":"https:\/\/prefecturadeesmeraldas.gob.ec\/#website"},"primaryImageOfPage":{"@id":"https:\/\/prefecturadeesmeraldas.gob.ec\/index.php\/2022\/04\/04\/prefectura-de-esmeraldas-direccion-de-gestion-ambiental-y-comisaria-provincial-de-ambiente-lideran-campana-de-sensibilizacion-a-sujetos-de-control\/#primaryimage"},"image":{"@id":"https:\/\/prefecturadeesmeraldas.gob.ec\/index.php\/2022\/04\/04\/prefectura-de-esmeraldas-direccion-de-gestion-ambiental-y-comisaria-provincial-de-ambiente-lideran-campana-de-sensibilizacion-a-sujetos-de-control\/#primaryimage"},"thumbnailUrl":"https:\/\/prefecturadeesmeraldas.gob.ec\/wp-content\/uploads\/2022\/04\/Imagen26.jpg","datePublished":"2022-04-04T14:26:52+00:00","dateModified":"2022-04-04T14:27:19+00:00","breadcrumb":{"@id":"https:\/\/prefecturadeesmeraldas.gob.ec\/index.php\/2022\/04\/04\/prefectura-de-esmeraldas-direccion-de-gestion-ambiental-y-comisaria-provincial-de-ambiente-lideran-campana-de-sensibilizacion-a-sujetos-de-control\/#breadcrumb"},"inLanguage":"es","potentialAction":[{"@type":"ReadAction","target":["https:\/\/prefecturadeesmeraldas.gob.ec\/index.php\/2022\/04\/04\/prefectura-de-esmeraldas-direccion-de-gestion-ambiental-y-comisaria-provincial-de-ambiente-lideran-campana-de-sensibilizacion-a-sujetos-de-control\/"]}]},{"@type":"ImageObject","inLanguage":"es","@id":"https:\/\/prefecturadeesmeraldas.gob.ec\/index.php\/2022\/04\/04\/prefectura-de-esmeraldas-direccion-de-gestion-ambiental-y-comisaria-provincial-de-ambiente-lideran-campana-de-sensibilizacion-a-sujetos-de-control\/#primaryimage","url":"https:\/\/prefecturadeesmeraldas.gob.ec\/wp-content\/uploads\/2022\/04\/Imagen26.jpg","contentUrl":"https:\/\/prefecturadeesmeraldas.gob.ec\/wp-content\/uploads\/2022\/04\/Imagen26.jpg","width":433,"height":432},{"@type":"BreadcrumbList","@id":"https:\/\/prefecturadeesmeraldas.gob.ec\/index.php\/2022\/04\/04\/prefectura-de-esmeraldas-direccion-de-gestion-ambiental-y-comisaria-provincial-de-ambiente-lideran-campana-de-sensibilizacion-a-sujetos-de-control\/#breadcrumb","itemListElement":[{"@type":"ListItem","position":1,"name":"Home","item":"https:\/\/prefecturadeesmeraldas.gob.ec\/"},{"@type":"ListItem","position":2,"name":"Prefectura de Esmeraldas, direcci\u00f3n de gesti\u00f3n ambiental y comisar\u00eda provincial de ambiente, lideran campa\u00f1a de sensibilizaci\u00f3n a sujetos de control"}]},{"@type":"WebSite","@id":"https:\/\/prefecturadeesmeraldas.gob.ec\/#website","url":"https:\/\/prefecturadeesmeraldas.gob.ec\/","name":"Gobierno Aut\u00f3nomo Descentralizado de la Provincia de Esmeraldas","description":"Gobierno Aut\u00f3nomo Descentralizado de la Provincia de Esmeraldas","publisher":{"@id":"https:\/\/prefecturadeesmeraldas.gob.ec\/#organization"},"potentialAction":[{"@type":"SearchAction","target":{"@type":"EntryPoint","urlTemplate":"https:\/\/prefecturadeesmeraldas.gob.ec\/?s={search_term_string}"},"query-input":{"@type":"PropertyValueSpecification","valueRequired":true,"valueName":"search_term_string"}}],"inLanguage":"es"},{"@type":"Organization","@id":"https:\/\/prefecturadeesmeraldas.gob.ec\/#organization","name":"Gobierno Aut\u00f3nomo Descentralizado de la Provincia de Esmeraldas","url":"https:\/\/prefecturadeesmeraldas.gob.ec\/","logo":{"@type":"ImageObject","inLanguage":"es","@id":"https:\/\/prefecturadeesmeraldas.gob.ec\/#\/schema\/logo\/image\/","url":"https:\/\/prefecturadeesmeraldas.gob.ec\/wp-content\/uploads\/2019\/06\/logo.png","contentUrl":"https:\/\/prefecturadeesmeraldas.gob.ec\/wp-content\/uploads\/2019\/06\/logo.png","width":859,"height":448,"caption":"Gobierno Aut\u00f3nomo Descentralizado de la Provincia de Esmeraldas"},"image":{"@id":"https:\/\/prefecturadeesmeraldas.gob.ec\/#\/schema\/logo\/image\/"},"sameAs":["https:\/\/www.facebook.com\/PrefecturaEsmeraldas\/"]},{"@type":"Person","@id":"https:\/\/prefecturadeesmeraldas.gob.ec\/#\/schema\/person\/b0c9e7b1ead7725994d1e319e8825234","name":"Direcci\u00f3n de Comunicaci\u00f3n","image":{"@type":"ImageObject","inLanguage":"es","@id":"https:\/\/prefecturadeesmeraldas.gob.ec\/#\/schema\/person\/image\/","url":"https:\/\/secure.gravatar.com\/avatar\/74a3870a946f5d774ade3569af61a72308e07ad3346f370c4b468ee2a9858658?s=96&d=mm&r=g","contentUrl":"https:\/\/secure.gravatar.com\/avatar\/74a3870a946f5d774ade3569af61a72308e07ad3346f370c4b468ee2a9858658?s=96&d=mm&r=g","caption":"Direcci\u00f3n de Comunicaci\u00f3n"}}]}},"_links":{"self":[{"href":"https:\/\/prefecturadeesmeraldas.gob.ec\/index.php\/wp-json\/wp\/v2\/posts\/15509","targetHints":{"allow":["GET"]}}],"collection":[{"href":"https:\/\/prefecturadeesmeraldas.gob.ec\/index.php\/wp-json\/wp\/v2\/posts"}],"about":[{"href":"https:\/\/prefecturadeesmeraldas.gob.ec\/index.php\/wp-json\/wp\/v2\/types\/post"}],"author":[{"embeddable":true,"href":"https:\/\/prefecturadeesmeraldas.gob.ec\/index.php\/wp-json\/wp\/v2\/users\/2"}],"replies":[{"embeddable":true,"href":"https:\/\/prefecturadeesmeraldas.gob.ec\/index.php\/wp-json\/wp\/v2\/comments?post=15509"}],"version-history":[{"count":0,"href":"https:\/\/prefecturadeesmeraldas.gob.ec\/index.php\/wp-json\/wp\/v2\/posts\/15509\/revisions"}],"wp:featuredmedia":[{"embeddable":true,"href":"https:\/\/prefecturadeesmeraldas.gob.ec\/index.php\/wp-json\/wp\/v2\/media\/15510"}],"wp:attachment":[{"href":"https:\/\/prefecturadeesmeraldas.gob.ec\/index.php\/wp-json\/wp\/v2\/media?parent=15509"}],"wp:term":[{"taxonomy":"category","embeddable":true,"href":"https:\/\/prefecturadeesmeraldas.gob.ec\/index.php\/wp-json\/wp\/v2\/categories?post=15509"},{"taxonomy":"post_tag","embeddable":true,"href":"https:\/\/prefecturadeesmeraldas.gob.ec\/index.php\/wp-json\/wp\/v2\/tags?post=15509"}],"curies":[{"name":"wp","href":"https:\/\/api.w.org\/{rel}","templated":true}]}}