{"id":15504,"date":"2022-04-01T15:55:44","date_gmt":"2022-04-01T20:55:44","guid":{"rendered":"https:\/\/prefecturadeesmeraldas.gob.ec\/?p=15504"},"modified":"2022-04-01T16:03:35","modified_gmt":"2022-04-01T21:03:35","slug":"prefecta-roberta-zambrano-realiza-entrega-de-raciones-alimenticias-a-los-damnificados-de-los-sismos","status":"publish","type":"post","link":"https:\/\/prefecturadeesmeraldas.gob.ec\/index.php\/2022\/04\/01\/prefecta-roberta-zambrano-realiza-entrega-de-raciones-alimenticias-a-los-damnificados-de-los-sismos\/","title":{"rendered":"Prefecta Roberta Zambrano realiza entrega de raciones alimenticias a los damnificados de los sismos"},"content":{"rendered":"\t\t<div data-elementor-type=\"wp-post\" data-elementor-id=\"15504\" class=\"elementor elementor-15504\">\n\t\t\t\t\t\t<section class=\"elementor-section elementor-top-section elementor-element elementor-element-7051278 elementor-section-boxed elementor-section-height-default elementor-section-height-default\" data-id=\"7051278\" data-element_type=\"section\">\n\t\t\t\t\t\t<div class=\"elementor-container elementor-column-gap-default\">\n\t\t\t\t\t<div class=\"elementor-column elementor-col-100 elementor-top-column elementor-element elementor-element-197e75c\" data-id=\"197e75c\" data-element_type=\"column\">\n\t\t\t<div class=\"elementor-widget-wrap elementor-element-populated\">\n\t\t\t\t\t\t<div class=\"elementor-element elementor-element-c3875d5 elementor-widget elementor-widget-image\" data-id=\"c3875d5\" data-element_type=\"widget\" data-widget_type=\"image.default\">\n\t\t\t\t<div class=\"elementor-widget-container\">\n\t\t\t\t\t\t\t\t\t\t\t\t\t\t\t<img fetchpriority=\"high\" decoding=\"async\" width=\"566\" height=\"318\" src=\"https:\/\/prefecturadeesmeraldas.gob.ec\/wp-content\/uploads\/2022\/04\/Imagen25.jpg\" class=\"attachment-large size-large wp-image-15505\" alt=\"\" srcset=\"https:\/\/prefecturadeesmeraldas.gob.ec\/wp-content\/uploads\/2022\/04\/Imagen25.jpg 566w, https:\/\/prefecturadeesmeraldas.gob.ec\/wp-content\/uploads\/2022\/04\/Imagen25-300x169.jpg 300w\" sizes=\"(max-width: 566px) 100vw, 566px\" \/>\t\t\t\t\t\t\t\t\t\t\t\t\t\t\t<\/div>\n\t\t\t\t<\/div>\n\t\t\t\t\t<\/div>\n\t\t<\/div>\n\t\t\t\t\t<\/div>\n\t\t<\/section>\n\t\t\t\t<section class=\"elementor-section elementor-top-section elementor-element elementor-element-5da93a9 elementor-section-boxed elementor-section-height-default elementor-section-height-default\" data-id=\"5da93a9\" data-element_type=\"section\">\n\t\t\t\t\t\t<div class=\"elementor-container elementor-column-gap-default\">\n\t\t\t\t\t<div class=\"elementor-column elementor-col-100 elementor-top-column elementor-element elementor-element-0694da1\" data-id=\"0694da1\" data-element_type=\"column\">\n\t\t\t<div class=\"elementor-widget-wrap elementor-element-populated\">\n\t\t\t\t\t\t<div class=\"elementor-element elementor-element-d0c5d71 elementor-widget elementor-widget-text-editor\" data-id=\"d0c5d71\" data-element_type=\"widget\" data-widget_type=\"text-editor.default\">\n\t\t\t\t<div class=\"elementor-widget-container\">\n\t\t\t\t\t\t\t\t\t<p>La prefecta de Esmeraldas, Roberta Zambrano Ortiz; Voluntarios Solidarios Cynthia Viteri, personal del Gobierno Provincial y, con el apoyo de la Polic\u00eda Nacional, entregaron raciones alimenticias y suplementos nutritivos a los damnificados del sismo de la calle Calder\u00f3n.\u00a0<\/p><p>Ana Vivero, moradora del sector, dijo sentirse muy agradecida por la raci\u00f3n alimenticia que recibi\u00f3 en estos momentos dif\u00edciles que se atraviesa.<\/p><p>De igual manera, Mar\u00eda Camacho, mostr\u00f3 su satisfacci\u00f3n por la ayuda humanitaria y resalt\u00f3 las cualidades positivas de la Roberta Zambrano, por ser una persona muy buena y por, sobre todo, solidaria.<\/p><p>Jefferson G\u00f3ngora, residente del sector, indic\u00f3 que el apoyo que ha recibido su barrio es de vital importancia, ya que la situaci\u00f3n que se vive est\u00e1 llena de dificultades, por lo que la mano solidaria de la Prefecta es de gran ayuda.<\/p><p>Manuel Arboleda, habitante del sitio, afirm\u00f3 que se sinti\u00f3 muy contento al ver que una autoridad provincial se hace presente con donaciones.<\/p><p>&#8220;Mi abogada, mi preferida, mi Prefecta solidaria, porque es la \u00fanica que ha hecho m\u00e1s por Esmeraldas que otras autoridades&#8221;, manifest\u00f3 Mirna Cetre, quien habita en la zona.\u00a0<\/p>\t\t\t\t\t\t\t\t<\/div>\n\t\t\t\t<\/div>\n\t\t\t\t\t<\/div>\n\t\t<\/div>\n\t\t\t\t\t<\/div>\n\t\t<\/section>\n\t\t\t\t<\/div>\n\t\t","protected":false},"excerpt":{"rendered":"<p>La prefecta de Esmeraldas, Roberta Zambrano Ortiz; Voluntarios Solidarios Cynthia Viteri, personal del Gobierno Provincial y, con el apoyo de la Polic\u00eda Nacional, entregaron raciones alimenticias y suplementos nutritivos a los damnificados del sismo de la calle Calder\u00f3n.&nbsp; Ana Vivero, moradora del sector, dijo sentirse muy agradecida por la raci\u00f3n alimenticia que recibi\u00f3 en estos [&hellip;]<\/p>\n","protected":false},"author":2,"featured_media":15505,"comment_status":"closed","ping_status":"open","sticky":false,"template":"","format":"standard","meta":{"footnotes":""},"categories":[27],"tags":[],"class_list":["post-15504","post","type-post","status-publish","format-standard","has-post-thumbnail","hentry","category-emergencia-26m"],"yoast_head":"<!-- This site is optimized with the Yoast SEO plugin v25.7 - https:\/\/yoast.com\/wordpress\/plugins\/seo\/ -->\n<title>Prefecta Roberta Zambrano realiza entrega de raciones alimenticias a los damnificados de los sismos - Gobierno Aut\u00f3nomo Descentralizado de la Provincia de Esmeraldas<\/title>\n<meta name=\"robots\" content=\"index, follow, max-snippet:-1, max-image-preview:large, max-video-preview:-1\" \/>\n<link rel=\"canonical\" href=\"https:\/\/prefecturadeesmeraldas.gob.ec\/index.php\/2022\/04\/01\/prefecta-roberta-zambrano-realiza-entrega-de-raciones-alimenticias-a-los-damnificados-de-los-sismos\/\" \/>\n<meta property=\"og:locale\" content=\"es_ES\" \/>\n<meta property=\"og:type\" content=\"article\" \/>\n<meta property=\"og:title\" content=\"Prefecta Roberta Zambrano realiza entrega de raciones alimenticias a los damnificados de los sismos - Gobierno Aut\u00f3nomo Descentralizado de la Provincia de Esmeraldas\" \/>\n<meta property=\"og:description\" content=\"La prefecta de Esmeraldas, Roberta Zambrano Ortiz; Voluntarios Solidarios Cynthia Viteri, personal del Gobierno Provincial y, con el apoyo de la Polic\u00eda Nacional, entregaron raciones alimenticias y suplementos nutritivos a los damnificados del sismo de la calle Calder\u00f3n.&nbsp; Ana Vivero, moradora del sector, dijo sentirse muy agradecida por la raci\u00f3n alimenticia que recibi\u00f3 en estos [&hellip;]\" \/>\n<meta property=\"og:url\" content=\"https:\/\/prefecturadeesmeraldas.gob.ec\/index.php\/2022\/04\/01\/prefecta-roberta-zambrano-realiza-entrega-de-raciones-alimenticias-a-los-damnificados-de-los-sismos\/\" \/>\n<meta property=\"og:site_name\" content=\"Gobierno Aut\u00f3nomo Descentralizado de la Provincia de Esmeraldas\" \/>\n<meta property=\"article:publisher\" content=\"https:\/\/www.facebook.com\/PrefecturaEsmeraldas\/\" \/>\n<meta property=\"article:published_time\" content=\"2022-04-01T20:55:44+00:00\" \/>\n<meta property=\"article:modified_time\" content=\"2022-04-01T21:03:35+00:00\" \/>\n<meta property=\"og:image\" content=\"https:\/\/prefecturadeesmeraldas.gob.ec\/wp-content\/uploads\/2022\/04\/Imagen25.jpg\" \/>\n\t<meta property=\"og:image:width\" content=\"566\" \/>\n\t<meta property=\"og:image:height\" content=\"318\" \/>\n\t<meta property=\"og:image:type\" content=\"image\/jpeg\" \/>\n<meta name=\"author\" content=\"Direcci\u00f3n de Comunicaci\u00f3n\" \/>\n<meta name=\"twitter:card\" content=\"summary_large_image\" \/>\n<meta name=\"twitter:label1\" content=\"Escrito por\" \/>\n\t<meta name=\"twitter:data1\" content=\"Direcci\u00f3n de Comunicaci\u00f3n\" \/>\n\t<meta name=\"twitter:label2\" content=\"Tiempo de lectura\" \/>\n\t<meta name=\"twitter:data2\" content=\"1 minuto\" \/>\n<script type=\"application\/ld+json\" class=\"yoast-schema-graph\">{\"@context\":\"https:\/\/schema.org\",\"@graph\":[{\"@type\":\"Article\",\"@id\":\"https:\/\/prefecturadeesmeraldas.gob.ec\/index.php\/2022\/04\/01\/prefecta-roberta-zambrano-realiza-entrega-de-raciones-alimenticias-a-los-damnificados-de-los-sismos\/#article\",\"isPartOf\":{\"@id\":\"https:\/\/prefecturadeesmeraldas.gob.ec\/index.php\/2022\/04\/01\/prefecta-roberta-zambrano-realiza-entrega-de-raciones-alimenticias-a-los-damnificados-de-los-sismos\/\"},\"author\":{\"name\":\"Direcci\u00f3n de Comunicaci\u00f3n\",\"@id\":\"https:\/\/prefecturadeesmeraldas.gob.ec\/#\/schema\/person\/b0c9e7b1ead7725994d1e319e8825234\"},\"headline\":\"Prefecta Roberta Zambrano realiza entrega de raciones alimenticias a los damnificados de los sismos\",\"datePublished\":\"2022-04-01T20:55:44+00:00\",\"dateModified\":\"2022-04-01T21:03:35+00:00\",\"mainEntityOfPage\":{\"@id\":\"https:\/\/prefecturadeesmeraldas.gob.ec\/index.php\/2022\/04\/01\/prefecta-roberta-zambrano-realiza-entrega-de-raciones-alimenticias-a-los-damnificados-de-los-sismos\/\"},\"wordCount\":209,\"publisher\":{\"@id\":\"https:\/\/prefecturadeesmeraldas.gob.ec\/#organization\"},\"image\":{\"@id\":\"https:\/\/prefecturadeesmeraldas.gob.ec\/index.php\/2022\/04\/01\/prefecta-roberta-zambrano-realiza-entrega-de-raciones-alimenticias-a-los-damnificados-de-los-sismos\/#primaryimage\"},\"thumbnailUrl\":\"https:\/\/prefecturadeesmeraldas.gob.ec\/wp-content\/uploads\/2022\/04\/Imagen25.jpg\",\"articleSection\":[\"Emergencia 26M\"],\"inLanguage\":\"es\"},{\"@type\":\"WebPage\",\"@id\":\"https:\/\/prefecturadeesmeraldas.gob.ec\/index.php\/2022\/04\/01\/prefecta-roberta-zambrano-realiza-entrega-de-raciones-alimenticias-a-los-damnificados-de-los-sismos\/\",\"url\":\"https:\/\/prefecturadeesmeraldas.gob.ec\/index.php\/2022\/04\/01\/prefecta-roberta-zambrano-realiza-entrega-de-raciones-alimenticias-a-los-damnificados-de-los-sismos\/\",\"name\":\"Prefecta Roberta Zambrano realiza entrega de raciones alimenticias a los damnificados de los sismos - Gobierno Aut\u00f3nomo Descentralizado de la Provincia de Esmeraldas\",\"isPartOf\":{\"@id\":\"https:\/\/prefecturadeesmeraldas.gob.ec\/#website\"},\"primaryImageOfPage\":{\"@id\":\"https:\/\/prefecturadeesmeraldas.gob.ec\/index.php\/2022\/04\/01\/prefecta-roberta-zambrano-realiza-entrega-de-raciones-alimenticias-a-los-damnificados-de-los-sismos\/#primaryimage\"},\"image\":{\"@id\":\"https:\/\/prefecturadeesmeraldas.gob.ec\/index.php\/2022\/04\/01\/prefecta-roberta-zambrano-realiza-entrega-de-raciones-alimenticias-a-los-damnificados-de-los-sismos\/#primaryimage\"},\"thumbnailUrl\":\"https:\/\/prefecturadeesmeraldas.gob.ec\/wp-content\/uploads\/2022\/04\/Imagen25.jpg\",\"datePublished\":\"2022-04-01T20:55:44+00:00\",\"dateModified\":\"2022-04-01T21:03:35+00:00\",\"breadcrumb\":{\"@id\":\"https:\/\/prefecturadeesmeraldas.gob.ec\/index.php\/2022\/04\/01\/prefecta-roberta-zambrano-realiza-entrega-de-raciones-alimenticias-a-los-damnificados-de-los-sismos\/#breadcrumb\"},\"inLanguage\":\"es\",\"potentialAction\":[{\"@type\":\"ReadAction\",\"target\":[\"https:\/\/prefecturadeesmeraldas.gob.ec\/index.php\/2022\/04\/01\/prefecta-roberta-zambrano-realiza-entrega-de-raciones-alimenticias-a-los-damnificados-de-los-sismos\/\"]}]},{\"@type\":\"ImageObject\",\"inLanguage\":\"es\",\"@id\":\"https:\/\/prefecturadeesmeraldas.gob.ec\/index.php\/2022\/04\/01\/prefecta-roberta-zambrano-realiza-entrega-de-raciones-alimenticias-a-los-damnificados-de-los-sismos\/#primaryimage\",\"url\":\"https:\/\/prefecturadeesmeraldas.gob.ec\/wp-content\/uploads\/2022\/04\/Imagen25.jpg\",\"contentUrl\":\"https:\/\/prefecturadeesmeraldas.gob.ec\/wp-content\/uploads\/2022\/04\/Imagen25.jpg\",\"width\":566,\"height\":318},{\"@type\":\"BreadcrumbList\",\"@id\":\"https:\/\/prefecturadeesmeraldas.gob.ec\/index.php\/2022\/04\/01\/prefecta-roberta-zambrano-realiza-entrega-de-raciones-alimenticias-a-los-damnificados-de-los-sismos\/#breadcrumb\",\"itemListElement\":[{\"@type\":\"ListItem\",\"position\":1,\"name\":\"Home\",\"item\":\"https:\/\/prefecturadeesmeraldas.gob.ec\/\"},{\"@type\":\"ListItem\",\"position\":2,\"name\":\"Prefecta Roberta Zambrano realiza entrega de raciones alimenticias a los damnificados de los sismos\"}]},{\"@type\":\"WebSite\",\"@id\":\"https:\/\/prefecturadeesmeraldas.gob.ec\/#website\",\"url\":\"https:\/\/prefecturadeesmeraldas.gob.ec\/\",\"name\":\"Gobierno Aut\u00f3nomo Descentralizado de la Provincia de Esmeraldas\",\"description\":\"Gobierno Aut\u00f3nomo Descentralizado de la Provincia de Esmeraldas\",\"publisher\":{\"@id\":\"https:\/\/prefecturadeesmeraldas.gob.ec\/#organization\"},\"potentialAction\":[{\"@type\":\"SearchAction\",\"target\":{\"@type\":\"EntryPoint\",\"urlTemplate\":\"https:\/\/prefecturadeesmeraldas.gob.ec\/?s={search_term_string}\"},\"query-input\":{\"@type\":\"PropertyValueSpecification\",\"valueRequired\":true,\"valueName\":\"search_term_string\"}}],\"inLanguage\":\"es\"},{\"@type\":\"Organization\",\"@id\":\"https:\/\/prefecturadeesmeraldas.gob.ec\/#organization\",\"name\":\"Gobierno Aut\u00f3nomo Descentralizado de la Provincia de Esmeraldas\",\"url\":\"https:\/\/prefecturadeesmeraldas.gob.ec\/\",\"logo\":{\"@type\":\"ImageObject\",\"inLanguage\":\"es\",\"@id\":\"https:\/\/prefecturadeesmeraldas.gob.ec\/#\/schema\/logo\/image\/\",\"url\":\"https:\/\/prefecturadeesmeraldas.gob.ec\/wp-content\/uploads\/2019\/06\/logo.png\",\"contentUrl\":\"https:\/\/prefecturadeesmeraldas.gob.ec\/wp-content\/uploads\/2019\/06\/logo.png\",\"width\":859,\"height\":448,\"caption\":\"Gobierno Aut\u00f3nomo Descentralizado de la Provincia de Esmeraldas\"},\"image\":{\"@id\":\"https:\/\/prefecturadeesmeraldas.gob.ec\/#\/schema\/logo\/image\/\"},\"sameAs\":[\"https:\/\/www.facebook.com\/PrefecturaEsmeraldas\/\"]},{\"@type\":\"Person\",\"@id\":\"https:\/\/prefecturadeesmeraldas.gob.ec\/#\/schema\/person\/b0c9e7b1ead7725994d1e319e8825234\",\"name\":\"Direcci\u00f3n de Comunicaci\u00f3n\",\"image\":{\"@type\":\"ImageObject\",\"inLanguage\":\"es\",\"@id\":\"https:\/\/prefecturadeesmeraldas.gob.ec\/#\/schema\/person\/image\/\",\"url\":\"https:\/\/secure.gravatar.com\/avatar\/74a3870a946f5d774ade3569af61a72308e07ad3346f370c4b468ee2a9858658?s=96&d=mm&r=g\",\"contentUrl\":\"https:\/\/secure.gravatar.com\/avatar\/74a3870a946f5d774ade3569af61a72308e07ad3346f370c4b468ee2a9858658?s=96&d=mm&r=g\",\"caption\":\"Direcci\u00f3n de Comunicaci\u00f3n\"}}]}<\/script>\n<!-- \/ Yoast SEO plugin. -->","yoast_head_json":{"title":"Prefecta Roberta Zambrano realiza entrega de raciones alimenticias a los damnificados de los sismos - Gobierno Aut\u00f3nomo Descentralizado de la Provincia de Esmeraldas","robots":{"index":"index","follow":"follow","max-snippet":"max-snippet:-1","max-image-preview":"max-image-preview:large","max-video-preview":"max-video-preview:-1"},"canonical":"https:\/\/prefecturadeesmeraldas.gob.ec\/index.php\/2022\/04\/01\/prefecta-roberta-zambrano-realiza-entrega-de-raciones-alimenticias-a-los-damnificados-de-los-sismos\/","og_locale":"es_ES","og_type":"article","og_title":"Prefecta Roberta Zambrano realiza entrega de raciones alimenticias a los damnificados de los sismos - Gobierno Aut\u00f3nomo Descentralizado de la Provincia de Esmeraldas","og_description":"La prefecta de Esmeraldas, Roberta Zambrano Ortiz; Voluntarios Solidarios Cynthia Viteri, personal del Gobierno Provincial y, con el apoyo de la Polic\u00eda Nacional, entregaron raciones alimenticias y suplementos nutritivos a los damnificados del sismo de la calle Calder\u00f3n.&nbsp; Ana Vivero, moradora del sector, dijo sentirse muy agradecida por la raci\u00f3n alimenticia que recibi\u00f3 en estos [&hellip;]","og_url":"https:\/\/prefecturadeesmeraldas.gob.ec\/index.php\/2022\/04\/01\/prefecta-roberta-zambrano-realiza-entrega-de-raciones-alimenticias-a-los-damnificados-de-los-sismos\/","og_site_name":"Gobierno Aut\u00f3nomo Descentralizado de la Provincia de Esmeraldas","article_publisher":"https:\/\/www.facebook.com\/PrefecturaEsmeraldas\/","article_published_time":"2022-04-01T20:55:44+00:00","article_modified_time":"2022-04-01T21:03:35+00:00","og_image":[{"width":566,"height":318,"url":"https:\/\/prefecturadeesmeraldas.gob.ec\/wp-content\/uploads\/2022\/04\/Imagen25.jpg","type":"image\/jpeg"}],"author":"Direcci\u00f3n de Comunicaci\u00f3n","twitter_card":"summary_large_image","twitter_misc":{"Escrito por":"Direcci\u00f3n de Comunicaci\u00f3n","Tiempo de lectura":"1 minuto"},"schema":{"@context":"https:\/\/schema.org","@graph":[{"@type":"Article","@id":"https:\/\/prefecturadeesmeraldas.gob.ec\/index.php\/2022\/04\/01\/prefecta-roberta-zambrano-realiza-entrega-de-raciones-alimenticias-a-los-damnificados-de-los-sismos\/#article","isPartOf":{"@id":"https:\/\/prefecturadeesmeraldas.gob.ec\/index.php\/2022\/04\/01\/prefecta-roberta-zambrano-realiza-entrega-de-raciones-alimenticias-a-los-damnificados-de-los-sismos\/"},"author":{"name":"Direcci\u00f3n de Comunicaci\u00f3n","@id":"https:\/\/prefecturadeesmeraldas.gob.ec\/#\/schema\/person\/b0c9e7b1ead7725994d1e319e8825234"},"headline":"Prefecta Roberta Zambrano realiza entrega de raciones alimenticias a los damnificados de los sismos","datePublished":"2022-04-01T20:55:44+00:00","dateModified":"2022-04-01T21:03:35+00:00","mainEntityOfPage":{"@id":"https:\/\/prefecturadeesmeraldas.gob.ec\/index.php\/2022\/04\/01\/prefecta-roberta-zambrano-realiza-entrega-de-raciones-alimenticias-a-los-damnificados-de-los-sismos\/"},"wordCount":209,"publisher":{"@id":"https:\/\/prefecturadeesmeraldas.gob.ec\/#organization"},"image":{"@id":"https:\/\/prefecturadeesmeraldas.gob.ec\/index.php\/2022\/04\/01\/prefecta-roberta-zambrano-realiza-entrega-de-raciones-alimenticias-a-los-damnificados-de-los-sismos\/#primaryimage"},"thumbnailUrl":"https:\/\/prefecturadeesmeraldas.gob.ec\/wp-content\/uploads\/2022\/04\/Imagen25.jpg","articleSection":["Emergencia 26M"],"inLanguage":"es"},{"@type":"WebPage","@id":"https:\/\/prefecturadeesmeraldas.gob.ec\/index.php\/2022\/04\/01\/prefecta-roberta-zambrano-realiza-entrega-de-raciones-alimenticias-a-los-damnificados-de-los-sismos\/","url":"https:\/\/prefecturadeesmeraldas.gob.ec\/index.php\/2022\/04\/01\/prefecta-roberta-zambrano-realiza-entrega-de-raciones-alimenticias-a-los-damnificados-de-los-sismos\/","name":"Prefecta Roberta Zambrano realiza entrega de raciones alimenticias a los damnificados de los sismos - Gobierno Aut\u00f3nomo Descentralizado de la Provincia de Esmeraldas","isPartOf":{"@id":"https:\/\/prefecturadeesmeraldas.gob.ec\/#website"},"primaryImageOfPage":{"@id":"https:\/\/prefecturadeesmeraldas.gob.ec\/index.php\/2022\/04\/01\/prefecta-roberta-zambrano-realiza-entrega-de-raciones-alimenticias-a-los-damnificados-de-los-sismos\/#primaryimage"},"image":{"@id":"https:\/\/prefecturadeesmeraldas.gob.ec\/index.php\/2022\/04\/01\/prefecta-roberta-zambrano-realiza-entrega-de-raciones-alimenticias-a-los-damnificados-de-los-sismos\/#primaryimage"},"thumbnailUrl":"https:\/\/prefecturadeesmeraldas.gob.ec\/wp-content\/uploads\/2022\/04\/Imagen25.jpg","datePublished":"2022-04-01T20:55:44+00:00","dateModified":"2022-04-01T21:03:35+00:00","breadcrumb":{"@id":"https:\/\/prefecturadeesmeraldas.gob.ec\/index.php\/2022\/04\/01\/prefecta-roberta-zambrano-realiza-entrega-de-raciones-alimenticias-a-los-damnificados-de-los-sismos\/#breadcrumb"},"inLanguage":"es","potentialAction":[{"@type":"ReadAction","target":["https:\/\/prefecturadeesmeraldas.gob.ec\/index.php\/2022\/04\/01\/prefecta-roberta-zambrano-realiza-entrega-de-raciones-alimenticias-a-los-damnificados-de-los-sismos\/"]}]},{"@type":"ImageObject","inLanguage":"es","@id":"https:\/\/prefecturadeesmeraldas.gob.ec\/index.php\/2022\/04\/01\/prefecta-roberta-zambrano-realiza-entrega-de-raciones-alimenticias-a-los-damnificados-de-los-sismos\/#primaryimage","url":"https:\/\/prefecturadeesmeraldas.gob.ec\/wp-content\/uploads\/2022\/04\/Imagen25.jpg","contentUrl":"https:\/\/prefecturadeesmeraldas.gob.ec\/wp-content\/uploads\/2022\/04\/Imagen25.jpg","width":566,"height":318},{"@type":"BreadcrumbList","@id":"https:\/\/prefecturadeesmeraldas.gob.ec\/index.php\/2022\/04\/01\/prefecta-roberta-zambrano-realiza-entrega-de-raciones-alimenticias-a-los-damnificados-de-los-sismos\/#breadcrumb","itemListElement":[{"@type":"ListItem","position":1,"name":"Home","item":"https:\/\/prefecturadeesmeraldas.gob.ec\/"},{"@type":"ListItem","position":2,"name":"Prefecta Roberta Zambrano realiza entrega de raciones alimenticias a los damnificados de los sismos"}]},{"@type":"WebSite","@id":"https:\/\/prefecturadeesmeraldas.gob.ec\/#website","url":"https:\/\/prefecturadeesmeraldas.gob.ec\/","name":"Gobierno Aut\u00f3nomo Descentralizado de la Provincia de Esmeraldas","description":"Gobierno Aut\u00f3nomo Descentralizado de la Provincia de Esmeraldas","publisher":{"@id":"https:\/\/prefecturadeesmeraldas.gob.ec\/#organization"},"potentialAction":[{"@type":"SearchAction","target":{"@type":"EntryPoint","urlTemplate":"https:\/\/prefecturadeesmeraldas.gob.ec\/?s={search_term_string}"},"query-input":{"@type":"PropertyValueSpecification","valueRequired":true,"valueName":"search_term_string"}}],"inLanguage":"es"},{"@type":"Organization","@id":"https:\/\/prefecturadeesmeraldas.gob.ec\/#organization","name":"Gobierno Aut\u00f3nomo Descentralizado de la Provincia de Esmeraldas","url":"https:\/\/prefecturadeesmeraldas.gob.ec\/","logo":{"@type":"ImageObject","inLanguage":"es","@id":"https:\/\/prefecturadeesmeraldas.gob.ec\/#\/schema\/logo\/image\/","url":"https:\/\/prefecturadeesmeraldas.gob.ec\/wp-content\/uploads\/2019\/06\/logo.png","contentUrl":"https:\/\/prefecturadeesmeraldas.gob.ec\/wp-content\/uploads\/2019\/06\/logo.png","width":859,"height":448,"caption":"Gobierno Aut\u00f3nomo Descentralizado de la Provincia de Esmeraldas"},"image":{"@id":"https:\/\/prefecturadeesmeraldas.gob.ec\/#\/schema\/logo\/image\/"},"sameAs":["https:\/\/www.facebook.com\/PrefecturaEsmeraldas\/"]},{"@type":"Person","@id":"https:\/\/prefecturadeesmeraldas.gob.ec\/#\/schema\/person\/b0c9e7b1ead7725994d1e319e8825234","name":"Direcci\u00f3n de Comunicaci\u00f3n","image":{"@type":"ImageObject","inLanguage":"es","@id":"https:\/\/prefecturadeesmeraldas.gob.ec\/#\/schema\/person\/image\/","url":"https:\/\/secure.gravatar.com\/avatar\/74a3870a946f5d774ade3569af61a72308e07ad3346f370c4b468ee2a9858658?s=96&d=mm&r=g","contentUrl":"https:\/\/secure.gravatar.com\/avatar\/74a3870a946f5d774ade3569af61a72308e07ad3346f370c4b468ee2a9858658?s=96&d=mm&r=g","caption":"Direcci\u00f3n de Comunicaci\u00f3n"}}]}},"_links":{"self":[{"href":"https:\/\/prefecturadeesmeraldas.gob.ec\/index.php\/wp-json\/wp\/v2\/posts\/15504","targetHints":{"allow":["GET"]}}],"collection":[{"href":"https:\/\/prefecturadeesmeraldas.gob.ec\/index.php\/wp-json\/wp\/v2\/posts"}],"about":[{"href":"https:\/\/prefecturadeesmeraldas.gob.ec\/index.php\/wp-json\/wp\/v2\/types\/post"}],"author":[{"embeddable":true,"href":"https:\/\/prefecturadeesmeraldas.gob.ec\/index.php\/wp-json\/wp\/v2\/users\/2"}],"replies":[{"embeddable":true,"href":"https:\/\/prefecturadeesmeraldas.gob.ec\/index.php\/wp-json\/wp\/v2\/comments?post=15504"}],"version-history":[{"count":0,"href":"https:\/\/prefecturadeesmeraldas.gob.ec\/index.php\/wp-json\/wp\/v2\/posts\/15504\/revisions"}],"wp:featuredmedia":[{"embeddable":true,"href":"https:\/\/prefecturadeesmeraldas.gob.ec\/index.php\/wp-json\/wp\/v2\/media\/15505"}],"wp:attachment":[{"href":"https:\/\/prefecturadeesmeraldas.gob.ec\/index.php\/wp-json\/wp\/v2\/media?parent=15504"}],"wp:term":[{"taxonomy":"category","embeddable":true,"href":"https:\/\/prefecturadeesmeraldas.gob.ec\/index.php\/wp-json\/wp\/v2\/categories?post=15504"},{"taxonomy":"post_tag","embeddable":true,"href":"https:\/\/prefecturadeesmeraldas.gob.ec\/index.php\/wp-json\/wp\/v2\/tags?post=15504"}],"curies":[{"name":"wp","href":"https:\/\/api.w.org\/{rel}","templated":true}]}}