{"id":15422,"date":"2022-03-24T15:26:00","date_gmt":"2022-03-24T20:26:00","guid":{"rendered":"https:\/\/prefecturadeesmeraldas.gob.ec\/?p=15422"},"modified":"2022-03-24T15:26:32","modified_gmt":"2022-03-24T20:26:32","slug":"prefectura-de-esmeraldas-fortalece-el-vinculo-con-agencia-de-cooperacion-espanola-para-el-desarrollo","status":"publish","type":"post","link":"https:\/\/prefecturadeesmeraldas.gob.ec\/index.php\/2022\/03\/24\/prefectura-de-esmeraldas-fortalece-el-vinculo-con-agencia-de-cooperacion-espanola-para-el-desarrollo\/","title":{"rendered":"Prefectura de Esmeraldas fortalece el v\u00ednculo con agencia de cooperaci\u00f3n espa\u00f1ola para el desarrollo"},"content":{"rendered":"\t\t<div data-elementor-type=\"wp-post\" data-elementor-id=\"15422\" class=\"elementor elementor-15422\">\n\t\t\t\t\t\t<section class=\"elementor-section elementor-top-section elementor-element elementor-element-97bd6e2 elementor-section-boxed elementor-section-height-default elementor-section-height-default\" data-id=\"97bd6e2\" data-element_type=\"section\">\n\t\t\t\t\t\t<div class=\"elementor-container elementor-column-gap-default\">\n\t\t\t\t\t<div class=\"elementor-column elementor-col-100 elementor-top-column elementor-element elementor-element-12f97a2\" data-id=\"12f97a2\" data-element_type=\"column\">\n\t\t\t<div class=\"elementor-widget-wrap elementor-element-populated\">\n\t\t\t\t\t\t<div class=\"elementor-element elementor-element-8b68501 elementor-widget elementor-widget-image\" data-id=\"8b68501\" data-element_type=\"widget\" data-widget_type=\"image.default\">\n\t\t\t\t<div class=\"elementor-widget-container\">\n\t\t\t\t\t\t\t\t\t\t\t\t\t\t\t<img fetchpriority=\"high\" decoding=\"async\" width=\"439\" height=\"439\" src=\"https:\/\/prefecturadeesmeraldas.gob.ec\/wp-content\/uploads\/2022\/03\/Imagen19.jpg\" class=\"attachment-large size-large wp-image-15423\" alt=\"\" srcset=\"https:\/\/prefecturadeesmeraldas.gob.ec\/wp-content\/uploads\/2022\/03\/Imagen19.jpg 439w, https:\/\/prefecturadeesmeraldas.gob.ec\/wp-content\/uploads\/2022\/03\/Imagen19-240x240.jpg 240w, https:\/\/prefecturadeesmeraldas.gob.ec\/wp-content\/uploads\/2022\/03\/Imagen19-150x150.jpg 150w, https:\/\/prefecturadeesmeraldas.gob.ec\/wp-content\/uploads\/2022\/03\/Imagen19-300x300.jpg 300w\" sizes=\"(max-width: 439px) 100vw, 439px\" \/>\t\t\t\t\t\t\t\t\t\t\t\t\t\t\t<\/div>\n\t\t\t\t<\/div>\n\t\t\t\t\t<\/div>\n\t\t<\/div>\n\t\t\t\t\t<\/div>\n\t\t<\/section>\n\t\t\t\t<section class=\"elementor-section elementor-top-section elementor-element elementor-element-fc22eaa elementor-section-boxed elementor-section-height-default elementor-section-height-default\" data-id=\"fc22eaa\" data-element_type=\"section\">\n\t\t\t\t\t\t<div class=\"elementor-container elementor-column-gap-default\">\n\t\t\t\t\t<div class=\"elementor-column elementor-col-100 elementor-top-column elementor-element elementor-element-9cd25ab\" data-id=\"9cd25ab\" data-element_type=\"column\">\n\t\t\t<div class=\"elementor-widget-wrap elementor-element-populated\">\n\t\t\t\t\t\t<div class=\"elementor-element elementor-element-2995e21 elementor-widget elementor-widget-text-editor\" data-id=\"2995e21\" data-element_type=\"widget\" data-widget_type=\"text-editor.default\">\n\t\t\t\t<div class=\"elementor-widget-container\">\n\t\t\t\t\t\t\t\t\t<p>Dando continuidad a la articulaci\u00f3n de acciones bajo el eje de cooperaci\u00f3n, funcionarios de la Prefectura de Esmeraldas, se reunieron con representantes de la Agencia Espa\u00f1ola de Cooperaci\u00f3n Internacional para el Desarrollo, con la finalidad de seguir construyendo una nueva historia para el progreso y desarrollo de la provincia de Esmeraldas.<\/p><p>Seg\u00fan <strong>Lady Cede\u00f1o<\/strong>, directora de Cooperaci\u00f3n Internacional de la Prefectura de Esmeraldas, gracias a los lazos de trabajo establecidos junto a la Agencia Espa\u00f1ola de Cooperaci\u00f3n Internacional para el Desarrollo &#8211; AECID, desde el 2019, han sido puestos en marcha proyectos encaminados a la conservaci\u00f3n, el empoderamiento comunitario y la mejora productiva de las cadenas de valor.<\/p><p>A su vez, <strong>Cede\u00f1o <\/strong>a\u00f1adi\u00f3 que, el trabajo de la Prefectura de Esmeraldas continua, junto a aliados estrat\u00e9gicos presentes en territorio, tales como la fundaci\u00f3n Lunita Lunera, con quienes se desarrollan actividades y talleres participativos en las comunidades de Eloy Alfaro y San Lorenzo.<\/p><p>Para <strong>Jordi Galbe<\/strong>, responsable de programas de la Agencia Espa\u00f1ola de Cooperaci\u00f3n Internacional en Ecuador, las estrategias y programas puestos en marcha en territorio con el apoyo de la Uni\u00f3n Europea deben continuar, con la finalidad de impulsar alternativas que mejoren la productividad, y permitan superar estragos como los vividos durante la pandemia.<\/p>\t\t\t\t\t\t\t\t<\/div>\n\t\t\t\t<\/div>\n\t\t\t\t\t<\/div>\n\t\t<\/div>\n\t\t\t\t\t<\/div>\n\t\t<\/section>\n\t\t\t\t<\/div>\n\t\t","protected":false},"excerpt":{"rendered":"<p>Dando continuidad a la articulaci\u00f3n de acciones bajo el eje de cooperaci\u00f3n, funcionarios de la Prefectura de Esmeraldas, se reunieron con representantes de la Agencia Espa\u00f1ola de Cooperaci\u00f3n Internacional para el Desarrollo, con la finalidad de seguir construyendo una nueva historia para el progreso y desarrollo de la provincia de Esmeraldas. Seg\u00fan Lady Cede\u00f1o, directora [&hellip;]<\/p>\n","protected":false},"author":2,"featured_media":15423,"comment_status":"closed","ping_status":"open","sticky":false,"template":"","format":"standard","meta":{"footnotes":""},"categories":[24],"tags":[],"class_list":["post-15422","post","type-post","status-publish","format-standard","has-post-thumbnail","hentry","category-cooperacion-internacional"],"yoast_head":"<!-- This site is optimized with the Yoast SEO plugin v25.7 - https:\/\/yoast.com\/wordpress\/plugins\/seo\/ -->\n<title>Prefectura de Esmeraldas fortalece el v\u00ednculo con agencia de cooperaci\u00f3n espa\u00f1ola para el desarrollo - Gobierno Aut\u00f3nomo Descentralizado de la Provincia de Esmeraldas<\/title>\n<meta name=\"robots\" content=\"index, follow, max-snippet:-1, max-image-preview:large, max-video-preview:-1\" \/>\n<link rel=\"canonical\" href=\"https:\/\/prefecturadeesmeraldas.gob.ec\/index.php\/2022\/03\/24\/prefectura-de-esmeraldas-fortalece-el-vinculo-con-agencia-de-cooperacion-espanola-para-el-desarrollo\/\" \/>\n<meta property=\"og:locale\" content=\"es_ES\" \/>\n<meta property=\"og:type\" content=\"article\" \/>\n<meta property=\"og:title\" content=\"Prefectura de Esmeraldas fortalece el v\u00ednculo con agencia de cooperaci\u00f3n espa\u00f1ola para el desarrollo - Gobierno Aut\u00f3nomo Descentralizado de la Provincia de Esmeraldas\" \/>\n<meta property=\"og:description\" content=\"Dando continuidad a la articulaci\u00f3n de acciones bajo el eje de cooperaci\u00f3n, funcionarios de la Prefectura de Esmeraldas, se reunieron con representantes de la Agencia Espa\u00f1ola de Cooperaci\u00f3n Internacional para el Desarrollo, con la finalidad de seguir construyendo una nueva historia para el progreso y desarrollo de la provincia de Esmeraldas. Seg\u00fan Lady Cede\u00f1o, directora [&hellip;]\" \/>\n<meta property=\"og:url\" content=\"https:\/\/prefecturadeesmeraldas.gob.ec\/index.php\/2022\/03\/24\/prefectura-de-esmeraldas-fortalece-el-vinculo-con-agencia-de-cooperacion-espanola-para-el-desarrollo\/\" \/>\n<meta property=\"og:site_name\" content=\"Gobierno Aut\u00f3nomo Descentralizado de la Provincia de Esmeraldas\" \/>\n<meta property=\"article:publisher\" content=\"https:\/\/www.facebook.com\/PrefecturaEsmeraldas\/\" \/>\n<meta property=\"article:published_time\" content=\"2022-03-24T20:26:00+00:00\" \/>\n<meta property=\"article:modified_time\" content=\"2022-03-24T20:26:32+00:00\" \/>\n<meta property=\"og:image\" content=\"https:\/\/prefecturadeesmeraldas.gob.ec\/wp-content\/uploads\/2022\/03\/Imagen19.jpg\" \/>\n\t<meta property=\"og:image:width\" content=\"439\" \/>\n\t<meta property=\"og:image:height\" content=\"439\" \/>\n\t<meta property=\"og:image:type\" content=\"image\/jpeg\" \/>\n<meta name=\"author\" content=\"Direcci\u00f3n de Comunicaci\u00f3n\" \/>\n<meta name=\"twitter:card\" content=\"summary_large_image\" \/>\n<meta name=\"twitter:label1\" content=\"Escrito por\" \/>\n\t<meta name=\"twitter:data1\" content=\"Direcci\u00f3n de Comunicaci\u00f3n\" \/>\n\t<meta name=\"twitter:label2\" content=\"Tiempo de lectura\" \/>\n\t<meta name=\"twitter:data2\" content=\"1 minuto\" \/>\n<script type=\"application\/ld+json\" class=\"yoast-schema-graph\">{\"@context\":\"https:\/\/schema.org\",\"@graph\":[{\"@type\":\"Article\",\"@id\":\"https:\/\/prefecturadeesmeraldas.gob.ec\/index.php\/2022\/03\/24\/prefectura-de-esmeraldas-fortalece-el-vinculo-con-agencia-de-cooperacion-espanola-para-el-desarrollo\/#article\",\"isPartOf\":{\"@id\":\"https:\/\/prefecturadeesmeraldas.gob.ec\/index.php\/2022\/03\/24\/prefectura-de-esmeraldas-fortalece-el-vinculo-con-agencia-de-cooperacion-espanola-para-el-desarrollo\/\"},\"author\":{\"name\":\"Direcci\u00f3n de Comunicaci\u00f3n\",\"@id\":\"https:\/\/prefecturadeesmeraldas.gob.ec\/#\/schema\/person\/b0c9e7b1ead7725994d1e319e8825234\"},\"headline\":\"Prefectura de Esmeraldas fortalece el v\u00ednculo con agencia de cooperaci\u00f3n espa\u00f1ola para el desarrollo\",\"datePublished\":\"2022-03-24T20:26:00+00:00\",\"dateModified\":\"2022-03-24T20:26:32+00:00\",\"mainEntityOfPage\":{\"@id\":\"https:\/\/prefecturadeesmeraldas.gob.ec\/index.php\/2022\/03\/24\/prefectura-de-esmeraldas-fortalece-el-vinculo-con-agencia-de-cooperacion-espanola-para-el-desarrollo\/\"},\"wordCount\":238,\"publisher\":{\"@id\":\"https:\/\/prefecturadeesmeraldas.gob.ec\/#organization\"},\"image\":{\"@id\":\"https:\/\/prefecturadeesmeraldas.gob.ec\/index.php\/2022\/03\/24\/prefectura-de-esmeraldas-fortalece-el-vinculo-con-agencia-de-cooperacion-espanola-para-el-desarrollo\/#primaryimage\"},\"thumbnailUrl\":\"https:\/\/prefecturadeesmeraldas.gob.ec\/wp-content\/uploads\/2022\/03\/Imagen19.jpg\",\"articleSection\":[\"Cooperaci\u00f3n Internacional\"],\"inLanguage\":\"es\"},{\"@type\":\"WebPage\",\"@id\":\"https:\/\/prefecturadeesmeraldas.gob.ec\/index.php\/2022\/03\/24\/prefectura-de-esmeraldas-fortalece-el-vinculo-con-agencia-de-cooperacion-espanola-para-el-desarrollo\/\",\"url\":\"https:\/\/prefecturadeesmeraldas.gob.ec\/index.php\/2022\/03\/24\/prefectura-de-esmeraldas-fortalece-el-vinculo-con-agencia-de-cooperacion-espanola-para-el-desarrollo\/\",\"name\":\"Prefectura de Esmeraldas fortalece el v\u00ednculo con agencia de cooperaci\u00f3n espa\u00f1ola para el desarrollo - Gobierno Aut\u00f3nomo Descentralizado de la Provincia de Esmeraldas\",\"isPartOf\":{\"@id\":\"https:\/\/prefecturadeesmeraldas.gob.ec\/#website\"},\"primaryImageOfPage\":{\"@id\":\"https:\/\/prefecturadeesmeraldas.gob.ec\/index.php\/2022\/03\/24\/prefectura-de-esmeraldas-fortalece-el-vinculo-con-agencia-de-cooperacion-espanola-para-el-desarrollo\/#primaryimage\"},\"image\":{\"@id\":\"https:\/\/prefecturadeesmeraldas.gob.ec\/index.php\/2022\/03\/24\/prefectura-de-esmeraldas-fortalece-el-vinculo-con-agencia-de-cooperacion-espanola-para-el-desarrollo\/#primaryimage\"},\"thumbnailUrl\":\"https:\/\/prefecturadeesmeraldas.gob.ec\/wp-content\/uploads\/2022\/03\/Imagen19.jpg\",\"datePublished\":\"2022-03-24T20:26:00+00:00\",\"dateModified\":\"2022-03-24T20:26:32+00:00\",\"breadcrumb\":{\"@id\":\"https:\/\/prefecturadeesmeraldas.gob.ec\/index.php\/2022\/03\/24\/prefectura-de-esmeraldas-fortalece-el-vinculo-con-agencia-de-cooperacion-espanola-para-el-desarrollo\/#breadcrumb\"},\"inLanguage\":\"es\",\"potentialAction\":[{\"@type\":\"ReadAction\",\"target\":[\"https:\/\/prefecturadeesmeraldas.gob.ec\/index.php\/2022\/03\/24\/prefectura-de-esmeraldas-fortalece-el-vinculo-con-agencia-de-cooperacion-espanola-para-el-desarrollo\/\"]}]},{\"@type\":\"ImageObject\",\"inLanguage\":\"es\",\"@id\":\"https:\/\/prefecturadeesmeraldas.gob.ec\/index.php\/2022\/03\/24\/prefectura-de-esmeraldas-fortalece-el-vinculo-con-agencia-de-cooperacion-espanola-para-el-desarrollo\/#primaryimage\",\"url\":\"https:\/\/prefecturadeesmeraldas.gob.ec\/wp-content\/uploads\/2022\/03\/Imagen19.jpg\",\"contentUrl\":\"https:\/\/prefecturadeesmeraldas.gob.ec\/wp-content\/uploads\/2022\/03\/Imagen19.jpg\",\"width\":439,\"height\":439},{\"@type\":\"BreadcrumbList\",\"@id\":\"https:\/\/prefecturadeesmeraldas.gob.ec\/index.php\/2022\/03\/24\/prefectura-de-esmeraldas-fortalece-el-vinculo-con-agencia-de-cooperacion-espanola-para-el-desarrollo\/#breadcrumb\",\"itemListElement\":[{\"@type\":\"ListItem\",\"position\":1,\"name\":\"Home\",\"item\":\"https:\/\/prefecturadeesmeraldas.gob.ec\/\"},{\"@type\":\"ListItem\",\"position\":2,\"name\":\"Prefectura de Esmeraldas fortalece el v\u00ednculo con agencia de cooperaci\u00f3n espa\u00f1ola para el desarrollo\"}]},{\"@type\":\"WebSite\",\"@id\":\"https:\/\/prefecturadeesmeraldas.gob.ec\/#website\",\"url\":\"https:\/\/prefecturadeesmeraldas.gob.ec\/\",\"name\":\"Gobierno Aut\u00f3nomo Descentralizado de la Provincia de Esmeraldas\",\"description\":\"Gobierno Aut\u00f3nomo Descentralizado de la Provincia de Esmeraldas\",\"publisher\":{\"@id\":\"https:\/\/prefecturadeesmeraldas.gob.ec\/#organization\"},\"potentialAction\":[{\"@type\":\"SearchAction\",\"target\":{\"@type\":\"EntryPoint\",\"urlTemplate\":\"https:\/\/prefecturadeesmeraldas.gob.ec\/?s={search_term_string}\"},\"query-input\":{\"@type\":\"PropertyValueSpecification\",\"valueRequired\":true,\"valueName\":\"search_term_string\"}}],\"inLanguage\":\"es\"},{\"@type\":\"Organization\",\"@id\":\"https:\/\/prefecturadeesmeraldas.gob.ec\/#organization\",\"name\":\"Gobierno Aut\u00f3nomo Descentralizado de la Provincia de Esmeraldas\",\"url\":\"https:\/\/prefecturadeesmeraldas.gob.ec\/\",\"logo\":{\"@type\":\"ImageObject\",\"inLanguage\":\"es\",\"@id\":\"https:\/\/prefecturadeesmeraldas.gob.ec\/#\/schema\/logo\/image\/\",\"url\":\"https:\/\/prefecturadeesmeraldas.gob.ec\/wp-content\/uploads\/2019\/06\/logo.png\",\"contentUrl\":\"https:\/\/prefecturadeesmeraldas.gob.ec\/wp-content\/uploads\/2019\/06\/logo.png\",\"width\":859,\"height\":448,\"caption\":\"Gobierno Aut\u00f3nomo Descentralizado de la Provincia de Esmeraldas\"},\"image\":{\"@id\":\"https:\/\/prefecturadeesmeraldas.gob.ec\/#\/schema\/logo\/image\/\"},\"sameAs\":[\"https:\/\/www.facebook.com\/PrefecturaEsmeraldas\/\"]},{\"@type\":\"Person\",\"@id\":\"https:\/\/prefecturadeesmeraldas.gob.ec\/#\/schema\/person\/b0c9e7b1ead7725994d1e319e8825234\",\"name\":\"Direcci\u00f3n de Comunicaci\u00f3n\",\"image\":{\"@type\":\"ImageObject\",\"inLanguage\":\"es\",\"@id\":\"https:\/\/prefecturadeesmeraldas.gob.ec\/#\/schema\/person\/image\/\",\"url\":\"https:\/\/secure.gravatar.com\/avatar\/74a3870a946f5d774ade3569af61a72308e07ad3346f370c4b468ee2a9858658?s=96&d=mm&r=g\",\"contentUrl\":\"https:\/\/secure.gravatar.com\/avatar\/74a3870a946f5d774ade3569af61a72308e07ad3346f370c4b468ee2a9858658?s=96&d=mm&r=g\",\"caption\":\"Direcci\u00f3n de Comunicaci\u00f3n\"}}]}<\/script>\n<!-- \/ Yoast SEO plugin. -->","yoast_head_json":{"title":"Prefectura de Esmeraldas fortalece el v\u00ednculo con agencia de cooperaci\u00f3n espa\u00f1ola para el desarrollo - Gobierno Aut\u00f3nomo Descentralizado de la Provincia de Esmeraldas","robots":{"index":"index","follow":"follow","max-snippet":"max-snippet:-1","max-image-preview":"max-image-preview:large","max-video-preview":"max-video-preview:-1"},"canonical":"https:\/\/prefecturadeesmeraldas.gob.ec\/index.php\/2022\/03\/24\/prefectura-de-esmeraldas-fortalece-el-vinculo-con-agencia-de-cooperacion-espanola-para-el-desarrollo\/","og_locale":"es_ES","og_type":"article","og_title":"Prefectura de Esmeraldas fortalece el v\u00ednculo con agencia de cooperaci\u00f3n espa\u00f1ola para el desarrollo - Gobierno Aut\u00f3nomo Descentralizado de la Provincia de Esmeraldas","og_description":"Dando continuidad a la articulaci\u00f3n de acciones bajo el eje de cooperaci\u00f3n, funcionarios de la Prefectura de Esmeraldas, se reunieron con representantes de la Agencia Espa\u00f1ola de Cooperaci\u00f3n Internacional para el Desarrollo, con la finalidad de seguir construyendo una nueva historia para el progreso y desarrollo de la provincia de Esmeraldas. Seg\u00fan Lady Cede\u00f1o, directora [&hellip;]","og_url":"https:\/\/prefecturadeesmeraldas.gob.ec\/index.php\/2022\/03\/24\/prefectura-de-esmeraldas-fortalece-el-vinculo-con-agencia-de-cooperacion-espanola-para-el-desarrollo\/","og_site_name":"Gobierno Aut\u00f3nomo Descentralizado de la Provincia de Esmeraldas","article_publisher":"https:\/\/www.facebook.com\/PrefecturaEsmeraldas\/","article_published_time":"2022-03-24T20:26:00+00:00","article_modified_time":"2022-03-24T20:26:32+00:00","og_image":[{"width":439,"height":439,"url":"https:\/\/prefecturadeesmeraldas.gob.ec\/wp-content\/uploads\/2022\/03\/Imagen19.jpg","type":"image\/jpeg"}],"author":"Direcci\u00f3n de Comunicaci\u00f3n","twitter_card":"summary_large_image","twitter_misc":{"Escrito por":"Direcci\u00f3n de Comunicaci\u00f3n","Tiempo de lectura":"1 minuto"},"schema":{"@context":"https:\/\/schema.org","@graph":[{"@type":"Article","@id":"https:\/\/prefecturadeesmeraldas.gob.ec\/index.php\/2022\/03\/24\/prefectura-de-esmeraldas-fortalece-el-vinculo-con-agencia-de-cooperacion-espanola-para-el-desarrollo\/#article","isPartOf":{"@id":"https:\/\/prefecturadeesmeraldas.gob.ec\/index.php\/2022\/03\/24\/prefectura-de-esmeraldas-fortalece-el-vinculo-con-agencia-de-cooperacion-espanola-para-el-desarrollo\/"},"author":{"name":"Direcci\u00f3n de Comunicaci\u00f3n","@id":"https:\/\/prefecturadeesmeraldas.gob.ec\/#\/schema\/person\/b0c9e7b1ead7725994d1e319e8825234"},"headline":"Prefectura de Esmeraldas fortalece el v\u00ednculo con agencia de cooperaci\u00f3n espa\u00f1ola para el desarrollo","datePublished":"2022-03-24T20:26:00+00:00","dateModified":"2022-03-24T20:26:32+00:00","mainEntityOfPage":{"@id":"https:\/\/prefecturadeesmeraldas.gob.ec\/index.php\/2022\/03\/24\/prefectura-de-esmeraldas-fortalece-el-vinculo-con-agencia-de-cooperacion-espanola-para-el-desarrollo\/"},"wordCount":238,"publisher":{"@id":"https:\/\/prefecturadeesmeraldas.gob.ec\/#organization"},"image":{"@id":"https:\/\/prefecturadeesmeraldas.gob.ec\/index.php\/2022\/03\/24\/prefectura-de-esmeraldas-fortalece-el-vinculo-con-agencia-de-cooperacion-espanola-para-el-desarrollo\/#primaryimage"},"thumbnailUrl":"https:\/\/prefecturadeesmeraldas.gob.ec\/wp-content\/uploads\/2022\/03\/Imagen19.jpg","articleSection":["Cooperaci\u00f3n Internacional"],"inLanguage":"es"},{"@type":"WebPage","@id":"https:\/\/prefecturadeesmeraldas.gob.ec\/index.php\/2022\/03\/24\/prefectura-de-esmeraldas-fortalece-el-vinculo-con-agencia-de-cooperacion-espanola-para-el-desarrollo\/","url":"https:\/\/prefecturadeesmeraldas.gob.ec\/index.php\/2022\/03\/24\/prefectura-de-esmeraldas-fortalece-el-vinculo-con-agencia-de-cooperacion-espanola-para-el-desarrollo\/","name":"Prefectura de Esmeraldas fortalece el v\u00ednculo con agencia de cooperaci\u00f3n espa\u00f1ola para el desarrollo - Gobierno Aut\u00f3nomo Descentralizado de la Provincia de Esmeraldas","isPartOf":{"@id":"https:\/\/prefecturadeesmeraldas.gob.ec\/#website"},"primaryImageOfPage":{"@id":"https:\/\/prefecturadeesmeraldas.gob.ec\/index.php\/2022\/03\/24\/prefectura-de-esmeraldas-fortalece-el-vinculo-con-agencia-de-cooperacion-espanola-para-el-desarrollo\/#primaryimage"},"image":{"@id":"https:\/\/prefecturadeesmeraldas.gob.ec\/index.php\/2022\/03\/24\/prefectura-de-esmeraldas-fortalece-el-vinculo-con-agencia-de-cooperacion-espanola-para-el-desarrollo\/#primaryimage"},"thumbnailUrl":"https:\/\/prefecturadeesmeraldas.gob.ec\/wp-content\/uploads\/2022\/03\/Imagen19.jpg","datePublished":"2022-03-24T20:26:00+00:00","dateModified":"2022-03-24T20:26:32+00:00","breadcrumb":{"@id":"https:\/\/prefecturadeesmeraldas.gob.ec\/index.php\/2022\/03\/24\/prefectura-de-esmeraldas-fortalece-el-vinculo-con-agencia-de-cooperacion-espanola-para-el-desarrollo\/#breadcrumb"},"inLanguage":"es","potentialAction":[{"@type":"ReadAction","target":["https:\/\/prefecturadeesmeraldas.gob.ec\/index.php\/2022\/03\/24\/prefectura-de-esmeraldas-fortalece-el-vinculo-con-agencia-de-cooperacion-espanola-para-el-desarrollo\/"]}]},{"@type":"ImageObject","inLanguage":"es","@id":"https:\/\/prefecturadeesmeraldas.gob.ec\/index.php\/2022\/03\/24\/prefectura-de-esmeraldas-fortalece-el-vinculo-con-agencia-de-cooperacion-espanola-para-el-desarrollo\/#primaryimage","url":"https:\/\/prefecturadeesmeraldas.gob.ec\/wp-content\/uploads\/2022\/03\/Imagen19.jpg","contentUrl":"https:\/\/prefecturadeesmeraldas.gob.ec\/wp-content\/uploads\/2022\/03\/Imagen19.jpg","width":439,"height":439},{"@type":"BreadcrumbList","@id":"https:\/\/prefecturadeesmeraldas.gob.ec\/index.php\/2022\/03\/24\/prefectura-de-esmeraldas-fortalece-el-vinculo-con-agencia-de-cooperacion-espanola-para-el-desarrollo\/#breadcrumb","itemListElement":[{"@type":"ListItem","position":1,"name":"Home","item":"https:\/\/prefecturadeesmeraldas.gob.ec\/"},{"@type":"ListItem","position":2,"name":"Prefectura de Esmeraldas fortalece el v\u00ednculo con agencia de cooperaci\u00f3n espa\u00f1ola para el desarrollo"}]},{"@type":"WebSite","@id":"https:\/\/prefecturadeesmeraldas.gob.ec\/#website","url":"https:\/\/prefecturadeesmeraldas.gob.ec\/","name":"Gobierno Aut\u00f3nomo Descentralizado de la Provincia de Esmeraldas","description":"Gobierno Aut\u00f3nomo Descentralizado de la Provincia de Esmeraldas","publisher":{"@id":"https:\/\/prefecturadeesmeraldas.gob.ec\/#organization"},"potentialAction":[{"@type":"SearchAction","target":{"@type":"EntryPoint","urlTemplate":"https:\/\/prefecturadeesmeraldas.gob.ec\/?s={search_term_string}"},"query-input":{"@type":"PropertyValueSpecification","valueRequired":true,"valueName":"search_term_string"}}],"inLanguage":"es"},{"@type":"Organization","@id":"https:\/\/prefecturadeesmeraldas.gob.ec\/#organization","name":"Gobierno Aut\u00f3nomo Descentralizado de la Provincia de Esmeraldas","url":"https:\/\/prefecturadeesmeraldas.gob.ec\/","logo":{"@type":"ImageObject","inLanguage":"es","@id":"https:\/\/prefecturadeesmeraldas.gob.ec\/#\/schema\/logo\/image\/","url":"https:\/\/prefecturadeesmeraldas.gob.ec\/wp-content\/uploads\/2019\/06\/logo.png","contentUrl":"https:\/\/prefecturadeesmeraldas.gob.ec\/wp-content\/uploads\/2019\/06\/logo.png","width":859,"height":448,"caption":"Gobierno Aut\u00f3nomo Descentralizado de la Provincia de Esmeraldas"},"image":{"@id":"https:\/\/prefecturadeesmeraldas.gob.ec\/#\/schema\/logo\/image\/"},"sameAs":["https:\/\/www.facebook.com\/PrefecturaEsmeraldas\/"]},{"@type":"Person","@id":"https:\/\/prefecturadeesmeraldas.gob.ec\/#\/schema\/person\/b0c9e7b1ead7725994d1e319e8825234","name":"Direcci\u00f3n de Comunicaci\u00f3n","image":{"@type":"ImageObject","inLanguage":"es","@id":"https:\/\/prefecturadeesmeraldas.gob.ec\/#\/schema\/person\/image\/","url":"https:\/\/secure.gravatar.com\/avatar\/74a3870a946f5d774ade3569af61a72308e07ad3346f370c4b468ee2a9858658?s=96&d=mm&r=g","contentUrl":"https:\/\/secure.gravatar.com\/avatar\/74a3870a946f5d774ade3569af61a72308e07ad3346f370c4b468ee2a9858658?s=96&d=mm&r=g","caption":"Direcci\u00f3n de Comunicaci\u00f3n"}}]}},"_links":{"self":[{"href":"https:\/\/prefecturadeesmeraldas.gob.ec\/index.php\/wp-json\/wp\/v2\/posts\/15422","targetHints":{"allow":["GET"]}}],"collection":[{"href":"https:\/\/prefecturadeesmeraldas.gob.ec\/index.php\/wp-json\/wp\/v2\/posts"}],"about":[{"href":"https:\/\/prefecturadeesmeraldas.gob.ec\/index.php\/wp-json\/wp\/v2\/types\/post"}],"author":[{"embeddable":true,"href":"https:\/\/prefecturadeesmeraldas.gob.ec\/index.php\/wp-json\/wp\/v2\/users\/2"}],"replies":[{"embeddable":true,"href":"https:\/\/prefecturadeesmeraldas.gob.ec\/index.php\/wp-json\/wp\/v2\/comments?post=15422"}],"version-history":[{"count":0,"href":"https:\/\/prefecturadeesmeraldas.gob.ec\/index.php\/wp-json\/wp\/v2\/posts\/15422\/revisions"}],"wp:featuredmedia":[{"embeddable":true,"href":"https:\/\/prefecturadeesmeraldas.gob.ec\/index.php\/wp-json\/wp\/v2\/media\/15423"}],"wp:attachment":[{"href":"https:\/\/prefecturadeesmeraldas.gob.ec\/index.php\/wp-json\/wp\/v2\/media?parent=15422"}],"wp:term":[{"taxonomy":"category","embeddable":true,"href":"https:\/\/prefecturadeesmeraldas.gob.ec\/index.php\/wp-json\/wp\/v2\/categories?post=15422"},{"taxonomy":"post_tag","embeddable":true,"href":"https:\/\/prefecturadeesmeraldas.gob.ec\/index.php\/wp-json\/wp\/v2\/tags?post=15422"}],"curies":[{"name":"wp","href":"https:\/\/api.w.org\/{rel}","templated":true}]}}