{"id":15389,"date":"2022-03-24T14:54:39","date_gmt":"2022-03-24T19:54:39","guid":{"rendered":"https:\/\/prefecturadeesmeraldas.gob.ec\/?p=15389"},"modified":"2022-03-24T14:55:27","modified_gmt":"2022-03-24T19:55:27","slug":"la-campana-mi-primer-regalo-sera-institucionalizada-como-politica-publica","status":"publish","type":"post","link":"https:\/\/prefecturadeesmeraldas.gob.ec\/index.php\/2022\/03\/24\/la-campana-mi-primer-regalo-sera-institucionalizada-como-politica-publica\/","title":{"rendered":"La campa\u00f1a \u2018Mi Primer Regalo\u2019 ser\u00e1 institucionalizada como pol\u00edtica p\u00fablica"},"content":{"rendered":"\t\t<div data-elementor-type=\"wp-post\" data-elementor-id=\"15389\" class=\"elementor elementor-15389\">\n\t\t\t\t\t\t<section class=\"elementor-section elementor-top-section elementor-element elementor-element-05df18a elementor-section-boxed elementor-section-height-default elementor-section-height-default\" data-id=\"05df18a\" data-element_type=\"section\">\n\t\t\t\t\t\t<div class=\"elementor-container elementor-column-gap-default\">\n\t\t\t\t\t<div class=\"elementor-column elementor-col-100 elementor-top-column elementor-element elementor-element-27c81c7\" data-id=\"27c81c7\" data-element_type=\"column\">\n\t\t\t<div class=\"elementor-widget-wrap elementor-element-populated\">\n\t\t\t\t\t\t<div class=\"elementor-element elementor-element-9844037 elementor-widget elementor-widget-image\" data-id=\"9844037\" data-element_type=\"widget\" data-widget_type=\"image.default\">\n\t\t\t\t<div class=\"elementor-widget-container\">\n\t\t\t\t\t\t\t\t\t\t\t\t\t\t\t<img fetchpriority=\"high\" decoding=\"async\" width=\"566\" height=\"484\" src=\"https:\/\/prefecturadeesmeraldas.gob.ec\/wp-content\/uploads\/2022\/03\/Imagen15.jpg\" class=\"attachment-large size-large wp-image-15390\" alt=\"\" srcset=\"https:\/\/prefecturadeesmeraldas.gob.ec\/wp-content\/uploads\/2022\/03\/Imagen15.jpg 566w, https:\/\/prefecturadeesmeraldas.gob.ec\/wp-content\/uploads\/2022\/03\/Imagen15-300x257.jpg 300w\" sizes=\"(max-width: 566px) 100vw, 566px\" \/>\t\t\t\t\t\t\t\t\t\t\t\t\t\t\t<\/div>\n\t\t\t\t<\/div>\n\t\t\t\t\t<\/div>\n\t\t<\/div>\n\t\t\t\t\t<\/div>\n\t\t<\/section>\n\t\t\t\t<section class=\"elementor-section elementor-top-section elementor-element elementor-element-602ce4c elementor-section-boxed elementor-section-height-default elementor-section-height-default\" data-id=\"602ce4c\" data-element_type=\"section\">\n\t\t\t\t\t\t<div class=\"elementor-container elementor-column-gap-default\">\n\t\t\t\t\t<div class=\"elementor-column elementor-col-100 elementor-top-column elementor-element elementor-element-4e22360\" data-id=\"4e22360\" data-element_type=\"column\">\n\t\t\t<div class=\"elementor-widget-wrap elementor-element-populated\">\n\t\t\t\t\t\t<div class=\"elementor-element elementor-element-05da270 elementor-widget elementor-widget-text-editor\" data-id=\"05da270\" data-element_type=\"widget\" data-widget_type=\"text-editor.default\">\n\t\t\t\t<div class=\"elementor-widget-container\">\n\t\t\t\t\t\t\t\t\t<p>En estos tres a\u00f1os de administraci\u00f3n de la prefecta, <strong>Roberta Zambrano Ortiz<\/strong> y el vice prefecto, Diego Zambrano, se ha llegado a las zonas m\u00e1s remotas de la provincia de Esmeraldas, beneficiando a m\u00e1s 2 mil madres primerizas con la campa\u00f1a \u2018Mi Primer Regalo\u2019.<\/p><p><\/p><p><strong>Samuel C\u00e9lleri<\/strong>, director de Acci\u00f3n Social, Inclusi\u00f3n y Participaci\u00f3n (DASIP), manifest\u00f3 que, el proyecto tiene dos etapas sociales. La fase uno, comprende un proceso de capacitaciones dirigidas a las madres primerizas junto a la pareja, sobre la importancia del control prenatal y sobre violencia de g\u00e9nero.<\/p><p><\/p><p>En la segunda fase, comprende la entrega de la pa\u00f1alera con obsequios como pa\u00f1itos h\u00famedos, pa\u00f1ales desechables, manta para reci\u00e9n nacidos, biberones, chupones y, una serie de folletos con informaci\u00f3n sobre la violencia de g\u00e9nero y d\u00f3nde acudir para precautelar sus derechos.<\/p><p><\/p><p><strong>S<\/strong><strong>amuel C\u00e9lleri<\/strong>, agreg\u00f3 que este 2022 concluir\u00e1n con el proyecto en su tercera fase; adem\u00e1s de obtener los indicadores que servir\u00e1n como insumo para la elaboraci\u00f3n de un informe sobre el proceso y resultados de la campa\u00f1a.<\/p><p><\/p><p>De esta manera, el equipo de DASIP podr\u00e1 elaborar el proyecto integral que ser\u00e1 presentado a la prefecta de Esmeraldas y a su vez se lo presentar\u00e1 al Consejo Provincial de Esmeraldas para que sea creada una ordenanza y se convierta en pol\u00edtica p\u00fablica de la instituci\u00f3n y se trabaje de manera constante en la erradicaci\u00f3n de la violencia de g\u00e9nero, que significar\u00e1 la reducci\u00f3n de las estad\u00edsticas de violencia en la provincial de Esmeraldas, reafirmando que la administraci\u00f3n de Roberta Zambrano, tiene rostro humano.<\/p>\t\t\t\t\t\t\t\t<\/div>\n\t\t\t\t<\/div>\n\t\t\t\t\t<\/div>\n\t\t<\/div>\n\t\t\t\t\t<\/div>\n\t\t<\/section>\n\t\t\t\t<\/div>\n\t\t","protected":false},"excerpt":{"rendered":"<p>En estos tres a\u00f1os de administraci\u00f3n de la prefecta, Roberta Zambrano Ortiz y el vice prefecto, Diego Zambrano, se ha llegado a las zonas m\u00e1s remotas de la provincia de Esmeraldas, beneficiando a m\u00e1s 2 mil madres primerizas con la campa\u00f1a \u2018Mi Primer Regalo\u2019. Samuel C\u00e9lleri, director de Acci\u00f3n Social, Inclusi\u00f3n y Participaci\u00f3n (DASIP), manifest\u00f3 [&hellip;]<\/p>\n","protected":false},"author":2,"featured_media":15390,"comment_status":"closed","ping_status":"open","sticky":false,"template":"","format":"standard","meta":{"footnotes":""},"categories":[23],"tags":[],"class_list":["post-15389","post","type-post","status-publish","format-standard","has-post-thumbnail","hentry","category-dasip"],"yoast_head":"<!-- This site is optimized with the Yoast SEO plugin v25.7 - https:\/\/yoast.com\/wordpress\/plugins\/seo\/ -->\n<title>La campa\u00f1a \u2018Mi Primer Regalo\u2019 ser\u00e1 institucionalizada como pol\u00edtica p\u00fablica - Gobierno Aut\u00f3nomo Descentralizado de la Provincia de Esmeraldas<\/title>\n<meta name=\"robots\" content=\"index, follow, max-snippet:-1, max-image-preview:large, max-video-preview:-1\" \/>\n<link rel=\"canonical\" href=\"https:\/\/prefecturadeesmeraldas.gob.ec\/index.php\/2022\/03\/24\/la-campana-mi-primer-regalo-sera-institucionalizada-como-politica-publica\/\" \/>\n<meta property=\"og:locale\" content=\"es_ES\" \/>\n<meta property=\"og:type\" content=\"article\" \/>\n<meta property=\"og:title\" content=\"La campa\u00f1a \u2018Mi Primer Regalo\u2019 ser\u00e1 institucionalizada como pol\u00edtica p\u00fablica - Gobierno Aut\u00f3nomo Descentralizado de la Provincia de Esmeraldas\" \/>\n<meta property=\"og:description\" content=\"En estos tres a\u00f1os de administraci\u00f3n de la prefecta, Roberta Zambrano Ortiz y el vice prefecto, Diego Zambrano, se ha llegado a las zonas m\u00e1s remotas de la provincia de Esmeraldas, beneficiando a m\u00e1s 2 mil madres primerizas con la campa\u00f1a \u2018Mi Primer Regalo\u2019. Samuel C\u00e9lleri, director de Acci\u00f3n Social, Inclusi\u00f3n y Participaci\u00f3n (DASIP), manifest\u00f3 [&hellip;]\" \/>\n<meta property=\"og:url\" content=\"https:\/\/prefecturadeesmeraldas.gob.ec\/index.php\/2022\/03\/24\/la-campana-mi-primer-regalo-sera-institucionalizada-como-politica-publica\/\" \/>\n<meta property=\"og:site_name\" content=\"Gobierno Aut\u00f3nomo Descentralizado de la Provincia de Esmeraldas\" \/>\n<meta property=\"article:publisher\" content=\"https:\/\/www.facebook.com\/PrefecturaEsmeraldas\/\" \/>\n<meta property=\"article:published_time\" content=\"2022-03-24T19:54:39+00:00\" \/>\n<meta property=\"article:modified_time\" content=\"2022-03-24T19:55:27+00:00\" \/>\n<meta property=\"og:image\" content=\"https:\/\/prefecturadeesmeraldas.gob.ec\/wp-content\/uploads\/2022\/03\/Imagen15.jpg\" \/>\n\t<meta property=\"og:image:width\" content=\"566\" \/>\n\t<meta property=\"og:image:height\" content=\"484\" \/>\n\t<meta property=\"og:image:type\" content=\"image\/jpeg\" \/>\n<meta name=\"author\" content=\"Direcci\u00f3n de Comunicaci\u00f3n\" \/>\n<meta name=\"twitter:card\" content=\"summary_large_image\" \/>\n<meta name=\"twitter:label1\" content=\"Escrito por\" \/>\n\t<meta name=\"twitter:data1\" content=\"Direcci\u00f3n de Comunicaci\u00f3n\" \/>\n\t<meta name=\"twitter:label2\" content=\"Tiempo de lectura\" \/>\n\t<meta name=\"twitter:data2\" content=\"1 minuto\" \/>\n<script type=\"application\/ld+json\" class=\"yoast-schema-graph\">{\"@context\":\"https:\/\/schema.org\",\"@graph\":[{\"@type\":\"Article\",\"@id\":\"https:\/\/prefecturadeesmeraldas.gob.ec\/index.php\/2022\/03\/24\/la-campana-mi-primer-regalo-sera-institucionalizada-como-politica-publica\/#article\",\"isPartOf\":{\"@id\":\"https:\/\/prefecturadeesmeraldas.gob.ec\/index.php\/2022\/03\/24\/la-campana-mi-primer-regalo-sera-institucionalizada-como-politica-publica\/\"},\"author\":{\"name\":\"Direcci\u00f3n de Comunicaci\u00f3n\",\"@id\":\"https:\/\/prefecturadeesmeraldas.gob.ec\/#\/schema\/person\/b0c9e7b1ead7725994d1e319e8825234\"},\"headline\":\"La campa\u00f1a \u2018Mi Primer Regalo\u2019 ser\u00e1 institucionalizada como pol\u00edtica p\u00fablica\",\"datePublished\":\"2022-03-24T19:54:39+00:00\",\"dateModified\":\"2022-03-24T19:55:27+00:00\",\"mainEntityOfPage\":{\"@id\":\"https:\/\/prefecturadeesmeraldas.gob.ec\/index.php\/2022\/03\/24\/la-campana-mi-primer-regalo-sera-institucionalizada-como-politica-publica\/\"},\"wordCount\":298,\"publisher\":{\"@id\":\"https:\/\/prefecturadeesmeraldas.gob.ec\/#organization\"},\"image\":{\"@id\":\"https:\/\/prefecturadeesmeraldas.gob.ec\/index.php\/2022\/03\/24\/la-campana-mi-primer-regalo-sera-institucionalizada-como-politica-publica\/#primaryimage\"},\"thumbnailUrl\":\"https:\/\/prefecturadeesmeraldas.gob.ec\/wp-content\/uploads\/2022\/03\/Imagen15.jpg\",\"articleSection\":[\"DASIP\"],\"inLanguage\":\"es\"},{\"@type\":\"WebPage\",\"@id\":\"https:\/\/prefecturadeesmeraldas.gob.ec\/index.php\/2022\/03\/24\/la-campana-mi-primer-regalo-sera-institucionalizada-como-politica-publica\/\",\"url\":\"https:\/\/prefecturadeesmeraldas.gob.ec\/index.php\/2022\/03\/24\/la-campana-mi-primer-regalo-sera-institucionalizada-como-politica-publica\/\",\"name\":\"La campa\u00f1a \u2018Mi Primer Regalo\u2019 ser\u00e1 institucionalizada como pol\u00edtica p\u00fablica - Gobierno Aut\u00f3nomo Descentralizado de la Provincia de Esmeraldas\",\"isPartOf\":{\"@id\":\"https:\/\/prefecturadeesmeraldas.gob.ec\/#website\"},\"primaryImageOfPage\":{\"@id\":\"https:\/\/prefecturadeesmeraldas.gob.ec\/index.php\/2022\/03\/24\/la-campana-mi-primer-regalo-sera-institucionalizada-como-politica-publica\/#primaryimage\"},\"image\":{\"@id\":\"https:\/\/prefecturadeesmeraldas.gob.ec\/index.php\/2022\/03\/24\/la-campana-mi-primer-regalo-sera-institucionalizada-como-politica-publica\/#primaryimage\"},\"thumbnailUrl\":\"https:\/\/prefecturadeesmeraldas.gob.ec\/wp-content\/uploads\/2022\/03\/Imagen15.jpg\",\"datePublished\":\"2022-03-24T19:54:39+00:00\",\"dateModified\":\"2022-03-24T19:55:27+00:00\",\"breadcrumb\":{\"@id\":\"https:\/\/prefecturadeesmeraldas.gob.ec\/index.php\/2022\/03\/24\/la-campana-mi-primer-regalo-sera-institucionalizada-como-politica-publica\/#breadcrumb\"},\"inLanguage\":\"es\",\"potentialAction\":[{\"@type\":\"ReadAction\",\"target\":[\"https:\/\/prefecturadeesmeraldas.gob.ec\/index.php\/2022\/03\/24\/la-campana-mi-primer-regalo-sera-institucionalizada-como-politica-publica\/\"]}]},{\"@type\":\"ImageObject\",\"inLanguage\":\"es\",\"@id\":\"https:\/\/prefecturadeesmeraldas.gob.ec\/index.php\/2022\/03\/24\/la-campana-mi-primer-regalo-sera-institucionalizada-como-politica-publica\/#primaryimage\",\"url\":\"https:\/\/prefecturadeesmeraldas.gob.ec\/wp-content\/uploads\/2022\/03\/Imagen15.jpg\",\"contentUrl\":\"https:\/\/prefecturadeesmeraldas.gob.ec\/wp-content\/uploads\/2022\/03\/Imagen15.jpg\",\"width\":566,\"height\":484},{\"@type\":\"BreadcrumbList\",\"@id\":\"https:\/\/prefecturadeesmeraldas.gob.ec\/index.php\/2022\/03\/24\/la-campana-mi-primer-regalo-sera-institucionalizada-como-politica-publica\/#breadcrumb\",\"itemListElement\":[{\"@type\":\"ListItem\",\"position\":1,\"name\":\"Home\",\"item\":\"https:\/\/prefecturadeesmeraldas.gob.ec\/\"},{\"@type\":\"ListItem\",\"position\":2,\"name\":\"La campa\u00f1a \u2018Mi Primer Regalo\u2019 ser\u00e1 institucionalizada como pol\u00edtica p\u00fablica\"}]},{\"@type\":\"WebSite\",\"@id\":\"https:\/\/prefecturadeesmeraldas.gob.ec\/#website\",\"url\":\"https:\/\/prefecturadeesmeraldas.gob.ec\/\",\"name\":\"Gobierno Aut\u00f3nomo Descentralizado de la Provincia de Esmeraldas\",\"description\":\"Gobierno Aut\u00f3nomo Descentralizado de la Provincia de Esmeraldas\",\"publisher\":{\"@id\":\"https:\/\/prefecturadeesmeraldas.gob.ec\/#organization\"},\"potentialAction\":[{\"@type\":\"SearchAction\",\"target\":{\"@type\":\"EntryPoint\",\"urlTemplate\":\"https:\/\/prefecturadeesmeraldas.gob.ec\/?s={search_term_string}\"},\"query-input\":{\"@type\":\"PropertyValueSpecification\",\"valueRequired\":true,\"valueName\":\"search_term_string\"}}],\"inLanguage\":\"es\"},{\"@type\":\"Organization\",\"@id\":\"https:\/\/prefecturadeesmeraldas.gob.ec\/#organization\",\"name\":\"Gobierno Aut\u00f3nomo Descentralizado de la Provincia de Esmeraldas\",\"url\":\"https:\/\/prefecturadeesmeraldas.gob.ec\/\",\"logo\":{\"@type\":\"ImageObject\",\"inLanguage\":\"es\",\"@id\":\"https:\/\/prefecturadeesmeraldas.gob.ec\/#\/schema\/logo\/image\/\",\"url\":\"https:\/\/prefecturadeesmeraldas.gob.ec\/wp-content\/uploads\/2019\/06\/logo.png\",\"contentUrl\":\"https:\/\/prefecturadeesmeraldas.gob.ec\/wp-content\/uploads\/2019\/06\/logo.png\",\"width\":859,\"height\":448,\"caption\":\"Gobierno Aut\u00f3nomo Descentralizado de la Provincia de Esmeraldas\"},\"image\":{\"@id\":\"https:\/\/prefecturadeesmeraldas.gob.ec\/#\/schema\/logo\/image\/\"},\"sameAs\":[\"https:\/\/www.facebook.com\/PrefecturaEsmeraldas\/\"]},{\"@type\":\"Person\",\"@id\":\"https:\/\/prefecturadeesmeraldas.gob.ec\/#\/schema\/person\/b0c9e7b1ead7725994d1e319e8825234\",\"name\":\"Direcci\u00f3n de Comunicaci\u00f3n\",\"image\":{\"@type\":\"ImageObject\",\"inLanguage\":\"es\",\"@id\":\"https:\/\/prefecturadeesmeraldas.gob.ec\/#\/schema\/person\/image\/\",\"url\":\"https:\/\/secure.gravatar.com\/avatar\/74a3870a946f5d774ade3569af61a72308e07ad3346f370c4b468ee2a9858658?s=96&d=mm&r=g\",\"contentUrl\":\"https:\/\/secure.gravatar.com\/avatar\/74a3870a946f5d774ade3569af61a72308e07ad3346f370c4b468ee2a9858658?s=96&d=mm&r=g\",\"caption\":\"Direcci\u00f3n de Comunicaci\u00f3n\"}}]}<\/script>\n<!-- \/ Yoast SEO plugin. -->","yoast_head_json":{"title":"La campa\u00f1a \u2018Mi Primer Regalo\u2019 ser\u00e1 institucionalizada como pol\u00edtica p\u00fablica - Gobierno Aut\u00f3nomo Descentralizado de la Provincia de Esmeraldas","robots":{"index":"index","follow":"follow","max-snippet":"max-snippet:-1","max-image-preview":"max-image-preview:large","max-video-preview":"max-video-preview:-1"},"canonical":"https:\/\/prefecturadeesmeraldas.gob.ec\/index.php\/2022\/03\/24\/la-campana-mi-primer-regalo-sera-institucionalizada-como-politica-publica\/","og_locale":"es_ES","og_type":"article","og_title":"La campa\u00f1a \u2018Mi Primer Regalo\u2019 ser\u00e1 institucionalizada como pol\u00edtica p\u00fablica - Gobierno Aut\u00f3nomo Descentralizado de la Provincia de Esmeraldas","og_description":"En estos tres a\u00f1os de administraci\u00f3n de la prefecta, Roberta Zambrano Ortiz y el vice prefecto, Diego Zambrano, se ha llegado a las zonas m\u00e1s remotas de la provincia de Esmeraldas, beneficiando a m\u00e1s 2 mil madres primerizas con la campa\u00f1a \u2018Mi Primer Regalo\u2019. Samuel C\u00e9lleri, director de Acci\u00f3n Social, Inclusi\u00f3n y Participaci\u00f3n (DASIP), manifest\u00f3 [&hellip;]","og_url":"https:\/\/prefecturadeesmeraldas.gob.ec\/index.php\/2022\/03\/24\/la-campana-mi-primer-regalo-sera-institucionalizada-como-politica-publica\/","og_site_name":"Gobierno Aut\u00f3nomo Descentralizado de la Provincia de Esmeraldas","article_publisher":"https:\/\/www.facebook.com\/PrefecturaEsmeraldas\/","article_published_time":"2022-03-24T19:54:39+00:00","article_modified_time":"2022-03-24T19:55:27+00:00","og_image":[{"width":566,"height":484,"url":"https:\/\/prefecturadeesmeraldas.gob.ec\/wp-content\/uploads\/2022\/03\/Imagen15.jpg","type":"image\/jpeg"}],"author":"Direcci\u00f3n de Comunicaci\u00f3n","twitter_card":"summary_large_image","twitter_misc":{"Escrito por":"Direcci\u00f3n de Comunicaci\u00f3n","Tiempo de lectura":"1 minuto"},"schema":{"@context":"https:\/\/schema.org","@graph":[{"@type":"Article","@id":"https:\/\/prefecturadeesmeraldas.gob.ec\/index.php\/2022\/03\/24\/la-campana-mi-primer-regalo-sera-institucionalizada-como-politica-publica\/#article","isPartOf":{"@id":"https:\/\/prefecturadeesmeraldas.gob.ec\/index.php\/2022\/03\/24\/la-campana-mi-primer-regalo-sera-institucionalizada-como-politica-publica\/"},"author":{"name":"Direcci\u00f3n de Comunicaci\u00f3n","@id":"https:\/\/prefecturadeesmeraldas.gob.ec\/#\/schema\/person\/b0c9e7b1ead7725994d1e319e8825234"},"headline":"La campa\u00f1a \u2018Mi Primer Regalo\u2019 ser\u00e1 institucionalizada como pol\u00edtica p\u00fablica","datePublished":"2022-03-24T19:54:39+00:00","dateModified":"2022-03-24T19:55:27+00:00","mainEntityOfPage":{"@id":"https:\/\/prefecturadeesmeraldas.gob.ec\/index.php\/2022\/03\/24\/la-campana-mi-primer-regalo-sera-institucionalizada-como-politica-publica\/"},"wordCount":298,"publisher":{"@id":"https:\/\/prefecturadeesmeraldas.gob.ec\/#organization"},"image":{"@id":"https:\/\/prefecturadeesmeraldas.gob.ec\/index.php\/2022\/03\/24\/la-campana-mi-primer-regalo-sera-institucionalizada-como-politica-publica\/#primaryimage"},"thumbnailUrl":"https:\/\/prefecturadeesmeraldas.gob.ec\/wp-content\/uploads\/2022\/03\/Imagen15.jpg","articleSection":["DASIP"],"inLanguage":"es"},{"@type":"WebPage","@id":"https:\/\/prefecturadeesmeraldas.gob.ec\/index.php\/2022\/03\/24\/la-campana-mi-primer-regalo-sera-institucionalizada-como-politica-publica\/","url":"https:\/\/prefecturadeesmeraldas.gob.ec\/index.php\/2022\/03\/24\/la-campana-mi-primer-regalo-sera-institucionalizada-como-politica-publica\/","name":"La campa\u00f1a \u2018Mi Primer Regalo\u2019 ser\u00e1 institucionalizada como pol\u00edtica p\u00fablica - Gobierno Aut\u00f3nomo Descentralizado de la Provincia de Esmeraldas","isPartOf":{"@id":"https:\/\/prefecturadeesmeraldas.gob.ec\/#website"},"primaryImageOfPage":{"@id":"https:\/\/prefecturadeesmeraldas.gob.ec\/index.php\/2022\/03\/24\/la-campana-mi-primer-regalo-sera-institucionalizada-como-politica-publica\/#primaryimage"},"image":{"@id":"https:\/\/prefecturadeesmeraldas.gob.ec\/index.php\/2022\/03\/24\/la-campana-mi-primer-regalo-sera-institucionalizada-como-politica-publica\/#primaryimage"},"thumbnailUrl":"https:\/\/prefecturadeesmeraldas.gob.ec\/wp-content\/uploads\/2022\/03\/Imagen15.jpg","datePublished":"2022-03-24T19:54:39+00:00","dateModified":"2022-03-24T19:55:27+00:00","breadcrumb":{"@id":"https:\/\/prefecturadeesmeraldas.gob.ec\/index.php\/2022\/03\/24\/la-campana-mi-primer-regalo-sera-institucionalizada-como-politica-publica\/#breadcrumb"},"inLanguage":"es","potentialAction":[{"@type":"ReadAction","target":["https:\/\/prefecturadeesmeraldas.gob.ec\/index.php\/2022\/03\/24\/la-campana-mi-primer-regalo-sera-institucionalizada-como-politica-publica\/"]}]},{"@type":"ImageObject","inLanguage":"es","@id":"https:\/\/prefecturadeesmeraldas.gob.ec\/index.php\/2022\/03\/24\/la-campana-mi-primer-regalo-sera-institucionalizada-como-politica-publica\/#primaryimage","url":"https:\/\/prefecturadeesmeraldas.gob.ec\/wp-content\/uploads\/2022\/03\/Imagen15.jpg","contentUrl":"https:\/\/prefecturadeesmeraldas.gob.ec\/wp-content\/uploads\/2022\/03\/Imagen15.jpg","width":566,"height":484},{"@type":"BreadcrumbList","@id":"https:\/\/prefecturadeesmeraldas.gob.ec\/index.php\/2022\/03\/24\/la-campana-mi-primer-regalo-sera-institucionalizada-como-politica-publica\/#breadcrumb","itemListElement":[{"@type":"ListItem","position":1,"name":"Home","item":"https:\/\/prefecturadeesmeraldas.gob.ec\/"},{"@type":"ListItem","position":2,"name":"La campa\u00f1a \u2018Mi Primer Regalo\u2019 ser\u00e1 institucionalizada como pol\u00edtica p\u00fablica"}]},{"@type":"WebSite","@id":"https:\/\/prefecturadeesmeraldas.gob.ec\/#website","url":"https:\/\/prefecturadeesmeraldas.gob.ec\/","name":"Gobierno Aut\u00f3nomo Descentralizado de la Provincia de Esmeraldas","description":"Gobierno Aut\u00f3nomo Descentralizado de la Provincia de Esmeraldas","publisher":{"@id":"https:\/\/prefecturadeesmeraldas.gob.ec\/#organization"},"potentialAction":[{"@type":"SearchAction","target":{"@type":"EntryPoint","urlTemplate":"https:\/\/prefecturadeesmeraldas.gob.ec\/?s={search_term_string}"},"query-input":{"@type":"PropertyValueSpecification","valueRequired":true,"valueName":"search_term_string"}}],"inLanguage":"es"},{"@type":"Organization","@id":"https:\/\/prefecturadeesmeraldas.gob.ec\/#organization","name":"Gobierno Aut\u00f3nomo Descentralizado de la Provincia de Esmeraldas","url":"https:\/\/prefecturadeesmeraldas.gob.ec\/","logo":{"@type":"ImageObject","inLanguage":"es","@id":"https:\/\/prefecturadeesmeraldas.gob.ec\/#\/schema\/logo\/image\/","url":"https:\/\/prefecturadeesmeraldas.gob.ec\/wp-content\/uploads\/2019\/06\/logo.png","contentUrl":"https:\/\/prefecturadeesmeraldas.gob.ec\/wp-content\/uploads\/2019\/06\/logo.png","width":859,"height":448,"caption":"Gobierno Aut\u00f3nomo Descentralizado de la Provincia de Esmeraldas"},"image":{"@id":"https:\/\/prefecturadeesmeraldas.gob.ec\/#\/schema\/logo\/image\/"},"sameAs":["https:\/\/www.facebook.com\/PrefecturaEsmeraldas\/"]},{"@type":"Person","@id":"https:\/\/prefecturadeesmeraldas.gob.ec\/#\/schema\/person\/b0c9e7b1ead7725994d1e319e8825234","name":"Direcci\u00f3n de Comunicaci\u00f3n","image":{"@type":"ImageObject","inLanguage":"es","@id":"https:\/\/prefecturadeesmeraldas.gob.ec\/#\/schema\/person\/image\/","url":"https:\/\/secure.gravatar.com\/avatar\/74a3870a946f5d774ade3569af61a72308e07ad3346f370c4b468ee2a9858658?s=96&d=mm&r=g","contentUrl":"https:\/\/secure.gravatar.com\/avatar\/74a3870a946f5d774ade3569af61a72308e07ad3346f370c4b468ee2a9858658?s=96&d=mm&r=g","caption":"Direcci\u00f3n de Comunicaci\u00f3n"}}]}},"_links":{"self":[{"href":"https:\/\/prefecturadeesmeraldas.gob.ec\/index.php\/wp-json\/wp\/v2\/posts\/15389","targetHints":{"allow":["GET"]}}],"collection":[{"href":"https:\/\/prefecturadeesmeraldas.gob.ec\/index.php\/wp-json\/wp\/v2\/posts"}],"about":[{"href":"https:\/\/prefecturadeesmeraldas.gob.ec\/index.php\/wp-json\/wp\/v2\/types\/post"}],"author":[{"embeddable":true,"href":"https:\/\/prefecturadeesmeraldas.gob.ec\/index.php\/wp-json\/wp\/v2\/users\/2"}],"replies":[{"embeddable":true,"href":"https:\/\/prefecturadeesmeraldas.gob.ec\/index.php\/wp-json\/wp\/v2\/comments?post=15389"}],"version-history":[{"count":0,"href":"https:\/\/prefecturadeesmeraldas.gob.ec\/index.php\/wp-json\/wp\/v2\/posts\/15389\/revisions"}],"wp:featuredmedia":[{"embeddable":true,"href":"https:\/\/prefecturadeesmeraldas.gob.ec\/index.php\/wp-json\/wp\/v2\/media\/15390"}],"wp:attachment":[{"href":"https:\/\/prefecturadeesmeraldas.gob.ec\/index.php\/wp-json\/wp\/v2\/media?parent=15389"}],"wp:term":[{"taxonomy":"category","embeddable":true,"href":"https:\/\/prefecturadeesmeraldas.gob.ec\/index.php\/wp-json\/wp\/v2\/categories?post=15389"},{"taxonomy":"post_tag","embeddable":true,"href":"https:\/\/prefecturadeesmeraldas.gob.ec\/index.php\/wp-json\/wp\/v2\/tags?post=15389"}],"curies":[{"name":"wp","href":"https:\/\/api.w.org\/{rel}","templated":true}]}}