{"id":15381,"date":"2022-03-24T14:49:55","date_gmt":"2022-03-24T19:49:55","guid":{"rendered":"https:\/\/prefecturadeesmeraldas.gob.ec\/?p=15381"},"modified":"2022-03-24T14:50:41","modified_gmt":"2022-03-24T19:50:41","slug":"prefecta-roberta-zambrano-participo-de-la-cuadragesima-octava-sesion-ordinaria-del-comite-de-reconstruccion-y-reactivacion-productiva","status":"publish","type":"post","link":"https:\/\/prefecturadeesmeraldas.gob.ec\/index.php\/2022\/03\/24\/prefecta-roberta-zambrano-participo-de-la-cuadragesima-octava-sesion-ordinaria-del-comite-de-reconstruccion-y-reactivacion-productiva\/","title":{"rendered":"Prefecta Roberta Zambrano particip\u00f3 de la cuadrag\u00e9sima octava sesi\u00f3n ordinaria del Comit\u00e9 de Reconstrucci\u00f3n y Reactivaci\u00f3n Productiva"},"content":{"rendered":"\t\t<div data-elementor-type=\"wp-post\" data-elementor-id=\"15381\" class=\"elementor elementor-15381\">\n\t\t\t\t\t\t<section class=\"elementor-section elementor-top-section elementor-element elementor-element-5140e50 elementor-section-boxed elementor-section-height-default elementor-section-height-default\" data-id=\"5140e50\" data-element_type=\"section\">\n\t\t\t\t\t\t<div class=\"elementor-container elementor-column-gap-default\">\n\t\t\t\t\t<div class=\"elementor-column elementor-col-100 elementor-top-column elementor-element elementor-element-1b40a39\" data-id=\"1b40a39\" data-element_type=\"column\">\n\t\t\t<div class=\"elementor-widget-wrap elementor-element-populated\">\n\t\t\t\t\t\t<div class=\"elementor-element elementor-element-962593b elementor-widget elementor-widget-image\" data-id=\"962593b\" data-element_type=\"widget\" data-widget_type=\"image.default\">\n\t\t\t\t<div class=\"elementor-widget-container\">\n\t\t\t\t\t\t\t\t\t\t\t\t\t\t\t<img fetchpriority=\"high\" decoding=\"async\" width=\"1024\" height=\"1024\" src=\"https:\/\/prefecturadeesmeraldas.gob.ec\/wp-content\/uploads\/2022\/03\/WhatsApp-Image-2022-03-18-at-4.37.50-PM.jpeg\" class=\"attachment-large size-large wp-image-15382\" alt=\"\" srcset=\"https:\/\/prefecturadeesmeraldas.gob.ec\/wp-content\/uploads\/2022\/03\/WhatsApp-Image-2022-03-18-at-4.37.50-PM.jpeg 1024w, https:\/\/prefecturadeesmeraldas.gob.ec\/wp-content\/uploads\/2022\/03\/WhatsApp-Image-2022-03-18-at-4.37.50-PM-240x240.jpeg 240w, https:\/\/prefecturadeesmeraldas.gob.ec\/wp-content\/uploads\/2022\/03\/WhatsApp-Image-2022-03-18-at-4.37.50-PM-150x150.jpeg 150w, https:\/\/prefecturadeesmeraldas.gob.ec\/wp-content\/uploads\/2022\/03\/WhatsApp-Image-2022-03-18-at-4.37.50-PM-300x300.jpeg 300w, https:\/\/prefecturadeesmeraldas.gob.ec\/wp-content\/uploads\/2022\/03\/WhatsApp-Image-2022-03-18-at-4.37.50-PM-768x768.jpeg 768w\" sizes=\"(max-width: 1024px) 100vw, 1024px\" \/>\t\t\t\t\t\t\t\t\t\t\t\t\t\t\t<\/div>\n\t\t\t\t<\/div>\n\t\t\t\t\t<\/div>\n\t\t<\/div>\n\t\t\t\t\t<\/div>\n\t\t<\/section>\n\t\t\t\t<section class=\"elementor-section elementor-top-section elementor-element elementor-element-e105854 elementor-section-boxed elementor-section-height-default elementor-section-height-default\" data-id=\"e105854\" data-element_type=\"section\">\n\t\t\t\t\t\t<div class=\"elementor-container elementor-column-gap-default\">\n\t\t\t\t\t<div class=\"elementor-column elementor-col-100 elementor-top-column elementor-element elementor-element-42a765f\" data-id=\"42a765f\" data-element_type=\"column\">\n\t\t\t<div class=\"elementor-widget-wrap elementor-element-populated\">\n\t\t\t\t\t\t<div class=\"elementor-element elementor-element-97c98a6 elementor-widget elementor-widget-text-editor\" data-id=\"97c98a6\" data-element_type=\"widget\" data-widget_type=\"text-editor.default\">\n\t\t\t\t<div class=\"elementor-widget-container\">\n\t\t\t\t\t\t\t\t\t<p>Gracias a la gesti\u00f3n decidida de la prefecta <strong>Roberta Zambrano Ortiz<\/strong>, en el desarrollo de la Cuadrag\u00e9sima Octava Sesi\u00f3n Ordinaria del Comit\u00e9 de Reconstrucci\u00f3n y Reactivaci\u00f3n Productiva, que se realiz\u00f3 en el ECU &#8211; 911 Esmeraldas, con la presencia de 3 ministros de Estado, se ratific\u00f3 la aprobaci\u00f3n de los proyectos presentados por la Prefectura de Esmeraldas a este Comit\u00e9.<\/p><p><strong>La intervenci\u00f3n de las v\u00edas Chontaduro \u2013 Chumund\u00e9, El Roto \u2013 Cube, Rocafuerte \u2013 La Perla, Las Juanitas \u2013 Libertad Lojana, Abd\u00f3n Calder\u00f3n \u2013 Quingue y el Puente sobre el r\u00edo Jord\u00e1n, ser\u00e1n una realidad ya que cuentan con el dictamen de prioridad y se encuentran a la espera de la firma del convenio para su financiamiento.<\/strong><\/p><p>La prefecta de Esmeraldas, Roberta Zambrano Ortiz, dijo que todos estos proyectos ya cuentan con el financiamiento debido, pero es necesario esperar los desembolsos econ\u00f3micos de parte del Ministerio de Finanzas, para que se inicien los trabajos.<\/p><p>Mientras que, el ministro de Obras P\u00fablicas, <strong>Marcelo Cabrera<\/strong>, destac\u00f3 que, todos los proyectos que se presentaron desde la Prefectura de Esmeraldas, est\u00e1n debidamente sustentados y que, se har\u00e1n realidad muy pronto.<\/p><p>Adem\u00e1s, dijo que, se seguir\u00e1 trabajando en la intervenci\u00f3n de la carretera Esmeraldas \u2013 Quinind\u00e9, que se encuentra deteriorada y adelant\u00f3 que se busca concesionarla. La prefecta insisti\u00f3 en el desarrollo de este Comit\u00e9, que es urgente la intervenci\u00f3n de esta v\u00eda y de la carretera Ibarra \u2013 San Lorenzo, que est\u00e1n seriamente afectadas y que son competencia del MTOP.<\/p>\t\t\t\t\t\t\t\t<\/div>\n\t\t\t\t<\/div>\n\t\t\t\t\t<\/div>\n\t\t<\/div>\n\t\t\t\t\t<\/div>\n\t\t<\/section>\n\t\t\t\t<\/div>\n\t\t","protected":false},"excerpt":{"rendered":"<p>Gracias a la gesti\u00f3n decidida de la prefecta Roberta Zambrano Ortiz, en el desarrollo de la Cuadrag\u00e9sima Octava Sesi\u00f3n Ordinaria del Comit\u00e9 de Reconstrucci\u00f3n y Reactivaci\u00f3n Productiva, que se realiz\u00f3 en el ECU &#8211; 911 Esmeraldas, con la presencia de 3 ministros de Estado, se ratific\u00f3 la aprobaci\u00f3n de los proyectos presentados por la Prefectura [&hellip;]<\/p>\n","protected":false},"author":2,"featured_media":15382,"comment_status":"closed","ping_status":"open","sticky":false,"template":"","format":"standard","meta":{"footnotes":""},"categories":[14],"tags":[],"class_list":["post-15381","post","type-post","status-publish","format-standard","has-post-thumbnail","hentry","category-vialidad"],"yoast_head":"<!-- This site is optimized with the Yoast SEO plugin v25.7 - https:\/\/yoast.com\/wordpress\/plugins\/seo\/ -->\n<title>Prefecta Roberta Zambrano particip\u00f3 de la cuadrag\u00e9sima octava sesi\u00f3n ordinaria del Comit\u00e9 de Reconstrucci\u00f3n y Reactivaci\u00f3n Productiva - Gobierno Aut\u00f3nomo Descentralizado de la Provincia de Esmeraldas<\/title>\n<meta name=\"robots\" content=\"index, follow, max-snippet:-1, max-image-preview:large, max-video-preview:-1\" \/>\n<link rel=\"canonical\" href=\"https:\/\/prefecturadeesmeraldas.gob.ec\/index.php\/2022\/03\/24\/prefecta-roberta-zambrano-participo-de-la-cuadragesima-octava-sesion-ordinaria-del-comite-de-reconstruccion-y-reactivacion-productiva\/\" \/>\n<meta property=\"og:locale\" content=\"es_ES\" \/>\n<meta property=\"og:type\" content=\"article\" \/>\n<meta property=\"og:title\" content=\"Prefecta Roberta Zambrano particip\u00f3 de la cuadrag\u00e9sima octava sesi\u00f3n ordinaria del Comit\u00e9 de Reconstrucci\u00f3n y Reactivaci\u00f3n Productiva - Gobierno Aut\u00f3nomo Descentralizado de la Provincia de Esmeraldas\" \/>\n<meta property=\"og:description\" content=\"Gracias a la gesti\u00f3n decidida de la prefecta Roberta Zambrano Ortiz, en el desarrollo de la Cuadrag\u00e9sima Octava Sesi\u00f3n Ordinaria del Comit\u00e9 de Reconstrucci\u00f3n y Reactivaci\u00f3n Productiva, que se realiz\u00f3 en el ECU &#8211; 911 Esmeraldas, con la presencia de 3 ministros de Estado, se ratific\u00f3 la aprobaci\u00f3n de los proyectos presentados por la Prefectura [&hellip;]\" \/>\n<meta property=\"og:url\" content=\"https:\/\/prefecturadeesmeraldas.gob.ec\/index.php\/2022\/03\/24\/prefecta-roberta-zambrano-participo-de-la-cuadragesima-octava-sesion-ordinaria-del-comite-de-reconstruccion-y-reactivacion-productiva\/\" \/>\n<meta property=\"og:site_name\" content=\"Gobierno Aut\u00f3nomo Descentralizado de la Provincia de Esmeraldas\" \/>\n<meta property=\"article:publisher\" content=\"https:\/\/www.facebook.com\/PrefecturaEsmeraldas\/\" \/>\n<meta property=\"article:published_time\" content=\"2022-03-24T19:49:55+00:00\" \/>\n<meta property=\"article:modified_time\" content=\"2022-03-24T19:50:41+00:00\" \/>\n<meta property=\"og:image\" content=\"https:\/\/prefecturadeesmeraldas.gob.ec\/wp-content\/uploads\/2022\/03\/WhatsApp-Image-2022-03-18-at-4.37.50-PM.jpeg\" \/>\n\t<meta property=\"og:image:width\" content=\"1024\" \/>\n\t<meta property=\"og:image:height\" content=\"1024\" \/>\n\t<meta property=\"og:image:type\" content=\"image\/jpeg\" \/>\n<meta name=\"author\" content=\"Direcci\u00f3n de Comunicaci\u00f3n\" \/>\n<meta name=\"twitter:card\" content=\"summary_large_image\" \/>\n<meta name=\"twitter:label1\" content=\"Escrito por\" \/>\n\t<meta name=\"twitter:data1\" content=\"Direcci\u00f3n de Comunicaci\u00f3n\" \/>\n\t<meta name=\"twitter:label2\" content=\"Tiempo de lectura\" \/>\n\t<meta name=\"twitter:data2\" content=\"1 minuto\" \/>\n<script type=\"application\/ld+json\" class=\"yoast-schema-graph\">{\"@context\":\"https:\/\/schema.org\",\"@graph\":[{\"@type\":\"Article\",\"@id\":\"https:\/\/prefecturadeesmeraldas.gob.ec\/index.php\/2022\/03\/24\/prefecta-roberta-zambrano-participo-de-la-cuadragesima-octava-sesion-ordinaria-del-comite-de-reconstruccion-y-reactivacion-productiva\/#article\",\"isPartOf\":{\"@id\":\"https:\/\/prefecturadeesmeraldas.gob.ec\/index.php\/2022\/03\/24\/prefecta-roberta-zambrano-participo-de-la-cuadragesima-octava-sesion-ordinaria-del-comite-de-reconstruccion-y-reactivacion-productiva\/\"},\"author\":{\"name\":\"Direcci\u00f3n de Comunicaci\u00f3n\",\"@id\":\"https:\/\/prefecturadeesmeraldas.gob.ec\/#\/schema\/person\/b0c9e7b1ead7725994d1e319e8825234\"},\"headline\":\"Prefecta Roberta Zambrano particip\u00f3 de la cuadrag\u00e9sima octava sesi\u00f3n ordinaria del Comit\u00e9 de Reconstrucci\u00f3n y Reactivaci\u00f3n Productiva\",\"datePublished\":\"2022-03-24T19:49:55+00:00\",\"dateModified\":\"2022-03-24T19:50:41+00:00\",\"mainEntityOfPage\":{\"@id\":\"https:\/\/prefecturadeesmeraldas.gob.ec\/index.php\/2022\/03\/24\/prefecta-roberta-zambrano-participo-de-la-cuadragesima-octava-sesion-ordinaria-del-comite-de-reconstruccion-y-reactivacion-productiva\/\"},\"wordCount\":280,\"publisher\":{\"@id\":\"https:\/\/prefecturadeesmeraldas.gob.ec\/#organization\"},\"image\":{\"@id\":\"https:\/\/prefecturadeesmeraldas.gob.ec\/index.php\/2022\/03\/24\/prefecta-roberta-zambrano-participo-de-la-cuadragesima-octava-sesion-ordinaria-del-comite-de-reconstruccion-y-reactivacion-productiva\/#primaryimage\"},\"thumbnailUrl\":\"https:\/\/prefecturadeesmeraldas.gob.ec\/wp-content\/uploads\/2022\/03\/WhatsApp-Image-2022-03-18-at-4.37.50-PM.jpeg\",\"articleSection\":[\"Vialidad\"],\"inLanguage\":\"es\"},{\"@type\":\"WebPage\",\"@id\":\"https:\/\/prefecturadeesmeraldas.gob.ec\/index.php\/2022\/03\/24\/prefecta-roberta-zambrano-participo-de-la-cuadragesima-octava-sesion-ordinaria-del-comite-de-reconstruccion-y-reactivacion-productiva\/\",\"url\":\"https:\/\/prefecturadeesmeraldas.gob.ec\/index.php\/2022\/03\/24\/prefecta-roberta-zambrano-participo-de-la-cuadragesima-octava-sesion-ordinaria-del-comite-de-reconstruccion-y-reactivacion-productiva\/\",\"name\":\"Prefecta Roberta Zambrano particip\u00f3 de la cuadrag\u00e9sima octava sesi\u00f3n ordinaria del Comit\u00e9 de Reconstrucci\u00f3n y Reactivaci\u00f3n Productiva - Gobierno Aut\u00f3nomo Descentralizado de la Provincia de Esmeraldas\",\"isPartOf\":{\"@id\":\"https:\/\/prefecturadeesmeraldas.gob.ec\/#website\"},\"primaryImageOfPage\":{\"@id\":\"https:\/\/prefecturadeesmeraldas.gob.ec\/index.php\/2022\/03\/24\/prefecta-roberta-zambrano-participo-de-la-cuadragesima-octava-sesion-ordinaria-del-comite-de-reconstruccion-y-reactivacion-productiva\/#primaryimage\"},\"image\":{\"@id\":\"https:\/\/prefecturadeesmeraldas.gob.ec\/index.php\/2022\/03\/24\/prefecta-roberta-zambrano-participo-de-la-cuadragesima-octava-sesion-ordinaria-del-comite-de-reconstruccion-y-reactivacion-productiva\/#primaryimage\"},\"thumbnailUrl\":\"https:\/\/prefecturadeesmeraldas.gob.ec\/wp-content\/uploads\/2022\/03\/WhatsApp-Image-2022-03-18-at-4.37.50-PM.jpeg\",\"datePublished\":\"2022-03-24T19:49:55+00:00\",\"dateModified\":\"2022-03-24T19:50:41+00:00\",\"breadcrumb\":{\"@id\":\"https:\/\/prefecturadeesmeraldas.gob.ec\/index.php\/2022\/03\/24\/prefecta-roberta-zambrano-participo-de-la-cuadragesima-octava-sesion-ordinaria-del-comite-de-reconstruccion-y-reactivacion-productiva\/#breadcrumb\"},\"inLanguage\":\"es\",\"potentialAction\":[{\"@type\":\"ReadAction\",\"target\":[\"https:\/\/prefecturadeesmeraldas.gob.ec\/index.php\/2022\/03\/24\/prefecta-roberta-zambrano-participo-de-la-cuadragesima-octava-sesion-ordinaria-del-comite-de-reconstruccion-y-reactivacion-productiva\/\"]}]},{\"@type\":\"ImageObject\",\"inLanguage\":\"es\",\"@id\":\"https:\/\/prefecturadeesmeraldas.gob.ec\/index.php\/2022\/03\/24\/prefecta-roberta-zambrano-participo-de-la-cuadragesima-octava-sesion-ordinaria-del-comite-de-reconstruccion-y-reactivacion-productiva\/#primaryimage\",\"url\":\"https:\/\/prefecturadeesmeraldas.gob.ec\/wp-content\/uploads\/2022\/03\/WhatsApp-Image-2022-03-18-at-4.37.50-PM.jpeg\",\"contentUrl\":\"https:\/\/prefecturadeesmeraldas.gob.ec\/wp-content\/uploads\/2022\/03\/WhatsApp-Image-2022-03-18-at-4.37.50-PM.jpeg\",\"width\":1024,\"height\":1024},{\"@type\":\"BreadcrumbList\",\"@id\":\"https:\/\/prefecturadeesmeraldas.gob.ec\/index.php\/2022\/03\/24\/prefecta-roberta-zambrano-participo-de-la-cuadragesima-octava-sesion-ordinaria-del-comite-de-reconstruccion-y-reactivacion-productiva\/#breadcrumb\",\"itemListElement\":[{\"@type\":\"ListItem\",\"position\":1,\"name\":\"Home\",\"item\":\"https:\/\/prefecturadeesmeraldas.gob.ec\/\"},{\"@type\":\"ListItem\",\"position\":2,\"name\":\"Prefecta Roberta Zambrano particip\u00f3 de la cuadrag\u00e9sima octava sesi\u00f3n ordinaria del Comit\u00e9 de Reconstrucci\u00f3n y Reactivaci\u00f3n Productiva\"}]},{\"@type\":\"WebSite\",\"@id\":\"https:\/\/prefecturadeesmeraldas.gob.ec\/#website\",\"url\":\"https:\/\/prefecturadeesmeraldas.gob.ec\/\",\"name\":\"Gobierno Aut\u00f3nomo Descentralizado de la Provincia de Esmeraldas\",\"description\":\"Gobierno Aut\u00f3nomo Descentralizado de la Provincia de Esmeraldas\",\"publisher\":{\"@id\":\"https:\/\/prefecturadeesmeraldas.gob.ec\/#organization\"},\"potentialAction\":[{\"@type\":\"SearchAction\",\"target\":{\"@type\":\"EntryPoint\",\"urlTemplate\":\"https:\/\/prefecturadeesmeraldas.gob.ec\/?s={search_term_string}\"},\"query-input\":{\"@type\":\"PropertyValueSpecification\",\"valueRequired\":true,\"valueName\":\"search_term_string\"}}],\"inLanguage\":\"es\"},{\"@type\":\"Organization\",\"@id\":\"https:\/\/prefecturadeesmeraldas.gob.ec\/#organization\",\"name\":\"Gobierno Aut\u00f3nomo Descentralizado de la Provincia de Esmeraldas\",\"url\":\"https:\/\/prefecturadeesmeraldas.gob.ec\/\",\"logo\":{\"@type\":\"ImageObject\",\"inLanguage\":\"es\",\"@id\":\"https:\/\/prefecturadeesmeraldas.gob.ec\/#\/schema\/logo\/image\/\",\"url\":\"https:\/\/prefecturadeesmeraldas.gob.ec\/wp-content\/uploads\/2019\/06\/logo.png\",\"contentUrl\":\"https:\/\/prefecturadeesmeraldas.gob.ec\/wp-content\/uploads\/2019\/06\/logo.png\",\"width\":859,\"height\":448,\"caption\":\"Gobierno Aut\u00f3nomo Descentralizado de la Provincia de Esmeraldas\"},\"image\":{\"@id\":\"https:\/\/prefecturadeesmeraldas.gob.ec\/#\/schema\/logo\/image\/\"},\"sameAs\":[\"https:\/\/www.facebook.com\/PrefecturaEsmeraldas\/\"]},{\"@type\":\"Person\",\"@id\":\"https:\/\/prefecturadeesmeraldas.gob.ec\/#\/schema\/person\/b0c9e7b1ead7725994d1e319e8825234\",\"name\":\"Direcci\u00f3n de Comunicaci\u00f3n\",\"image\":{\"@type\":\"ImageObject\",\"inLanguage\":\"es\",\"@id\":\"https:\/\/prefecturadeesmeraldas.gob.ec\/#\/schema\/person\/image\/\",\"url\":\"https:\/\/secure.gravatar.com\/avatar\/74a3870a946f5d774ade3569af61a72308e07ad3346f370c4b468ee2a9858658?s=96&d=mm&r=g\",\"contentUrl\":\"https:\/\/secure.gravatar.com\/avatar\/74a3870a946f5d774ade3569af61a72308e07ad3346f370c4b468ee2a9858658?s=96&d=mm&r=g\",\"caption\":\"Direcci\u00f3n de Comunicaci\u00f3n\"}}]}<\/script>\n<!-- \/ Yoast SEO plugin. -->","yoast_head_json":{"title":"Prefecta Roberta Zambrano particip\u00f3 de la cuadrag\u00e9sima octava sesi\u00f3n ordinaria del Comit\u00e9 de Reconstrucci\u00f3n y Reactivaci\u00f3n Productiva - Gobierno Aut\u00f3nomo Descentralizado de la Provincia de Esmeraldas","robots":{"index":"index","follow":"follow","max-snippet":"max-snippet:-1","max-image-preview":"max-image-preview:large","max-video-preview":"max-video-preview:-1"},"canonical":"https:\/\/prefecturadeesmeraldas.gob.ec\/index.php\/2022\/03\/24\/prefecta-roberta-zambrano-participo-de-la-cuadragesima-octava-sesion-ordinaria-del-comite-de-reconstruccion-y-reactivacion-productiva\/","og_locale":"es_ES","og_type":"article","og_title":"Prefecta Roberta Zambrano particip\u00f3 de la cuadrag\u00e9sima octava sesi\u00f3n ordinaria del Comit\u00e9 de Reconstrucci\u00f3n y Reactivaci\u00f3n Productiva - Gobierno Aut\u00f3nomo Descentralizado de la Provincia de Esmeraldas","og_description":"Gracias a la gesti\u00f3n decidida de la prefecta Roberta Zambrano Ortiz, en el desarrollo de la Cuadrag\u00e9sima Octava Sesi\u00f3n Ordinaria del Comit\u00e9 de Reconstrucci\u00f3n y Reactivaci\u00f3n Productiva, que se realiz\u00f3 en el ECU &#8211; 911 Esmeraldas, con la presencia de 3 ministros de Estado, se ratific\u00f3 la aprobaci\u00f3n de los proyectos presentados por la Prefectura [&hellip;]","og_url":"https:\/\/prefecturadeesmeraldas.gob.ec\/index.php\/2022\/03\/24\/prefecta-roberta-zambrano-participo-de-la-cuadragesima-octava-sesion-ordinaria-del-comite-de-reconstruccion-y-reactivacion-productiva\/","og_site_name":"Gobierno Aut\u00f3nomo Descentralizado de la Provincia de Esmeraldas","article_publisher":"https:\/\/www.facebook.com\/PrefecturaEsmeraldas\/","article_published_time":"2022-03-24T19:49:55+00:00","article_modified_time":"2022-03-24T19:50:41+00:00","og_image":[{"width":1024,"height":1024,"url":"https:\/\/prefecturadeesmeraldas.gob.ec\/wp-content\/uploads\/2022\/03\/WhatsApp-Image-2022-03-18-at-4.37.50-PM.jpeg","type":"image\/jpeg"}],"author":"Direcci\u00f3n de Comunicaci\u00f3n","twitter_card":"summary_large_image","twitter_misc":{"Escrito por":"Direcci\u00f3n de Comunicaci\u00f3n","Tiempo de lectura":"1 minuto"},"schema":{"@context":"https:\/\/schema.org","@graph":[{"@type":"Article","@id":"https:\/\/prefecturadeesmeraldas.gob.ec\/index.php\/2022\/03\/24\/prefecta-roberta-zambrano-participo-de-la-cuadragesima-octava-sesion-ordinaria-del-comite-de-reconstruccion-y-reactivacion-productiva\/#article","isPartOf":{"@id":"https:\/\/prefecturadeesmeraldas.gob.ec\/index.php\/2022\/03\/24\/prefecta-roberta-zambrano-participo-de-la-cuadragesima-octava-sesion-ordinaria-del-comite-de-reconstruccion-y-reactivacion-productiva\/"},"author":{"name":"Direcci\u00f3n de Comunicaci\u00f3n","@id":"https:\/\/prefecturadeesmeraldas.gob.ec\/#\/schema\/person\/b0c9e7b1ead7725994d1e319e8825234"},"headline":"Prefecta Roberta Zambrano particip\u00f3 de la cuadrag\u00e9sima octava sesi\u00f3n ordinaria del Comit\u00e9 de Reconstrucci\u00f3n y Reactivaci\u00f3n Productiva","datePublished":"2022-03-24T19:49:55+00:00","dateModified":"2022-03-24T19:50:41+00:00","mainEntityOfPage":{"@id":"https:\/\/prefecturadeesmeraldas.gob.ec\/index.php\/2022\/03\/24\/prefecta-roberta-zambrano-participo-de-la-cuadragesima-octava-sesion-ordinaria-del-comite-de-reconstruccion-y-reactivacion-productiva\/"},"wordCount":280,"publisher":{"@id":"https:\/\/prefecturadeesmeraldas.gob.ec\/#organization"},"image":{"@id":"https:\/\/prefecturadeesmeraldas.gob.ec\/index.php\/2022\/03\/24\/prefecta-roberta-zambrano-participo-de-la-cuadragesima-octava-sesion-ordinaria-del-comite-de-reconstruccion-y-reactivacion-productiva\/#primaryimage"},"thumbnailUrl":"https:\/\/prefecturadeesmeraldas.gob.ec\/wp-content\/uploads\/2022\/03\/WhatsApp-Image-2022-03-18-at-4.37.50-PM.jpeg","articleSection":["Vialidad"],"inLanguage":"es"},{"@type":"WebPage","@id":"https:\/\/prefecturadeesmeraldas.gob.ec\/index.php\/2022\/03\/24\/prefecta-roberta-zambrano-participo-de-la-cuadragesima-octava-sesion-ordinaria-del-comite-de-reconstruccion-y-reactivacion-productiva\/","url":"https:\/\/prefecturadeesmeraldas.gob.ec\/index.php\/2022\/03\/24\/prefecta-roberta-zambrano-participo-de-la-cuadragesima-octava-sesion-ordinaria-del-comite-de-reconstruccion-y-reactivacion-productiva\/","name":"Prefecta Roberta Zambrano particip\u00f3 de la cuadrag\u00e9sima octava sesi\u00f3n ordinaria del Comit\u00e9 de Reconstrucci\u00f3n y Reactivaci\u00f3n Productiva - Gobierno Aut\u00f3nomo Descentralizado de la Provincia de Esmeraldas","isPartOf":{"@id":"https:\/\/prefecturadeesmeraldas.gob.ec\/#website"},"primaryImageOfPage":{"@id":"https:\/\/prefecturadeesmeraldas.gob.ec\/index.php\/2022\/03\/24\/prefecta-roberta-zambrano-participo-de-la-cuadragesima-octava-sesion-ordinaria-del-comite-de-reconstruccion-y-reactivacion-productiva\/#primaryimage"},"image":{"@id":"https:\/\/prefecturadeesmeraldas.gob.ec\/index.php\/2022\/03\/24\/prefecta-roberta-zambrano-participo-de-la-cuadragesima-octava-sesion-ordinaria-del-comite-de-reconstruccion-y-reactivacion-productiva\/#primaryimage"},"thumbnailUrl":"https:\/\/prefecturadeesmeraldas.gob.ec\/wp-content\/uploads\/2022\/03\/WhatsApp-Image-2022-03-18-at-4.37.50-PM.jpeg","datePublished":"2022-03-24T19:49:55+00:00","dateModified":"2022-03-24T19:50:41+00:00","breadcrumb":{"@id":"https:\/\/prefecturadeesmeraldas.gob.ec\/index.php\/2022\/03\/24\/prefecta-roberta-zambrano-participo-de-la-cuadragesima-octava-sesion-ordinaria-del-comite-de-reconstruccion-y-reactivacion-productiva\/#breadcrumb"},"inLanguage":"es","potentialAction":[{"@type":"ReadAction","target":["https:\/\/prefecturadeesmeraldas.gob.ec\/index.php\/2022\/03\/24\/prefecta-roberta-zambrano-participo-de-la-cuadragesima-octava-sesion-ordinaria-del-comite-de-reconstruccion-y-reactivacion-productiva\/"]}]},{"@type":"ImageObject","inLanguage":"es","@id":"https:\/\/prefecturadeesmeraldas.gob.ec\/index.php\/2022\/03\/24\/prefecta-roberta-zambrano-participo-de-la-cuadragesima-octava-sesion-ordinaria-del-comite-de-reconstruccion-y-reactivacion-productiva\/#primaryimage","url":"https:\/\/prefecturadeesmeraldas.gob.ec\/wp-content\/uploads\/2022\/03\/WhatsApp-Image-2022-03-18-at-4.37.50-PM.jpeg","contentUrl":"https:\/\/prefecturadeesmeraldas.gob.ec\/wp-content\/uploads\/2022\/03\/WhatsApp-Image-2022-03-18-at-4.37.50-PM.jpeg","width":1024,"height":1024},{"@type":"BreadcrumbList","@id":"https:\/\/prefecturadeesmeraldas.gob.ec\/index.php\/2022\/03\/24\/prefecta-roberta-zambrano-participo-de-la-cuadragesima-octava-sesion-ordinaria-del-comite-de-reconstruccion-y-reactivacion-productiva\/#breadcrumb","itemListElement":[{"@type":"ListItem","position":1,"name":"Home","item":"https:\/\/prefecturadeesmeraldas.gob.ec\/"},{"@type":"ListItem","position":2,"name":"Prefecta Roberta Zambrano particip\u00f3 de la cuadrag\u00e9sima octava sesi\u00f3n ordinaria del Comit\u00e9 de Reconstrucci\u00f3n y Reactivaci\u00f3n Productiva"}]},{"@type":"WebSite","@id":"https:\/\/prefecturadeesmeraldas.gob.ec\/#website","url":"https:\/\/prefecturadeesmeraldas.gob.ec\/","name":"Gobierno Aut\u00f3nomo Descentralizado de la Provincia de Esmeraldas","description":"Gobierno Aut\u00f3nomo Descentralizado de la Provincia de Esmeraldas","publisher":{"@id":"https:\/\/prefecturadeesmeraldas.gob.ec\/#organization"},"potentialAction":[{"@type":"SearchAction","target":{"@type":"EntryPoint","urlTemplate":"https:\/\/prefecturadeesmeraldas.gob.ec\/?s={search_term_string}"},"query-input":{"@type":"PropertyValueSpecification","valueRequired":true,"valueName":"search_term_string"}}],"inLanguage":"es"},{"@type":"Organization","@id":"https:\/\/prefecturadeesmeraldas.gob.ec\/#organization","name":"Gobierno Aut\u00f3nomo Descentralizado de la Provincia de Esmeraldas","url":"https:\/\/prefecturadeesmeraldas.gob.ec\/","logo":{"@type":"ImageObject","inLanguage":"es","@id":"https:\/\/prefecturadeesmeraldas.gob.ec\/#\/schema\/logo\/image\/","url":"https:\/\/prefecturadeesmeraldas.gob.ec\/wp-content\/uploads\/2019\/06\/logo.png","contentUrl":"https:\/\/prefecturadeesmeraldas.gob.ec\/wp-content\/uploads\/2019\/06\/logo.png","width":859,"height":448,"caption":"Gobierno Aut\u00f3nomo Descentralizado de la Provincia de Esmeraldas"},"image":{"@id":"https:\/\/prefecturadeesmeraldas.gob.ec\/#\/schema\/logo\/image\/"},"sameAs":["https:\/\/www.facebook.com\/PrefecturaEsmeraldas\/"]},{"@type":"Person","@id":"https:\/\/prefecturadeesmeraldas.gob.ec\/#\/schema\/person\/b0c9e7b1ead7725994d1e319e8825234","name":"Direcci\u00f3n de Comunicaci\u00f3n","image":{"@type":"ImageObject","inLanguage":"es","@id":"https:\/\/prefecturadeesmeraldas.gob.ec\/#\/schema\/person\/image\/","url":"https:\/\/secure.gravatar.com\/avatar\/74a3870a946f5d774ade3569af61a72308e07ad3346f370c4b468ee2a9858658?s=96&d=mm&r=g","contentUrl":"https:\/\/secure.gravatar.com\/avatar\/74a3870a946f5d774ade3569af61a72308e07ad3346f370c4b468ee2a9858658?s=96&d=mm&r=g","caption":"Direcci\u00f3n de Comunicaci\u00f3n"}}]}},"_links":{"self":[{"href":"https:\/\/prefecturadeesmeraldas.gob.ec\/index.php\/wp-json\/wp\/v2\/posts\/15381","targetHints":{"allow":["GET"]}}],"collection":[{"href":"https:\/\/prefecturadeesmeraldas.gob.ec\/index.php\/wp-json\/wp\/v2\/posts"}],"about":[{"href":"https:\/\/prefecturadeesmeraldas.gob.ec\/index.php\/wp-json\/wp\/v2\/types\/post"}],"author":[{"embeddable":true,"href":"https:\/\/prefecturadeesmeraldas.gob.ec\/index.php\/wp-json\/wp\/v2\/users\/2"}],"replies":[{"embeddable":true,"href":"https:\/\/prefecturadeesmeraldas.gob.ec\/index.php\/wp-json\/wp\/v2\/comments?post=15381"}],"version-history":[{"count":0,"href":"https:\/\/prefecturadeesmeraldas.gob.ec\/index.php\/wp-json\/wp\/v2\/posts\/15381\/revisions"}],"wp:featuredmedia":[{"embeddable":true,"href":"https:\/\/prefecturadeesmeraldas.gob.ec\/index.php\/wp-json\/wp\/v2\/media\/15382"}],"wp:attachment":[{"href":"https:\/\/prefecturadeesmeraldas.gob.ec\/index.php\/wp-json\/wp\/v2\/media?parent=15381"}],"wp:term":[{"taxonomy":"category","embeddable":true,"href":"https:\/\/prefecturadeesmeraldas.gob.ec\/index.php\/wp-json\/wp\/v2\/categories?post=15381"},{"taxonomy":"post_tag","embeddable":true,"href":"https:\/\/prefecturadeesmeraldas.gob.ec\/index.php\/wp-json\/wp\/v2\/tags?post=15381"}],"curies":[{"name":"wp","href":"https:\/\/api.w.org\/{rel}","templated":true}]}}