{"id":15232,"date":"2022-03-18T11:12:53","date_gmt":"2022-03-18T16:12:53","guid":{"rendered":"https:\/\/prefecturadeesmeraldas.gob.ec\/?p=15232"},"modified":"2022-03-18T11:13:26","modified_gmt":"2022-03-18T16:13:26","slug":"trabajamos-por-una-agricultura-sostenible-y-de-calidad","status":"publish","type":"post","link":"https:\/\/prefecturadeesmeraldas.gob.ec\/index.php\/2022\/03\/18\/trabajamos-por-una-agricultura-sostenible-y-de-calidad\/","title":{"rendered":"Trabajamos por una agricultura sostenible y de calidad"},"content":{"rendered":"\t\t<div data-elementor-type=\"wp-post\" data-elementor-id=\"15232\" class=\"elementor elementor-15232\">\n\t\t\t\t\t\t<section class=\"elementor-section elementor-top-section elementor-element elementor-element-73a1bc0 elementor-section-boxed elementor-section-height-default elementor-section-height-default\" data-id=\"73a1bc0\" data-element_type=\"section\">\n\t\t\t\t\t\t<div class=\"elementor-container elementor-column-gap-default\">\n\t\t\t\t\t<div class=\"elementor-column elementor-col-100 elementor-top-column elementor-element elementor-element-465068f\" data-id=\"465068f\" data-element_type=\"column\">\n\t\t\t<div class=\"elementor-widget-wrap elementor-element-populated\">\n\t\t\t\t\t\t<div class=\"elementor-element elementor-element-873ff36 elementor-widget elementor-widget-image\" data-id=\"873ff36\" data-element_type=\"widget\" data-widget_type=\"image.default\">\n\t\t\t\t<div class=\"elementor-widget-container\">\n\t\t\t\t\t\t\t\t\t\t\t\t\t\t\t<img fetchpriority=\"high\" decoding=\"async\" width=\"567\" height=\"563\" src=\"https:\/\/prefecturadeesmeraldas.gob.ec\/wp-content\/uploads\/2022\/03\/Imagen10.jpg\" class=\"attachment-large size-large wp-image-15233\" alt=\"\" srcset=\"https:\/\/prefecturadeesmeraldas.gob.ec\/wp-content\/uploads\/2022\/03\/Imagen10.jpg 567w, https:\/\/prefecturadeesmeraldas.gob.ec\/wp-content\/uploads\/2022\/03\/Imagen10-150x150.jpg 150w, https:\/\/prefecturadeesmeraldas.gob.ec\/wp-content\/uploads\/2022\/03\/Imagen10-300x298.jpg 300w\" sizes=\"(max-width: 567px) 100vw, 567px\" \/>\t\t\t\t\t\t\t\t\t\t\t\t\t\t\t<\/div>\n\t\t\t\t<\/div>\n\t\t\t\t\t<\/div>\n\t\t<\/div>\n\t\t\t\t\t<\/div>\n\t\t<\/section>\n\t\t\t\t<section class=\"elementor-section elementor-top-section elementor-element elementor-element-e0c0f67 elementor-section-boxed elementor-section-height-default elementor-section-height-default\" data-id=\"e0c0f67\" data-element_type=\"section\">\n\t\t\t\t\t\t<div class=\"elementor-container elementor-column-gap-default\">\n\t\t\t\t\t<div class=\"elementor-column elementor-col-100 elementor-top-column elementor-element elementor-element-df15dc7\" data-id=\"df15dc7\" data-element_type=\"column\">\n\t\t\t<div class=\"elementor-widget-wrap elementor-element-populated\">\n\t\t\t\t\t\t<div class=\"elementor-element elementor-element-6f9034a elementor-widget elementor-widget-text-editor\" data-id=\"6f9034a\" data-element_type=\"widget\" data-widget_type=\"text-editor.default\">\n\t\t\t\t<div class=\"elementor-widget-container\">\n\t\t\t\t\t\t\t\t\t<p>En las instalaciones del Sal\u00f3n del Vicariato, en la parroquia Borb\u00f3n, cant\u00f3n Eloy Alfaro, se realiz\u00f3 la ceremonia de clausura y graduaci\u00f3n de los asistentes a las <strong>Escuelas de Campo en Buenas Pr\u00e1cticas Agropecuarias, dirigida a promotores de las 20 asociaciones participantes del proyecto de Sello de la Agricultura Familiar Campesina.<\/strong><\/p><p>Este evento cont\u00f3 con la presencia de los representantes de las instituciones ejecutoras, financistas y de apoyo t\u00e9cnico, como el Instituto Interamericano de Cooperaci\u00f3n para la Agricultura (IICA), Fondo \u00cdtalo Ecuatoriano para el Desarrollo Sostenible FIEDS, Mancomunidad del Norte (MNE), Prefectura de Esmeraldas, Ministerio de Agricultura y Ganader\u00eda (MAG), Instituto Nacional de Investigaci\u00f3n Agropecuarias (INIAP) y Agrocalidad.<\/p><p><strong>Luc\u00eda Bone<\/strong>, presidenta de la Asociaci\u00f3n Agroturismo Comunitario R\u00edo S\u00faa del cant\u00f3n Atacames, destac\u00f3 que, m\u00e1s all\u00e1 del apoyo y las capacitaciones brindadas por la prefecta, Roberta Zambrano para su organizaci\u00f3n, las cuales ha servido como impulso, se les entreg\u00f3 herramientas y el asfaltado de siete kil\u00f3metros de v\u00eda que han fomentado el desarrollo en la zona a la cual pertenece el gremio productivo.<\/p><p><strong>Galo Vivero<\/strong>, representante legal de la Asociaci\u00f3n Bocana de Guayllabamba de la parroquia Malimpia del cant\u00f3n Quinind\u00e9, dijo sentirse agradecido con la Prefecta de Esmeraldas por estos proyectos que le permiten capacitarse para producir m\u00e1s y mejor.<\/p><p><strong>Irma Qui\u00f1\u00f3nez<\/strong>, representante de la Asociaci\u00f3n de Producci\u00f3n Agropecuaria Mujeres Derecho y Equidad, agreg\u00f3 que los talleres, seminarios y capacitaciones fortalecen las organizaciones y permiten seguir trabajando de manera legal y con la garant\u00eda de proveer productos de calidad a la sociedad.<\/p><p>Pidi\u00f3 a las dem\u00e1s autoridades que tomen en cuenta a las organizaciones sociales que reci\u00e9n est\u00e1n surgiendo y que tienen el deseo de crecer en el \u00e1mbito comercial e involucrase en el mundo de los negocios.<\/p><p><strong>Klever Calder\u00f3n<\/strong>, miembro de la Asociaci\u00f3n de Productores del recinto Galerita del cant\u00f3n Muisne, se refiri\u00f3 al trabajo coordinado entre las instituciones participantes en el proyecto, y dijo que esto ha arrojado buenos resultados.<\/p><p><strong>Galo Olarte,<\/strong> integrante de la Asociaci\u00f3n Panelera del recinto La Esperanza de la parroquia Alto Tambo del cant\u00f3n San Lorenzo, reconoci\u00f3 que los conocimientos adquiridos en cada taller le han servido para generar bienestar a trav\u00e9s de la agricultura, por lo que felicit\u00f3 a la prefecta, Roberta Zambrano por esa deferencia con las organizaciones y comunidades.<\/p><p><strong>Margarita Baquero<\/strong>, directora del proyecto, manifest\u00f3 su satisfacci\u00f3n por los logros alcanzados y por la entrega de los tres primeros Sellos de Agricultura Familiar Campesina en el pa\u00eds y la autorizaci\u00f3n de su uso en etiquetas de productos perecibles como industrializados.<\/p><p>Adem\u00e1s, reconoci\u00f3 que cuando se trabaja de manera conjunta y con visi\u00f3n de desarrollo a favor de los campesinos se obtendr\u00e1n resultados positivos.<\/p>\t\t\t\t\t\t\t\t<\/div>\n\t\t\t\t<\/div>\n\t\t\t\t\t<\/div>\n\t\t<\/div>\n\t\t\t\t\t<\/div>\n\t\t<\/section>\n\t\t\t\t<\/div>\n\t\t","protected":false},"excerpt":{"rendered":"<p>En las instalaciones del Sal\u00f3n del Vicariato, en la parroquia Borb\u00f3n, cant\u00f3n Eloy Alfaro, se realiz\u00f3 la ceremonia de clausura y graduaci\u00f3n de los asistentes a las Escuelas de Campo en Buenas Pr\u00e1cticas Agropecuarias, dirigida a promotores de las 20 asociaciones participantes del proyecto de Sello de la Agricultura Familiar Campesina. Este evento cont\u00f3 con [&hellip;]<\/p>\n","protected":false},"author":2,"featured_media":15233,"comment_status":"closed","ping_status":"open","sticky":false,"template":"","format":"standard","meta":{"footnotes":""},"categories":[12],"tags":[],"class_list":["post-15232","post","type-post","status-publish","format-standard","has-post-thumbnail","hentry","category-fomento_productivo_2019"],"yoast_head":"<!-- This site is optimized with the Yoast SEO plugin v25.7 - https:\/\/yoast.com\/wordpress\/plugins\/seo\/ -->\n<title>Trabajamos por una agricultura sostenible y de calidad - Gobierno Aut\u00f3nomo Descentralizado de la Provincia de Esmeraldas<\/title>\n<meta name=\"robots\" content=\"index, follow, max-snippet:-1, max-image-preview:large, max-video-preview:-1\" \/>\n<link rel=\"canonical\" href=\"https:\/\/prefecturadeesmeraldas.gob.ec\/index.php\/2022\/03\/18\/trabajamos-por-una-agricultura-sostenible-y-de-calidad\/\" \/>\n<meta property=\"og:locale\" content=\"es_ES\" \/>\n<meta property=\"og:type\" content=\"article\" \/>\n<meta property=\"og:title\" content=\"Trabajamos por una agricultura sostenible y de calidad - Gobierno Aut\u00f3nomo Descentralizado de la Provincia de Esmeraldas\" \/>\n<meta property=\"og:description\" content=\"En las instalaciones del Sal\u00f3n del Vicariato, en la parroquia Borb\u00f3n, cant\u00f3n Eloy Alfaro, se realiz\u00f3 la ceremonia de clausura y graduaci\u00f3n de los asistentes a las Escuelas de Campo en Buenas Pr\u00e1cticas Agropecuarias, dirigida a promotores de las 20 asociaciones participantes del proyecto de Sello de la Agricultura Familiar Campesina. Este evento cont\u00f3 con [&hellip;]\" \/>\n<meta property=\"og:url\" content=\"https:\/\/prefecturadeesmeraldas.gob.ec\/index.php\/2022\/03\/18\/trabajamos-por-una-agricultura-sostenible-y-de-calidad\/\" \/>\n<meta property=\"og:site_name\" content=\"Gobierno Aut\u00f3nomo Descentralizado de la Provincia de Esmeraldas\" \/>\n<meta property=\"article:publisher\" content=\"https:\/\/www.facebook.com\/PrefecturaEsmeraldas\/\" \/>\n<meta property=\"article:published_time\" content=\"2022-03-18T16:12:53+00:00\" \/>\n<meta property=\"article:modified_time\" content=\"2022-03-18T16:13:26+00:00\" \/>\n<meta property=\"og:image\" content=\"https:\/\/prefecturadeesmeraldas.gob.ec\/wp-content\/uploads\/2022\/03\/Imagen10.jpg\" \/>\n\t<meta property=\"og:image:width\" content=\"567\" \/>\n\t<meta property=\"og:image:height\" content=\"563\" \/>\n\t<meta property=\"og:image:type\" content=\"image\/jpeg\" \/>\n<meta name=\"author\" content=\"Direcci\u00f3n de Comunicaci\u00f3n\" \/>\n<meta name=\"twitter:card\" content=\"summary_large_image\" \/>\n<meta name=\"twitter:label1\" content=\"Escrito por\" \/>\n\t<meta name=\"twitter:data1\" content=\"Direcci\u00f3n de Comunicaci\u00f3n\" \/>\n\t<meta name=\"twitter:label2\" content=\"Tiempo de lectura\" \/>\n\t<meta name=\"twitter:data2\" content=\"2 minutos\" \/>\n<script type=\"application\/ld+json\" class=\"yoast-schema-graph\">{\"@context\":\"https:\/\/schema.org\",\"@graph\":[{\"@type\":\"Article\",\"@id\":\"https:\/\/prefecturadeesmeraldas.gob.ec\/index.php\/2022\/03\/18\/trabajamos-por-una-agricultura-sostenible-y-de-calidad\/#article\",\"isPartOf\":{\"@id\":\"https:\/\/prefecturadeesmeraldas.gob.ec\/index.php\/2022\/03\/18\/trabajamos-por-una-agricultura-sostenible-y-de-calidad\/\"},\"author\":{\"name\":\"Direcci\u00f3n de Comunicaci\u00f3n\",\"@id\":\"https:\/\/prefecturadeesmeraldas.gob.ec\/#\/schema\/person\/b0c9e7b1ead7725994d1e319e8825234\"},\"headline\":\"Trabajamos por una agricultura sostenible y de calidad\",\"datePublished\":\"2022-03-18T16:12:53+00:00\",\"dateModified\":\"2022-03-18T16:13:26+00:00\",\"mainEntityOfPage\":{\"@id\":\"https:\/\/prefecturadeesmeraldas.gob.ec\/index.php\/2022\/03\/18\/trabajamos-por-una-agricultura-sostenible-y-de-calidad\/\"},\"wordCount\":488,\"publisher\":{\"@id\":\"https:\/\/prefecturadeesmeraldas.gob.ec\/#organization\"},\"image\":{\"@id\":\"https:\/\/prefecturadeesmeraldas.gob.ec\/index.php\/2022\/03\/18\/trabajamos-por-una-agricultura-sostenible-y-de-calidad\/#primaryimage\"},\"thumbnailUrl\":\"https:\/\/prefecturadeesmeraldas.gob.ec\/wp-content\/uploads\/2022\/03\/Imagen10.jpg\",\"articleSection\":[\"Fomento Productivo\"],\"inLanguage\":\"es\"},{\"@type\":\"WebPage\",\"@id\":\"https:\/\/prefecturadeesmeraldas.gob.ec\/index.php\/2022\/03\/18\/trabajamos-por-una-agricultura-sostenible-y-de-calidad\/\",\"url\":\"https:\/\/prefecturadeesmeraldas.gob.ec\/index.php\/2022\/03\/18\/trabajamos-por-una-agricultura-sostenible-y-de-calidad\/\",\"name\":\"Trabajamos por una agricultura sostenible y de calidad - Gobierno Aut\u00f3nomo Descentralizado de la Provincia de Esmeraldas\",\"isPartOf\":{\"@id\":\"https:\/\/prefecturadeesmeraldas.gob.ec\/#website\"},\"primaryImageOfPage\":{\"@id\":\"https:\/\/prefecturadeesmeraldas.gob.ec\/index.php\/2022\/03\/18\/trabajamos-por-una-agricultura-sostenible-y-de-calidad\/#primaryimage\"},\"image\":{\"@id\":\"https:\/\/prefecturadeesmeraldas.gob.ec\/index.php\/2022\/03\/18\/trabajamos-por-una-agricultura-sostenible-y-de-calidad\/#primaryimage\"},\"thumbnailUrl\":\"https:\/\/prefecturadeesmeraldas.gob.ec\/wp-content\/uploads\/2022\/03\/Imagen10.jpg\",\"datePublished\":\"2022-03-18T16:12:53+00:00\",\"dateModified\":\"2022-03-18T16:13:26+00:00\",\"breadcrumb\":{\"@id\":\"https:\/\/prefecturadeesmeraldas.gob.ec\/index.php\/2022\/03\/18\/trabajamos-por-una-agricultura-sostenible-y-de-calidad\/#breadcrumb\"},\"inLanguage\":\"es\",\"potentialAction\":[{\"@type\":\"ReadAction\",\"target\":[\"https:\/\/prefecturadeesmeraldas.gob.ec\/index.php\/2022\/03\/18\/trabajamos-por-una-agricultura-sostenible-y-de-calidad\/\"]}]},{\"@type\":\"ImageObject\",\"inLanguage\":\"es\",\"@id\":\"https:\/\/prefecturadeesmeraldas.gob.ec\/index.php\/2022\/03\/18\/trabajamos-por-una-agricultura-sostenible-y-de-calidad\/#primaryimage\",\"url\":\"https:\/\/prefecturadeesmeraldas.gob.ec\/wp-content\/uploads\/2022\/03\/Imagen10.jpg\",\"contentUrl\":\"https:\/\/prefecturadeesmeraldas.gob.ec\/wp-content\/uploads\/2022\/03\/Imagen10.jpg\",\"width\":567,\"height\":563},{\"@type\":\"BreadcrumbList\",\"@id\":\"https:\/\/prefecturadeesmeraldas.gob.ec\/index.php\/2022\/03\/18\/trabajamos-por-una-agricultura-sostenible-y-de-calidad\/#breadcrumb\",\"itemListElement\":[{\"@type\":\"ListItem\",\"position\":1,\"name\":\"Home\",\"item\":\"https:\/\/prefecturadeesmeraldas.gob.ec\/\"},{\"@type\":\"ListItem\",\"position\":2,\"name\":\"Trabajamos por una agricultura sostenible y de calidad\"}]},{\"@type\":\"WebSite\",\"@id\":\"https:\/\/prefecturadeesmeraldas.gob.ec\/#website\",\"url\":\"https:\/\/prefecturadeesmeraldas.gob.ec\/\",\"name\":\"Gobierno Aut\u00f3nomo Descentralizado de la Provincia de Esmeraldas\",\"description\":\"Gobierno Aut\u00f3nomo Descentralizado de la Provincia de Esmeraldas\",\"publisher\":{\"@id\":\"https:\/\/prefecturadeesmeraldas.gob.ec\/#organization\"},\"potentialAction\":[{\"@type\":\"SearchAction\",\"target\":{\"@type\":\"EntryPoint\",\"urlTemplate\":\"https:\/\/prefecturadeesmeraldas.gob.ec\/?s={search_term_string}\"},\"query-input\":{\"@type\":\"PropertyValueSpecification\",\"valueRequired\":true,\"valueName\":\"search_term_string\"}}],\"inLanguage\":\"es\"},{\"@type\":\"Organization\",\"@id\":\"https:\/\/prefecturadeesmeraldas.gob.ec\/#organization\",\"name\":\"Gobierno Aut\u00f3nomo Descentralizado de la Provincia de Esmeraldas\",\"url\":\"https:\/\/prefecturadeesmeraldas.gob.ec\/\",\"logo\":{\"@type\":\"ImageObject\",\"inLanguage\":\"es\",\"@id\":\"https:\/\/prefecturadeesmeraldas.gob.ec\/#\/schema\/logo\/image\/\",\"url\":\"https:\/\/prefecturadeesmeraldas.gob.ec\/wp-content\/uploads\/2019\/06\/logo.png\",\"contentUrl\":\"https:\/\/prefecturadeesmeraldas.gob.ec\/wp-content\/uploads\/2019\/06\/logo.png\",\"width\":859,\"height\":448,\"caption\":\"Gobierno Aut\u00f3nomo Descentralizado de la Provincia de Esmeraldas\"},\"image\":{\"@id\":\"https:\/\/prefecturadeesmeraldas.gob.ec\/#\/schema\/logo\/image\/\"},\"sameAs\":[\"https:\/\/www.facebook.com\/PrefecturaEsmeraldas\/\"]},{\"@type\":\"Person\",\"@id\":\"https:\/\/prefecturadeesmeraldas.gob.ec\/#\/schema\/person\/b0c9e7b1ead7725994d1e319e8825234\",\"name\":\"Direcci\u00f3n de Comunicaci\u00f3n\",\"image\":{\"@type\":\"ImageObject\",\"inLanguage\":\"es\",\"@id\":\"https:\/\/prefecturadeesmeraldas.gob.ec\/#\/schema\/person\/image\/\",\"url\":\"https:\/\/secure.gravatar.com\/avatar\/74a3870a946f5d774ade3569af61a72308e07ad3346f370c4b468ee2a9858658?s=96&d=mm&r=g\",\"contentUrl\":\"https:\/\/secure.gravatar.com\/avatar\/74a3870a946f5d774ade3569af61a72308e07ad3346f370c4b468ee2a9858658?s=96&d=mm&r=g\",\"caption\":\"Direcci\u00f3n de Comunicaci\u00f3n\"}}]}<\/script>\n<!-- \/ Yoast SEO plugin. -->","yoast_head_json":{"title":"Trabajamos por una agricultura sostenible y de calidad - Gobierno Aut\u00f3nomo Descentralizado de la Provincia de Esmeraldas","robots":{"index":"index","follow":"follow","max-snippet":"max-snippet:-1","max-image-preview":"max-image-preview:large","max-video-preview":"max-video-preview:-1"},"canonical":"https:\/\/prefecturadeesmeraldas.gob.ec\/index.php\/2022\/03\/18\/trabajamos-por-una-agricultura-sostenible-y-de-calidad\/","og_locale":"es_ES","og_type":"article","og_title":"Trabajamos por una agricultura sostenible y de calidad - Gobierno Aut\u00f3nomo Descentralizado de la Provincia de Esmeraldas","og_description":"En las instalaciones del Sal\u00f3n del Vicariato, en la parroquia Borb\u00f3n, cant\u00f3n Eloy Alfaro, se realiz\u00f3 la ceremonia de clausura y graduaci\u00f3n de los asistentes a las Escuelas de Campo en Buenas Pr\u00e1cticas Agropecuarias, dirigida a promotores de las 20 asociaciones participantes del proyecto de Sello de la Agricultura Familiar Campesina. Este evento cont\u00f3 con [&hellip;]","og_url":"https:\/\/prefecturadeesmeraldas.gob.ec\/index.php\/2022\/03\/18\/trabajamos-por-una-agricultura-sostenible-y-de-calidad\/","og_site_name":"Gobierno Aut\u00f3nomo Descentralizado de la Provincia de Esmeraldas","article_publisher":"https:\/\/www.facebook.com\/PrefecturaEsmeraldas\/","article_published_time":"2022-03-18T16:12:53+00:00","article_modified_time":"2022-03-18T16:13:26+00:00","og_image":[{"width":567,"height":563,"url":"https:\/\/prefecturadeesmeraldas.gob.ec\/wp-content\/uploads\/2022\/03\/Imagen10.jpg","type":"image\/jpeg"}],"author":"Direcci\u00f3n de Comunicaci\u00f3n","twitter_card":"summary_large_image","twitter_misc":{"Escrito por":"Direcci\u00f3n de Comunicaci\u00f3n","Tiempo de lectura":"2 minutos"},"schema":{"@context":"https:\/\/schema.org","@graph":[{"@type":"Article","@id":"https:\/\/prefecturadeesmeraldas.gob.ec\/index.php\/2022\/03\/18\/trabajamos-por-una-agricultura-sostenible-y-de-calidad\/#article","isPartOf":{"@id":"https:\/\/prefecturadeesmeraldas.gob.ec\/index.php\/2022\/03\/18\/trabajamos-por-una-agricultura-sostenible-y-de-calidad\/"},"author":{"name":"Direcci\u00f3n de Comunicaci\u00f3n","@id":"https:\/\/prefecturadeesmeraldas.gob.ec\/#\/schema\/person\/b0c9e7b1ead7725994d1e319e8825234"},"headline":"Trabajamos por una agricultura sostenible y de calidad","datePublished":"2022-03-18T16:12:53+00:00","dateModified":"2022-03-18T16:13:26+00:00","mainEntityOfPage":{"@id":"https:\/\/prefecturadeesmeraldas.gob.ec\/index.php\/2022\/03\/18\/trabajamos-por-una-agricultura-sostenible-y-de-calidad\/"},"wordCount":488,"publisher":{"@id":"https:\/\/prefecturadeesmeraldas.gob.ec\/#organization"},"image":{"@id":"https:\/\/prefecturadeesmeraldas.gob.ec\/index.php\/2022\/03\/18\/trabajamos-por-una-agricultura-sostenible-y-de-calidad\/#primaryimage"},"thumbnailUrl":"https:\/\/prefecturadeesmeraldas.gob.ec\/wp-content\/uploads\/2022\/03\/Imagen10.jpg","articleSection":["Fomento Productivo"],"inLanguage":"es"},{"@type":"WebPage","@id":"https:\/\/prefecturadeesmeraldas.gob.ec\/index.php\/2022\/03\/18\/trabajamos-por-una-agricultura-sostenible-y-de-calidad\/","url":"https:\/\/prefecturadeesmeraldas.gob.ec\/index.php\/2022\/03\/18\/trabajamos-por-una-agricultura-sostenible-y-de-calidad\/","name":"Trabajamos por una agricultura sostenible y de calidad - Gobierno Aut\u00f3nomo Descentralizado de la Provincia de Esmeraldas","isPartOf":{"@id":"https:\/\/prefecturadeesmeraldas.gob.ec\/#website"},"primaryImageOfPage":{"@id":"https:\/\/prefecturadeesmeraldas.gob.ec\/index.php\/2022\/03\/18\/trabajamos-por-una-agricultura-sostenible-y-de-calidad\/#primaryimage"},"image":{"@id":"https:\/\/prefecturadeesmeraldas.gob.ec\/index.php\/2022\/03\/18\/trabajamos-por-una-agricultura-sostenible-y-de-calidad\/#primaryimage"},"thumbnailUrl":"https:\/\/prefecturadeesmeraldas.gob.ec\/wp-content\/uploads\/2022\/03\/Imagen10.jpg","datePublished":"2022-03-18T16:12:53+00:00","dateModified":"2022-03-18T16:13:26+00:00","breadcrumb":{"@id":"https:\/\/prefecturadeesmeraldas.gob.ec\/index.php\/2022\/03\/18\/trabajamos-por-una-agricultura-sostenible-y-de-calidad\/#breadcrumb"},"inLanguage":"es","potentialAction":[{"@type":"ReadAction","target":["https:\/\/prefecturadeesmeraldas.gob.ec\/index.php\/2022\/03\/18\/trabajamos-por-una-agricultura-sostenible-y-de-calidad\/"]}]},{"@type":"ImageObject","inLanguage":"es","@id":"https:\/\/prefecturadeesmeraldas.gob.ec\/index.php\/2022\/03\/18\/trabajamos-por-una-agricultura-sostenible-y-de-calidad\/#primaryimage","url":"https:\/\/prefecturadeesmeraldas.gob.ec\/wp-content\/uploads\/2022\/03\/Imagen10.jpg","contentUrl":"https:\/\/prefecturadeesmeraldas.gob.ec\/wp-content\/uploads\/2022\/03\/Imagen10.jpg","width":567,"height":563},{"@type":"BreadcrumbList","@id":"https:\/\/prefecturadeesmeraldas.gob.ec\/index.php\/2022\/03\/18\/trabajamos-por-una-agricultura-sostenible-y-de-calidad\/#breadcrumb","itemListElement":[{"@type":"ListItem","position":1,"name":"Home","item":"https:\/\/prefecturadeesmeraldas.gob.ec\/"},{"@type":"ListItem","position":2,"name":"Trabajamos por una agricultura sostenible y de calidad"}]},{"@type":"WebSite","@id":"https:\/\/prefecturadeesmeraldas.gob.ec\/#website","url":"https:\/\/prefecturadeesmeraldas.gob.ec\/","name":"Gobierno Aut\u00f3nomo Descentralizado de la Provincia de Esmeraldas","description":"Gobierno Aut\u00f3nomo Descentralizado de la Provincia de Esmeraldas","publisher":{"@id":"https:\/\/prefecturadeesmeraldas.gob.ec\/#organization"},"potentialAction":[{"@type":"SearchAction","target":{"@type":"EntryPoint","urlTemplate":"https:\/\/prefecturadeesmeraldas.gob.ec\/?s={search_term_string}"},"query-input":{"@type":"PropertyValueSpecification","valueRequired":true,"valueName":"search_term_string"}}],"inLanguage":"es"},{"@type":"Organization","@id":"https:\/\/prefecturadeesmeraldas.gob.ec\/#organization","name":"Gobierno Aut\u00f3nomo Descentralizado de la Provincia de Esmeraldas","url":"https:\/\/prefecturadeesmeraldas.gob.ec\/","logo":{"@type":"ImageObject","inLanguage":"es","@id":"https:\/\/prefecturadeesmeraldas.gob.ec\/#\/schema\/logo\/image\/","url":"https:\/\/prefecturadeesmeraldas.gob.ec\/wp-content\/uploads\/2019\/06\/logo.png","contentUrl":"https:\/\/prefecturadeesmeraldas.gob.ec\/wp-content\/uploads\/2019\/06\/logo.png","width":859,"height":448,"caption":"Gobierno Aut\u00f3nomo Descentralizado de la Provincia de Esmeraldas"},"image":{"@id":"https:\/\/prefecturadeesmeraldas.gob.ec\/#\/schema\/logo\/image\/"},"sameAs":["https:\/\/www.facebook.com\/PrefecturaEsmeraldas\/"]},{"@type":"Person","@id":"https:\/\/prefecturadeesmeraldas.gob.ec\/#\/schema\/person\/b0c9e7b1ead7725994d1e319e8825234","name":"Direcci\u00f3n de Comunicaci\u00f3n","image":{"@type":"ImageObject","inLanguage":"es","@id":"https:\/\/prefecturadeesmeraldas.gob.ec\/#\/schema\/person\/image\/","url":"https:\/\/secure.gravatar.com\/avatar\/74a3870a946f5d774ade3569af61a72308e07ad3346f370c4b468ee2a9858658?s=96&d=mm&r=g","contentUrl":"https:\/\/secure.gravatar.com\/avatar\/74a3870a946f5d774ade3569af61a72308e07ad3346f370c4b468ee2a9858658?s=96&d=mm&r=g","caption":"Direcci\u00f3n de Comunicaci\u00f3n"}}]}},"_links":{"self":[{"href":"https:\/\/prefecturadeesmeraldas.gob.ec\/index.php\/wp-json\/wp\/v2\/posts\/15232","targetHints":{"allow":["GET"]}}],"collection":[{"href":"https:\/\/prefecturadeesmeraldas.gob.ec\/index.php\/wp-json\/wp\/v2\/posts"}],"about":[{"href":"https:\/\/prefecturadeesmeraldas.gob.ec\/index.php\/wp-json\/wp\/v2\/types\/post"}],"author":[{"embeddable":true,"href":"https:\/\/prefecturadeesmeraldas.gob.ec\/index.php\/wp-json\/wp\/v2\/users\/2"}],"replies":[{"embeddable":true,"href":"https:\/\/prefecturadeesmeraldas.gob.ec\/index.php\/wp-json\/wp\/v2\/comments?post=15232"}],"version-history":[{"count":0,"href":"https:\/\/prefecturadeesmeraldas.gob.ec\/index.php\/wp-json\/wp\/v2\/posts\/15232\/revisions"}],"wp:featuredmedia":[{"embeddable":true,"href":"https:\/\/prefecturadeesmeraldas.gob.ec\/index.php\/wp-json\/wp\/v2\/media\/15233"}],"wp:attachment":[{"href":"https:\/\/prefecturadeesmeraldas.gob.ec\/index.php\/wp-json\/wp\/v2\/media?parent=15232"}],"wp:term":[{"taxonomy":"category","embeddable":true,"href":"https:\/\/prefecturadeesmeraldas.gob.ec\/index.php\/wp-json\/wp\/v2\/categories?post=15232"},{"taxonomy":"post_tag","embeddable":true,"href":"https:\/\/prefecturadeesmeraldas.gob.ec\/index.php\/wp-json\/wp\/v2\/tags?post=15232"}],"curies":[{"name":"wp","href":"https:\/\/api.w.org\/{rel}","templated":true}]}}