{"id":15186,"date":"2022-03-16T11:13:05","date_gmt":"2022-03-16T16:13:05","guid":{"rendered":"https:\/\/prefecturadeesmeraldas.gob.ec\/?p=15186"},"modified":"2022-03-16T11:13:56","modified_gmt":"2022-03-16T16:13:56","slug":"prefectura-de-esmeraldas-jica-y-la-mancomunidad-del-norte-del-ecuador-potencian-la-comercializacion-de-productos-de-dos-asociaciones","status":"publish","type":"post","link":"https:\/\/prefecturadeesmeraldas.gob.ec\/index.php\/2022\/03\/16\/prefectura-de-esmeraldas-jica-y-la-mancomunidad-del-norte-del-ecuador-potencian-la-comercializacion-de-productos-de-dos-asociaciones\/","title":{"rendered":"Prefectura de Esmeraldas, Jica y la Mancomunidad del Norte del Ecuador, potencian la comercializaci\u00f3n de productos de dos asociaciones"},"content":{"rendered":"\t\t<div data-elementor-type=\"wp-post\" data-elementor-id=\"15186\" class=\"elementor elementor-15186\">\n\t\t\t\t\t\t<section class=\"elementor-section elementor-top-section elementor-element elementor-element-ea940b8 elementor-section-boxed elementor-section-height-default elementor-section-height-default\" data-id=\"ea940b8\" data-element_type=\"section\">\n\t\t\t\t\t\t<div class=\"elementor-container elementor-column-gap-default\">\n\t\t\t\t\t<div class=\"elementor-column elementor-col-100 elementor-top-column elementor-element elementor-element-f45bb34\" data-id=\"f45bb34\" data-element_type=\"column\">\n\t\t\t<div class=\"elementor-widget-wrap elementor-element-populated\">\n\t\t\t\t\t\t<div class=\"elementor-element elementor-element-5a2e028 elementor-widget elementor-widget-image\" data-id=\"5a2e028\" data-element_type=\"widget\" data-widget_type=\"image.default\">\n\t\t\t\t<div class=\"elementor-widget-container\">\n\t\t\t\t\t\t\t\t\t\t\t\t\t\t\t<img fetchpriority=\"high\" decoding=\"async\" width=\"1024\" height=\"1024\" src=\"https:\/\/prefecturadeesmeraldas.gob.ec\/wp-content\/uploads\/2022\/03\/WhatsApp-Image-2022-03-14-at-1.52.05-PM-1024x1024.jpeg\" class=\"attachment-large size-large wp-image-15187\" alt=\"\" srcset=\"https:\/\/prefecturadeesmeraldas.gob.ec\/wp-content\/uploads\/2022\/03\/WhatsApp-Image-2022-03-14-at-1.52.05-PM-1024x1024.jpeg 1024w, https:\/\/prefecturadeesmeraldas.gob.ec\/wp-content\/uploads\/2022\/03\/WhatsApp-Image-2022-03-14-at-1.52.05-PM-240x240.jpeg 240w, https:\/\/prefecturadeesmeraldas.gob.ec\/wp-content\/uploads\/2022\/03\/WhatsApp-Image-2022-03-14-at-1.52.05-PM-1080x1080.jpeg 1080w, https:\/\/prefecturadeesmeraldas.gob.ec\/wp-content\/uploads\/2022\/03\/WhatsApp-Image-2022-03-14-at-1.52.05-PM-150x150.jpeg 150w, https:\/\/prefecturadeesmeraldas.gob.ec\/wp-content\/uploads\/2022\/03\/WhatsApp-Image-2022-03-14-at-1.52.05-PM-300x300.jpeg 300w, https:\/\/prefecturadeesmeraldas.gob.ec\/wp-content\/uploads\/2022\/03\/WhatsApp-Image-2022-03-14-at-1.52.05-PM-768x768.jpeg 768w, https:\/\/prefecturadeesmeraldas.gob.ec\/wp-content\/uploads\/2022\/03\/WhatsApp-Image-2022-03-14-at-1.52.05-PM.jpeg 1280w\" sizes=\"(max-width: 1024px) 100vw, 1024px\" \/>\t\t\t\t\t\t\t\t\t\t\t\t\t\t\t<\/div>\n\t\t\t\t<\/div>\n\t\t\t\t\t<\/div>\n\t\t<\/div>\n\t\t\t\t\t<\/div>\n\t\t<\/section>\n\t\t\t\t<section class=\"elementor-section elementor-top-section elementor-element elementor-element-1de494d elementor-section-boxed elementor-section-height-default elementor-section-height-default\" data-id=\"1de494d\" data-element_type=\"section\">\n\t\t\t\t\t\t<div class=\"elementor-container elementor-column-gap-default\">\n\t\t\t\t\t<div class=\"elementor-column elementor-col-100 elementor-top-column elementor-element elementor-element-8079419\" data-id=\"8079419\" data-element_type=\"column\">\n\t\t\t<div class=\"elementor-widget-wrap elementor-element-populated\">\n\t\t\t\t\t\t<div class=\"elementor-element elementor-element-1e3dd03 elementor-widget elementor-widget-text-editor\" data-id=\"1e3dd03\" data-element_type=\"widget\" data-widget_type=\"text-editor.default\">\n\t\t\t\t<div class=\"elementor-widget-container\">\n\t\t\t\t\t\t\t\t\t<p>La <strong>Agencia de Cooperaci\u00f3n Internacional del Jap\u00f3n <\/strong><strong>(JICA)<\/strong>, a trav\u00e9s de la <strong>Mancomunidad del Norte del Ecuador<\/strong>, entreg\u00f3 tablets a la <strong>Prefectura de Esmeraldas<\/strong>, para el mejormiento laboral y productivo de la Asociaci\u00f3n de Productores Agropecuarios El Tigre, asentada en la parroquia Tachina y la comuna Tongorach\u00ed, del cant\u00f3n Muisne.<\/p><p><\/p><p>Esta acci\u00f3n se implementa con la finalidad de promover el comercio electr\u00f3nico y potenciar la comercializaci\u00f3n de los productos de las asociaciones beneficiadas, fortaleciendo las capacidades de los emprndedores, para el desarrollo local de las comunidades rurales de la provincia de Esmeraldas.<\/p><p><\/p><p>\u201c<strong>Agradezco a la Mancomunidad del Norte y a Jica, por coordinar actividades e implementar proyectos en beneficio de asociaciones dedicadas a brindar productos y servicios. Las tablets servir\u00e1n para mejorar el rendimiento de estos emprendimientos<\/strong>\u201d, manifest\u00f3 el ingeniero agr\u00f3nomo, Patricio L\u00f3pez, director de Fomento y Desarrollo Porductivo.<\/p><p><\/p><p><strong>Rider Hurtado<\/strong>, coordinador de la Mancomunidad del Norte del Ecuador, expres\u00f3 que, trabajando de manera articulada para el progreso y desarrollo de la zona norte del pa\u00eds, esta donaci\u00f3n es parte de un proceso de apoyo social y productivo, orientado en ayudar a mejorar la calidad de vida de las familias y los emprendimientos de los cuales son parte.<\/p>\t\t\t\t\t\t\t\t<\/div>\n\t\t\t\t<\/div>\n\t\t\t\t\t<\/div>\n\t\t<\/div>\n\t\t\t\t\t<\/div>\n\t\t<\/section>\n\t\t\t\t<\/div>\n\t\t","protected":false},"excerpt":{"rendered":"<p>La Agencia de Cooperaci\u00f3n Internacional del Jap\u00f3n (JICA), a trav\u00e9s de la Mancomunidad del Norte del Ecuador, entreg\u00f3 tablets a la Prefectura de Esmeraldas, para el mejormiento laboral y productivo de la Asociaci\u00f3n de Productores Agropecuarios El Tigre, asentada en la parroquia Tachina y la comuna Tongorach\u00ed, del cant\u00f3n Muisne. Esta acci\u00f3n se implementa con [&hellip;]<\/p>\n","protected":false},"author":2,"featured_media":15187,"comment_status":"closed","ping_status":"open","sticky":false,"template":"","format":"standard","meta":{"footnotes":""},"categories":[24],"tags":[],"class_list":["post-15186","post","type-post","status-publish","format-standard","has-post-thumbnail","hentry","category-cooperacion-internacional"],"yoast_head":"<!-- This site is optimized with the Yoast SEO plugin v25.7 - https:\/\/yoast.com\/wordpress\/plugins\/seo\/ -->\n<title>Prefectura de Esmeraldas, Jica y la Mancomunidad del Norte del Ecuador, potencian la comercializaci\u00f3n de productos de dos asociaciones - Gobierno Aut\u00f3nomo Descentralizado de la Provincia de Esmeraldas<\/title>\n<meta name=\"robots\" content=\"index, follow, max-snippet:-1, max-image-preview:large, max-video-preview:-1\" \/>\n<link rel=\"canonical\" href=\"https:\/\/prefecturadeesmeraldas.gob.ec\/index.php\/2022\/03\/16\/prefectura-de-esmeraldas-jica-y-la-mancomunidad-del-norte-del-ecuador-potencian-la-comercializacion-de-productos-de-dos-asociaciones\/\" \/>\n<meta property=\"og:locale\" content=\"es_ES\" \/>\n<meta property=\"og:type\" content=\"article\" \/>\n<meta property=\"og:title\" content=\"Prefectura de Esmeraldas, Jica y la Mancomunidad del Norte del Ecuador, potencian la comercializaci\u00f3n de productos de dos asociaciones - Gobierno Aut\u00f3nomo Descentralizado de la Provincia de Esmeraldas\" \/>\n<meta property=\"og:description\" content=\"La Agencia de Cooperaci\u00f3n Internacional del Jap\u00f3n (JICA), a trav\u00e9s de la Mancomunidad del Norte del Ecuador, entreg\u00f3 tablets a la Prefectura de Esmeraldas, para el mejormiento laboral y productivo de la Asociaci\u00f3n de Productores Agropecuarios El Tigre, asentada en la parroquia Tachina y la comuna Tongorach\u00ed, del cant\u00f3n Muisne. Esta acci\u00f3n se implementa con [&hellip;]\" \/>\n<meta property=\"og:url\" content=\"https:\/\/prefecturadeesmeraldas.gob.ec\/index.php\/2022\/03\/16\/prefectura-de-esmeraldas-jica-y-la-mancomunidad-del-norte-del-ecuador-potencian-la-comercializacion-de-productos-de-dos-asociaciones\/\" \/>\n<meta property=\"og:site_name\" content=\"Gobierno Aut\u00f3nomo Descentralizado de la Provincia de Esmeraldas\" \/>\n<meta property=\"article:publisher\" content=\"https:\/\/www.facebook.com\/PrefecturaEsmeraldas\/\" \/>\n<meta property=\"article:published_time\" content=\"2022-03-16T16:13:05+00:00\" \/>\n<meta property=\"article:modified_time\" content=\"2022-03-16T16:13:56+00:00\" \/>\n<meta property=\"og:image\" content=\"https:\/\/prefecturadeesmeraldas.gob.ec\/wp-content\/uploads\/2022\/03\/WhatsApp-Image-2022-03-14-at-1.52.05-PM.jpeg\" \/>\n\t<meta property=\"og:image:width\" content=\"1280\" \/>\n\t<meta property=\"og:image:height\" content=\"1280\" \/>\n\t<meta property=\"og:image:type\" content=\"image\/jpeg\" \/>\n<meta name=\"author\" content=\"Direcci\u00f3n de Comunicaci\u00f3n\" \/>\n<meta name=\"twitter:card\" content=\"summary_large_image\" \/>\n<meta name=\"twitter:label1\" content=\"Escrito por\" \/>\n\t<meta name=\"twitter:data1\" content=\"Direcci\u00f3n de Comunicaci\u00f3n\" \/>\n\t<meta name=\"twitter:label2\" content=\"Tiempo de lectura\" \/>\n\t<meta name=\"twitter:data2\" content=\"1 minuto\" \/>\n<script type=\"application\/ld+json\" class=\"yoast-schema-graph\">{\"@context\":\"https:\/\/schema.org\",\"@graph\":[{\"@type\":\"Article\",\"@id\":\"https:\/\/prefecturadeesmeraldas.gob.ec\/index.php\/2022\/03\/16\/prefectura-de-esmeraldas-jica-y-la-mancomunidad-del-norte-del-ecuador-potencian-la-comercializacion-de-productos-de-dos-asociaciones\/#article\",\"isPartOf\":{\"@id\":\"https:\/\/prefecturadeesmeraldas.gob.ec\/index.php\/2022\/03\/16\/prefectura-de-esmeraldas-jica-y-la-mancomunidad-del-norte-del-ecuador-potencian-la-comercializacion-de-productos-de-dos-asociaciones\/\"},\"author\":{\"name\":\"Direcci\u00f3n de Comunicaci\u00f3n\",\"@id\":\"https:\/\/prefecturadeesmeraldas.gob.ec\/#\/schema\/person\/b0c9e7b1ead7725994d1e319e8825234\"},\"headline\":\"Prefectura de Esmeraldas, Jica y la Mancomunidad del Norte del Ecuador, potencian la comercializaci\u00f3n de productos de dos asociaciones\",\"datePublished\":\"2022-03-16T16:13:05+00:00\",\"dateModified\":\"2022-03-16T16:13:56+00:00\",\"mainEntityOfPage\":{\"@id\":\"https:\/\/prefecturadeesmeraldas.gob.ec\/index.php\/2022\/03\/16\/prefectura-de-esmeraldas-jica-y-la-mancomunidad-del-norte-del-ecuador-potencian-la-comercializacion-de-productos-de-dos-asociaciones\/\"},\"wordCount\":231,\"publisher\":{\"@id\":\"https:\/\/prefecturadeesmeraldas.gob.ec\/#organization\"},\"image\":{\"@id\":\"https:\/\/prefecturadeesmeraldas.gob.ec\/index.php\/2022\/03\/16\/prefectura-de-esmeraldas-jica-y-la-mancomunidad-del-norte-del-ecuador-potencian-la-comercializacion-de-productos-de-dos-asociaciones\/#primaryimage\"},\"thumbnailUrl\":\"https:\/\/prefecturadeesmeraldas.gob.ec\/wp-content\/uploads\/2022\/03\/WhatsApp-Image-2022-03-14-at-1.52.05-PM.jpeg\",\"articleSection\":[\"Cooperaci\u00f3n Internacional\"],\"inLanguage\":\"es\"},{\"@type\":\"WebPage\",\"@id\":\"https:\/\/prefecturadeesmeraldas.gob.ec\/index.php\/2022\/03\/16\/prefectura-de-esmeraldas-jica-y-la-mancomunidad-del-norte-del-ecuador-potencian-la-comercializacion-de-productos-de-dos-asociaciones\/\",\"url\":\"https:\/\/prefecturadeesmeraldas.gob.ec\/index.php\/2022\/03\/16\/prefectura-de-esmeraldas-jica-y-la-mancomunidad-del-norte-del-ecuador-potencian-la-comercializacion-de-productos-de-dos-asociaciones\/\",\"name\":\"Prefectura de Esmeraldas, Jica y la Mancomunidad del Norte del Ecuador, potencian la comercializaci\u00f3n de productos de dos asociaciones - Gobierno Aut\u00f3nomo Descentralizado de la Provincia de Esmeraldas\",\"isPartOf\":{\"@id\":\"https:\/\/prefecturadeesmeraldas.gob.ec\/#website\"},\"primaryImageOfPage\":{\"@id\":\"https:\/\/prefecturadeesmeraldas.gob.ec\/index.php\/2022\/03\/16\/prefectura-de-esmeraldas-jica-y-la-mancomunidad-del-norte-del-ecuador-potencian-la-comercializacion-de-productos-de-dos-asociaciones\/#primaryimage\"},\"image\":{\"@id\":\"https:\/\/prefecturadeesmeraldas.gob.ec\/index.php\/2022\/03\/16\/prefectura-de-esmeraldas-jica-y-la-mancomunidad-del-norte-del-ecuador-potencian-la-comercializacion-de-productos-de-dos-asociaciones\/#primaryimage\"},\"thumbnailUrl\":\"https:\/\/prefecturadeesmeraldas.gob.ec\/wp-content\/uploads\/2022\/03\/WhatsApp-Image-2022-03-14-at-1.52.05-PM.jpeg\",\"datePublished\":\"2022-03-16T16:13:05+00:00\",\"dateModified\":\"2022-03-16T16:13:56+00:00\",\"breadcrumb\":{\"@id\":\"https:\/\/prefecturadeesmeraldas.gob.ec\/index.php\/2022\/03\/16\/prefectura-de-esmeraldas-jica-y-la-mancomunidad-del-norte-del-ecuador-potencian-la-comercializacion-de-productos-de-dos-asociaciones\/#breadcrumb\"},\"inLanguage\":\"es\",\"potentialAction\":[{\"@type\":\"ReadAction\",\"target\":[\"https:\/\/prefecturadeesmeraldas.gob.ec\/index.php\/2022\/03\/16\/prefectura-de-esmeraldas-jica-y-la-mancomunidad-del-norte-del-ecuador-potencian-la-comercializacion-de-productos-de-dos-asociaciones\/\"]}]},{\"@type\":\"ImageObject\",\"inLanguage\":\"es\",\"@id\":\"https:\/\/prefecturadeesmeraldas.gob.ec\/index.php\/2022\/03\/16\/prefectura-de-esmeraldas-jica-y-la-mancomunidad-del-norte-del-ecuador-potencian-la-comercializacion-de-productos-de-dos-asociaciones\/#primaryimage\",\"url\":\"https:\/\/prefecturadeesmeraldas.gob.ec\/wp-content\/uploads\/2022\/03\/WhatsApp-Image-2022-03-14-at-1.52.05-PM.jpeg\",\"contentUrl\":\"https:\/\/prefecturadeesmeraldas.gob.ec\/wp-content\/uploads\/2022\/03\/WhatsApp-Image-2022-03-14-at-1.52.05-PM.jpeg\",\"width\":1280,\"height\":1280},{\"@type\":\"BreadcrumbList\",\"@id\":\"https:\/\/prefecturadeesmeraldas.gob.ec\/index.php\/2022\/03\/16\/prefectura-de-esmeraldas-jica-y-la-mancomunidad-del-norte-del-ecuador-potencian-la-comercializacion-de-productos-de-dos-asociaciones\/#breadcrumb\",\"itemListElement\":[{\"@type\":\"ListItem\",\"position\":1,\"name\":\"Home\",\"item\":\"https:\/\/prefecturadeesmeraldas.gob.ec\/\"},{\"@type\":\"ListItem\",\"position\":2,\"name\":\"Prefectura de Esmeraldas, Jica y la Mancomunidad del Norte del Ecuador, potencian la comercializaci\u00f3n de productos de dos asociaciones\"}]},{\"@type\":\"WebSite\",\"@id\":\"https:\/\/prefecturadeesmeraldas.gob.ec\/#website\",\"url\":\"https:\/\/prefecturadeesmeraldas.gob.ec\/\",\"name\":\"Gobierno Aut\u00f3nomo Descentralizado de la Provincia de Esmeraldas\",\"description\":\"Gobierno Aut\u00f3nomo Descentralizado de la Provincia de Esmeraldas\",\"publisher\":{\"@id\":\"https:\/\/prefecturadeesmeraldas.gob.ec\/#organization\"},\"potentialAction\":[{\"@type\":\"SearchAction\",\"target\":{\"@type\":\"EntryPoint\",\"urlTemplate\":\"https:\/\/prefecturadeesmeraldas.gob.ec\/?s={search_term_string}\"},\"query-input\":{\"@type\":\"PropertyValueSpecification\",\"valueRequired\":true,\"valueName\":\"search_term_string\"}}],\"inLanguage\":\"es\"},{\"@type\":\"Organization\",\"@id\":\"https:\/\/prefecturadeesmeraldas.gob.ec\/#organization\",\"name\":\"Gobierno Aut\u00f3nomo Descentralizado de la Provincia de Esmeraldas\",\"url\":\"https:\/\/prefecturadeesmeraldas.gob.ec\/\",\"logo\":{\"@type\":\"ImageObject\",\"inLanguage\":\"es\",\"@id\":\"https:\/\/prefecturadeesmeraldas.gob.ec\/#\/schema\/logo\/image\/\",\"url\":\"https:\/\/prefecturadeesmeraldas.gob.ec\/wp-content\/uploads\/2019\/06\/logo.png\",\"contentUrl\":\"https:\/\/prefecturadeesmeraldas.gob.ec\/wp-content\/uploads\/2019\/06\/logo.png\",\"width\":859,\"height\":448,\"caption\":\"Gobierno Aut\u00f3nomo Descentralizado de la Provincia de Esmeraldas\"},\"image\":{\"@id\":\"https:\/\/prefecturadeesmeraldas.gob.ec\/#\/schema\/logo\/image\/\"},\"sameAs\":[\"https:\/\/www.facebook.com\/PrefecturaEsmeraldas\/\"]},{\"@type\":\"Person\",\"@id\":\"https:\/\/prefecturadeesmeraldas.gob.ec\/#\/schema\/person\/b0c9e7b1ead7725994d1e319e8825234\",\"name\":\"Direcci\u00f3n de Comunicaci\u00f3n\",\"image\":{\"@type\":\"ImageObject\",\"inLanguage\":\"es\",\"@id\":\"https:\/\/prefecturadeesmeraldas.gob.ec\/#\/schema\/person\/image\/\",\"url\":\"https:\/\/secure.gravatar.com\/avatar\/74a3870a946f5d774ade3569af61a72308e07ad3346f370c4b468ee2a9858658?s=96&d=mm&r=g\",\"contentUrl\":\"https:\/\/secure.gravatar.com\/avatar\/74a3870a946f5d774ade3569af61a72308e07ad3346f370c4b468ee2a9858658?s=96&d=mm&r=g\",\"caption\":\"Direcci\u00f3n de Comunicaci\u00f3n\"}}]}<\/script>\n<!-- \/ Yoast SEO plugin. -->","yoast_head_json":{"title":"Prefectura de Esmeraldas, Jica y la Mancomunidad del Norte del Ecuador, potencian la comercializaci\u00f3n de productos de dos asociaciones - Gobierno Aut\u00f3nomo Descentralizado de la Provincia de Esmeraldas","robots":{"index":"index","follow":"follow","max-snippet":"max-snippet:-1","max-image-preview":"max-image-preview:large","max-video-preview":"max-video-preview:-1"},"canonical":"https:\/\/prefecturadeesmeraldas.gob.ec\/index.php\/2022\/03\/16\/prefectura-de-esmeraldas-jica-y-la-mancomunidad-del-norte-del-ecuador-potencian-la-comercializacion-de-productos-de-dos-asociaciones\/","og_locale":"es_ES","og_type":"article","og_title":"Prefectura de Esmeraldas, Jica y la Mancomunidad del Norte del Ecuador, potencian la comercializaci\u00f3n de productos de dos asociaciones - Gobierno Aut\u00f3nomo Descentralizado de la Provincia de Esmeraldas","og_description":"La Agencia de Cooperaci\u00f3n Internacional del Jap\u00f3n (JICA), a trav\u00e9s de la Mancomunidad del Norte del Ecuador, entreg\u00f3 tablets a la Prefectura de Esmeraldas, para el mejormiento laboral y productivo de la Asociaci\u00f3n de Productores Agropecuarios El Tigre, asentada en la parroquia Tachina y la comuna Tongorach\u00ed, del cant\u00f3n Muisne. Esta acci\u00f3n se implementa con [&hellip;]","og_url":"https:\/\/prefecturadeesmeraldas.gob.ec\/index.php\/2022\/03\/16\/prefectura-de-esmeraldas-jica-y-la-mancomunidad-del-norte-del-ecuador-potencian-la-comercializacion-de-productos-de-dos-asociaciones\/","og_site_name":"Gobierno Aut\u00f3nomo Descentralizado de la Provincia de Esmeraldas","article_publisher":"https:\/\/www.facebook.com\/PrefecturaEsmeraldas\/","article_published_time":"2022-03-16T16:13:05+00:00","article_modified_time":"2022-03-16T16:13:56+00:00","og_image":[{"width":1280,"height":1280,"url":"https:\/\/prefecturadeesmeraldas.gob.ec\/wp-content\/uploads\/2022\/03\/WhatsApp-Image-2022-03-14-at-1.52.05-PM.jpeg","type":"image\/jpeg"}],"author":"Direcci\u00f3n de Comunicaci\u00f3n","twitter_card":"summary_large_image","twitter_misc":{"Escrito por":"Direcci\u00f3n de Comunicaci\u00f3n","Tiempo de lectura":"1 minuto"},"schema":{"@context":"https:\/\/schema.org","@graph":[{"@type":"Article","@id":"https:\/\/prefecturadeesmeraldas.gob.ec\/index.php\/2022\/03\/16\/prefectura-de-esmeraldas-jica-y-la-mancomunidad-del-norte-del-ecuador-potencian-la-comercializacion-de-productos-de-dos-asociaciones\/#article","isPartOf":{"@id":"https:\/\/prefecturadeesmeraldas.gob.ec\/index.php\/2022\/03\/16\/prefectura-de-esmeraldas-jica-y-la-mancomunidad-del-norte-del-ecuador-potencian-la-comercializacion-de-productos-de-dos-asociaciones\/"},"author":{"name":"Direcci\u00f3n de Comunicaci\u00f3n","@id":"https:\/\/prefecturadeesmeraldas.gob.ec\/#\/schema\/person\/b0c9e7b1ead7725994d1e319e8825234"},"headline":"Prefectura de Esmeraldas, Jica y la Mancomunidad del Norte del Ecuador, potencian la comercializaci\u00f3n de productos de dos asociaciones","datePublished":"2022-03-16T16:13:05+00:00","dateModified":"2022-03-16T16:13:56+00:00","mainEntityOfPage":{"@id":"https:\/\/prefecturadeesmeraldas.gob.ec\/index.php\/2022\/03\/16\/prefectura-de-esmeraldas-jica-y-la-mancomunidad-del-norte-del-ecuador-potencian-la-comercializacion-de-productos-de-dos-asociaciones\/"},"wordCount":231,"publisher":{"@id":"https:\/\/prefecturadeesmeraldas.gob.ec\/#organization"},"image":{"@id":"https:\/\/prefecturadeesmeraldas.gob.ec\/index.php\/2022\/03\/16\/prefectura-de-esmeraldas-jica-y-la-mancomunidad-del-norte-del-ecuador-potencian-la-comercializacion-de-productos-de-dos-asociaciones\/#primaryimage"},"thumbnailUrl":"https:\/\/prefecturadeesmeraldas.gob.ec\/wp-content\/uploads\/2022\/03\/WhatsApp-Image-2022-03-14-at-1.52.05-PM.jpeg","articleSection":["Cooperaci\u00f3n Internacional"],"inLanguage":"es"},{"@type":"WebPage","@id":"https:\/\/prefecturadeesmeraldas.gob.ec\/index.php\/2022\/03\/16\/prefectura-de-esmeraldas-jica-y-la-mancomunidad-del-norte-del-ecuador-potencian-la-comercializacion-de-productos-de-dos-asociaciones\/","url":"https:\/\/prefecturadeesmeraldas.gob.ec\/index.php\/2022\/03\/16\/prefectura-de-esmeraldas-jica-y-la-mancomunidad-del-norte-del-ecuador-potencian-la-comercializacion-de-productos-de-dos-asociaciones\/","name":"Prefectura de Esmeraldas, Jica y la Mancomunidad del Norte del Ecuador, potencian la comercializaci\u00f3n de productos de dos asociaciones - Gobierno Aut\u00f3nomo Descentralizado de la Provincia de Esmeraldas","isPartOf":{"@id":"https:\/\/prefecturadeesmeraldas.gob.ec\/#website"},"primaryImageOfPage":{"@id":"https:\/\/prefecturadeesmeraldas.gob.ec\/index.php\/2022\/03\/16\/prefectura-de-esmeraldas-jica-y-la-mancomunidad-del-norte-del-ecuador-potencian-la-comercializacion-de-productos-de-dos-asociaciones\/#primaryimage"},"image":{"@id":"https:\/\/prefecturadeesmeraldas.gob.ec\/index.php\/2022\/03\/16\/prefectura-de-esmeraldas-jica-y-la-mancomunidad-del-norte-del-ecuador-potencian-la-comercializacion-de-productos-de-dos-asociaciones\/#primaryimage"},"thumbnailUrl":"https:\/\/prefecturadeesmeraldas.gob.ec\/wp-content\/uploads\/2022\/03\/WhatsApp-Image-2022-03-14-at-1.52.05-PM.jpeg","datePublished":"2022-03-16T16:13:05+00:00","dateModified":"2022-03-16T16:13:56+00:00","breadcrumb":{"@id":"https:\/\/prefecturadeesmeraldas.gob.ec\/index.php\/2022\/03\/16\/prefectura-de-esmeraldas-jica-y-la-mancomunidad-del-norte-del-ecuador-potencian-la-comercializacion-de-productos-de-dos-asociaciones\/#breadcrumb"},"inLanguage":"es","potentialAction":[{"@type":"ReadAction","target":["https:\/\/prefecturadeesmeraldas.gob.ec\/index.php\/2022\/03\/16\/prefectura-de-esmeraldas-jica-y-la-mancomunidad-del-norte-del-ecuador-potencian-la-comercializacion-de-productos-de-dos-asociaciones\/"]}]},{"@type":"ImageObject","inLanguage":"es","@id":"https:\/\/prefecturadeesmeraldas.gob.ec\/index.php\/2022\/03\/16\/prefectura-de-esmeraldas-jica-y-la-mancomunidad-del-norte-del-ecuador-potencian-la-comercializacion-de-productos-de-dos-asociaciones\/#primaryimage","url":"https:\/\/prefecturadeesmeraldas.gob.ec\/wp-content\/uploads\/2022\/03\/WhatsApp-Image-2022-03-14-at-1.52.05-PM.jpeg","contentUrl":"https:\/\/prefecturadeesmeraldas.gob.ec\/wp-content\/uploads\/2022\/03\/WhatsApp-Image-2022-03-14-at-1.52.05-PM.jpeg","width":1280,"height":1280},{"@type":"BreadcrumbList","@id":"https:\/\/prefecturadeesmeraldas.gob.ec\/index.php\/2022\/03\/16\/prefectura-de-esmeraldas-jica-y-la-mancomunidad-del-norte-del-ecuador-potencian-la-comercializacion-de-productos-de-dos-asociaciones\/#breadcrumb","itemListElement":[{"@type":"ListItem","position":1,"name":"Home","item":"https:\/\/prefecturadeesmeraldas.gob.ec\/"},{"@type":"ListItem","position":2,"name":"Prefectura de Esmeraldas, Jica y la Mancomunidad del Norte del Ecuador, potencian la comercializaci\u00f3n de productos de dos asociaciones"}]},{"@type":"WebSite","@id":"https:\/\/prefecturadeesmeraldas.gob.ec\/#website","url":"https:\/\/prefecturadeesmeraldas.gob.ec\/","name":"Gobierno Aut\u00f3nomo Descentralizado de la Provincia de Esmeraldas","description":"Gobierno Aut\u00f3nomo Descentralizado de la Provincia de Esmeraldas","publisher":{"@id":"https:\/\/prefecturadeesmeraldas.gob.ec\/#organization"},"potentialAction":[{"@type":"SearchAction","target":{"@type":"EntryPoint","urlTemplate":"https:\/\/prefecturadeesmeraldas.gob.ec\/?s={search_term_string}"},"query-input":{"@type":"PropertyValueSpecification","valueRequired":true,"valueName":"search_term_string"}}],"inLanguage":"es"},{"@type":"Organization","@id":"https:\/\/prefecturadeesmeraldas.gob.ec\/#organization","name":"Gobierno Aut\u00f3nomo Descentralizado de la Provincia de Esmeraldas","url":"https:\/\/prefecturadeesmeraldas.gob.ec\/","logo":{"@type":"ImageObject","inLanguage":"es","@id":"https:\/\/prefecturadeesmeraldas.gob.ec\/#\/schema\/logo\/image\/","url":"https:\/\/prefecturadeesmeraldas.gob.ec\/wp-content\/uploads\/2019\/06\/logo.png","contentUrl":"https:\/\/prefecturadeesmeraldas.gob.ec\/wp-content\/uploads\/2019\/06\/logo.png","width":859,"height":448,"caption":"Gobierno Aut\u00f3nomo Descentralizado de la Provincia de Esmeraldas"},"image":{"@id":"https:\/\/prefecturadeesmeraldas.gob.ec\/#\/schema\/logo\/image\/"},"sameAs":["https:\/\/www.facebook.com\/PrefecturaEsmeraldas\/"]},{"@type":"Person","@id":"https:\/\/prefecturadeesmeraldas.gob.ec\/#\/schema\/person\/b0c9e7b1ead7725994d1e319e8825234","name":"Direcci\u00f3n de Comunicaci\u00f3n","image":{"@type":"ImageObject","inLanguage":"es","@id":"https:\/\/prefecturadeesmeraldas.gob.ec\/#\/schema\/person\/image\/","url":"https:\/\/secure.gravatar.com\/avatar\/74a3870a946f5d774ade3569af61a72308e07ad3346f370c4b468ee2a9858658?s=96&d=mm&r=g","contentUrl":"https:\/\/secure.gravatar.com\/avatar\/74a3870a946f5d774ade3569af61a72308e07ad3346f370c4b468ee2a9858658?s=96&d=mm&r=g","caption":"Direcci\u00f3n de Comunicaci\u00f3n"}}]}},"_links":{"self":[{"href":"https:\/\/prefecturadeesmeraldas.gob.ec\/index.php\/wp-json\/wp\/v2\/posts\/15186","targetHints":{"allow":["GET"]}}],"collection":[{"href":"https:\/\/prefecturadeesmeraldas.gob.ec\/index.php\/wp-json\/wp\/v2\/posts"}],"about":[{"href":"https:\/\/prefecturadeesmeraldas.gob.ec\/index.php\/wp-json\/wp\/v2\/types\/post"}],"author":[{"embeddable":true,"href":"https:\/\/prefecturadeesmeraldas.gob.ec\/index.php\/wp-json\/wp\/v2\/users\/2"}],"replies":[{"embeddable":true,"href":"https:\/\/prefecturadeesmeraldas.gob.ec\/index.php\/wp-json\/wp\/v2\/comments?post=15186"}],"version-history":[{"count":0,"href":"https:\/\/prefecturadeesmeraldas.gob.ec\/index.php\/wp-json\/wp\/v2\/posts\/15186\/revisions"}],"wp:featuredmedia":[{"embeddable":true,"href":"https:\/\/prefecturadeesmeraldas.gob.ec\/index.php\/wp-json\/wp\/v2\/media\/15187"}],"wp:attachment":[{"href":"https:\/\/prefecturadeesmeraldas.gob.ec\/index.php\/wp-json\/wp\/v2\/media?parent=15186"}],"wp:term":[{"taxonomy":"category","embeddable":true,"href":"https:\/\/prefecturadeesmeraldas.gob.ec\/index.php\/wp-json\/wp\/v2\/categories?post=15186"},{"taxonomy":"post_tag","embeddable":true,"href":"https:\/\/prefecturadeesmeraldas.gob.ec\/index.php\/wp-json\/wp\/v2\/tags?post=15186"}],"curies":[{"name":"wp","href":"https:\/\/api.w.org\/{rel}","templated":true}]}}