{"id":15135,"date":"2022-03-14T09:26:09","date_gmt":"2022-03-14T14:26:09","guid":{"rendered":"https:\/\/prefecturadeesmeraldas.gob.ec\/?p=15135"},"modified":"2022-03-14T09:27:03","modified_gmt":"2022-03-14T14:27:03","slug":"prefecta-de-esmeraldas-conmemoro-el-dia-internacional-de-la-mujer","status":"publish","type":"post","link":"https:\/\/prefecturadeesmeraldas.gob.ec\/index.php\/2022\/03\/14\/prefecta-de-esmeraldas-conmemoro-el-dia-internacional-de-la-mujer\/","title":{"rendered":"Prefecta de Esmeraldas conmemor\u00f3 el D\u00eda Internacional de la Mujer"},"content":{"rendered":"\t\t<div data-elementor-type=\"wp-post\" data-elementor-id=\"15135\" class=\"elementor elementor-15135\">\n\t\t\t\t\t\t<section class=\"elementor-section elementor-top-section elementor-element elementor-element-a2b0ec7 elementor-section-boxed elementor-section-height-default elementor-section-height-default\" data-id=\"a2b0ec7\" data-element_type=\"section\">\n\t\t\t\t\t\t<div class=\"elementor-container elementor-column-gap-default\">\n\t\t\t\t\t<div class=\"elementor-column elementor-col-100 elementor-top-column elementor-element elementor-element-23bb5be\" data-id=\"23bb5be\" data-element_type=\"column\">\n\t\t\t<div class=\"elementor-widget-wrap elementor-element-populated\">\n\t\t\t\t\t\t<div class=\"elementor-element elementor-element-a16ef44 elementor-widget elementor-widget-image\" data-id=\"a16ef44\" data-element_type=\"widget\" data-widget_type=\"image.default\">\n\t\t\t\t<div class=\"elementor-widget-container\">\n\t\t\t\t\t\t\t\t\t\t\t\t\t\t\t<img fetchpriority=\"high\" decoding=\"async\" width=\"1024\" height=\"1024\" src=\"https:\/\/prefecturadeesmeraldas.gob.ec\/wp-content\/uploads\/2022\/03\/WhatsApp-Image-2022-03-08-at-4.43.48-PM-1024x1024.jpeg\" class=\"attachment-large size-large wp-image-15136\" alt=\"\" srcset=\"https:\/\/prefecturadeesmeraldas.gob.ec\/wp-content\/uploads\/2022\/03\/WhatsApp-Image-2022-03-08-at-4.43.48-PM-1024x1024.jpeg 1024w, https:\/\/prefecturadeesmeraldas.gob.ec\/wp-content\/uploads\/2022\/03\/WhatsApp-Image-2022-03-08-at-4.43.48-PM-240x240.jpeg 240w, https:\/\/prefecturadeesmeraldas.gob.ec\/wp-content\/uploads\/2022\/03\/WhatsApp-Image-2022-03-08-at-4.43.48-PM-150x150.jpeg 150w, https:\/\/prefecturadeesmeraldas.gob.ec\/wp-content\/uploads\/2022\/03\/WhatsApp-Image-2022-03-08-at-4.43.48-PM-300x300.jpeg 300w, https:\/\/prefecturadeesmeraldas.gob.ec\/wp-content\/uploads\/2022\/03\/WhatsApp-Image-2022-03-08-at-4.43.48-PM-768x768.jpeg 768w, https:\/\/prefecturadeesmeraldas.gob.ec\/wp-content\/uploads\/2022\/03\/WhatsApp-Image-2022-03-08-at-4.43.48-PM.jpeg 1080w\" sizes=\"(max-width: 1024px) 100vw, 1024px\" \/>\t\t\t\t\t\t\t\t\t\t\t\t\t\t\t<\/div>\n\t\t\t\t<\/div>\n\t\t\t\t\t<\/div>\n\t\t<\/div>\n\t\t\t\t\t<\/div>\n\t\t<\/section>\n\t\t\t\t<section class=\"elementor-section elementor-top-section elementor-element elementor-element-03a1312 elementor-section-boxed elementor-section-height-default elementor-section-height-default\" data-id=\"03a1312\" data-element_type=\"section\">\n\t\t\t\t\t\t<div class=\"elementor-container elementor-column-gap-default\">\n\t\t\t\t\t<div class=\"elementor-column elementor-col-100 elementor-top-column elementor-element elementor-element-c88fb97\" data-id=\"c88fb97\" data-element_type=\"column\">\n\t\t\t<div class=\"elementor-widget-wrap elementor-element-populated\">\n\t\t\t\t\t\t<div class=\"elementor-element elementor-element-a1a229c elementor-widget elementor-widget-text-editor\" data-id=\"a1a229c\" data-element_type=\"widget\" data-widget_type=\"text-editor.default\">\n\t\t\t\t<div class=\"elementor-widget-container\">\n\t\t\t\t\t\t\t\t\t<p>Con el lema \u201c<strong>Mujer, libre, segura y empoderada<\/strong>\u201d, se vivi\u00f3 un ambiente lleno de alegr\u00eda y festejo, por motivo de la conmemoraci\u00f3n del D\u00eda Internacional de la Mujer, actividad realizada en el sector Coquito Alto, de la parroquia Luis Tello, del cant\u00f3n Esmeraldas.<\/p><p><\/p><p>Con la participaci\u00f3n de la prefecta <strong>Roberta Zambrano<\/strong>, hubo concursos, premios y actividades l\u00fadicas, donde las mujeres tuvieron una participaci\u00f3n activa. Esta acci\u00f3n fue ejecutada por la Direcci\u00f3n de Acci\u00f3n Social, Inclusi\u00f3n y Participaci\u00f3n (DASIP).<\/p><p><\/p><p>\u201c<strong>Me siento orgullosa de esta tierra, llena de mujeres trabajadoras, luchadoras y emprendedoras, somos unos seres maravillosos que llevamos la responsabilidad de beneficiar el hogar y cuidar a nuestras familias<\/strong>\u201d, enfatiz\u00f3 la prefecta Roberta Zambrano.<\/p><p><\/p><p>Por su parte, Samuel C\u00e9lleri, director de DASIP, describi\u00f3 que se ejecut\u00f3 una actividad art\u00edstica, l\u00fadica y cultural por celebrar el D\u00eda Internacional de la Mujer, con el apoyo de actores estrat\u00e9gicos, para la promulgaci\u00f3n de derecho y concientizaci\u00f3n contra la violencia hacia la mujer.<\/p><p><\/p><p>\u201c<strong>Me siento muy feliz por este momento de esparcimiento y diversi\u00f3n, agradezco a la prefecta Roberta Zambrano por rendir un hermoso homenaje a nosotras las mujeres, y le pido que siga con ese gran coraz\u00f3n y humildad que la caracteriza<\/strong>\u201d, indic\u00f3 Margarita Angulo, del barrio El Regocijo.<\/p><p><\/p><p>Adem\u00e1s, hubo una Casa Abierta donde particip\u00f3 UNAMYDESC brindando servicio de salud, la Direcci\u00f3n de Cuencas, Riego y Drenaje con la entrega de plantas y las ONG\u00b4s C\u00e1ritas Ecuador, Codespa, Lunita Lunera, Servicio Jesuita y ACNUR, actores de la mesa provincial de g\u00e9nero que apoyan las actividades de la Prefectura de Esmeraldas.<\/p>\t\t\t\t\t\t\t\t<\/div>\n\t\t\t\t<\/div>\n\t\t\t\t\t<\/div>\n\t\t<\/div>\n\t\t\t\t\t<\/div>\n\t\t<\/section>\n\t\t\t\t<\/div>\n\t\t","protected":false},"excerpt":{"rendered":"<p>Con el lema \u201cMujer, libre, segura y empoderada\u201d, se vivi\u00f3 un ambiente lleno de alegr\u00eda y festejo, por motivo de la conmemoraci\u00f3n del D\u00eda Internacional de la Mujer, actividad realizada en el sector Coquito Alto, de la parroquia Luis Tello, del cant\u00f3n Esmeraldas. Con la participaci\u00f3n de la prefecta Roberta Zambrano, hubo concursos, premios y [&hellip;]<\/p>\n","protected":false},"author":2,"featured_media":15136,"comment_status":"closed","ping_status":"open","sticky":false,"template":"","format":"standard","meta":{"footnotes":""},"categories":[3],"tags":[],"class_list":["post-15135","post","type-post","status-publish","format-standard","has-post-thumbnail","hentry","category-institucional"],"yoast_head":"<!-- This site is optimized with the Yoast SEO plugin v25.7 - https:\/\/yoast.com\/wordpress\/plugins\/seo\/ -->\n<title>Prefecta de Esmeraldas conmemor\u00f3 el D\u00eda Internacional de la Mujer - Gobierno Aut\u00f3nomo Descentralizado de la Provincia de Esmeraldas<\/title>\n<meta name=\"robots\" content=\"index, follow, max-snippet:-1, max-image-preview:large, max-video-preview:-1\" \/>\n<link rel=\"canonical\" href=\"https:\/\/prefecturadeesmeraldas.gob.ec\/index.php\/2022\/03\/14\/prefecta-de-esmeraldas-conmemoro-el-dia-internacional-de-la-mujer\/\" \/>\n<meta property=\"og:locale\" content=\"es_ES\" \/>\n<meta property=\"og:type\" content=\"article\" \/>\n<meta property=\"og:title\" content=\"Prefecta de Esmeraldas conmemor\u00f3 el D\u00eda Internacional de la Mujer - Gobierno Aut\u00f3nomo Descentralizado de la Provincia de Esmeraldas\" \/>\n<meta property=\"og:description\" content=\"Con el lema \u201cMujer, libre, segura y empoderada\u201d, se vivi\u00f3 un ambiente lleno de alegr\u00eda y festejo, por motivo de la conmemoraci\u00f3n del D\u00eda Internacional de la Mujer, actividad realizada en el sector Coquito Alto, de la parroquia Luis Tello, del cant\u00f3n Esmeraldas. Con la participaci\u00f3n de la prefecta Roberta Zambrano, hubo concursos, premios y [&hellip;]\" \/>\n<meta property=\"og:url\" content=\"https:\/\/prefecturadeesmeraldas.gob.ec\/index.php\/2022\/03\/14\/prefecta-de-esmeraldas-conmemoro-el-dia-internacional-de-la-mujer\/\" \/>\n<meta property=\"og:site_name\" content=\"Gobierno Aut\u00f3nomo Descentralizado de la Provincia de Esmeraldas\" \/>\n<meta property=\"article:publisher\" content=\"https:\/\/www.facebook.com\/PrefecturaEsmeraldas\/\" \/>\n<meta property=\"article:published_time\" content=\"2022-03-14T14:26:09+00:00\" \/>\n<meta property=\"article:modified_time\" content=\"2022-03-14T14:27:03+00:00\" \/>\n<meta property=\"og:image\" content=\"https:\/\/prefecturadeesmeraldas.gob.ec\/wp-content\/uploads\/2022\/03\/WhatsApp-Image-2022-03-08-at-4.43.48-PM.jpeg\" \/>\n\t<meta property=\"og:image:width\" content=\"1080\" \/>\n\t<meta property=\"og:image:height\" content=\"1080\" \/>\n\t<meta property=\"og:image:type\" content=\"image\/jpeg\" \/>\n<meta name=\"author\" content=\"Direcci\u00f3n de Comunicaci\u00f3n\" \/>\n<meta name=\"twitter:card\" content=\"summary_large_image\" \/>\n<meta name=\"twitter:label1\" content=\"Escrito por\" \/>\n\t<meta name=\"twitter:data1\" content=\"Direcci\u00f3n de Comunicaci\u00f3n\" \/>\n\t<meta name=\"twitter:label2\" content=\"Tiempo de lectura\" \/>\n\t<meta name=\"twitter:data2\" content=\"1 minuto\" \/>\n<script type=\"application\/ld+json\" class=\"yoast-schema-graph\">{\"@context\":\"https:\/\/schema.org\",\"@graph\":[{\"@type\":\"Article\",\"@id\":\"https:\/\/prefecturadeesmeraldas.gob.ec\/index.php\/2022\/03\/14\/prefecta-de-esmeraldas-conmemoro-el-dia-internacional-de-la-mujer\/#article\",\"isPartOf\":{\"@id\":\"https:\/\/prefecturadeesmeraldas.gob.ec\/index.php\/2022\/03\/14\/prefecta-de-esmeraldas-conmemoro-el-dia-internacional-de-la-mujer\/\"},\"author\":{\"name\":\"Direcci\u00f3n de Comunicaci\u00f3n\",\"@id\":\"https:\/\/prefecturadeesmeraldas.gob.ec\/#\/schema\/person\/b0c9e7b1ead7725994d1e319e8825234\"},\"headline\":\"Prefecta de Esmeraldas conmemor\u00f3 el D\u00eda Internacional de la Mujer\",\"datePublished\":\"2022-03-14T14:26:09+00:00\",\"dateModified\":\"2022-03-14T14:27:03+00:00\",\"mainEntityOfPage\":{\"@id\":\"https:\/\/prefecturadeesmeraldas.gob.ec\/index.php\/2022\/03\/14\/prefecta-de-esmeraldas-conmemoro-el-dia-internacional-de-la-mujer\/\"},\"wordCount\":294,\"publisher\":{\"@id\":\"https:\/\/prefecturadeesmeraldas.gob.ec\/#organization\"},\"image\":{\"@id\":\"https:\/\/prefecturadeesmeraldas.gob.ec\/index.php\/2022\/03\/14\/prefecta-de-esmeraldas-conmemoro-el-dia-internacional-de-la-mujer\/#primaryimage\"},\"thumbnailUrl\":\"https:\/\/prefecturadeesmeraldas.gob.ec\/wp-content\/uploads\/2022\/03\/WhatsApp-Image-2022-03-08-at-4.43.48-PM.jpeg\",\"articleSection\":[\"Institucional\"],\"inLanguage\":\"es\"},{\"@type\":\"WebPage\",\"@id\":\"https:\/\/prefecturadeesmeraldas.gob.ec\/index.php\/2022\/03\/14\/prefecta-de-esmeraldas-conmemoro-el-dia-internacional-de-la-mujer\/\",\"url\":\"https:\/\/prefecturadeesmeraldas.gob.ec\/index.php\/2022\/03\/14\/prefecta-de-esmeraldas-conmemoro-el-dia-internacional-de-la-mujer\/\",\"name\":\"Prefecta de Esmeraldas conmemor\u00f3 el D\u00eda Internacional de la Mujer - Gobierno Aut\u00f3nomo Descentralizado de la Provincia de Esmeraldas\",\"isPartOf\":{\"@id\":\"https:\/\/prefecturadeesmeraldas.gob.ec\/#website\"},\"primaryImageOfPage\":{\"@id\":\"https:\/\/prefecturadeesmeraldas.gob.ec\/index.php\/2022\/03\/14\/prefecta-de-esmeraldas-conmemoro-el-dia-internacional-de-la-mujer\/#primaryimage\"},\"image\":{\"@id\":\"https:\/\/prefecturadeesmeraldas.gob.ec\/index.php\/2022\/03\/14\/prefecta-de-esmeraldas-conmemoro-el-dia-internacional-de-la-mujer\/#primaryimage\"},\"thumbnailUrl\":\"https:\/\/prefecturadeesmeraldas.gob.ec\/wp-content\/uploads\/2022\/03\/WhatsApp-Image-2022-03-08-at-4.43.48-PM.jpeg\",\"datePublished\":\"2022-03-14T14:26:09+00:00\",\"dateModified\":\"2022-03-14T14:27:03+00:00\",\"breadcrumb\":{\"@id\":\"https:\/\/prefecturadeesmeraldas.gob.ec\/index.php\/2022\/03\/14\/prefecta-de-esmeraldas-conmemoro-el-dia-internacional-de-la-mujer\/#breadcrumb\"},\"inLanguage\":\"es\",\"potentialAction\":[{\"@type\":\"ReadAction\",\"target\":[\"https:\/\/prefecturadeesmeraldas.gob.ec\/index.php\/2022\/03\/14\/prefecta-de-esmeraldas-conmemoro-el-dia-internacional-de-la-mujer\/\"]}]},{\"@type\":\"ImageObject\",\"inLanguage\":\"es\",\"@id\":\"https:\/\/prefecturadeesmeraldas.gob.ec\/index.php\/2022\/03\/14\/prefecta-de-esmeraldas-conmemoro-el-dia-internacional-de-la-mujer\/#primaryimage\",\"url\":\"https:\/\/prefecturadeesmeraldas.gob.ec\/wp-content\/uploads\/2022\/03\/WhatsApp-Image-2022-03-08-at-4.43.48-PM.jpeg\",\"contentUrl\":\"https:\/\/prefecturadeesmeraldas.gob.ec\/wp-content\/uploads\/2022\/03\/WhatsApp-Image-2022-03-08-at-4.43.48-PM.jpeg\",\"width\":1080,\"height\":1080},{\"@type\":\"BreadcrumbList\",\"@id\":\"https:\/\/prefecturadeesmeraldas.gob.ec\/index.php\/2022\/03\/14\/prefecta-de-esmeraldas-conmemoro-el-dia-internacional-de-la-mujer\/#breadcrumb\",\"itemListElement\":[{\"@type\":\"ListItem\",\"position\":1,\"name\":\"Home\",\"item\":\"https:\/\/prefecturadeesmeraldas.gob.ec\/\"},{\"@type\":\"ListItem\",\"position\":2,\"name\":\"Prefecta de Esmeraldas conmemor\u00f3 el D\u00eda Internacional de la Mujer\"}]},{\"@type\":\"WebSite\",\"@id\":\"https:\/\/prefecturadeesmeraldas.gob.ec\/#website\",\"url\":\"https:\/\/prefecturadeesmeraldas.gob.ec\/\",\"name\":\"Gobierno Aut\u00f3nomo Descentralizado de la Provincia de Esmeraldas\",\"description\":\"Gobierno Aut\u00f3nomo Descentralizado de la Provincia de Esmeraldas\",\"publisher\":{\"@id\":\"https:\/\/prefecturadeesmeraldas.gob.ec\/#organization\"},\"potentialAction\":[{\"@type\":\"SearchAction\",\"target\":{\"@type\":\"EntryPoint\",\"urlTemplate\":\"https:\/\/prefecturadeesmeraldas.gob.ec\/?s={search_term_string}\"},\"query-input\":{\"@type\":\"PropertyValueSpecification\",\"valueRequired\":true,\"valueName\":\"search_term_string\"}}],\"inLanguage\":\"es\"},{\"@type\":\"Organization\",\"@id\":\"https:\/\/prefecturadeesmeraldas.gob.ec\/#organization\",\"name\":\"Gobierno Aut\u00f3nomo Descentralizado de la Provincia de Esmeraldas\",\"url\":\"https:\/\/prefecturadeesmeraldas.gob.ec\/\",\"logo\":{\"@type\":\"ImageObject\",\"inLanguage\":\"es\",\"@id\":\"https:\/\/prefecturadeesmeraldas.gob.ec\/#\/schema\/logo\/image\/\",\"url\":\"https:\/\/prefecturadeesmeraldas.gob.ec\/wp-content\/uploads\/2019\/06\/logo.png\",\"contentUrl\":\"https:\/\/prefecturadeesmeraldas.gob.ec\/wp-content\/uploads\/2019\/06\/logo.png\",\"width\":859,\"height\":448,\"caption\":\"Gobierno Aut\u00f3nomo Descentralizado de la Provincia de Esmeraldas\"},\"image\":{\"@id\":\"https:\/\/prefecturadeesmeraldas.gob.ec\/#\/schema\/logo\/image\/\"},\"sameAs\":[\"https:\/\/www.facebook.com\/PrefecturaEsmeraldas\/\"]},{\"@type\":\"Person\",\"@id\":\"https:\/\/prefecturadeesmeraldas.gob.ec\/#\/schema\/person\/b0c9e7b1ead7725994d1e319e8825234\",\"name\":\"Direcci\u00f3n de Comunicaci\u00f3n\",\"image\":{\"@type\":\"ImageObject\",\"inLanguage\":\"es\",\"@id\":\"https:\/\/prefecturadeesmeraldas.gob.ec\/#\/schema\/person\/image\/\",\"url\":\"https:\/\/secure.gravatar.com\/avatar\/74a3870a946f5d774ade3569af61a72308e07ad3346f370c4b468ee2a9858658?s=96&d=mm&r=g\",\"contentUrl\":\"https:\/\/secure.gravatar.com\/avatar\/74a3870a946f5d774ade3569af61a72308e07ad3346f370c4b468ee2a9858658?s=96&d=mm&r=g\",\"caption\":\"Direcci\u00f3n de Comunicaci\u00f3n\"}}]}<\/script>\n<!-- \/ Yoast SEO plugin. -->","yoast_head_json":{"title":"Prefecta de Esmeraldas conmemor\u00f3 el D\u00eda Internacional de la Mujer - Gobierno Aut\u00f3nomo Descentralizado de la Provincia de Esmeraldas","robots":{"index":"index","follow":"follow","max-snippet":"max-snippet:-1","max-image-preview":"max-image-preview:large","max-video-preview":"max-video-preview:-1"},"canonical":"https:\/\/prefecturadeesmeraldas.gob.ec\/index.php\/2022\/03\/14\/prefecta-de-esmeraldas-conmemoro-el-dia-internacional-de-la-mujer\/","og_locale":"es_ES","og_type":"article","og_title":"Prefecta de Esmeraldas conmemor\u00f3 el D\u00eda Internacional de la Mujer - Gobierno Aut\u00f3nomo Descentralizado de la Provincia de Esmeraldas","og_description":"Con el lema \u201cMujer, libre, segura y empoderada\u201d, se vivi\u00f3 un ambiente lleno de alegr\u00eda y festejo, por motivo de la conmemoraci\u00f3n del D\u00eda Internacional de la Mujer, actividad realizada en el sector Coquito Alto, de la parroquia Luis Tello, del cant\u00f3n Esmeraldas. Con la participaci\u00f3n de la prefecta Roberta Zambrano, hubo concursos, premios y [&hellip;]","og_url":"https:\/\/prefecturadeesmeraldas.gob.ec\/index.php\/2022\/03\/14\/prefecta-de-esmeraldas-conmemoro-el-dia-internacional-de-la-mujer\/","og_site_name":"Gobierno Aut\u00f3nomo Descentralizado de la Provincia de Esmeraldas","article_publisher":"https:\/\/www.facebook.com\/PrefecturaEsmeraldas\/","article_published_time":"2022-03-14T14:26:09+00:00","article_modified_time":"2022-03-14T14:27:03+00:00","og_image":[{"width":1080,"height":1080,"url":"https:\/\/prefecturadeesmeraldas.gob.ec\/wp-content\/uploads\/2022\/03\/WhatsApp-Image-2022-03-08-at-4.43.48-PM.jpeg","type":"image\/jpeg"}],"author":"Direcci\u00f3n de Comunicaci\u00f3n","twitter_card":"summary_large_image","twitter_misc":{"Escrito por":"Direcci\u00f3n de Comunicaci\u00f3n","Tiempo de lectura":"1 minuto"},"schema":{"@context":"https:\/\/schema.org","@graph":[{"@type":"Article","@id":"https:\/\/prefecturadeesmeraldas.gob.ec\/index.php\/2022\/03\/14\/prefecta-de-esmeraldas-conmemoro-el-dia-internacional-de-la-mujer\/#article","isPartOf":{"@id":"https:\/\/prefecturadeesmeraldas.gob.ec\/index.php\/2022\/03\/14\/prefecta-de-esmeraldas-conmemoro-el-dia-internacional-de-la-mujer\/"},"author":{"name":"Direcci\u00f3n de Comunicaci\u00f3n","@id":"https:\/\/prefecturadeesmeraldas.gob.ec\/#\/schema\/person\/b0c9e7b1ead7725994d1e319e8825234"},"headline":"Prefecta de Esmeraldas conmemor\u00f3 el D\u00eda Internacional de la Mujer","datePublished":"2022-03-14T14:26:09+00:00","dateModified":"2022-03-14T14:27:03+00:00","mainEntityOfPage":{"@id":"https:\/\/prefecturadeesmeraldas.gob.ec\/index.php\/2022\/03\/14\/prefecta-de-esmeraldas-conmemoro-el-dia-internacional-de-la-mujer\/"},"wordCount":294,"publisher":{"@id":"https:\/\/prefecturadeesmeraldas.gob.ec\/#organization"},"image":{"@id":"https:\/\/prefecturadeesmeraldas.gob.ec\/index.php\/2022\/03\/14\/prefecta-de-esmeraldas-conmemoro-el-dia-internacional-de-la-mujer\/#primaryimage"},"thumbnailUrl":"https:\/\/prefecturadeesmeraldas.gob.ec\/wp-content\/uploads\/2022\/03\/WhatsApp-Image-2022-03-08-at-4.43.48-PM.jpeg","articleSection":["Institucional"],"inLanguage":"es"},{"@type":"WebPage","@id":"https:\/\/prefecturadeesmeraldas.gob.ec\/index.php\/2022\/03\/14\/prefecta-de-esmeraldas-conmemoro-el-dia-internacional-de-la-mujer\/","url":"https:\/\/prefecturadeesmeraldas.gob.ec\/index.php\/2022\/03\/14\/prefecta-de-esmeraldas-conmemoro-el-dia-internacional-de-la-mujer\/","name":"Prefecta de Esmeraldas conmemor\u00f3 el D\u00eda Internacional de la Mujer - Gobierno Aut\u00f3nomo Descentralizado de la Provincia de Esmeraldas","isPartOf":{"@id":"https:\/\/prefecturadeesmeraldas.gob.ec\/#website"},"primaryImageOfPage":{"@id":"https:\/\/prefecturadeesmeraldas.gob.ec\/index.php\/2022\/03\/14\/prefecta-de-esmeraldas-conmemoro-el-dia-internacional-de-la-mujer\/#primaryimage"},"image":{"@id":"https:\/\/prefecturadeesmeraldas.gob.ec\/index.php\/2022\/03\/14\/prefecta-de-esmeraldas-conmemoro-el-dia-internacional-de-la-mujer\/#primaryimage"},"thumbnailUrl":"https:\/\/prefecturadeesmeraldas.gob.ec\/wp-content\/uploads\/2022\/03\/WhatsApp-Image-2022-03-08-at-4.43.48-PM.jpeg","datePublished":"2022-03-14T14:26:09+00:00","dateModified":"2022-03-14T14:27:03+00:00","breadcrumb":{"@id":"https:\/\/prefecturadeesmeraldas.gob.ec\/index.php\/2022\/03\/14\/prefecta-de-esmeraldas-conmemoro-el-dia-internacional-de-la-mujer\/#breadcrumb"},"inLanguage":"es","potentialAction":[{"@type":"ReadAction","target":["https:\/\/prefecturadeesmeraldas.gob.ec\/index.php\/2022\/03\/14\/prefecta-de-esmeraldas-conmemoro-el-dia-internacional-de-la-mujer\/"]}]},{"@type":"ImageObject","inLanguage":"es","@id":"https:\/\/prefecturadeesmeraldas.gob.ec\/index.php\/2022\/03\/14\/prefecta-de-esmeraldas-conmemoro-el-dia-internacional-de-la-mujer\/#primaryimage","url":"https:\/\/prefecturadeesmeraldas.gob.ec\/wp-content\/uploads\/2022\/03\/WhatsApp-Image-2022-03-08-at-4.43.48-PM.jpeg","contentUrl":"https:\/\/prefecturadeesmeraldas.gob.ec\/wp-content\/uploads\/2022\/03\/WhatsApp-Image-2022-03-08-at-4.43.48-PM.jpeg","width":1080,"height":1080},{"@type":"BreadcrumbList","@id":"https:\/\/prefecturadeesmeraldas.gob.ec\/index.php\/2022\/03\/14\/prefecta-de-esmeraldas-conmemoro-el-dia-internacional-de-la-mujer\/#breadcrumb","itemListElement":[{"@type":"ListItem","position":1,"name":"Home","item":"https:\/\/prefecturadeesmeraldas.gob.ec\/"},{"@type":"ListItem","position":2,"name":"Prefecta de Esmeraldas conmemor\u00f3 el D\u00eda Internacional de la Mujer"}]},{"@type":"WebSite","@id":"https:\/\/prefecturadeesmeraldas.gob.ec\/#website","url":"https:\/\/prefecturadeesmeraldas.gob.ec\/","name":"Gobierno Aut\u00f3nomo Descentralizado de la Provincia de Esmeraldas","description":"Gobierno Aut\u00f3nomo Descentralizado de la Provincia de Esmeraldas","publisher":{"@id":"https:\/\/prefecturadeesmeraldas.gob.ec\/#organization"},"potentialAction":[{"@type":"SearchAction","target":{"@type":"EntryPoint","urlTemplate":"https:\/\/prefecturadeesmeraldas.gob.ec\/?s={search_term_string}"},"query-input":{"@type":"PropertyValueSpecification","valueRequired":true,"valueName":"search_term_string"}}],"inLanguage":"es"},{"@type":"Organization","@id":"https:\/\/prefecturadeesmeraldas.gob.ec\/#organization","name":"Gobierno Aut\u00f3nomo Descentralizado de la Provincia de Esmeraldas","url":"https:\/\/prefecturadeesmeraldas.gob.ec\/","logo":{"@type":"ImageObject","inLanguage":"es","@id":"https:\/\/prefecturadeesmeraldas.gob.ec\/#\/schema\/logo\/image\/","url":"https:\/\/prefecturadeesmeraldas.gob.ec\/wp-content\/uploads\/2019\/06\/logo.png","contentUrl":"https:\/\/prefecturadeesmeraldas.gob.ec\/wp-content\/uploads\/2019\/06\/logo.png","width":859,"height":448,"caption":"Gobierno Aut\u00f3nomo Descentralizado de la Provincia de Esmeraldas"},"image":{"@id":"https:\/\/prefecturadeesmeraldas.gob.ec\/#\/schema\/logo\/image\/"},"sameAs":["https:\/\/www.facebook.com\/PrefecturaEsmeraldas\/"]},{"@type":"Person","@id":"https:\/\/prefecturadeesmeraldas.gob.ec\/#\/schema\/person\/b0c9e7b1ead7725994d1e319e8825234","name":"Direcci\u00f3n de Comunicaci\u00f3n","image":{"@type":"ImageObject","inLanguage":"es","@id":"https:\/\/prefecturadeesmeraldas.gob.ec\/#\/schema\/person\/image\/","url":"https:\/\/secure.gravatar.com\/avatar\/74a3870a946f5d774ade3569af61a72308e07ad3346f370c4b468ee2a9858658?s=96&d=mm&r=g","contentUrl":"https:\/\/secure.gravatar.com\/avatar\/74a3870a946f5d774ade3569af61a72308e07ad3346f370c4b468ee2a9858658?s=96&d=mm&r=g","caption":"Direcci\u00f3n de Comunicaci\u00f3n"}}]}},"_links":{"self":[{"href":"https:\/\/prefecturadeesmeraldas.gob.ec\/index.php\/wp-json\/wp\/v2\/posts\/15135","targetHints":{"allow":["GET"]}}],"collection":[{"href":"https:\/\/prefecturadeesmeraldas.gob.ec\/index.php\/wp-json\/wp\/v2\/posts"}],"about":[{"href":"https:\/\/prefecturadeesmeraldas.gob.ec\/index.php\/wp-json\/wp\/v2\/types\/post"}],"author":[{"embeddable":true,"href":"https:\/\/prefecturadeesmeraldas.gob.ec\/index.php\/wp-json\/wp\/v2\/users\/2"}],"replies":[{"embeddable":true,"href":"https:\/\/prefecturadeesmeraldas.gob.ec\/index.php\/wp-json\/wp\/v2\/comments?post=15135"}],"version-history":[{"count":0,"href":"https:\/\/prefecturadeesmeraldas.gob.ec\/index.php\/wp-json\/wp\/v2\/posts\/15135\/revisions"}],"wp:featuredmedia":[{"embeddable":true,"href":"https:\/\/prefecturadeesmeraldas.gob.ec\/index.php\/wp-json\/wp\/v2\/media\/15136"}],"wp:attachment":[{"href":"https:\/\/prefecturadeesmeraldas.gob.ec\/index.php\/wp-json\/wp\/v2\/media?parent=15135"}],"wp:term":[{"taxonomy":"category","embeddable":true,"href":"https:\/\/prefecturadeesmeraldas.gob.ec\/index.php\/wp-json\/wp\/v2\/categories?post=15135"},{"taxonomy":"post_tag","embeddable":true,"href":"https:\/\/prefecturadeesmeraldas.gob.ec\/index.php\/wp-json\/wp\/v2\/tags?post=15135"}],"curies":[{"name":"wp","href":"https:\/\/api.w.org\/{rel}","templated":true}]}}