{"id":14914,"date":"2022-02-23T14:41:17","date_gmt":"2022-02-23T19:41:17","guid":{"rendered":"https:\/\/prefecturadeesmeraldas.gob.ec\/?p=14914"},"modified":"2022-02-23T14:41:53","modified_gmt":"2022-02-23T19:41:53","slug":"obra-vial-de-la-prefectura-de-esmeraldas-y-petroecuador-beneficia-a-3-parroquias","status":"publish","type":"post","link":"https:\/\/prefecturadeesmeraldas.gob.ec\/index.php\/2022\/02\/23\/obra-vial-de-la-prefectura-de-esmeraldas-y-petroecuador-beneficia-a-3-parroquias\/","title":{"rendered":"Obra vial de la Prefectura de Esmeraldas y Petroecuador beneficia a 3 parroquias"},"content":{"rendered":"\t\t<div data-elementor-type=\"wp-post\" data-elementor-id=\"14914\" class=\"elementor elementor-14914\">\n\t\t\t\t\t\t<section class=\"elementor-section elementor-top-section elementor-element elementor-element-00f8b8b elementor-section-boxed elementor-section-height-default elementor-section-height-default\" data-id=\"00f8b8b\" data-element_type=\"section\">\n\t\t\t\t\t\t<div class=\"elementor-container elementor-column-gap-default\">\n\t\t\t\t\t<div class=\"elementor-column elementor-col-100 elementor-top-column elementor-element elementor-element-b880401\" data-id=\"b880401\" data-element_type=\"column\">\n\t\t\t<div class=\"elementor-widget-wrap elementor-element-populated\">\n\t\t\t\t\t\t<div class=\"elementor-element elementor-element-4d5c73e elementor-widget elementor-widget-image\" data-id=\"4d5c73e\" data-element_type=\"widget\" data-widget_type=\"image.default\">\n\t\t\t\t<div class=\"elementor-widget-container\">\n\t\t\t\t\t\t\t\t\t\t\t\t\t\t\t<img fetchpriority=\"high\" decoding=\"async\" width=\"1024\" height=\"1024\" src=\"https:\/\/prefecturadeesmeraldas.gob.ec\/wp-content\/uploads\/2022\/02\/WhatsApp-Image-2022-02-23-at-10.38.04-1024x1024.jpeg\" class=\"attachment-large size-large wp-image-14916\" alt=\"\" srcset=\"https:\/\/prefecturadeesmeraldas.gob.ec\/wp-content\/uploads\/2022\/02\/WhatsApp-Image-2022-02-23-at-10.38.04-1024x1024.jpeg 1024w, https:\/\/prefecturadeesmeraldas.gob.ec\/wp-content\/uploads\/2022\/02\/WhatsApp-Image-2022-02-23-at-10.38.04-240x240.jpeg 240w, https:\/\/prefecturadeesmeraldas.gob.ec\/wp-content\/uploads\/2022\/02\/WhatsApp-Image-2022-02-23-at-10.38.04-1080x1080.jpeg 1080w, https:\/\/prefecturadeesmeraldas.gob.ec\/wp-content\/uploads\/2022\/02\/WhatsApp-Image-2022-02-23-at-10.38.04-150x150.jpeg 150w, https:\/\/prefecturadeesmeraldas.gob.ec\/wp-content\/uploads\/2022\/02\/WhatsApp-Image-2022-02-23-at-10.38.04-300x300.jpeg 300w, https:\/\/prefecturadeesmeraldas.gob.ec\/wp-content\/uploads\/2022\/02\/WhatsApp-Image-2022-02-23-at-10.38.04-768x768.jpeg 768w, https:\/\/prefecturadeesmeraldas.gob.ec\/wp-content\/uploads\/2022\/02\/WhatsApp-Image-2022-02-23-at-10.38.04.jpeg 1211w\" sizes=\"(max-width: 1024px) 100vw, 1024px\" \/>\t\t\t\t\t\t\t\t\t\t\t\t\t\t\t<\/div>\n\t\t\t\t<\/div>\n\t\t\t\t\t<\/div>\n\t\t<\/div>\n\t\t\t\t\t<\/div>\n\t\t<\/section>\n\t\t\t\t<section class=\"elementor-section elementor-top-section elementor-element elementor-element-6afb3c9 elementor-section-boxed elementor-section-height-default elementor-section-height-default\" data-id=\"6afb3c9\" data-element_type=\"section\">\n\t\t\t\t\t\t<div class=\"elementor-container elementor-column-gap-default\">\n\t\t\t\t\t<div class=\"elementor-column elementor-col-100 elementor-top-column elementor-element elementor-element-bbd9fd2\" data-id=\"bbd9fd2\" data-element_type=\"column\">\n\t\t\t<div class=\"elementor-widget-wrap elementor-element-populated\">\n\t\t\t\t\t\t<div class=\"elementor-element elementor-element-16e7bcd elementor-widget elementor-widget-text-editor\" data-id=\"16e7bcd\" data-element_type=\"widget\" data-widget_type=\"text-editor.default\">\n\t\t\t\t<div class=\"elementor-widget-container\">\n\t\t\t\t\t\t\t\t\t<p>En medio de alegr\u00eda, aplausos y danza, la prefecta Roberta Zambrano junto a \u00cdtalo Cede\u00f1o Gerente de Petroecuador EP, entregaron la v\u00eda Vuelta Larga &#8211; Tabiazo &#8211; Carlos Concha, 100% rehabilitada.<\/p><p><\/p><p>Esta obra es parte del renovado eje vial en un tramo de 27.5 km, que beneficia a 3 parroquias rurales del cant\u00f3n Esmeraldas, impulsando la agricultura, ganader\u00eda, el turismo y reactivar\u00e1 la econom\u00eda de la zona.<\/p><p><\/p><p>\u201c<strong>Un anhelo hecho realidad, esta obra la esperamos por m\u00e1s de 60 a\u00f1os, ahora gracias a los esfuerzos y el liderazgo de la prefecta Roberta Zambrano se hace realidad nuestros sue\u00f1os, mejorar\u00e1 la calidad de vida y se fortalecer\u00e1 los balneareo de agua dulce del sector<\/strong>\u201d, argument\u00f3 Alexandra Vizca\u00edno, l\u00edder comunitaria de la parroquia Vuelta Larga.<\/p><p><\/p><p>Luis Arturo Arce, artesano de Tabiazo, indic\u00f3 que fue testigo de los trabajos de mantenimiento, rehabilitaci\u00f3n y todos los avances que hoy se ven reflejados en la magestuosa obra, que reactivar\u00e1 el turismo y econom\u00eda de los habitantes.<\/p><p><\/p><p>Muy feliz, alzando una bandera de la blanco y verde, Margarita Qui\u00f1onez, habitante de la cabecera parroquial de Carlos Concha, indic\u00f3 que esta obra impulsada por la Prefectura de Esmeraldas beneficiar\u00e1 al desarrollo, comercio y la movilidad de propios y visitantes.<\/p>\t\t\t\t\t\t\t\t<\/div>\n\t\t\t\t<\/div>\n\t\t\t\t\t<\/div>\n\t\t<\/div>\n\t\t\t\t\t<\/div>\n\t\t<\/section>\n\t\t\t\t<\/div>\n\t\t","protected":false},"excerpt":{"rendered":"<p>En medio de alegr\u00eda, aplausos y danza, la prefecta Roberta Zambrano junto a \u00cdtalo Cede\u00f1o Gerente de Petroecuador EP, entregaron la v\u00eda Vuelta Larga &#8211; Tabiazo &#8211; Carlos Concha, 100% rehabilitada. Esta obra es parte del renovado eje vial en un tramo de 27.5 km, que beneficia a 3 parroquias rurales del cant\u00f3n Esmeraldas, impulsando [&hellip;]<\/p>\n","protected":false},"author":2,"featured_media":14916,"comment_status":"closed","ping_status":"open","sticky":false,"template":"","format":"standard","meta":{"footnotes":""},"categories":[14],"tags":[],"class_list":["post-14914","post","type-post","status-publish","format-standard","has-post-thumbnail","hentry","category-vialidad"],"yoast_head":"<!-- This site is optimized with the Yoast SEO plugin v25.7 - https:\/\/yoast.com\/wordpress\/plugins\/seo\/ -->\n<title>Obra vial de la Prefectura de Esmeraldas y Petroecuador beneficia a 3 parroquias - Gobierno Aut\u00f3nomo Descentralizado de la Provincia de Esmeraldas<\/title>\n<meta name=\"robots\" content=\"index, follow, max-snippet:-1, max-image-preview:large, max-video-preview:-1\" \/>\n<link rel=\"canonical\" href=\"https:\/\/prefecturadeesmeraldas.gob.ec\/index.php\/2022\/02\/23\/obra-vial-de-la-prefectura-de-esmeraldas-y-petroecuador-beneficia-a-3-parroquias\/\" \/>\n<meta property=\"og:locale\" content=\"es_ES\" \/>\n<meta property=\"og:type\" content=\"article\" \/>\n<meta property=\"og:title\" content=\"Obra vial de la Prefectura de Esmeraldas y Petroecuador beneficia a 3 parroquias - Gobierno Aut\u00f3nomo Descentralizado de la Provincia de Esmeraldas\" \/>\n<meta property=\"og:description\" content=\"En medio de alegr\u00eda, aplausos y danza, la prefecta Roberta Zambrano junto a \u00cdtalo Cede\u00f1o Gerente de Petroecuador EP, entregaron la v\u00eda Vuelta Larga &#8211; Tabiazo &#8211; Carlos Concha, 100% rehabilitada. Esta obra es parte del renovado eje vial en un tramo de 27.5 km, que beneficia a 3 parroquias rurales del cant\u00f3n Esmeraldas, impulsando [&hellip;]\" \/>\n<meta property=\"og:url\" content=\"https:\/\/prefecturadeesmeraldas.gob.ec\/index.php\/2022\/02\/23\/obra-vial-de-la-prefectura-de-esmeraldas-y-petroecuador-beneficia-a-3-parroquias\/\" \/>\n<meta property=\"og:site_name\" content=\"Gobierno Aut\u00f3nomo Descentralizado de la Provincia de Esmeraldas\" \/>\n<meta property=\"article:publisher\" content=\"https:\/\/www.facebook.com\/PrefecturaEsmeraldas\/\" \/>\n<meta property=\"article:published_time\" content=\"2022-02-23T19:41:17+00:00\" \/>\n<meta property=\"article:modified_time\" content=\"2022-02-23T19:41:53+00:00\" \/>\n<meta property=\"og:image\" content=\"https:\/\/prefecturadeesmeraldas.gob.ec\/wp-content\/uploads\/2022\/02\/WhatsApp-Image-2022-02-23-at-10.38.04.jpeg\" \/>\n\t<meta property=\"og:image:width\" content=\"1211\" \/>\n\t<meta property=\"og:image:height\" content=\"1211\" \/>\n\t<meta property=\"og:image:type\" content=\"image\/jpeg\" \/>\n<meta name=\"author\" content=\"Direcci\u00f3n de Comunicaci\u00f3n\" \/>\n<meta name=\"twitter:card\" content=\"summary_large_image\" \/>\n<meta name=\"twitter:label1\" content=\"Escrito por\" \/>\n\t<meta name=\"twitter:data1\" content=\"Direcci\u00f3n de Comunicaci\u00f3n\" \/>\n\t<meta name=\"twitter:label2\" content=\"Tiempo de lectura\" \/>\n\t<meta name=\"twitter:data2\" content=\"1 minuto\" \/>\n<script type=\"application\/ld+json\" class=\"yoast-schema-graph\">{\"@context\":\"https:\/\/schema.org\",\"@graph\":[{\"@type\":\"Article\",\"@id\":\"https:\/\/prefecturadeesmeraldas.gob.ec\/index.php\/2022\/02\/23\/obra-vial-de-la-prefectura-de-esmeraldas-y-petroecuador-beneficia-a-3-parroquias\/#article\",\"isPartOf\":{\"@id\":\"https:\/\/prefecturadeesmeraldas.gob.ec\/index.php\/2022\/02\/23\/obra-vial-de-la-prefectura-de-esmeraldas-y-petroecuador-beneficia-a-3-parroquias\/\"},\"author\":{\"name\":\"Direcci\u00f3n de Comunicaci\u00f3n\",\"@id\":\"https:\/\/prefecturadeesmeraldas.gob.ec\/#\/schema\/person\/b0c9e7b1ead7725994d1e319e8825234\"},\"headline\":\"Obra vial de la Prefectura de Esmeraldas y Petroecuador beneficia a 3 parroquias\",\"datePublished\":\"2022-02-23T19:41:17+00:00\",\"dateModified\":\"2022-02-23T19:41:53+00:00\",\"mainEntityOfPage\":{\"@id\":\"https:\/\/prefecturadeesmeraldas.gob.ec\/index.php\/2022\/02\/23\/obra-vial-de-la-prefectura-de-esmeraldas-y-petroecuador-beneficia-a-3-parroquias\/\"},\"wordCount\":224,\"publisher\":{\"@id\":\"https:\/\/prefecturadeesmeraldas.gob.ec\/#organization\"},\"image\":{\"@id\":\"https:\/\/prefecturadeesmeraldas.gob.ec\/index.php\/2022\/02\/23\/obra-vial-de-la-prefectura-de-esmeraldas-y-petroecuador-beneficia-a-3-parroquias\/#primaryimage\"},\"thumbnailUrl\":\"https:\/\/prefecturadeesmeraldas.gob.ec\/wp-content\/uploads\/2022\/02\/WhatsApp-Image-2022-02-23-at-10.38.04.jpeg\",\"articleSection\":[\"Vialidad\"],\"inLanguage\":\"es\"},{\"@type\":\"WebPage\",\"@id\":\"https:\/\/prefecturadeesmeraldas.gob.ec\/index.php\/2022\/02\/23\/obra-vial-de-la-prefectura-de-esmeraldas-y-petroecuador-beneficia-a-3-parroquias\/\",\"url\":\"https:\/\/prefecturadeesmeraldas.gob.ec\/index.php\/2022\/02\/23\/obra-vial-de-la-prefectura-de-esmeraldas-y-petroecuador-beneficia-a-3-parroquias\/\",\"name\":\"Obra vial de la Prefectura de Esmeraldas y Petroecuador beneficia a 3 parroquias - Gobierno Aut\u00f3nomo Descentralizado de la Provincia de Esmeraldas\",\"isPartOf\":{\"@id\":\"https:\/\/prefecturadeesmeraldas.gob.ec\/#website\"},\"primaryImageOfPage\":{\"@id\":\"https:\/\/prefecturadeesmeraldas.gob.ec\/index.php\/2022\/02\/23\/obra-vial-de-la-prefectura-de-esmeraldas-y-petroecuador-beneficia-a-3-parroquias\/#primaryimage\"},\"image\":{\"@id\":\"https:\/\/prefecturadeesmeraldas.gob.ec\/index.php\/2022\/02\/23\/obra-vial-de-la-prefectura-de-esmeraldas-y-petroecuador-beneficia-a-3-parroquias\/#primaryimage\"},\"thumbnailUrl\":\"https:\/\/prefecturadeesmeraldas.gob.ec\/wp-content\/uploads\/2022\/02\/WhatsApp-Image-2022-02-23-at-10.38.04.jpeg\",\"datePublished\":\"2022-02-23T19:41:17+00:00\",\"dateModified\":\"2022-02-23T19:41:53+00:00\",\"breadcrumb\":{\"@id\":\"https:\/\/prefecturadeesmeraldas.gob.ec\/index.php\/2022\/02\/23\/obra-vial-de-la-prefectura-de-esmeraldas-y-petroecuador-beneficia-a-3-parroquias\/#breadcrumb\"},\"inLanguage\":\"es\",\"potentialAction\":[{\"@type\":\"ReadAction\",\"target\":[\"https:\/\/prefecturadeesmeraldas.gob.ec\/index.php\/2022\/02\/23\/obra-vial-de-la-prefectura-de-esmeraldas-y-petroecuador-beneficia-a-3-parroquias\/\"]}]},{\"@type\":\"ImageObject\",\"inLanguage\":\"es\",\"@id\":\"https:\/\/prefecturadeesmeraldas.gob.ec\/index.php\/2022\/02\/23\/obra-vial-de-la-prefectura-de-esmeraldas-y-petroecuador-beneficia-a-3-parroquias\/#primaryimage\",\"url\":\"https:\/\/prefecturadeesmeraldas.gob.ec\/wp-content\/uploads\/2022\/02\/WhatsApp-Image-2022-02-23-at-10.38.04.jpeg\",\"contentUrl\":\"https:\/\/prefecturadeesmeraldas.gob.ec\/wp-content\/uploads\/2022\/02\/WhatsApp-Image-2022-02-23-at-10.38.04.jpeg\",\"width\":1211,\"height\":1211},{\"@type\":\"BreadcrumbList\",\"@id\":\"https:\/\/prefecturadeesmeraldas.gob.ec\/index.php\/2022\/02\/23\/obra-vial-de-la-prefectura-de-esmeraldas-y-petroecuador-beneficia-a-3-parroquias\/#breadcrumb\",\"itemListElement\":[{\"@type\":\"ListItem\",\"position\":1,\"name\":\"Home\",\"item\":\"https:\/\/prefecturadeesmeraldas.gob.ec\/\"},{\"@type\":\"ListItem\",\"position\":2,\"name\":\"Obra vial de la Prefectura de Esmeraldas y Petroecuador beneficia a 3 parroquias\"}]},{\"@type\":\"WebSite\",\"@id\":\"https:\/\/prefecturadeesmeraldas.gob.ec\/#website\",\"url\":\"https:\/\/prefecturadeesmeraldas.gob.ec\/\",\"name\":\"Gobierno Aut\u00f3nomo Descentralizado de la Provincia de Esmeraldas\",\"description\":\"Gobierno Aut\u00f3nomo Descentralizado de la Provincia de Esmeraldas\",\"publisher\":{\"@id\":\"https:\/\/prefecturadeesmeraldas.gob.ec\/#organization\"},\"potentialAction\":[{\"@type\":\"SearchAction\",\"target\":{\"@type\":\"EntryPoint\",\"urlTemplate\":\"https:\/\/prefecturadeesmeraldas.gob.ec\/?s={search_term_string}\"},\"query-input\":{\"@type\":\"PropertyValueSpecification\",\"valueRequired\":true,\"valueName\":\"search_term_string\"}}],\"inLanguage\":\"es\"},{\"@type\":\"Organization\",\"@id\":\"https:\/\/prefecturadeesmeraldas.gob.ec\/#organization\",\"name\":\"Gobierno Aut\u00f3nomo Descentralizado de la Provincia de Esmeraldas\",\"url\":\"https:\/\/prefecturadeesmeraldas.gob.ec\/\",\"logo\":{\"@type\":\"ImageObject\",\"inLanguage\":\"es\",\"@id\":\"https:\/\/prefecturadeesmeraldas.gob.ec\/#\/schema\/logo\/image\/\",\"url\":\"https:\/\/prefecturadeesmeraldas.gob.ec\/wp-content\/uploads\/2019\/06\/logo.png\",\"contentUrl\":\"https:\/\/prefecturadeesmeraldas.gob.ec\/wp-content\/uploads\/2019\/06\/logo.png\",\"width\":859,\"height\":448,\"caption\":\"Gobierno Aut\u00f3nomo Descentralizado de la Provincia de Esmeraldas\"},\"image\":{\"@id\":\"https:\/\/prefecturadeesmeraldas.gob.ec\/#\/schema\/logo\/image\/\"},\"sameAs\":[\"https:\/\/www.facebook.com\/PrefecturaEsmeraldas\/\"]},{\"@type\":\"Person\",\"@id\":\"https:\/\/prefecturadeesmeraldas.gob.ec\/#\/schema\/person\/b0c9e7b1ead7725994d1e319e8825234\",\"name\":\"Direcci\u00f3n de Comunicaci\u00f3n\",\"image\":{\"@type\":\"ImageObject\",\"inLanguage\":\"es\",\"@id\":\"https:\/\/prefecturadeesmeraldas.gob.ec\/#\/schema\/person\/image\/\",\"url\":\"https:\/\/secure.gravatar.com\/avatar\/74a3870a946f5d774ade3569af61a72308e07ad3346f370c4b468ee2a9858658?s=96&d=mm&r=g\",\"contentUrl\":\"https:\/\/secure.gravatar.com\/avatar\/74a3870a946f5d774ade3569af61a72308e07ad3346f370c4b468ee2a9858658?s=96&d=mm&r=g\",\"caption\":\"Direcci\u00f3n de Comunicaci\u00f3n\"}}]}<\/script>\n<!-- \/ Yoast SEO plugin. -->","yoast_head_json":{"title":"Obra vial de la Prefectura de Esmeraldas y Petroecuador beneficia a 3 parroquias - Gobierno Aut\u00f3nomo Descentralizado de la Provincia de Esmeraldas","robots":{"index":"index","follow":"follow","max-snippet":"max-snippet:-1","max-image-preview":"max-image-preview:large","max-video-preview":"max-video-preview:-1"},"canonical":"https:\/\/prefecturadeesmeraldas.gob.ec\/index.php\/2022\/02\/23\/obra-vial-de-la-prefectura-de-esmeraldas-y-petroecuador-beneficia-a-3-parroquias\/","og_locale":"es_ES","og_type":"article","og_title":"Obra vial de la Prefectura de Esmeraldas y Petroecuador beneficia a 3 parroquias - Gobierno Aut\u00f3nomo Descentralizado de la Provincia de Esmeraldas","og_description":"En medio de alegr\u00eda, aplausos y danza, la prefecta Roberta Zambrano junto a \u00cdtalo Cede\u00f1o Gerente de Petroecuador EP, entregaron la v\u00eda Vuelta Larga &#8211; Tabiazo &#8211; Carlos Concha, 100% rehabilitada. Esta obra es parte del renovado eje vial en un tramo de 27.5 km, que beneficia a 3 parroquias rurales del cant\u00f3n Esmeraldas, impulsando [&hellip;]","og_url":"https:\/\/prefecturadeesmeraldas.gob.ec\/index.php\/2022\/02\/23\/obra-vial-de-la-prefectura-de-esmeraldas-y-petroecuador-beneficia-a-3-parroquias\/","og_site_name":"Gobierno Aut\u00f3nomo Descentralizado de la Provincia de Esmeraldas","article_publisher":"https:\/\/www.facebook.com\/PrefecturaEsmeraldas\/","article_published_time":"2022-02-23T19:41:17+00:00","article_modified_time":"2022-02-23T19:41:53+00:00","og_image":[{"width":1211,"height":1211,"url":"https:\/\/prefecturadeesmeraldas.gob.ec\/wp-content\/uploads\/2022\/02\/WhatsApp-Image-2022-02-23-at-10.38.04.jpeg","type":"image\/jpeg"}],"author":"Direcci\u00f3n de Comunicaci\u00f3n","twitter_card":"summary_large_image","twitter_misc":{"Escrito por":"Direcci\u00f3n de Comunicaci\u00f3n","Tiempo de lectura":"1 minuto"},"schema":{"@context":"https:\/\/schema.org","@graph":[{"@type":"Article","@id":"https:\/\/prefecturadeesmeraldas.gob.ec\/index.php\/2022\/02\/23\/obra-vial-de-la-prefectura-de-esmeraldas-y-petroecuador-beneficia-a-3-parroquias\/#article","isPartOf":{"@id":"https:\/\/prefecturadeesmeraldas.gob.ec\/index.php\/2022\/02\/23\/obra-vial-de-la-prefectura-de-esmeraldas-y-petroecuador-beneficia-a-3-parroquias\/"},"author":{"name":"Direcci\u00f3n de Comunicaci\u00f3n","@id":"https:\/\/prefecturadeesmeraldas.gob.ec\/#\/schema\/person\/b0c9e7b1ead7725994d1e319e8825234"},"headline":"Obra vial de la Prefectura de Esmeraldas y Petroecuador beneficia a 3 parroquias","datePublished":"2022-02-23T19:41:17+00:00","dateModified":"2022-02-23T19:41:53+00:00","mainEntityOfPage":{"@id":"https:\/\/prefecturadeesmeraldas.gob.ec\/index.php\/2022\/02\/23\/obra-vial-de-la-prefectura-de-esmeraldas-y-petroecuador-beneficia-a-3-parroquias\/"},"wordCount":224,"publisher":{"@id":"https:\/\/prefecturadeesmeraldas.gob.ec\/#organization"},"image":{"@id":"https:\/\/prefecturadeesmeraldas.gob.ec\/index.php\/2022\/02\/23\/obra-vial-de-la-prefectura-de-esmeraldas-y-petroecuador-beneficia-a-3-parroquias\/#primaryimage"},"thumbnailUrl":"https:\/\/prefecturadeesmeraldas.gob.ec\/wp-content\/uploads\/2022\/02\/WhatsApp-Image-2022-02-23-at-10.38.04.jpeg","articleSection":["Vialidad"],"inLanguage":"es"},{"@type":"WebPage","@id":"https:\/\/prefecturadeesmeraldas.gob.ec\/index.php\/2022\/02\/23\/obra-vial-de-la-prefectura-de-esmeraldas-y-petroecuador-beneficia-a-3-parroquias\/","url":"https:\/\/prefecturadeesmeraldas.gob.ec\/index.php\/2022\/02\/23\/obra-vial-de-la-prefectura-de-esmeraldas-y-petroecuador-beneficia-a-3-parroquias\/","name":"Obra vial de la Prefectura de Esmeraldas y Petroecuador beneficia a 3 parroquias - Gobierno Aut\u00f3nomo Descentralizado de la Provincia de Esmeraldas","isPartOf":{"@id":"https:\/\/prefecturadeesmeraldas.gob.ec\/#website"},"primaryImageOfPage":{"@id":"https:\/\/prefecturadeesmeraldas.gob.ec\/index.php\/2022\/02\/23\/obra-vial-de-la-prefectura-de-esmeraldas-y-petroecuador-beneficia-a-3-parroquias\/#primaryimage"},"image":{"@id":"https:\/\/prefecturadeesmeraldas.gob.ec\/index.php\/2022\/02\/23\/obra-vial-de-la-prefectura-de-esmeraldas-y-petroecuador-beneficia-a-3-parroquias\/#primaryimage"},"thumbnailUrl":"https:\/\/prefecturadeesmeraldas.gob.ec\/wp-content\/uploads\/2022\/02\/WhatsApp-Image-2022-02-23-at-10.38.04.jpeg","datePublished":"2022-02-23T19:41:17+00:00","dateModified":"2022-02-23T19:41:53+00:00","breadcrumb":{"@id":"https:\/\/prefecturadeesmeraldas.gob.ec\/index.php\/2022\/02\/23\/obra-vial-de-la-prefectura-de-esmeraldas-y-petroecuador-beneficia-a-3-parroquias\/#breadcrumb"},"inLanguage":"es","potentialAction":[{"@type":"ReadAction","target":["https:\/\/prefecturadeesmeraldas.gob.ec\/index.php\/2022\/02\/23\/obra-vial-de-la-prefectura-de-esmeraldas-y-petroecuador-beneficia-a-3-parroquias\/"]}]},{"@type":"ImageObject","inLanguage":"es","@id":"https:\/\/prefecturadeesmeraldas.gob.ec\/index.php\/2022\/02\/23\/obra-vial-de-la-prefectura-de-esmeraldas-y-petroecuador-beneficia-a-3-parroquias\/#primaryimage","url":"https:\/\/prefecturadeesmeraldas.gob.ec\/wp-content\/uploads\/2022\/02\/WhatsApp-Image-2022-02-23-at-10.38.04.jpeg","contentUrl":"https:\/\/prefecturadeesmeraldas.gob.ec\/wp-content\/uploads\/2022\/02\/WhatsApp-Image-2022-02-23-at-10.38.04.jpeg","width":1211,"height":1211},{"@type":"BreadcrumbList","@id":"https:\/\/prefecturadeesmeraldas.gob.ec\/index.php\/2022\/02\/23\/obra-vial-de-la-prefectura-de-esmeraldas-y-petroecuador-beneficia-a-3-parroquias\/#breadcrumb","itemListElement":[{"@type":"ListItem","position":1,"name":"Home","item":"https:\/\/prefecturadeesmeraldas.gob.ec\/"},{"@type":"ListItem","position":2,"name":"Obra vial de la Prefectura de Esmeraldas y Petroecuador beneficia a 3 parroquias"}]},{"@type":"WebSite","@id":"https:\/\/prefecturadeesmeraldas.gob.ec\/#website","url":"https:\/\/prefecturadeesmeraldas.gob.ec\/","name":"Gobierno Aut\u00f3nomo Descentralizado de la Provincia de Esmeraldas","description":"Gobierno Aut\u00f3nomo Descentralizado de la Provincia de Esmeraldas","publisher":{"@id":"https:\/\/prefecturadeesmeraldas.gob.ec\/#organization"},"potentialAction":[{"@type":"SearchAction","target":{"@type":"EntryPoint","urlTemplate":"https:\/\/prefecturadeesmeraldas.gob.ec\/?s={search_term_string}"},"query-input":{"@type":"PropertyValueSpecification","valueRequired":true,"valueName":"search_term_string"}}],"inLanguage":"es"},{"@type":"Organization","@id":"https:\/\/prefecturadeesmeraldas.gob.ec\/#organization","name":"Gobierno Aut\u00f3nomo Descentralizado de la Provincia de Esmeraldas","url":"https:\/\/prefecturadeesmeraldas.gob.ec\/","logo":{"@type":"ImageObject","inLanguage":"es","@id":"https:\/\/prefecturadeesmeraldas.gob.ec\/#\/schema\/logo\/image\/","url":"https:\/\/prefecturadeesmeraldas.gob.ec\/wp-content\/uploads\/2019\/06\/logo.png","contentUrl":"https:\/\/prefecturadeesmeraldas.gob.ec\/wp-content\/uploads\/2019\/06\/logo.png","width":859,"height":448,"caption":"Gobierno Aut\u00f3nomo Descentralizado de la Provincia de Esmeraldas"},"image":{"@id":"https:\/\/prefecturadeesmeraldas.gob.ec\/#\/schema\/logo\/image\/"},"sameAs":["https:\/\/www.facebook.com\/PrefecturaEsmeraldas\/"]},{"@type":"Person","@id":"https:\/\/prefecturadeesmeraldas.gob.ec\/#\/schema\/person\/b0c9e7b1ead7725994d1e319e8825234","name":"Direcci\u00f3n de Comunicaci\u00f3n","image":{"@type":"ImageObject","inLanguage":"es","@id":"https:\/\/prefecturadeesmeraldas.gob.ec\/#\/schema\/person\/image\/","url":"https:\/\/secure.gravatar.com\/avatar\/74a3870a946f5d774ade3569af61a72308e07ad3346f370c4b468ee2a9858658?s=96&d=mm&r=g","contentUrl":"https:\/\/secure.gravatar.com\/avatar\/74a3870a946f5d774ade3569af61a72308e07ad3346f370c4b468ee2a9858658?s=96&d=mm&r=g","caption":"Direcci\u00f3n de Comunicaci\u00f3n"}}]}},"_links":{"self":[{"href":"https:\/\/prefecturadeesmeraldas.gob.ec\/index.php\/wp-json\/wp\/v2\/posts\/14914","targetHints":{"allow":["GET"]}}],"collection":[{"href":"https:\/\/prefecturadeesmeraldas.gob.ec\/index.php\/wp-json\/wp\/v2\/posts"}],"about":[{"href":"https:\/\/prefecturadeesmeraldas.gob.ec\/index.php\/wp-json\/wp\/v2\/types\/post"}],"author":[{"embeddable":true,"href":"https:\/\/prefecturadeesmeraldas.gob.ec\/index.php\/wp-json\/wp\/v2\/users\/2"}],"replies":[{"embeddable":true,"href":"https:\/\/prefecturadeesmeraldas.gob.ec\/index.php\/wp-json\/wp\/v2\/comments?post=14914"}],"version-history":[{"count":0,"href":"https:\/\/prefecturadeesmeraldas.gob.ec\/index.php\/wp-json\/wp\/v2\/posts\/14914\/revisions"}],"wp:featuredmedia":[{"embeddable":true,"href":"https:\/\/prefecturadeesmeraldas.gob.ec\/index.php\/wp-json\/wp\/v2\/media\/14916"}],"wp:attachment":[{"href":"https:\/\/prefecturadeesmeraldas.gob.ec\/index.php\/wp-json\/wp\/v2\/media?parent=14914"}],"wp:term":[{"taxonomy":"category","embeddable":true,"href":"https:\/\/prefecturadeesmeraldas.gob.ec\/index.php\/wp-json\/wp\/v2\/categories?post=14914"},{"taxonomy":"post_tag","embeddable":true,"href":"https:\/\/prefecturadeesmeraldas.gob.ec\/index.php\/wp-json\/wp\/v2\/tags?post=14914"}],"curies":[{"name":"wp","href":"https:\/\/api.w.org\/{rel}","templated":true}]}}