{"id":14910,"date":"2022-02-23T14:37:50","date_gmt":"2022-02-23T19:37:50","guid":{"rendered":"https:\/\/prefecturadeesmeraldas.gob.ec\/?p=14910"},"modified":"2022-02-23T14:38:54","modified_gmt":"2022-02-23T19:38:54","slug":"petroecuador-destaca-el-trabajo-coordinado-que-se-realiza-con-la-prefectura-de-esmeraldas","status":"publish","type":"post","link":"https:\/\/prefecturadeesmeraldas.gob.ec\/index.php\/2022\/02\/23\/petroecuador-destaca-el-trabajo-coordinado-que-se-realiza-con-la-prefectura-de-esmeraldas\/","title":{"rendered":"Petroecuador destaca el trabajo coordinado que se realiza con la Prefectura de Esmeraldas"},"content":{"rendered":"\t\t<div data-elementor-type=\"wp-post\" data-elementor-id=\"14910\" class=\"elementor elementor-14910\">\n\t\t\t\t\t\t<section class=\"elementor-section elementor-top-section elementor-element elementor-element-ba96fe9 elementor-section-boxed elementor-section-height-default elementor-section-height-default\" data-id=\"ba96fe9\" data-element_type=\"section\">\n\t\t\t\t\t\t<div class=\"elementor-container elementor-column-gap-default\">\n\t\t\t\t\t<div class=\"elementor-column elementor-col-100 elementor-top-column elementor-element elementor-element-57718ab\" data-id=\"57718ab\" data-element_type=\"column\">\n\t\t\t<div class=\"elementor-widget-wrap elementor-element-populated\">\n\t\t\t\t\t\t<div class=\"elementor-element elementor-element-5bf7b16 elementor-widget elementor-widget-image\" data-id=\"5bf7b16\" data-element_type=\"widget\" data-widget_type=\"image.default\">\n\t\t\t\t<div class=\"elementor-widget-container\">\n\t\t\t\t\t\t\t\t\t\t\t\t\t\t\t<img fetchpriority=\"high\" decoding=\"async\" width=\"567\" height=\"567\" src=\"https:\/\/prefecturadeesmeraldas.gob.ec\/wp-content\/uploads\/2022\/02\/Imagen7-1.jpg\" class=\"attachment-large size-large wp-image-14911\" alt=\"\" srcset=\"https:\/\/prefecturadeesmeraldas.gob.ec\/wp-content\/uploads\/2022\/02\/Imagen7-1.jpg 567w, https:\/\/prefecturadeesmeraldas.gob.ec\/wp-content\/uploads\/2022\/02\/Imagen7-1-240x240.jpg 240w, https:\/\/prefecturadeesmeraldas.gob.ec\/wp-content\/uploads\/2022\/02\/Imagen7-1-150x150.jpg 150w, https:\/\/prefecturadeesmeraldas.gob.ec\/wp-content\/uploads\/2022\/02\/Imagen7-1-300x300.jpg 300w\" sizes=\"(max-width: 567px) 100vw, 567px\" \/>\t\t\t\t\t\t\t\t\t\t\t\t\t\t\t<\/div>\n\t\t\t\t<\/div>\n\t\t\t\t\t<\/div>\n\t\t<\/div>\n\t\t\t\t\t<\/div>\n\t\t<\/section>\n\t\t\t\t<section class=\"elementor-section elementor-top-section elementor-element elementor-element-406706f elementor-section-boxed elementor-section-height-default elementor-section-height-default\" data-id=\"406706f\" data-element_type=\"section\">\n\t\t\t\t\t\t<div class=\"elementor-container elementor-column-gap-default\">\n\t\t\t\t\t<div class=\"elementor-column elementor-col-100 elementor-top-column elementor-element elementor-element-23dd8ca\" data-id=\"23dd8ca\" data-element_type=\"column\">\n\t\t\t<div class=\"elementor-widget-wrap elementor-element-populated\">\n\t\t\t\t\t\t<div class=\"elementor-element elementor-element-101038e elementor-widget elementor-widget-text-editor\" data-id=\"101038e\" data-element_type=\"widget\" data-widget_type=\"text-editor.default\">\n\t\t\t\t<div class=\"elementor-widget-container\">\n\t\t\t\t\t\t\t\t\t<p>La estatal petrolera <strong>Petroecuador<\/strong>, resalt\u00f3 el trabajo coordinado que esta empresa se encuentra llevando adelante junto a la Prefecta de Esmeraldas <strong>Roberta Zambrano Ortiz<\/strong>. El pasado martes 22 de febrero, el Gerente de Petroecuador<strong>, \u00cdtalo Cede\u00f1o<\/strong>, solemniz\u00f3, junto a la prefecta Roberta Zambrano, la inauguraci\u00f3n de los 27.5 kil\u00f3metros de la carretera <strong>Vuelta Larga \u2013 Tabiazo \u2013 Carlos Concha<\/strong>, un sue\u00f1o anhelado por casi 10 mil familias que padecieron durante a\u00f1os por el abandono al que fueron sometidos en administraciones anteriores.<\/p><p>El Gerente General de <strong>EP Petroecuador<\/strong>, \u00cdtalo Cede\u00f1o, manifest\u00f3 que, para concretar este proyecto, la petrolera p\u00fablica invirti\u00f3 m\u00e1s de USD 4 millones para un beneficio de alrededor de 8 mil habitantes de los recintos 28 de Julio, Vuelta Larga, Tabiazo y Carlos Concha. \u201cUna de las prioridades del Gobierno del Encuentro es el desarrollo de las comunidades de las zonas de influencia cercanas a los proyectos hidrocarbur\u00edferos, acciones que han sido la premisa para la reactivaci\u00f3n econ\u00f3mica local\u201d, indic\u00f3.<\/p><p>\u201cDurante la ejecuci\u00f3n de los trabajos, se realiz\u00f3 la rehabilitaci\u00f3n y mantenimiento de 27,5 kil\u00f3metros, lo que incluy\u00f3 la colocaci\u00f3n de material de mejoramiento a nivel de base, material p\u00e9treo, pavimento asf\u00e1ltico, bacheo, construcci\u00f3n de bordillos y cunetas, muros de gaviones, adem\u00e1s corte y estabilizaci\u00f3n de taludes en la v\u00eda.\u00a0<strong>\u201cHemos venido hoy, todos los gerentes que tenemos que ver con las actividades en Esmeraldas. Cuenten con nuestro apoyo y el del Se\u00f1or Presidente, Guillermo Lasso, siempre. Estamos aqu\u00ed para trabajar en beneficio de la provincia y del pa\u00eds\u201d,<\/strong>\u00a0se\u00f1al\u00f3, Petroecuador en una publicaci\u00f3n oficial\u201d.<\/p>\t\t\t\t\t\t\t\t<\/div>\n\t\t\t\t<\/div>\n\t\t\t\t\t<\/div>\n\t\t<\/div>\n\t\t\t\t\t<\/div>\n\t\t<\/section>\n\t\t\t\t<\/div>\n\t\t","protected":false},"excerpt":{"rendered":"<p>La estatal petrolera Petroecuador, resalt\u00f3 el trabajo coordinado que esta empresa se encuentra llevando adelante junto a la Prefecta de Esmeraldas Roberta Zambrano Ortiz. El pasado martes 22 de febrero, el Gerente de Petroecuador, \u00cdtalo Cede\u00f1o, solemniz\u00f3, junto a la prefecta Roberta Zambrano, la inauguraci\u00f3n de los 27.5 kil\u00f3metros de la carretera Vuelta Larga \u2013 [&hellip;]<\/p>\n","protected":false},"author":2,"featured_media":14911,"comment_status":"closed","ping_status":"open","sticky":false,"template":"","format":"standard","meta":{"footnotes":""},"categories":[14],"tags":[],"class_list":["post-14910","post","type-post","status-publish","format-standard","has-post-thumbnail","hentry","category-vialidad"],"yoast_head":"<!-- This site is optimized with the Yoast SEO plugin v25.7 - https:\/\/yoast.com\/wordpress\/plugins\/seo\/ -->\n<title>Petroecuador destaca el trabajo coordinado que se realiza con la Prefectura de Esmeraldas - Gobierno Aut\u00f3nomo Descentralizado de la Provincia de Esmeraldas<\/title>\n<meta name=\"robots\" content=\"index, follow, max-snippet:-1, max-image-preview:large, max-video-preview:-1\" \/>\n<link rel=\"canonical\" href=\"https:\/\/prefecturadeesmeraldas.gob.ec\/index.php\/2022\/02\/23\/petroecuador-destaca-el-trabajo-coordinado-que-se-realiza-con-la-prefectura-de-esmeraldas\/\" \/>\n<meta property=\"og:locale\" content=\"es_ES\" \/>\n<meta property=\"og:type\" content=\"article\" \/>\n<meta property=\"og:title\" content=\"Petroecuador destaca el trabajo coordinado que se realiza con la Prefectura de Esmeraldas - Gobierno Aut\u00f3nomo Descentralizado de la Provincia de Esmeraldas\" \/>\n<meta property=\"og:description\" content=\"La estatal petrolera Petroecuador, resalt\u00f3 el trabajo coordinado que esta empresa se encuentra llevando adelante junto a la Prefecta de Esmeraldas Roberta Zambrano Ortiz. El pasado martes 22 de febrero, el Gerente de Petroecuador, \u00cdtalo Cede\u00f1o, solemniz\u00f3, junto a la prefecta Roberta Zambrano, la inauguraci\u00f3n de los 27.5 kil\u00f3metros de la carretera Vuelta Larga \u2013 [&hellip;]\" \/>\n<meta property=\"og:url\" content=\"https:\/\/prefecturadeesmeraldas.gob.ec\/index.php\/2022\/02\/23\/petroecuador-destaca-el-trabajo-coordinado-que-se-realiza-con-la-prefectura-de-esmeraldas\/\" \/>\n<meta property=\"og:site_name\" content=\"Gobierno Aut\u00f3nomo Descentralizado de la Provincia de Esmeraldas\" \/>\n<meta property=\"article:publisher\" content=\"https:\/\/www.facebook.com\/PrefecturaEsmeraldas\/\" \/>\n<meta property=\"article:published_time\" content=\"2022-02-23T19:37:50+00:00\" \/>\n<meta property=\"article:modified_time\" content=\"2022-02-23T19:38:54+00:00\" \/>\n<meta property=\"og:image\" content=\"https:\/\/prefecturadeesmeraldas.gob.ec\/wp-content\/uploads\/2022\/02\/Imagen7-1.jpg\" \/>\n\t<meta property=\"og:image:width\" content=\"567\" \/>\n\t<meta property=\"og:image:height\" content=\"567\" \/>\n\t<meta property=\"og:image:type\" content=\"image\/jpeg\" \/>\n<meta name=\"author\" content=\"Direcci\u00f3n de Comunicaci\u00f3n\" \/>\n<meta name=\"twitter:card\" content=\"summary_large_image\" \/>\n<meta name=\"twitter:label1\" content=\"Escrito por\" \/>\n\t<meta name=\"twitter:data1\" content=\"Direcci\u00f3n de Comunicaci\u00f3n\" \/>\n\t<meta name=\"twitter:label2\" content=\"Tiempo de lectura\" \/>\n\t<meta name=\"twitter:data2\" content=\"1 minuto\" \/>\n<script type=\"application\/ld+json\" class=\"yoast-schema-graph\">{\"@context\":\"https:\/\/schema.org\",\"@graph\":[{\"@type\":\"Article\",\"@id\":\"https:\/\/prefecturadeesmeraldas.gob.ec\/index.php\/2022\/02\/23\/petroecuador-destaca-el-trabajo-coordinado-que-se-realiza-con-la-prefectura-de-esmeraldas\/#article\",\"isPartOf\":{\"@id\":\"https:\/\/prefecturadeesmeraldas.gob.ec\/index.php\/2022\/02\/23\/petroecuador-destaca-el-trabajo-coordinado-que-se-realiza-con-la-prefectura-de-esmeraldas\/\"},\"author\":{\"name\":\"Direcci\u00f3n de Comunicaci\u00f3n\",\"@id\":\"https:\/\/prefecturadeesmeraldas.gob.ec\/#\/schema\/person\/b0c9e7b1ead7725994d1e319e8825234\"},\"headline\":\"Petroecuador destaca el trabajo coordinado que se realiza con la Prefectura de Esmeraldas\",\"datePublished\":\"2022-02-23T19:37:50+00:00\",\"dateModified\":\"2022-02-23T19:38:54+00:00\",\"mainEntityOfPage\":{\"@id\":\"https:\/\/prefecturadeesmeraldas.gob.ec\/index.php\/2022\/02\/23\/petroecuador-destaca-el-trabajo-coordinado-que-se-realiza-con-la-prefectura-de-esmeraldas\/\"},\"wordCount\":285,\"publisher\":{\"@id\":\"https:\/\/prefecturadeesmeraldas.gob.ec\/#organization\"},\"image\":{\"@id\":\"https:\/\/prefecturadeesmeraldas.gob.ec\/index.php\/2022\/02\/23\/petroecuador-destaca-el-trabajo-coordinado-que-se-realiza-con-la-prefectura-de-esmeraldas\/#primaryimage\"},\"thumbnailUrl\":\"https:\/\/prefecturadeesmeraldas.gob.ec\/wp-content\/uploads\/2022\/02\/Imagen7-1.jpg\",\"articleSection\":[\"Vialidad\"],\"inLanguage\":\"es\"},{\"@type\":\"WebPage\",\"@id\":\"https:\/\/prefecturadeesmeraldas.gob.ec\/index.php\/2022\/02\/23\/petroecuador-destaca-el-trabajo-coordinado-que-se-realiza-con-la-prefectura-de-esmeraldas\/\",\"url\":\"https:\/\/prefecturadeesmeraldas.gob.ec\/index.php\/2022\/02\/23\/petroecuador-destaca-el-trabajo-coordinado-que-se-realiza-con-la-prefectura-de-esmeraldas\/\",\"name\":\"Petroecuador destaca el trabajo coordinado que se realiza con la Prefectura de Esmeraldas - Gobierno Aut\u00f3nomo Descentralizado de la Provincia de Esmeraldas\",\"isPartOf\":{\"@id\":\"https:\/\/prefecturadeesmeraldas.gob.ec\/#website\"},\"primaryImageOfPage\":{\"@id\":\"https:\/\/prefecturadeesmeraldas.gob.ec\/index.php\/2022\/02\/23\/petroecuador-destaca-el-trabajo-coordinado-que-se-realiza-con-la-prefectura-de-esmeraldas\/#primaryimage\"},\"image\":{\"@id\":\"https:\/\/prefecturadeesmeraldas.gob.ec\/index.php\/2022\/02\/23\/petroecuador-destaca-el-trabajo-coordinado-que-se-realiza-con-la-prefectura-de-esmeraldas\/#primaryimage\"},\"thumbnailUrl\":\"https:\/\/prefecturadeesmeraldas.gob.ec\/wp-content\/uploads\/2022\/02\/Imagen7-1.jpg\",\"datePublished\":\"2022-02-23T19:37:50+00:00\",\"dateModified\":\"2022-02-23T19:38:54+00:00\",\"breadcrumb\":{\"@id\":\"https:\/\/prefecturadeesmeraldas.gob.ec\/index.php\/2022\/02\/23\/petroecuador-destaca-el-trabajo-coordinado-que-se-realiza-con-la-prefectura-de-esmeraldas\/#breadcrumb\"},\"inLanguage\":\"es\",\"potentialAction\":[{\"@type\":\"ReadAction\",\"target\":[\"https:\/\/prefecturadeesmeraldas.gob.ec\/index.php\/2022\/02\/23\/petroecuador-destaca-el-trabajo-coordinado-que-se-realiza-con-la-prefectura-de-esmeraldas\/\"]}]},{\"@type\":\"ImageObject\",\"inLanguage\":\"es\",\"@id\":\"https:\/\/prefecturadeesmeraldas.gob.ec\/index.php\/2022\/02\/23\/petroecuador-destaca-el-trabajo-coordinado-que-se-realiza-con-la-prefectura-de-esmeraldas\/#primaryimage\",\"url\":\"https:\/\/prefecturadeesmeraldas.gob.ec\/wp-content\/uploads\/2022\/02\/Imagen7-1.jpg\",\"contentUrl\":\"https:\/\/prefecturadeesmeraldas.gob.ec\/wp-content\/uploads\/2022\/02\/Imagen7-1.jpg\",\"width\":567,\"height\":567},{\"@type\":\"BreadcrumbList\",\"@id\":\"https:\/\/prefecturadeesmeraldas.gob.ec\/index.php\/2022\/02\/23\/petroecuador-destaca-el-trabajo-coordinado-que-se-realiza-con-la-prefectura-de-esmeraldas\/#breadcrumb\",\"itemListElement\":[{\"@type\":\"ListItem\",\"position\":1,\"name\":\"Home\",\"item\":\"https:\/\/prefecturadeesmeraldas.gob.ec\/\"},{\"@type\":\"ListItem\",\"position\":2,\"name\":\"Petroecuador destaca el trabajo coordinado que se realiza con la Prefectura de Esmeraldas\"}]},{\"@type\":\"WebSite\",\"@id\":\"https:\/\/prefecturadeesmeraldas.gob.ec\/#website\",\"url\":\"https:\/\/prefecturadeesmeraldas.gob.ec\/\",\"name\":\"Gobierno Aut\u00f3nomo Descentralizado de la Provincia de Esmeraldas\",\"description\":\"Gobierno Aut\u00f3nomo Descentralizado de la Provincia de Esmeraldas\",\"publisher\":{\"@id\":\"https:\/\/prefecturadeesmeraldas.gob.ec\/#organization\"},\"potentialAction\":[{\"@type\":\"SearchAction\",\"target\":{\"@type\":\"EntryPoint\",\"urlTemplate\":\"https:\/\/prefecturadeesmeraldas.gob.ec\/?s={search_term_string}\"},\"query-input\":{\"@type\":\"PropertyValueSpecification\",\"valueRequired\":true,\"valueName\":\"search_term_string\"}}],\"inLanguage\":\"es\"},{\"@type\":\"Organization\",\"@id\":\"https:\/\/prefecturadeesmeraldas.gob.ec\/#organization\",\"name\":\"Gobierno Aut\u00f3nomo Descentralizado de la Provincia de Esmeraldas\",\"url\":\"https:\/\/prefecturadeesmeraldas.gob.ec\/\",\"logo\":{\"@type\":\"ImageObject\",\"inLanguage\":\"es\",\"@id\":\"https:\/\/prefecturadeesmeraldas.gob.ec\/#\/schema\/logo\/image\/\",\"url\":\"https:\/\/prefecturadeesmeraldas.gob.ec\/wp-content\/uploads\/2019\/06\/logo.png\",\"contentUrl\":\"https:\/\/prefecturadeesmeraldas.gob.ec\/wp-content\/uploads\/2019\/06\/logo.png\",\"width\":859,\"height\":448,\"caption\":\"Gobierno Aut\u00f3nomo Descentralizado de la Provincia de Esmeraldas\"},\"image\":{\"@id\":\"https:\/\/prefecturadeesmeraldas.gob.ec\/#\/schema\/logo\/image\/\"},\"sameAs\":[\"https:\/\/www.facebook.com\/PrefecturaEsmeraldas\/\"]},{\"@type\":\"Person\",\"@id\":\"https:\/\/prefecturadeesmeraldas.gob.ec\/#\/schema\/person\/b0c9e7b1ead7725994d1e319e8825234\",\"name\":\"Direcci\u00f3n de Comunicaci\u00f3n\",\"image\":{\"@type\":\"ImageObject\",\"inLanguage\":\"es\",\"@id\":\"https:\/\/prefecturadeesmeraldas.gob.ec\/#\/schema\/person\/image\/\",\"url\":\"https:\/\/secure.gravatar.com\/avatar\/74a3870a946f5d774ade3569af61a72308e07ad3346f370c4b468ee2a9858658?s=96&d=mm&r=g\",\"contentUrl\":\"https:\/\/secure.gravatar.com\/avatar\/74a3870a946f5d774ade3569af61a72308e07ad3346f370c4b468ee2a9858658?s=96&d=mm&r=g\",\"caption\":\"Direcci\u00f3n de Comunicaci\u00f3n\"}}]}<\/script>\n<!-- \/ Yoast SEO plugin. -->","yoast_head_json":{"title":"Petroecuador destaca el trabajo coordinado que se realiza con la Prefectura de Esmeraldas - Gobierno Aut\u00f3nomo Descentralizado de la Provincia de Esmeraldas","robots":{"index":"index","follow":"follow","max-snippet":"max-snippet:-1","max-image-preview":"max-image-preview:large","max-video-preview":"max-video-preview:-1"},"canonical":"https:\/\/prefecturadeesmeraldas.gob.ec\/index.php\/2022\/02\/23\/petroecuador-destaca-el-trabajo-coordinado-que-se-realiza-con-la-prefectura-de-esmeraldas\/","og_locale":"es_ES","og_type":"article","og_title":"Petroecuador destaca el trabajo coordinado que se realiza con la Prefectura de Esmeraldas - Gobierno Aut\u00f3nomo Descentralizado de la Provincia de Esmeraldas","og_description":"La estatal petrolera Petroecuador, resalt\u00f3 el trabajo coordinado que esta empresa se encuentra llevando adelante junto a la Prefecta de Esmeraldas Roberta Zambrano Ortiz. El pasado martes 22 de febrero, el Gerente de Petroecuador, \u00cdtalo Cede\u00f1o, solemniz\u00f3, junto a la prefecta Roberta Zambrano, la inauguraci\u00f3n de los 27.5 kil\u00f3metros de la carretera Vuelta Larga \u2013 [&hellip;]","og_url":"https:\/\/prefecturadeesmeraldas.gob.ec\/index.php\/2022\/02\/23\/petroecuador-destaca-el-trabajo-coordinado-que-se-realiza-con-la-prefectura-de-esmeraldas\/","og_site_name":"Gobierno Aut\u00f3nomo Descentralizado de la Provincia de Esmeraldas","article_publisher":"https:\/\/www.facebook.com\/PrefecturaEsmeraldas\/","article_published_time":"2022-02-23T19:37:50+00:00","article_modified_time":"2022-02-23T19:38:54+00:00","og_image":[{"width":567,"height":567,"url":"https:\/\/prefecturadeesmeraldas.gob.ec\/wp-content\/uploads\/2022\/02\/Imagen7-1.jpg","type":"image\/jpeg"}],"author":"Direcci\u00f3n de Comunicaci\u00f3n","twitter_card":"summary_large_image","twitter_misc":{"Escrito por":"Direcci\u00f3n de Comunicaci\u00f3n","Tiempo de lectura":"1 minuto"},"schema":{"@context":"https:\/\/schema.org","@graph":[{"@type":"Article","@id":"https:\/\/prefecturadeesmeraldas.gob.ec\/index.php\/2022\/02\/23\/petroecuador-destaca-el-trabajo-coordinado-que-se-realiza-con-la-prefectura-de-esmeraldas\/#article","isPartOf":{"@id":"https:\/\/prefecturadeesmeraldas.gob.ec\/index.php\/2022\/02\/23\/petroecuador-destaca-el-trabajo-coordinado-que-se-realiza-con-la-prefectura-de-esmeraldas\/"},"author":{"name":"Direcci\u00f3n de Comunicaci\u00f3n","@id":"https:\/\/prefecturadeesmeraldas.gob.ec\/#\/schema\/person\/b0c9e7b1ead7725994d1e319e8825234"},"headline":"Petroecuador destaca el trabajo coordinado que se realiza con la Prefectura de Esmeraldas","datePublished":"2022-02-23T19:37:50+00:00","dateModified":"2022-02-23T19:38:54+00:00","mainEntityOfPage":{"@id":"https:\/\/prefecturadeesmeraldas.gob.ec\/index.php\/2022\/02\/23\/petroecuador-destaca-el-trabajo-coordinado-que-se-realiza-con-la-prefectura-de-esmeraldas\/"},"wordCount":285,"publisher":{"@id":"https:\/\/prefecturadeesmeraldas.gob.ec\/#organization"},"image":{"@id":"https:\/\/prefecturadeesmeraldas.gob.ec\/index.php\/2022\/02\/23\/petroecuador-destaca-el-trabajo-coordinado-que-se-realiza-con-la-prefectura-de-esmeraldas\/#primaryimage"},"thumbnailUrl":"https:\/\/prefecturadeesmeraldas.gob.ec\/wp-content\/uploads\/2022\/02\/Imagen7-1.jpg","articleSection":["Vialidad"],"inLanguage":"es"},{"@type":"WebPage","@id":"https:\/\/prefecturadeesmeraldas.gob.ec\/index.php\/2022\/02\/23\/petroecuador-destaca-el-trabajo-coordinado-que-se-realiza-con-la-prefectura-de-esmeraldas\/","url":"https:\/\/prefecturadeesmeraldas.gob.ec\/index.php\/2022\/02\/23\/petroecuador-destaca-el-trabajo-coordinado-que-se-realiza-con-la-prefectura-de-esmeraldas\/","name":"Petroecuador destaca el trabajo coordinado que se realiza con la Prefectura de Esmeraldas - Gobierno Aut\u00f3nomo Descentralizado de la Provincia de Esmeraldas","isPartOf":{"@id":"https:\/\/prefecturadeesmeraldas.gob.ec\/#website"},"primaryImageOfPage":{"@id":"https:\/\/prefecturadeesmeraldas.gob.ec\/index.php\/2022\/02\/23\/petroecuador-destaca-el-trabajo-coordinado-que-se-realiza-con-la-prefectura-de-esmeraldas\/#primaryimage"},"image":{"@id":"https:\/\/prefecturadeesmeraldas.gob.ec\/index.php\/2022\/02\/23\/petroecuador-destaca-el-trabajo-coordinado-que-se-realiza-con-la-prefectura-de-esmeraldas\/#primaryimage"},"thumbnailUrl":"https:\/\/prefecturadeesmeraldas.gob.ec\/wp-content\/uploads\/2022\/02\/Imagen7-1.jpg","datePublished":"2022-02-23T19:37:50+00:00","dateModified":"2022-02-23T19:38:54+00:00","breadcrumb":{"@id":"https:\/\/prefecturadeesmeraldas.gob.ec\/index.php\/2022\/02\/23\/petroecuador-destaca-el-trabajo-coordinado-que-se-realiza-con-la-prefectura-de-esmeraldas\/#breadcrumb"},"inLanguage":"es","potentialAction":[{"@type":"ReadAction","target":["https:\/\/prefecturadeesmeraldas.gob.ec\/index.php\/2022\/02\/23\/petroecuador-destaca-el-trabajo-coordinado-que-se-realiza-con-la-prefectura-de-esmeraldas\/"]}]},{"@type":"ImageObject","inLanguage":"es","@id":"https:\/\/prefecturadeesmeraldas.gob.ec\/index.php\/2022\/02\/23\/petroecuador-destaca-el-trabajo-coordinado-que-se-realiza-con-la-prefectura-de-esmeraldas\/#primaryimage","url":"https:\/\/prefecturadeesmeraldas.gob.ec\/wp-content\/uploads\/2022\/02\/Imagen7-1.jpg","contentUrl":"https:\/\/prefecturadeesmeraldas.gob.ec\/wp-content\/uploads\/2022\/02\/Imagen7-1.jpg","width":567,"height":567},{"@type":"BreadcrumbList","@id":"https:\/\/prefecturadeesmeraldas.gob.ec\/index.php\/2022\/02\/23\/petroecuador-destaca-el-trabajo-coordinado-que-se-realiza-con-la-prefectura-de-esmeraldas\/#breadcrumb","itemListElement":[{"@type":"ListItem","position":1,"name":"Home","item":"https:\/\/prefecturadeesmeraldas.gob.ec\/"},{"@type":"ListItem","position":2,"name":"Petroecuador destaca el trabajo coordinado que se realiza con la Prefectura de Esmeraldas"}]},{"@type":"WebSite","@id":"https:\/\/prefecturadeesmeraldas.gob.ec\/#website","url":"https:\/\/prefecturadeesmeraldas.gob.ec\/","name":"Gobierno Aut\u00f3nomo Descentralizado de la Provincia de Esmeraldas","description":"Gobierno Aut\u00f3nomo Descentralizado de la Provincia de Esmeraldas","publisher":{"@id":"https:\/\/prefecturadeesmeraldas.gob.ec\/#organization"},"potentialAction":[{"@type":"SearchAction","target":{"@type":"EntryPoint","urlTemplate":"https:\/\/prefecturadeesmeraldas.gob.ec\/?s={search_term_string}"},"query-input":{"@type":"PropertyValueSpecification","valueRequired":true,"valueName":"search_term_string"}}],"inLanguage":"es"},{"@type":"Organization","@id":"https:\/\/prefecturadeesmeraldas.gob.ec\/#organization","name":"Gobierno Aut\u00f3nomo Descentralizado de la Provincia de Esmeraldas","url":"https:\/\/prefecturadeesmeraldas.gob.ec\/","logo":{"@type":"ImageObject","inLanguage":"es","@id":"https:\/\/prefecturadeesmeraldas.gob.ec\/#\/schema\/logo\/image\/","url":"https:\/\/prefecturadeesmeraldas.gob.ec\/wp-content\/uploads\/2019\/06\/logo.png","contentUrl":"https:\/\/prefecturadeesmeraldas.gob.ec\/wp-content\/uploads\/2019\/06\/logo.png","width":859,"height":448,"caption":"Gobierno Aut\u00f3nomo Descentralizado de la Provincia de Esmeraldas"},"image":{"@id":"https:\/\/prefecturadeesmeraldas.gob.ec\/#\/schema\/logo\/image\/"},"sameAs":["https:\/\/www.facebook.com\/PrefecturaEsmeraldas\/"]},{"@type":"Person","@id":"https:\/\/prefecturadeesmeraldas.gob.ec\/#\/schema\/person\/b0c9e7b1ead7725994d1e319e8825234","name":"Direcci\u00f3n de Comunicaci\u00f3n","image":{"@type":"ImageObject","inLanguage":"es","@id":"https:\/\/prefecturadeesmeraldas.gob.ec\/#\/schema\/person\/image\/","url":"https:\/\/secure.gravatar.com\/avatar\/74a3870a946f5d774ade3569af61a72308e07ad3346f370c4b468ee2a9858658?s=96&d=mm&r=g","contentUrl":"https:\/\/secure.gravatar.com\/avatar\/74a3870a946f5d774ade3569af61a72308e07ad3346f370c4b468ee2a9858658?s=96&d=mm&r=g","caption":"Direcci\u00f3n de Comunicaci\u00f3n"}}]}},"_links":{"self":[{"href":"https:\/\/prefecturadeesmeraldas.gob.ec\/index.php\/wp-json\/wp\/v2\/posts\/14910","targetHints":{"allow":["GET"]}}],"collection":[{"href":"https:\/\/prefecturadeesmeraldas.gob.ec\/index.php\/wp-json\/wp\/v2\/posts"}],"about":[{"href":"https:\/\/prefecturadeesmeraldas.gob.ec\/index.php\/wp-json\/wp\/v2\/types\/post"}],"author":[{"embeddable":true,"href":"https:\/\/prefecturadeesmeraldas.gob.ec\/index.php\/wp-json\/wp\/v2\/users\/2"}],"replies":[{"embeddable":true,"href":"https:\/\/prefecturadeesmeraldas.gob.ec\/index.php\/wp-json\/wp\/v2\/comments?post=14910"}],"version-history":[{"count":0,"href":"https:\/\/prefecturadeesmeraldas.gob.ec\/index.php\/wp-json\/wp\/v2\/posts\/14910\/revisions"}],"wp:featuredmedia":[{"embeddable":true,"href":"https:\/\/prefecturadeesmeraldas.gob.ec\/index.php\/wp-json\/wp\/v2\/media\/14911"}],"wp:attachment":[{"href":"https:\/\/prefecturadeesmeraldas.gob.ec\/index.php\/wp-json\/wp\/v2\/media?parent=14910"}],"wp:term":[{"taxonomy":"category","embeddable":true,"href":"https:\/\/prefecturadeesmeraldas.gob.ec\/index.php\/wp-json\/wp\/v2\/categories?post=14910"},{"taxonomy":"post_tag","embeddable":true,"href":"https:\/\/prefecturadeesmeraldas.gob.ec\/index.php\/wp-json\/wp\/v2\/tags?post=14910"}],"curies":[{"name":"wp","href":"https:\/\/api.w.org\/{rel}","templated":true}]}}