{"id":14635,"date":"2022-02-16T12:02:11","date_gmt":"2022-02-16T17:02:11","guid":{"rendered":"https:\/\/prefecturadeesmeraldas.gob.ec\/?p=14635"},"modified":"2022-02-16T12:05:49","modified_gmt":"2022-02-16T17:05:49","slug":"habitantes-de-santa-lucia-de-las-penas-respaldan-inicios-de-trabajos-y-ratifican-su-apoyo-a-la-prefecta-roberta-zambrano","status":"publish","type":"post","link":"https:\/\/prefecturadeesmeraldas.gob.ec\/index.php\/2022\/02\/16\/habitantes-de-santa-lucia-de-las-penas-respaldan-inicios-de-trabajos-y-ratifican-su-apoyo-a-la-prefecta-roberta-zambrano\/","title":{"rendered":"Habitantes de Santa Luc\u00eda de las Pe\u00f1as respaldan inicios de trabajos y ratifican su apoyo a la prefecta Roberta Zambrano"},"content":{"rendered":"\t\t<div data-elementor-type=\"wp-post\" data-elementor-id=\"14635\" class=\"elementor elementor-14635\">\n\t\t\t\t\t\t<section class=\"elementor-section elementor-top-section elementor-element elementor-element-026c705 elementor-section-boxed elementor-section-height-default elementor-section-height-default\" data-id=\"026c705\" data-element_type=\"section\">\n\t\t\t\t\t\t<div class=\"elementor-container elementor-column-gap-default\">\n\t\t\t\t\t<div class=\"elementor-column elementor-col-100 elementor-top-column elementor-element elementor-element-e3da9e1\" data-id=\"e3da9e1\" data-element_type=\"column\">\n\t\t\t<div class=\"elementor-widget-wrap elementor-element-populated\">\n\t\t\t\t\t\t<div class=\"elementor-element elementor-element-eaa9522 elementor-widget elementor-widget-image\" data-id=\"eaa9522\" data-element_type=\"widget\" data-widget_type=\"image.default\">\n\t\t\t\t<div class=\"elementor-widget-container\">\n\t\t\t\t\t\t\t\t\t\t\t\t\t\t\t<img fetchpriority=\"high\" decoding=\"async\" width=\"1024\" height=\"1024\" src=\"https:\/\/prefecturadeesmeraldas.gob.ec\/wp-content\/uploads\/2022\/02\/WhatsApp-Image-2022-02-14-at-08.59.58-2-1024x1024.jpeg\" class=\"attachment-large size-large wp-image-14636\" alt=\"\" srcset=\"https:\/\/prefecturadeesmeraldas.gob.ec\/wp-content\/uploads\/2022\/02\/WhatsApp-Image-2022-02-14-at-08.59.58-2-1024x1024.jpeg 1024w, https:\/\/prefecturadeesmeraldas.gob.ec\/wp-content\/uploads\/2022\/02\/WhatsApp-Image-2022-02-14-at-08.59.58-2-240x240.jpeg 240w, https:\/\/prefecturadeesmeraldas.gob.ec\/wp-content\/uploads\/2022\/02\/WhatsApp-Image-2022-02-14-at-08.59.58-2-1080x1080.jpeg 1080w, https:\/\/prefecturadeesmeraldas.gob.ec\/wp-content\/uploads\/2022\/02\/WhatsApp-Image-2022-02-14-at-08.59.58-2-150x150.jpeg 150w, https:\/\/prefecturadeesmeraldas.gob.ec\/wp-content\/uploads\/2022\/02\/WhatsApp-Image-2022-02-14-at-08.59.58-2-300x300.jpeg 300w, https:\/\/prefecturadeesmeraldas.gob.ec\/wp-content\/uploads\/2022\/02\/WhatsApp-Image-2022-02-14-at-08.59.58-2-768x768.jpeg 768w, https:\/\/prefecturadeesmeraldas.gob.ec\/wp-content\/uploads\/2022\/02\/WhatsApp-Image-2022-02-14-at-08.59.58-2.jpeg 1280w\" sizes=\"(max-width: 1024px) 100vw, 1024px\" \/>\t\t\t\t\t\t\t\t\t\t\t\t\t\t\t<\/div>\n\t\t\t\t<\/div>\n\t\t\t\t\t<\/div>\n\t\t<\/div>\n\t\t\t\t\t<\/div>\n\t\t<\/section>\n\t\t\t\t<section class=\"elementor-section elementor-top-section elementor-element elementor-element-a7df690 elementor-section-boxed elementor-section-height-default elementor-section-height-default\" data-id=\"a7df690\" data-element_type=\"section\">\n\t\t\t\t\t\t<div class=\"elementor-container elementor-column-gap-default\">\n\t\t\t\t\t<div class=\"elementor-column elementor-col-100 elementor-top-column elementor-element elementor-element-276286d\" data-id=\"276286d\" data-element_type=\"column\">\n\t\t\t<div class=\"elementor-widget-wrap elementor-element-populated\">\n\t\t\t\t\t\t<div class=\"elementor-element elementor-element-9ebce43 elementor-widget elementor-widget-text-editor\" data-id=\"9ebce43\" data-element_type=\"widget\" data-widget_type=\"text-editor.default\">\n\t\t\t\t<div class=\"elementor-widget-container\">\n\t\t\t\t\t\t\t\t\t<p>Alegr\u00eda, gritos a favor de su gesti\u00f3n, abrazos, besos y letreros con mensajes de agradecimiento, fueron las muestras de cari\u00f1o que recibi\u00f3 la Prefecta de Esmeraldas, <strong>Roberta Zambrano Ortiz<\/strong>, por parte de habitantes y presidentes de los Gads Parroquiales de Santa Luc\u00eda de las Pe\u00f1as y La Tola del cant\u00f3n Eloy Alfaro.<\/p><p>Las manifestaciones espont\u00e1neas, se dieron en torno a la visita que la autoridad provincial realiz\u00f3, para constatar el inicio de los trabajos de mejoramiento de la v\u00eda que conecta la E15 con las parroquias antes mencionadas. Esta v\u00eda estuvo durante muchos a\u00f1os abandonada y gracias a Roberta Zambrano y su deseo de sacar adelante a la provincia, se la intervendr\u00e1 \u00edntegramente en sus 22.7 kil\u00f3metros.<\/p><p><strong>Marco Benalc\u00e1zar<\/strong>, operador tur\u00edstico, tild\u00f3 a Roberta Zambrano como una mujer luchadora, guerrera y emprendedora y dijo que la estar\u00e1n apoyando hasta las \u00faltimas consecuencias.\u00a0<\/p><p>Adem\u00e1s, indic\u00f3 que las esperanzas de contar con la v\u00eda estable se iban a perder, pero con Roberta Zambrano se hace realidad y pidi\u00f3 a las dem\u00e1s autoridades sumarse para trabajar en equipo por el bienestar de la gente.\u00a0<\/p>\t\t\t\t\t\t\t\t<\/div>\n\t\t\t\t<\/div>\n\t\t\t\t\t<\/div>\n\t\t<\/div>\n\t\t\t\t\t<\/div>\n\t\t<\/section>\n\t\t\t\t<section class=\"elementor-section elementor-top-section elementor-element elementor-element-85219fc elementor-section-boxed elementor-section-height-default elementor-section-height-default\" data-id=\"85219fc\" data-element_type=\"section\">\n\t\t\t\t\t\t<div class=\"elementor-container elementor-column-gap-default\">\n\t\t\t\t\t<div class=\"elementor-column elementor-col-100 elementor-top-column elementor-element elementor-element-aa2cf6d\" data-id=\"aa2cf6d\" data-element_type=\"column\">\n\t\t\t<div class=\"elementor-widget-wrap elementor-element-populated\">\n\t\t\t\t\t\t<div class=\"elementor-element elementor-element-bb0c192 elementor-widget elementor-widget-image\" data-id=\"bb0c192\" data-element_type=\"widget\" data-widget_type=\"image.default\">\n\t\t\t\t<div class=\"elementor-widget-container\">\n\t\t\t\t\t\t\t\t\t\t\t\t\t\t\t<img decoding=\"async\" width=\"1024\" height=\"1024\" src=\"https:\/\/prefecturadeesmeraldas.gob.ec\/wp-content\/uploads\/2022\/02\/WhatsApp-Image-2022-02-14-at-09.00.00-1-1024x1024.jpeg\" class=\"attachment-large size-large wp-image-14638\" alt=\"\" srcset=\"https:\/\/prefecturadeesmeraldas.gob.ec\/wp-content\/uploads\/2022\/02\/WhatsApp-Image-2022-02-14-at-09.00.00-1-1024x1024.jpeg 1024w, https:\/\/prefecturadeesmeraldas.gob.ec\/wp-content\/uploads\/2022\/02\/WhatsApp-Image-2022-02-14-at-09.00.00-1-240x240.jpeg 240w, https:\/\/prefecturadeesmeraldas.gob.ec\/wp-content\/uploads\/2022\/02\/WhatsApp-Image-2022-02-14-at-09.00.00-1-1080x1080.jpeg 1080w, https:\/\/prefecturadeesmeraldas.gob.ec\/wp-content\/uploads\/2022\/02\/WhatsApp-Image-2022-02-14-at-09.00.00-1-150x150.jpeg 150w, https:\/\/prefecturadeesmeraldas.gob.ec\/wp-content\/uploads\/2022\/02\/WhatsApp-Image-2022-02-14-at-09.00.00-1-300x300.jpeg 300w, https:\/\/prefecturadeesmeraldas.gob.ec\/wp-content\/uploads\/2022\/02\/WhatsApp-Image-2022-02-14-at-09.00.00-1-768x768.jpeg 768w, https:\/\/prefecturadeesmeraldas.gob.ec\/wp-content\/uploads\/2022\/02\/WhatsApp-Image-2022-02-14-at-09.00.00-1.jpeg 1280w\" sizes=\"(max-width: 1024px) 100vw, 1024px\" \/>\t\t\t\t\t\t\t\t\t\t\t\t\t\t\t<\/div>\n\t\t\t\t<\/div>\n\t\t\t\t\t<\/div>\n\t\t<\/div>\n\t\t\t\t\t<\/div>\n\t\t<\/section>\n\t\t\t\t<section class=\"elementor-section elementor-top-section elementor-element elementor-element-ce191df elementor-section-boxed elementor-section-height-default elementor-section-height-default\" data-id=\"ce191df\" data-element_type=\"section\">\n\t\t\t\t\t\t<div class=\"elementor-container elementor-column-gap-default\">\n\t\t\t\t\t<div class=\"elementor-column elementor-col-100 elementor-top-column elementor-element elementor-element-55100d1\" data-id=\"55100d1\" data-element_type=\"column\">\n\t\t\t<div class=\"elementor-widget-wrap elementor-element-populated\">\n\t\t\t\t\t\t<div class=\"elementor-element elementor-element-8f23ee2 elementor-widget elementor-widget-text-editor\" data-id=\"8f23ee2\" data-element_type=\"widget\" data-widget_type=\"text-editor.default\">\n\t\t\t\t<div class=\"elementor-widget-container\">\n\t\t\t\t\t\t\t\t\t<p>&#8220;<strong>Agradezco a Roberta porque es la \u00fanica prefecta que le ha dado importancia a la v\u00eda y que pena que haya gente que no reconozca esto, invito a los ciudadanos a sumarse a trabajar por el bien com\u00fan<\/strong>&#8220;, expres\u00f3 Mar\u00eda Alegr\u00eda, vicepresidenta del Gad Parroquial de Santa Luc\u00eda de las Pe\u00f1as.\u00a0<\/p><p>Mientras que, Ra\u00fal V\u00e1squez, hotelero del sector, se\u00f1al\u00f3 que la presencia de la Prefecta gener\u00f3 satisfacci\u00f3n y alegr\u00eda ya que, la obra se va a cumplir y no como en administraciones pasadas que dejaron todo a medias.\u00a0El hombre, con mucho entusiasmo invit\u00f3 a la Prefecta a celebrar cuando la v\u00eda est\u00e9 lista para su uso.\u00a0<\/p><p>Yandri P\u00e9rez, presidente del Gad Parroquial de Santa Luc\u00eda de las Pe\u00f1as, destac\u00f3 el cumplimiento de la obra vial por parte de la Prefecta de Esmeraldas y que la intervenci\u00f3n permitir\u00e1 una buena movilidad para todos los usuarios.\u00a0<\/p><p><\/p><p><\/p><p>\u201c<strong>Agradezco a la abogada Roberta Zambrano por iniciar los trabajos de mejoramiento y esto demuestra que la Prefecta tiene toda predisposici\u00f3n de trabajar por los habitantes de las dos parroquias lo que demuestra el cari\u00f1o que tiene por su pueblo<\/strong> &#8220;, declar\u00f3 Arturo Zamora, presidente del Gad Parroquial de La Tola.\u00a0<\/p><p>La Prefecta <strong>Roberta Zambrano<\/strong>, manifest\u00f3 que son muchas las necesidades y pese a la falta de inter\u00e9s de otras autoridades, ha iniciado los trabajos de mejoramiento con maquinaria del Gobierno Provincial.\u00a0La autoridad provincial, pidi\u00f3 a los habitantes sumarse y velar por las obras que son del pueblo.\u00a0<\/p><p>Zambrano, afirm\u00f3 que luchar\u00e1 por el bienestar y el progreso mientras tenga fuerzas y la oportunidad de servir a los dem\u00e1s.\u00a0<\/p><p><strong>\u00a0<\/strong><\/p>\t\t\t\t\t\t\t\t<\/div>\n\t\t\t\t<\/div>\n\t\t\t\t\t<\/div>\n\t\t<\/div>\n\t\t\t\t\t<\/div>\n\t\t<\/section>\n\t\t\t\t<\/div>\n\t\t","protected":false},"excerpt":{"rendered":"<p>Alegr\u00eda, gritos a favor de su gesti\u00f3n, abrazos, besos y letreros con mensajes de agradecimiento, fueron las muestras de cari\u00f1o que recibi\u00f3 la Prefecta de Esmeraldas, Roberta Zambrano Ortiz, por parte de habitantes y presidentes de los Gads Parroquiales de Santa Luc\u00eda de las Pe\u00f1as y La Tola del cant\u00f3n Eloy Alfaro. Las manifestaciones espont\u00e1neas, [&hellip;]<\/p>\n","protected":false},"author":2,"featured_media":14636,"comment_status":"closed","ping_status":"open","sticky":false,"template":"","format":"standard","meta":{"footnotes":""},"categories":[14],"tags":[],"class_list":["post-14635","post","type-post","status-publish","format-standard","has-post-thumbnail","hentry","category-vialidad"],"yoast_head":"<!-- This site is optimized with the Yoast SEO plugin v25.7 - https:\/\/yoast.com\/wordpress\/plugins\/seo\/ -->\n<title>Habitantes de Santa Luc\u00eda de las Pe\u00f1as respaldan inicios de trabajos y ratifican su apoyo a la prefecta Roberta Zambrano - Gobierno Aut\u00f3nomo Descentralizado de la Provincia de Esmeraldas<\/title>\n<meta name=\"robots\" content=\"index, follow, max-snippet:-1, max-image-preview:large, max-video-preview:-1\" \/>\n<link rel=\"canonical\" href=\"https:\/\/prefecturadeesmeraldas.gob.ec\/index.php\/2022\/02\/16\/habitantes-de-santa-lucia-de-las-penas-respaldan-inicios-de-trabajos-y-ratifican-su-apoyo-a-la-prefecta-roberta-zambrano\/\" \/>\n<meta property=\"og:locale\" content=\"es_ES\" \/>\n<meta property=\"og:type\" content=\"article\" \/>\n<meta property=\"og:title\" content=\"Habitantes de Santa Luc\u00eda de las Pe\u00f1as respaldan inicios de trabajos y ratifican su apoyo a la prefecta Roberta Zambrano - Gobierno Aut\u00f3nomo Descentralizado de la Provincia de Esmeraldas\" \/>\n<meta property=\"og:description\" content=\"Alegr\u00eda, gritos a favor de su gesti\u00f3n, abrazos, besos y letreros con mensajes de agradecimiento, fueron las muestras de cari\u00f1o que recibi\u00f3 la Prefecta de Esmeraldas, Roberta Zambrano Ortiz, por parte de habitantes y presidentes de los Gads Parroquiales de Santa Luc\u00eda de las Pe\u00f1as y La Tola del cant\u00f3n Eloy Alfaro. Las manifestaciones espont\u00e1neas, [&hellip;]\" \/>\n<meta property=\"og:url\" content=\"https:\/\/prefecturadeesmeraldas.gob.ec\/index.php\/2022\/02\/16\/habitantes-de-santa-lucia-de-las-penas-respaldan-inicios-de-trabajos-y-ratifican-su-apoyo-a-la-prefecta-roberta-zambrano\/\" \/>\n<meta property=\"og:site_name\" content=\"Gobierno Aut\u00f3nomo Descentralizado de la Provincia de Esmeraldas\" \/>\n<meta property=\"article:publisher\" content=\"https:\/\/www.facebook.com\/PrefecturaEsmeraldas\/\" \/>\n<meta property=\"article:published_time\" content=\"2022-02-16T17:02:11+00:00\" \/>\n<meta property=\"article:modified_time\" content=\"2022-02-16T17:05:49+00:00\" \/>\n<meta property=\"og:image\" content=\"https:\/\/prefecturadeesmeraldas.gob.ec\/wp-content\/uploads\/2022\/02\/WhatsApp-Image-2022-02-14-at-08.59.58-2.jpeg\" \/>\n\t<meta property=\"og:image:width\" content=\"1280\" \/>\n\t<meta property=\"og:image:height\" content=\"1280\" \/>\n\t<meta property=\"og:image:type\" content=\"image\/jpeg\" \/>\n<meta name=\"author\" content=\"Direcci\u00f3n de Comunicaci\u00f3n\" \/>\n<meta name=\"twitter:card\" content=\"summary_large_image\" \/>\n<meta name=\"twitter:label1\" content=\"Escrito por\" \/>\n\t<meta name=\"twitter:data1\" content=\"Direcci\u00f3n de Comunicaci\u00f3n\" \/>\n\t<meta name=\"twitter:label2\" content=\"Tiempo de lectura\" \/>\n\t<meta name=\"twitter:data2\" content=\"2 minutos\" \/>\n<script type=\"application\/ld+json\" class=\"yoast-schema-graph\">{\"@context\":\"https:\/\/schema.org\",\"@graph\":[{\"@type\":\"Article\",\"@id\":\"https:\/\/prefecturadeesmeraldas.gob.ec\/index.php\/2022\/02\/16\/habitantes-de-santa-lucia-de-las-penas-respaldan-inicios-de-trabajos-y-ratifican-su-apoyo-a-la-prefecta-roberta-zambrano\/#article\",\"isPartOf\":{\"@id\":\"https:\/\/prefecturadeesmeraldas.gob.ec\/index.php\/2022\/02\/16\/habitantes-de-santa-lucia-de-las-penas-respaldan-inicios-de-trabajos-y-ratifican-su-apoyo-a-la-prefecta-roberta-zambrano\/\"},\"author\":{\"name\":\"Direcci\u00f3n de Comunicaci\u00f3n\",\"@id\":\"https:\/\/prefecturadeesmeraldas.gob.ec\/#\/schema\/person\/b0c9e7b1ead7725994d1e319e8825234\"},\"headline\":\"Habitantes de Santa Luc\u00eda de las Pe\u00f1as respaldan inicios de trabajos y ratifican su apoyo a la prefecta Roberta Zambrano\",\"datePublished\":\"2022-02-16T17:02:11+00:00\",\"dateModified\":\"2022-02-16T17:05:49+00:00\",\"mainEntityOfPage\":{\"@id\":\"https:\/\/prefecturadeesmeraldas.gob.ec\/index.php\/2022\/02\/16\/habitantes-de-santa-lucia-de-las-penas-respaldan-inicios-de-trabajos-y-ratifican-su-apoyo-a-la-prefecta-roberta-zambrano\/\"},\"wordCount\":503,\"publisher\":{\"@id\":\"https:\/\/prefecturadeesmeraldas.gob.ec\/#organization\"},\"image\":{\"@id\":\"https:\/\/prefecturadeesmeraldas.gob.ec\/index.php\/2022\/02\/16\/habitantes-de-santa-lucia-de-las-penas-respaldan-inicios-de-trabajos-y-ratifican-su-apoyo-a-la-prefecta-roberta-zambrano\/#primaryimage\"},\"thumbnailUrl\":\"https:\/\/prefecturadeesmeraldas.gob.ec\/wp-content\/uploads\/2022\/02\/WhatsApp-Image-2022-02-14-at-08.59.58-2.jpeg\",\"articleSection\":[\"Vialidad\"],\"inLanguage\":\"es\"},{\"@type\":\"WebPage\",\"@id\":\"https:\/\/prefecturadeesmeraldas.gob.ec\/index.php\/2022\/02\/16\/habitantes-de-santa-lucia-de-las-penas-respaldan-inicios-de-trabajos-y-ratifican-su-apoyo-a-la-prefecta-roberta-zambrano\/\",\"url\":\"https:\/\/prefecturadeesmeraldas.gob.ec\/index.php\/2022\/02\/16\/habitantes-de-santa-lucia-de-las-penas-respaldan-inicios-de-trabajos-y-ratifican-su-apoyo-a-la-prefecta-roberta-zambrano\/\",\"name\":\"Habitantes de Santa Luc\u00eda de las Pe\u00f1as respaldan inicios de trabajos y ratifican su apoyo a la prefecta Roberta Zambrano - Gobierno Aut\u00f3nomo Descentralizado de la Provincia de Esmeraldas\",\"isPartOf\":{\"@id\":\"https:\/\/prefecturadeesmeraldas.gob.ec\/#website\"},\"primaryImageOfPage\":{\"@id\":\"https:\/\/prefecturadeesmeraldas.gob.ec\/index.php\/2022\/02\/16\/habitantes-de-santa-lucia-de-las-penas-respaldan-inicios-de-trabajos-y-ratifican-su-apoyo-a-la-prefecta-roberta-zambrano\/#primaryimage\"},\"image\":{\"@id\":\"https:\/\/prefecturadeesmeraldas.gob.ec\/index.php\/2022\/02\/16\/habitantes-de-santa-lucia-de-las-penas-respaldan-inicios-de-trabajos-y-ratifican-su-apoyo-a-la-prefecta-roberta-zambrano\/#primaryimage\"},\"thumbnailUrl\":\"https:\/\/prefecturadeesmeraldas.gob.ec\/wp-content\/uploads\/2022\/02\/WhatsApp-Image-2022-02-14-at-08.59.58-2.jpeg\",\"datePublished\":\"2022-02-16T17:02:11+00:00\",\"dateModified\":\"2022-02-16T17:05:49+00:00\",\"breadcrumb\":{\"@id\":\"https:\/\/prefecturadeesmeraldas.gob.ec\/index.php\/2022\/02\/16\/habitantes-de-santa-lucia-de-las-penas-respaldan-inicios-de-trabajos-y-ratifican-su-apoyo-a-la-prefecta-roberta-zambrano\/#breadcrumb\"},\"inLanguage\":\"es\",\"potentialAction\":[{\"@type\":\"ReadAction\",\"target\":[\"https:\/\/prefecturadeesmeraldas.gob.ec\/index.php\/2022\/02\/16\/habitantes-de-santa-lucia-de-las-penas-respaldan-inicios-de-trabajos-y-ratifican-su-apoyo-a-la-prefecta-roberta-zambrano\/\"]}]},{\"@type\":\"ImageObject\",\"inLanguage\":\"es\",\"@id\":\"https:\/\/prefecturadeesmeraldas.gob.ec\/index.php\/2022\/02\/16\/habitantes-de-santa-lucia-de-las-penas-respaldan-inicios-de-trabajos-y-ratifican-su-apoyo-a-la-prefecta-roberta-zambrano\/#primaryimage\",\"url\":\"https:\/\/prefecturadeesmeraldas.gob.ec\/wp-content\/uploads\/2022\/02\/WhatsApp-Image-2022-02-14-at-08.59.58-2.jpeg\",\"contentUrl\":\"https:\/\/prefecturadeesmeraldas.gob.ec\/wp-content\/uploads\/2022\/02\/WhatsApp-Image-2022-02-14-at-08.59.58-2.jpeg\",\"width\":1280,\"height\":1280},{\"@type\":\"BreadcrumbList\",\"@id\":\"https:\/\/prefecturadeesmeraldas.gob.ec\/index.php\/2022\/02\/16\/habitantes-de-santa-lucia-de-las-penas-respaldan-inicios-de-trabajos-y-ratifican-su-apoyo-a-la-prefecta-roberta-zambrano\/#breadcrumb\",\"itemListElement\":[{\"@type\":\"ListItem\",\"position\":1,\"name\":\"Home\",\"item\":\"https:\/\/prefecturadeesmeraldas.gob.ec\/\"},{\"@type\":\"ListItem\",\"position\":2,\"name\":\"Habitantes de Santa Luc\u00eda de las Pe\u00f1as respaldan inicios de trabajos y ratifican su apoyo a la prefecta Roberta Zambrano\"}]},{\"@type\":\"WebSite\",\"@id\":\"https:\/\/prefecturadeesmeraldas.gob.ec\/#website\",\"url\":\"https:\/\/prefecturadeesmeraldas.gob.ec\/\",\"name\":\"Gobierno Aut\u00f3nomo Descentralizado de la Provincia de Esmeraldas\",\"description\":\"Gobierno Aut\u00f3nomo Descentralizado de la Provincia de Esmeraldas\",\"publisher\":{\"@id\":\"https:\/\/prefecturadeesmeraldas.gob.ec\/#organization\"},\"potentialAction\":[{\"@type\":\"SearchAction\",\"target\":{\"@type\":\"EntryPoint\",\"urlTemplate\":\"https:\/\/prefecturadeesmeraldas.gob.ec\/?s={search_term_string}\"},\"query-input\":{\"@type\":\"PropertyValueSpecification\",\"valueRequired\":true,\"valueName\":\"search_term_string\"}}],\"inLanguage\":\"es\"},{\"@type\":\"Organization\",\"@id\":\"https:\/\/prefecturadeesmeraldas.gob.ec\/#organization\",\"name\":\"Gobierno Aut\u00f3nomo Descentralizado de la Provincia de Esmeraldas\",\"url\":\"https:\/\/prefecturadeesmeraldas.gob.ec\/\",\"logo\":{\"@type\":\"ImageObject\",\"inLanguage\":\"es\",\"@id\":\"https:\/\/prefecturadeesmeraldas.gob.ec\/#\/schema\/logo\/image\/\",\"url\":\"https:\/\/prefecturadeesmeraldas.gob.ec\/wp-content\/uploads\/2019\/06\/logo.png\",\"contentUrl\":\"https:\/\/prefecturadeesmeraldas.gob.ec\/wp-content\/uploads\/2019\/06\/logo.png\",\"width\":859,\"height\":448,\"caption\":\"Gobierno Aut\u00f3nomo Descentralizado de la Provincia de Esmeraldas\"},\"image\":{\"@id\":\"https:\/\/prefecturadeesmeraldas.gob.ec\/#\/schema\/logo\/image\/\"},\"sameAs\":[\"https:\/\/www.facebook.com\/PrefecturaEsmeraldas\/\"]},{\"@type\":\"Person\",\"@id\":\"https:\/\/prefecturadeesmeraldas.gob.ec\/#\/schema\/person\/b0c9e7b1ead7725994d1e319e8825234\",\"name\":\"Direcci\u00f3n de Comunicaci\u00f3n\",\"image\":{\"@type\":\"ImageObject\",\"inLanguage\":\"es\",\"@id\":\"https:\/\/prefecturadeesmeraldas.gob.ec\/#\/schema\/person\/image\/\",\"url\":\"https:\/\/secure.gravatar.com\/avatar\/74a3870a946f5d774ade3569af61a72308e07ad3346f370c4b468ee2a9858658?s=96&d=mm&r=g\",\"contentUrl\":\"https:\/\/secure.gravatar.com\/avatar\/74a3870a946f5d774ade3569af61a72308e07ad3346f370c4b468ee2a9858658?s=96&d=mm&r=g\",\"caption\":\"Direcci\u00f3n de Comunicaci\u00f3n\"}}]}<\/script>\n<!-- \/ Yoast SEO plugin. -->","yoast_head_json":{"title":"Habitantes de Santa Luc\u00eda de las Pe\u00f1as respaldan inicios de trabajos y ratifican su apoyo a la prefecta Roberta Zambrano - Gobierno Aut\u00f3nomo Descentralizado de la Provincia de Esmeraldas","robots":{"index":"index","follow":"follow","max-snippet":"max-snippet:-1","max-image-preview":"max-image-preview:large","max-video-preview":"max-video-preview:-1"},"canonical":"https:\/\/prefecturadeesmeraldas.gob.ec\/index.php\/2022\/02\/16\/habitantes-de-santa-lucia-de-las-penas-respaldan-inicios-de-trabajos-y-ratifican-su-apoyo-a-la-prefecta-roberta-zambrano\/","og_locale":"es_ES","og_type":"article","og_title":"Habitantes de Santa Luc\u00eda de las Pe\u00f1as respaldan inicios de trabajos y ratifican su apoyo a la prefecta Roberta Zambrano - Gobierno Aut\u00f3nomo Descentralizado de la Provincia de Esmeraldas","og_description":"Alegr\u00eda, gritos a favor de su gesti\u00f3n, abrazos, besos y letreros con mensajes de agradecimiento, fueron las muestras de cari\u00f1o que recibi\u00f3 la Prefecta de Esmeraldas, Roberta Zambrano Ortiz, por parte de habitantes y presidentes de los Gads Parroquiales de Santa Luc\u00eda de las Pe\u00f1as y La Tola del cant\u00f3n Eloy Alfaro. Las manifestaciones espont\u00e1neas, [&hellip;]","og_url":"https:\/\/prefecturadeesmeraldas.gob.ec\/index.php\/2022\/02\/16\/habitantes-de-santa-lucia-de-las-penas-respaldan-inicios-de-trabajos-y-ratifican-su-apoyo-a-la-prefecta-roberta-zambrano\/","og_site_name":"Gobierno Aut\u00f3nomo Descentralizado de la Provincia de Esmeraldas","article_publisher":"https:\/\/www.facebook.com\/PrefecturaEsmeraldas\/","article_published_time":"2022-02-16T17:02:11+00:00","article_modified_time":"2022-02-16T17:05:49+00:00","og_image":[{"width":1280,"height":1280,"url":"https:\/\/prefecturadeesmeraldas.gob.ec\/wp-content\/uploads\/2022\/02\/WhatsApp-Image-2022-02-14-at-08.59.58-2.jpeg","type":"image\/jpeg"}],"author":"Direcci\u00f3n de Comunicaci\u00f3n","twitter_card":"summary_large_image","twitter_misc":{"Escrito por":"Direcci\u00f3n de Comunicaci\u00f3n","Tiempo de lectura":"2 minutos"},"schema":{"@context":"https:\/\/schema.org","@graph":[{"@type":"Article","@id":"https:\/\/prefecturadeesmeraldas.gob.ec\/index.php\/2022\/02\/16\/habitantes-de-santa-lucia-de-las-penas-respaldan-inicios-de-trabajos-y-ratifican-su-apoyo-a-la-prefecta-roberta-zambrano\/#article","isPartOf":{"@id":"https:\/\/prefecturadeesmeraldas.gob.ec\/index.php\/2022\/02\/16\/habitantes-de-santa-lucia-de-las-penas-respaldan-inicios-de-trabajos-y-ratifican-su-apoyo-a-la-prefecta-roberta-zambrano\/"},"author":{"name":"Direcci\u00f3n de Comunicaci\u00f3n","@id":"https:\/\/prefecturadeesmeraldas.gob.ec\/#\/schema\/person\/b0c9e7b1ead7725994d1e319e8825234"},"headline":"Habitantes de Santa Luc\u00eda de las Pe\u00f1as respaldan inicios de trabajos y ratifican su apoyo a la prefecta Roberta Zambrano","datePublished":"2022-02-16T17:02:11+00:00","dateModified":"2022-02-16T17:05:49+00:00","mainEntityOfPage":{"@id":"https:\/\/prefecturadeesmeraldas.gob.ec\/index.php\/2022\/02\/16\/habitantes-de-santa-lucia-de-las-penas-respaldan-inicios-de-trabajos-y-ratifican-su-apoyo-a-la-prefecta-roberta-zambrano\/"},"wordCount":503,"publisher":{"@id":"https:\/\/prefecturadeesmeraldas.gob.ec\/#organization"},"image":{"@id":"https:\/\/prefecturadeesmeraldas.gob.ec\/index.php\/2022\/02\/16\/habitantes-de-santa-lucia-de-las-penas-respaldan-inicios-de-trabajos-y-ratifican-su-apoyo-a-la-prefecta-roberta-zambrano\/#primaryimage"},"thumbnailUrl":"https:\/\/prefecturadeesmeraldas.gob.ec\/wp-content\/uploads\/2022\/02\/WhatsApp-Image-2022-02-14-at-08.59.58-2.jpeg","articleSection":["Vialidad"],"inLanguage":"es"},{"@type":"WebPage","@id":"https:\/\/prefecturadeesmeraldas.gob.ec\/index.php\/2022\/02\/16\/habitantes-de-santa-lucia-de-las-penas-respaldan-inicios-de-trabajos-y-ratifican-su-apoyo-a-la-prefecta-roberta-zambrano\/","url":"https:\/\/prefecturadeesmeraldas.gob.ec\/index.php\/2022\/02\/16\/habitantes-de-santa-lucia-de-las-penas-respaldan-inicios-de-trabajos-y-ratifican-su-apoyo-a-la-prefecta-roberta-zambrano\/","name":"Habitantes de Santa Luc\u00eda de las Pe\u00f1as respaldan inicios de trabajos y ratifican su apoyo a la prefecta Roberta Zambrano - Gobierno Aut\u00f3nomo Descentralizado de la Provincia de Esmeraldas","isPartOf":{"@id":"https:\/\/prefecturadeesmeraldas.gob.ec\/#website"},"primaryImageOfPage":{"@id":"https:\/\/prefecturadeesmeraldas.gob.ec\/index.php\/2022\/02\/16\/habitantes-de-santa-lucia-de-las-penas-respaldan-inicios-de-trabajos-y-ratifican-su-apoyo-a-la-prefecta-roberta-zambrano\/#primaryimage"},"image":{"@id":"https:\/\/prefecturadeesmeraldas.gob.ec\/index.php\/2022\/02\/16\/habitantes-de-santa-lucia-de-las-penas-respaldan-inicios-de-trabajos-y-ratifican-su-apoyo-a-la-prefecta-roberta-zambrano\/#primaryimage"},"thumbnailUrl":"https:\/\/prefecturadeesmeraldas.gob.ec\/wp-content\/uploads\/2022\/02\/WhatsApp-Image-2022-02-14-at-08.59.58-2.jpeg","datePublished":"2022-02-16T17:02:11+00:00","dateModified":"2022-02-16T17:05:49+00:00","breadcrumb":{"@id":"https:\/\/prefecturadeesmeraldas.gob.ec\/index.php\/2022\/02\/16\/habitantes-de-santa-lucia-de-las-penas-respaldan-inicios-de-trabajos-y-ratifican-su-apoyo-a-la-prefecta-roberta-zambrano\/#breadcrumb"},"inLanguage":"es","potentialAction":[{"@type":"ReadAction","target":["https:\/\/prefecturadeesmeraldas.gob.ec\/index.php\/2022\/02\/16\/habitantes-de-santa-lucia-de-las-penas-respaldan-inicios-de-trabajos-y-ratifican-su-apoyo-a-la-prefecta-roberta-zambrano\/"]}]},{"@type":"ImageObject","inLanguage":"es","@id":"https:\/\/prefecturadeesmeraldas.gob.ec\/index.php\/2022\/02\/16\/habitantes-de-santa-lucia-de-las-penas-respaldan-inicios-de-trabajos-y-ratifican-su-apoyo-a-la-prefecta-roberta-zambrano\/#primaryimage","url":"https:\/\/prefecturadeesmeraldas.gob.ec\/wp-content\/uploads\/2022\/02\/WhatsApp-Image-2022-02-14-at-08.59.58-2.jpeg","contentUrl":"https:\/\/prefecturadeesmeraldas.gob.ec\/wp-content\/uploads\/2022\/02\/WhatsApp-Image-2022-02-14-at-08.59.58-2.jpeg","width":1280,"height":1280},{"@type":"BreadcrumbList","@id":"https:\/\/prefecturadeesmeraldas.gob.ec\/index.php\/2022\/02\/16\/habitantes-de-santa-lucia-de-las-penas-respaldan-inicios-de-trabajos-y-ratifican-su-apoyo-a-la-prefecta-roberta-zambrano\/#breadcrumb","itemListElement":[{"@type":"ListItem","position":1,"name":"Home","item":"https:\/\/prefecturadeesmeraldas.gob.ec\/"},{"@type":"ListItem","position":2,"name":"Habitantes de Santa Luc\u00eda de las Pe\u00f1as respaldan inicios de trabajos y ratifican su apoyo a la prefecta Roberta Zambrano"}]},{"@type":"WebSite","@id":"https:\/\/prefecturadeesmeraldas.gob.ec\/#website","url":"https:\/\/prefecturadeesmeraldas.gob.ec\/","name":"Gobierno Aut\u00f3nomo Descentralizado de la Provincia de Esmeraldas","description":"Gobierno Aut\u00f3nomo Descentralizado de la Provincia de Esmeraldas","publisher":{"@id":"https:\/\/prefecturadeesmeraldas.gob.ec\/#organization"},"potentialAction":[{"@type":"SearchAction","target":{"@type":"EntryPoint","urlTemplate":"https:\/\/prefecturadeesmeraldas.gob.ec\/?s={search_term_string}"},"query-input":{"@type":"PropertyValueSpecification","valueRequired":true,"valueName":"search_term_string"}}],"inLanguage":"es"},{"@type":"Organization","@id":"https:\/\/prefecturadeesmeraldas.gob.ec\/#organization","name":"Gobierno Aut\u00f3nomo Descentralizado de la Provincia de Esmeraldas","url":"https:\/\/prefecturadeesmeraldas.gob.ec\/","logo":{"@type":"ImageObject","inLanguage":"es","@id":"https:\/\/prefecturadeesmeraldas.gob.ec\/#\/schema\/logo\/image\/","url":"https:\/\/prefecturadeesmeraldas.gob.ec\/wp-content\/uploads\/2019\/06\/logo.png","contentUrl":"https:\/\/prefecturadeesmeraldas.gob.ec\/wp-content\/uploads\/2019\/06\/logo.png","width":859,"height":448,"caption":"Gobierno Aut\u00f3nomo Descentralizado de la Provincia de Esmeraldas"},"image":{"@id":"https:\/\/prefecturadeesmeraldas.gob.ec\/#\/schema\/logo\/image\/"},"sameAs":["https:\/\/www.facebook.com\/PrefecturaEsmeraldas\/"]},{"@type":"Person","@id":"https:\/\/prefecturadeesmeraldas.gob.ec\/#\/schema\/person\/b0c9e7b1ead7725994d1e319e8825234","name":"Direcci\u00f3n de Comunicaci\u00f3n","image":{"@type":"ImageObject","inLanguage":"es","@id":"https:\/\/prefecturadeesmeraldas.gob.ec\/#\/schema\/person\/image\/","url":"https:\/\/secure.gravatar.com\/avatar\/74a3870a946f5d774ade3569af61a72308e07ad3346f370c4b468ee2a9858658?s=96&d=mm&r=g","contentUrl":"https:\/\/secure.gravatar.com\/avatar\/74a3870a946f5d774ade3569af61a72308e07ad3346f370c4b468ee2a9858658?s=96&d=mm&r=g","caption":"Direcci\u00f3n de Comunicaci\u00f3n"}}]}},"_links":{"self":[{"href":"https:\/\/prefecturadeesmeraldas.gob.ec\/index.php\/wp-json\/wp\/v2\/posts\/14635","targetHints":{"allow":["GET"]}}],"collection":[{"href":"https:\/\/prefecturadeesmeraldas.gob.ec\/index.php\/wp-json\/wp\/v2\/posts"}],"about":[{"href":"https:\/\/prefecturadeesmeraldas.gob.ec\/index.php\/wp-json\/wp\/v2\/types\/post"}],"author":[{"embeddable":true,"href":"https:\/\/prefecturadeesmeraldas.gob.ec\/index.php\/wp-json\/wp\/v2\/users\/2"}],"replies":[{"embeddable":true,"href":"https:\/\/prefecturadeesmeraldas.gob.ec\/index.php\/wp-json\/wp\/v2\/comments?post=14635"}],"version-history":[{"count":0,"href":"https:\/\/prefecturadeesmeraldas.gob.ec\/index.php\/wp-json\/wp\/v2\/posts\/14635\/revisions"}],"wp:featuredmedia":[{"embeddable":true,"href":"https:\/\/prefecturadeesmeraldas.gob.ec\/index.php\/wp-json\/wp\/v2\/media\/14636"}],"wp:attachment":[{"href":"https:\/\/prefecturadeesmeraldas.gob.ec\/index.php\/wp-json\/wp\/v2\/media?parent=14635"}],"wp:term":[{"taxonomy":"category","embeddable":true,"href":"https:\/\/prefecturadeesmeraldas.gob.ec\/index.php\/wp-json\/wp\/v2\/categories?post=14635"},{"taxonomy":"post_tag","embeddable":true,"href":"https:\/\/prefecturadeesmeraldas.gob.ec\/index.php\/wp-json\/wp\/v2\/tags?post=14635"}],"curies":[{"name":"wp","href":"https:\/\/api.w.org\/{rel}","templated":true}]}}