{"id":14556,"date":"2022-02-14T11:10:12","date_gmt":"2022-02-14T16:10:12","guid":{"rendered":"https:\/\/prefecturadeesmeraldas.gob.ec\/?p=14556"},"modified":"2022-02-14T11:11:04","modified_gmt":"2022-02-14T16:11:04","slug":"la-prefectura-de-esmeraldas-continua-trabajando-por-el-desarrollo-vial-de-la-provincia","status":"publish","type":"post","link":"https:\/\/prefecturadeesmeraldas.gob.ec\/index.php\/2022\/02\/14\/la-prefectura-de-esmeraldas-continua-trabajando-por-el-desarrollo-vial-de-la-provincia\/","title":{"rendered":"La prefectura de Esmeraldas contin\u00faa trabajando por el desarrollo vial de la provincia"},"content":{"rendered":"\t\t<div data-elementor-type=\"wp-post\" data-elementor-id=\"14556\" class=\"elementor elementor-14556\">\n\t\t\t\t\t\t<section class=\"elementor-section elementor-top-section elementor-element elementor-element-c7116f7 elementor-section-boxed elementor-section-height-default elementor-section-height-default\" data-id=\"c7116f7\" data-element_type=\"section\">\n\t\t\t\t\t\t<div class=\"elementor-container elementor-column-gap-default\">\n\t\t\t\t\t<div class=\"elementor-column elementor-col-100 elementor-top-column elementor-element elementor-element-3760d4b\" data-id=\"3760d4b\" data-element_type=\"column\">\n\t\t\t<div class=\"elementor-widget-wrap elementor-element-populated\">\n\t\t\t\t\t\t<div class=\"elementor-element elementor-element-7a37d31 elementor-widget elementor-widget-image\" data-id=\"7a37d31\" data-element_type=\"widget\" data-widget_type=\"image.default\">\n\t\t\t\t<div class=\"elementor-widget-container\">\n\t\t\t\t\t\t\t\t\t\t\t\t\t\t\t<img fetchpriority=\"high\" decoding=\"async\" width=\"567\" height=\"563\" src=\"https:\/\/prefecturadeesmeraldas.gob.ec\/wp-content\/uploads\/2022\/02\/Imagen3.jpg\" class=\"attachment-large size-large wp-image-14557\" alt=\"\" srcset=\"https:\/\/prefecturadeesmeraldas.gob.ec\/wp-content\/uploads\/2022\/02\/Imagen3.jpg 567w, https:\/\/prefecturadeesmeraldas.gob.ec\/wp-content\/uploads\/2022\/02\/Imagen3-150x150.jpg 150w, https:\/\/prefecturadeesmeraldas.gob.ec\/wp-content\/uploads\/2022\/02\/Imagen3-300x298.jpg 300w\" sizes=\"(max-width: 567px) 100vw, 567px\" \/>\t\t\t\t\t\t\t\t\t\t\t\t\t\t\t<\/div>\n\t\t\t\t<\/div>\n\t\t\t\t\t<\/div>\n\t\t<\/div>\n\t\t\t\t\t<\/div>\n\t\t<\/section>\n\t\t\t\t<section class=\"elementor-section elementor-top-section elementor-element elementor-element-90cc741 elementor-section-boxed elementor-section-height-default elementor-section-height-default\" data-id=\"90cc741\" data-element_type=\"section\">\n\t\t\t\t\t\t<div class=\"elementor-container elementor-column-gap-default\">\n\t\t\t\t\t<div class=\"elementor-column elementor-col-100 elementor-top-column elementor-element elementor-element-9baa34e\" data-id=\"9baa34e\" data-element_type=\"column\">\n\t\t\t<div class=\"elementor-widget-wrap elementor-element-populated\">\n\t\t\t\t\t\t<div class=\"elementor-element elementor-element-c051759 elementor-widget elementor-widget-text-editor\" data-id=\"c051759\" data-element_type=\"widget\" data-widget_type=\"text-editor.default\">\n\t\t\t\t<div class=\"elementor-widget-container\">\n\t\t\t\t\t\t\t\t\t<p>Entraron en su fase final los trabajos de bacheo y asfaltado de 8,5 kil\u00f3metros de la v\u00eda que conecta la E20 con la cabecera parroquial de Ricaurte, en el cant\u00f3n San Lorenzo.\u00a0Satisfacci\u00f3n y alegr\u00eda existen en los moradores de la parroquia por contar con una v\u00eda de calidad que impulsar\u00e1 el desarrollo y progreso.\u00a0<\/p><p><strong>V\u00edctor Gruezo<\/strong>, habitante del sector, tild\u00f3 de espectaculares los trabajos de asfaltado que se ejecutan en esta arteria rural, ya que evitar\u00e1n que los veh\u00edculos sufran desperfectos y traer\u00e1 tranquilidad emocional a quienes se dedican a la agricultura. Acot\u00f3 que, ahora podr\u00e1n salir a cualquier hora, ya que la Prefecta est\u00e1 cumpliendo sus ofertas de campa\u00f1a.<\/p><p><strong>Abd\u00f3n Chichande<\/strong>, quien se dedica a la transportaci\u00f3n de personas, se\u00f1al\u00f3 que gracias a la Prefectura de Esmeraldas la situaci\u00f3n de movilidad est\u00e1 mejorando y que los veh\u00edculos ya no se da\u00f1ar\u00e1n. Dijo que la espera de 5 a\u00f1os por fin culmina, porque la v\u00eda se encontraba en p\u00e9simas condiciones. &#8220;Espero que Dios la tenga con felicidad a nuestra querida Prefecta y que contin\u00fae trabajando por todos&#8221;, culmin\u00f3.\u00a0<\/p><p>Para <strong>Eusebio Valencia<\/strong>, campesino de la parroquia, el arreglo de la v\u00eda har\u00e1 bajar los costos de transporte. Tambi\u00e9n se\u00f1al\u00f3 que los productos no se pod\u00edan sacar a los mercados, pero ahora la realidad ser\u00e1 distinta gracias al asfaltado.\u00a0<\/p><p>El teniente pol\u00edtico, <strong>Einer Mina<\/strong>, ratific\u00f3 que era un clamor de los habitantes de la parroquia, ya que es un beneficio para el turismo, agricultura y la econom\u00eda.\u00a0 La autoridad, indic\u00f3 que todo cambiar\u00e1 y se podr\u00e1n ofrecer todas las bondades gastron\u00f3micas y promocionar los lugares maravillosos que posee Ricaurte.\u00a0<\/p><p>El l\u00edder comunitario, <strong>Hip\u00f3lito Rodr\u00edguez<\/strong>, manifest\u00f3 que, a pesar de la situaci\u00f3n econ\u00f3mica y pandemia, la Prefecta, Roberta Zambrano Ortiz, sigue trabajando en el cant\u00f3n San Lorenzo, mejorando el sistema vial y las condiciones de vida de la poblaci\u00f3n.\u00a0<\/p><p>El l\u00edder, afirm\u00f3 que el pueblo se encuentra muy agradecido por todo el buen accionar que viene realizando la Prefecta y eso es innegable, finaliz\u00f3.\u00a0<\/p>\t\t\t\t\t\t\t\t<\/div>\n\t\t\t\t<\/div>\n\t\t\t\t\t<\/div>\n\t\t<\/div>\n\t\t\t\t\t<\/div>\n\t\t<\/section>\n\t\t\t\t<\/div>\n\t\t","protected":false},"excerpt":{"rendered":"<p>Entraron en su fase final los trabajos de bacheo y asfaltado de 8,5 kil\u00f3metros de la v\u00eda que conecta la E20 con la cabecera parroquial de Ricaurte, en el cant\u00f3n San Lorenzo.\u00a0Satisfacci\u00f3n y alegr\u00eda existen en los moradores de la parroquia por contar con una v\u00eda de calidad que impulsar\u00e1 el desarrollo y progreso.\u00a0 V\u00edctor [&hellip;]<\/p>\n","protected":false},"author":2,"featured_media":14557,"comment_status":"closed","ping_status":"open","sticky":false,"template":"","format":"standard","meta":{"footnotes":""},"categories":[14],"tags":[],"class_list":["post-14556","post","type-post","status-publish","format-standard","has-post-thumbnail","hentry","category-vialidad"],"yoast_head":"<!-- This site is optimized with the Yoast SEO plugin v25.7 - https:\/\/yoast.com\/wordpress\/plugins\/seo\/ -->\n<title>La prefectura de Esmeraldas contin\u00faa trabajando por el desarrollo vial de la provincia - Gobierno Aut\u00f3nomo Descentralizado de la Provincia de Esmeraldas<\/title>\n<meta name=\"robots\" content=\"index, follow, max-snippet:-1, max-image-preview:large, max-video-preview:-1\" \/>\n<link rel=\"canonical\" href=\"https:\/\/prefecturadeesmeraldas.gob.ec\/index.php\/2022\/02\/14\/la-prefectura-de-esmeraldas-continua-trabajando-por-el-desarrollo-vial-de-la-provincia\/\" \/>\n<meta property=\"og:locale\" content=\"es_ES\" \/>\n<meta property=\"og:type\" content=\"article\" \/>\n<meta property=\"og:title\" content=\"La prefectura de Esmeraldas contin\u00faa trabajando por el desarrollo vial de la provincia - Gobierno Aut\u00f3nomo Descentralizado de la Provincia de Esmeraldas\" \/>\n<meta property=\"og:description\" content=\"Entraron en su fase final los trabajos de bacheo y asfaltado de 8,5 kil\u00f3metros de la v\u00eda que conecta la E20 con la cabecera parroquial de Ricaurte, en el cant\u00f3n San Lorenzo.\u00a0Satisfacci\u00f3n y alegr\u00eda existen en los moradores de la parroquia por contar con una v\u00eda de calidad que impulsar\u00e1 el desarrollo y progreso.\u00a0 V\u00edctor [&hellip;]\" \/>\n<meta property=\"og:url\" content=\"https:\/\/prefecturadeesmeraldas.gob.ec\/index.php\/2022\/02\/14\/la-prefectura-de-esmeraldas-continua-trabajando-por-el-desarrollo-vial-de-la-provincia\/\" \/>\n<meta property=\"og:site_name\" content=\"Gobierno Aut\u00f3nomo Descentralizado de la Provincia de Esmeraldas\" \/>\n<meta property=\"article:publisher\" content=\"https:\/\/www.facebook.com\/PrefecturaEsmeraldas\/\" \/>\n<meta property=\"article:published_time\" content=\"2022-02-14T16:10:12+00:00\" \/>\n<meta property=\"article:modified_time\" content=\"2022-02-14T16:11:04+00:00\" \/>\n<meta property=\"og:image\" content=\"https:\/\/prefecturadeesmeraldas.gob.ec\/wp-content\/uploads\/2022\/02\/Imagen3.jpg\" \/>\n\t<meta property=\"og:image:width\" content=\"567\" \/>\n\t<meta property=\"og:image:height\" content=\"563\" \/>\n\t<meta property=\"og:image:type\" content=\"image\/jpeg\" \/>\n<meta name=\"author\" content=\"Direcci\u00f3n de Comunicaci\u00f3n\" \/>\n<meta name=\"twitter:card\" content=\"summary_large_image\" \/>\n<meta name=\"twitter:label1\" content=\"Escrito por\" \/>\n\t<meta name=\"twitter:data1\" content=\"Direcci\u00f3n de Comunicaci\u00f3n\" \/>\n\t<meta name=\"twitter:label2\" content=\"Tiempo de lectura\" \/>\n\t<meta name=\"twitter:data2\" content=\"2 minutos\" \/>\n<script type=\"application\/ld+json\" class=\"yoast-schema-graph\">{\"@context\":\"https:\/\/schema.org\",\"@graph\":[{\"@type\":\"Article\",\"@id\":\"https:\/\/prefecturadeesmeraldas.gob.ec\/index.php\/2022\/02\/14\/la-prefectura-de-esmeraldas-continua-trabajando-por-el-desarrollo-vial-de-la-provincia\/#article\",\"isPartOf\":{\"@id\":\"https:\/\/prefecturadeesmeraldas.gob.ec\/index.php\/2022\/02\/14\/la-prefectura-de-esmeraldas-continua-trabajando-por-el-desarrollo-vial-de-la-provincia\/\"},\"author\":{\"name\":\"Direcci\u00f3n de Comunicaci\u00f3n\",\"@id\":\"https:\/\/prefecturadeesmeraldas.gob.ec\/#\/schema\/person\/b0c9e7b1ead7725994d1e319e8825234\"},\"headline\":\"La prefectura de Esmeraldas contin\u00faa trabajando por el desarrollo vial de la provincia\",\"datePublished\":\"2022-02-14T16:10:12+00:00\",\"dateModified\":\"2022-02-14T16:11:04+00:00\",\"mainEntityOfPage\":{\"@id\":\"https:\/\/prefecturadeesmeraldas.gob.ec\/index.php\/2022\/02\/14\/la-prefectura-de-esmeraldas-continua-trabajando-por-el-desarrollo-vial-de-la-provincia\/\"},\"wordCount\":382,\"publisher\":{\"@id\":\"https:\/\/prefecturadeesmeraldas.gob.ec\/#organization\"},\"image\":{\"@id\":\"https:\/\/prefecturadeesmeraldas.gob.ec\/index.php\/2022\/02\/14\/la-prefectura-de-esmeraldas-continua-trabajando-por-el-desarrollo-vial-de-la-provincia\/#primaryimage\"},\"thumbnailUrl\":\"https:\/\/prefecturadeesmeraldas.gob.ec\/wp-content\/uploads\/2022\/02\/Imagen3.jpg\",\"articleSection\":[\"Vialidad\"],\"inLanguage\":\"es\"},{\"@type\":\"WebPage\",\"@id\":\"https:\/\/prefecturadeesmeraldas.gob.ec\/index.php\/2022\/02\/14\/la-prefectura-de-esmeraldas-continua-trabajando-por-el-desarrollo-vial-de-la-provincia\/\",\"url\":\"https:\/\/prefecturadeesmeraldas.gob.ec\/index.php\/2022\/02\/14\/la-prefectura-de-esmeraldas-continua-trabajando-por-el-desarrollo-vial-de-la-provincia\/\",\"name\":\"La prefectura de Esmeraldas contin\u00faa trabajando por el desarrollo vial de la provincia - Gobierno Aut\u00f3nomo Descentralizado de la Provincia de Esmeraldas\",\"isPartOf\":{\"@id\":\"https:\/\/prefecturadeesmeraldas.gob.ec\/#website\"},\"primaryImageOfPage\":{\"@id\":\"https:\/\/prefecturadeesmeraldas.gob.ec\/index.php\/2022\/02\/14\/la-prefectura-de-esmeraldas-continua-trabajando-por-el-desarrollo-vial-de-la-provincia\/#primaryimage\"},\"image\":{\"@id\":\"https:\/\/prefecturadeesmeraldas.gob.ec\/index.php\/2022\/02\/14\/la-prefectura-de-esmeraldas-continua-trabajando-por-el-desarrollo-vial-de-la-provincia\/#primaryimage\"},\"thumbnailUrl\":\"https:\/\/prefecturadeesmeraldas.gob.ec\/wp-content\/uploads\/2022\/02\/Imagen3.jpg\",\"datePublished\":\"2022-02-14T16:10:12+00:00\",\"dateModified\":\"2022-02-14T16:11:04+00:00\",\"breadcrumb\":{\"@id\":\"https:\/\/prefecturadeesmeraldas.gob.ec\/index.php\/2022\/02\/14\/la-prefectura-de-esmeraldas-continua-trabajando-por-el-desarrollo-vial-de-la-provincia\/#breadcrumb\"},\"inLanguage\":\"es\",\"potentialAction\":[{\"@type\":\"ReadAction\",\"target\":[\"https:\/\/prefecturadeesmeraldas.gob.ec\/index.php\/2022\/02\/14\/la-prefectura-de-esmeraldas-continua-trabajando-por-el-desarrollo-vial-de-la-provincia\/\"]}]},{\"@type\":\"ImageObject\",\"inLanguage\":\"es\",\"@id\":\"https:\/\/prefecturadeesmeraldas.gob.ec\/index.php\/2022\/02\/14\/la-prefectura-de-esmeraldas-continua-trabajando-por-el-desarrollo-vial-de-la-provincia\/#primaryimage\",\"url\":\"https:\/\/prefecturadeesmeraldas.gob.ec\/wp-content\/uploads\/2022\/02\/Imagen3.jpg\",\"contentUrl\":\"https:\/\/prefecturadeesmeraldas.gob.ec\/wp-content\/uploads\/2022\/02\/Imagen3.jpg\",\"width\":567,\"height\":563},{\"@type\":\"BreadcrumbList\",\"@id\":\"https:\/\/prefecturadeesmeraldas.gob.ec\/index.php\/2022\/02\/14\/la-prefectura-de-esmeraldas-continua-trabajando-por-el-desarrollo-vial-de-la-provincia\/#breadcrumb\",\"itemListElement\":[{\"@type\":\"ListItem\",\"position\":1,\"name\":\"Home\",\"item\":\"https:\/\/prefecturadeesmeraldas.gob.ec\/\"},{\"@type\":\"ListItem\",\"position\":2,\"name\":\"La prefectura de Esmeraldas contin\u00faa trabajando por el desarrollo vial de la provincia\"}]},{\"@type\":\"WebSite\",\"@id\":\"https:\/\/prefecturadeesmeraldas.gob.ec\/#website\",\"url\":\"https:\/\/prefecturadeesmeraldas.gob.ec\/\",\"name\":\"Gobierno Aut\u00f3nomo Descentralizado de la Provincia de Esmeraldas\",\"description\":\"Gobierno Aut\u00f3nomo Descentralizado de la Provincia de Esmeraldas\",\"publisher\":{\"@id\":\"https:\/\/prefecturadeesmeraldas.gob.ec\/#organization\"},\"potentialAction\":[{\"@type\":\"SearchAction\",\"target\":{\"@type\":\"EntryPoint\",\"urlTemplate\":\"https:\/\/prefecturadeesmeraldas.gob.ec\/?s={search_term_string}\"},\"query-input\":{\"@type\":\"PropertyValueSpecification\",\"valueRequired\":true,\"valueName\":\"search_term_string\"}}],\"inLanguage\":\"es\"},{\"@type\":\"Organization\",\"@id\":\"https:\/\/prefecturadeesmeraldas.gob.ec\/#organization\",\"name\":\"Gobierno Aut\u00f3nomo Descentralizado de la Provincia de Esmeraldas\",\"url\":\"https:\/\/prefecturadeesmeraldas.gob.ec\/\",\"logo\":{\"@type\":\"ImageObject\",\"inLanguage\":\"es\",\"@id\":\"https:\/\/prefecturadeesmeraldas.gob.ec\/#\/schema\/logo\/image\/\",\"url\":\"https:\/\/prefecturadeesmeraldas.gob.ec\/wp-content\/uploads\/2019\/06\/logo.png\",\"contentUrl\":\"https:\/\/prefecturadeesmeraldas.gob.ec\/wp-content\/uploads\/2019\/06\/logo.png\",\"width\":859,\"height\":448,\"caption\":\"Gobierno Aut\u00f3nomo Descentralizado de la Provincia de Esmeraldas\"},\"image\":{\"@id\":\"https:\/\/prefecturadeesmeraldas.gob.ec\/#\/schema\/logo\/image\/\"},\"sameAs\":[\"https:\/\/www.facebook.com\/PrefecturaEsmeraldas\/\"]},{\"@type\":\"Person\",\"@id\":\"https:\/\/prefecturadeesmeraldas.gob.ec\/#\/schema\/person\/b0c9e7b1ead7725994d1e319e8825234\",\"name\":\"Direcci\u00f3n de Comunicaci\u00f3n\",\"image\":{\"@type\":\"ImageObject\",\"inLanguage\":\"es\",\"@id\":\"https:\/\/prefecturadeesmeraldas.gob.ec\/#\/schema\/person\/image\/\",\"url\":\"https:\/\/secure.gravatar.com\/avatar\/74a3870a946f5d774ade3569af61a72308e07ad3346f370c4b468ee2a9858658?s=96&d=mm&r=g\",\"contentUrl\":\"https:\/\/secure.gravatar.com\/avatar\/74a3870a946f5d774ade3569af61a72308e07ad3346f370c4b468ee2a9858658?s=96&d=mm&r=g\",\"caption\":\"Direcci\u00f3n de Comunicaci\u00f3n\"}}]}<\/script>\n<!-- \/ Yoast SEO plugin. -->","yoast_head_json":{"title":"La prefectura de Esmeraldas contin\u00faa trabajando por el desarrollo vial de la provincia - Gobierno Aut\u00f3nomo Descentralizado de la Provincia de Esmeraldas","robots":{"index":"index","follow":"follow","max-snippet":"max-snippet:-1","max-image-preview":"max-image-preview:large","max-video-preview":"max-video-preview:-1"},"canonical":"https:\/\/prefecturadeesmeraldas.gob.ec\/index.php\/2022\/02\/14\/la-prefectura-de-esmeraldas-continua-trabajando-por-el-desarrollo-vial-de-la-provincia\/","og_locale":"es_ES","og_type":"article","og_title":"La prefectura de Esmeraldas contin\u00faa trabajando por el desarrollo vial de la provincia - Gobierno Aut\u00f3nomo Descentralizado de la Provincia de Esmeraldas","og_description":"Entraron en su fase final los trabajos de bacheo y asfaltado de 8,5 kil\u00f3metros de la v\u00eda que conecta la E20 con la cabecera parroquial de Ricaurte, en el cant\u00f3n San Lorenzo.\u00a0Satisfacci\u00f3n y alegr\u00eda existen en los moradores de la parroquia por contar con una v\u00eda de calidad que impulsar\u00e1 el desarrollo y progreso.\u00a0 V\u00edctor [&hellip;]","og_url":"https:\/\/prefecturadeesmeraldas.gob.ec\/index.php\/2022\/02\/14\/la-prefectura-de-esmeraldas-continua-trabajando-por-el-desarrollo-vial-de-la-provincia\/","og_site_name":"Gobierno Aut\u00f3nomo Descentralizado de la Provincia de Esmeraldas","article_publisher":"https:\/\/www.facebook.com\/PrefecturaEsmeraldas\/","article_published_time":"2022-02-14T16:10:12+00:00","article_modified_time":"2022-02-14T16:11:04+00:00","og_image":[{"width":567,"height":563,"url":"https:\/\/prefecturadeesmeraldas.gob.ec\/wp-content\/uploads\/2022\/02\/Imagen3.jpg","type":"image\/jpeg"}],"author":"Direcci\u00f3n de Comunicaci\u00f3n","twitter_card":"summary_large_image","twitter_misc":{"Escrito por":"Direcci\u00f3n de Comunicaci\u00f3n","Tiempo de lectura":"2 minutos"},"schema":{"@context":"https:\/\/schema.org","@graph":[{"@type":"Article","@id":"https:\/\/prefecturadeesmeraldas.gob.ec\/index.php\/2022\/02\/14\/la-prefectura-de-esmeraldas-continua-trabajando-por-el-desarrollo-vial-de-la-provincia\/#article","isPartOf":{"@id":"https:\/\/prefecturadeesmeraldas.gob.ec\/index.php\/2022\/02\/14\/la-prefectura-de-esmeraldas-continua-trabajando-por-el-desarrollo-vial-de-la-provincia\/"},"author":{"name":"Direcci\u00f3n de Comunicaci\u00f3n","@id":"https:\/\/prefecturadeesmeraldas.gob.ec\/#\/schema\/person\/b0c9e7b1ead7725994d1e319e8825234"},"headline":"La prefectura de Esmeraldas contin\u00faa trabajando por el desarrollo vial de la provincia","datePublished":"2022-02-14T16:10:12+00:00","dateModified":"2022-02-14T16:11:04+00:00","mainEntityOfPage":{"@id":"https:\/\/prefecturadeesmeraldas.gob.ec\/index.php\/2022\/02\/14\/la-prefectura-de-esmeraldas-continua-trabajando-por-el-desarrollo-vial-de-la-provincia\/"},"wordCount":382,"publisher":{"@id":"https:\/\/prefecturadeesmeraldas.gob.ec\/#organization"},"image":{"@id":"https:\/\/prefecturadeesmeraldas.gob.ec\/index.php\/2022\/02\/14\/la-prefectura-de-esmeraldas-continua-trabajando-por-el-desarrollo-vial-de-la-provincia\/#primaryimage"},"thumbnailUrl":"https:\/\/prefecturadeesmeraldas.gob.ec\/wp-content\/uploads\/2022\/02\/Imagen3.jpg","articleSection":["Vialidad"],"inLanguage":"es"},{"@type":"WebPage","@id":"https:\/\/prefecturadeesmeraldas.gob.ec\/index.php\/2022\/02\/14\/la-prefectura-de-esmeraldas-continua-trabajando-por-el-desarrollo-vial-de-la-provincia\/","url":"https:\/\/prefecturadeesmeraldas.gob.ec\/index.php\/2022\/02\/14\/la-prefectura-de-esmeraldas-continua-trabajando-por-el-desarrollo-vial-de-la-provincia\/","name":"La prefectura de Esmeraldas contin\u00faa trabajando por el desarrollo vial de la provincia - Gobierno Aut\u00f3nomo Descentralizado de la Provincia de Esmeraldas","isPartOf":{"@id":"https:\/\/prefecturadeesmeraldas.gob.ec\/#website"},"primaryImageOfPage":{"@id":"https:\/\/prefecturadeesmeraldas.gob.ec\/index.php\/2022\/02\/14\/la-prefectura-de-esmeraldas-continua-trabajando-por-el-desarrollo-vial-de-la-provincia\/#primaryimage"},"image":{"@id":"https:\/\/prefecturadeesmeraldas.gob.ec\/index.php\/2022\/02\/14\/la-prefectura-de-esmeraldas-continua-trabajando-por-el-desarrollo-vial-de-la-provincia\/#primaryimage"},"thumbnailUrl":"https:\/\/prefecturadeesmeraldas.gob.ec\/wp-content\/uploads\/2022\/02\/Imagen3.jpg","datePublished":"2022-02-14T16:10:12+00:00","dateModified":"2022-02-14T16:11:04+00:00","breadcrumb":{"@id":"https:\/\/prefecturadeesmeraldas.gob.ec\/index.php\/2022\/02\/14\/la-prefectura-de-esmeraldas-continua-trabajando-por-el-desarrollo-vial-de-la-provincia\/#breadcrumb"},"inLanguage":"es","potentialAction":[{"@type":"ReadAction","target":["https:\/\/prefecturadeesmeraldas.gob.ec\/index.php\/2022\/02\/14\/la-prefectura-de-esmeraldas-continua-trabajando-por-el-desarrollo-vial-de-la-provincia\/"]}]},{"@type":"ImageObject","inLanguage":"es","@id":"https:\/\/prefecturadeesmeraldas.gob.ec\/index.php\/2022\/02\/14\/la-prefectura-de-esmeraldas-continua-trabajando-por-el-desarrollo-vial-de-la-provincia\/#primaryimage","url":"https:\/\/prefecturadeesmeraldas.gob.ec\/wp-content\/uploads\/2022\/02\/Imagen3.jpg","contentUrl":"https:\/\/prefecturadeesmeraldas.gob.ec\/wp-content\/uploads\/2022\/02\/Imagen3.jpg","width":567,"height":563},{"@type":"BreadcrumbList","@id":"https:\/\/prefecturadeesmeraldas.gob.ec\/index.php\/2022\/02\/14\/la-prefectura-de-esmeraldas-continua-trabajando-por-el-desarrollo-vial-de-la-provincia\/#breadcrumb","itemListElement":[{"@type":"ListItem","position":1,"name":"Home","item":"https:\/\/prefecturadeesmeraldas.gob.ec\/"},{"@type":"ListItem","position":2,"name":"La prefectura de Esmeraldas contin\u00faa trabajando por el desarrollo vial de la provincia"}]},{"@type":"WebSite","@id":"https:\/\/prefecturadeesmeraldas.gob.ec\/#website","url":"https:\/\/prefecturadeesmeraldas.gob.ec\/","name":"Gobierno Aut\u00f3nomo Descentralizado de la Provincia de Esmeraldas","description":"Gobierno Aut\u00f3nomo Descentralizado de la Provincia de Esmeraldas","publisher":{"@id":"https:\/\/prefecturadeesmeraldas.gob.ec\/#organization"},"potentialAction":[{"@type":"SearchAction","target":{"@type":"EntryPoint","urlTemplate":"https:\/\/prefecturadeesmeraldas.gob.ec\/?s={search_term_string}"},"query-input":{"@type":"PropertyValueSpecification","valueRequired":true,"valueName":"search_term_string"}}],"inLanguage":"es"},{"@type":"Organization","@id":"https:\/\/prefecturadeesmeraldas.gob.ec\/#organization","name":"Gobierno Aut\u00f3nomo Descentralizado de la Provincia de Esmeraldas","url":"https:\/\/prefecturadeesmeraldas.gob.ec\/","logo":{"@type":"ImageObject","inLanguage":"es","@id":"https:\/\/prefecturadeesmeraldas.gob.ec\/#\/schema\/logo\/image\/","url":"https:\/\/prefecturadeesmeraldas.gob.ec\/wp-content\/uploads\/2019\/06\/logo.png","contentUrl":"https:\/\/prefecturadeesmeraldas.gob.ec\/wp-content\/uploads\/2019\/06\/logo.png","width":859,"height":448,"caption":"Gobierno Aut\u00f3nomo Descentralizado de la Provincia de Esmeraldas"},"image":{"@id":"https:\/\/prefecturadeesmeraldas.gob.ec\/#\/schema\/logo\/image\/"},"sameAs":["https:\/\/www.facebook.com\/PrefecturaEsmeraldas\/"]},{"@type":"Person","@id":"https:\/\/prefecturadeesmeraldas.gob.ec\/#\/schema\/person\/b0c9e7b1ead7725994d1e319e8825234","name":"Direcci\u00f3n de Comunicaci\u00f3n","image":{"@type":"ImageObject","inLanguage":"es","@id":"https:\/\/prefecturadeesmeraldas.gob.ec\/#\/schema\/person\/image\/","url":"https:\/\/secure.gravatar.com\/avatar\/74a3870a946f5d774ade3569af61a72308e07ad3346f370c4b468ee2a9858658?s=96&d=mm&r=g","contentUrl":"https:\/\/secure.gravatar.com\/avatar\/74a3870a946f5d774ade3569af61a72308e07ad3346f370c4b468ee2a9858658?s=96&d=mm&r=g","caption":"Direcci\u00f3n de Comunicaci\u00f3n"}}]}},"_links":{"self":[{"href":"https:\/\/prefecturadeesmeraldas.gob.ec\/index.php\/wp-json\/wp\/v2\/posts\/14556","targetHints":{"allow":["GET"]}}],"collection":[{"href":"https:\/\/prefecturadeesmeraldas.gob.ec\/index.php\/wp-json\/wp\/v2\/posts"}],"about":[{"href":"https:\/\/prefecturadeesmeraldas.gob.ec\/index.php\/wp-json\/wp\/v2\/types\/post"}],"author":[{"embeddable":true,"href":"https:\/\/prefecturadeesmeraldas.gob.ec\/index.php\/wp-json\/wp\/v2\/users\/2"}],"replies":[{"embeddable":true,"href":"https:\/\/prefecturadeesmeraldas.gob.ec\/index.php\/wp-json\/wp\/v2\/comments?post=14556"}],"version-history":[{"count":0,"href":"https:\/\/prefecturadeesmeraldas.gob.ec\/index.php\/wp-json\/wp\/v2\/posts\/14556\/revisions"}],"wp:featuredmedia":[{"embeddable":true,"href":"https:\/\/prefecturadeesmeraldas.gob.ec\/index.php\/wp-json\/wp\/v2\/media\/14557"}],"wp:attachment":[{"href":"https:\/\/prefecturadeesmeraldas.gob.ec\/index.php\/wp-json\/wp\/v2\/media?parent=14556"}],"wp:term":[{"taxonomy":"category","embeddable":true,"href":"https:\/\/prefecturadeesmeraldas.gob.ec\/index.php\/wp-json\/wp\/v2\/categories?post=14556"},{"taxonomy":"post_tag","embeddable":true,"href":"https:\/\/prefecturadeesmeraldas.gob.ec\/index.php\/wp-json\/wp\/v2\/tags?post=14556"}],"curies":[{"name":"wp","href":"https:\/\/api.w.org\/{rel}","templated":true}]}}