{"id":14357,"date":"2022-01-21T10:45:53","date_gmt":"2022-01-21T15:45:53","guid":{"rendered":"https:\/\/prefecturadeesmeraldas.gob.ec\/?p=14357"},"modified":"2022-01-21T10:47:28","modified_gmt":"2022-01-21T15:47:28","slug":"la-prefectura-de-esmeraldas-retomo-los-trabajos-de-asfaltado-de-la-carretera-que-conecta-la-e20-con-la-cabecera-parroquial-de-ricaurte-en-el-canton-san-lorenzo","status":"publish","type":"post","link":"https:\/\/prefecturadeesmeraldas.gob.ec\/index.php\/2022\/01\/21\/la-prefectura-de-esmeraldas-retomo-los-trabajos-de-asfaltado-de-la-carretera-que-conecta-la-e20-con-la-cabecera-parroquial-de-ricaurte-en-el-canton-san-lorenzo\/","title":{"rendered":"La Prefectura de Esmeraldas retom\u00f3 los trabajos de asfaltado de la carretera que conecta la E20 con la cabecera parroquial de Ricaurte en el cant\u00f3n San Lorenzo."},"content":{"rendered":"\t\t<div data-elementor-type=\"wp-post\" data-elementor-id=\"14357\" class=\"elementor elementor-14357\">\n\t\t\t\t\t\t<section class=\"elementor-section elementor-top-section elementor-element elementor-element-97dd20a elementor-section-boxed elementor-section-height-default elementor-section-height-default\" data-id=\"97dd20a\" data-element_type=\"section\">\n\t\t\t\t\t\t<div class=\"elementor-container elementor-column-gap-default\">\n\t\t\t\t\t<div class=\"elementor-column elementor-col-100 elementor-top-column elementor-element elementor-element-f550754\" data-id=\"f550754\" data-element_type=\"column\">\n\t\t\t<div class=\"elementor-widget-wrap elementor-element-populated\">\n\t\t\t\t\t\t<div class=\"elementor-element elementor-element-9a1411f elementor-widget elementor-widget-image\" data-id=\"9a1411f\" data-element_type=\"widget\" data-widget_type=\"image.default\">\n\t\t\t\t<div class=\"elementor-widget-container\">\n\t\t\t\t\t\t\t\t\t\t\t\t\t\t\t<img fetchpriority=\"high\" decoding=\"async\" width=\"1024\" height=\"1016\" src=\"https:\/\/prefecturadeesmeraldas.gob.ec\/wp-content\/uploads\/2022\/01\/WhatsApp-Image-2022-01-20-at-19.59.40-1-1024x1016.jpeg\" class=\"attachment-large size-large wp-image-14360\" alt=\"\" srcset=\"https:\/\/prefecturadeesmeraldas.gob.ec\/wp-content\/uploads\/2022\/01\/WhatsApp-Image-2022-01-20-at-19.59.40-1-1024x1016.jpeg 1024w, https:\/\/prefecturadeesmeraldas.gob.ec\/wp-content\/uploads\/2022\/01\/WhatsApp-Image-2022-01-20-at-19.59.40-1-150x150.jpeg 150w, https:\/\/prefecturadeesmeraldas.gob.ec\/wp-content\/uploads\/2022\/01\/WhatsApp-Image-2022-01-20-at-19.59.40-1-300x298.jpeg 300w, https:\/\/prefecturadeesmeraldas.gob.ec\/wp-content\/uploads\/2022\/01\/WhatsApp-Image-2022-01-20-at-19.59.40-1-768x762.jpeg 768w, https:\/\/prefecturadeesmeraldas.gob.ec\/wp-content\/uploads\/2022\/01\/WhatsApp-Image-2022-01-20-at-19.59.40-1.jpeg 1080w\" sizes=\"(max-width: 1024px) 100vw, 1024px\" \/>\t\t\t\t\t\t\t\t\t\t\t\t\t\t\t<\/div>\n\t\t\t\t<\/div>\n\t\t\t\t\t<\/div>\n\t\t<\/div>\n\t\t\t\t\t<\/div>\n\t\t<\/section>\n\t\t\t\t<section class=\"elementor-section elementor-top-section elementor-element elementor-element-0c0d994 elementor-section-boxed elementor-section-height-default elementor-section-height-default\" data-id=\"0c0d994\" data-element_type=\"section\">\n\t\t\t\t\t\t<div class=\"elementor-container elementor-column-gap-default\">\n\t\t\t\t\t<div class=\"elementor-column elementor-col-100 elementor-top-column elementor-element elementor-element-688758e\" data-id=\"688758e\" data-element_type=\"column\">\n\t\t\t<div class=\"elementor-widget-wrap elementor-element-populated\">\n\t\t\t\t\t\t<div class=\"elementor-element elementor-element-7662ae2 elementor-widget elementor-widget-text-editor\" data-id=\"7662ae2\" data-element_type=\"widget\" data-widget_type=\"text-editor.default\">\n\t\t\t\t<div class=\"elementor-widget-container\">\n\t\t\t\t\t\t\t\t\t<p>Una obra vial que impulsar\u00e1 el desarrollo econ\u00f3mico, tur\u00edstico y agropecuario de \u00e9sta importante parroquia norte\u00f1a.\u00a0<\/p><p><\/p><p>Erl\u00edn Ayov\u00ed, conductor de un veh\u00edculo, afirm\u00f3 que el asfaltado fortalecer\u00e1 las actividades econ\u00f3micas de la parroquia, especialmente el turismo que se ha convertido en una fuente generadora de trabajo e ingresos econ\u00f3micos.\u00a0&#8220;<strong>Le pido a la Prefecta que siga trabajando y apoy\u00e1ndonos<\/strong>&#8220;, concluy\u00f3.\u00a0<\/p><p><\/p><p><strong>Derbis Valencia<\/strong>, quien brinda servicio de transporte en la zona, detall\u00f3 que la carretera se encontraba en malas condiciones y eso afectaba a la movilizaci\u00f3n de los productos, y, por ende, al turismo. &#8220;Ahora est\u00e1n asfaltado y que bueno que trabaje por ello la Prefecta de Esmeraldas&#8221;, a\u00f1adi\u00f3.\u00a0<\/p><p><\/p><p><strong>Hip\u00f3lito Rodr\u00edguez<\/strong>, dirigente ciudadano, indic\u00f3 que, a pesar de la pandemia, recortes de presupuesto y la situaci\u00f3n cr\u00edtica que vive el pa\u00eds, la Prefecta Provincial viene ejecutando obras a favor de la poblaci\u00f3n rural.<\/p>\t\t\t\t\t\t\t\t<\/div>\n\t\t\t\t<\/div>\n\t\t\t\t\t<\/div>\n\t\t<\/div>\n\t\t\t\t\t<\/div>\n\t\t<\/section>\n\t\t\t\t<section class=\"elementor-section elementor-top-section elementor-element elementor-element-272ff5b elementor-section-boxed elementor-section-height-default elementor-section-height-default\" data-id=\"272ff5b\" data-element_type=\"section\">\n\t\t\t\t\t\t<div class=\"elementor-container elementor-column-gap-default\">\n\t\t\t\t\t<div class=\"elementor-column elementor-col-100 elementor-top-column elementor-element elementor-element-89b589e\" data-id=\"89b589e\" data-element_type=\"column\">\n\t\t\t<div class=\"elementor-widget-wrap elementor-element-populated\">\n\t\t\t\t\t\t<div class=\"elementor-element elementor-element-264eff1 elementor-widget elementor-widget-image\" data-id=\"264eff1\" data-element_type=\"widget\" data-widget_type=\"image.default\">\n\t\t\t\t<div class=\"elementor-widget-container\">\n\t\t\t\t\t\t\t\t\t\t\t\t\t\t\t<img decoding=\"async\" width=\"1024\" height=\"1016\" src=\"https:\/\/prefecturadeesmeraldas.gob.ec\/wp-content\/uploads\/2022\/01\/WhatsApp-Image-2022-01-20-at-19.59.40-3-1024x1016.jpeg\" class=\"attachment-large size-large wp-image-14361\" alt=\"\" srcset=\"https:\/\/prefecturadeesmeraldas.gob.ec\/wp-content\/uploads\/2022\/01\/WhatsApp-Image-2022-01-20-at-19.59.40-3-1024x1016.jpeg 1024w, https:\/\/prefecturadeesmeraldas.gob.ec\/wp-content\/uploads\/2022\/01\/WhatsApp-Image-2022-01-20-at-19.59.40-3-1080x1072.jpeg 1080w, https:\/\/prefecturadeesmeraldas.gob.ec\/wp-content\/uploads\/2022\/01\/WhatsApp-Image-2022-01-20-at-19.59.40-3-150x150.jpeg 150w, https:\/\/prefecturadeesmeraldas.gob.ec\/wp-content\/uploads\/2022\/01\/WhatsApp-Image-2022-01-20-at-19.59.40-3-300x298.jpeg 300w, https:\/\/prefecturadeesmeraldas.gob.ec\/wp-content\/uploads\/2022\/01\/WhatsApp-Image-2022-01-20-at-19.59.40-3-768x762.jpeg 768w, https:\/\/prefecturadeesmeraldas.gob.ec\/wp-content\/uploads\/2022\/01\/WhatsApp-Image-2022-01-20-at-19.59.40-3.jpeg 1088w\" sizes=\"(max-width: 1024px) 100vw, 1024px\" \/>\t\t\t\t\t\t\t\t\t\t\t\t\t\t\t<\/div>\n\t\t\t\t<\/div>\n\t\t\t\t\t<\/div>\n\t\t<\/div>\n\t\t\t\t\t<\/div>\n\t\t<\/section>\n\t\t\t\t<section class=\"elementor-section elementor-top-section elementor-element elementor-element-a49c83c elementor-section-boxed elementor-section-height-default elementor-section-height-default\" data-id=\"a49c83c\" data-element_type=\"section\">\n\t\t\t\t\t\t<div class=\"elementor-container elementor-column-gap-default\">\n\t\t\t\t\t<div class=\"elementor-column elementor-col-100 elementor-top-column elementor-element elementor-element-593273c\" data-id=\"593273c\" data-element_type=\"column\">\n\t\t\t<div class=\"elementor-widget-wrap elementor-element-populated\">\n\t\t\t\t\t\t<div class=\"elementor-element elementor-element-04965df elementor-widget elementor-widget-text-editor\" data-id=\"04965df\" data-element_type=\"widget\" data-widget_type=\"text-editor.default\">\n\t\t\t\t<div class=\"elementor-widget-container\">\n\t\t\t\t\t\t\t\t\t<p>El dirigente, agreg\u00f3 que los habitantes se encuentran muy satisfechos por la obra vial y que est\u00e1n dispuestos a segui4 apoyando todo el accionar de Roberta Zambrano.\u00a0<\/p><p><\/p><p><strong>Jefferson Caicedo<\/strong>, presidente del Gobierno, se\u00f1al\u00f3 que, gracias a la voluntad pol\u00edtica de la Prefecta de Esmeraldas, se est\u00e1 realizando el asfaltado de la carretera que ayudar\u00e1 a impulsar el turismo y generar ingresos a la familia de la parroquia.<\/p><p><\/p><p>La autoridad parroquial, agreg\u00f3 que son muchas las necesidades viales que hay en la provincia, por lo que la Prefecta a pesar de las circunstancias adversas viene cumpliendo con su palabra.<\/p><p><\/p><p>Tambi\u00e9n, acot\u00f3 que la poblaci\u00f3n debe entender que la planificaci\u00f3n de las obras no se cumple con los tiempos establecidos, es por las condiciones clim\u00e1ticas que no se prestan para dar continuidad a la obra.\u00a0<\/p>\t\t\t\t\t\t\t\t<\/div>\n\t\t\t\t<\/div>\n\t\t\t\t\t<\/div>\n\t\t<\/div>\n\t\t\t\t\t<\/div>\n\t\t<\/section>\n\t\t\t\t<\/div>\n\t\t","protected":false},"excerpt":{"rendered":"<p>Una obra vial que impulsar\u00e1 el desarrollo econ\u00f3mico, tur\u00edstico y agropecuario de \u00e9sta importante parroquia norte\u00f1a.\u00a0 Erl\u00edn Ayov\u00ed, conductor de un veh\u00edculo, afirm\u00f3 que el asfaltado fortalecer\u00e1 las actividades econ\u00f3micas de la parroquia, especialmente el turismo que se ha convertido en una fuente generadora de trabajo e ingresos econ\u00f3micos.\u00a0&#8220;Le pido a la Prefecta que siga [&hellip;]<\/p>\n","protected":false},"author":2,"featured_media":14358,"comment_status":"closed","ping_status":"open","sticky":false,"template":"","format":"standard","meta":{"footnotes":""},"categories":[14],"tags":[],"class_list":["post-14357","post","type-post","status-publish","format-standard","has-post-thumbnail","hentry","category-vialidad"],"yoast_head":"<!-- This site is optimized with the Yoast SEO plugin v25.7 - https:\/\/yoast.com\/wordpress\/plugins\/seo\/ -->\n<title>La Prefectura de Esmeraldas retom\u00f3 los trabajos de asfaltado de la carretera que conecta la E20 con la cabecera parroquial de Ricaurte en el cant\u00f3n San Lorenzo. - Gobierno Aut\u00f3nomo Descentralizado de la Provincia de Esmeraldas<\/title>\n<meta name=\"robots\" content=\"index, follow, max-snippet:-1, max-image-preview:large, max-video-preview:-1\" \/>\n<link rel=\"canonical\" href=\"https:\/\/prefecturadeesmeraldas.gob.ec\/index.php\/2022\/01\/21\/la-prefectura-de-esmeraldas-retomo-los-trabajos-de-asfaltado-de-la-carretera-que-conecta-la-e20-con-la-cabecera-parroquial-de-ricaurte-en-el-canton-san-lorenzo\/\" \/>\n<meta property=\"og:locale\" content=\"es_ES\" \/>\n<meta property=\"og:type\" content=\"article\" \/>\n<meta property=\"og:title\" content=\"La Prefectura de Esmeraldas retom\u00f3 los trabajos de asfaltado de la carretera que conecta la E20 con la cabecera parroquial de Ricaurte en el cant\u00f3n San Lorenzo. - Gobierno Aut\u00f3nomo Descentralizado de la Provincia de Esmeraldas\" \/>\n<meta property=\"og:description\" content=\"Una obra vial que impulsar\u00e1 el desarrollo econ\u00f3mico, tur\u00edstico y agropecuario de \u00e9sta importante parroquia norte\u00f1a.\u00a0 Erl\u00edn Ayov\u00ed, conductor de un veh\u00edculo, afirm\u00f3 que el asfaltado fortalecer\u00e1 las actividades econ\u00f3micas de la parroquia, especialmente el turismo que se ha convertido en una fuente generadora de trabajo e ingresos econ\u00f3micos.\u00a0&#8220;Le pido a la Prefecta que siga [&hellip;]\" \/>\n<meta property=\"og:url\" content=\"https:\/\/prefecturadeesmeraldas.gob.ec\/index.php\/2022\/01\/21\/la-prefectura-de-esmeraldas-retomo-los-trabajos-de-asfaltado-de-la-carretera-que-conecta-la-e20-con-la-cabecera-parroquial-de-ricaurte-en-el-canton-san-lorenzo\/\" \/>\n<meta property=\"og:site_name\" content=\"Gobierno Aut\u00f3nomo Descentralizado de la Provincia de Esmeraldas\" \/>\n<meta property=\"article:publisher\" content=\"https:\/\/www.facebook.com\/PrefecturaEsmeraldas\/\" \/>\n<meta property=\"article:published_time\" content=\"2022-01-21T15:45:53+00:00\" \/>\n<meta property=\"article:modified_time\" content=\"2022-01-21T15:47:28+00:00\" \/>\n<meta property=\"og:image\" content=\"https:\/\/prefecturadeesmeraldas.gob.ec\/wp-content\/uploads\/2022\/01\/WhatsApp-Image-2022-01-20-at-19.59.40-2.jpeg\" \/>\n\t<meta property=\"og:image:width\" content=\"1088\" \/>\n\t<meta property=\"og:image:height\" content=\"1080\" \/>\n\t<meta property=\"og:image:type\" content=\"image\/jpeg\" \/>\n<meta name=\"author\" content=\"Direcci\u00f3n de Comunicaci\u00f3n\" \/>\n<meta name=\"twitter:card\" content=\"summary_large_image\" \/>\n<meta name=\"twitter:label1\" content=\"Escrito por\" \/>\n\t<meta name=\"twitter:data1\" content=\"Direcci\u00f3n de Comunicaci\u00f3n\" \/>\n\t<meta name=\"twitter:label2\" content=\"Tiempo de lectura\" \/>\n\t<meta name=\"twitter:data2\" content=\"1 minuto\" \/>\n<script type=\"application\/ld+json\" class=\"yoast-schema-graph\">{\"@context\":\"https:\/\/schema.org\",\"@graph\":[{\"@type\":\"Article\",\"@id\":\"https:\/\/prefecturadeesmeraldas.gob.ec\/index.php\/2022\/01\/21\/la-prefectura-de-esmeraldas-retomo-los-trabajos-de-asfaltado-de-la-carretera-que-conecta-la-e20-con-la-cabecera-parroquial-de-ricaurte-en-el-canton-san-lorenzo\/#article\",\"isPartOf\":{\"@id\":\"https:\/\/prefecturadeesmeraldas.gob.ec\/index.php\/2022\/01\/21\/la-prefectura-de-esmeraldas-retomo-los-trabajos-de-asfaltado-de-la-carretera-que-conecta-la-e20-con-la-cabecera-parroquial-de-ricaurte-en-el-canton-san-lorenzo\/\"},\"author\":{\"name\":\"Direcci\u00f3n de Comunicaci\u00f3n\",\"@id\":\"https:\/\/prefecturadeesmeraldas.gob.ec\/#\/schema\/person\/b0c9e7b1ead7725994d1e319e8825234\"},\"headline\":\"La Prefectura de Esmeraldas retom\u00f3 los trabajos de asfaltado de la carretera que conecta la E20 con la cabecera parroquial de Ricaurte en el cant\u00f3n San Lorenzo.\",\"datePublished\":\"2022-01-21T15:45:53+00:00\",\"dateModified\":\"2022-01-21T15:47:28+00:00\",\"mainEntityOfPage\":{\"@id\":\"https:\/\/prefecturadeesmeraldas.gob.ec\/index.php\/2022\/01\/21\/la-prefectura-de-esmeraldas-retomo-los-trabajos-de-asfaltado-de-la-carretera-que-conecta-la-e20-con-la-cabecera-parroquial-de-ricaurte-en-el-canton-san-lorenzo\/\"},\"wordCount\":327,\"publisher\":{\"@id\":\"https:\/\/prefecturadeesmeraldas.gob.ec\/#organization\"},\"image\":{\"@id\":\"https:\/\/prefecturadeesmeraldas.gob.ec\/index.php\/2022\/01\/21\/la-prefectura-de-esmeraldas-retomo-los-trabajos-de-asfaltado-de-la-carretera-que-conecta-la-e20-con-la-cabecera-parroquial-de-ricaurte-en-el-canton-san-lorenzo\/#primaryimage\"},\"thumbnailUrl\":\"https:\/\/prefecturadeesmeraldas.gob.ec\/wp-content\/uploads\/2022\/01\/WhatsApp-Image-2022-01-20-at-19.59.40-2.jpeg\",\"articleSection\":[\"Vialidad\"],\"inLanguage\":\"es\"},{\"@type\":\"WebPage\",\"@id\":\"https:\/\/prefecturadeesmeraldas.gob.ec\/index.php\/2022\/01\/21\/la-prefectura-de-esmeraldas-retomo-los-trabajos-de-asfaltado-de-la-carretera-que-conecta-la-e20-con-la-cabecera-parroquial-de-ricaurte-en-el-canton-san-lorenzo\/\",\"url\":\"https:\/\/prefecturadeesmeraldas.gob.ec\/index.php\/2022\/01\/21\/la-prefectura-de-esmeraldas-retomo-los-trabajos-de-asfaltado-de-la-carretera-que-conecta-la-e20-con-la-cabecera-parroquial-de-ricaurte-en-el-canton-san-lorenzo\/\",\"name\":\"La Prefectura de Esmeraldas retom\u00f3 los trabajos de asfaltado de la carretera que conecta la E20 con la cabecera parroquial de Ricaurte en el cant\u00f3n San Lorenzo. - Gobierno Aut\u00f3nomo Descentralizado de la Provincia de Esmeraldas\",\"isPartOf\":{\"@id\":\"https:\/\/prefecturadeesmeraldas.gob.ec\/#website\"},\"primaryImageOfPage\":{\"@id\":\"https:\/\/prefecturadeesmeraldas.gob.ec\/index.php\/2022\/01\/21\/la-prefectura-de-esmeraldas-retomo-los-trabajos-de-asfaltado-de-la-carretera-que-conecta-la-e20-con-la-cabecera-parroquial-de-ricaurte-en-el-canton-san-lorenzo\/#primaryimage\"},\"image\":{\"@id\":\"https:\/\/prefecturadeesmeraldas.gob.ec\/index.php\/2022\/01\/21\/la-prefectura-de-esmeraldas-retomo-los-trabajos-de-asfaltado-de-la-carretera-que-conecta-la-e20-con-la-cabecera-parroquial-de-ricaurte-en-el-canton-san-lorenzo\/#primaryimage\"},\"thumbnailUrl\":\"https:\/\/prefecturadeesmeraldas.gob.ec\/wp-content\/uploads\/2022\/01\/WhatsApp-Image-2022-01-20-at-19.59.40-2.jpeg\",\"datePublished\":\"2022-01-21T15:45:53+00:00\",\"dateModified\":\"2022-01-21T15:47:28+00:00\",\"breadcrumb\":{\"@id\":\"https:\/\/prefecturadeesmeraldas.gob.ec\/index.php\/2022\/01\/21\/la-prefectura-de-esmeraldas-retomo-los-trabajos-de-asfaltado-de-la-carretera-que-conecta-la-e20-con-la-cabecera-parroquial-de-ricaurte-en-el-canton-san-lorenzo\/#breadcrumb\"},\"inLanguage\":\"es\",\"potentialAction\":[{\"@type\":\"ReadAction\",\"target\":[\"https:\/\/prefecturadeesmeraldas.gob.ec\/index.php\/2022\/01\/21\/la-prefectura-de-esmeraldas-retomo-los-trabajos-de-asfaltado-de-la-carretera-que-conecta-la-e20-con-la-cabecera-parroquial-de-ricaurte-en-el-canton-san-lorenzo\/\"]}]},{\"@type\":\"ImageObject\",\"inLanguage\":\"es\",\"@id\":\"https:\/\/prefecturadeesmeraldas.gob.ec\/index.php\/2022\/01\/21\/la-prefectura-de-esmeraldas-retomo-los-trabajos-de-asfaltado-de-la-carretera-que-conecta-la-e20-con-la-cabecera-parroquial-de-ricaurte-en-el-canton-san-lorenzo\/#primaryimage\",\"url\":\"https:\/\/prefecturadeesmeraldas.gob.ec\/wp-content\/uploads\/2022\/01\/WhatsApp-Image-2022-01-20-at-19.59.40-2.jpeg\",\"contentUrl\":\"https:\/\/prefecturadeesmeraldas.gob.ec\/wp-content\/uploads\/2022\/01\/WhatsApp-Image-2022-01-20-at-19.59.40-2.jpeg\",\"width\":1088,\"height\":1080},{\"@type\":\"BreadcrumbList\",\"@id\":\"https:\/\/prefecturadeesmeraldas.gob.ec\/index.php\/2022\/01\/21\/la-prefectura-de-esmeraldas-retomo-los-trabajos-de-asfaltado-de-la-carretera-que-conecta-la-e20-con-la-cabecera-parroquial-de-ricaurte-en-el-canton-san-lorenzo\/#breadcrumb\",\"itemListElement\":[{\"@type\":\"ListItem\",\"position\":1,\"name\":\"Home\",\"item\":\"https:\/\/prefecturadeesmeraldas.gob.ec\/\"},{\"@type\":\"ListItem\",\"position\":2,\"name\":\"La Prefectura de Esmeraldas retom\u00f3 los trabajos de asfaltado de la carretera que conecta la E20 con la cabecera parroquial de Ricaurte en el cant\u00f3n San Lorenzo.\"}]},{\"@type\":\"WebSite\",\"@id\":\"https:\/\/prefecturadeesmeraldas.gob.ec\/#website\",\"url\":\"https:\/\/prefecturadeesmeraldas.gob.ec\/\",\"name\":\"Gobierno Aut\u00f3nomo Descentralizado de la Provincia de Esmeraldas\",\"description\":\"Gobierno Aut\u00f3nomo Descentralizado de la Provincia de Esmeraldas\",\"publisher\":{\"@id\":\"https:\/\/prefecturadeesmeraldas.gob.ec\/#organization\"},\"potentialAction\":[{\"@type\":\"SearchAction\",\"target\":{\"@type\":\"EntryPoint\",\"urlTemplate\":\"https:\/\/prefecturadeesmeraldas.gob.ec\/?s={search_term_string}\"},\"query-input\":{\"@type\":\"PropertyValueSpecification\",\"valueRequired\":true,\"valueName\":\"search_term_string\"}}],\"inLanguage\":\"es\"},{\"@type\":\"Organization\",\"@id\":\"https:\/\/prefecturadeesmeraldas.gob.ec\/#organization\",\"name\":\"Gobierno Aut\u00f3nomo Descentralizado de la Provincia de Esmeraldas\",\"url\":\"https:\/\/prefecturadeesmeraldas.gob.ec\/\",\"logo\":{\"@type\":\"ImageObject\",\"inLanguage\":\"es\",\"@id\":\"https:\/\/prefecturadeesmeraldas.gob.ec\/#\/schema\/logo\/image\/\",\"url\":\"https:\/\/prefecturadeesmeraldas.gob.ec\/wp-content\/uploads\/2019\/06\/logo.png\",\"contentUrl\":\"https:\/\/prefecturadeesmeraldas.gob.ec\/wp-content\/uploads\/2019\/06\/logo.png\",\"width\":859,\"height\":448,\"caption\":\"Gobierno Aut\u00f3nomo Descentralizado de la Provincia de Esmeraldas\"},\"image\":{\"@id\":\"https:\/\/prefecturadeesmeraldas.gob.ec\/#\/schema\/logo\/image\/\"},\"sameAs\":[\"https:\/\/www.facebook.com\/PrefecturaEsmeraldas\/\"]},{\"@type\":\"Person\",\"@id\":\"https:\/\/prefecturadeesmeraldas.gob.ec\/#\/schema\/person\/b0c9e7b1ead7725994d1e319e8825234\",\"name\":\"Direcci\u00f3n de Comunicaci\u00f3n\",\"image\":{\"@type\":\"ImageObject\",\"inLanguage\":\"es\",\"@id\":\"https:\/\/prefecturadeesmeraldas.gob.ec\/#\/schema\/person\/image\/\",\"url\":\"https:\/\/secure.gravatar.com\/avatar\/74a3870a946f5d774ade3569af61a72308e07ad3346f370c4b468ee2a9858658?s=96&d=mm&r=g\",\"contentUrl\":\"https:\/\/secure.gravatar.com\/avatar\/74a3870a946f5d774ade3569af61a72308e07ad3346f370c4b468ee2a9858658?s=96&d=mm&r=g\",\"caption\":\"Direcci\u00f3n de Comunicaci\u00f3n\"}}]}<\/script>\n<!-- \/ Yoast SEO plugin. -->","yoast_head_json":{"title":"La Prefectura de Esmeraldas retom\u00f3 los trabajos de asfaltado de la carretera que conecta la E20 con la cabecera parroquial de Ricaurte en el cant\u00f3n San Lorenzo. - Gobierno Aut\u00f3nomo Descentralizado de la Provincia de Esmeraldas","robots":{"index":"index","follow":"follow","max-snippet":"max-snippet:-1","max-image-preview":"max-image-preview:large","max-video-preview":"max-video-preview:-1"},"canonical":"https:\/\/prefecturadeesmeraldas.gob.ec\/index.php\/2022\/01\/21\/la-prefectura-de-esmeraldas-retomo-los-trabajos-de-asfaltado-de-la-carretera-que-conecta-la-e20-con-la-cabecera-parroquial-de-ricaurte-en-el-canton-san-lorenzo\/","og_locale":"es_ES","og_type":"article","og_title":"La Prefectura de Esmeraldas retom\u00f3 los trabajos de asfaltado de la carretera que conecta la E20 con la cabecera parroquial de Ricaurte en el cant\u00f3n San Lorenzo. - Gobierno Aut\u00f3nomo Descentralizado de la Provincia de Esmeraldas","og_description":"Una obra vial que impulsar\u00e1 el desarrollo econ\u00f3mico, tur\u00edstico y agropecuario de \u00e9sta importante parroquia norte\u00f1a.\u00a0 Erl\u00edn Ayov\u00ed, conductor de un veh\u00edculo, afirm\u00f3 que el asfaltado fortalecer\u00e1 las actividades econ\u00f3micas de la parroquia, especialmente el turismo que se ha convertido en una fuente generadora de trabajo e ingresos econ\u00f3micos.\u00a0&#8220;Le pido a la Prefecta que siga [&hellip;]","og_url":"https:\/\/prefecturadeesmeraldas.gob.ec\/index.php\/2022\/01\/21\/la-prefectura-de-esmeraldas-retomo-los-trabajos-de-asfaltado-de-la-carretera-que-conecta-la-e20-con-la-cabecera-parroquial-de-ricaurte-en-el-canton-san-lorenzo\/","og_site_name":"Gobierno Aut\u00f3nomo Descentralizado de la Provincia de Esmeraldas","article_publisher":"https:\/\/www.facebook.com\/PrefecturaEsmeraldas\/","article_published_time":"2022-01-21T15:45:53+00:00","article_modified_time":"2022-01-21T15:47:28+00:00","og_image":[{"width":1088,"height":1080,"url":"https:\/\/prefecturadeesmeraldas.gob.ec\/wp-content\/uploads\/2022\/01\/WhatsApp-Image-2022-01-20-at-19.59.40-2.jpeg","type":"image\/jpeg"}],"author":"Direcci\u00f3n de Comunicaci\u00f3n","twitter_card":"summary_large_image","twitter_misc":{"Escrito por":"Direcci\u00f3n de Comunicaci\u00f3n","Tiempo de lectura":"1 minuto"},"schema":{"@context":"https:\/\/schema.org","@graph":[{"@type":"Article","@id":"https:\/\/prefecturadeesmeraldas.gob.ec\/index.php\/2022\/01\/21\/la-prefectura-de-esmeraldas-retomo-los-trabajos-de-asfaltado-de-la-carretera-que-conecta-la-e20-con-la-cabecera-parroquial-de-ricaurte-en-el-canton-san-lorenzo\/#article","isPartOf":{"@id":"https:\/\/prefecturadeesmeraldas.gob.ec\/index.php\/2022\/01\/21\/la-prefectura-de-esmeraldas-retomo-los-trabajos-de-asfaltado-de-la-carretera-que-conecta-la-e20-con-la-cabecera-parroquial-de-ricaurte-en-el-canton-san-lorenzo\/"},"author":{"name":"Direcci\u00f3n de Comunicaci\u00f3n","@id":"https:\/\/prefecturadeesmeraldas.gob.ec\/#\/schema\/person\/b0c9e7b1ead7725994d1e319e8825234"},"headline":"La Prefectura de Esmeraldas retom\u00f3 los trabajos de asfaltado de la carretera que conecta la E20 con la cabecera parroquial de Ricaurte en el cant\u00f3n San Lorenzo.","datePublished":"2022-01-21T15:45:53+00:00","dateModified":"2022-01-21T15:47:28+00:00","mainEntityOfPage":{"@id":"https:\/\/prefecturadeesmeraldas.gob.ec\/index.php\/2022\/01\/21\/la-prefectura-de-esmeraldas-retomo-los-trabajos-de-asfaltado-de-la-carretera-que-conecta-la-e20-con-la-cabecera-parroquial-de-ricaurte-en-el-canton-san-lorenzo\/"},"wordCount":327,"publisher":{"@id":"https:\/\/prefecturadeesmeraldas.gob.ec\/#organization"},"image":{"@id":"https:\/\/prefecturadeesmeraldas.gob.ec\/index.php\/2022\/01\/21\/la-prefectura-de-esmeraldas-retomo-los-trabajos-de-asfaltado-de-la-carretera-que-conecta-la-e20-con-la-cabecera-parroquial-de-ricaurte-en-el-canton-san-lorenzo\/#primaryimage"},"thumbnailUrl":"https:\/\/prefecturadeesmeraldas.gob.ec\/wp-content\/uploads\/2022\/01\/WhatsApp-Image-2022-01-20-at-19.59.40-2.jpeg","articleSection":["Vialidad"],"inLanguage":"es"},{"@type":"WebPage","@id":"https:\/\/prefecturadeesmeraldas.gob.ec\/index.php\/2022\/01\/21\/la-prefectura-de-esmeraldas-retomo-los-trabajos-de-asfaltado-de-la-carretera-que-conecta-la-e20-con-la-cabecera-parroquial-de-ricaurte-en-el-canton-san-lorenzo\/","url":"https:\/\/prefecturadeesmeraldas.gob.ec\/index.php\/2022\/01\/21\/la-prefectura-de-esmeraldas-retomo-los-trabajos-de-asfaltado-de-la-carretera-que-conecta-la-e20-con-la-cabecera-parroquial-de-ricaurte-en-el-canton-san-lorenzo\/","name":"La Prefectura de Esmeraldas retom\u00f3 los trabajos de asfaltado de la carretera que conecta la E20 con la cabecera parroquial de Ricaurte en el cant\u00f3n San Lorenzo. - Gobierno Aut\u00f3nomo Descentralizado de la Provincia de Esmeraldas","isPartOf":{"@id":"https:\/\/prefecturadeesmeraldas.gob.ec\/#website"},"primaryImageOfPage":{"@id":"https:\/\/prefecturadeesmeraldas.gob.ec\/index.php\/2022\/01\/21\/la-prefectura-de-esmeraldas-retomo-los-trabajos-de-asfaltado-de-la-carretera-que-conecta-la-e20-con-la-cabecera-parroquial-de-ricaurte-en-el-canton-san-lorenzo\/#primaryimage"},"image":{"@id":"https:\/\/prefecturadeesmeraldas.gob.ec\/index.php\/2022\/01\/21\/la-prefectura-de-esmeraldas-retomo-los-trabajos-de-asfaltado-de-la-carretera-que-conecta-la-e20-con-la-cabecera-parroquial-de-ricaurte-en-el-canton-san-lorenzo\/#primaryimage"},"thumbnailUrl":"https:\/\/prefecturadeesmeraldas.gob.ec\/wp-content\/uploads\/2022\/01\/WhatsApp-Image-2022-01-20-at-19.59.40-2.jpeg","datePublished":"2022-01-21T15:45:53+00:00","dateModified":"2022-01-21T15:47:28+00:00","breadcrumb":{"@id":"https:\/\/prefecturadeesmeraldas.gob.ec\/index.php\/2022\/01\/21\/la-prefectura-de-esmeraldas-retomo-los-trabajos-de-asfaltado-de-la-carretera-que-conecta-la-e20-con-la-cabecera-parroquial-de-ricaurte-en-el-canton-san-lorenzo\/#breadcrumb"},"inLanguage":"es","potentialAction":[{"@type":"ReadAction","target":["https:\/\/prefecturadeesmeraldas.gob.ec\/index.php\/2022\/01\/21\/la-prefectura-de-esmeraldas-retomo-los-trabajos-de-asfaltado-de-la-carretera-que-conecta-la-e20-con-la-cabecera-parroquial-de-ricaurte-en-el-canton-san-lorenzo\/"]}]},{"@type":"ImageObject","inLanguage":"es","@id":"https:\/\/prefecturadeesmeraldas.gob.ec\/index.php\/2022\/01\/21\/la-prefectura-de-esmeraldas-retomo-los-trabajos-de-asfaltado-de-la-carretera-que-conecta-la-e20-con-la-cabecera-parroquial-de-ricaurte-en-el-canton-san-lorenzo\/#primaryimage","url":"https:\/\/prefecturadeesmeraldas.gob.ec\/wp-content\/uploads\/2022\/01\/WhatsApp-Image-2022-01-20-at-19.59.40-2.jpeg","contentUrl":"https:\/\/prefecturadeesmeraldas.gob.ec\/wp-content\/uploads\/2022\/01\/WhatsApp-Image-2022-01-20-at-19.59.40-2.jpeg","width":1088,"height":1080},{"@type":"BreadcrumbList","@id":"https:\/\/prefecturadeesmeraldas.gob.ec\/index.php\/2022\/01\/21\/la-prefectura-de-esmeraldas-retomo-los-trabajos-de-asfaltado-de-la-carretera-que-conecta-la-e20-con-la-cabecera-parroquial-de-ricaurte-en-el-canton-san-lorenzo\/#breadcrumb","itemListElement":[{"@type":"ListItem","position":1,"name":"Home","item":"https:\/\/prefecturadeesmeraldas.gob.ec\/"},{"@type":"ListItem","position":2,"name":"La Prefectura de Esmeraldas retom\u00f3 los trabajos de asfaltado de la carretera que conecta la E20 con la cabecera parroquial de Ricaurte en el cant\u00f3n San Lorenzo."}]},{"@type":"WebSite","@id":"https:\/\/prefecturadeesmeraldas.gob.ec\/#website","url":"https:\/\/prefecturadeesmeraldas.gob.ec\/","name":"Gobierno Aut\u00f3nomo Descentralizado de la Provincia de Esmeraldas","description":"Gobierno Aut\u00f3nomo Descentralizado de la Provincia de Esmeraldas","publisher":{"@id":"https:\/\/prefecturadeesmeraldas.gob.ec\/#organization"},"potentialAction":[{"@type":"SearchAction","target":{"@type":"EntryPoint","urlTemplate":"https:\/\/prefecturadeesmeraldas.gob.ec\/?s={search_term_string}"},"query-input":{"@type":"PropertyValueSpecification","valueRequired":true,"valueName":"search_term_string"}}],"inLanguage":"es"},{"@type":"Organization","@id":"https:\/\/prefecturadeesmeraldas.gob.ec\/#organization","name":"Gobierno Aut\u00f3nomo Descentralizado de la Provincia de Esmeraldas","url":"https:\/\/prefecturadeesmeraldas.gob.ec\/","logo":{"@type":"ImageObject","inLanguage":"es","@id":"https:\/\/prefecturadeesmeraldas.gob.ec\/#\/schema\/logo\/image\/","url":"https:\/\/prefecturadeesmeraldas.gob.ec\/wp-content\/uploads\/2019\/06\/logo.png","contentUrl":"https:\/\/prefecturadeesmeraldas.gob.ec\/wp-content\/uploads\/2019\/06\/logo.png","width":859,"height":448,"caption":"Gobierno Aut\u00f3nomo Descentralizado de la Provincia de Esmeraldas"},"image":{"@id":"https:\/\/prefecturadeesmeraldas.gob.ec\/#\/schema\/logo\/image\/"},"sameAs":["https:\/\/www.facebook.com\/PrefecturaEsmeraldas\/"]},{"@type":"Person","@id":"https:\/\/prefecturadeesmeraldas.gob.ec\/#\/schema\/person\/b0c9e7b1ead7725994d1e319e8825234","name":"Direcci\u00f3n de Comunicaci\u00f3n","image":{"@type":"ImageObject","inLanguage":"es","@id":"https:\/\/prefecturadeesmeraldas.gob.ec\/#\/schema\/person\/image\/","url":"https:\/\/secure.gravatar.com\/avatar\/74a3870a946f5d774ade3569af61a72308e07ad3346f370c4b468ee2a9858658?s=96&d=mm&r=g","contentUrl":"https:\/\/secure.gravatar.com\/avatar\/74a3870a946f5d774ade3569af61a72308e07ad3346f370c4b468ee2a9858658?s=96&d=mm&r=g","caption":"Direcci\u00f3n de Comunicaci\u00f3n"}}]}},"_links":{"self":[{"href":"https:\/\/prefecturadeesmeraldas.gob.ec\/index.php\/wp-json\/wp\/v2\/posts\/14357","targetHints":{"allow":["GET"]}}],"collection":[{"href":"https:\/\/prefecturadeesmeraldas.gob.ec\/index.php\/wp-json\/wp\/v2\/posts"}],"about":[{"href":"https:\/\/prefecturadeesmeraldas.gob.ec\/index.php\/wp-json\/wp\/v2\/types\/post"}],"author":[{"embeddable":true,"href":"https:\/\/prefecturadeesmeraldas.gob.ec\/index.php\/wp-json\/wp\/v2\/users\/2"}],"replies":[{"embeddable":true,"href":"https:\/\/prefecturadeesmeraldas.gob.ec\/index.php\/wp-json\/wp\/v2\/comments?post=14357"}],"version-history":[{"count":0,"href":"https:\/\/prefecturadeesmeraldas.gob.ec\/index.php\/wp-json\/wp\/v2\/posts\/14357\/revisions"}],"wp:featuredmedia":[{"embeddable":true,"href":"https:\/\/prefecturadeesmeraldas.gob.ec\/index.php\/wp-json\/wp\/v2\/media\/14358"}],"wp:attachment":[{"href":"https:\/\/prefecturadeesmeraldas.gob.ec\/index.php\/wp-json\/wp\/v2\/media?parent=14357"}],"wp:term":[{"taxonomy":"category","embeddable":true,"href":"https:\/\/prefecturadeesmeraldas.gob.ec\/index.php\/wp-json\/wp\/v2\/categories?post=14357"},{"taxonomy":"post_tag","embeddable":true,"href":"https:\/\/prefecturadeesmeraldas.gob.ec\/index.php\/wp-json\/wp\/v2\/tags?post=14357"}],"curies":[{"name":"wp","href":"https:\/\/api.w.org\/{rel}","templated":true}]}}