{"id":14224,"date":"2022-01-13T15:10:35","date_gmt":"2022-01-13T20:10:35","guid":{"rendered":"https:\/\/prefecturadeesmeraldas.gob.ec\/?p=14224"},"modified":"2022-01-31T09:20:01","modified_gmt":"2022-01-31T14:20:01","slug":"en-la-prefectura-de-esmeraldas-trabajamos-en-funcion-de-los-mas-necesitados","status":"publish","type":"post","link":"https:\/\/prefecturadeesmeraldas.gob.ec\/index.php\/2022\/01\/13\/en-la-prefectura-de-esmeraldas-trabajamos-en-funcion-de-los-mas-necesitados\/","title":{"rendered":"En la Prefectura de Esmeraldas, trabajamos en funci\u00f3n de los m\u00e1s necesitados."},"content":{"rendered":"\t\t<div data-elementor-type=\"wp-post\" data-elementor-id=\"14224\" class=\"elementor elementor-14224\">\n\t\t\t\t\t\t<section class=\"elementor-section elementor-top-section elementor-element elementor-element-ef8deb6 elementor-section-boxed elementor-section-height-default elementor-section-height-default\" data-id=\"ef8deb6\" data-element_type=\"section\">\n\t\t\t\t\t\t<div class=\"elementor-container elementor-column-gap-default\">\n\t\t\t\t\t<div class=\"elementor-column elementor-col-100 elementor-top-column elementor-element elementor-element-df325b6\" data-id=\"df325b6\" data-element_type=\"column\">\n\t\t\t<div class=\"elementor-widget-wrap elementor-element-populated\">\n\t\t\t\t\t\t<div class=\"elementor-element elementor-element-ca44a9f elementor-widget elementor-widget-image\" data-id=\"ca44a9f\" data-element_type=\"widget\" data-widget_type=\"image.default\">\n\t\t\t\t<div class=\"elementor-widget-container\">\n\t\t\t\t\t\t\t\t\t\t\t\t\t\t\t<img fetchpriority=\"high\" decoding=\"async\" width=\"566\" height=\"425\" src=\"https:\/\/prefecturadeesmeraldas.gob.ec\/wp-content\/uploads\/2022\/01\/Imagen3-3.jpg\" class=\"attachment-large size-large wp-image-14226\" alt=\"\" srcset=\"https:\/\/prefecturadeesmeraldas.gob.ec\/wp-content\/uploads\/2022\/01\/Imagen3-3.jpg 566w, https:\/\/prefecturadeesmeraldas.gob.ec\/wp-content\/uploads\/2022\/01\/Imagen3-3-300x225.jpg 300w\" sizes=\"(max-width: 566px) 100vw, 566px\" \/>\t\t\t\t\t\t\t\t\t\t\t\t\t\t\t<\/div>\n\t\t\t\t<\/div>\n\t\t\t\t\t<\/div>\n\t\t<\/div>\n\t\t\t\t\t<\/div>\n\t\t<\/section>\n\t\t\t\t<section class=\"elementor-section elementor-top-section elementor-element elementor-element-c739a27 elementor-section-boxed elementor-section-height-default elementor-section-height-default\" data-id=\"c739a27\" data-element_type=\"section\">\n\t\t\t\t\t\t<div class=\"elementor-container elementor-column-gap-default\">\n\t\t\t\t\t<div class=\"elementor-column elementor-col-100 elementor-top-column elementor-element elementor-element-5724bd5\" data-id=\"5724bd5\" data-element_type=\"column\">\n\t\t\t<div class=\"elementor-widget-wrap elementor-element-populated\">\n\t\t\t\t\t\t<div class=\"elementor-element elementor-element-6320cbe elementor-widget elementor-widget-text-editor\" data-id=\"6320cbe\" data-element_type=\"widget\" data-widget_type=\"text-editor.default\">\n\t\t\t\t<div class=\"elementor-widget-container\">\n\t\t\t\t\t\t\t\t\t<p>La coordinadora general de UNAMYDESC de la Prefectura de Esmeradas, Lorena Mora Torres, manifest\u00f3 que, ellos siempre trabajan en funci\u00f3n de las personas de escasos recursos, por ello, se trabaja con la donaci\u00f3n de ayudas t\u00e9cnicas.<\/p><p><\/p><p>Agreg\u00f3 que, en la administraci\u00f3n de la prefecta, Roberta Zambrano Ortiz, se prioriza a quienes m\u00e1s necesitan, haciendo que las personas tengan mejor calidad de vida con la entrega de Transportes de Energ\u00eda Personal (PET), collarines, bastones, andadores de cuatro ruedas, sillas multifuncionales y est\u00e1ndar, entre otros servicios sociales de acuerdo con la necesidad que requiera el beneficiario.<\/p><p><\/p><p>Mora Lara, refiri\u00f3 que, quienes deseen una ayuda t\u00e9cnica pueden enviar una solicitud a la prefecta, Roberta Zambrano, la misma que, debe contar con los datos personales del beneficiado y tipo de discapacidad; adem\u00e1s, del n\u00famero de tel\u00e9fono o celular con la finalidad de coordinar el respectivo diagn\u00f3stico socioecon\u00f3mico, que realizar\u00e1n las trabajadoras sociales de UNAMYDESC.<\/p><p><\/p><p>Para este 2022 se trabajar\u00e1 en un proyecto de adquisici\u00f3n de las ayudas t\u00e9cnicas a trav\u00e9s del portal de compras p\u00fablicas, con la finalidad de contar con el stop para ayudar a las personas de escasos recursos de manera inmediata<\/p>\t\t\t\t\t\t\t\t<\/div>\n\t\t\t\t<\/div>\n\t\t\t\t\t<\/div>\n\t\t<\/div>\n\t\t\t\t\t<\/div>\n\t\t<\/section>\n\t\t\t\t<\/div>\n\t\t","protected":false},"excerpt":{"rendered":"<p>La coordinadora general de UNAMYDESC de la Prefectura de Esmeradas, Lorena Mora Torres, manifest\u00f3 que, ellos siempre trabajan en funci\u00f3n de las personas de escasos recursos, por ello, se trabaja con la donaci\u00f3n de ayudas t\u00e9cnicas. Agreg\u00f3 que, en la administraci\u00f3n de la prefecta, Roberta Zambrano Ortiz, se prioriza a quienes m\u00e1s necesitan, haciendo que [&hellip;]<\/p>\n","protected":false},"author":2,"featured_media":14226,"comment_status":"closed","ping_status":"open","sticky":false,"template":"","format":"standard","meta":{"footnotes":""},"categories":[13],"tags":[],"class_list":["post-14224","post","type-post","status-publish","format-standard","has-post-thumbnail","hentry","category-patronato"],"yoast_head":"<!-- This site is optimized with the Yoast SEO plugin v25.7 - https:\/\/yoast.com\/wordpress\/plugins\/seo\/ -->\n<title>En la Prefectura de Esmeraldas, trabajamos en funci\u00f3n de los m\u00e1s necesitados. - Gobierno Aut\u00f3nomo Descentralizado de la Provincia de Esmeraldas<\/title>\n<meta name=\"robots\" content=\"index, follow, max-snippet:-1, max-image-preview:large, max-video-preview:-1\" \/>\n<link rel=\"canonical\" href=\"https:\/\/prefecturadeesmeraldas.gob.ec\/index.php\/2022\/01\/13\/en-la-prefectura-de-esmeraldas-trabajamos-en-funcion-de-los-mas-necesitados\/\" \/>\n<meta property=\"og:locale\" content=\"es_ES\" \/>\n<meta property=\"og:type\" content=\"article\" \/>\n<meta property=\"og:title\" content=\"En la Prefectura de Esmeraldas, trabajamos en funci\u00f3n de los m\u00e1s necesitados. - Gobierno Aut\u00f3nomo Descentralizado de la Provincia de Esmeraldas\" \/>\n<meta property=\"og:description\" content=\"La coordinadora general de UNAMYDESC de la Prefectura de Esmeradas, Lorena Mora Torres, manifest\u00f3 que, ellos siempre trabajan en funci\u00f3n de las personas de escasos recursos, por ello, se trabaja con la donaci\u00f3n de ayudas t\u00e9cnicas. Agreg\u00f3 que, en la administraci\u00f3n de la prefecta, Roberta Zambrano Ortiz, se prioriza a quienes m\u00e1s necesitan, haciendo que [&hellip;]\" \/>\n<meta property=\"og:url\" content=\"https:\/\/prefecturadeesmeraldas.gob.ec\/index.php\/2022\/01\/13\/en-la-prefectura-de-esmeraldas-trabajamos-en-funcion-de-los-mas-necesitados\/\" \/>\n<meta property=\"og:site_name\" content=\"Gobierno Aut\u00f3nomo Descentralizado de la Provincia de Esmeraldas\" \/>\n<meta property=\"article:publisher\" content=\"https:\/\/www.facebook.com\/PrefecturaEsmeraldas\/\" \/>\n<meta property=\"article:published_time\" content=\"2022-01-13T20:10:35+00:00\" \/>\n<meta property=\"article:modified_time\" content=\"2022-01-31T14:20:01+00:00\" \/>\n<meta property=\"og:image\" content=\"https:\/\/prefecturadeesmeraldas.gob.ec\/wp-content\/uploads\/2022\/01\/Imagen3-3.jpg\" \/>\n\t<meta property=\"og:image:width\" content=\"566\" \/>\n\t<meta property=\"og:image:height\" content=\"425\" \/>\n\t<meta property=\"og:image:type\" content=\"image\/jpeg\" \/>\n<meta name=\"author\" content=\"Direcci\u00f3n de Comunicaci\u00f3n\" \/>\n<meta name=\"twitter:card\" content=\"summary_large_image\" \/>\n<meta name=\"twitter:label1\" content=\"Escrito por\" \/>\n\t<meta name=\"twitter:data1\" content=\"Direcci\u00f3n de Comunicaci\u00f3n\" \/>\n\t<meta name=\"twitter:label2\" content=\"Tiempo de lectura\" \/>\n\t<meta name=\"twitter:data2\" content=\"1 minuto\" \/>\n<script type=\"application\/ld+json\" class=\"yoast-schema-graph\">{\"@context\":\"https:\/\/schema.org\",\"@graph\":[{\"@type\":\"Article\",\"@id\":\"https:\/\/prefecturadeesmeraldas.gob.ec\/index.php\/2022\/01\/13\/en-la-prefectura-de-esmeraldas-trabajamos-en-funcion-de-los-mas-necesitados\/#article\",\"isPartOf\":{\"@id\":\"https:\/\/prefecturadeesmeraldas.gob.ec\/index.php\/2022\/01\/13\/en-la-prefectura-de-esmeraldas-trabajamos-en-funcion-de-los-mas-necesitados\/\"},\"author\":{\"name\":\"Direcci\u00f3n de Comunicaci\u00f3n\",\"@id\":\"https:\/\/prefecturadeesmeraldas.gob.ec\/#\/schema\/person\/b0c9e7b1ead7725994d1e319e8825234\"},\"headline\":\"En la Prefectura de Esmeraldas, trabajamos en funci\u00f3n de los m\u00e1s necesitados.\",\"datePublished\":\"2022-01-13T20:10:35+00:00\",\"dateModified\":\"2022-01-31T14:20:01+00:00\",\"mainEntityOfPage\":{\"@id\":\"https:\/\/prefecturadeesmeraldas.gob.ec\/index.php\/2022\/01\/13\/en-la-prefectura-de-esmeraldas-trabajamos-en-funcion-de-los-mas-necesitados\/\"},\"wordCount\":221,\"publisher\":{\"@id\":\"https:\/\/prefecturadeesmeraldas.gob.ec\/#organization\"},\"image\":{\"@id\":\"https:\/\/prefecturadeesmeraldas.gob.ec\/index.php\/2022\/01\/13\/en-la-prefectura-de-esmeraldas-trabajamos-en-funcion-de-los-mas-necesitados\/#primaryimage\"},\"thumbnailUrl\":\"https:\/\/prefecturadeesmeraldas.gob.ec\/wp-content\/uploads\/2022\/01\/Imagen3-3.jpg\",\"articleSection\":[\"UNAMYDESC\"],\"inLanguage\":\"es\"},{\"@type\":\"WebPage\",\"@id\":\"https:\/\/prefecturadeesmeraldas.gob.ec\/index.php\/2022\/01\/13\/en-la-prefectura-de-esmeraldas-trabajamos-en-funcion-de-los-mas-necesitados\/\",\"url\":\"https:\/\/prefecturadeesmeraldas.gob.ec\/index.php\/2022\/01\/13\/en-la-prefectura-de-esmeraldas-trabajamos-en-funcion-de-los-mas-necesitados\/\",\"name\":\"En la Prefectura de Esmeraldas, trabajamos en funci\u00f3n de los m\u00e1s necesitados. - Gobierno Aut\u00f3nomo Descentralizado de la Provincia de Esmeraldas\",\"isPartOf\":{\"@id\":\"https:\/\/prefecturadeesmeraldas.gob.ec\/#website\"},\"primaryImageOfPage\":{\"@id\":\"https:\/\/prefecturadeesmeraldas.gob.ec\/index.php\/2022\/01\/13\/en-la-prefectura-de-esmeraldas-trabajamos-en-funcion-de-los-mas-necesitados\/#primaryimage\"},\"image\":{\"@id\":\"https:\/\/prefecturadeesmeraldas.gob.ec\/index.php\/2022\/01\/13\/en-la-prefectura-de-esmeraldas-trabajamos-en-funcion-de-los-mas-necesitados\/#primaryimage\"},\"thumbnailUrl\":\"https:\/\/prefecturadeesmeraldas.gob.ec\/wp-content\/uploads\/2022\/01\/Imagen3-3.jpg\",\"datePublished\":\"2022-01-13T20:10:35+00:00\",\"dateModified\":\"2022-01-31T14:20:01+00:00\",\"breadcrumb\":{\"@id\":\"https:\/\/prefecturadeesmeraldas.gob.ec\/index.php\/2022\/01\/13\/en-la-prefectura-de-esmeraldas-trabajamos-en-funcion-de-los-mas-necesitados\/#breadcrumb\"},\"inLanguage\":\"es\",\"potentialAction\":[{\"@type\":\"ReadAction\",\"target\":[\"https:\/\/prefecturadeesmeraldas.gob.ec\/index.php\/2022\/01\/13\/en-la-prefectura-de-esmeraldas-trabajamos-en-funcion-de-los-mas-necesitados\/\"]}]},{\"@type\":\"ImageObject\",\"inLanguage\":\"es\",\"@id\":\"https:\/\/prefecturadeesmeraldas.gob.ec\/index.php\/2022\/01\/13\/en-la-prefectura-de-esmeraldas-trabajamos-en-funcion-de-los-mas-necesitados\/#primaryimage\",\"url\":\"https:\/\/prefecturadeesmeraldas.gob.ec\/wp-content\/uploads\/2022\/01\/Imagen3-3.jpg\",\"contentUrl\":\"https:\/\/prefecturadeesmeraldas.gob.ec\/wp-content\/uploads\/2022\/01\/Imagen3-3.jpg\",\"width\":566,\"height\":425},{\"@type\":\"BreadcrumbList\",\"@id\":\"https:\/\/prefecturadeesmeraldas.gob.ec\/index.php\/2022\/01\/13\/en-la-prefectura-de-esmeraldas-trabajamos-en-funcion-de-los-mas-necesitados\/#breadcrumb\",\"itemListElement\":[{\"@type\":\"ListItem\",\"position\":1,\"name\":\"Home\",\"item\":\"https:\/\/prefecturadeesmeraldas.gob.ec\/\"},{\"@type\":\"ListItem\",\"position\":2,\"name\":\"En la Prefectura de Esmeraldas, trabajamos en funci\u00f3n de los m\u00e1s necesitados.\"}]},{\"@type\":\"WebSite\",\"@id\":\"https:\/\/prefecturadeesmeraldas.gob.ec\/#website\",\"url\":\"https:\/\/prefecturadeesmeraldas.gob.ec\/\",\"name\":\"Gobierno Aut\u00f3nomo Descentralizado de la Provincia de Esmeraldas\",\"description\":\"Gobierno Aut\u00f3nomo Descentralizado de la Provincia de Esmeraldas\",\"publisher\":{\"@id\":\"https:\/\/prefecturadeesmeraldas.gob.ec\/#organization\"},\"potentialAction\":[{\"@type\":\"SearchAction\",\"target\":{\"@type\":\"EntryPoint\",\"urlTemplate\":\"https:\/\/prefecturadeesmeraldas.gob.ec\/?s={search_term_string}\"},\"query-input\":{\"@type\":\"PropertyValueSpecification\",\"valueRequired\":true,\"valueName\":\"search_term_string\"}}],\"inLanguage\":\"es\"},{\"@type\":\"Organization\",\"@id\":\"https:\/\/prefecturadeesmeraldas.gob.ec\/#organization\",\"name\":\"Gobierno Aut\u00f3nomo Descentralizado de la Provincia de Esmeraldas\",\"url\":\"https:\/\/prefecturadeesmeraldas.gob.ec\/\",\"logo\":{\"@type\":\"ImageObject\",\"inLanguage\":\"es\",\"@id\":\"https:\/\/prefecturadeesmeraldas.gob.ec\/#\/schema\/logo\/image\/\",\"url\":\"https:\/\/prefecturadeesmeraldas.gob.ec\/wp-content\/uploads\/2019\/06\/logo.png\",\"contentUrl\":\"https:\/\/prefecturadeesmeraldas.gob.ec\/wp-content\/uploads\/2019\/06\/logo.png\",\"width\":859,\"height\":448,\"caption\":\"Gobierno Aut\u00f3nomo Descentralizado de la Provincia de Esmeraldas\"},\"image\":{\"@id\":\"https:\/\/prefecturadeesmeraldas.gob.ec\/#\/schema\/logo\/image\/\"},\"sameAs\":[\"https:\/\/www.facebook.com\/PrefecturaEsmeraldas\/\"]},{\"@type\":\"Person\",\"@id\":\"https:\/\/prefecturadeesmeraldas.gob.ec\/#\/schema\/person\/b0c9e7b1ead7725994d1e319e8825234\",\"name\":\"Direcci\u00f3n de Comunicaci\u00f3n\",\"image\":{\"@type\":\"ImageObject\",\"inLanguage\":\"es\",\"@id\":\"https:\/\/prefecturadeesmeraldas.gob.ec\/#\/schema\/person\/image\/\",\"url\":\"https:\/\/secure.gravatar.com\/avatar\/74a3870a946f5d774ade3569af61a72308e07ad3346f370c4b468ee2a9858658?s=96&d=mm&r=g\",\"contentUrl\":\"https:\/\/secure.gravatar.com\/avatar\/74a3870a946f5d774ade3569af61a72308e07ad3346f370c4b468ee2a9858658?s=96&d=mm&r=g\",\"caption\":\"Direcci\u00f3n de Comunicaci\u00f3n\"}}]}<\/script>\n<!-- \/ Yoast SEO plugin. -->","yoast_head_json":{"title":"En la Prefectura de Esmeraldas, trabajamos en funci\u00f3n de los m\u00e1s necesitados. - Gobierno Aut\u00f3nomo Descentralizado de la Provincia de Esmeraldas","robots":{"index":"index","follow":"follow","max-snippet":"max-snippet:-1","max-image-preview":"max-image-preview:large","max-video-preview":"max-video-preview:-1"},"canonical":"https:\/\/prefecturadeesmeraldas.gob.ec\/index.php\/2022\/01\/13\/en-la-prefectura-de-esmeraldas-trabajamos-en-funcion-de-los-mas-necesitados\/","og_locale":"es_ES","og_type":"article","og_title":"En la Prefectura de Esmeraldas, trabajamos en funci\u00f3n de los m\u00e1s necesitados. - Gobierno Aut\u00f3nomo Descentralizado de la Provincia de Esmeraldas","og_description":"La coordinadora general de UNAMYDESC de la Prefectura de Esmeradas, Lorena Mora Torres, manifest\u00f3 que, ellos siempre trabajan en funci\u00f3n de las personas de escasos recursos, por ello, se trabaja con la donaci\u00f3n de ayudas t\u00e9cnicas. Agreg\u00f3 que, en la administraci\u00f3n de la prefecta, Roberta Zambrano Ortiz, se prioriza a quienes m\u00e1s necesitan, haciendo que [&hellip;]","og_url":"https:\/\/prefecturadeesmeraldas.gob.ec\/index.php\/2022\/01\/13\/en-la-prefectura-de-esmeraldas-trabajamos-en-funcion-de-los-mas-necesitados\/","og_site_name":"Gobierno Aut\u00f3nomo Descentralizado de la Provincia de Esmeraldas","article_publisher":"https:\/\/www.facebook.com\/PrefecturaEsmeraldas\/","article_published_time":"2022-01-13T20:10:35+00:00","article_modified_time":"2022-01-31T14:20:01+00:00","og_image":[{"width":566,"height":425,"url":"https:\/\/prefecturadeesmeraldas.gob.ec\/wp-content\/uploads\/2022\/01\/Imagen3-3.jpg","type":"image\/jpeg"}],"author":"Direcci\u00f3n de Comunicaci\u00f3n","twitter_card":"summary_large_image","twitter_misc":{"Escrito por":"Direcci\u00f3n de Comunicaci\u00f3n","Tiempo de lectura":"1 minuto"},"schema":{"@context":"https:\/\/schema.org","@graph":[{"@type":"Article","@id":"https:\/\/prefecturadeesmeraldas.gob.ec\/index.php\/2022\/01\/13\/en-la-prefectura-de-esmeraldas-trabajamos-en-funcion-de-los-mas-necesitados\/#article","isPartOf":{"@id":"https:\/\/prefecturadeesmeraldas.gob.ec\/index.php\/2022\/01\/13\/en-la-prefectura-de-esmeraldas-trabajamos-en-funcion-de-los-mas-necesitados\/"},"author":{"name":"Direcci\u00f3n de Comunicaci\u00f3n","@id":"https:\/\/prefecturadeesmeraldas.gob.ec\/#\/schema\/person\/b0c9e7b1ead7725994d1e319e8825234"},"headline":"En la Prefectura de Esmeraldas, trabajamos en funci\u00f3n de los m\u00e1s necesitados.","datePublished":"2022-01-13T20:10:35+00:00","dateModified":"2022-01-31T14:20:01+00:00","mainEntityOfPage":{"@id":"https:\/\/prefecturadeesmeraldas.gob.ec\/index.php\/2022\/01\/13\/en-la-prefectura-de-esmeraldas-trabajamos-en-funcion-de-los-mas-necesitados\/"},"wordCount":221,"publisher":{"@id":"https:\/\/prefecturadeesmeraldas.gob.ec\/#organization"},"image":{"@id":"https:\/\/prefecturadeesmeraldas.gob.ec\/index.php\/2022\/01\/13\/en-la-prefectura-de-esmeraldas-trabajamos-en-funcion-de-los-mas-necesitados\/#primaryimage"},"thumbnailUrl":"https:\/\/prefecturadeesmeraldas.gob.ec\/wp-content\/uploads\/2022\/01\/Imagen3-3.jpg","articleSection":["UNAMYDESC"],"inLanguage":"es"},{"@type":"WebPage","@id":"https:\/\/prefecturadeesmeraldas.gob.ec\/index.php\/2022\/01\/13\/en-la-prefectura-de-esmeraldas-trabajamos-en-funcion-de-los-mas-necesitados\/","url":"https:\/\/prefecturadeesmeraldas.gob.ec\/index.php\/2022\/01\/13\/en-la-prefectura-de-esmeraldas-trabajamos-en-funcion-de-los-mas-necesitados\/","name":"En la Prefectura de Esmeraldas, trabajamos en funci\u00f3n de los m\u00e1s necesitados. - Gobierno Aut\u00f3nomo Descentralizado de la Provincia de Esmeraldas","isPartOf":{"@id":"https:\/\/prefecturadeesmeraldas.gob.ec\/#website"},"primaryImageOfPage":{"@id":"https:\/\/prefecturadeesmeraldas.gob.ec\/index.php\/2022\/01\/13\/en-la-prefectura-de-esmeraldas-trabajamos-en-funcion-de-los-mas-necesitados\/#primaryimage"},"image":{"@id":"https:\/\/prefecturadeesmeraldas.gob.ec\/index.php\/2022\/01\/13\/en-la-prefectura-de-esmeraldas-trabajamos-en-funcion-de-los-mas-necesitados\/#primaryimage"},"thumbnailUrl":"https:\/\/prefecturadeesmeraldas.gob.ec\/wp-content\/uploads\/2022\/01\/Imagen3-3.jpg","datePublished":"2022-01-13T20:10:35+00:00","dateModified":"2022-01-31T14:20:01+00:00","breadcrumb":{"@id":"https:\/\/prefecturadeesmeraldas.gob.ec\/index.php\/2022\/01\/13\/en-la-prefectura-de-esmeraldas-trabajamos-en-funcion-de-los-mas-necesitados\/#breadcrumb"},"inLanguage":"es","potentialAction":[{"@type":"ReadAction","target":["https:\/\/prefecturadeesmeraldas.gob.ec\/index.php\/2022\/01\/13\/en-la-prefectura-de-esmeraldas-trabajamos-en-funcion-de-los-mas-necesitados\/"]}]},{"@type":"ImageObject","inLanguage":"es","@id":"https:\/\/prefecturadeesmeraldas.gob.ec\/index.php\/2022\/01\/13\/en-la-prefectura-de-esmeraldas-trabajamos-en-funcion-de-los-mas-necesitados\/#primaryimage","url":"https:\/\/prefecturadeesmeraldas.gob.ec\/wp-content\/uploads\/2022\/01\/Imagen3-3.jpg","contentUrl":"https:\/\/prefecturadeesmeraldas.gob.ec\/wp-content\/uploads\/2022\/01\/Imagen3-3.jpg","width":566,"height":425},{"@type":"BreadcrumbList","@id":"https:\/\/prefecturadeesmeraldas.gob.ec\/index.php\/2022\/01\/13\/en-la-prefectura-de-esmeraldas-trabajamos-en-funcion-de-los-mas-necesitados\/#breadcrumb","itemListElement":[{"@type":"ListItem","position":1,"name":"Home","item":"https:\/\/prefecturadeesmeraldas.gob.ec\/"},{"@type":"ListItem","position":2,"name":"En la Prefectura de Esmeraldas, trabajamos en funci\u00f3n de los m\u00e1s necesitados."}]},{"@type":"WebSite","@id":"https:\/\/prefecturadeesmeraldas.gob.ec\/#website","url":"https:\/\/prefecturadeesmeraldas.gob.ec\/","name":"Gobierno Aut\u00f3nomo Descentralizado de la Provincia de Esmeraldas","description":"Gobierno Aut\u00f3nomo Descentralizado de la Provincia de Esmeraldas","publisher":{"@id":"https:\/\/prefecturadeesmeraldas.gob.ec\/#organization"},"potentialAction":[{"@type":"SearchAction","target":{"@type":"EntryPoint","urlTemplate":"https:\/\/prefecturadeesmeraldas.gob.ec\/?s={search_term_string}"},"query-input":{"@type":"PropertyValueSpecification","valueRequired":true,"valueName":"search_term_string"}}],"inLanguage":"es"},{"@type":"Organization","@id":"https:\/\/prefecturadeesmeraldas.gob.ec\/#organization","name":"Gobierno Aut\u00f3nomo Descentralizado de la Provincia de Esmeraldas","url":"https:\/\/prefecturadeesmeraldas.gob.ec\/","logo":{"@type":"ImageObject","inLanguage":"es","@id":"https:\/\/prefecturadeesmeraldas.gob.ec\/#\/schema\/logo\/image\/","url":"https:\/\/prefecturadeesmeraldas.gob.ec\/wp-content\/uploads\/2019\/06\/logo.png","contentUrl":"https:\/\/prefecturadeesmeraldas.gob.ec\/wp-content\/uploads\/2019\/06\/logo.png","width":859,"height":448,"caption":"Gobierno Aut\u00f3nomo Descentralizado de la Provincia de Esmeraldas"},"image":{"@id":"https:\/\/prefecturadeesmeraldas.gob.ec\/#\/schema\/logo\/image\/"},"sameAs":["https:\/\/www.facebook.com\/PrefecturaEsmeraldas\/"]},{"@type":"Person","@id":"https:\/\/prefecturadeesmeraldas.gob.ec\/#\/schema\/person\/b0c9e7b1ead7725994d1e319e8825234","name":"Direcci\u00f3n de Comunicaci\u00f3n","image":{"@type":"ImageObject","inLanguage":"es","@id":"https:\/\/prefecturadeesmeraldas.gob.ec\/#\/schema\/person\/image\/","url":"https:\/\/secure.gravatar.com\/avatar\/74a3870a946f5d774ade3569af61a72308e07ad3346f370c4b468ee2a9858658?s=96&d=mm&r=g","contentUrl":"https:\/\/secure.gravatar.com\/avatar\/74a3870a946f5d774ade3569af61a72308e07ad3346f370c4b468ee2a9858658?s=96&d=mm&r=g","caption":"Direcci\u00f3n de Comunicaci\u00f3n"}}]}},"_links":{"self":[{"href":"https:\/\/prefecturadeesmeraldas.gob.ec\/index.php\/wp-json\/wp\/v2\/posts\/14224","targetHints":{"allow":["GET"]}}],"collection":[{"href":"https:\/\/prefecturadeesmeraldas.gob.ec\/index.php\/wp-json\/wp\/v2\/posts"}],"about":[{"href":"https:\/\/prefecturadeesmeraldas.gob.ec\/index.php\/wp-json\/wp\/v2\/types\/post"}],"author":[{"embeddable":true,"href":"https:\/\/prefecturadeesmeraldas.gob.ec\/index.php\/wp-json\/wp\/v2\/users\/2"}],"replies":[{"embeddable":true,"href":"https:\/\/prefecturadeesmeraldas.gob.ec\/index.php\/wp-json\/wp\/v2\/comments?post=14224"}],"version-history":[{"count":0,"href":"https:\/\/prefecturadeesmeraldas.gob.ec\/index.php\/wp-json\/wp\/v2\/posts\/14224\/revisions"}],"wp:featuredmedia":[{"embeddable":true,"href":"https:\/\/prefecturadeesmeraldas.gob.ec\/index.php\/wp-json\/wp\/v2\/media\/14226"}],"wp:attachment":[{"href":"https:\/\/prefecturadeesmeraldas.gob.ec\/index.php\/wp-json\/wp\/v2\/media?parent=14224"}],"wp:term":[{"taxonomy":"category","embeddable":true,"href":"https:\/\/prefecturadeesmeraldas.gob.ec\/index.php\/wp-json\/wp\/v2\/categories?post=14224"},{"taxonomy":"post_tag","embeddable":true,"href":"https:\/\/prefecturadeesmeraldas.gob.ec\/index.php\/wp-json\/wp\/v2\/tags?post=14224"}],"curies":[{"name":"wp","href":"https:\/\/api.w.org\/{rel}","templated":true}]}}