{"id":13926,"date":"2021-12-14T14:30:40","date_gmt":"2021-12-14T19:30:40","guid":{"rendered":"https:\/\/prefecturadeesmeraldas.gob.ec\/?p=13926"},"modified":"2021-12-22T15:45:30","modified_gmt":"2021-12-22T20:45:30","slug":"prefectura-de-esmeraldas-junto-a-la-gestion-de-cuencas-riego-y-drenaje-continuan-con-la-campana-esmeraldas-yo-te-quiero-verde","status":"publish","type":"post","link":"https:\/\/prefecturadeesmeraldas.gob.ec\/index.php\/2021\/12\/14\/prefectura-de-esmeraldas-junto-a-la-gestion-de-cuencas-riego-y-drenaje-continuan-con-la-campana-esmeraldas-yo-te-quiero-verde\/","title":{"rendered":"Prefectura de Esmeraldas junto a la gesti\u00f3n de Cuencas Riego y Drenaje, contin\u00faan con la campa\u00f1a \u201cEsmeraldas Yo Te Quiero Verde.\u201d"},"content":{"rendered":"\t\t<div data-elementor-type=\"wp-post\" data-elementor-id=\"13926\" class=\"elementor elementor-13926\">\n\t\t\t\t\t\t<section class=\"elementor-section elementor-top-section elementor-element elementor-element-37ab2af elementor-section-boxed elementor-section-height-default elementor-section-height-default\" data-id=\"37ab2af\" data-element_type=\"section\">\n\t\t\t\t\t\t<div class=\"elementor-container elementor-column-gap-default\">\n\t\t\t\t\t<div class=\"elementor-column elementor-col-100 elementor-top-column elementor-element elementor-element-3263468\" data-id=\"3263468\" data-element_type=\"column\">\n\t\t\t<div class=\"elementor-widget-wrap elementor-element-populated\">\n\t\t\t\t\t\t<div class=\"elementor-element elementor-element-ed52fdd elementor-widget elementor-widget-image\" data-id=\"ed52fdd\" data-element_type=\"widget\" data-widget_type=\"image.default\">\n\t\t\t\t<div class=\"elementor-widget-container\">\n\t\t\t\t\t\t\t\t\t\t\t\t\t\t\t<img fetchpriority=\"high\" decoding=\"async\" width=\"515\" height=\"515\" src=\"https:\/\/prefecturadeesmeraldas.gob.ec\/wp-content\/uploads\/2021\/12\/Imagen2.jpg\" class=\"attachment-large size-large wp-image-13927\" alt=\"\" srcset=\"https:\/\/prefecturadeesmeraldas.gob.ec\/wp-content\/uploads\/2021\/12\/Imagen2.jpg 515w, https:\/\/prefecturadeesmeraldas.gob.ec\/wp-content\/uploads\/2021\/12\/Imagen2-240x240.jpg 240w, https:\/\/prefecturadeesmeraldas.gob.ec\/wp-content\/uploads\/2021\/12\/Imagen2-150x150.jpg 150w, https:\/\/prefecturadeesmeraldas.gob.ec\/wp-content\/uploads\/2021\/12\/Imagen2-300x300.jpg 300w\" sizes=\"(max-width: 515px) 100vw, 515px\" \/>\t\t\t\t\t\t\t\t\t\t\t\t\t\t\t<\/div>\n\t\t\t\t<\/div>\n\t\t\t\t\t<\/div>\n\t\t<\/div>\n\t\t\t\t\t<\/div>\n\t\t<\/section>\n\t\t\t\t<section class=\"elementor-section elementor-top-section elementor-element elementor-element-5f22a5a elementor-section-boxed elementor-section-height-default elementor-section-height-default\" data-id=\"5f22a5a\" data-element_type=\"section\">\n\t\t\t\t\t\t<div class=\"elementor-container elementor-column-gap-default\">\n\t\t\t\t\t<div class=\"elementor-column elementor-col-100 elementor-top-column elementor-element elementor-element-ea6094b\" data-id=\"ea6094b\" data-element_type=\"column\">\n\t\t\t<div class=\"elementor-widget-wrap elementor-element-populated\">\n\t\t\t\t\t\t<div class=\"elementor-element elementor-element-bee0b9e elementor-widget elementor-widget-text-editor\" data-id=\"bee0b9e\" data-element_type=\"widget\" data-widget_type=\"text-editor.default\">\n\t\t\t\t<div class=\"elementor-widget-container\">\n\t\t\t\t\t\t\t\t\t<p>La entrega de plantas ornamentales para el mejoramiento de \u00e1reas verdes por parte de la Prefectura de Esmeraldas, a trav\u00e9s de la Gesti\u00f3n de Cuencas, Riego y Drenaje, sigue siendo uno de los principales ejes de acci\u00f3n, frente al cuidado y la preservaci\u00f3n del medio ambiente, como estrategia de lucha contra el cambio clim\u00e1tico.<\/p><p><\/p><p>De manera reciente, un centenar de plantas fueron entregados al barrio Herlinda Klinger, situado a orillas del r\u00edo Esmeraldas; sectores populares que proponen una mejora de las \u00e1reas de uso com\u00fan.<\/p><p><\/p><p>As\u00ed mismo, se realiz\u00f3 una nueva entrega de 300 plantas entre especies forestales y frutales, para la recuperaci\u00f3n y embellecimiento de \u00e1reas verdes del barrio Santa Martha, centro de la ciudad.<\/p><p><\/p><p>A todas est\u00e1s entregas se suma la inspecci\u00f3n permanente y el acompa\u00f1amiento t\u00e9cnico a cada uno de los viveros agroforestales, que permiten la reproducci\u00f3n y siembra de las plantas donadas<\/p>\t\t\t\t\t\t\t\t<\/div>\n\t\t\t\t<\/div>\n\t\t\t\t\t<\/div>\n\t\t<\/div>\n\t\t\t\t\t<\/div>\n\t\t<\/section>\n\t\t\t\t<\/div>\n\t\t","protected":false},"excerpt":{"rendered":"<p>La entrega de plantas ornamentales para el mejoramiento de \u00e1reas verdes por parte de la Prefectura de Esmeraldas, a trav\u00e9s de la Gesti\u00f3n de Cuencas, Riego y Drenaje, sigue siendo uno de los principales ejes de acci\u00f3n, frente al cuidado y la preservaci\u00f3n del medio ambiente, como estrategia de lucha contra el cambio clim\u00e1tico. De [&hellip;]<\/p>\n","protected":false},"author":2,"featured_media":13927,"comment_status":"closed","ping_status":"open","sticky":false,"template":"","format":"standard","meta":{"footnotes":""},"categories":[17],"tags":[],"class_list":["post-13926","post","type-post","status-publish","format-standard","has-post-thumbnail","hentry","category-cuencas-riego-y-drenaje"],"yoast_head":"<!-- This site is optimized with the Yoast SEO plugin v25.7 - https:\/\/yoast.com\/wordpress\/plugins\/seo\/ -->\n<title>Prefectura de Esmeraldas junto a la gesti\u00f3n de Cuencas Riego y Drenaje, contin\u00faan con la campa\u00f1a \u201cEsmeraldas Yo Te Quiero Verde.\u201d - Gobierno Aut\u00f3nomo Descentralizado de la Provincia de Esmeraldas<\/title>\n<meta name=\"robots\" content=\"index, follow, max-snippet:-1, max-image-preview:large, max-video-preview:-1\" \/>\n<link rel=\"canonical\" href=\"https:\/\/prefecturadeesmeraldas.gob.ec\/index.php\/2021\/12\/14\/prefectura-de-esmeraldas-junto-a-la-gestion-de-cuencas-riego-y-drenaje-continuan-con-la-campana-esmeraldas-yo-te-quiero-verde\/\" \/>\n<meta property=\"og:locale\" content=\"es_ES\" \/>\n<meta property=\"og:type\" content=\"article\" \/>\n<meta property=\"og:title\" content=\"Prefectura de Esmeraldas junto a la gesti\u00f3n de Cuencas Riego y Drenaje, contin\u00faan con la campa\u00f1a \u201cEsmeraldas Yo Te Quiero Verde.\u201d - Gobierno Aut\u00f3nomo Descentralizado de la Provincia de Esmeraldas\" \/>\n<meta property=\"og:description\" content=\"La entrega de plantas ornamentales para el mejoramiento de \u00e1reas verdes por parte de la Prefectura de Esmeraldas, a trav\u00e9s de la Gesti\u00f3n de Cuencas, Riego y Drenaje, sigue siendo uno de los principales ejes de acci\u00f3n, frente al cuidado y la preservaci\u00f3n del medio ambiente, como estrategia de lucha contra el cambio clim\u00e1tico. De [&hellip;]\" \/>\n<meta property=\"og:url\" content=\"https:\/\/prefecturadeesmeraldas.gob.ec\/index.php\/2021\/12\/14\/prefectura-de-esmeraldas-junto-a-la-gestion-de-cuencas-riego-y-drenaje-continuan-con-la-campana-esmeraldas-yo-te-quiero-verde\/\" \/>\n<meta property=\"og:site_name\" content=\"Gobierno Aut\u00f3nomo Descentralizado de la Provincia de Esmeraldas\" \/>\n<meta property=\"article:publisher\" content=\"https:\/\/www.facebook.com\/PrefecturaEsmeraldas\/\" \/>\n<meta property=\"article:published_time\" content=\"2021-12-14T19:30:40+00:00\" \/>\n<meta property=\"article:modified_time\" content=\"2021-12-22T20:45:30+00:00\" \/>\n<meta property=\"og:image\" content=\"https:\/\/prefecturadeesmeraldas.gob.ec\/wp-content\/uploads\/2021\/12\/Imagen2.jpg\" \/>\n\t<meta property=\"og:image:width\" content=\"515\" \/>\n\t<meta property=\"og:image:height\" content=\"515\" \/>\n\t<meta property=\"og:image:type\" content=\"image\/jpeg\" \/>\n<meta name=\"author\" content=\"Direcci\u00f3n de Comunicaci\u00f3n\" \/>\n<meta name=\"twitter:card\" content=\"summary_large_image\" \/>\n<meta name=\"twitter:label1\" content=\"Escrito por\" \/>\n\t<meta name=\"twitter:data1\" content=\"Direcci\u00f3n de Comunicaci\u00f3n\" \/>\n\t<meta name=\"twitter:label2\" content=\"Tiempo de lectura\" \/>\n\t<meta name=\"twitter:data2\" content=\"1 minuto\" \/>\n<script type=\"application\/ld+json\" class=\"yoast-schema-graph\">{\"@context\":\"https:\/\/schema.org\",\"@graph\":[{\"@type\":\"Article\",\"@id\":\"https:\/\/prefecturadeesmeraldas.gob.ec\/index.php\/2021\/12\/14\/prefectura-de-esmeraldas-junto-a-la-gestion-de-cuencas-riego-y-drenaje-continuan-con-la-campana-esmeraldas-yo-te-quiero-verde\/#article\",\"isPartOf\":{\"@id\":\"https:\/\/prefecturadeesmeraldas.gob.ec\/index.php\/2021\/12\/14\/prefectura-de-esmeraldas-junto-a-la-gestion-de-cuencas-riego-y-drenaje-continuan-con-la-campana-esmeraldas-yo-te-quiero-verde\/\"},\"author\":{\"name\":\"Direcci\u00f3n de Comunicaci\u00f3n\",\"@id\":\"https:\/\/prefecturadeesmeraldas.gob.ec\/#\/schema\/person\/b0c9e7b1ead7725994d1e319e8825234\"},\"headline\":\"Prefectura de Esmeraldas junto a la gesti\u00f3n de Cuencas Riego y Drenaje, contin\u00faan con la campa\u00f1a \u201cEsmeraldas Yo Te Quiero Verde.\u201d\",\"datePublished\":\"2021-12-14T19:30:40+00:00\",\"dateModified\":\"2021-12-22T20:45:30+00:00\",\"mainEntityOfPage\":{\"@id\":\"https:\/\/prefecturadeesmeraldas.gob.ec\/index.php\/2021\/12\/14\/prefectura-de-esmeraldas-junto-a-la-gestion-de-cuencas-riego-y-drenaje-continuan-con-la-campana-esmeraldas-yo-te-quiero-verde\/\"},\"wordCount\":182,\"publisher\":{\"@id\":\"https:\/\/prefecturadeesmeraldas.gob.ec\/#organization\"},\"image\":{\"@id\":\"https:\/\/prefecturadeesmeraldas.gob.ec\/index.php\/2021\/12\/14\/prefectura-de-esmeraldas-junto-a-la-gestion-de-cuencas-riego-y-drenaje-continuan-con-la-campana-esmeraldas-yo-te-quiero-verde\/#primaryimage\"},\"thumbnailUrl\":\"https:\/\/prefecturadeesmeraldas.gob.ec\/wp-content\/uploads\/2021\/12\/Imagen2.jpg\",\"articleSection\":[\"Cuencas, Riego y Drenaje\"],\"inLanguage\":\"es\"},{\"@type\":\"WebPage\",\"@id\":\"https:\/\/prefecturadeesmeraldas.gob.ec\/index.php\/2021\/12\/14\/prefectura-de-esmeraldas-junto-a-la-gestion-de-cuencas-riego-y-drenaje-continuan-con-la-campana-esmeraldas-yo-te-quiero-verde\/\",\"url\":\"https:\/\/prefecturadeesmeraldas.gob.ec\/index.php\/2021\/12\/14\/prefectura-de-esmeraldas-junto-a-la-gestion-de-cuencas-riego-y-drenaje-continuan-con-la-campana-esmeraldas-yo-te-quiero-verde\/\",\"name\":\"Prefectura de Esmeraldas junto a la gesti\u00f3n de Cuencas Riego y Drenaje, contin\u00faan con la campa\u00f1a \u201cEsmeraldas Yo Te Quiero Verde.\u201d - Gobierno Aut\u00f3nomo Descentralizado de la Provincia de Esmeraldas\",\"isPartOf\":{\"@id\":\"https:\/\/prefecturadeesmeraldas.gob.ec\/#website\"},\"primaryImageOfPage\":{\"@id\":\"https:\/\/prefecturadeesmeraldas.gob.ec\/index.php\/2021\/12\/14\/prefectura-de-esmeraldas-junto-a-la-gestion-de-cuencas-riego-y-drenaje-continuan-con-la-campana-esmeraldas-yo-te-quiero-verde\/#primaryimage\"},\"image\":{\"@id\":\"https:\/\/prefecturadeesmeraldas.gob.ec\/index.php\/2021\/12\/14\/prefectura-de-esmeraldas-junto-a-la-gestion-de-cuencas-riego-y-drenaje-continuan-con-la-campana-esmeraldas-yo-te-quiero-verde\/#primaryimage\"},\"thumbnailUrl\":\"https:\/\/prefecturadeesmeraldas.gob.ec\/wp-content\/uploads\/2021\/12\/Imagen2.jpg\",\"datePublished\":\"2021-12-14T19:30:40+00:00\",\"dateModified\":\"2021-12-22T20:45:30+00:00\",\"breadcrumb\":{\"@id\":\"https:\/\/prefecturadeesmeraldas.gob.ec\/index.php\/2021\/12\/14\/prefectura-de-esmeraldas-junto-a-la-gestion-de-cuencas-riego-y-drenaje-continuan-con-la-campana-esmeraldas-yo-te-quiero-verde\/#breadcrumb\"},\"inLanguage\":\"es\",\"potentialAction\":[{\"@type\":\"ReadAction\",\"target\":[\"https:\/\/prefecturadeesmeraldas.gob.ec\/index.php\/2021\/12\/14\/prefectura-de-esmeraldas-junto-a-la-gestion-de-cuencas-riego-y-drenaje-continuan-con-la-campana-esmeraldas-yo-te-quiero-verde\/\"]}]},{\"@type\":\"ImageObject\",\"inLanguage\":\"es\",\"@id\":\"https:\/\/prefecturadeesmeraldas.gob.ec\/index.php\/2021\/12\/14\/prefectura-de-esmeraldas-junto-a-la-gestion-de-cuencas-riego-y-drenaje-continuan-con-la-campana-esmeraldas-yo-te-quiero-verde\/#primaryimage\",\"url\":\"https:\/\/prefecturadeesmeraldas.gob.ec\/wp-content\/uploads\/2021\/12\/Imagen2.jpg\",\"contentUrl\":\"https:\/\/prefecturadeesmeraldas.gob.ec\/wp-content\/uploads\/2021\/12\/Imagen2.jpg\",\"width\":515,\"height\":515},{\"@type\":\"BreadcrumbList\",\"@id\":\"https:\/\/prefecturadeesmeraldas.gob.ec\/index.php\/2021\/12\/14\/prefectura-de-esmeraldas-junto-a-la-gestion-de-cuencas-riego-y-drenaje-continuan-con-la-campana-esmeraldas-yo-te-quiero-verde\/#breadcrumb\",\"itemListElement\":[{\"@type\":\"ListItem\",\"position\":1,\"name\":\"Home\",\"item\":\"https:\/\/prefecturadeesmeraldas.gob.ec\/\"},{\"@type\":\"ListItem\",\"position\":2,\"name\":\"Prefectura de Esmeraldas junto a la gesti\u00f3n de Cuencas Riego y Drenaje, contin\u00faan con la campa\u00f1a \u201cEsmeraldas Yo Te Quiero Verde.\u201d\"}]},{\"@type\":\"WebSite\",\"@id\":\"https:\/\/prefecturadeesmeraldas.gob.ec\/#website\",\"url\":\"https:\/\/prefecturadeesmeraldas.gob.ec\/\",\"name\":\"Gobierno Aut\u00f3nomo Descentralizado de la Provincia de Esmeraldas\",\"description\":\"Gobierno Aut\u00f3nomo Descentralizado de la Provincia de Esmeraldas\",\"publisher\":{\"@id\":\"https:\/\/prefecturadeesmeraldas.gob.ec\/#organization\"},\"potentialAction\":[{\"@type\":\"SearchAction\",\"target\":{\"@type\":\"EntryPoint\",\"urlTemplate\":\"https:\/\/prefecturadeesmeraldas.gob.ec\/?s={search_term_string}\"},\"query-input\":{\"@type\":\"PropertyValueSpecification\",\"valueRequired\":true,\"valueName\":\"search_term_string\"}}],\"inLanguage\":\"es\"},{\"@type\":\"Organization\",\"@id\":\"https:\/\/prefecturadeesmeraldas.gob.ec\/#organization\",\"name\":\"Gobierno Aut\u00f3nomo Descentralizado de la Provincia de Esmeraldas\",\"url\":\"https:\/\/prefecturadeesmeraldas.gob.ec\/\",\"logo\":{\"@type\":\"ImageObject\",\"inLanguage\":\"es\",\"@id\":\"https:\/\/prefecturadeesmeraldas.gob.ec\/#\/schema\/logo\/image\/\",\"url\":\"https:\/\/prefecturadeesmeraldas.gob.ec\/wp-content\/uploads\/2019\/06\/logo.png\",\"contentUrl\":\"https:\/\/prefecturadeesmeraldas.gob.ec\/wp-content\/uploads\/2019\/06\/logo.png\",\"width\":859,\"height\":448,\"caption\":\"Gobierno Aut\u00f3nomo Descentralizado de la Provincia de Esmeraldas\"},\"image\":{\"@id\":\"https:\/\/prefecturadeesmeraldas.gob.ec\/#\/schema\/logo\/image\/\"},\"sameAs\":[\"https:\/\/www.facebook.com\/PrefecturaEsmeraldas\/\"]},{\"@type\":\"Person\",\"@id\":\"https:\/\/prefecturadeesmeraldas.gob.ec\/#\/schema\/person\/b0c9e7b1ead7725994d1e319e8825234\",\"name\":\"Direcci\u00f3n de Comunicaci\u00f3n\",\"image\":{\"@type\":\"ImageObject\",\"inLanguage\":\"es\",\"@id\":\"https:\/\/prefecturadeesmeraldas.gob.ec\/#\/schema\/person\/image\/\",\"url\":\"https:\/\/secure.gravatar.com\/avatar\/74a3870a946f5d774ade3569af61a72308e07ad3346f370c4b468ee2a9858658?s=96&d=mm&r=g\",\"contentUrl\":\"https:\/\/secure.gravatar.com\/avatar\/74a3870a946f5d774ade3569af61a72308e07ad3346f370c4b468ee2a9858658?s=96&d=mm&r=g\",\"caption\":\"Direcci\u00f3n de Comunicaci\u00f3n\"}}]}<\/script>\n<!-- \/ Yoast SEO plugin. -->","yoast_head_json":{"title":"Prefectura de Esmeraldas junto a la gesti\u00f3n de Cuencas Riego y Drenaje, contin\u00faan con la campa\u00f1a \u201cEsmeraldas Yo Te Quiero Verde.\u201d - Gobierno Aut\u00f3nomo Descentralizado de la Provincia de Esmeraldas","robots":{"index":"index","follow":"follow","max-snippet":"max-snippet:-1","max-image-preview":"max-image-preview:large","max-video-preview":"max-video-preview:-1"},"canonical":"https:\/\/prefecturadeesmeraldas.gob.ec\/index.php\/2021\/12\/14\/prefectura-de-esmeraldas-junto-a-la-gestion-de-cuencas-riego-y-drenaje-continuan-con-la-campana-esmeraldas-yo-te-quiero-verde\/","og_locale":"es_ES","og_type":"article","og_title":"Prefectura de Esmeraldas junto a la gesti\u00f3n de Cuencas Riego y Drenaje, contin\u00faan con la campa\u00f1a \u201cEsmeraldas Yo Te Quiero Verde.\u201d - Gobierno Aut\u00f3nomo Descentralizado de la Provincia de Esmeraldas","og_description":"La entrega de plantas ornamentales para el mejoramiento de \u00e1reas verdes por parte de la Prefectura de Esmeraldas, a trav\u00e9s de la Gesti\u00f3n de Cuencas, Riego y Drenaje, sigue siendo uno de los principales ejes de acci\u00f3n, frente al cuidado y la preservaci\u00f3n del medio ambiente, como estrategia de lucha contra el cambio clim\u00e1tico. De [&hellip;]","og_url":"https:\/\/prefecturadeesmeraldas.gob.ec\/index.php\/2021\/12\/14\/prefectura-de-esmeraldas-junto-a-la-gestion-de-cuencas-riego-y-drenaje-continuan-con-la-campana-esmeraldas-yo-te-quiero-verde\/","og_site_name":"Gobierno Aut\u00f3nomo Descentralizado de la Provincia de Esmeraldas","article_publisher":"https:\/\/www.facebook.com\/PrefecturaEsmeraldas\/","article_published_time":"2021-12-14T19:30:40+00:00","article_modified_time":"2021-12-22T20:45:30+00:00","og_image":[{"width":515,"height":515,"url":"https:\/\/prefecturadeesmeraldas.gob.ec\/wp-content\/uploads\/2021\/12\/Imagen2.jpg","type":"image\/jpeg"}],"author":"Direcci\u00f3n de Comunicaci\u00f3n","twitter_card":"summary_large_image","twitter_misc":{"Escrito por":"Direcci\u00f3n de Comunicaci\u00f3n","Tiempo de lectura":"1 minuto"},"schema":{"@context":"https:\/\/schema.org","@graph":[{"@type":"Article","@id":"https:\/\/prefecturadeesmeraldas.gob.ec\/index.php\/2021\/12\/14\/prefectura-de-esmeraldas-junto-a-la-gestion-de-cuencas-riego-y-drenaje-continuan-con-la-campana-esmeraldas-yo-te-quiero-verde\/#article","isPartOf":{"@id":"https:\/\/prefecturadeesmeraldas.gob.ec\/index.php\/2021\/12\/14\/prefectura-de-esmeraldas-junto-a-la-gestion-de-cuencas-riego-y-drenaje-continuan-con-la-campana-esmeraldas-yo-te-quiero-verde\/"},"author":{"name":"Direcci\u00f3n de Comunicaci\u00f3n","@id":"https:\/\/prefecturadeesmeraldas.gob.ec\/#\/schema\/person\/b0c9e7b1ead7725994d1e319e8825234"},"headline":"Prefectura de Esmeraldas junto a la gesti\u00f3n de Cuencas Riego y Drenaje, contin\u00faan con la campa\u00f1a \u201cEsmeraldas Yo Te Quiero Verde.\u201d","datePublished":"2021-12-14T19:30:40+00:00","dateModified":"2021-12-22T20:45:30+00:00","mainEntityOfPage":{"@id":"https:\/\/prefecturadeesmeraldas.gob.ec\/index.php\/2021\/12\/14\/prefectura-de-esmeraldas-junto-a-la-gestion-de-cuencas-riego-y-drenaje-continuan-con-la-campana-esmeraldas-yo-te-quiero-verde\/"},"wordCount":182,"publisher":{"@id":"https:\/\/prefecturadeesmeraldas.gob.ec\/#organization"},"image":{"@id":"https:\/\/prefecturadeesmeraldas.gob.ec\/index.php\/2021\/12\/14\/prefectura-de-esmeraldas-junto-a-la-gestion-de-cuencas-riego-y-drenaje-continuan-con-la-campana-esmeraldas-yo-te-quiero-verde\/#primaryimage"},"thumbnailUrl":"https:\/\/prefecturadeesmeraldas.gob.ec\/wp-content\/uploads\/2021\/12\/Imagen2.jpg","articleSection":["Cuencas, Riego y Drenaje"],"inLanguage":"es"},{"@type":"WebPage","@id":"https:\/\/prefecturadeesmeraldas.gob.ec\/index.php\/2021\/12\/14\/prefectura-de-esmeraldas-junto-a-la-gestion-de-cuencas-riego-y-drenaje-continuan-con-la-campana-esmeraldas-yo-te-quiero-verde\/","url":"https:\/\/prefecturadeesmeraldas.gob.ec\/index.php\/2021\/12\/14\/prefectura-de-esmeraldas-junto-a-la-gestion-de-cuencas-riego-y-drenaje-continuan-con-la-campana-esmeraldas-yo-te-quiero-verde\/","name":"Prefectura de Esmeraldas junto a la gesti\u00f3n de Cuencas Riego y Drenaje, contin\u00faan con la campa\u00f1a \u201cEsmeraldas Yo Te Quiero Verde.\u201d - Gobierno Aut\u00f3nomo Descentralizado de la Provincia de Esmeraldas","isPartOf":{"@id":"https:\/\/prefecturadeesmeraldas.gob.ec\/#website"},"primaryImageOfPage":{"@id":"https:\/\/prefecturadeesmeraldas.gob.ec\/index.php\/2021\/12\/14\/prefectura-de-esmeraldas-junto-a-la-gestion-de-cuencas-riego-y-drenaje-continuan-con-la-campana-esmeraldas-yo-te-quiero-verde\/#primaryimage"},"image":{"@id":"https:\/\/prefecturadeesmeraldas.gob.ec\/index.php\/2021\/12\/14\/prefectura-de-esmeraldas-junto-a-la-gestion-de-cuencas-riego-y-drenaje-continuan-con-la-campana-esmeraldas-yo-te-quiero-verde\/#primaryimage"},"thumbnailUrl":"https:\/\/prefecturadeesmeraldas.gob.ec\/wp-content\/uploads\/2021\/12\/Imagen2.jpg","datePublished":"2021-12-14T19:30:40+00:00","dateModified":"2021-12-22T20:45:30+00:00","breadcrumb":{"@id":"https:\/\/prefecturadeesmeraldas.gob.ec\/index.php\/2021\/12\/14\/prefectura-de-esmeraldas-junto-a-la-gestion-de-cuencas-riego-y-drenaje-continuan-con-la-campana-esmeraldas-yo-te-quiero-verde\/#breadcrumb"},"inLanguage":"es","potentialAction":[{"@type":"ReadAction","target":["https:\/\/prefecturadeesmeraldas.gob.ec\/index.php\/2021\/12\/14\/prefectura-de-esmeraldas-junto-a-la-gestion-de-cuencas-riego-y-drenaje-continuan-con-la-campana-esmeraldas-yo-te-quiero-verde\/"]}]},{"@type":"ImageObject","inLanguage":"es","@id":"https:\/\/prefecturadeesmeraldas.gob.ec\/index.php\/2021\/12\/14\/prefectura-de-esmeraldas-junto-a-la-gestion-de-cuencas-riego-y-drenaje-continuan-con-la-campana-esmeraldas-yo-te-quiero-verde\/#primaryimage","url":"https:\/\/prefecturadeesmeraldas.gob.ec\/wp-content\/uploads\/2021\/12\/Imagen2.jpg","contentUrl":"https:\/\/prefecturadeesmeraldas.gob.ec\/wp-content\/uploads\/2021\/12\/Imagen2.jpg","width":515,"height":515},{"@type":"BreadcrumbList","@id":"https:\/\/prefecturadeesmeraldas.gob.ec\/index.php\/2021\/12\/14\/prefectura-de-esmeraldas-junto-a-la-gestion-de-cuencas-riego-y-drenaje-continuan-con-la-campana-esmeraldas-yo-te-quiero-verde\/#breadcrumb","itemListElement":[{"@type":"ListItem","position":1,"name":"Home","item":"https:\/\/prefecturadeesmeraldas.gob.ec\/"},{"@type":"ListItem","position":2,"name":"Prefectura de Esmeraldas junto a la gesti\u00f3n de Cuencas Riego y Drenaje, contin\u00faan con la campa\u00f1a \u201cEsmeraldas Yo Te Quiero Verde.\u201d"}]},{"@type":"WebSite","@id":"https:\/\/prefecturadeesmeraldas.gob.ec\/#website","url":"https:\/\/prefecturadeesmeraldas.gob.ec\/","name":"Gobierno Aut\u00f3nomo Descentralizado de la Provincia de Esmeraldas","description":"Gobierno Aut\u00f3nomo Descentralizado de la Provincia de Esmeraldas","publisher":{"@id":"https:\/\/prefecturadeesmeraldas.gob.ec\/#organization"},"potentialAction":[{"@type":"SearchAction","target":{"@type":"EntryPoint","urlTemplate":"https:\/\/prefecturadeesmeraldas.gob.ec\/?s={search_term_string}"},"query-input":{"@type":"PropertyValueSpecification","valueRequired":true,"valueName":"search_term_string"}}],"inLanguage":"es"},{"@type":"Organization","@id":"https:\/\/prefecturadeesmeraldas.gob.ec\/#organization","name":"Gobierno Aut\u00f3nomo Descentralizado de la Provincia de Esmeraldas","url":"https:\/\/prefecturadeesmeraldas.gob.ec\/","logo":{"@type":"ImageObject","inLanguage":"es","@id":"https:\/\/prefecturadeesmeraldas.gob.ec\/#\/schema\/logo\/image\/","url":"https:\/\/prefecturadeesmeraldas.gob.ec\/wp-content\/uploads\/2019\/06\/logo.png","contentUrl":"https:\/\/prefecturadeesmeraldas.gob.ec\/wp-content\/uploads\/2019\/06\/logo.png","width":859,"height":448,"caption":"Gobierno Aut\u00f3nomo Descentralizado de la Provincia de Esmeraldas"},"image":{"@id":"https:\/\/prefecturadeesmeraldas.gob.ec\/#\/schema\/logo\/image\/"},"sameAs":["https:\/\/www.facebook.com\/PrefecturaEsmeraldas\/"]},{"@type":"Person","@id":"https:\/\/prefecturadeesmeraldas.gob.ec\/#\/schema\/person\/b0c9e7b1ead7725994d1e319e8825234","name":"Direcci\u00f3n de Comunicaci\u00f3n","image":{"@type":"ImageObject","inLanguage":"es","@id":"https:\/\/prefecturadeesmeraldas.gob.ec\/#\/schema\/person\/image\/","url":"https:\/\/secure.gravatar.com\/avatar\/74a3870a946f5d774ade3569af61a72308e07ad3346f370c4b468ee2a9858658?s=96&d=mm&r=g","contentUrl":"https:\/\/secure.gravatar.com\/avatar\/74a3870a946f5d774ade3569af61a72308e07ad3346f370c4b468ee2a9858658?s=96&d=mm&r=g","caption":"Direcci\u00f3n de Comunicaci\u00f3n"}}]}},"_links":{"self":[{"href":"https:\/\/prefecturadeesmeraldas.gob.ec\/index.php\/wp-json\/wp\/v2\/posts\/13926","targetHints":{"allow":["GET"]}}],"collection":[{"href":"https:\/\/prefecturadeesmeraldas.gob.ec\/index.php\/wp-json\/wp\/v2\/posts"}],"about":[{"href":"https:\/\/prefecturadeesmeraldas.gob.ec\/index.php\/wp-json\/wp\/v2\/types\/post"}],"author":[{"embeddable":true,"href":"https:\/\/prefecturadeesmeraldas.gob.ec\/index.php\/wp-json\/wp\/v2\/users\/2"}],"replies":[{"embeddable":true,"href":"https:\/\/prefecturadeesmeraldas.gob.ec\/index.php\/wp-json\/wp\/v2\/comments?post=13926"}],"version-history":[{"count":0,"href":"https:\/\/prefecturadeesmeraldas.gob.ec\/index.php\/wp-json\/wp\/v2\/posts\/13926\/revisions"}],"wp:featuredmedia":[{"embeddable":true,"href":"https:\/\/prefecturadeesmeraldas.gob.ec\/index.php\/wp-json\/wp\/v2\/media\/13927"}],"wp:attachment":[{"href":"https:\/\/prefecturadeesmeraldas.gob.ec\/index.php\/wp-json\/wp\/v2\/media?parent=13926"}],"wp:term":[{"taxonomy":"category","embeddable":true,"href":"https:\/\/prefecturadeesmeraldas.gob.ec\/index.php\/wp-json\/wp\/v2\/categories?post=13926"},{"taxonomy":"post_tag","embeddable":true,"href":"https:\/\/prefecturadeesmeraldas.gob.ec\/index.php\/wp-json\/wp\/v2\/tags?post=13926"}],"curies":[{"name":"wp","href":"https:\/\/api.w.org\/{rel}","templated":true}]}}