{"id":13876,"date":"2021-12-09T10:59:53","date_gmt":"2021-12-09T15:59:53","guid":{"rendered":"https:\/\/prefecturadeesmeraldas.gob.ec\/?p=13876"},"modified":"2021-12-09T11:00:42","modified_gmt":"2021-12-09T16:00:42","slug":"prefectura-de-esmeraldas-firmo-convenio-para-el-desarrollo","status":"publish","type":"post","link":"https:\/\/prefecturadeesmeraldas.gob.ec\/index.php\/2021\/12\/09\/prefectura-de-esmeraldas-firmo-convenio-para-el-desarrollo\/","title":{"rendered":"Prefectura de Esmeraldas firm\u00f3 convenio para el desarrollo."},"content":{"rendered":"\t\t<div data-elementor-type=\"wp-post\" data-elementor-id=\"13876\" class=\"elementor elementor-13876\">\n\t\t\t\t\t\t<section class=\"elementor-section elementor-top-section elementor-element elementor-element-55a781a elementor-section-boxed elementor-section-height-default elementor-section-height-default\" data-id=\"55a781a\" data-element_type=\"section\">\n\t\t\t\t\t\t<div class=\"elementor-container elementor-column-gap-default\">\n\t\t\t\t\t<div class=\"elementor-column elementor-col-100 elementor-top-column elementor-element elementor-element-82d2dab\" data-id=\"82d2dab\" data-element_type=\"column\">\n\t\t\t<div class=\"elementor-widget-wrap elementor-element-populated\">\n\t\t\t\t\t\t<div class=\"elementor-element elementor-element-cb58543 elementor-widget elementor-widget-image\" data-id=\"cb58543\" data-element_type=\"widget\" data-widget_type=\"image.default\">\n\t\t\t\t<div class=\"elementor-widget-container\">\n\t\t\t\t\t\t\t\t\t\t\t\t\t\t\t<img fetchpriority=\"high\" decoding=\"async\" width=\"1024\" height=\"1024\" src=\"https:\/\/prefecturadeesmeraldas.gob.ec\/wp-content\/uploads\/2021\/12\/BOLETIN-01124-1024x1024.jpg\" class=\"attachment-large size-large wp-image-13872\" alt=\"\" srcset=\"https:\/\/prefecturadeesmeraldas.gob.ec\/wp-content\/uploads\/2021\/12\/BOLETIN-01124-1024x1024.jpg 1024w, https:\/\/prefecturadeesmeraldas.gob.ec\/wp-content\/uploads\/2021\/12\/BOLETIN-01124-240x240.jpg 240w, https:\/\/prefecturadeesmeraldas.gob.ec\/wp-content\/uploads\/2021\/12\/BOLETIN-01124-1080x1080.jpg 1080w, https:\/\/prefecturadeesmeraldas.gob.ec\/wp-content\/uploads\/2021\/12\/BOLETIN-01124-150x150.jpg 150w, https:\/\/prefecturadeesmeraldas.gob.ec\/wp-content\/uploads\/2021\/12\/BOLETIN-01124-300x300.jpg 300w, https:\/\/prefecturadeesmeraldas.gob.ec\/wp-content\/uploads\/2021\/12\/BOLETIN-01124-768x768.jpg 768w, https:\/\/prefecturadeesmeraldas.gob.ec\/wp-content\/uploads\/2021\/12\/BOLETIN-01124.jpg 1348w\" sizes=\"(max-width: 1024px) 100vw, 1024px\" \/>\t\t\t\t\t\t\t\t\t\t\t\t\t\t\t<\/div>\n\t\t\t\t<\/div>\n\t\t\t\t\t<\/div>\n\t\t<\/div>\n\t\t\t\t\t<\/div>\n\t\t<\/section>\n\t\t\t\t<section class=\"elementor-section elementor-top-section elementor-element elementor-element-37e013a elementor-section-boxed elementor-section-height-default elementor-section-height-default\" data-id=\"37e013a\" data-element_type=\"section\">\n\t\t\t\t\t\t<div class=\"elementor-container elementor-column-gap-default\">\n\t\t\t\t\t<div class=\"elementor-column elementor-col-100 elementor-top-column elementor-element elementor-element-ef5d9f5\" data-id=\"ef5d9f5\" data-element_type=\"column\">\n\t\t\t<div class=\"elementor-widget-wrap elementor-element-populated\">\n\t\t\t\t\t\t<div class=\"elementor-element elementor-element-b8f6494 elementor-widget elementor-widget-text-editor\" data-id=\"b8f6494\" data-element_type=\"widget\" data-widget_type=\"text-editor.default\">\n\t\t\t\t<div class=\"elementor-widget-container\">\n\t\t\t\t\t\t\t\t\t<p>Un nuevo convenio, por un monto de 1 mill\u00f3n 519 mil 720 d\u00f3lares, fue suscrito entre la Prefectura de Esmeraldas y el Banco de Desarrollo del Ecuador BDE, para financiar el proyecto; \u201cAdquisici\u00f3n de equipo caminero para la ejecuci\u00f3n del plan vial provincial de Esmeraldas\u201d.<\/p><p><\/p><p>En total, ocho nuevas maquinarias entrar\u00e1n a ser parte del parque automotor encargado del mantenimiento y mejoramiento vial, entre ellas: 1 tractor de orugas, 1 motoniveladora, 1 rodillo liso, 2 tanqueros para combustible, 1 distribuidor de asfalto y 2 mini cargadoras.<\/p><p>El plazo para la entrega del primer desembolso ser\u00e1 de seis meses, contados a partir de la fecha de suscripci\u00f3n del contrato de financiamiento y servicios bancarios, con un plazo m\u00e1ximo de ocho meses, a partir de la entrega del primer desembolso.<\/p><p><\/p><p>El documento fue suscrito por la Gerencia General del Banco de Desarrollo del Ecuador en representaci\u00f3n del economista Fabian An\u00edbal Carrillo Jaramillo el pasado 27 de octubre de 2021, tal y como consta en el documento DESICI\u00d3N No. 2021 \u2013 GGE \u2013 223 teniendo en cuenta las normas legales impresas en la Constituci\u00f3n en los art\u00edculos 82, 226, 227, 309, 310, 194, 365 y 369, luego de cumplir con los requisitos establecidos en el informe de evaluaci\u00f3n, producto de la gesti\u00f3n hecha por la administraci\u00f3n de Roberta Zambrano Ortiz, Prefecta, y Diego Zambrano Loor, Vice prefecto, para el desarrollo progresivo de la provincia de Esmeraldas.<\/p><p><\/p><p>Con esta acci\u00f3n, el sector agro productivo de Esmeraldas ser\u00e1 el mayor beneficiado, al contar con un nuevo frente de trabajo, capaz de mejorar las condiciones de las v\u00edas en la provincia<\/p>\t\t\t\t\t\t\t\t<\/div>\n\t\t\t\t<\/div>\n\t\t\t\t\t<\/div>\n\t\t<\/div>\n\t\t\t\t\t<\/div>\n\t\t<\/section>\n\t\t\t\t<\/div>\n\t\t","protected":false},"excerpt":{"rendered":"<p>Un nuevo convenio, por un monto de 1 mill\u00f3n 519 mil 720 d\u00f3lares, fue suscrito entre la Prefectura de Esmeraldas y el Banco de Desarrollo del Ecuador BDE, para financiar el proyecto; \u201cAdquisici\u00f3n de equipo caminero para la ejecuci\u00f3n del plan vial provincial de Esmeraldas\u201d. En total, ocho nuevas maquinarias entrar\u00e1n a ser parte del [&hellip;]<\/p>\n","protected":false},"author":2,"featured_media":13872,"comment_status":"closed","ping_status":"open","sticky":false,"template":"","format":"standard","meta":{"footnotes":""},"categories":[3],"tags":[],"class_list":["post-13876","post","type-post","status-publish","format-standard","has-post-thumbnail","hentry","category-institucional"],"yoast_head":"<!-- This site is optimized with the Yoast SEO plugin v25.7 - https:\/\/yoast.com\/wordpress\/plugins\/seo\/ -->\n<title>Prefectura de Esmeraldas firm\u00f3 convenio para el desarrollo. - Gobierno Aut\u00f3nomo Descentralizado de la Provincia de Esmeraldas<\/title>\n<meta name=\"robots\" content=\"index, follow, max-snippet:-1, max-image-preview:large, max-video-preview:-1\" \/>\n<link rel=\"canonical\" href=\"https:\/\/prefecturadeesmeraldas.gob.ec\/index.php\/2021\/12\/09\/prefectura-de-esmeraldas-firmo-convenio-para-el-desarrollo\/\" \/>\n<meta property=\"og:locale\" content=\"es_ES\" \/>\n<meta property=\"og:type\" content=\"article\" \/>\n<meta property=\"og:title\" content=\"Prefectura de Esmeraldas firm\u00f3 convenio para el desarrollo. - Gobierno Aut\u00f3nomo Descentralizado de la Provincia de Esmeraldas\" \/>\n<meta property=\"og:description\" content=\"Un nuevo convenio, por un monto de 1 mill\u00f3n 519 mil 720 d\u00f3lares, fue suscrito entre la Prefectura de Esmeraldas y el Banco de Desarrollo del Ecuador BDE, para financiar el proyecto; \u201cAdquisici\u00f3n de equipo caminero para la ejecuci\u00f3n del plan vial provincial de Esmeraldas\u201d. En total, ocho nuevas maquinarias entrar\u00e1n a ser parte del [&hellip;]\" \/>\n<meta property=\"og:url\" content=\"https:\/\/prefecturadeesmeraldas.gob.ec\/index.php\/2021\/12\/09\/prefectura-de-esmeraldas-firmo-convenio-para-el-desarrollo\/\" \/>\n<meta property=\"og:site_name\" content=\"Gobierno Aut\u00f3nomo Descentralizado de la Provincia de Esmeraldas\" \/>\n<meta property=\"article:publisher\" content=\"https:\/\/www.facebook.com\/PrefecturaEsmeraldas\/\" \/>\n<meta property=\"article:published_time\" content=\"2021-12-09T15:59:53+00:00\" \/>\n<meta property=\"article:modified_time\" content=\"2021-12-09T16:00:42+00:00\" \/>\n<meta property=\"og:image\" content=\"https:\/\/prefecturadeesmeraldas.gob.ec\/wp-content\/uploads\/2021\/12\/BOLETIN-01124.jpg\" \/>\n\t<meta property=\"og:image:width\" content=\"1348\" \/>\n\t<meta property=\"og:image:height\" content=\"1348\" \/>\n\t<meta property=\"og:image:type\" content=\"image\/jpeg\" \/>\n<meta name=\"author\" content=\"Direcci\u00f3n de Comunicaci\u00f3n\" \/>\n<meta name=\"twitter:card\" content=\"summary_large_image\" \/>\n<meta name=\"twitter:label1\" content=\"Escrito por\" \/>\n\t<meta name=\"twitter:data1\" content=\"Direcci\u00f3n de Comunicaci\u00f3n\" \/>\n\t<meta name=\"twitter:label2\" content=\"Tiempo de lectura\" \/>\n\t<meta name=\"twitter:data2\" content=\"1 minuto\" \/>\n<script type=\"application\/ld+json\" class=\"yoast-schema-graph\">{\"@context\":\"https:\/\/schema.org\",\"@graph\":[{\"@type\":\"Article\",\"@id\":\"https:\/\/prefecturadeesmeraldas.gob.ec\/index.php\/2021\/12\/09\/prefectura-de-esmeraldas-firmo-convenio-para-el-desarrollo\/#article\",\"isPartOf\":{\"@id\":\"https:\/\/prefecturadeesmeraldas.gob.ec\/index.php\/2021\/12\/09\/prefectura-de-esmeraldas-firmo-convenio-para-el-desarrollo\/\"},\"author\":{\"name\":\"Direcci\u00f3n de Comunicaci\u00f3n\",\"@id\":\"https:\/\/prefecturadeesmeraldas.gob.ec\/#\/schema\/person\/b0c9e7b1ead7725994d1e319e8825234\"},\"headline\":\"Prefectura de Esmeraldas firm\u00f3 convenio para el desarrollo.\",\"datePublished\":\"2021-12-09T15:59:53+00:00\",\"dateModified\":\"2021-12-09T16:00:42+00:00\",\"mainEntityOfPage\":{\"@id\":\"https:\/\/prefecturadeesmeraldas.gob.ec\/index.php\/2021\/12\/09\/prefectura-de-esmeraldas-firmo-convenio-para-el-desarrollo\/\"},\"wordCount\":267,\"publisher\":{\"@id\":\"https:\/\/prefecturadeesmeraldas.gob.ec\/#organization\"},\"image\":{\"@id\":\"https:\/\/prefecturadeesmeraldas.gob.ec\/index.php\/2021\/12\/09\/prefectura-de-esmeraldas-firmo-convenio-para-el-desarrollo\/#primaryimage\"},\"thumbnailUrl\":\"https:\/\/prefecturadeesmeraldas.gob.ec\/wp-content\/uploads\/2021\/12\/BOLETIN-01124.jpg\",\"articleSection\":[\"Institucional\"],\"inLanguage\":\"es\"},{\"@type\":\"WebPage\",\"@id\":\"https:\/\/prefecturadeesmeraldas.gob.ec\/index.php\/2021\/12\/09\/prefectura-de-esmeraldas-firmo-convenio-para-el-desarrollo\/\",\"url\":\"https:\/\/prefecturadeesmeraldas.gob.ec\/index.php\/2021\/12\/09\/prefectura-de-esmeraldas-firmo-convenio-para-el-desarrollo\/\",\"name\":\"Prefectura de Esmeraldas firm\u00f3 convenio para el desarrollo. - Gobierno Aut\u00f3nomo Descentralizado de la Provincia de Esmeraldas\",\"isPartOf\":{\"@id\":\"https:\/\/prefecturadeesmeraldas.gob.ec\/#website\"},\"primaryImageOfPage\":{\"@id\":\"https:\/\/prefecturadeesmeraldas.gob.ec\/index.php\/2021\/12\/09\/prefectura-de-esmeraldas-firmo-convenio-para-el-desarrollo\/#primaryimage\"},\"image\":{\"@id\":\"https:\/\/prefecturadeesmeraldas.gob.ec\/index.php\/2021\/12\/09\/prefectura-de-esmeraldas-firmo-convenio-para-el-desarrollo\/#primaryimage\"},\"thumbnailUrl\":\"https:\/\/prefecturadeesmeraldas.gob.ec\/wp-content\/uploads\/2021\/12\/BOLETIN-01124.jpg\",\"datePublished\":\"2021-12-09T15:59:53+00:00\",\"dateModified\":\"2021-12-09T16:00:42+00:00\",\"breadcrumb\":{\"@id\":\"https:\/\/prefecturadeesmeraldas.gob.ec\/index.php\/2021\/12\/09\/prefectura-de-esmeraldas-firmo-convenio-para-el-desarrollo\/#breadcrumb\"},\"inLanguage\":\"es\",\"potentialAction\":[{\"@type\":\"ReadAction\",\"target\":[\"https:\/\/prefecturadeesmeraldas.gob.ec\/index.php\/2021\/12\/09\/prefectura-de-esmeraldas-firmo-convenio-para-el-desarrollo\/\"]}]},{\"@type\":\"ImageObject\",\"inLanguage\":\"es\",\"@id\":\"https:\/\/prefecturadeesmeraldas.gob.ec\/index.php\/2021\/12\/09\/prefectura-de-esmeraldas-firmo-convenio-para-el-desarrollo\/#primaryimage\",\"url\":\"https:\/\/prefecturadeesmeraldas.gob.ec\/wp-content\/uploads\/2021\/12\/BOLETIN-01124.jpg\",\"contentUrl\":\"https:\/\/prefecturadeesmeraldas.gob.ec\/wp-content\/uploads\/2021\/12\/BOLETIN-01124.jpg\",\"width\":1348,\"height\":1348},{\"@type\":\"BreadcrumbList\",\"@id\":\"https:\/\/prefecturadeesmeraldas.gob.ec\/index.php\/2021\/12\/09\/prefectura-de-esmeraldas-firmo-convenio-para-el-desarrollo\/#breadcrumb\",\"itemListElement\":[{\"@type\":\"ListItem\",\"position\":1,\"name\":\"Home\",\"item\":\"https:\/\/prefecturadeesmeraldas.gob.ec\/\"},{\"@type\":\"ListItem\",\"position\":2,\"name\":\"Prefectura de Esmeraldas firm\u00f3 convenio para el desarrollo.\"}]},{\"@type\":\"WebSite\",\"@id\":\"https:\/\/prefecturadeesmeraldas.gob.ec\/#website\",\"url\":\"https:\/\/prefecturadeesmeraldas.gob.ec\/\",\"name\":\"Gobierno Aut\u00f3nomo Descentralizado de la Provincia de Esmeraldas\",\"description\":\"Gobierno Aut\u00f3nomo Descentralizado de la Provincia de Esmeraldas\",\"publisher\":{\"@id\":\"https:\/\/prefecturadeesmeraldas.gob.ec\/#organization\"},\"potentialAction\":[{\"@type\":\"SearchAction\",\"target\":{\"@type\":\"EntryPoint\",\"urlTemplate\":\"https:\/\/prefecturadeesmeraldas.gob.ec\/?s={search_term_string}\"},\"query-input\":{\"@type\":\"PropertyValueSpecification\",\"valueRequired\":true,\"valueName\":\"search_term_string\"}}],\"inLanguage\":\"es\"},{\"@type\":\"Organization\",\"@id\":\"https:\/\/prefecturadeesmeraldas.gob.ec\/#organization\",\"name\":\"Gobierno Aut\u00f3nomo Descentralizado de la Provincia de Esmeraldas\",\"url\":\"https:\/\/prefecturadeesmeraldas.gob.ec\/\",\"logo\":{\"@type\":\"ImageObject\",\"inLanguage\":\"es\",\"@id\":\"https:\/\/prefecturadeesmeraldas.gob.ec\/#\/schema\/logo\/image\/\",\"url\":\"https:\/\/prefecturadeesmeraldas.gob.ec\/wp-content\/uploads\/2019\/06\/logo.png\",\"contentUrl\":\"https:\/\/prefecturadeesmeraldas.gob.ec\/wp-content\/uploads\/2019\/06\/logo.png\",\"width\":859,\"height\":448,\"caption\":\"Gobierno Aut\u00f3nomo Descentralizado de la Provincia de Esmeraldas\"},\"image\":{\"@id\":\"https:\/\/prefecturadeesmeraldas.gob.ec\/#\/schema\/logo\/image\/\"},\"sameAs\":[\"https:\/\/www.facebook.com\/PrefecturaEsmeraldas\/\"]},{\"@type\":\"Person\",\"@id\":\"https:\/\/prefecturadeesmeraldas.gob.ec\/#\/schema\/person\/b0c9e7b1ead7725994d1e319e8825234\",\"name\":\"Direcci\u00f3n de Comunicaci\u00f3n\",\"image\":{\"@type\":\"ImageObject\",\"inLanguage\":\"es\",\"@id\":\"https:\/\/prefecturadeesmeraldas.gob.ec\/#\/schema\/person\/image\/\",\"url\":\"https:\/\/secure.gravatar.com\/avatar\/74a3870a946f5d774ade3569af61a72308e07ad3346f370c4b468ee2a9858658?s=96&d=mm&r=g\",\"contentUrl\":\"https:\/\/secure.gravatar.com\/avatar\/74a3870a946f5d774ade3569af61a72308e07ad3346f370c4b468ee2a9858658?s=96&d=mm&r=g\",\"caption\":\"Direcci\u00f3n de Comunicaci\u00f3n\"}}]}<\/script>\n<!-- \/ Yoast SEO plugin. -->","yoast_head_json":{"title":"Prefectura de Esmeraldas firm\u00f3 convenio para el desarrollo. - Gobierno Aut\u00f3nomo Descentralizado de la Provincia de Esmeraldas","robots":{"index":"index","follow":"follow","max-snippet":"max-snippet:-1","max-image-preview":"max-image-preview:large","max-video-preview":"max-video-preview:-1"},"canonical":"https:\/\/prefecturadeesmeraldas.gob.ec\/index.php\/2021\/12\/09\/prefectura-de-esmeraldas-firmo-convenio-para-el-desarrollo\/","og_locale":"es_ES","og_type":"article","og_title":"Prefectura de Esmeraldas firm\u00f3 convenio para el desarrollo. - Gobierno Aut\u00f3nomo Descentralizado de la Provincia de Esmeraldas","og_description":"Un nuevo convenio, por un monto de 1 mill\u00f3n 519 mil 720 d\u00f3lares, fue suscrito entre la Prefectura de Esmeraldas y el Banco de Desarrollo del Ecuador BDE, para financiar el proyecto; \u201cAdquisici\u00f3n de equipo caminero para la ejecuci\u00f3n del plan vial provincial de Esmeraldas\u201d. En total, ocho nuevas maquinarias entrar\u00e1n a ser parte del [&hellip;]","og_url":"https:\/\/prefecturadeesmeraldas.gob.ec\/index.php\/2021\/12\/09\/prefectura-de-esmeraldas-firmo-convenio-para-el-desarrollo\/","og_site_name":"Gobierno Aut\u00f3nomo Descentralizado de la Provincia de Esmeraldas","article_publisher":"https:\/\/www.facebook.com\/PrefecturaEsmeraldas\/","article_published_time":"2021-12-09T15:59:53+00:00","article_modified_time":"2021-12-09T16:00:42+00:00","og_image":[{"width":1348,"height":1348,"url":"https:\/\/prefecturadeesmeraldas.gob.ec\/wp-content\/uploads\/2021\/12\/BOLETIN-01124.jpg","type":"image\/jpeg"}],"author":"Direcci\u00f3n de Comunicaci\u00f3n","twitter_card":"summary_large_image","twitter_misc":{"Escrito por":"Direcci\u00f3n de Comunicaci\u00f3n","Tiempo de lectura":"1 minuto"},"schema":{"@context":"https:\/\/schema.org","@graph":[{"@type":"Article","@id":"https:\/\/prefecturadeesmeraldas.gob.ec\/index.php\/2021\/12\/09\/prefectura-de-esmeraldas-firmo-convenio-para-el-desarrollo\/#article","isPartOf":{"@id":"https:\/\/prefecturadeesmeraldas.gob.ec\/index.php\/2021\/12\/09\/prefectura-de-esmeraldas-firmo-convenio-para-el-desarrollo\/"},"author":{"name":"Direcci\u00f3n de Comunicaci\u00f3n","@id":"https:\/\/prefecturadeesmeraldas.gob.ec\/#\/schema\/person\/b0c9e7b1ead7725994d1e319e8825234"},"headline":"Prefectura de Esmeraldas firm\u00f3 convenio para el desarrollo.","datePublished":"2021-12-09T15:59:53+00:00","dateModified":"2021-12-09T16:00:42+00:00","mainEntityOfPage":{"@id":"https:\/\/prefecturadeesmeraldas.gob.ec\/index.php\/2021\/12\/09\/prefectura-de-esmeraldas-firmo-convenio-para-el-desarrollo\/"},"wordCount":267,"publisher":{"@id":"https:\/\/prefecturadeesmeraldas.gob.ec\/#organization"},"image":{"@id":"https:\/\/prefecturadeesmeraldas.gob.ec\/index.php\/2021\/12\/09\/prefectura-de-esmeraldas-firmo-convenio-para-el-desarrollo\/#primaryimage"},"thumbnailUrl":"https:\/\/prefecturadeesmeraldas.gob.ec\/wp-content\/uploads\/2021\/12\/BOLETIN-01124.jpg","articleSection":["Institucional"],"inLanguage":"es"},{"@type":"WebPage","@id":"https:\/\/prefecturadeesmeraldas.gob.ec\/index.php\/2021\/12\/09\/prefectura-de-esmeraldas-firmo-convenio-para-el-desarrollo\/","url":"https:\/\/prefecturadeesmeraldas.gob.ec\/index.php\/2021\/12\/09\/prefectura-de-esmeraldas-firmo-convenio-para-el-desarrollo\/","name":"Prefectura de Esmeraldas firm\u00f3 convenio para el desarrollo. - Gobierno Aut\u00f3nomo Descentralizado de la Provincia de Esmeraldas","isPartOf":{"@id":"https:\/\/prefecturadeesmeraldas.gob.ec\/#website"},"primaryImageOfPage":{"@id":"https:\/\/prefecturadeesmeraldas.gob.ec\/index.php\/2021\/12\/09\/prefectura-de-esmeraldas-firmo-convenio-para-el-desarrollo\/#primaryimage"},"image":{"@id":"https:\/\/prefecturadeesmeraldas.gob.ec\/index.php\/2021\/12\/09\/prefectura-de-esmeraldas-firmo-convenio-para-el-desarrollo\/#primaryimage"},"thumbnailUrl":"https:\/\/prefecturadeesmeraldas.gob.ec\/wp-content\/uploads\/2021\/12\/BOLETIN-01124.jpg","datePublished":"2021-12-09T15:59:53+00:00","dateModified":"2021-12-09T16:00:42+00:00","breadcrumb":{"@id":"https:\/\/prefecturadeesmeraldas.gob.ec\/index.php\/2021\/12\/09\/prefectura-de-esmeraldas-firmo-convenio-para-el-desarrollo\/#breadcrumb"},"inLanguage":"es","potentialAction":[{"@type":"ReadAction","target":["https:\/\/prefecturadeesmeraldas.gob.ec\/index.php\/2021\/12\/09\/prefectura-de-esmeraldas-firmo-convenio-para-el-desarrollo\/"]}]},{"@type":"ImageObject","inLanguage":"es","@id":"https:\/\/prefecturadeesmeraldas.gob.ec\/index.php\/2021\/12\/09\/prefectura-de-esmeraldas-firmo-convenio-para-el-desarrollo\/#primaryimage","url":"https:\/\/prefecturadeesmeraldas.gob.ec\/wp-content\/uploads\/2021\/12\/BOLETIN-01124.jpg","contentUrl":"https:\/\/prefecturadeesmeraldas.gob.ec\/wp-content\/uploads\/2021\/12\/BOLETIN-01124.jpg","width":1348,"height":1348},{"@type":"BreadcrumbList","@id":"https:\/\/prefecturadeesmeraldas.gob.ec\/index.php\/2021\/12\/09\/prefectura-de-esmeraldas-firmo-convenio-para-el-desarrollo\/#breadcrumb","itemListElement":[{"@type":"ListItem","position":1,"name":"Home","item":"https:\/\/prefecturadeesmeraldas.gob.ec\/"},{"@type":"ListItem","position":2,"name":"Prefectura de Esmeraldas firm\u00f3 convenio para el desarrollo."}]},{"@type":"WebSite","@id":"https:\/\/prefecturadeesmeraldas.gob.ec\/#website","url":"https:\/\/prefecturadeesmeraldas.gob.ec\/","name":"Gobierno Aut\u00f3nomo Descentralizado de la Provincia de Esmeraldas","description":"Gobierno Aut\u00f3nomo Descentralizado de la Provincia de Esmeraldas","publisher":{"@id":"https:\/\/prefecturadeesmeraldas.gob.ec\/#organization"},"potentialAction":[{"@type":"SearchAction","target":{"@type":"EntryPoint","urlTemplate":"https:\/\/prefecturadeesmeraldas.gob.ec\/?s={search_term_string}"},"query-input":{"@type":"PropertyValueSpecification","valueRequired":true,"valueName":"search_term_string"}}],"inLanguage":"es"},{"@type":"Organization","@id":"https:\/\/prefecturadeesmeraldas.gob.ec\/#organization","name":"Gobierno Aut\u00f3nomo Descentralizado de la Provincia de Esmeraldas","url":"https:\/\/prefecturadeesmeraldas.gob.ec\/","logo":{"@type":"ImageObject","inLanguage":"es","@id":"https:\/\/prefecturadeesmeraldas.gob.ec\/#\/schema\/logo\/image\/","url":"https:\/\/prefecturadeesmeraldas.gob.ec\/wp-content\/uploads\/2019\/06\/logo.png","contentUrl":"https:\/\/prefecturadeesmeraldas.gob.ec\/wp-content\/uploads\/2019\/06\/logo.png","width":859,"height":448,"caption":"Gobierno Aut\u00f3nomo Descentralizado de la Provincia de Esmeraldas"},"image":{"@id":"https:\/\/prefecturadeesmeraldas.gob.ec\/#\/schema\/logo\/image\/"},"sameAs":["https:\/\/www.facebook.com\/PrefecturaEsmeraldas\/"]},{"@type":"Person","@id":"https:\/\/prefecturadeesmeraldas.gob.ec\/#\/schema\/person\/b0c9e7b1ead7725994d1e319e8825234","name":"Direcci\u00f3n de Comunicaci\u00f3n","image":{"@type":"ImageObject","inLanguage":"es","@id":"https:\/\/prefecturadeesmeraldas.gob.ec\/#\/schema\/person\/image\/","url":"https:\/\/secure.gravatar.com\/avatar\/74a3870a946f5d774ade3569af61a72308e07ad3346f370c4b468ee2a9858658?s=96&d=mm&r=g","contentUrl":"https:\/\/secure.gravatar.com\/avatar\/74a3870a946f5d774ade3569af61a72308e07ad3346f370c4b468ee2a9858658?s=96&d=mm&r=g","caption":"Direcci\u00f3n de Comunicaci\u00f3n"}}]}},"_links":{"self":[{"href":"https:\/\/prefecturadeesmeraldas.gob.ec\/index.php\/wp-json\/wp\/v2\/posts\/13876","targetHints":{"allow":["GET"]}}],"collection":[{"href":"https:\/\/prefecturadeesmeraldas.gob.ec\/index.php\/wp-json\/wp\/v2\/posts"}],"about":[{"href":"https:\/\/prefecturadeesmeraldas.gob.ec\/index.php\/wp-json\/wp\/v2\/types\/post"}],"author":[{"embeddable":true,"href":"https:\/\/prefecturadeesmeraldas.gob.ec\/index.php\/wp-json\/wp\/v2\/users\/2"}],"replies":[{"embeddable":true,"href":"https:\/\/prefecturadeesmeraldas.gob.ec\/index.php\/wp-json\/wp\/v2\/comments?post=13876"}],"version-history":[{"count":0,"href":"https:\/\/prefecturadeesmeraldas.gob.ec\/index.php\/wp-json\/wp\/v2\/posts\/13876\/revisions"}],"wp:featuredmedia":[{"embeddable":true,"href":"https:\/\/prefecturadeesmeraldas.gob.ec\/index.php\/wp-json\/wp\/v2\/media\/13872"}],"wp:attachment":[{"href":"https:\/\/prefecturadeesmeraldas.gob.ec\/index.php\/wp-json\/wp\/v2\/media?parent=13876"}],"wp:term":[{"taxonomy":"category","embeddable":true,"href":"https:\/\/prefecturadeesmeraldas.gob.ec\/index.php\/wp-json\/wp\/v2\/categories?post=13876"},{"taxonomy":"post_tag","embeddable":true,"href":"https:\/\/prefecturadeesmeraldas.gob.ec\/index.php\/wp-json\/wp\/v2\/tags?post=13876"}],"curies":[{"name":"wp","href":"https:\/\/api.w.org\/{rel}","templated":true}]}}