{"id":13839,"date":"2021-12-06T15:18:41","date_gmt":"2021-12-06T20:18:41","guid":{"rendered":"https:\/\/prefecturadeesmeraldas.gob.ec\/?p=13839"},"modified":"2021-12-06T15:19:36","modified_gmt":"2021-12-06T20:19:36","slug":"prefectura-construye-paradas-de-buses-en-la-via-vuelta-larga-tabiazo-carlos-concha","status":"publish","type":"post","link":"https:\/\/prefecturadeesmeraldas.gob.ec\/index.php\/2021\/12\/06\/prefectura-construye-paradas-de-buses-en-la-via-vuelta-larga-tabiazo-carlos-concha\/","title":{"rendered":"Prefectura construye paradas de buses en la v\u00eda Vuelta Larga \u2013 Tabiazo \u2013 Carlos Concha."},"content":{"rendered":"\t\t<div data-elementor-type=\"wp-post\" data-elementor-id=\"13839\" class=\"elementor elementor-13839\">\n\t\t\t\t\t\t<section class=\"elementor-section elementor-top-section elementor-element elementor-element-93738cb elementor-section-boxed elementor-section-height-default elementor-section-height-default\" data-id=\"93738cb\" data-element_type=\"section\">\n\t\t\t\t\t\t<div class=\"elementor-container elementor-column-gap-default\">\n\t\t\t\t\t<div class=\"elementor-column elementor-col-100 elementor-top-column elementor-element elementor-element-fc0fa18\" data-id=\"fc0fa18\" data-element_type=\"column\">\n\t\t\t<div class=\"elementor-widget-wrap elementor-element-populated\">\n\t\t\t\t\t\t<div class=\"elementor-element elementor-element-2a21f68 elementor-widget elementor-widget-image\" data-id=\"2a21f68\" data-element_type=\"widget\" data-widget_type=\"image.default\">\n\t\t\t\t<div class=\"elementor-widget-container\">\n\t\t\t\t\t\t\t\t\t\t\t\t\t\t\t<img fetchpriority=\"high\" decoding=\"async\" width=\"566\" height=\"566\" src=\"https:\/\/prefecturadeesmeraldas.gob.ec\/wp-content\/uploads\/2021\/12\/BOLETIN-01112.jpg\" class=\"attachment-large size-large wp-image-13834\" alt=\"\" srcset=\"https:\/\/prefecturadeesmeraldas.gob.ec\/wp-content\/uploads\/2021\/12\/BOLETIN-01112.jpg 566w, https:\/\/prefecturadeesmeraldas.gob.ec\/wp-content\/uploads\/2021\/12\/BOLETIN-01112-240x240.jpg 240w, https:\/\/prefecturadeesmeraldas.gob.ec\/wp-content\/uploads\/2021\/12\/BOLETIN-01112-150x150.jpg 150w, https:\/\/prefecturadeesmeraldas.gob.ec\/wp-content\/uploads\/2021\/12\/BOLETIN-01112-300x300.jpg 300w\" sizes=\"(max-width: 566px) 100vw, 566px\" \/>\t\t\t\t\t\t\t\t\t\t\t\t\t\t\t<\/div>\n\t\t\t\t<\/div>\n\t\t\t\t\t<\/div>\n\t\t<\/div>\n\t\t\t\t\t<\/div>\n\t\t<\/section>\n\t\t\t\t<section class=\"elementor-section elementor-top-section elementor-element elementor-element-8434902 elementor-section-boxed elementor-section-height-default elementor-section-height-default\" data-id=\"8434902\" data-element_type=\"section\">\n\t\t\t\t\t\t<div class=\"elementor-container elementor-column-gap-default\">\n\t\t\t\t\t<div class=\"elementor-column elementor-col-100 elementor-top-column elementor-element elementor-element-bb1dd81\" data-id=\"bb1dd81\" data-element_type=\"column\">\n\t\t\t<div class=\"elementor-widget-wrap elementor-element-populated\">\n\t\t\t\t\t\t<div class=\"elementor-element elementor-element-bb78bd6 elementor-widget elementor-widget-text-editor\" data-id=\"bb78bd6\" data-element_type=\"widget\" data-widget_type=\"text-editor.default\">\n\t\t\t\t<div class=\"elementor-widget-container\">\n\t\t\t\t\t\t\t\t\t<p>Como complemento al proyecto de rehabilitaci\u00f3n de los 27.5 kil\u00f3metros, de la v\u00eda <strong>Vuelta Larga -Tabiazo \u2013 Carlos Concha<\/strong>, la Prefectura de Esmeraldas construye seis paradas de buses, para beneficiar a los habitantes de estas parroquias rurales, ya que ahora cuentan con una moderna y mejorada carretera.<\/p><p><\/p><p>Con esta obra, se impulsa el desarrollo econ\u00f3mico, social y tur\u00edstico de estas comunidades. Jos\u00e9 G\u00f3mez Endara, residente de obra, dijo que se est\u00e1n ubicando 6 modernas paradas para buses, y con ello se busca proteger del sol y la lluvia a los usuarios de esta mejorada v\u00eda.<\/p><p><\/p><p>Cada una de las estructuras son met\u00e1licas, embellecidas con pintura maderada, que llevar\u00e1n una cubierta de policarbonato, y la base de las banquinas ser\u00e1 de hormig\u00f3n con asientos met\u00e1licos; adem\u00e1s, habr\u00e1 espacios para publicidad.<\/p><p><\/p><p><strong>Manuel Salazar<\/strong>, contratista ejecutor de las estructuras, explic\u00f3 que se construy\u00f3 primero la cimentaci\u00f3n del piso con hormig\u00f3n, luego se procedi\u00f3 a la colocaci\u00f3n de placas, estructura met\u00e1lica de la parada, mientras que la parte superior se ubicar\u00e1 el nombre del barrio o parroquia beneficiada.<\/p><p><\/p><p><strong>J\u00e9ssica Ja\u00e9n Arturo<\/strong>, habitante de la parroquia Tabiazo, se siente contenta por las obras que se est\u00e1n ejecutando en el sector, ya que antes se encontraban en el m\u00e1s completo abandono.\u00a0<\/p><p><\/p><p>Por su parte, <strong>Ernesto Jama y Ram\u00f3n Chila<\/strong>, habitantes de Vuelta Larga, manifestaron que esta obra contribuir\u00e1 a embellecer la v\u00eda y destacaron que, la prefectura de Esmeraldas s\u00ed est\u00e1 trabajando, por ello, felicitan a la prefecta, Roberta Zambrano, ya que es una mujer que ha demostrado estar preocupada por la zona rural.<\/p>\t\t\t\t\t\t\t\t<\/div>\n\t\t\t\t<\/div>\n\t\t\t\t\t<\/div>\n\t\t<\/div>\n\t\t\t\t\t<\/div>\n\t\t<\/section>\n\t\t\t\t<\/div>\n\t\t","protected":false},"excerpt":{"rendered":"<p>Como complemento al proyecto de rehabilitaci\u00f3n de los 27.5 kil\u00f3metros, de la v\u00eda Vuelta Larga -Tabiazo \u2013 Carlos Concha, la Prefectura de Esmeraldas construye seis paradas de buses, para beneficiar a los habitantes de estas parroquias rurales, ya que ahora cuentan con una moderna y mejorada carretera. Con esta obra, se impulsa el desarrollo econ\u00f3mico, [&hellip;]<\/p>\n","protected":false},"author":2,"featured_media":13834,"comment_status":"closed","ping_status":"open","sticky":false,"template":"","format":"standard","meta":{"footnotes":""},"categories":[14],"tags":[],"class_list":["post-13839","post","type-post","status-publish","format-standard","has-post-thumbnail","hentry","category-vialidad"],"yoast_head":"<!-- This site is optimized with the Yoast SEO plugin v25.7 - https:\/\/yoast.com\/wordpress\/plugins\/seo\/ -->\n<title>Prefectura construye paradas de buses en la v\u00eda Vuelta Larga \u2013 Tabiazo \u2013 Carlos Concha. - Gobierno Aut\u00f3nomo Descentralizado de la Provincia de Esmeraldas<\/title>\n<meta name=\"robots\" content=\"index, follow, max-snippet:-1, max-image-preview:large, max-video-preview:-1\" \/>\n<link rel=\"canonical\" href=\"https:\/\/prefecturadeesmeraldas.gob.ec\/index.php\/2021\/12\/06\/prefectura-construye-paradas-de-buses-en-la-via-vuelta-larga-tabiazo-carlos-concha\/\" \/>\n<meta property=\"og:locale\" content=\"es_ES\" \/>\n<meta property=\"og:type\" content=\"article\" \/>\n<meta property=\"og:title\" content=\"Prefectura construye paradas de buses en la v\u00eda Vuelta Larga \u2013 Tabiazo \u2013 Carlos Concha. - Gobierno Aut\u00f3nomo Descentralizado de la Provincia de Esmeraldas\" \/>\n<meta property=\"og:description\" content=\"Como complemento al proyecto de rehabilitaci\u00f3n de los 27.5 kil\u00f3metros, de la v\u00eda Vuelta Larga -Tabiazo \u2013 Carlos Concha, la Prefectura de Esmeraldas construye seis paradas de buses, para beneficiar a los habitantes de estas parroquias rurales, ya que ahora cuentan con una moderna y mejorada carretera. Con esta obra, se impulsa el desarrollo econ\u00f3mico, [&hellip;]\" \/>\n<meta property=\"og:url\" content=\"https:\/\/prefecturadeesmeraldas.gob.ec\/index.php\/2021\/12\/06\/prefectura-construye-paradas-de-buses-en-la-via-vuelta-larga-tabiazo-carlos-concha\/\" \/>\n<meta property=\"og:site_name\" content=\"Gobierno Aut\u00f3nomo Descentralizado de la Provincia de Esmeraldas\" \/>\n<meta property=\"article:publisher\" content=\"https:\/\/www.facebook.com\/PrefecturaEsmeraldas\/\" \/>\n<meta property=\"article:published_time\" content=\"2021-12-06T20:18:41+00:00\" \/>\n<meta property=\"article:modified_time\" content=\"2021-12-06T20:19:36+00:00\" \/>\n<meta property=\"og:image\" content=\"https:\/\/prefecturadeesmeraldas.gob.ec\/wp-content\/uploads\/2021\/12\/BOLETIN-01112.jpg\" \/>\n\t<meta property=\"og:image:width\" content=\"566\" \/>\n\t<meta property=\"og:image:height\" content=\"566\" \/>\n\t<meta property=\"og:image:type\" content=\"image\/jpeg\" \/>\n<meta name=\"author\" content=\"Direcci\u00f3n de Comunicaci\u00f3n\" \/>\n<meta name=\"twitter:card\" content=\"summary_large_image\" \/>\n<meta name=\"twitter:label1\" content=\"Escrito por\" \/>\n\t<meta name=\"twitter:data1\" content=\"Direcci\u00f3n de Comunicaci\u00f3n\" \/>\n\t<meta name=\"twitter:label2\" content=\"Tiempo de lectura\" \/>\n\t<meta name=\"twitter:data2\" content=\"1 minuto\" \/>\n<script type=\"application\/ld+json\" class=\"yoast-schema-graph\">{\"@context\":\"https:\/\/schema.org\",\"@graph\":[{\"@type\":\"Article\",\"@id\":\"https:\/\/prefecturadeesmeraldas.gob.ec\/index.php\/2021\/12\/06\/prefectura-construye-paradas-de-buses-en-la-via-vuelta-larga-tabiazo-carlos-concha\/#article\",\"isPartOf\":{\"@id\":\"https:\/\/prefecturadeesmeraldas.gob.ec\/index.php\/2021\/12\/06\/prefectura-construye-paradas-de-buses-en-la-via-vuelta-larga-tabiazo-carlos-concha\/\"},\"author\":{\"name\":\"Direcci\u00f3n de Comunicaci\u00f3n\",\"@id\":\"https:\/\/prefecturadeesmeraldas.gob.ec\/#\/schema\/person\/b0c9e7b1ead7725994d1e319e8825234\"},\"headline\":\"Prefectura construye paradas de buses en la v\u00eda Vuelta Larga \u2013 Tabiazo \u2013 Carlos Concha.\",\"datePublished\":\"2021-12-06T20:18:41+00:00\",\"dateModified\":\"2021-12-06T20:19:36+00:00\",\"mainEntityOfPage\":{\"@id\":\"https:\/\/prefecturadeesmeraldas.gob.ec\/index.php\/2021\/12\/06\/prefectura-construye-paradas-de-buses-en-la-via-vuelta-larga-tabiazo-carlos-concha\/\"},\"wordCount\":292,\"publisher\":{\"@id\":\"https:\/\/prefecturadeesmeraldas.gob.ec\/#organization\"},\"image\":{\"@id\":\"https:\/\/prefecturadeesmeraldas.gob.ec\/index.php\/2021\/12\/06\/prefectura-construye-paradas-de-buses-en-la-via-vuelta-larga-tabiazo-carlos-concha\/#primaryimage\"},\"thumbnailUrl\":\"https:\/\/prefecturadeesmeraldas.gob.ec\/wp-content\/uploads\/2021\/12\/BOLETIN-01112.jpg\",\"articleSection\":[\"Vialidad\"],\"inLanguage\":\"es\"},{\"@type\":\"WebPage\",\"@id\":\"https:\/\/prefecturadeesmeraldas.gob.ec\/index.php\/2021\/12\/06\/prefectura-construye-paradas-de-buses-en-la-via-vuelta-larga-tabiazo-carlos-concha\/\",\"url\":\"https:\/\/prefecturadeesmeraldas.gob.ec\/index.php\/2021\/12\/06\/prefectura-construye-paradas-de-buses-en-la-via-vuelta-larga-tabiazo-carlos-concha\/\",\"name\":\"Prefectura construye paradas de buses en la v\u00eda Vuelta Larga \u2013 Tabiazo \u2013 Carlos Concha. - Gobierno Aut\u00f3nomo Descentralizado de la Provincia de Esmeraldas\",\"isPartOf\":{\"@id\":\"https:\/\/prefecturadeesmeraldas.gob.ec\/#website\"},\"primaryImageOfPage\":{\"@id\":\"https:\/\/prefecturadeesmeraldas.gob.ec\/index.php\/2021\/12\/06\/prefectura-construye-paradas-de-buses-en-la-via-vuelta-larga-tabiazo-carlos-concha\/#primaryimage\"},\"image\":{\"@id\":\"https:\/\/prefecturadeesmeraldas.gob.ec\/index.php\/2021\/12\/06\/prefectura-construye-paradas-de-buses-en-la-via-vuelta-larga-tabiazo-carlos-concha\/#primaryimage\"},\"thumbnailUrl\":\"https:\/\/prefecturadeesmeraldas.gob.ec\/wp-content\/uploads\/2021\/12\/BOLETIN-01112.jpg\",\"datePublished\":\"2021-12-06T20:18:41+00:00\",\"dateModified\":\"2021-12-06T20:19:36+00:00\",\"breadcrumb\":{\"@id\":\"https:\/\/prefecturadeesmeraldas.gob.ec\/index.php\/2021\/12\/06\/prefectura-construye-paradas-de-buses-en-la-via-vuelta-larga-tabiazo-carlos-concha\/#breadcrumb\"},\"inLanguage\":\"es\",\"potentialAction\":[{\"@type\":\"ReadAction\",\"target\":[\"https:\/\/prefecturadeesmeraldas.gob.ec\/index.php\/2021\/12\/06\/prefectura-construye-paradas-de-buses-en-la-via-vuelta-larga-tabiazo-carlos-concha\/\"]}]},{\"@type\":\"ImageObject\",\"inLanguage\":\"es\",\"@id\":\"https:\/\/prefecturadeesmeraldas.gob.ec\/index.php\/2021\/12\/06\/prefectura-construye-paradas-de-buses-en-la-via-vuelta-larga-tabiazo-carlos-concha\/#primaryimage\",\"url\":\"https:\/\/prefecturadeesmeraldas.gob.ec\/wp-content\/uploads\/2021\/12\/BOLETIN-01112.jpg\",\"contentUrl\":\"https:\/\/prefecturadeesmeraldas.gob.ec\/wp-content\/uploads\/2021\/12\/BOLETIN-01112.jpg\",\"width\":566,\"height\":566},{\"@type\":\"BreadcrumbList\",\"@id\":\"https:\/\/prefecturadeesmeraldas.gob.ec\/index.php\/2021\/12\/06\/prefectura-construye-paradas-de-buses-en-la-via-vuelta-larga-tabiazo-carlos-concha\/#breadcrumb\",\"itemListElement\":[{\"@type\":\"ListItem\",\"position\":1,\"name\":\"Home\",\"item\":\"https:\/\/prefecturadeesmeraldas.gob.ec\/\"},{\"@type\":\"ListItem\",\"position\":2,\"name\":\"Prefectura construye paradas de buses en la v\u00eda Vuelta Larga \u2013 Tabiazo \u2013 Carlos Concha.\"}]},{\"@type\":\"WebSite\",\"@id\":\"https:\/\/prefecturadeesmeraldas.gob.ec\/#website\",\"url\":\"https:\/\/prefecturadeesmeraldas.gob.ec\/\",\"name\":\"Gobierno Aut\u00f3nomo Descentralizado de la Provincia de Esmeraldas\",\"description\":\"Gobierno Aut\u00f3nomo Descentralizado de la Provincia de Esmeraldas\",\"publisher\":{\"@id\":\"https:\/\/prefecturadeesmeraldas.gob.ec\/#organization\"},\"potentialAction\":[{\"@type\":\"SearchAction\",\"target\":{\"@type\":\"EntryPoint\",\"urlTemplate\":\"https:\/\/prefecturadeesmeraldas.gob.ec\/?s={search_term_string}\"},\"query-input\":{\"@type\":\"PropertyValueSpecification\",\"valueRequired\":true,\"valueName\":\"search_term_string\"}}],\"inLanguage\":\"es\"},{\"@type\":\"Organization\",\"@id\":\"https:\/\/prefecturadeesmeraldas.gob.ec\/#organization\",\"name\":\"Gobierno Aut\u00f3nomo Descentralizado de la Provincia de Esmeraldas\",\"url\":\"https:\/\/prefecturadeesmeraldas.gob.ec\/\",\"logo\":{\"@type\":\"ImageObject\",\"inLanguage\":\"es\",\"@id\":\"https:\/\/prefecturadeesmeraldas.gob.ec\/#\/schema\/logo\/image\/\",\"url\":\"https:\/\/prefecturadeesmeraldas.gob.ec\/wp-content\/uploads\/2019\/06\/logo.png\",\"contentUrl\":\"https:\/\/prefecturadeesmeraldas.gob.ec\/wp-content\/uploads\/2019\/06\/logo.png\",\"width\":859,\"height\":448,\"caption\":\"Gobierno Aut\u00f3nomo Descentralizado de la Provincia de Esmeraldas\"},\"image\":{\"@id\":\"https:\/\/prefecturadeesmeraldas.gob.ec\/#\/schema\/logo\/image\/\"},\"sameAs\":[\"https:\/\/www.facebook.com\/PrefecturaEsmeraldas\/\"]},{\"@type\":\"Person\",\"@id\":\"https:\/\/prefecturadeesmeraldas.gob.ec\/#\/schema\/person\/b0c9e7b1ead7725994d1e319e8825234\",\"name\":\"Direcci\u00f3n de Comunicaci\u00f3n\",\"image\":{\"@type\":\"ImageObject\",\"inLanguage\":\"es\",\"@id\":\"https:\/\/prefecturadeesmeraldas.gob.ec\/#\/schema\/person\/image\/\",\"url\":\"https:\/\/secure.gravatar.com\/avatar\/74a3870a946f5d774ade3569af61a72308e07ad3346f370c4b468ee2a9858658?s=96&d=mm&r=g\",\"contentUrl\":\"https:\/\/secure.gravatar.com\/avatar\/74a3870a946f5d774ade3569af61a72308e07ad3346f370c4b468ee2a9858658?s=96&d=mm&r=g\",\"caption\":\"Direcci\u00f3n de Comunicaci\u00f3n\"}}]}<\/script>\n<!-- \/ Yoast SEO plugin. -->","yoast_head_json":{"title":"Prefectura construye paradas de buses en la v\u00eda Vuelta Larga \u2013 Tabiazo \u2013 Carlos Concha. - Gobierno Aut\u00f3nomo Descentralizado de la Provincia de Esmeraldas","robots":{"index":"index","follow":"follow","max-snippet":"max-snippet:-1","max-image-preview":"max-image-preview:large","max-video-preview":"max-video-preview:-1"},"canonical":"https:\/\/prefecturadeesmeraldas.gob.ec\/index.php\/2021\/12\/06\/prefectura-construye-paradas-de-buses-en-la-via-vuelta-larga-tabiazo-carlos-concha\/","og_locale":"es_ES","og_type":"article","og_title":"Prefectura construye paradas de buses en la v\u00eda Vuelta Larga \u2013 Tabiazo \u2013 Carlos Concha. - Gobierno Aut\u00f3nomo Descentralizado de la Provincia de Esmeraldas","og_description":"Como complemento al proyecto de rehabilitaci\u00f3n de los 27.5 kil\u00f3metros, de la v\u00eda Vuelta Larga -Tabiazo \u2013 Carlos Concha, la Prefectura de Esmeraldas construye seis paradas de buses, para beneficiar a los habitantes de estas parroquias rurales, ya que ahora cuentan con una moderna y mejorada carretera. Con esta obra, se impulsa el desarrollo econ\u00f3mico, [&hellip;]","og_url":"https:\/\/prefecturadeesmeraldas.gob.ec\/index.php\/2021\/12\/06\/prefectura-construye-paradas-de-buses-en-la-via-vuelta-larga-tabiazo-carlos-concha\/","og_site_name":"Gobierno Aut\u00f3nomo Descentralizado de la Provincia de Esmeraldas","article_publisher":"https:\/\/www.facebook.com\/PrefecturaEsmeraldas\/","article_published_time":"2021-12-06T20:18:41+00:00","article_modified_time":"2021-12-06T20:19:36+00:00","og_image":[{"width":566,"height":566,"url":"https:\/\/prefecturadeesmeraldas.gob.ec\/wp-content\/uploads\/2021\/12\/BOLETIN-01112.jpg","type":"image\/jpeg"}],"author":"Direcci\u00f3n de Comunicaci\u00f3n","twitter_card":"summary_large_image","twitter_misc":{"Escrito por":"Direcci\u00f3n de Comunicaci\u00f3n","Tiempo de lectura":"1 minuto"},"schema":{"@context":"https:\/\/schema.org","@graph":[{"@type":"Article","@id":"https:\/\/prefecturadeesmeraldas.gob.ec\/index.php\/2021\/12\/06\/prefectura-construye-paradas-de-buses-en-la-via-vuelta-larga-tabiazo-carlos-concha\/#article","isPartOf":{"@id":"https:\/\/prefecturadeesmeraldas.gob.ec\/index.php\/2021\/12\/06\/prefectura-construye-paradas-de-buses-en-la-via-vuelta-larga-tabiazo-carlos-concha\/"},"author":{"name":"Direcci\u00f3n de Comunicaci\u00f3n","@id":"https:\/\/prefecturadeesmeraldas.gob.ec\/#\/schema\/person\/b0c9e7b1ead7725994d1e319e8825234"},"headline":"Prefectura construye paradas de buses en la v\u00eda Vuelta Larga \u2013 Tabiazo \u2013 Carlos Concha.","datePublished":"2021-12-06T20:18:41+00:00","dateModified":"2021-12-06T20:19:36+00:00","mainEntityOfPage":{"@id":"https:\/\/prefecturadeesmeraldas.gob.ec\/index.php\/2021\/12\/06\/prefectura-construye-paradas-de-buses-en-la-via-vuelta-larga-tabiazo-carlos-concha\/"},"wordCount":292,"publisher":{"@id":"https:\/\/prefecturadeesmeraldas.gob.ec\/#organization"},"image":{"@id":"https:\/\/prefecturadeesmeraldas.gob.ec\/index.php\/2021\/12\/06\/prefectura-construye-paradas-de-buses-en-la-via-vuelta-larga-tabiazo-carlos-concha\/#primaryimage"},"thumbnailUrl":"https:\/\/prefecturadeesmeraldas.gob.ec\/wp-content\/uploads\/2021\/12\/BOLETIN-01112.jpg","articleSection":["Vialidad"],"inLanguage":"es"},{"@type":"WebPage","@id":"https:\/\/prefecturadeesmeraldas.gob.ec\/index.php\/2021\/12\/06\/prefectura-construye-paradas-de-buses-en-la-via-vuelta-larga-tabiazo-carlos-concha\/","url":"https:\/\/prefecturadeesmeraldas.gob.ec\/index.php\/2021\/12\/06\/prefectura-construye-paradas-de-buses-en-la-via-vuelta-larga-tabiazo-carlos-concha\/","name":"Prefectura construye paradas de buses en la v\u00eda Vuelta Larga \u2013 Tabiazo \u2013 Carlos Concha. - Gobierno Aut\u00f3nomo Descentralizado de la Provincia de Esmeraldas","isPartOf":{"@id":"https:\/\/prefecturadeesmeraldas.gob.ec\/#website"},"primaryImageOfPage":{"@id":"https:\/\/prefecturadeesmeraldas.gob.ec\/index.php\/2021\/12\/06\/prefectura-construye-paradas-de-buses-en-la-via-vuelta-larga-tabiazo-carlos-concha\/#primaryimage"},"image":{"@id":"https:\/\/prefecturadeesmeraldas.gob.ec\/index.php\/2021\/12\/06\/prefectura-construye-paradas-de-buses-en-la-via-vuelta-larga-tabiazo-carlos-concha\/#primaryimage"},"thumbnailUrl":"https:\/\/prefecturadeesmeraldas.gob.ec\/wp-content\/uploads\/2021\/12\/BOLETIN-01112.jpg","datePublished":"2021-12-06T20:18:41+00:00","dateModified":"2021-12-06T20:19:36+00:00","breadcrumb":{"@id":"https:\/\/prefecturadeesmeraldas.gob.ec\/index.php\/2021\/12\/06\/prefectura-construye-paradas-de-buses-en-la-via-vuelta-larga-tabiazo-carlos-concha\/#breadcrumb"},"inLanguage":"es","potentialAction":[{"@type":"ReadAction","target":["https:\/\/prefecturadeesmeraldas.gob.ec\/index.php\/2021\/12\/06\/prefectura-construye-paradas-de-buses-en-la-via-vuelta-larga-tabiazo-carlos-concha\/"]}]},{"@type":"ImageObject","inLanguage":"es","@id":"https:\/\/prefecturadeesmeraldas.gob.ec\/index.php\/2021\/12\/06\/prefectura-construye-paradas-de-buses-en-la-via-vuelta-larga-tabiazo-carlos-concha\/#primaryimage","url":"https:\/\/prefecturadeesmeraldas.gob.ec\/wp-content\/uploads\/2021\/12\/BOLETIN-01112.jpg","contentUrl":"https:\/\/prefecturadeesmeraldas.gob.ec\/wp-content\/uploads\/2021\/12\/BOLETIN-01112.jpg","width":566,"height":566},{"@type":"BreadcrumbList","@id":"https:\/\/prefecturadeesmeraldas.gob.ec\/index.php\/2021\/12\/06\/prefectura-construye-paradas-de-buses-en-la-via-vuelta-larga-tabiazo-carlos-concha\/#breadcrumb","itemListElement":[{"@type":"ListItem","position":1,"name":"Home","item":"https:\/\/prefecturadeesmeraldas.gob.ec\/"},{"@type":"ListItem","position":2,"name":"Prefectura construye paradas de buses en la v\u00eda Vuelta Larga \u2013 Tabiazo \u2013 Carlos Concha."}]},{"@type":"WebSite","@id":"https:\/\/prefecturadeesmeraldas.gob.ec\/#website","url":"https:\/\/prefecturadeesmeraldas.gob.ec\/","name":"Gobierno Aut\u00f3nomo Descentralizado de la Provincia de Esmeraldas","description":"Gobierno Aut\u00f3nomo Descentralizado de la Provincia de Esmeraldas","publisher":{"@id":"https:\/\/prefecturadeesmeraldas.gob.ec\/#organization"},"potentialAction":[{"@type":"SearchAction","target":{"@type":"EntryPoint","urlTemplate":"https:\/\/prefecturadeesmeraldas.gob.ec\/?s={search_term_string}"},"query-input":{"@type":"PropertyValueSpecification","valueRequired":true,"valueName":"search_term_string"}}],"inLanguage":"es"},{"@type":"Organization","@id":"https:\/\/prefecturadeesmeraldas.gob.ec\/#organization","name":"Gobierno Aut\u00f3nomo Descentralizado de la Provincia de Esmeraldas","url":"https:\/\/prefecturadeesmeraldas.gob.ec\/","logo":{"@type":"ImageObject","inLanguage":"es","@id":"https:\/\/prefecturadeesmeraldas.gob.ec\/#\/schema\/logo\/image\/","url":"https:\/\/prefecturadeesmeraldas.gob.ec\/wp-content\/uploads\/2019\/06\/logo.png","contentUrl":"https:\/\/prefecturadeesmeraldas.gob.ec\/wp-content\/uploads\/2019\/06\/logo.png","width":859,"height":448,"caption":"Gobierno Aut\u00f3nomo Descentralizado de la Provincia de Esmeraldas"},"image":{"@id":"https:\/\/prefecturadeesmeraldas.gob.ec\/#\/schema\/logo\/image\/"},"sameAs":["https:\/\/www.facebook.com\/PrefecturaEsmeraldas\/"]},{"@type":"Person","@id":"https:\/\/prefecturadeesmeraldas.gob.ec\/#\/schema\/person\/b0c9e7b1ead7725994d1e319e8825234","name":"Direcci\u00f3n de Comunicaci\u00f3n","image":{"@type":"ImageObject","inLanguage":"es","@id":"https:\/\/prefecturadeesmeraldas.gob.ec\/#\/schema\/person\/image\/","url":"https:\/\/secure.gravatar.com\/avatar\/74a3870a946f5d774ade3569af61a72308e07ad3346f370c4b468ee2a9858658?s=96&d=mm&r=g","contentUrl":"https:\/\/secure.gravatar.com\/avatar\/74a3870a946f5d774ade3569af61a72308e07ad3346f370c4b468ee2a9858658?s=96&d=mm&r=g","caption":"Direcci\u00f3n de Comunicaci\u00f3n"}}]}},"_links":{"self":[{"href":"https:\/\/prefecturadeesmeraldas.gob.ec\/index.php\/wp-json\/wp\/v2\/posts\/13839","targetHints":{"allow":["GET"]}}],"collection":[{"href":"https:\/\/prefecturadeesmeraldas.gob.ec\/index.php\/wp-json\/wp\/v2\/posts"}],"about":[{"href":"https:\/\/prefecturadeesmeraldas.gob.ec\/index.php\/wp-json\/wp\/v2\/types\/post"}],"author":[{"embeddable":true,"href":"https:\/\/prefecturadeesmeraldas.gob.ec\/index.php\/wp-json\/wp\/v2\/users\/2"}],"replies":[{"embeddable":true,"href":"https:\/\/prefecturadeesmeraldas.gob.ec\/index.php\/wp-json\/wp\/v2\/comments?post=13839"}],"version-history":[{"count":0,"href":"https:\/\/prefecturadeesmeraldas.gob.ec\/index.php\/wp-json\/wp\/v2\/posts\/13839\/revisions"}],"wp:featuredmedia":[{"embeddable":true,"href":"https:\/\/prefecturadeesmeraldas.gob.ec\/index.php\/wp-json\/wp\/v2\/media\/13834"}],"wp:attachment":[{"href":"https:\/\/prefecturadeesmeraldas.gob.ec\/index.php\/wp-json\/wp\/v2\/media?parent=13839"}],"wp:term":[{"taxonomy":"category","embeddable":true,"href":"https:\/\/prefecturadeesmeraldas.gob.ec\/index.php\/wp-json\/wp\/v2\/categories?post=13839"},{"taxonomy":"post_tag","embeddable":true,"href":"https:\/\/prefecturadeesmeraldas.gob.ec\/index.php\/wp-json\/wp\/v2\/tags?post=13839"}],"curies":[{"name":"wp","href":"https:\/\/api.w.org\/{rel}","templated":true}]}}